{"id":2791,"date":"2023-02-06T11:33:33","date_gmt":"2023-02-06T10:33:33","guid":{"rendered":"https:\/\/www.osjenka.si\/ps-gorice\/?p=2791"},"modified":"2023-02-06T11:33:33","modified_gmt":"2023-02-06T10:33:33","slug":"prireditev-ob-kulturnem-prazniku","status":"publish","type":"post","link":"https:\/\/www.osjenka.si\/ps-gorice\/2023\/02\/06\/prireditev-ob-kulturnem-prazniku\/","title":{"rendered":"Prireditev ob kulturnem prazniku"},"content":{"rendered":"<p style=\"text-align: center\"><em>\u201c<strong>V zadrego me je spravil na\u0161 Jura,<\/strong><\/em><br \/>\n<strong><em>ko me je vpra\u0161al, kaj je kultura.<\/em><\/strong><\/p>\n<p style=\"text-align: center\"><strong><em>Kultura je sladoled in da nanj v vrsti po\u010daka\u0161,<\/em><\/strong><br \/>\n<strong><em>kultura je kahla in da v njo se pokaka\u0161.<\/em><\/strong><br \/>\n<strong><em>Je limonada in da po\u010dasi jo pije\u0161,<\/em><\/strong><br \/>\n<strong><em>in je igra\u010dka, dokler je ne razbije\u0161.<\/em><\/strong><br \/>\n<strong><em>Kultura je knjiga in da jo vzame\u0161 v roke,<\/em><\/strong><br \/>\n<strong><em>in je pe\u0161\u010deni grad, dokler se ne podre.<\/em><\/strong><\/p>\n<p style=\"text-align: center\"><strong><em>Kultura je tudi, \u010de kaj pojasniti sku\u0161a\u0161,<\/em><\/strong><br \/>\n<strong><em>in kulturen si ti, ker me poslu\u0161a\u0161.\u201d<\/em><\/strong><\/p>\n<p style=\"text-align: center\"><strong>(Sre\u010dko Niedorfer)<\/strong><\/p>\n<p>&nbsp;<\/p>\n<p>U\u010denci P\u0160 Gori\u010de so pod vodstvom u\u010diteljice Mirjam Remic pripravili prireditev ob kulturnem prazniku &#8211; 8. februarju. To leto je praznik med po\u010ditnicami, zato smo v zadnjem dnevu pred po\u010ditnicami namenili eno uro na\u0161emu najve\u010djemu pesniku Francetu Pre\u0161ernu in kulturi.<\/p>\n<p>U\u010denci so se predstavili z igranjem na instrument, \u010detrto\u0161olki s svojo pesnitvijo, peto\u0161olca pa sta odigrala prizor\u010dek iz Pre\u0161ernovega \u017eivljenja. Nastop so popestrile tudi plesalke \u010detrtega razreda in zbor\u010dek s pesmijo Sre\u010da na vrvici.<\/p>\n<p>Ob koncu prireditve so se u\u010denci lahko posladkali s \u010dokoladnimi figami, ki jih je delil &#8220;na\u0161 Pre\u0161eren&#8221;.<\/p>\n<p>Prireditev sta vodila Ma\u0161a in Gaber.<\/p>\n<p>Nekaj foto utrinkov s prireditve:<\/p>\n<p><img decoding=\"async\" class=\"lazyload alignnone wp-image-2792 aligncenter\" src=\"https:\/\/www.osjenka.si\/ps-gorice\/wp-content\/uploads\/sites\/2\/2023\/02\/IMG_20230203_111617-300x224.jpg\" data-orig-src=\"https:\/\/www.osjenka.si\/ps-gorice\/wp-content\/uploads\/sites\/2\/2023\/02\/IMG_20230203_111617-300x224.jpg\" alt=\"\" width=\"595\" height=\"444\" srcset=\"data:image\/svg+xml,%3Csvg%20xmlns%3D%27http%3A%2F%2Fwww.w3.org%2F2000%2Fsvg%27%20width%3D%27595%27%20height%3D%27444%27%20viewBox%3D%270%200%20595%20444%27%3E%3Crect%20width%3D%27595%27%20height%3D%27444%27%20fill-opacity%3D%220%22%2F%3E%3C%2Fsvg%3E\" data-srcset=\"https:\/\/www.osjenka.si\/ps-gorice\/wp-content\/uploads\/sites\/2\/2023\/02\/IMG_20230203_111617-200x150.jpg 200w, https:\/\/www.osjenka.si\/ps-gorice\/wp-content\/uploads\/sites\/2\/2023\/02\/IMG_20230203_111617-300x224.jpg 300w, https:\/\/www.osjenka.si\/ps-gorice\/wp-content\/uploads\/sites\/2\/2023\/02\/IMG_20230203_111617-400x299.jpg 400w, https:\/\/www.osjenka.si\/ps-gorice\/wp-content\/uploads\/sites\/2\/2023\/02\/IMG_20230203_111617-600x449.jpg 600w, https:\/\/www.osjenka.si\/ps-gorice\/wp-content\/uploads\/sites\/2\/2023\/02\/IMG_20230203_111617-768x574.jpg 768w, https:\/\/www.osjenka.si\/ps-gorice\/wp-content\/uploads\/sites\/2\/2023\/02\/IMG_20230203_111617-800x598.jpg 800w, https:\/\/www.osjenka.si\/ps-gorice\/wp-content\/uploads\/sites\/2\/2023\/02\/IMG_20230203_111617-1024x766.jpg 1024w, https:\/\/www.osjenka.si\/ps-gorice\/wp-content\/uploads\/sites\/2\/2023\/02\/IMG_20230203_111617-1200x898.jpg 1200w, https:\/\/www.osjenka.si\/ps-gorice\/wp-content\/uploads\/sites\/2\/2023\/02\/IMG_20230203_111617-1536x1149.jpg 1536w, https:\/\/www.osjenka.si\/ps-gorice\/wp-content\/uploads\/sites\/2\/2023\/02\/IMG_20230203_111617.jpg 1920w\" data-sizes=\"auto\" data-orig-sizes=\"(max-width: 595px) 100vw, 595px\" \/><\/p>\n<p><img decoding=\"async\" class=\"lazyload alignnone wp-image-2793 aligncenter\" src=\"https:\/\/www.osjenka.si\/ps-gorice\/wp-content\/uploads\/sites\/2\/2023\/02\/IMG_20230203_111703-300x224.jpg\" data-orig-src=\"https:\/\/www.osjenka.si\/ps-gorice\/wp-content\/uploads\/sites\/2\/2023\/02\/IMG_20230203_111703-300x224.jpg\" alt=\"\" width=\"594\" height=\"443\" srcset=\"data:image\/svg+xml,%3Csvg%20xmlns%3D%27http%3A%2F%2Fwww.w3.org%2F2000%2Fsvg%27%20width%3D%27594%27%20height%3D%27443%27%20viewBox%3D%270%200%20594%20443%27%3E%3Crect%20width%3D%27594%27%20height%3D%27443%27%20fill-opacity%3D%220%22%2F%3E%3C%2Fsvg%3E\" data-srcset=\"https:\/\/www.osjenka.si\/ps-gorice\/wp-content\/uploads\/sites\/2\/2023\/02\/IMG_20230203_111703-200x150.jpg 200w, https:\/\/www.osjenka.si\/ps-gorice\/wp-content\/uploads\/sites\/2\/2023\/02\/IMG_20230203_111703-300x224.jpg 300w, https:\/\/www.osjenka.si\/ps-gorice\/wp-content\/uploads\/sites\/2\/2023\/02\/IMG_20230203_111703-400x299.jpg 400w, https:\/\/www.osjenka.si\/ps-gorice\/wp-content\/uploads\/sites\/2\/2023\/02\/IMG_20230203_111703-768x574.jpg 768w, https:\/\/www.osjenka.si\/ps-gorice\/wp-content\/uploads\/sites\/2\/2023\/02\/IMG_20230203_111703-800x598.jpg 800w, https:\/\/www.osjenka.si\/ps-gorice\/wp-content\/uploads\/sites\/2\/2023\/02\/IMG_20230203_111703-1024x766.jpg 1024w, https:\/\/www.osjenka.si\/ps-gorice\/wp-content\/uploads\/sites\/2\/2023\/02\/IMG_20230203_111703-1536x1149.jpg 1536w, https:\/\/www.osjenka.si\/ps-gorice\/wp-content\/uploads\/sites\/2\/2023\/02\/IMG_20230203_111703.jpg 1920w\" data-sizes=\"auto\" data-orig-sizes=\"(max-width: 594px) 100vw, 594px\" \/><\/p>\n<p><img decoding=\"async\" class=\"lazyload alignnone wp-image-2794 aligncenter\" src=\"https:\/\/www.osjenka.si\/ps-gorice\/wp-content\/uploads\/sites\/2\/2023\/02\/IMG_20230203_112151-224x300.jpg\" data-orig-src=\"https:\/\/www.osjenka.si\/ps-gorice\/wp-content\/uploads\/sites\/2\/2023\/02\/IMG_20230203_112151-224x300.jpg\" alt=\"\" width=\"387\" height=\"519\" srcset=\"data:image\/svg+xml,%3Csvg%20xmlns%3D%27http%3A%2F%2Fwww.w3.org%2F2000%2Fsvg%27%20width%3D%27387%27%20height%3D%27519%27%20viewBox%3D%270%200%20387%20519%27%3E%3Crect%20width%3D%27387%27%20height%3D%27519%27%20fill-opacity%3D%220%22%2F%3E%3C%2Fsvg%3E\" data-srcset=\"https:\/\/www.osjenka.si\/ps-gorice\/wp-content\/uploads\/sites\/2\/2023\/02\/IMG_20230203_112151-200x267.jpg 200w, https:\/\/www.osjenka.si\/ps-gorice\/wp-content\/uploads\/sites\/2\/2023\/02\/IMG_20230203_112151-224x300.jpg 224w, https:\/\/www.osjenka.si\/ps-gorice\/wp-content\/uploads\/sites\/2\/2023\/02\/IMG_20230203_112151-400x535.jpg 400w, https:\/\/www.osjenka.si\/ps-gorice\/wp-content\/uploads\/sites\/2\/2023\/02\/IMG_20230203_112151-768x1027.jpg 768w, https:\/\/www.osjenka.si\/ps-gorice\/wp-content\/uploads\/sites\/2\/2023\/02\/IMG_20230203_112151-800x1070.jpg 800w\" data-sizes=\"auto\" data-orig-sizes=\"(max-width: 387px) 100vw, 387px\" \/>\u00a0 \u00a0 \u00a0 <img decoding=\"async\" class=\"lazyload alignnone wp-image-2795 aligncenter\" src=\"https:\/\/www.osjenka.si\/ps-gorice\/wp-content\/uploads\/sites\/2\/2023\/02\/IMG_20230203_112517-224x300.jpg\" data-orig-src=\"https:\/\/www.osjenka.si\/ps-gorice\/wp-content\/uploads\/sites\/2\/2023\/02\/IMG_20230203_112517-224x300.jpg\" alt=\"\" width=\"402\" height=\"539\" srcset=\"data:image\/svg+xml,%3Csvg%20xmlns%3D%27http%3A%2F%2Fwww.w3.org%2F2000%2Fsvg%27%20width%3D%27402%27%20height%3D%27539%27%20viewBox%3D%270%200%20402%20539%27%3E%3Crect%20width%3D%27402%27%20height%3D%27539%27%20fill-opacity%3D%220%22%2F%3E%3C%2Fsvg%3E\" data-srcset=\"https:\/\/www.osjenka.si\/ps-gorice\/wp-content\/uploads\/sites\/2\/2023\/02\/IMG_20230203_112517-200x267.jpg 200w, https:\/\/www.osjenka.si\/ps-gorice\/wp-content\/uploads\/sites\/2\/2023\/02\/IMG_20230203_112517-224x300.jpg 224w, https:\/\/www.osjenka.si\/ps-gorice\/wp-content\/uploads\/sites\/2\/2023\/02\/IMG_20230203_112517-400x535.jpg 400w, https:\/\/www.osjenka.si\/ps-gorice\/wp-content\/uploads\/sites\/2\/2023\/02\/IMG_20230203_112517-768x1027.jpg 768w, https:\/\/www.osjenka.si\/ps-gorice\/wp-content\/uploads\/sites\/2\/2023\/02\/IMG_20230203_112517-800x1070.jpg 800w\" data-sizes=\"auto\" data-orig-sizes=\"(max-width: 402px) 100vw, 402px\" \/><\/p>\n<p><img decoding=\"async\" class=\"lazyload alignnone wp-image-2796 aligncenter\" src=\"https:\/\/www.osjenka.si\/ps-gorice\/wp-content\/uploads\/sites\/2\/2023\/02\/IMG_20230203_112712-224x300.jpg\" data-orig-src=\"https:\/\/www.osjenka.si\/ps-gorice\/wp-content\/uploads\/sites\/2\/2023\/02\/IMG_20230203_112712-224x300.jpg\" alt=\"\" width=\"397\" height=\"532\" srcset=\"data:image\/svg+xml,%3Csvg%20xmlns%3D%27http%3A%2F%2Fwww.w3.org%2F2000%2Fsvg%27%20width%3D%27397%27%20height%3D%27532%27%20viewBox%3D%270%200%20397%20532%27%3E%3Crect%20width%3D%27397%27%20height%3D%27532%27%20fill-opacity%3D%220%22%2F%3E%3C%2Fsvg%3E\" data-srcset=\"https:\/\/www.osjenka.si\/ps-gorice\/wp-content\/uploads\/sites\/2\/2023\/02\/IMG_20230203_112712-200x267.jpg 200w, https:\/\/www.osjenka.si\/ps-gorice\/wp-content\/uploads\/sites\/2\/2023\/02\/IMG_20230203_112712-224x300.jpg 224w, https:\/\/www.osjenka.si\/ps-gorice\/wp-content\/uploads\/sites\/2\/2023\/02\/IMG_20230203_112712-400x535.jpg 400w, https:\/\/www.osjenka.si\/ps-gorice\/wp-content\/uploads\/sites\/2\/2023\/02\/IMG_20230203_112712-600x802.jpg 600w, https:\/\/www.osjenka.si\/ps-gorice\/wp-content\/uploads\/sites\/2\/2023\/02\/IMG_20230203_112712-766x1024.jpg 766w, https:\/\/www.osjenka.si\/ps-gorice\/wp-content\/uploads\/sites\/2\/2023\/02\/IMG_20230203_112712-768x1027.jpg 768w, https:\/\/www.osjenka.si\/ps-gorice\/wp-content\/uploads\/sites\/2\/2023\/02\/IMG_20230203_112712-800x1070.jpg 800w, https:\/\/www.osjenka.si\/ps-gorice\/wp-content\/uploads\/sites\/2\/2023\/02\/IMG_20230203_112712-1149x1536.jpg 1149w, https:\/\/www.osjenka.si\/ps-gorice\/wp-content\/uploads\/sites\/2\/2023\/02\/IMG_20230203_112712-1200x1604.jpg 1200w, https:\/\/www.osjenka.si\/ps-gorice\/wp-content\/uploads\/sites\/2\/2023\/02\/IMG_20230203_112712.jpg 1436w\" data-sizes=\"auto\" data-orig-sizes=\"(max-width: 397px) 100vw, 397px\" \/><\/p>\n<p><img decoding=\"async\" class=\"lazyload alignnone wp-image-2797 aligncenter\" src=\"https:\/\/www.osjenka.si\/ps-gorice\/wp-content\/uploads\/sites\/2\/2023\/02\/IMG_20230203_112820-224x300.jpg\" data-orig-src=\"https:\/\/www.osjenka.si\/ps-gorice\/wp-content\/uploads\/sites\/2\/2023\/02\/IMG_20230203_112820-224x300.jpg\" alt=\"\" width=\"394\" height=\"528\" srcset=\"data:image\/svg+xml,%3Csvg%20xmlns%3D%27http%3A%2F%2Fwww.w3.org%2F2000%2Fsvg%27%20width%3D%27394%27%20height%3D%27528%27%20viewBox%3D%270%200%20394%20528%27%3E%3Crect%20width%3D%27394%27%20height%3D%27528%27%20fill-opacity%3D%220%22%2F%3E%3C%2Fsvg%3E\" data-srcset=\"https:\/\/www.osjenka.si\/ps-gorice\/wp-content\/uploads\/sites\/2\/2023\/02\/IMG_20230203_112820-200x267.jpg 200w, https:\/\/www.osjenka.si\/ps-gorice\/wp-content\/uploads\/sites\/2\/2023\/02\/IMG_20230203_112820-224x300.jpg 224w, https:\/\/www.osjenka.si\/ps-gorice\/wp-content\/uploads\/sites\/2\/2023\/02\/IMG_20230203_112820-400x535.jpg 400w, https:\/\/www.osjenka.si\/ps-gorice\/wp-content\/uploads\/sites\/2\/2023\/02\/IMG_20230203_112820-600x802.jpg 600w, https:\/\/www.osjenka.si\/ps-gorice\/wp-content\/uploads\/sites\/2\/2023\/02\/IMG_20230203_112820-766x1024.jpg 766w, https:\/\/www.osjenka.si\/ps-gorice\/wp-content\/uploads\/sites\/2\/2023\/02\/IMG_20230203_112820-768x1027.jpg 768w, https:\/\/www.osjenka.si\/ps-gorice\/wp-content\/uploads\/sites\/2\/2023\/02\/IMG_20230203_112820-800x1070.jpg 800w, https:\/\/www.osjenka.si\/ps-gorice\/wp-content\/uploads\/sites\/2\/2023\/02\/IMG_20230203_112820-1149x1536.jpg 1149w, https:\/\/www.osjenka.si\/ps-gorice\/wp-content\/uploads\/sites\/2\/2023\/02\/IMG_20230203_112820-1200x1604.jpg 1200w, https:\/\/www.osjenka.si\/ps-gorice\/wp-content\/uploads\/sites\/2\/2023\/02\/IMG_20230203_112820.jpg 1436w\" data-sizes=\"auto\" data-orig-sizes=\"(max-width: 394px) 100vw, 394px\" \/><\/p>\n<p>&nbsp;<\/p>\n<p><img decoding=\"async\" class=\"lazyload alignnone wp-image-2798 aligncenter\" src=\"https:\/\/www.osjenka.si\/ps-gorice\/wp-content\/uploads\/sites\/2\/2023\/02\/IMG_20230203_113225-300x224.jpg\" data-orig-src=\"https:\/\/www.osjenka.si\/ps-gorice\/wp-content\/uploads\/sites\/2\/2023\/02\/IMG_20230203_113225-300x224.jpg\" alt=\"\" width=\"520\" height=\"388\" srcset=\"data:image\/svg+xml,%3Csvg%20xmlns%3D%27http%3A%2F%2Fwww.w3.org%2F2000%2Fsvg%27%20width%3D%27520%27%20height%3D%27388%27%20viewBox%3D%270%200%20520%20388%27%3E%3Crect%20width%3D%27520%27%20height%3D%27388%27%20fill-opacity%3D%220%22%2F%3E%3C%2Fsvg%3E\" data-srcset=\"https:\/\/www.osjenka.si\/ps-gorice\/wp-content\/uploads\/sites\/2\/2023\/02\/IMG_20230203_113225-200x150.jpg 200w, https:\/\/www.osjenka.si\/ps-gorice\/wp-content\/uploads\/sites\/2\/2023\/02\/IMG_20230203_113225-300x224.jpg 300w, https:\/\/www.osjenka.si\/ps-gorice\/wp-content\/uploads\/sites\/2\/2023\/02\/IMG_20230203_113225-400x299.jpg 400w, https:\/\/www.osjenka.si\/ps-gorice\/wp-content\/uploads\/sites\/2\/2023\/02\/IMG_20230203_113225-600x449.jpg 600w, https:\/\/www.osjenka.si\/ps-gorice\/wp-content\/uploads\/sites\/2\/2023\/02\/IMG_20230203_113225-768x574.jpg 768w, https:\/\/www.osjenka.si\/ps-gorice\/wp-content\/uploads\/sites\/2\/2023\/02\/IMG_20230203_113225-800x598.jpg 800w, https:\/\/www.osjenka.si\/ps-gorice\/wp-content\/uploads\/sites\/2\/2023\/02\/IMG_20230203_113225-1024x766.jpg 1024w, https:\/\/www.osjenka.si\/ps-gorice\/wp-content\/uploads\/sites\/2\/2023\/02\/IMG_20230203_113225-1200x898.jpg 1200w, https:\/\/www.osjenka.si\/ps-gorice\/wp-content\/uploads\/sites\/2\/2023\/02\/IMG_20230203_113225-1536x1149.jpg 1536w, https:\/\/www.osjenka.si\/ps-gorice\/wp-content\/uploads\/sites\/2\/2023\/02\/IMG_20230203_113225.jpg 1920w\" data-sizes=\"auto\" data-orig-sizes=\"(max-width: 520px) 100vw, 520px\" \/><\/p>\n<p><img decoding=\"async\" class=\"lazyload alignnone wp-image-2799 aligncenter\" src=\"https:\/\/www.osjenka.si\/ps-gorice\/wp-content\/uploads\/sites\/2\/2023\/02\/IMG_20230203_113547-224x300.jpg\" data-orig-src=\"https:\/\/www.osjenka.si\/ps-gorice\/wp-content\/uploads\/sites\/2\/2023\/02\/IMG_20230203_113547-224x300.jpg\" alt=\"\" width=\"369\" height=\"494\" srcset=\"data:image\/svg+xml,%3Csvg%20xmlns%3D%27http%3A%2F%2Fwww.w3.org%2F2000%2Fsvg%27%20width%3D%27369%27%20height%3D%27494%27%20viewBox%3D%270%200%20369%20494%27%3E%3Crect%20width%3D%27369%27%20height%3D%27494%27%20fill-opacity%3D%220%22%2F%3E%3C%2Fsvg%3E\" data-srcset=\"https:\/\/www.osjenka.si\/ps-gorice\/wp-content\/uploads\/sites\/2\/2023\/02\/IMG_20230203_113547-200x267.jpg 200w, https:\/\/www.osjenka.si\/ps-gorice\/wp-content\/uploads\/sites\/2\/2023\/02\/IMG_20230203_113547-224x300.jpg 224w, https:\/\/www.osjenka.si\/ps-gorice\/wp-content\/uploads\/sites\/2\/2023\/02\/IMG_20230203_113547-400x535.jpg 400w, https:\/\/www.osjenka.si\/ps-gorice\/wp-content\/uploads\/sites\/2\/2023\/02\/IMG_20230203_113547-600x802.jpg 600w, https:\/\/www.osjenka.si\/ps-gorice\/wp-content\/uploads\/sites\/2\/2023\/02\/IMG_20230203_113547-766x1024.jpg 766w, https:\/\/www.osjenka.si\/ps-gorice\/wp-content\/uploads\/sites\/2\/2023\/02\/IMG_20230203_113547-768x1027.jpg 768w, https:\/\/www.osjenka.si\/ps-gorice\/wp-content\/uploads\/sites\/2\/2023\/02\/IMG_20230203_113547-800x1070.jpg 800w, https:\/\/www.osjenka.si\/ps-gorice\/wp-content\/uploads\/sites\/2\/2023\/02\/IMG_20230203_113547-1149x1536.jpg 1149w, https:\/\/www.osjenka.si\/ps-gorice\/wp-content\/uploads\/sites\/2\/2023\/02\/IMG_20230203_113547-1200x1604.jpg 1200w, https:\/\/www.osjenka.si\/ps-gorice\/wp-content\/uploads\/sites\/2\/2023\/02\/IMG_20230203_113547.jpg 1436w\" data-sizes=\"auto\" data-orig-sizes=\"(max-width: 369px) 100vw, 369px\" \/><\/p>\n<p><img decoding=\"async\" class=\"lazyload alignnone wp-image-2800 aligncenter\" src=\"https:\/\/www.osjenka.si\/ps-gorice\/wp-content\/uploads\/sites\/2\/2023\/02\/IMG_20230203_113650-224x300.jpg\" data-orig-src=\"https:\/\/www.osjenka.si\/ps-gorice\/wp-content\/uploads\/sites\/2\/2023\/02\/IMG_20230203_113650-224x300.jpg\" alt=\"\" width=\"374\" height=\"501\" srcset=\"data:image\/svg+xml,%3Csvg%20xmlns%3D%27http%3A%2F%2Fwww.w3.org%2F2000%2Fsvg%27%20width%3D%27374%27%20height%3D%27501%27%20viewBox%3D%270%200%20374%20501%27%3E%3Crect%20width%3D%27374%27%20height%3D%27501%27%20fill-opacity%3D%220%22%2F%3E%3C%2Fsvg%3E\" data-srcset=\"https:\/\/www.osjenka.si\/ps-gorice\/wp-content\/uploads\/sites\/2\/2023\/02\/IMG_20230203_113650-200x267.jpg 200w, https:\/\/www.osjenka.si\/ps-gorice\/wp-content\/uploads\/sites\/2\/2023\/02\/IMG_20230203_113650-224x300.jpg 224w, https:\/\/www.osjenka.si\/ps-gorice\/wp-content\/uploads\/sites\/2\/2023\/02\/IMG_20230203_113650-400x535.jpg 400w, https:\/\/www.osjenka.si\/ps-gorice\/wp-content\/uploads\/sites\/2\/2023\/02\/IMG_20230203_113650-600x802.jpg 600w, https:\/\/www.osjenka.si\/ps-gorice\/wp-content\/uploads\/sites\/2\/2023\/02\/IMG_20230203_113650-766x1024.jpg 766w, https:\/\/www.osjenka.si\/ps-gorice\/wp-content\/uploads\/sites\/2\/2023\/02\/IMG_20230203_113650-768x1027.jpg 768w, https:\/\/www.osjenka.si\/ps-gorice\/wp-content\/uploads\/sites\/2\/2023\/02\/IMG_20230203_113650-800x1070.jpg 800w, https:\/\/www.osjenka.si\/ps-gorice\/wp-content\/uploads\/sites\/2\/2023\/02\/IMG_20230203_113650-1149x1536.jpg 1149w, https:\/\/www.osjenka.si\/ps-gorice\/wp-content\/uploads\/sites\/2\/2023\/02\/IMG_20230203_113650-1200x1604.jpg 1200w, https:\/\/www.osjenka.si\/ps-gorice\/wp-content\/uploads\/sites\/2\/2023\/02\/IMG_20230203_113650.jpg 1436w\" data-sizes=\"auto\" data-orig-sizes=\"(max-width: 374px) 100vw, 374px\" \/><\/p>\n<p><img decoding=\"async\" class=\"lazyload alignnone wp-image-2801 aligncenter\" src=\"https:\/\/www.osjenka.si\/ps-gorice\/wp-content\/uploads\/sites\/2\/2023\/02\/IMG_20230203_113756-300x224.jpg\" data-orig-src=\"https:\/\/www.osjenka.si\/ps-gorice\/wp-content\/uploads\/sites\/2\/2023\/02\/IMG_20230203_113756-300x224.jpg\" alt=\"\" width=\"526\" height=\"393\" srcset=\"data:image\/svg+xml,%3Csvg%20xmlns%3D%27http%3A%2F%2Fwww.w3.org%2F2000%2Fsvg%27%20width%3D%27526%27%20height%3D%27393%27%20viewBox%3D%270%200%20526%20393%27%3E%3Crect%20width%3D%27526%27%20height%3D%27393%27%20fill-opacity%3D%220%22%2F%3E%3C%2Fsvg%3E\" data-srcset=\"https:\/\/www.osjenka.si\/ps-gorice\/wp-content\/uploads\/sites\/2\/2023\/02\/IMG_20230203_113756-200x150.jpg 200w, https:\/\/www.osjenka.si\/ps-gorice\/wp-content\/uploads\/sites\/2\/2023\/02\/IMG_20230203_113756-300x224.jpg 300w, https:\/\/www.osjenka.si\/ps-gorice\/wp-content\/uploads\/sites\/2\/2023\/02\/IMG_20230203_113756-400x299.jpg 400w, https:\/\/www.osjenka.si\/ps-gorice\/wp-content\/uploads\/sites\/2\/2023\/02\/IMG_20230203_113756-600x449.jpg 600w, https:\/\/www.osjenka.si\/ps-gorice\/wp-content\/uploads\/sites\/2\/2023\/02\/IMG_20230203_113756-768x574.jpg 768w, https:\/\/www.osjenka.si\/ps-gorice\/wp-content\/uploads\/sites\/2\/2023\/02\/IMG_20230203_113756-800x598.jpg 800w, https:\/\/www.osjenka.si\/ps-gorice\/wp-content\/uploads\/sites\/2\/2023\/02\/IMG_20230203_113756-1024x766.jpg 1024w, https:\/\/www.osjenka.si\/ps-gorice\/wp-content\/uploads\/sites\/2\/2023\/02\/IMG_20230203_113756-1200x898.jpg 1200w, https:\/\/www.osjenka.si\/ps-gorice\/wp-content\/uploads\/sites\/2\/2023\/02\/IMG_20230203_113756-1536x1149.jpg 1536w, https:\/\/www.osjenka.si\/ps-gorice\/wp-content\/uploads\/sites\/2\/2023\/02\/IMG_20230203_113756.jpg 1920w\" data-sizes=\"auto\" data-orig-sizes=\"(max-width: 526px) 100vw, 526px\" \/><\/p>\n<p><img decoding=\"async\" class=\"lazyload alignnone wp-image-2802 aligncenter\" src=\"https:\/\/www.osjenka.si\/ps-gorice\/wp-content\/uploads\/sites\/2\/2023\/02\/IMG_20230203_113928-300x224.jpg\" data-orig-src=\"https:\/\/www.osjenka.si\/ps-gorice\/wp-content\/uploads\/sites\/2\/2023\/02\/IMG_20230203_113928-300x224.jpg\" alt=\"\" width=\"516\" height=\"385\" srcset=\"data:image\/svg+xml,%3Csvg%20xmlns%3D%27http%3A%2F%2Fwww.w3.org%2F2000%2Fsvg%27%20width%3D%27516%27%20height%3D%27385%27%20viewBox%3D%270%200%20516%20385%27%3E%3Crect%20width%3D%27516%27%20height%3D%27385%27%20fill-opacity%3D%220%22%2F%3E%3C%2Fsvg%3E\" data-srcset=\"https:\/\/www.osjenka.si\/ps-gorice\/wp-content\/uploads\/sites\/2\/2023\/02\/IMG_20230203_113928-200x150.jpg 200w, https:\/\/www.osjenka.si\/ps-gorice\/wp-content\/uploads\/sites\/2\/2023\/02\/IMG_20230203_113928-300x224.jpg 300w, https:\/\/www.osjenka.si\/ps-gorice\/wp-content\/uploads\/sites\/2\/2023\/02\/IMG_20230203_113928-400x299.jpg 400w, https:\/\/www.osjenka.si\/ps-gorice\/wp-content\/uploads\/sites\/2\/2023\/02\/IMG_20230203_113928-600x449.jpg 600w, https:\/\/www.osjenka.si\/ps-gorice\/wp-content\/uploads\/sites\/2\/2023\/02\/IMG_20230203_113928-768x574.jpg 768w, https:\/\/www.osjenka.si\/ps-gorice\/wp-content\/uploads\/sites\/2\/2023\/02\/IMG_20230203_113928-800x598.jpg 800w, https:\/\/www.osjenka.si\/ps-gorice\/wp-content\/uploads\/sites\/2\/2023\/02\/IMG_20230203_113928-1024x766.jpg 1024w, https:\/\/www.osjenka.si\/ps-gorice\/wp-content\/uploads\/sites\/2\/2023\/02\/IMG_20230203_113928-1200x898.jpg 1200w, https:\/\/www.osjenka.si\/ps-gorice\/wp-content\/uploads\/sites\/2\/2023\/02\/IMG_20230203_113928-1536x1149.jpg 1536w, https:\/\/www.osjenka.si\/ps-gorice\/wp-content\/uploads\/sites\/2\/2023\/02\/IMG_20230203_113928.jpg 1920w\" data-sizes=\"auto\" data-orig-sizes=\"(max-width: 516px) 100vw, 516px\" \/><\/p>\n<p><img decoding=\"async\" class=\"lazyload alignnone wp-image-2803 aligncenter\" src=\"https:\/\/www.osjenka.si\/ps-gorice\/wp-content\/uploads\/sites\/2\/2023\/02\/IMG_20230203_114152-224x300.jpg\" data-orig-src=\"https:\/\/www.osjenka.si\/ps-gorice\/wp-content\/uploads\/sites\/2\/2023\/02\/IMG_20230203_114152-224x300.jpg\" alt=\"\" width=\"440\" height=\"589\" srcset=\"data:image\/svg+xml,%3Csvg%20xmlns%3D%27http%3A%2F%2Fwww.w3.org%2F2000%2Fsvg%27%20width%3D%27440%27%20height%3D%27589%27%20viewBox%3D%270%200%20440%20589%27%3E%3Crect%20width%3D%27440%27%20height%3D%27589%27%20fill-opacity%3D%220%22%2F%3E%3C%2Fsvg%3E\" data-srcset=\"https:\/\/www.osjenka.si\/ps-gorice\/wp-content\/uploads\/sites\/2\/2023\/02\/IMG_20230203_114152-200x267.jpg 200w, https:\/\/www.osjenka.si\/ps-gorice\/wp-content\/uploads\/sites\/2\/2023\/02\/IMG_20230203_114152-224x300.jpg 224w, https:\/\/www.osjenka.si\/ps-gorice\/wp-content\/uploads\/sites\/2\/2023\/02\/IMG_20230203_114152-400x535.jpg 400w, https:\/\/www.osjenka.si\/ps-gorice\/wp-content\/uploads\/sites\/2\/2023\/02\/IMG_20230203_114152-600x802.jpg 600w, https:\/\/www.osjenka.si\/ps-gorice\/wp-content\/uploads\/sites\/2\/2023\/02\/IMG_20230203_114152-766x1024.jpg 766w, https:\/\/www.osjenka.si\/ps-gorice\/wp-content\/uploads\/sites\/2\/2023\/02\/IMG_20230203_114152-768x1027.jpg 768w, https:\/\/www.osjenka.si\/ps-gorice\/wp-content\/uploads\/sites\/2\/2023\/02\/IMG_20230203_114152-800x1070.jpg 800w, https:\/\/www.osjenka.si\/ps-gorice\/wp-content\/uploads\/sites\/2\/2023\/02\/IMG_20230203_114152-1149x1536.jpg 1149w, https:\/\/www.osjenka.si\/ps-gorice\/wp-content\/uploads\/sites\/2\/2023\/02\/IMG_20230203_114152-1200x1604.jpg 1200w, https:\/\/www.osjenka.si\/ps-gorice\/wp-content\/uploads\/sites\/2\/2023\/02\/IMG_20230203_114152.jpg 1436w\" data-sizes=\"auto\" data-orig-sizes=\"(max-width: 440px) 100vw, 440px\" \/><\/p>\n<p><img decoding=\"async\" class=\"lazyload alignnone wp-image-2804 aligncenter\" src=\"https:\/\/www.osjenka.si\/ps-gorice\/wp-content\/uploads\/sites\/2\/2023\/02\/IMG_20230203_114350-225x300.jpg\" data-orig-src=\"https:\/\/www.osjenka.si\/ps-gorice\/wp-content\/uploads\/sites\/2\/2023\/02\/IMG_20230203_114350-225x300.jpg\" alt=\"\" width=\"435\" height=\"580\" srcset=\"data:image\/svg+xml,%3Csvg%20xmlns%3D%27http%3A%2F%2Fwww.w3.org%2F2000%2Fsvg%27%20width%3D%27435%27%20height%3D%27580%27%20viewBox%3D%270%200%20435%20580%27%3E%3Crect%20width%3D%27435%27%20height%3D%27580%27%20fill-opacity%3D%220%22%2F%3E%3C%2Fsvg%3E\" data-srcset=\"https:\/\/www.osjenka.si\/ps-gorice\/wp-content\/uploads\/sites\/2\/2023\/02\/IMG_20230203_114350-200x267.jpg 200w, https:\/\/www.osjenka.si\/ps-gorice\/wp-content\/uploads\/sites\/2\/2023\/02\/IMG_20230203_114350-225x300.jpg 225w, https:\/\/www.osjenka.si\/ps-gorice\/wp-content\/uploads\/sites\/2\/2023\/02\/IMG_20230203_114350-300x400.jpg 300w, https:\/\/www.osjenka.si\/ps-gorice\/wp-content\/uploads\/sites\/2\/2023\/02\/IMG_20230203_114350-400x533.jpg 400w, https:\/\/www.osjenka.si\/ps-gorice\/wp-content\/uploads\/sites\/2\/2023\/02\/IMG_20230203_114350-600x800.jpg 600w, https:\/\/www.osjenka.si\/ps-gorice\/wp-content\/uploads\/sites\/2\/2023\/02\/IMG_20230203_114350-768x1024.jpg 768w, https:\/\/www.osjenka.si\/ps-gorice\/wp-content\/uploads\/sites\/2\/2023\/02\/IMG_20230203_114350-800x1067.jpg 800w, https:\/\/www.osjenka.si\/ps-gorice\/wp-content\/uploads\/sites\/2\/2023\/02\/IMG_20230203_114350-1152x1536.jpg 1152w, https:\/\/www.osjenka.si\/ps-gorice\/wp-content\/uploads\/sites\/2\/2023\/02\/IMG_20230203_114350-1200x1600.jpg 1200w, https:\/\/www.osjenka.si\/ps-gorice\/wp-content\/uploads\/sites\/2\/2023\/02\/IMG_20230203_114350.jpg 1440w\" data-sizes=\"auto\" data-orig-sizes=\"(max-width: 435px) 100vw, 435px\" \/><\/p>\n","protected":false},"excerpt":{"rendered":"<p>\u201cV zadrego me je spravil na\u0161 Jura, ko me je vpra\u0161al, kaj je kultura. Kultura je sladoled in da nanj v vrsti po\u010daka\u0161, kultura je kahla in da v njo se pokaka\u0161. Je limonada in da po\u010dasi jo pije\u0161, in je igra\u010dka, dokler je ne razbije\u0161. Kultura je knjiga in da jo vzame\u0161 v roke, in je pe\u0161\u010deni grad, dokler se ne podre. Kultura je tudi, \u010de kaj pojasniti sku\u0161a\u0161, in kulturen si ti, ker me poslu\u0161a\u0161.\u201d (Sre\u010dko Niedorfer) &nbsp; U\u010denci P\u0160 Gori\u010de so pod vodstvom u\u010diteljice Mirjam Remic pripravili prireditev ob kulturnem prazniku &#8211; 8. februarju. To leto je praznik [&hellip;]<\/p>\n","protected":false},"author":7,"featured_media":2805,"comment_status":"open","ping_status":"open","sticky":false,"template":"","format":"standard","meta":{"footnotes":""},"categories":[1],"tags":[],"class_list":["post-2791","post","type-post","status-publish","format-standard","has-post-thumbnail","hentry","category-nekategorizirano"],"yoast_head":"<!-- This site is optimized with the Yoast SEO plugin v19.11 - https:\/\/yoast.com\/wordpress\/plugins\/seo\/ -->\n<title>Prireditev ob kulturnem prazniku - P\u0160 Gori\u010de<\/title>\n<meta name=\"robots\" content=\"index, follow, max-snippet:-1, max-image-preview:large, max-video-preview:-1\" \/>\n<link rel=\"canonical\" href=\"https:\/\/www.osjenka.si\/ps-gorice\/2023\/02\/06\/prireditev-ob-kulturnem-prazniku\/\" \/>\n<meta property=\"og:locale\" content=\"sl_SI\" \/>\n<meta property=\"og:type\" content=\"article\" \/>\n<meta property=\"og:title\" content=\"Prireditev ob kulturnem prazniku - P\u0160 Gori\u010de\" \/>\n<meta property=\"og:description\" content=\"\u201cV zadrego me je spravil na\u0161 Jura, ko me je vpra\u0161al, kaj je kultura. Kultura je sladoled in da nanj v vrsti po\u010daka\u0161, kultura je kahla in da v njo se pokaka\u0161. Je limonada in da po\u010dasi jo pije\u0161, in je igra\u010dka, dokler je ne razbije\u0161. Kultura je knjiga in da jo vzame\u0161 v roke, in je pe\u0161\u010deni grad, dokler se ne podre. Kultura je tudi, \u010de kaj pojasniti sku\u0161a\u0161, in kulturen si ti, ker me poslu\u0161a\u0161.\u201d (Sre\u010dko Niedorfer) &nbsp; U\u010denci P\u0160 Gori\u010de so pod vodstvom u\u010diteljice Mirjam Remic pripravili prireditev ob kulturnem prazniku &#8211; 8. februarju. To leto je praznik [&hellip;]\" \/>\n<meta property=\"og:url\" content=\"https:\/\/www.osjenka.si\/ps-gorice\/2023\/02\/06\/prireditev-ob-kulturnem-prazniku\/\" \/>\n<meta property=\"og:site_name\" content=\"P\u0160 Gori\u010de\" \/>\n<meta property=\"article:published_time\" content=\"2023-02-06T10:33:33+00:00\" \/>\n<meta property=\"og:image\" content=\"https:\/\/www.osjenka.si\/ps-gorice\/wp-content\/uploads\/sites\/2\/2023\/02\/PRESEREN.jpg\" \/>\n\t<meta property=\"og:image:width\" content=\"1920\" \/>\n\t<meta property=\"og:image:height\" content=\"1533\" \/>\n\t<meta property=\"og:image:type\" content=\"image\/jpeg\" \/>\n<meta name=\"author\" content=\"vilma\" \/>\n<meta name=\"twitter:card\" content=\"summary_large_image\" \/>\n<meta name=\"twitter:label1\" content=\"Written by\" \/>\n\t<meta name=\"twitter:data1\" content=\"vilma\" \/>\n\t<meta name=\"twitter:label2\" content=\"Est. reading time\" \/>\n\t<meta name=\"twitter:data2\" content=\"4 minute\" \/>\n<script type=\"application\/ld+json\" class=\"yoast-schema-graph\">{\"@context\":\"https:\/\/schema.org\",\"@graph\":[{\"@type\":\"WebPage\",\"@id\":\"https:\/\/www.osjenka.si\/ps-gorice\/2023\/02\/06\/prireditev-ob-kulturnem-prazniku\/\",\"url\":\"https:\/\/www.osjenka.si\/ps-gorice\/2023\/02\/06\/prireditev-ob-kulturnem-prazniku\/\",\"name\":\"Prireditev ob kulturnem prazniku - P\u0160 Gori\u010de\",\"isPartOf\":{\"@id\":\"https:\/\/www.osjenka.si\/ps-gorice\/#website\"},\"datePublished\":\"2023-02-06T10:33:33+00:00\",\"dateModified\":\"2023-02-06T10:33:33+00:00\",\"author\":{\"@id\":\"https:\/\/www.osjenka.si\/ps-gorice\/#\/schema\/person\/94f44dbd9351bedc48d18ae7ab8a6706\"},\"breadcrumb\":{\"@id\":\"https:\/\/www.osjenka.si\/ps-gorice\/2023\/02\/06\/prireditev-ob-kulturnem-prazniku\/#breadcrumb\"},\"inLanguage\":\"sl-SI\",\"potentialAction\":[{\"@type\":\"ReadAction\",\"target\":[\"https:\/\/www.osjenka.si\/ps-gorice\/2023\/02\/06\/prireditev-ob-kulturnem-prazniku\/\"]}]},{\"@type\":\"BreadcrumbList\",\"@id\":\"https:\/\/www.osjenka.si\/ps-gorice\/2023\/02\/06\/prireditev-ob-kulturnem-prazniku\/#breadcrumb\",\"itemListElement\":[{\"@type\":\"ListItem\",\"position\":1,\"name\":\"Home\",\"item\":\"https:\/\/www.osjenka.si\/ps-gorice\/\"},{\"@type\":\"ListItem\",\"position\":2,\"name\":\"Prireditev ob kulturnem prazniku\"}]},{\"@type\":\"WebSite\",\"@id\":\"https:\/\/www.osjenka.si\/ps-gorice\/#website\",\"url\":\"https:\/\/www.osjenka.si\/ps-gorice\/\",\"name\":\"P\u0160 Gori\u010de\",\"description\":\"\",\"potentialAction\":[{\"@type\":\"SearchAction\",\"target\":{\"@type\":\"EntryPoint\",\"urlTemplate\":\"https:\/\/www.osjenka.si\/ps-gorice\/?s={search_term_string}\"},\"query-input\":\"required name=search_term_string\"}],\"inLanguage\":\"sl-SI\"},{\"@type\":\"Person\",\"@id\":\"https:\/\/www.osjenka.si\/ps-gorice\/#\/schema\/person\/94f44dbd9351bedc48d18ae7ab8a6706\",\"name\":\"vilma\",\"image\":{\"@type\":\"ImageObject\",\"inLanguage\":\"sl-SI\",\"@id\":\"https:\/\/www.osjenka.si\/ps-gorice\/#\/schema\/person\/image\/\",\"url\":\"https:\/\/secure.gravatar.com\/avatar\/41aa9d6664f90f3f3e03d130efd6192ff719c2d6a65ccdf098d3c2abf35d7aa6?s=96&d=mm&r=g\",\"contentUrl\":\"https:\/\/secure.gravatar.com\/avatar\/41aa9d6664f90f3f3e03d130efd6192ff719c2d6a65ccdf098d3c2abf35d7aa6?s=96&d=mm&r=g\",\"caption\":\"vilma\"},\"url\":\"https:\/\/www.osjenka.si\/ps-gorice\/author\/vilma\/\"}]}<\/script>\n<!-- \/ Yoast SEO plugin. -->","yoast_head_json":{"title":"Prireditev ob kulturnem prazniku - P\u0160 Gori\u010de","robots":{"index":"index","follow":"follow","max-snippet":"max-snippet:-1","max-image-preview":"max-image-preview:large","max-video-preview":"max-video-preview:-1"},"canonical":"https:\/\/www.osjenka.si\/ps-gorice\/2023\/02\/06\/prireditev-ob-kulturnem-prazniku\/","og_locale":"sl_SI","og_type":"article","og_title":"Prireditev ob kulturnem prazniku - P\u0160 Gori\u010de","og_description":"\u201cV zadrego me je spravil na\u0161 Jura, ko me je vpra\u0161al, kaj je kultura. Kultura je sladoled in da nanj v vrsti po\u010daka\u0161, kultura je kahla in da v njo se pokaka\u0161. Je limonada in da po\u010dasi jo pije\u0161, in je igra\u010dka, dokler je ne razbije\u0161. Kultura je knjiga in da jo vzame\u0161 v roke, in je pe\u0161\u010deni grad, dokler se ne podre. Kultura je tudi, \u010de kaj pojasniti sku\u0161a\u0161, in kulturen si ti, ker me poslu\u0161a\u0161.\u201d (Sre\u010dko Niedorfer) &nbsp; U\u010denci P\u0160 Gori\u010de so pod vodstvom u\u010diteljice Mirjam Remic pripravili prireditev ob kulturnem prazniku &#8211; 8. februarju. To leto je praznik [&hellip;]","og_url":"https:\/\/www.osjenka.si\/ps-gorice\/2023\/02\/06\/prireditev-ob-kulturnem-prazniku\/","og_site_name":"P\u0160 Gori\u010de","article_published_time":"2023-02-06T10:33:33+00:00","og_image":[{"width":1920,"height":1533,"url":"https:\/\/www.osjenka.si\/ps-gorice\/wp-content\/uploads\/sites\/2\/2023\/02\/PRESEREN.jpg","type":"image\/jpeg"}],"author":"vilma","twitter_card":"summary_large_image","twitter_misc":{"Written by":"vilma","Est. reading time":"4 minute"},"schema":{"@context":"https:\/\/schema.org","@graph":[{"@type":"WebPage","@id":"https:\/\/www.osjenka.si\/ps-gorice\/2023\/02\/06\/prireditev-ob-kulturnem-prazniku\/","url":"https:\/\/www.osjenka.si\/ps-gorice\/2023\/02\/06\/prireditev-ob-kulturnem-prazniku\/","name":"Prireditev ob kulturnem prazniku - P\u0160 Gori\u010de","isPartOf":{"@id":"https:\/\/www.osjenka.si\/ps-gorice\/#website"},"datePublished":"2023-02-06T10:33:33+00:00","dateModified":"2023-02-06T10:33:33+00:00","author":{"@id":"https:\/\/www.osjenka.si\/ps-gorice\/#\/schema\/person\/94f44dbd9351bedc48d18ae7ab8a6706"},"breadcrumb":{"@id":"https:\/\/www.osjenka.si\/ps-gorice\/2023\/02\/06\/prireditev-ob-kulturnem-prazniku\/#breadcrumb"},"inLanguage":"sl-SI","potentialAction":[{"@type":"ReadAction","target":["https:\/\/www.osjenka.si\/ps-gorice\/2023\/02\/06\/prireditev-ob-kulturnem-prazniku\/"]}]},{"@type":"BreadcrumbList","@id":"https:\/\/www.osjenka.si\/ps-gorice\/2023\/02\/06\/prireditev-ob-kulturnem-prazniku\/#breadcrumb","itemListElement":[{"@type":"ListItem","position":1,"name":"Home","item":"https:\/\/www.osjenka.si\/ps-gorice\/"},{"@type":"ListItem","position":2,"name":"Prireditev ob kulturnem prazniku"}]},{"@type":"WebSite","@id":"https:\/\/www.osjenka.si\/ps-gorice\/#website","url":"https:\/\/www.osjenka.si\/ps-gorice\/","name":"P\u0160 Gori\u010de","description":"","potentialAction":[{"@type":"SearchAction","target":{"@type":"EntryPoint","urlTemplate":"https:\/\/www.osjenka.si\/ps-gorice\/?s={search_term_string}"},"query-input":"required name=search_term_string"}],"inLanguage":"sl-SI"},{"@type":"Person","@id":"https:\/\/www.osjenka.si\/ps-gorice\/#\/schema\/person\/94f44dbd9351bedc48d18ae7ab8a6706","name":"vilma","image":{"@type":"ImageObject","inLanguage":"sl-SI","@id":"https:\/\/www.osjenka.si\/ps-gorice\/#\/schema\/person\/image\/","url":"https:\/\/secure.gravatar.com\/avatar\/41aa9d6664f90f3f3e03d130efd6192ff719c2d6a65ccdf098d3c2abf35d7aa6?s=96&d=mm&r=g","contentUrl":"https:\/\/secure.gravatar.com\/avatar\/41aa9d6664f90f3f3e03d130efd6192ff719c2d6a65ccdf098d3c2abf35d7aa6?s=96&d=mm&r=g","caption":"vilma"},"url":"https:\/\/www.osjenka.si\/ps-gorice\/author\/vilma\/"}]}},"_links":{"self":[{"href":"https:\/\/www.osjenka.si\/ps-gorice\/wp-json\/wp\/v2\/posts\/2791","targetHints":{"allow":["GET"]}}],"collection":[{"href":"https:\/\/www.osjenka.si\/ps-gorice\/wp-json\/wp\/v2\/posts"}],"about":[{"href":"https:\/\/www.osjenka.si\/ps-gorice\/wp-json\/wp\/v2\/types\/post"}],"author":[{"embeddable":true,"href":"https:\/\/www.osjenka.si\/ps-gorice\/wp-json\/wp\/v2\/users\/7"}],"replies":[{"embeddable":true,"href":"https:\/\/www.osjenka.si\/ps-gorice\/wp-json\/wp\/v2\/comments?post=2791"}],"version-history":[{"count":1,"href":"https:\/\/www.osjenka.si\/ps-gorice\/wp-json\/wp\/v2\/posts\/2791\/revisions"}],"predecessor-version":[{"id":2806,"href":"https:\/\/www.osjenka.si\/ps-gorice\/wp-json\/wp\/v2\/posts\/2791\/revisions\/2806"}],"wp:featuredmedia":[{"embeddable":true,"href":"https:\/\/www.osjenka.si\/ps-gorice\/wp-json\/wp\/v2\/media\/2805"}],"wp:attachment":[{"href":"https:\/\/www.osjenka.si\/ps-gorice\/wp-json\/wp\/v2\/media?parent=2791"}],"wp:term":[{"taxonomy":"category","embeddable":true,"href":"https:\/\/www.osjenka.si\/ps-gorice\/wp-json\/wp\/v2\/categories?post=2791"},{"taxonomy":"post_tag","embeddable":true,"href":"https:\/\/www.osjenka.si\/ps-gorice\/wp-json\/wp\/v2\/tags?post=2791"}],"curies":[{"name":"wp","href":"https:\/\/api.w.org\/{rel}","templated":true}]}}