{"id":2928,"date":"2023-03-20T22:40:12","date_gmt":"2023-03-20T21:40:12","guid":{"rendered":"https:\/\/www.osjenka.si\/ps-gorice\/?p=2928"},"modified":"2023-03-20T22:40:12","modified_gmt":"2023-03-20T21:40:12","slug":"nd-slamnikarski-muzej-5-g","status":"publish","type":"post","link":"https:\/\/www.osjenka.si\/ps-gorice\/2023\/03\/20\/nd-slamnikarski-muzej-5-g\/","title":{"rendered":"ND &#8211; Slamnikarski muzej 5.g"},"content":{"rendered":"<p>Peto\u0161olci so obiskali Slamnikarski muzej v Dom\u017ealah in Mena\u010denkovo doma\u010dijo.<\/p>\n<p>Najprej so imeli voden ogled Mena\u010denkove doma\u010dije, ki sicer ni najstarej\u0161a ohranjena dom\u017ealska hi\u0161a, vsekakor pa pripoveduje zanimive zgodbe o obrtni\u0161ko-kme\u010dki dru\u017eini Ah\u010din, v kateri so delovale vsaj tri generacije kroja\u010dev.<\/p>\n<p><img decoding=\"async\" class=\"lazyload alignnone wp-image-2934 aligncenter\" src=\"https:\/\/www.osjenka.si\/ps-gorice\/wp-content\/uploads\/sites\/2\/2023\/03\/IMG_20230307_100526-300x224.jpg\" data-orig-src=\"https:\/\/www.osjenka.si\/ps-gorice\/wp-content\/uploads\/sites\/2\/2023\/03\/IMG_20230307_100526-300x224.jpg\" alt=\"\" width=\"592\" height=\"442\" srcset=\"data:image\/svg+xml,%3Csvg%20xmlns%3D%27http%3A%2F%2Fwww.w3.org%2F2000%2Fsvg%27%20width%3D%27592%27%20height%3D%27442%27%20viewBox%3D%270%200%20592%20442%27%3E%3Crect%20width%3D%27592%27%20height%3D%27442%27%20fill-opacity%3D%220%22%2F%3E%3C%2Fsvg%3E\" data-srcset=\"https:\/\/www.osjenka.si\/ps-gorice\/wp-content\/uploads\/sites\/2\/2023\/03\/IMG_20230307_100526-200x150.jpg 200w, https:\/\/www.osjenka.si\/ps-gorice\/wp-content\/uploads\/sites\/2\/2023\/03\/IMG_20230307_100526-300x224.jpg 300w, https:\/\/www.osjenka.si\/ps-gorice\/wp-content\/uploads\/sites\/2\/2023\/03\/IMG_20230307_100526-400x299.jpg 400w, https:\/\/www.osjenka.si\/ps-gorice\/wp-content\/uploads\/sites\/2\/2023\/03\/IMG_20230307_100526-600x449.jpg 600w, https:\/\/www.osjenka.si\/ps-gorice\/wp-content\/uploads\/sites\/2\/2023\/03\/IMG_20230307_100526-768x574.jpg 768w, https:\/\/www.osjenka.si\/ps-gorice\/wp-content\/uploads\/sites\/2\/2023\/03\/IMG_20230307_100526-800x598.jpg 800w, https:\/\/www.osjenka.si\/ps-gorice\/wp-content\/uploads\/sites\/2\/2023\/03\/IMG_20230307_100526-1024x766.jpg 1024w, https:\/\/www.osjenka.si\/ps-gorice\/wp-content\/uploads\/sites\/2\/2023\/03\/IMG_20230307_100526-1200x898.jpg 1200w, https:\/\/www.osjenka.si\/ps-gorice\/wp-content\/uploads\/sites\/2\/2023\/03\/IMG_20230307_100526-1536x1149.jpg 1536w, https:\/\/www.osjenka.si\/ps-gorice\/wp-content\/uploads\/sites\/2\/2023\/03\/IMG_20230307_100526.jpg 1920w\" data-sizes=\"auto\" data-orig-sizes=\"(max-width: 592px) 100vw, 592px\" \/><\/p>\n<p>&nbsp;<\/p>\n<p>Doma\u010dija, opremljena s starimi predmeti in pohi\u0161tvom, je prikaz nekdanje podobe hi\u0161e in \u017eivljenja kme\u010dko-obrtni\u0161ke dru\u017eine Ah\u010din. V bivalnem delu hi\u0161e je postavljena etnolo\u0161ka zbirka, v gospodarskem delu pa so urejeni razstavni prostori za likovne in muzejske razstave. Podstre\u0161ni prostor je namenjen stalni postavitvi umetni\u0161kih del kiparja Franceta Ah\u010dina.<\/p>\n<p style=\"text-align: left\">V teh prostorih so imeli tudi delavnico izdelovanja ro\u017e iz krep papirja.<\/p>\n<p style=\"text-align: center\"><img decoding=\"async\" class=\"lazyload alignnone wp-image-2931\" src=\"https:\/\/www.osjenka.si\/ps-gorice\/wp-content\/uploads\/sites\/2\/2023\/03\/IMG_20230307_093816-224x300.jpg\" data-orig-src=\"https:\/\/www.osjenka.si\/ps-gorice\/wp-content\/uploads\/sites\/2\/2023\/03\/IMG_20230307_093816-224x300.jpg\" alt=\"\" width=\"385\" height=\"516\" srcset=\"data:image\/svg+xml,%3Csvg%20xmlns%3D%27http%3A%2F%2Fwww.w3.org%2F2000%2Fsvg%27%20width%3D%27385%27%20height%3D%27516%27%20viewBox%3D%270%200%20385%20516%27%3E%3Crect%20width%3D%27385%27%20height%3D%27516%27%20fill-opacity%3D%220%22%2F%3E%3C%2Fsvg%3E\" data-srcset=\"https:\/\/www.osjenka.si\/ps-gorice\/wp-content\/uploads\/sites\/2\/2023\/03\/IMG_20230307_093816-200x267.jpg 200w, https:\/\/www.osjenka.si\/ps-gorice\/wp-content\/uploads\/sites\/2\/2023\/03\/IMG_20230307_093816-224x300.jpg 224w, https:\/\/www.osjenka.si\/ps-gorice\/wp-content\/uploads\/sites\/2\/2023\/03\/IMG_20230307_093816-400x535.jpg 400w, https:\/\/www.osjenka.si\/ps-gorice\/wp-content\/uploads\/sites\/2\/2023\/03\/IMG_20230307_093816-600x802.jpg 600w, https:\/\/www.osjenka.si\/ps-gorice\/wp-content\/uploads\/sites\/2\/2023\/03\/IMG_20230307_093816-766x1024.jpg 766w, https:\/\/www.osjenka.si\/ps-gorice\/wp-content\/uploads\/sites\/2\/2023\/03\/IMG_20230307_093816-768x1027.jpg 768w, https:\/\/www.osjenka.si\/ps-gorice\/wp-content\/uploads\/sites\/2\/2023\/03\/IMG_20230307_093816-800x1070.jpg 800w, https:\/\/www.osjenka.si\/ps-gorice\/wp-content\/uploads\/sites\/2\/2023\/03\/IMG_20230307_093816-1149x1536.jpg 1149w, https:\/\/www.osjenka.si\/ps-gorice\/wp-content\/uploads\/sites\/2\/2023\/03\/IMG_20230307_093816-1200x1604.jpg 1200w, https:\/\/www.osjenka.si\/ps-gorice\/wp-content\/uploads\/sites\/2\/2023\/03\/IMG_20230307_093816.jpg 1436w\" data-sizes=\"auto\" data-orig-sizes=\"(max-width: 385px) 100vw, 385px\" \/> <img decoding=\"async\" class=\"lazyload alignnone wp-image-2932\" src=\"https:\/\/www.osjenka.si\/ps-gorice\/wp-content\/uploads\/sites\/2\/2023\/03\/IMG_20230307_093849-224x300.jpg\" data-orig-src=\"https:\/\/www.osjenka.si\/ps-gorice\/wp-content\/uploads\/sites\/2\/2023\/03\/IMG_20230307_093849-224x300.jpg\" alt=\"\" width=\"386\" height=\"517\" srcset=\"data:image\/svg+xml,%3Csvg%20xmlns%3D%27http%3A%2F%2Fwww.w3.org%2F2000%2Fsvg%27%20width%3D%27386%27%20height%3D%27517%27%20viewBox%3D%270%200%20386%20517%27%3E%3Crect%20width%3D%27386%27%20height%3D%27517%27%20fill-opacity%3D%220%22%2F%3E%3C%2Fsvg%3E\" data-srcset=\"https:\/\/www.osjenka.si\/ps-gorice\/wp-content\/uploads\/sites\/2\/2023\/03\/IMG_20230307_093849-200x267.jpg 200w, https:\/\/www.osjenka.si\/ps-gorice\/wp-content\/uploads\/sites\/2\/2023\/03\/IMG_20230307_093849-224x300.jpg 224w, https:\/\/www.osjenka.si\/ps-gorice\/wp-content\/uploads\/sites\/2\/2023\/03\/IMG_20230307_093849-400x535.jpg 400w, https:\/\/www.osjenka.si\/ps-gorice\/wp-content\/uploads\/sites\/2\/2023\/03\/IMG_20230307_093849-600x802.jpg 600w, https:\/\/www.osjenka.si\/ps-gorice\/wp-content\/uploads\/sites\/2\/2023\/03\/IMG_20230307_093849-766x1024.jpg 766w, https:\/\/www.osjenka.si\/ps-gorice\/wp-content\/uploads\/sites\/2\/2023\/03\/IMG_20230307_093849-768x1027.jpg 768w, https:\/\/www.osjenka.si\/ps-gorice\/wp-content\/uploads\/sites\/2\/2023\/03\/IMG_20230307_093849-800x1070.jpg 800w, https:\/\/www.osjenka.si\/ps-gorice\/wp-content\/uploads\/sites\/2\/2023\/03\/IMG_20230307_093849-1149x1536.jpg 1149w, https:\/\/www.osjenka.si\/ps-gorice\/wp-content\/uploads\/sites\/2\/2023\/03\/IMG_20230307_093849-1200x1604.jpg 1200w, https:\/\/www.osjenka.si\/ps-gorice\/wp-content\/uploads\/sites\/2\/2023\/03\/IMG_20230307_093849.jpg 1436w\" data-sizes=\"auto\" data-orig-sizes=\"(max-width: 386px) 100vw, 386px\" \/><\/p>\n<p style=\"text-align: center\"><img decoding=\"async\" class=\"lazyload alignnone wp-image-2933\" src=\"https:\/\/www.osjenka.si\/ps-gorice\/wp-content\/uploads\/sites\/2\/2023\/03\/IMG_20230307_094312-300x224.jpg\" data-orig-src=\"https:\/\/www.osjenka.si\/ps-gorice\/wp-content\/uploads\/sites\/2\/2023\/03\/IMG_20230307_094312-300x224.jpg\" alt=\"\" width=\"592\" height=\"442\" srcset=\"data:image\/svg+xml,%3Csvg%20xmlns%3D%27http%3A%2F%2Fwww.w3.org%2F2000%2Fsvg%27%20width%3D%27592%27%20height%3D%27442%27%20viewBox%3D%270%200%20592%20442%27%3E%3Crect%20width%3D%27592%27%20height%3D%27442%27%20fill-opacity%3D%220%22%2F%3E%3C%2Fsvg%3E\" data-srcset=\"https:\/\/www.osjenka.si\/ps-gorice\/wp-content\/uploads\/sites\/2\/2023\/03\/IMG_20230307_094312-200x150.jpg 200w, https:\/\/www.osjenka.si\/ps-gorice\/wp-content\/uploads\/sites\/2\/2023\/03\/IMG_20230307_094312-300x224.jpg 300w, https:\/\/www.osjenka.si\/ps-gorice\/wp-content\/uploads\/sites\/2\/2023\/03\/IMG_20230307_094312-400x299.jpg 400w, https:\/\/www.osjenka.si\/ps-gorice\/wp-content\/uploads\/sites\/2\/2023\/03\/IMG_20230307_094312-600x449.jpg 600w, https:\/\/www.osjenka.si\/ps-gorice\/wp-content\/uploads\/sites\/2\/2023\/03\/IMG_20230307_094312-768x574.jpg 768w, https:\/\/www.osjenka.si\/ps-gorice\/wp-content\/uploads\/sites\/2\/2023\/03\/IMG_20230307_094312-800x598.jpg 800w, https:\/\/www.osjenka.si\/ps-gorice\/wp-content\/uploads\/sites\/2\/2023\/03\/IMG_20230307_094312-1024x766.jpg 1024w, https:\/\/www.osjenka.si\/ps-gorice\/wp-content\/uploads\/sites\/2\/2023\/03\/IMG_20230307_094312-1200x898.jpg 1200w, https:\/\/www.osjenka.si\/ps-gorice\/wp-content\/uploads\/sites\/2\/2023\/03\/IMG_20230307_094312-1536x1149.jpg 1536w, https:\/\/www.osjenka.si\/ps-gorice\/wp-content\/uploads\/sites\/2\/2023\/03\/IMG_20230307_094312.jpg 1920w\" data-sizes=\"auto\" data-orig-sizes=\"(max-width: 592px) 100vw, 592px\" \/><\/p>\n<p style=\"text-align: left\">Odpravili so se \u0161e na ogled Slamnikarskega muzeja. Najprej so si ogledali, kako pripravijo slamo za pletenje kitk, potem samo pletenje kitk za izdelavo slamnikov. Pred njimi je pod spretnimi prsti \u0161ivilje nastal tak slamnik, ki so jih v preteklosti izdelovali v Dom\u017ealah.<\/p>\n<p style=\"text-align: center\"><img decoding=\"async\" class=\"lazyload alignnone wp-image-2935\" src=\"https:\/\/www.osjenka.si\/ps-gorice\/wp-content\/uploads\/sites\/2\/2023\/03\/IMG_20230307_102303-224x300.jpg\" data-orig-src=\"https:\/\/www.osjenka.si\/ps-gorice\/wp-content\/uploads\/sites\/2\/2023\/03\/IMG_20230307_102303-224x300.jpg\" alt=\"\" width=\"398\" height=\"533\" srcset=\"data:image\/svg+xml,%3Csvg%20xmlns%3D%27http%3A%2F%2Fwww.w3.org%2F2000%2Fsvg%27%20width%3D%27398%27%20height%3D%27533%27%20viewBox%3D%270%200%20398%20533%27%3E%3Crect%20width%3D%27398%27%20height%3D%27533%27%20fill-opacity%3D%220%22%2F%3E%3C%2Fsvg%3E\" data-srcset=\"https:\/\/www.osjenka.si\/ps-gorice\/wp-content\/uploads\/sites\/2\/2023\/03\/IMG_20230307_102303-200x267.jpg 200w, https:\/\/www.osjenka.si\/ps-gorice\/wp-content\/uploads\/sites\/2\/2023\/03\/IMG_20230307_102303-224x300.jpg 224w, https:\/\/www.osjenka.si\/ps-gorice\/wp-content\/uploads\/sites\/2\/2023\/03\/IMG_20230307_102303-400x535.jpg 400w, https:\/\/www.osjenka.si\/ps-gorice\/wp-content\/uploads\/sites\/2\/2023\/03\/IMG_20230307_102303-600x802.jpg 600w, https:\/\/www.osjenka.si\/ps-gorice\/wp-content\/uploads\/sites\/2\/2023\/03\/IMG_20230307_102303-766x1024.jpg 766w, https:\/\/www.osjenka.si\/ps-gorice\/wp-content\/uploads\/sites\/2\/2023\/03\/IMG_20230307_102303-768x1027.jpg 768w, https:\/\/www.osjenka.si\/ps-gorice\/wp-content\/uploads\/sites\/2\/2023\/03\/IMG_20230307_102303-800x1070.jpg 800w, https:\/\/www.osjenka.si\/ps-gorice\/wp-content\/uploads\/sites\/2\/2023\/03\/IMG_20230307_102303-1149x1536.jpg 1149w, https:\/\/www.osjenka.si\/ps-gorice\/wp-content\/uploads\/sites\/2\/2023\/03\/IMG_20230307_102303-1200x1604.jpg 1200w, https:\/\/www.osjenka.si\/ps-gorice\/wp-content\/uploads\/sites\/2\/2023\/03\/IMG_20230307_102303.jpg 1436w\" data-sizes=\"auto\" data-orig-sizes=\"(max-width: 398px) 100vw, 398px\" \/> <img decoding=\"async\" class=\"lazyload alignnone wp-image-2936\" src=\"https:\/\/www.osjenka.si\/ps-gorice\/wp-content\/uploads\/sites\/2\/2023\/03\/IMG_20230307_104827-300x224.jpg\" data-orig-src=\"https:\/\/www.osjenka.si\/ps-gorice\/wp-content\/uploads\/sites\/2\/2023\/03\/IMG_20230307_104827-300x224.jpg\" alt=\"\" width=\"441\" height=\"329\" srcset=\"data:image\/svg+xml,%3Csvg%20xmlns%3D%27http%3A%2F%2Fwww.w3.org%2F2000%2Fsvg%27%20width%3D%27441%27%20height%3D%27329%27%20viewBox%3D%270%200%20441%20329%27%3E%3Crect%20width%3D%27441%27%20height%3D%27329%27%20fill-opacity%3D%220%22%2F%3E%3C%2Fsvg%3E\" data-srcset=\"https:\/\/www.osjenka.si\/ps-gorice\/wp-content\/uploads\/sites\/2\/2023\/03\/IMG_20230307_104827-200x150.jpg 200w, https:\/\/www.osjenka.si\/ps-gorice\/wp-content\/uploads\/sites\/2\/2023\/03\/IMG_20230307_104827-300x224.jpg 300w, https:\/\/www.osjenka.si\/ps-gorice\/wp-content\/uploads\/sites\/2\/2023\/03\/IMG_20230307_104827-400x299.jpg 400w, https:\/\/www.osjenka.si\/ps-gorice\/wp-content\/uploads\/sites\/2\/2023\/03\/IMG_20230307_104827-600x449.jpg 600w, https:\/\/www.osjenka.si\/ps-gorice\/wp-content\/uploads\/sites\/2\/2023\/03\/IMG_20230307_104827-768x574.jpg 768w, https:\/\/www.osjenka.si\/ps-gorice\/wp-content\/uploads\/sites\/2\/2023\/03\/IMG_20230307_104827-800x598.jpg 800w, https:\/\/www.osjenka.si\/ps-gorice\/wp-content\/uploads\/sites\/2\/2023\/03\/IMG_20230307_104827-1024x766.jpg 1024w, https:\/\/www.osjenka.si\/ps-gorice\/wp-content\/uploads\/sites\/2\/2023\/03\/IMG_20230307_104827-1200x898.jpg 1200w, https:\/\/www.osjenka.si\/ps-gorice\/wp-content\/uploads\/sites\/2\/2023\/03\/IMG_20230307_104827-1536x1149.jpg 1536w, https:\/\/www.osjenka.si\/ps-gorice\/wp-content\/uploads\/sites\/2\/2023\/03\/IMG_20230307_104827.jpg 1920w\" data-sizes=\"auto\" data-orig-sizes=\"(max-width: 441px) 100vw, 441px\" \/><\/p>\n<div id=\"attachment_2937\" style=\"width: 431px\" class=\"wp-caption aligncenter\"><img decoding=\"async\" aria-describedby=\"caption-attachment-2937\" class=\"lazyload wp-image-2937\" src=\"https:\/\/www.osjenka.si\/ps-gorice\/wp-content\/uploads\/sites\/2\/2023\/03\/IMG_20230307_110114-224x300.jpg\" data-orig-src=\"https:\/\/www.osjenka.si\/ps-gorice\/wp-content\/uploads\/sites\/2\/2023\/03\/IMG_20230307_110114-224x300.jpg\" alt=\"\" width=\"421\" height=\"564\" srcset=\"data:image\/svg+xml,%3Csvg%20xmlns%3D%27http%3A%2F%2Fwww.w3.org%2F2000%2Fsvg%27%20width%3D%27421%27%20height%3D%27564%27%20viewBox%3D%270%200%20421%20564%27%3E%3Crect%20width%3D%27421%27%20height%3D%27564%27%20fill-opacity%3D%220%22%2F%3E%3C%2Fsvg%3E\" data-srcset=\"https:\/\/www.osjenka.si\/ps-gorice\/wp-content\/uploads\/sites\/2\/2023\/03\/IMG_20230307_110114-200x267.jpg 200w, https:\/\/www.osjenka.si\/ps-gorice\/wp-content\/uploads\/sites\/2\/2023\/03\/IMG_20230307_110114-224x300.jpg 224w, https:\/\/www.osjenka.si\/ps-gorice\/wp-content\/uploads\/sites\/2\/2023\/03\/IMG_20230307_110114-400x535.jpg 400w, https:\/\/www.osjenka.si\/ps-gorice\/wp-content\/uploads\/sites\/2\/2023\/03\/IMG_20230307_110114-600x802.jpg 600w, https:\/\/www.osjenka.si\/ps-gorice\/wp-content\/uploads\/sites\/2\/2023\/03\/IMG_20230307_110114-766x1024.jpg 766w, https:\/\/www.osjenka.si\/ps-gorice\/wp-content\/uploads\/sites\/2\/2023\/03\/IMG_20230307_110114-768x1027.jpg 768w, https:\/\/www.osjenka.si\/ps-gorice\/wp-content\/uploads\/sites\/2\/2023\/03\/IMG_20230307_110114-800x1070.jpg 800w, https:\/\/www.osjenka.si\/ps-gorice\/wp-content\/uploads\/sites\/2\/2023\/03\/IMG_20230307_110114-1149x1536.jpg 1149w, https:\/\/www.osjenka.si\/ps-gorice\/wp-content\/uploads\/sites\/2\/2023\/03\/IMG_20230307_110114-1200x1604.jpg 1200w, https:\/\/www.osjenka.si\/ps-gorice\/wp-content\/uploads\/sites\/2\/2023\/03\/IMG_20230307_110114.jpg 1436w\" data-sizes=\"auto\" data-orig-sizes=\"(max-width: 421px) 100vw, 421px\" \/><p id=\"caption-attachment-2937\" class=\"wp-caption-text\">Ob glasnem brnenju \u0161ivalnega stroja se je \u017ee kazala podoba slamnika&#8230;<\/p><\/div>\n<div id=\"attachment_2938\" style=\"width: 434px\" class=\"wp-caption aligncenter\"><img decoding=\"async\" aria-describedby=\"caption-attachment-2938\" class=\"lazyload wp-image-2938\" src=\"https:\/\/www.osjenka.si\/ps-gorice\/wp-content\/uploads\/sites\/2\/2023\/03\/IMG_20230307_110816-224x300.jpg\" data-orig-src=\"https:\/\/www.osjenka.si\/ps-gorice\/wp-content\/uploads\/sites\/2\/2023\/03\/IMG_20230307_110816-224x300.jpg\" alt=\"\" width=\"424\" height=\"568\" srcset=\"data:image\/svg+xml,%3Csvg%20xmlns%3D%27http%3A%2F%2Fwww.w3.org%2F2000%2Fsvg%27%20width%3D%27424%27%20height%3D%27568%27%20viewBox%3D%270%200%20424%20568%27%3E%3Crect%20width%3D%27424%27%20height%3D%27568%27%20fill-opacity%3D%220%22%2F%3E%3C%2Fsvg%3E\" data-srcset=\"https:\/\/www.osjenka.si\/ps-gorice\/wp-content\/uploads\/sites\/2\/2023\/03\/IMG_20230307_110816-200x267.jpg 200w, https:\/\/www.osjenka.si\/ps-gorice\/wp-content\/uploads\/sites\/2\/2023\/03\/IMG_20230307_110816-224x300.jpg 224w, https:\/\/www.osjenka.si\/ps-gorice\/wp-content\/uploads\/sites\/2\/2023\/03\/IMG_20230307_110816-400x535.jpg 400w, https:\/\/www.osjenka.si\/ps-gorice\/wp-content\/uploads\/sites\/2\/2023\/03\/IMG_20230307_110816-600x802.jpg 600w, https:\/\/www.osjenka.si\/ps-gorice\/wp-content\/uploads\/sites\/2\/2023\/03\/IMG_20230307_110816-766x1024.jpg 766w, https:\/\/www.osjenka.si\/ps-gorice\/wp-content\/uploads\/sites\/2\/2023\/03\/IMG_20230307_110816-768x1027.jpg 768w, https:\/\/www.osjenka.si\/ps-gorice\/wp-content\/uploads\/sites\/2\/2023\/03\/IMG_20230307_110816-800x1070.jpg 800w, https:\/\/www.osjenka.si\/ps-gorice\/wp-content\/uploads\/sites\/2\/2023\/03\/IMG_20230307_110816-1149x1536.jpg 1149w, https:\/\/www.osjenka.si\/ps-gorice\/wp-content\/uploads\/sites\/2\/2023\/03\/IMG_20230307_110816-1200x1604.jpg 1200w, https:\/\/www.osjenka.si\/ps-gorice\/wp-content\/uploads\/sites\/2\/2023\/03\/IMG_20230307_110816.jpg 1436w\" data-sizes=\"auto\" data-orig-sizes=\"(max-width: 424px) 100vw, 424px\" \/><p id=\"caption-attachment-2938\" class=\"wp-caption-text\">&#8230;.in slamnik je izdelan.<\/p><\/div>\n","protected":false},"excerpt":{"rendered":"<p>Peto\u0161olci so obiskali Slamnikarski muzej v Dom\u017ealah in Mena\u010denkovo doma\u010dijo. Najprej so imeli voden ogled Mena\u010denkove doma\u010dije, ki sicer ni najstarej\u0161a ohranjena dom\u017ealska hi\u0161a, vsekakor pa pripoveduje zanimive zgodbe o obrtni\u0161ko-kme\u010dki dru\u017eini Ah\u010din, v kateri so delovale vsaj tri generacije kroja\u010dev. &nbsp; Doma\u010dija, opremljena s starimi predmeti in pohi\u0161tvom, je prikaz nekdanje podobe hi\u0161e in \u017eivljenja kme\u010dko-obrtni\u0161ke dru\u017eine Ah\u010din. V bivalnem delu hi\u0161e je postavljena etnolo\u0161ka zbirka, v gospodarskem delu pa so urejeni razstavni prostori za likovne in muzejske razstave. Podstre\u0161ni prostor je namenjen stalni postavitvi umetni\u0161kih del kiparja Franceta Ah\u010dina. V teh prostorih so imeli tudi delavnico izdelovanja ro\u017e iz [&hellip;]<\/p>\n","protected":false},"author":7,"featured_media":2937,"comment_status":"open","ping_status":"open","sticky":false,"template":"","format":"standard","meta":{"footnotes":""},"categories":[1],"tags":[],"class_list":["post-2928","post","type-post","status-publish","format-standard","has-post-thumbnail","hentry","category-nekategorizirano"],"yoast_head":"<!-- This site is optimized with the Yoast SEO plugin v19.11 - https:\/\/yoast.com\/wordpress\/plugins\/seo\/ -->\n<title>ND - Slamnikarski muzej 5.g - P\u0160 Gori\u010de<\/title>\n<meta name=\"robots\" content=\"index, follow, max-snippet:-1, max-image-preview:large, max-video-preview:-1\" \/>\n<link rel=\"canonical\" href=\"https:\/\/www.osjenka.si\/ps-gorice\/2023\/03\/20\/nd-slamnikarski-muzej-5-g\/\" \/>\n<meta property=\"og:locale\" content=\"sl_SI\" \/>\n<meta property=\"og:type\" content=\"article\" \/>\n<meta property=\"og:title\" content=\"ND - Slamnikarski muzej 5.g - P\u0160 Gori\u010de\" \/>\n<meta property=\"og:description\" content=\"Peto\u0161olci so obiskali Slamnikarski muzej v Dom\u017ealah in Mena\u010denkovo doma\u010dijo. Najprej so imeli voden ogled Mena\u010denkove doma\u010dije, ki sicer ni najstarej\u0161a ohranjena dom\u017ealska hi\u0161a, vsekakor pa pripoveduje zanimive zgodbe o obrtni\u0161ko-kme\u010dki dru\u017eini Ah\u010din, v kateri so delovale vsaj tri generacije kroja\u010dev. &nbsp; Doma\u010dija, opremljena s starimi predmeti in pohi\u0161tvom, je prikaz nekdanje podobe hi\u0161e in \u017eivljenja kme\u010dko-obrtni\u0161ke dru\u017eine Ah\u010din. V bivalnem delu hi\u0161e je postavljena etnolo\u0161ka zbirka, v gospodarskem delu pa so urejeni razstavni prostori za likovne in muzejske razstave. Podstre\u0161ni prostor je namenjen stalni postavitvi umetni\u0161kih del kiparja Franceta Ah\u010dina. V teh prostorih so imeli tudi delavnico izdelovanja ro\u017e iz [&hellip;]\" \/>\n<meta property=\"og:url\" content=\"https:\/\/www.osjenka.si\/ps-gorice\/2023\/03\/20\/nd-slamnikarski-muzej-5-g\/\" \/>\n<meta property=\"og:site_name\" content=\"P\u0160 Gori\u010de\" \/>\n<meta property=\"article:published_time\" content=\"2023-03-20T21:40:12+00:00\" \/>\n<meta property=\"og:image\" content=\"https:\/\/www.osjenka.si\/ps-gorice\/wp-content\/uploads\/sites\/2\/2023\/03\/IMG_20230307_110114.jpg\" \/>\n\t<meta property=\"og:image:width\" content=\"1436\" \/>\n\t<meta property=\"og:image:height\" content=\"1920\" \/>\n\t<meta property=\"og:image:type\" content=\"image\/jpeg\" \/>\n<meta name=\"author\" content=\"vilma\" \/>\n<meta name=\"twitter:card\" content=\"summary_large_image\" \/>\n<meta name=\"twitter:label1\" content=\"Written by\" \/>\n\t<meta name=\"twitter:data1\" content=\"vilma\" \/>\n\t<meta name=\"twitter:label2\" content=\"Est. reading time\" \/>\n\t<meta name=\"twitter:data2\" content=\"3 minute\" \/>\n<script type=\"application\/ld+json\" class=\"yoast-schema-graph\">{\"@context\":\"https:\/\/schema.org\",\"@graph\":[{\"@type\":\"WebPage\",\"@id\":\"https:\/\/www.osjenka.si\/ps-gorice\/2023\/03\/20\/nd-slamnikarski-muzej-5-g\/\",\"url\":\"https:\/\/www.osjenka.si\/ps-gorice\/2023\/03\/20\/nd-slamnikarski-muzej-5-g\/\",\"name\":\"ND - Slamnikarski muzej 5.g - P\u0160 Gori\u010de\",\"isPartOf\":{\"@id\":\"https:\/\/www.osjenka.si\/ps-gorice\/#website\"},\"datePublished\":\"2023-03-20T21:40:12+00:00\",\"dateModified\":\"2023-03-20T21:40:12+00:00\",\"author\":{\"@id\":\"https:\/\/www.osjenka.si\/ps-gorice\/#\/schema\/person\/94f44dbd9351bedc48d18ae7ab8a6706\"},\"breadcrumb\":{\"@id\":\"https:\/\/www.osjenka.si\/ps-gorice\/2023\/03\/20\/nd-slamnikarski-muzej-5-g\/#breadcrumb\"},\"inLanguage\":\"sl-SI\",\"potentialAction\":[{\"@type\":\"ReadAction\",\"target\":[\"https:\/\/www.osjenka.si\/ps-gorice\/2023\/03\/20\/nd-slamnikarski-muzej-5-g\/\"]}]},{\"@type\":\"BreadcrumbList\",\"@id\":\"https:\/\/www.osjenka.si\/ps-gorice\/2023\/03\/20\/nd-slamnikarski-muzej-5-g\/#breadcrumb\",\"itemListElement\":[{\"@type\":\"ListItem\",\"position\":1,\"name\":\"Home\",\"item\":\"https:\/\/www.osjenka.si\/ps-gorice\/\"},{\"@type\":\"ListItem\",\"position\":2,\"name\":\"ND &#8211; Slamnikarski muzej 5.g\"}]},{\"@type\":\"WebSite\",\"@id\":\"https:\/\/www.osjenka.si\/ps-gorice\/#website\",\"url\":\"https:\/\/www.osjenka.si\/ps-gorice\/\",\"name\":\"P\u0160 Gori\u010de\",\"description\":\"\",\"potentialAction\":[{\"@type\":\"SearchAction\",\"target\":{\"@type\":\"EntryPoint\",\"urlTemplate\":\"https:\/\/www.osjenka.si\/ps-gorice\/?s={search_term_string}\"},\"query-input\":\"required name=search_term_string\"}],\"inLanguage\":\"sl-SI\"},{\"@type\":\"Person\",\"@id\":\"https:\/\/www.osjenka.si\/ps-gorice\/#\/schema\/person\/94f44dbd9351bedc48d18ae7ab8a6706\",\"name\":\"vilma\",\"image\":{\"@type\":\"ImageObject\",\"inLanguage\":\"sl-SI\",\"@id\":\"https:\/\/www.osjenka.si\/ps-gorice\/#\/schema\/person\/image\/\",\"url\":\"https:\/\/secure.gravatar.com\/avatar\/41aa9d6664f90f3f3e03d130efd6192ff719c2d6a65ccdf098d3c2abf35d7aa6?s=96&d=mm&r=g\",\"contentUrl\":\"https:\/\/secure.gravatar.com\/avatar\/41aa9d6664f90f3f3e03d130efd6192ff719c2d6a65ccdf098d3c2abf35d7aa6?s=96&d=mm&r=g\",\"caption\":\"vilma\"},\"url\":\"https:\/\/www.osjenka.si\/ps-gorice\/author\/vilma\/\"}]}<\/script>\n<!-- \/ Yoast SEO plugin. -->","yoast_head_json":{"title":"ND - Slamnikarski muzej 5.g - P\u0160 Gori\u010de","robots":{"index":"index","follow":"follow","max-snippet":"max-snippet:-1","max-image-preview":"max-image-preview:large","max-video-preview":"max-video-preview:-1"},"canonical":"https:\/\/www.osjenka.si\/ps-gorice\/2023\/03\/20\/nd-slamnikarski-muzej-5-g\/","og_locale":"sl_SI","og_type":"article","og_title":"ND - Slamnikarski muzej 5.g - P\u0160 Gori\u010de","og_description":"Peto\u0161olci so obiskali Slamnikarski muzej v Dom\u017ealah in Mena\u010denkovo doma\u010dijo. Najprej so imeli voden ogled Mena\u010denkove doma\u010dije, ki sicer ni najstarej\u0161a ohranjena dom\u017ealska hi\u0161a, vsekakor pa pripoveduje zanimive zgodbe o obrtni\u0161ko-kme\u010dki dru\u017eini Ah\u010din, v kateri so delovale vsaj tri generacije kroja\u010dev. &nbsp; Doma\u010dija, opremljena s starimi predmeti in pohi\u0161tvom, je prikaz nekdanje podobe hi\u0161e in \u017eivljenja kme\u010dko-obrtni\u0161ke dru\u017eine Ah\u010din. V bivalnem delu hi\u0161e je postavljena etnolo\u0161ka zbirka, v gospodarskem delu pa so urejeni razstavni prostori za likovne in muzejske razstave. Podstre\u0161ni prostor je namenjen stalni postavitvi umetni\u0161kih del kiparja Franceta Ah\u010dina. V teh prostorih so imeli tudi delavnico izdelovanja ro\u017e iz [&hellip;]","og_url":"https:\/\/www.osjenka.si\/ps-gorice\/2023\/03\/20\/nd-slamnikarski-muzej-5-g\/","og_site_name":"P\u0160 Gori\u010de","article_published_time":"2023-03-20T21:40:12+00:00","og_image":[{"width":1436,"height":1920,"url":"https:\/\/www.osjenka.si\/ps-gorice\/wp-content\/uploads\/sites\/2\/2023\/03\/IMG_20230307_110114.jpg","type":"image\/jpeg"}],"author":"vilma","twitter_card":"summary_large_image","twitter_misc":{"Written by":"vilma","Est. reading time":"3 minute"},"schema":{"@context":"https:\/\/schema.org","@graph":[{"@type":"WebPage","@id":"https:\/\/www.osjenka.si\/ps-gorice\/2023\/03\/20\/nd-slamnikarski-muzej-5-g\/","url":"https:\/\/www.osjenka.si\/ps-gorice\/2023\/03\/20\/nd-slamnikarski-muzej-5-g\/","name":"ND - Slamnikarski muzej 5.g - P\u0160 Gori\u010de","isPartOf":{"@id":"https:\/\/www.osjenka.si\/ps-gorice\/#website"},"datePublished":"2023-03-20T21:40:12+00:00","dateModified":"2023-03-20T21:40:12+00:00","author":{"@id":"https:\/\/www.osjenka.si\/ps-gorice\/#\/schema\/person\/94f44dbd9351bedc48d18ae7ab8a6706"},"breadcrumb":{"@id":"https:\/\/www.osjenka.si\/ps-gorice\/2023\/03\/20\/nd-slamnikarski-muzej-5-g\/#breadcrumb"},"inLanguage":"sl-SI","potentialAction":[{"@type":"ReadAction","target":["https:\/\/www.osjenka.si\/ps-gorice\/2023\/03\/20\/nd-slamnikarski-muzej-5-g\/"]}]},{"@type":"BreadcrumbList","@id":"https:\/\/www.osjenka.si\/ps-gorice\/2023\/03\/20\/nd-slamnikarski-muzej-5-g\/#breadcrumb","itemListElement":[{"@type":"ListItem","position":1,"name":"Home","item":"https:\/\/www.osjenka.si\/ps-gorice\/"},{"@type":"ListItem","position":2,"name":"ND &#8211; Slamnikarski muzej 5.g"}]},{"@type":"WebSite","@id":"https:\/\/www.osjenka.si\/ps-gorice\/#website","url":"https:\/\/www.osjenka.si\/ps-gorice\/","name":"P\u0160 Gori\u010de","description":"","potentialAction":[{"@type":"SearchAction","target":{"@type":"EntryPoint","urlTemplate":"https:\/\/www.osjenka.si\/ps-gorice\/?s={search_term_string}"},"query-input":"required name=search_term_string"}],"inLanguage":"sl-SI"},{"@type":"Person","@id":"https:\/\/www.osjenka.si\/ps-gorice\/#\/schema\/person\/94f44dbd9351bedc48d18ae7ab8a6706","name":"vilma","image":{"@type":"ImageObject","inLanguage":"sl-SI","@id":"https:\/\/www.osjenka.si\/ps-gorice\/#\/schema\/person\/image\/","url":"https:\/\/secure.gravatar.com\/avatar\/41aa9d6664f90f3f3e03d130efd6192ff719c2d6a65ccdf098d3c2abf35d7aa6?s=96&d=mm&r=g","contentUrl":"https:\/\/secure.gravatar.com\/avatar\/41aa9d6664f90f3f3e03d130efd6192ff719c2d6a65ccdf098d3c2abf35d7aa6?s=96&d=mm&r=g","caption":"vilma"},"url":"https:\/\/www.osjenka.si\/ps-gorice\/author\/vilma\/"}]}},"_links":{"self":[{"href":"https:\/\/www.osjenka.si\/ps-gorice\/wp-json\/wp\/v2\/posts\/2928","targetHints":{"allow":["GET"]}}],"collection":[{"href":"https:\/\/www.osjenka.si\/ps-gorice\/wp-json\/wp\/v2\/posts"}],"about":[{"href":"https:\/\/www.osjenka.si\/ps-gorice\/wp-json\/wp\/v2\/types\/post"}],"author":[{"embeddable":true,"href":"https:\/\/www.osjenka.si\/ps-gorice\/wp-json\/wp\/v2\/users\/7"}],"replies":[{"embeddable":true,"href":"https:\/\/www.osjenka.si\/ps-gorice\/wp-json\/wp\/v2\/comments?post=2928"}],"version-history":[{"count":2,"href":"https:\/\/www.osjenka.si\/ps-gorice\/wp-json\/wp\/v2\/posts\/2928\/revisions"}],"predecessor-version":[{"id":2941,"href":"https:\/\/www.osjenka.si\/ps-gorice\/wp-json\/wp\/v2\/posts\/2928\/revisions\/2941"}],"wp:featuredmedia":[{"embeddable":true,"href":"https:\/\/www.osjenka.si\/ps-gorice\/wp-json\/wp\/v2\/media\/2937"}],"wp:attachment":[{"href":"https:\/\/www.osjenka.si\/ps-gorice\/wp-json\/wp\/v2\/media?parent=2928"}],"wp:term":[{"taxonomy":"category","embeddable":true,"href":"https:\/\/www.osjenka.si\/ps-gorice\/wp-json\/wp\/v2\/categories?post=2928"},{"taxonomy":"post_tag","embeddable":true,"href":"https:\/\/www.osjenka.si\/ps-gorice\/wp-json\/wp\/v2\/tags?post=2928"}],"curies":[{"name":"wp","href":"https:\/\/api.w.org\/{rel}","templated":true}]}}