{"id":3044,"date":"2023-04-02T21:36:08","date_gmt":"2023-04-02T19:36:08","guid":{"rendered":"https:\/\/www.osjenka.si\/ps-gorice\/?p=3044"},"modified":"2023-04-02T21:39:18","modified_gmt":"2023-04-02T19:39:18","slug":"obisk-slovenskega-solskega-muzeja-2-g","status":"publish","type":"post","link":"https:\/\/www.osjenka.si\/ps-gorice\/2023\/04\/02\/obisk-slovenskega-solskega-muzeja-2-g\/","title":{"rendered":"Obisk Slovenskega \u0161olskega muzeja 2.g"},"content":{"rendered":"<p><strong><span style=\"color: #800000\"><img decoding=\"async\" class=\"lazyload wp-image-3045 aligncenter\" src=\"https:\/\/www.osjenka.si\/ps-gorice\/wp-content\/uploads\/sites\/2\/2023\/04\/20230316_100515-300x135.jpg\" data-orig-src=\"https:\/\/www.osjenka.si\/ps-gorice\/wp-content\/uploads\/sites\/2\/2023\/04\/20230316_100515-300x135.jpg\" alt=\"\" width=\"793\" height=\"357\" srcset=\"data:image\/svg+xml,%3Csvg%20xmlns%3D%27http%3A%2F%2Fwww.w3.org%2F2000%2Fsvg%27%20width%3D%27793%27%20height%3D%27357%27%20viewBox%3D%270%200%20793%20357%27%3E%3Crect%20width%3D%27793%27%20height%3D%27357%27%20fill-opacity%3D%220%22%2F%3E%3C%2Fsvg%3E\" data-srcset=\"https:\/\/www.osjenka.si\/ps-gorice\/wp-content\/uploads\/sites\/2\/2023\/04\/20230316_100515-200x90.jpg 200w, https:\/\/www.osjenka.si\/ps-gorice\/wp-content\/uploads\/sites\/2\/2023\/04\/20230316_100515-300x135.jpg 300w, https:\/\/www.osjenka.si\/ps-gorice\/wp-content\/uploads\/sites\/2\/2023\/04\/20230316_100515-400x180.jpg 400w, https:\/\/www.osjenka.si\/ps-gorice\/wp-content\/uploads\/sites\/2\/2023\/04\/20230316_100515-600x270.jpg 600w, https:\/\/www.osjenka.si\/ps-gorice\/wp-content\/uploads\/sites\/2\/2023\/04\/20230316_100515-768x346.jpg 768w, https:\/\/www.osjenka.si\/ps-gorice\/wp-content\/uploads\/sites\/2\/2023\/04\/20230316_100515-800x360.jpg 800w, https:\/\/www.osjenka.si\/ps-gorice\/wp-content\/uploads\/sites\/2\/2023\/04\/20230316_100515-1024x461.jpg 1024w, https:\/\/www.osjenka.si\/ps-gorice\/wp-content\/uploads\/sites\/2\/2023\/04\/20230316_100515-1200x540.jpg 1200w, https:\/\/www.osjenka.si\/ps-gorice\/wp-content\/uploads\/sites\/2\/2023\/04\/20230316_100515-1536x691.jpg 1536w, https:\/\/www.osjenka.si\/ps-gorice\/wp-content\/uploads\/sites\/2\/2023\/04\/20230316_100515.jpg 1920w\" data-sizes=\"auto\" data-orig-sizes=\"(max-width: 793px) 100vw, 793px\" \/><\/span><\/strong><\/p>\n<p><strong><span style=\"color: #800000\">U\u010denci \u00a02. razreda smo imeli kulturni dan v Ljubljani. Sprehodili smo se po sredi\u0161\u010du mesta in si ogledali znamenitosti, nato pa smo se odpravili v Slovenski \u0161olski muzej. Ogledali smo si stalno razstavo \u0161olstva na Slovenskem ter se udele\u017eili muzejske u\u010dne ure. Ta je potekala pod strogim o\u010desom gospoda u\u010denika. Oble\u010deni smo bili po modi iz leta 1865. Izkusili smo pouk, kakr\u0161nega so obiskovali na\u0161i vrstniki v preteklosti. Nekateri od nas so lahko okusili \u2018\u010dar\u2019 takratnih kazni \u2013 kle\u010danje v kotu na koruzi in sedenje v oslovski klopi. Pri uri smo uporabljali \u0161olske potreb\u0161\u010dine, kot so jih u\u010denci v \u0161oli neko\u010d. Bilo je super do\u017eivetje.<\/span><\/strong><\/p>\n<p><img decoding=\"async\" class=\"lazyload wp-image-3046 aligncenter\" src=\"https:\/\/www.osjenka.si\/ps-gorice\/wp-content\/uploads\/sites\/2\/2023\/04\/20230316_091655-300x135.jpg\" data-orig-src=\"https:\/\/www.osjenka.si\/ps-gorice\/wp-content\/uploads\/sites\/2\/2023\/04\/20230316_091655-300x135.jpg\" alt=\"\" width=\"702\" height=\"316\" srcset=\"data:image\/svg+xml,%3Csvg%20xmlns%3D%27http%3A%2F%2Fwww.w3.org%2F2000%2Fsvg%27%20width%3D%27702%27%20height%3D%27316%27%20viewBox%3D%270%200%20702%20316%27%3E%3Crect%20width%3D%27702%27%20height%3D%27316%27%20fill-opacity%3D%220%22%2F%3E%3C%2Fsvg%3E\" data-srcset=\"https:\/\/www.osjenka.si\/ps-gorice\/wp-content\/uploads\/sites\/2\/2023\/04\/20230316_091655-200x90.jpg 200w, https:\/\/www.osjenka.si\/ps-gorice\/wp-content\/uploads\/sites\/2\/2023\/04\/20230316_091655-300x135.jpg 300w, https:\/\/www.osjenka.si\/ps-gorice\/wp-content\/uploads\/sites\/2\/2023\/04\/20230316_091655-400x180.jpg 400w, https:\/\/www.osjenka.si\/ps-gorice\/wp-content\/uploads\/sites\/2\/2023\/04\/20230316_091655-600x270.jpg 600w, https:\/\/www.osjenka.si\/ps-gorice\/wp-content\/uploads\/sites\/2\/2023\/04\/20230316_091655-768x346.jpg 768w, https:\/\/www.osjenka.si\/ps-gorice\/wp-content\/uploads\/sites\/2\/2023\/04\/20230316_091655-800x360.jpg 800w, https:\/\/www.osjenka.si\/ps-gorice\/wp-content\/uploads\/sites\/2\/2023\/04\/20230316_091655-1024x461.jpg 1024w, https:\/\/www.osjenka.si\/ps-gorice\/wp-content\/uploads\/sites\/2\/2023\/04\/20230316_091655-1200x540.jpg 1200w, https:\/\/www.osjenka.si\/ps-gorice\/wp-content\/uploads\/sites\/2\/2023\/04\/20230316_091655-1536x691.jpg 1536w, https:\/\/www.osjenka.si\/ps-gorice\/wp-content\/uploads\/sites\/2\/2023\/04\/20230316_091655.jpg 1920w\" data-sizes=\"auto\" data-orig-sizes=\"(max-width: 702px) 100vw, 702px\" \/><\/p>\n<p style=\"text-align: center\"><img decoding=\"async\" class=\"lazyload alignnone  wp-image-3047\" src=\"https:\/\/www.osjenka.si\/ps-gorice\/wp-content\/uploads\/sites\/2\/2023\/04\/20230316_094852-135x300.jpg\" data-orig-src=\"https:\/\/www.osjenka.si\/ps-gorice\/wp-content\/uploads\/sites\/2\/2023\/04\/20230316_094852-135x300.jpg\" alt=\"\" width=\"292\" height=\"649\" srcset=\"data:image\/svg+xml,%3Csvg%20xmlns%3D%27http%3A%2F%2Fwww.w3.org%2F2000%2Fsvg%27%20width%3D%27292%27%20height%3D%27649%27%20viewBox%3D%270%200%20292%20649%27%3E%3Crect%20width%3D%27292%27%20height%3D%27649%27%20fill-opacity%3D%220%22%2F%3E%3C%2Fsvg%3E\" data-srcset=\"https:\/\/www.osjenka.si\/ps-gorice\/wp-content\/uploads\/sites\/2\/2023\/04\/20230316_094852-135x300.jpg 135w, https:\/\/www.osjenka.si\/ps-gorice\/wp-content\/uploads\/sites\/2\/2023\/04\/20230316_094852-200x444.jpg 200w, https:\/\/www.osjenka.si\/ps-gorice\/wp-content\/uploads\/sites\/2\/2023\/04\/20230316_094852-400x889.jpg 400w, https:\/\/www.osjenka.si\/ps-gorice\/wp-content\/uploads\/sites\/2\/2023\/04\/20230316_094852-461x1024.jpg 461w, https:\/\/www.osjenka.si\/ps-gorice\/wp-content\/uploads\/sites\/2\/2023\/04\/20230316_094852-600x1333.jpg 600w, https:\/\/www.osjenka.si\/ps-gorice\/wp-content\/uploads\/sites\/2\/2023\/04\/20230316_094852-691x1536.jpg 691w, https:\/\/www.osjenka.si\/ps-gorice\/wp-content\/uploads\/sites\/2\/2023\/04\/20230316_094852-768x1707.jpg 768w, https:\/\/www.osjenka.si\/ps-gorice\/wp-content\/uploads\/sites\/2\/2023\/04\/20230316_094852-800x1778.jpg 800w, https:\/\/www.osjenka.si\/ps-gorice\/wp-content\/uploads\/sites\/2\/2023\/04\/20230316_094852.jpg 864w\" data-sizes=\"auto\" data-orig-sizes=\"(max-width: 292px) 100vw, 292px\" \/>\u00a0<img decoding=\"async\" class=\"lazyload alignnone  wp-image-3055\" src=\"https:\/\/www.osjenka.si\/ps-gorice\/wp-content\/uploads\/sites\/2\/2023\/04\/20230316_101132-135x300.jpg\" data-orig-src=\"https:\/\/www.osjenka.si\/ps-gorice\/wp-content\/uploads\/sites\/2\/2023\/04\/20230316_101132-135x300.jpg\" alt=\"\" width=\"292\" height=\"649\" srcset=\"data:image\/svg+xml,%3Csvg%20xmlns%3D%27http%3A%2F%2Fwww.w3.org%2F2000%2Fsvg%27%20width%3D%27292%27%20height%3D%27649%27%20viewBox%3D%270%200%20292%20649%27%3E%3Crect%20width%3D%27292%27%20height%3D%27649%27%20fill-opacity%3D%220%22%2F%3E%3C%2Fsvg%3E\" data-srcset=\"https:\/\/www.osjenka.si\/ps-gorice\/wp-content\/uploads\/sites\/2\/2023\/04\/20230316_101132-135x300.jpg 135w, https:\/\/www.osjenka.si\/ps-gorice\/wp-content\/uploads\/sites\/2\/2023\/04\/20230316_101132-200x444.jpg 200w, https:\/\/www.osjenka.si\/ps-gorice\/wp-content\/uploads\/sites\/2\/2023\/04\/20230316_101132-400x889.jpg 400w, https:\/\/www.osjenka.si\/ps-gorice\/wp-content\/uploads\/sites\/2\/2023\/04\/20230316_101132-461x1024.jpg 461w, https:\/\/www.osjenka.si\/ps-gorice\/wp-content\/uploads\/sites\/2\/2023\/04\/20230316_101132-600x1333.jpg 600w, https:\/\/www.osjenka.si\/ps-gorice\/wp-content\/uploads\/sites\/2\/2023\/04\/20230316_101132-691x1536.jpg 691w, https:\/\/www.osjenka.si\/ps-gorice\/wp-content\/uploads\/sites\/2\/2023\/04\/20230316_101132-768x1707.jpg 768w, https:\/\/www.osjenka.si\/ps-gorice\/wp-content\/uploads\/sites\/2\/2023\/04\/20230316_101132-800x1778.jpg 800w, https:\/\/www.osjenka.si\/ps-gorice\/wp-content\/uploads\/sites\/2\/2023\/04\/20230316_101132.jpg 864w\" data-sizes=\"auto\" data-orig-sizes=\"(max-width: 292px) 100vw, 292px\" \/> <img decoding=\"async\" class=\"lazyload alignnone  wp-image-3050\" src=\"https:\/\/www.osjenka.si\/ps-gorice\/wp-content\/uploads\/sites\/2\/2023\/04\/20230316_100726-135x300.jpg\" data-orig-src=\"https:\/\/www.osjenka.si\/ps-gorice\/wp-content\/uploads\/sites\/2\/2023\/04\/20230316_100726-135x300.jpg\" alt=\"\" width=\"291\" height=\"647\" srcset=\"data:image\/svg+xml,%3Csvg%20xmlns%3D%27http%3A%2F%2Fwww.w3.org%2F2000%2Fsvg%27%20width%3D%27291%27%20height%3D%27647%27%20viewBox%3D%270%200%20291%20647%27%3E%3Crect%20width%3D%27291%27%20height%3D%27647%27%20fill-opacity%3D%220%22%2F%3E%3C%2Fsvg%3E\" data-srcset=\"https:\/\/www.osjenka.si\/ps-gorice\/wp-content\/uploads\/sites\/2\/2023\/04\/20230316_100726-135x300.jpg 135w, https:\/\/www.osjenka.si\/ps-gorice\/wp-content\/uploads\/sites\/2\/2023\/04\/20230316_100726-200x444.jpg 200w, https:\/\/www.osjenka.si\/ps-gorice\/wp-content\/uploads\/sites\/2\/2023\/04\/20230316_100726-400x889.jpg 400w, https:\/\/www.osjenka.si\/ps-gorice\/wp-content\/uploads\/sites\/2\/2023\/04\/20230316_100726-461x1024.jpg 461w, https:\/\/www.osjenka.si\/ps-gorice\/wp-content\/uploads\/sites\/2\/2023\/04\/20230316_100726-600x1333.jpg 600w, https:\/\/www.osjenka.si\/ps-gorice\/wp-content\/uploads\/sites\/2\/2023\/04\/20230316_100726-691x1536.jpg 691w, https:\/\/www.osjenka.si\/ps-gorice\/wp-content\/uploads\/sites\/2\/2023\/04\/20230316_100726-768x1707.jpg 768w, https:\/\/www.osjenka.si\/ps-gorice\/wp-content\/uploads\/sites\/2\/2023\/04\/20230316_100726-800x1778.jpg 800w, https:\/\/www.osjenka.si\/ps-gorice\/wp-content\/uploads\/sites\/2\/2023\/04\/20230316_100726.jpg 864w\" data-sizes=\"auto\" data-orig-sizes=\"(max-width: 291px) 100vw, 291px\" \/><\/p>\n<p style=\"text-align: center\">\u00a0<img decoding=\"async\" class=\"lazyload alignnone  wp-image-3049\" src=\"https:\/\/www.osjenka.si\/ps-gorice\/wp-content\/uploads\/sites\/2\/2023\/04\/20230316_100716-135x300.jpg\" data-orig-src=\"https:\/\/www.osjenka.si\/ps-gorice\/wp-content\/uploads\/sites\/2\/2023\/04\/20230316_100716-135x300.jpg\" alt=\"\" width=\"294\" height=\"653\" srcset=\"data:image\/svg+xml,%3Csvg%20xmlns%3D%27http%3A%2F%2Fwww.w3.org%2F2000%2Fsvg%27%20width%3D%27294%27%20height%3D%27653%27%20viewBox%3D%270%200%20294%20653%27%3E%3Crect%20width%3D%27294%27%20height%3D%27653%27%20fill-opacity%3D%220%22%2F%3E%3C%2Fsvg%3E\" data-srcset=\"https:\/\/www.osjenka.si\/ps-gorice\/wp-content\/uploads\/sites\/2\/2023\/04\/20230316_100716-135x300.jpg 135w, https:\/\/www.osjenka.si\/ps-gorice\/wp-content\/uploads\/sites\/2\/2023\/04\/20230316_100716-200x444.jpg 200w, https:\/\/www.osjenka.si\/ps-gorice\/wp-content\/uploads\/sites\/2\/2023\/04\/20230316_100716-400x889.jpg 400w, https:\/\/www.osjenka.si\/ps-gorice\/wp-content\/uploads\/sites\/2\/2023\/04\/20230316_100716-461x1024.jpg 461w, https:\/\/www.osjenka.si\/ps-gorice\/wp-content\/uploads\/sites\/2\/2023\/04\/20230316_100716-600x1333.jpg 600w, https:\/\/www.osjenka.si\/ps-gorice\/wp-content\/uploads\/sites\/2\/2023\/04\/20230316_100716-691x1536.jpg 691w, https:\/\/www.osjenka.si\/ps-gorice\/wp-content\/uploads\/sites\/2\/2023\/04\/20230316_100716-768x1707.jpg 768w, https:\/\/www.osjenka.si\/ps-gorice\/wp-content\/uploads\/sites\/2\/2023\/04\/20230316_100716-800x1778.jpg 800w, https:\/\/www.osjenka.si\/ps-gorice\/wp-content\/uploads\/sites\/2\/2023\/04\/20230316_100716.jpg 864w\" data-sizes=\"auto\" data-orig-sizes=\"(max-width: 294px) 100vw, 294px\" \/> <img decoding=\"async\" class=\"lazyload alignnone  wp-image-3051\" src=\"https:\/\/www.osjenka.si\/ps-gorice\/wp-content\/uploads\/sites\/2\/2023\/04\/20230316_100759-135x300.jpg\" data-orig-src=\"https:\/\/www.osjenka.si\/ps-gorice\/wp-content\/uploads\/sites\/2\/2023\/04\/20230316_100759-135x300.jpg\" alt=\"\" width=\"294\" height=\"653\" srcset=\"data:image\/svg+xml,%3Csvg%20xmlns%3D%27http%3A%2F%2Fwww.w3.org%2F2000%2Fsvg%27%20width%3D%27294%27%20height%3D%27653%27%20viewBox%3D%270%200%20294%20653%27%3E%3Crect%20width%3D%27294%27%20height%3D%27653%27%20fill-opacity%3D%220%22%2F%3E%3C%2Fsvg%3E\" data-srcset=\"https:\/\/www.osjenka.si\/ps-gorice\/wp-content\/uploads\/sites\/2\/2023\/04\/20230316_100759-135x300.jpg 135w, https:\/\/www.osjenka.si\/ps-gorice\/wp-content\/uploads\/sites\/2\/2023\/04\/20230316_100759-200x444.jpg 200w, https:\/\/www.osjenka.si\/ps-gorice\/wp-content\/uploads\/sites\/2\/2023\/04\/20230316_100759-400x889.jpg 400w, https:\/\/www.osjenka.si\/ps-gorice\/wp-content\/uploads\/sites\/2\/2023\/04\/20230316_100759-461x1024.jpg 461w, https:\/\/www.osjenka.si\/ps-gorice\/wp-content\/uploads\/sites\/2\/2023\/04\/20230316_100759-600x1333.jpg 600w, https:\/\/www.osjenka.si\/ps-gorice\/wp-content\/uploads\/sites\/2\/2023\/04\/20230316_100759-691x1536.jpg 691w, https:\/\/www.osjenka.si\/ps-gorice\/wp-content\/uploads\/sites\/2\/2023\/04\/20230316_100759-768x1707.jpg 768w, https:\/\/www.osjenka.si\/ps-gorice\/wp-content\/uploads\/sites\/2\/2023\/04\/20230316_100759-800x1778.jpg 800w, https:\/\/www.osjenka.si\/ps-gorice\/wp-content\/uploads\/sites\/2\/2023\/04\/20230316_100759.jpg 864w\" data-sizes=\"auto\" data-orig-sizes=\"(max-width: 294px) 100vw, 294px\" \/> <img decoding=\"async\" class=\"lazyload alignnone  wp-image-3052\" src=\"https:\/\/www.osjenka.si\/ps-gorice\/wp-content\/uploads\/sites\/2\/2023\/04\/20230316_100837-135x300.jpg\" data-orig-src=\"https:\/\/www.osjenka.si\/ps-gorice\/wp-content\/uploads\/sites\/2\/2023\/04\/20230316_100837-135x300.jpg\" alt=\"\" width=\"294\" height=\"653\" srcset=\"data:image\/svg+xml,%3Csvg%20xmlns%3D%27http%3A%2F%2Fwww.w3.org%2F2000%2Fsvg%27%20width%3D%27294%27%20height%3D%27653%27%20viewBox%3D%270%200%20294%20653%27%3E%3Crect%20width%3D%27294%27%20height%3D%27653%27%20fill-opacity%3D%220%22%2F%3E%3C%2Fsvg%3E\" data-srcset=\"https:\/\/www.osjenka.si\/ps-gorice\/wp-content\/uploads\/sites\/2\/2023\/04\/20230316_100837-135x300.jpg 135w, https:\/\/www.osjenka.si\/ps-gorice\/wp-content\/uploads\/sites\/2\/2023\/04\/20230316_100837-200x444.jpg 200w, https:\/\/www.osjenka.si\/ps-gorice\/wp-content\/uploads\/sites\/2\/2023\/04\/20230316_100837-400x889.jpg 400w, https:\/\/www.osjenka.si\/ps-gorice\/wp-content\/uploads\/sites\/2\/2023\/04\/20230316_100837-461x1024.jpg 461w, https:\/\/www.osjenka.si\/ps-gorice\/wp-content\/uploads\/sites\/2\/2023\/04\/20230316_100837-600x1333.jpg 600w, https:\/\/www.osjenka.si\/ps-gorice\/wp-content\/uploads\/sites\/2\/2023\/04\/20230316_100837-691x1536.jpg 691w, https:\/\/www.osjenka.si\/ps-gorice\/wp-content\/uploads\/sites\/2\/2023\/04\/20230316_100837-768x1707.jpg 768w, https:\/\/www.osjenka.si\/ps-gorice\/wp-content\/uploads\/sites\/2\/2023\/04\/20230316_100837-800x1778.jpg 800w, https:\/\/www.osjenka.si\/ps-gorice\/wp-content\/uploads\/sites\/2\/2023\/04\/20230316_100837.jpg 864w\" data-sizes=\"auto\" data-orig-sizes=\"(max-width: 294px) 100vw, 294px\" \/><\/p>\n<p style=\"text-align: center\">\n<p>&nbsp;<\/p>\n<p>&nbsp;<\/p>\n","protected":false},"excerpt":{"rendered":"<p>U\u010denci \u00a02. razreda smo imeli kulturni dan v Ljubljani. Sprehodili smo se po sredi\u0161\u010du mesta in si ogledali znamenitosti, nato pa smo se odpravili v Slovenski \u0161olski muzej. Ogledali smo si stalno razstavo \u0161olstva na Slovenskem ter se udele\u017eili muzejske u\u010dne ure. Ta je potekala pod strogim o\u010desom gospoda u\u010denika. Oble\u010deni smo bili po modi iz leta 1865. Izkusili smo pouk, kakr\u0161nega so obiskovali na\u0161i vrstniki v preteklosti. Nekateri od nas so lahko okusili \u2018\u010dar\u2019 takratnih kazni \u2013 kle\u010danje v kotu na koruzi in sedenje v oslovski klopi. Pri uri smo uporabljali \u0161olske potreb\u0161\u010dine, kot so jih u\u010denci v \u0161oli neko\u010d. [&hellip;]<\/p>\n","protected":false},"author":7,"featured_media":3054,"comment_status":"open","ping_status":"open","sticky":false,"template":"","format":"standard","meta":{"footnotes":""},"categories":[1],"tags":[],"class_list":["post-3044","post","type-post","status-publish","format-standard","has-post-thumbnail","hentry","category-nekategorizirano"],"yoast_head":"<!-- This site is optimized with the Yoast SEO plugin v19.11 - https:\/\/yoast.com\/wordpress\/plugins\/seo\/ -->\n<title>Obisk Slovenskega \u0161olskega muzeja 2.g - P\u0160 Gori\u010de<\/title>\n<meta name=\"robots\" content=\"index, follow, max-snippet:-1, max-image-preview:large, max-video-preview:-1\" \/>\n<link rel=\"canonical\" href=\"https:\/\/www.osjenka.si\/ps-gorice\/2023\/04\/02\/obisk-slovenskega-solskega-muzeja-2-g\/\" \/>\n<meta property=\"og:locale\" content=\"sl_SI\" \/>\n<meta property=\"og:type\" content=\"article\" \/>\n<meta property=\"og:title\" content=\"Obisk Slovenskega \u0161olskega muzeja 2.g - P\u0160 Gori\u010de\" \/>\n<meta property=\"og:description\" content=\"U\u010denci \u00a02. razreda smo imeli kulturni dan v Ljubljani. Sprehodili smo se po sredi\u0161\u010du mesta in si ogledali znamenitosti, nato pa smo se odpravili v Slovenski \u0161olski muzej. Ogledali smo si stalno razstavo \u0161olstva na Slovenskem ter se udele\u017eili muzejske u\u010dne ure. Ta je potekala pod strogim o\u010desom gospoda u\u010denika. Oble\u010deni smo bili po modi iz leta 1865. Izkusili smo pouk, kakr\u0161nega so obiskovali na\u0161i vrstniki v preteklosti. Nekateri od nas so lahko okusili \u2018\u010dar\u2019 takratnih kazni \u2013 kle\u010danje v kotu na koruzi in sedenje v oslovski klopi. Pri uri smo uporabljali \u0161olske potreb\u0161\u010dine, kot so jih u\u010denci v \u0161oli neko\u010d. [&hellip;]\" \/>\n<meta property=\"og:url\" content=\"https:\/\/www.osjenka.si\/ps-gorice\/2023\/04\/02\/obisk-slovenskega-solskega-muzeja-2-g\/\" \/>\n<meta property=\"og:site_name\" content=\"P\u0160 Gori\u010de\" \/>\n<meta property=\"article:published_time\" content=\"2023-04-02T19:36:08+00:00\" \/>\n<meta property=\"article:modified_time\" content=\"2023-04-02T19:39:18+00:00\" \/>\n<meta property=\"og:image\" content=\"https:\/\/www.osjenka.si\/ps-gorice\/wp-content\/uploads\/sites\/2\/2023\/04\/20230316_100918.jpg\" \/>\n\t<meta property=\"og:image:width\" content=\"1920\" \/>\n\t<meta property=\"og:image:height\" content=\"864\" \/>\n\t<meta property=\"og:image:type\" content=\"image\/jpeg\" \/>\n<meta name=\"author\" content=\"vilma\" \/>\n<meta name=\"twitter:card\" content=\"summary_large_image\" \/>\n<meta name=\"twitter:label1\" content=\"Written by\" \/>\n\t<meta name=\"twitter:data1\" content=\"vilma\" \/>\n\t<meta name=\"twitter:label2\" content=\"Est. reading time\" \/>\n\t<meta name=\"twitter:data2\" content=\"3 minute\" \/>\n<script type=\"application\/ld+json\" class=\"yoast-schema-graph\">{\"@context\":\"https:\/\/schema.org\",\"@graph\":[{\"@type\":\"WebPage\",\"@id\":\"https:\/\/www.osjenka.si\/ps-gorice\/2023\/04\/02\/obisk-slovenskega-solskega-muzeja-2-g\/\",\"url\":\"https:\/\/www.osjenka.si\/ps-gorice\/2023\/04\/02\/obisk-slovenskega-solskega-muzeja-2-g\/\",\"name\":\"Obisk Slovenskega \u0161olskega muzeja 2.g - P\u0160 Gori\u010de\",\"isPartOf\":{\"@id\":\"https:\/\/www.osjenka.si\/ps-gorice\/#website\"},\"datePublished\":\"2023-04-02T19:36:08+00:00\",\"dateModified\":\"2023-04-02T19:39:18+00:00\",\"author\":{\"@id\":\"https:\/\/www.osjenka.si\/ps-gorice\/#\/schema\/person\/94f44dbd9351bedc48d18ae7ab8a6706\"},\"breadcrumb\":{\"@id\":\"https:\/\/www.osjenka.si\/ps-gorice\/2023\/04\/02\/obisk-slovenskega-solskega-muzeja-2-g\/#breadcrumb\"},\"inLanguage\":\"sl-SI\",\"potentialAction\":[{\"@type\":\"ReadAction\",\"target\":[\"https:\/\/www.osjenka.si\/ps-gorice\/2023\/04\/02\/obisk-slovenskega-solskega-muzeja-2-g\/\"]}]},{\"@type\":\"BreadcrumbList\",\"@id\":\"https:\/\/www.osjenka.si\/ps-gorice\/2023\/04\/02\/obisk-slovenskega-solskega-muzeja-2-g\/#breadcrumb\",\"itemListElement\":[{\"@type\":\"ListItem\",\"position\":1,\"name\":\"Home\",\"item\":\"https:\/\/www.osjenka.si\/ps-gorice\/\"},{\"@type\":\"ListItem\",\"position\":2,\"name\":\"Obisk Slovenskega \u0161olskega muzeja 2.g\"}]},{\"@type\":\"WebSite\",\"@id\":\"https:\/\/www.osjenka.si\/ps-gorice\/#website\",\"url\":\"https:\/\/www.osjenka.si\/ps-gorice\/\",\"name\":\"P\u0160 Gori\u010de\",\"description\":\"\",\"potentialAction\":[{\"@type\":\"SearchAction\",\"target\":{\"@type\":\"EntryPoint\",\"urlTemplate\":\"https:\/\/www.osjenka.si\/ps-gorice\/?s={search_term_string}\"},\"query-input\":\"required name=search_term_string\"}],\"inLanguage\":\"sl-SI\"},{\"@type\":\"Person\",\"@id\":\"https:\/\/www.osjenka.si\/ps-gorice\/#\/schema\/person\/94f44dbd9351bedc48d18ae7ab8a6706\",\"name\":\"vilma\",\"image\":{\"@type\":\"ImageObject\",\"inLanguage\":\"sl-SI\",\"@id\":\"https:\/\/www.osjenka.si\/ps-gorice\/#\/schema\/person\/image\/\",\"url\":\"https:\/\/secure.gravatar.com\/avatar\/41aa9d6664f90f3f3e03d130efd6192ff719c2d6a65ccdf098d3c2abf35d7aa6?s=96&d=mm&r=g\",\"contentUrl\":\"https:\/\/secure.gravatar.com\/avatar\/41aa9d6664f90f3f3e03d130efd6192ff719c2d6a65ccdf098d3c2abf35d7aa6?s=96&d=mm&r=g\",\"caption\":\"vilma\"},\"url\":\"https:\/\/www.osjenka.si\/ps-gorice\/author\/vilma\/\"}]}<\/script>\n<!-- \/ Yoast SEO plugin. -->","yoast_head_json":{"title":"Obisk Slovenskega \u0161olskega muzeja 2.g - P\u0160 Gori\u010de","robots":{"index":"index","follow":"follow","max-snippet":"max-snippet:-1","max-image-preview":"max-image-preview:large","max-video-preview":"max-video-preview:-1"},"canonical":"https:\/\/www.osjenka.si\/ps-gorice\/2023\/04\/02\/obisk-slovenskega-solskega-muzeja-2-g\/","og_locale":"sl_SI","og_type":"article","og_title":"Obisk Slovenskega \u0161olskega muzeja 2.g - P\u0160 Gori\u010de","og_description":"U\u010denci \u00a02. razreda smo imeli kulturni dan v Ljubljani. Sprehodili smo se po sredi\u0161\u010du mesta in si ogledali znamenitosti, nato pa smo se odpravili v Slovenski \u0161olski muzej. Ogledali smo si stalno razstavo \u0161olstva na Slovenskem ter se udele\u017eili muzejske u\u010dne ure. Ta je potekala pod strogim o\u010desom gospoda u\u010denika. Oble\u010deni smo bili po modi iz leta 1865. Izkusili smo pouk, kakr\u0161nega so obiskovali na\u0161i vrstniki v preteklosti. Nekateri od nas so lahko okusili \u2018\u010dar\u2019 takratnih kazni \u2013 kle\u010danje v kotu na koruzi in sedenje v oslovski klopi. Pri uri smo uporabljali \u0161olske potreb\u0161\u010dine, kot so jih u\u010denci v \u0161oli neko\u010d. [&hellip;]","og_url":"https:\/\/www.osjenka.si\/ps-gorice\/2023\/04\/02\/obisk-slovenskega-solskega-muzeja-2-g\/","og_site_name":"P\u0160 Gori\u010de","article_published_time":"2023-04-02T19:36:08+00:00","article_modified_time":"2023-04-02T19:39:18+00:00","og_image":[{"width":1920,"height":864,"url":"https:\/\/www.osjenka.si\/ps-gorice\/wp-content\/uploads\/sites\/2\/2023\/04\/20230316_100918.jpg","type":"image\/jpeg"}],"author":"vilma","twitter_card":"summary_large_image","twitter_misc":{"Written by":"vilma","Est. reading time":"3 minute"},"schema":{"@context":"https:\/\/schema.org","@graph":[{"@type":"WebPage","@id":"https:\/\/www.osjenka.si\/ps-gorice\/2023\/04\/02\/obisk-slovenskega-solskega-muzeja-2-g\/","url":"https:\/\/www.osjenka.si\/ps-gorice\/2023\/04\/02\/obisk-slovenskega-solskega-muzeja-2-g\/","name":"Obisk Slovenskega \u0161olskega muzeja 2.g - P\u0160 Gori\u010de","isPartOf":{"@id":"https:\/\/www.osjenka.si\/ps-gorice\/#website"},"datePublished":"2023-04-02T19:36:08+00:00","dateModified":"2023-04-02T19:39:18+00:00","author":{"@id":"https:\/\/www.osjenka.si\/ps-gorice\/#\/schema\/person\/94f44dbd9351bedc48d18ae7ab8a6706"},"breadcrumb":{"@id":"https:\/\/www.osjenka.si\/ps-gorice\/2023\/04\/02\/obisk-slovenskega-solskega-muzeja-2-g\/#breadcrumb"},"inLanguage":"sl-SI","potentialAction":[{"@type":"ReadAction","target":["https:\/\/www.osjenka.si\/ps-gorice\/2023\/04\/02\/obisk-slovenskega-solskega-muzeja-2-g\/"]}]},{"@type":"BreadcrumbList","@id":"https:\/\/www.osjenka.si\/ps-gorice\/2023\/04\/02\/obisk-slovenskega-solskega-muzeja-2-g\/#breadcrumb","itemListElement":[{"@type":"ListItem","position":1,"name":"Home","item":"https:\/\/www.osjenka.si\/ps-gorice\/"},{"@type":"ListItem","position":2,"name":"Obisk Slovenskega \u0161olskega muzeja 2.g"}]},{"@type":"WebSite","@id":"https:\/\/www.osjenka.si\/ps-gorice\/#website","url":"https:\/\/www.osjenka.si\/ps-gorice\/","name":"P\u0160 Gori\u010de","description":"","potentialAction":[{"@type":"SearchAction","target":{"@type":"EntryPoint","urlTemplate":"https:\/\/www.osjenka.si\/ps-gorice\/?s={search_term_string}"},"query-input":"required name=search_term_string"}],"inLanguage":"sl-SI"},{"@type":"Person","@id":"https:\/\/www.osjenka.si\/ps-gorice\/#\/schema\/person\/94f44dbd9351bedc48d18ae7ab8a6706","name":"vilma","image":{"@type":"ImageObject","inLanguage":"sl-SI","@id":"https:\/\/www.osjenka.si\/ps-gorice\/#\/schema\/person\/image\/","url":"https:\/\/secure.gravatar.com\/avatar\/41aa9d6664f90f3f3e03d130efd6192ff719c2d6a65ccdf098d3c2abf35d7aa6?s=96&d=mm&r=g","contentUrl":"https:\/\/secure.gravatar.com\/avatar\/41aa9d6664f90f3f3e03d130efd6192ff719c2d6a65ccdf098d3c2abf35d7aa6?s=96&d=mm&r=g","caption":"vilma"},"url":"https:\/\/www.osjenka.si\/ps-gorice\/author\/vilma\/"}]}},"_links":{"self":[{"href":"https:\/\/www.osjenka.si\/ps-gorice\/wp-json\/wp\/v2\/posts\/3044","targetHints":{"allow":["GET"]}}],"collection":[{"href":"https:\/\/www.osjenka.si\/ps-gorice\/wp-json\/wp\/v2\/posts"}],"about":[{"href":"https:\/\/www.osjenka.si\/ps-gorice\/wp-json\/wp\/v2\/types\/post"}],"author":[{"embeddable":true,"href":"https:\/\/www.osjenka.si\/ps-gorice\/wp-json\/wp\/v2\/users\/7"}],"replies":[{"embeddable":true,"href":"https:\/\/www.osjenka.si\/ps-gorice\/wp-json\/wp\/v2\/comments?post=3044"}],"version-history":[{"count":6,"href":"https:\/\/www.osjenka.si\/ps-gorice\/wp-json\/wp\/v2\/posts\/3044\/revisions"}],"predecessor-version":[{"id":3061,"href":"https:\/\/www.osjenka.si\/ps-gorice\/wp-json\/wp\/v2\/posts\/3044\/revisions\/3061"}],"wp:featuredmedia":[{"embeddable":true,"href":"https:\/\/www.osjenka.si\/ps-gorice\/wp-json\/wp\/v2\/media\/3054"}],"wp:attachment":[{"href":"https:\/\/www.osjenka.si\/ps-gorice\/wp-json\/wp\/v2\/media?parent=3044"}],"wp:term":[{"taxonomy":"category","embeddable":true,"href":"https:\/\/www.osjenka.si\/ps-gorice\/wp-json\/wp\/v2\/categories?post=3044"},{"taxonomy":"post_tag","embeddable":true,"href":"https:\/\/www.osjenka.si\/ps-gorice\/wp-json\/wp\/v2\/tags?post=3044"}],"curies":[{"name":"wp","href":"https:\/\/api.w.org\/{rel}","templated":true}]}}