{"id":3205,"date":"2023-07-14T22:25:09","date_gmt":"2023-07-14T20:25:09","guid":{"rendered":"https:\/\/www.osjenka.si\/ps-gorice\/?p=3205"},"modified":"2023-07-14T22:25:09","modified_gmt":"2023-07-14T20:25:09","slug":"zakljucek-bralne-znacke","status":"publish","type":"post","link":"https:\/\/www.osjenka.si\/ps-gorice\/2023\/07\/14\/zakljucek-bralne-znacke\/","title":{"rendered":"Zaklju\u010dek bralne zna\u010dke"},"content":{"rendered":"<p style=\"text-align: center\">U\u010denci, ki so v leto\u0161njem letu opravili bralno zna\u010dko, so bili nagrajeni z obiskom prav posebne osebe.<!--more--><\/p>\n<p style=\"text-align: center\"><strong><span style=\"color: #0000ff\">Irena Cerar<\/span> <\/strong>je pisateljica, otrokom pa se je predstavila kot pripovedovalka pravljic. Napeto smo prisluhnili njenemu pripovedovanju, saj za njene pravljice nisi nikoli prestar.<\/p>\n<p style=\"text-align: center\"><img decoding=\"async\" class=\"lazyload alignnone  wp-image-3206\" src=\"https:\/\/www.osjenka.si\/ps-gorice\/wp-content\/uploads\/sites\/2\/2023\/07\/IMG_20230613_110807-300x224.jpg\" data-orig-src=\"https:\/\/www.osjenka.si\/ps-gorice\/wp-content\/uploads\/sites\/2\/2023\/07\/IMG_20230613_110807-300x224.jpg\" alt=\"\" width=\"512\" height=\"382\" srcset=\"data:image\/svg+xml,%3Csvg%20xmlns%3D%27http%3A%2F%2Fwww.w3.org%2F2000%2Fsvg%27%20width%3D%27512%27%20height%3D%27382%27%20viewBox%3D%270%200%20512%20382%27%3E%3Crect%20width%3D%27512%27%20height%3D%27382%27%20fill-opacity%3D%220%22%2F%3E%3C%2Fsvg%3E\" data-srcset=\"https:\/\/www.osjenka.si\/ps-gorice\/wp-content\/uploads\/sites\/2\/2023\/07\/IMG_20230613_110807-200x150.jpg 200w, https:\/\/www.osjenka.si\/ps-gorice\/wp-content\/uploads\/sites\/2\/2023\/07\/IMG_20230613_110807-300x224.jpg 300w, https:\/\/www.osjenka.si\/ps-gorice\/wp-content\/uploads\/sites\/2\/2023\/07\/IMG_20230613_110807-400x299.jpg 400w, https:\/\/www.osjenka.si\/ps-gorice\/wp-content\/uploads\/sites\/2\/2023\/07\/IMG_20230613_110807-600x449.jpg 600w, https:\/\/www.osjenka.si\/ps-gorice\/wp-content\/uploads\/sites\/2\/2023\/07\/IMG_20230613_110807-768x574.jpg 768w, https:\/\/www.osjenka.si\/ps-gorice\/wp-content\/uploads\/sites\/2\/2023\/07\/IMG_20230613_110807-800x598.jpg 800w, https:\/\/www.osjenka.si\/ps-gorice\/wp-content\/uploads\/sites\/2\/2023\/07\/IMG_20230613_110807-1024x766.jpg 1024w, https:\/\/www.osjenka.si\/ps-gorice\/wp-content\/uploads\/sites\/2\/2023\/07\/IMG_20230613_110807-1200x898.jpg 1200w, https:\/\/www.osjenka.si\/ps-gorice\/wp-content\/uploads\/sites\/2\/2023\/07\/IMG_20230613_110807-1536x1149.jpg 1536w, https:\/\/www.osjenka.si\/ps-gorice\/wp-content\/uploads\/sites\/2\/2023\/07\/IMG_20230613_110807.jpg 1920w\" data-sizes=\"auto\" data-orig-sizes=\"(max-width: 512px) 100vw, 512px\" \/><\/p>\n<p style=\"text-align: center\"><img decoding=\"async\" class=\"lazyload alignnone  wp-image-3207\" src=\"https:\/\/www.osjenka.si\/ps-gorice\/wp-content\/uploads\/sites\/2\/2023\/07\/IMG_20230613_110840-224x300.jpg\" data-orig-src=\"https:\/\/www.osjenka.si\/ps-gorice\/wp-content\/uploads\/sites\/2\/2023\/07\/IMG_20230613_110840-224x300.jpg\" alt=\"\" width=\"333\" height=\"446\" srcset=\"data:image\/svg+xml,%3Csvg%20xmlns%3D%27http%3A%2F%2Fwww.w3.org%2F2000%2Fsvg%27%20width%3D%27333%27%20height%3D%27446%27%20viewBox%3D%270%200%20333%20446%27%3E%3Crect%20width%3D%27333%27%20height%3D%27446%27%20fill-opacity%3D%220%22%2F%3E%3C%2Fsvg%3E\" data-srcset=\"https:\/\/www.osjenka.si\/ps-gorice\/wp-content\/uploads\/sites\/2\/2023\/07\/IMG_20230613_110840-200x267.jpg 200w, https:\/\/www.osjenka.si\/ps-gorice\/wp-content\/uploads\/sites\/2\/2023\/07\/IMG_20230613_110840-224x300.jpg 224w, https:\/\/www.osjenka.si\/ps-gorice\/wp-content\/uploads\/sites\/2\/2023\/07\/IMG_20230613_110840-400x535.jpg 400w, https:\/\/www.osjenka.si\/ps-gorice\/wp-content\/uploads\/sites\/2\/2023\/07\/IMG_20230613_110840-600x802.jpg 600w, https:\/\/www.osjenka.si\/ps-gorice\/wp-content\/uploads\/sites\/2\/2023\/07\/IMG_20230613_110840-766x1024.jpg 766w, https:\/\/www.osjenka.si\/ps-gorice\/wp-content\/uploads\/sites\/2\/2023\/07\/IMG_20230613_110840-768x1027.jpg 768w, https:\/\/www.osjenka.si\/ps-gorice\/wp-content\/uploads\/sites\/2\/2023\/07\/IMG_20230613_110840-800x1070.jpg 800w, https:\/\/www.osjenka.si\/ps-gorice\/wp-content\/uploads\/sites\/2\/2023\/07\/IMG_20230613_110840-1149x1536.jpg 1149w, https:\/\/www.osjenka.si\/ps-gorice\/wp-content\/uploads\/sites\/2\/2023\/07\/IMG_20230613_110840-1200x1604.jpg 1200w, https:\/\/www.osjenka.si\/ps-gorice\/wp-content\/uploads\/sites\/2\/2023\/07\/IMG_20230613_110840.jpg 1436w\" data-sizes=\"auto\" data-orig-sizes=\"(max-width: 333px) 100vw, 333px\" \/> <img decoding=\"async\" class=\"lazyload alignnone  wp-image-3208\" src=\"https:\/\/www.osjenka.si\/ps-gorice\/wp-content\/uploads\/sites\/2\/2023\/07\/IMG_20230613_110913-224x300.jpg\" data-orig-src=\"https:\/\/www.osjenka.si\/ps-gorice\/wp-content\/uploads\/sites\/2\/2023\/07\/IMG_20230613_110913-224x300.jpg\" alt=\"\" width=\"334\" height=\"447\" srcset=\"data:image\/svg+xml,%3Csvg%20xmlns%3D%27http%3A%2F%2Fwww.w3.org%2F2000%2Fsvg%27%20width%3D%27334%27%20height%3D%27447%27%20viewBox%3D%270%200%20334%20447%27%3E%3Crect%20width%3D%27334%27%20height%3D%27447%27%20fill-opacity%3D%220%22%2F%3E%3C%2Fsvg%3E\" data-srcset=\"https:\/\/www.osjenka.si\/ps-gorice\/wp-content\/uploads\/sites\/2\/2023\/07\/IMG_20230613_110913-200x267.jpg 200w, https:\/\/www.osjenka.si\/ps-gorice\/wp-content\/uploads\/sites\/2\/2023\/07\/IMG_20230613_110913-224x300.jpg 224w, https:\/\/www.osjenka.si\/ps-gorice\/wp-content\/uploads\/sites\/2\/2023\/07\/IMG_20230613_110913-300x400.jpg 300w, https:\/\/www.osjenka.si\/ps-gorice\/wp-content\/uploads\/sites\/2\/2023\/07\/IMG_20230613_110913-400x535.jpg 400w, https:\/\/www.osjenka.si\/ps-gorice\/wp-content\/uploads\/sites\/2\/2023\/07\/IMG_20230613_110913-600x802.jpg 600w, https:\/\/www.osjenka.si\/ps-gorice\/wp-content\/uploads\/sites\/2\/2023\/07\/IMG_20230613_110913-766x1024.jpg 766w, https:\/\/www.osjenka.si\/ps-gorice\/wp-content\/uploads\/sites\/2\/2023\/07\/IMG_20230613_110913-768x1027.jpg 768w, https:\/\/www.osjenka.si\/ps-gorice\/wp-content\/uploads\/sites\/2\/2023\/07\/IMG_20230613_110913-800x1070.jpg 800w, https:\/\/www.osjenka.si\/ps-gorice\/wp-content\/uploads\/sites\/2\/2023\/07\/IMG_20230613_110913-1149x1536.jpg 1149w, https:\/\/www.osjenka.si\/ps-gorice\/wp-content\/uploads\/sites\/2\/2023\/07\/IMG_20230613_110913-1200x1604.jpg 1200w, https:\/\/www.osjenka.si\/ps-gorice\/wp-content\/uploads\/sites\/2\/2023\/07\/IMG_20230613_110913.jpg 1436w\" data-sizes=\"auto\" data-orig-sizes=\"(max-width: 334px) 100vw, 334px\" \/><\/p>\n<p style=\"text-align: center\"><img decoding=\"async\" class=\"lazyload alignnone  wp-image-3209\" src=\"https:\/\/www.osjenka.si\/ps-gorice\/wp-content\/uploads\/sites\/2\/2023\/07\/IMG_20230613_112707-224x300.jpg\" data-orig-src=\"https:\/\/www.osjenka.si\/ps-gorice\/wp-content\/uploads\/sites\/2\/2023\/07\/IMG_20230613_112707-224x300.jpg\" alt=\"\" width=\"333\" height=\"446\" srcset=\"data:image\/svg+xml,%3Csvg%20xmlns%3D%27http%3A%2F%2Fwww.w3.org%2F2000%2Fsvg%27%20width%3D%27333%27%20height%3D%27446%27%20viewBox%3D%270%200%20333%20446%27%3E%3Crect%20width%3D%27333%27%20height%3D%27446%27%20fill-opacity%3D%220%22%2F%3E%3C%2Fsvg%3E\" data-srcset=\"https:\/\/www.osjenka.si\/ps-gorice\/wp-content\/uploads\/sites\/2\/2023\/07\/IMG_20230613_112707-200x267.jpg 200w, https:\/\/www.osjenka.si\/ps-gorice\/wp-content\/uploads\/sites\/2\/2023\/07\/IMG_20230613_112707-224x300.jpg 224w, https:\/\/www.osjenka.si\/ps-gorice\/wp-content\/uploads\/sites\/2\/2023\/07\/IMG_20230613_112707-400x535.jpg 400w, https:\/\/www.osjenka.si\/ps-gorice\/wp-content\/uploads\/sites\/2\/2023\/07\/IMG_20230613_112707-600x802.jpg 600w, https:\/\/www.osjenka.si\/ps-gorice\/wp-content\/uploads\/sites\/2\/2023\/07\/IMG_20230613_112707-766x1024.jpg 766w, https:\/\/www.osjenka.si\/ps-gorice\/wp-content\/uploads\/sites\/2\/2023\/07\/IMG_20230613_112707-768x1027.jpg 768w, https:\/\/www.osjenka.si\/ps-gorice\/wp-content\/uploads\/sites\/2\/2023\/07\/IMG_20230613_112707-800x1070.jpg 800w, https:\/\/www.osjenka.si\/ps-gorice\/wp-content\/uploads\/sites\/2\/2023\/07\/IMG_20230613_112707-1149x1536.jpg 1149w, https:\/\/www.osjenka.si\/ps-gorice\/wp-content\/uploads\/sites\/2\/2023\/07\/IMG_20230613_112707-1200x1604.jpg 1200w, https:\/\/www.osjenka.si\/ps-gorice\/wp-content\/uploads\/sites\/2\/2023\/07\/IMG_20230613_112707.jpg 1436w\" data-sizes=\"auto\" data-orig-sizes=\"(max-width: 333px) 100vw, 333px\" \/> <img decoding=\"async\" class=\"lazyload alignnone  wp-image-3210\" src=\"https:\/\/www.osjenka.si\/ps-gorice\/wp-content\/uploads\/sites\/2\/2023\/07\/IMG_20230613_113558-224x300.jpg\" data-orig-src=\"https:\/\/www.osjenka.si\/ps-gorice\/wp-content\/uploads\/sites\/2\/2023\/07\/IMG_20230613_113558-224x300.jpg\" alt=\"\" width=\"332\" height=\"445\" srcset=\"data:image\/svg+xml,%3Csvg%20xmlns%3D%27http%3A%2F%2Fwww.w3.org%2F2000%2Fsvg%27%20width%3D%27332%27%20height%3D%27445%27%20viewBox%3D%270%200%20332%20445%27%3E%3Crect%20width%3D%27332%27%20height%3D%27445%27%20fill-opacity%3D%220%22%2F%3E%3C%2Fsvg%3E\" data-srcset=\"https:\/\/www.osjenka.si\/ps-gorice\/wp-content\/uploads\/sites\/2\/2023\/07\/IMG_20230613_113558-200x267.jpg 200w, https:\/\/www.osjenka.si\/ps-gorice\/wp-content\/uploads\/sites\/2\/2023\/07\/IMG_20230613_113558-224x300.jpg 224w, https:\/\/www.osjenka.si\/ps-gorice\/wp-content\/uploads\/sites\/2\/2023\/07\/IMG_20230613_113558-400x535.jpg 400w, https:\/\/www.osjenka.si\/ps-gorice\/wp-content\/uploads\/sites\/2\/2023\/07\/IMG_20230613_113558-600x802.jpg 600w, https:\/\/www.osjenka.si\/ps-gorice\/wp-content\/uploads\/sites\/2\/2023\/07\/IMG_20230613_113558-766x1024.jpg 766w, https:\/\/www.osjenka.si\/ps-gorice\/wp-content\/uploads\/sites\/2\/2023\/07\/IMG_20230613_113558-768x1027.jpg 768w, https:\/\/www.osjenka.si\/ps-gorice\/wp-content\/uploads\/sites\/2\/2023\/07\/IMG_20230613_113558-800x1070.jpg 800w, https:\/\/www.osjenka.si\/ps-gorice\/wp-content\/uploads\/sites\/2\/2023\/07\/IMG_20230613_113558-1149x1536.jpg 1149w, https:\/\/www.osjenka.si\/ps-gorice\/wp-content\/uploads\/sites\/2\/2023\/07\/IMG_20230613_113558-1200x1604.jpg 1200w, https:\/\/www.osjenka.si\/ps-gorice\/wp-content\/uploads\/sites\/2\/2023\/07\/IMG_20230613_113558.jpg 1436w\" data-sizes=\"auto\" data-orig-sizes=\"(max-width: 332px) 100vw, 332px\" \/><\/p>\n","protected":false},"excerpt":{"rendered":"<p>U\u010denci, ki so v leto\u0161njem letu opravili bralno zna\u010dko, so bili nagrajeni z obiskom prav posebne osebe.<\/p>\n","protected":false},"author":7,"featured_media":3208,"comment_status":"open","ping_status":"open","sticky":false,"template":"","format":"standard","meta":{"footnotes":""},"categories":[1],"tags":[],"class_list":["post-3205","post","type-post","status-publish","format-standard","has-post-thumbnail","hentry","category-nekategorizirano"],"yoast_head":"<!-- This site is optimized with the Yoast SEO plugin v19.11 - https:\/\/yoast.com\/wordpress\/plugins\/seo\/ -->\n<title>Zaklju\u010dek bralne zna\u010dke - P\u0160 Gori\u010de<\/title>\n<meta name=\"robots\" content=\"index, follow, max-snippet:-1, max-image-preview:large, max-video-preview:-1\" \/>\n<link rel=\"canonical\" href=\"https:\/\/www.osjenka.si\/ps-gorice\/2023\/07\/14\/zakljucek-bralne-znacke\/\" \/>\n<meta property=\"og:locale\" content=\"sl_SI\" \/>\n<meta property=\"og:type\" content=\"article\" \/>\n<meta property=\"og:title\" content=\"Zaklju\u010dek bralne zna\u010dke - P\u0160 Gori\u010de\" \/>\n<meta property=\"og:description\" content=\"U\u010denci, ki so v leto\u0161njem letu opravili bralno zna\u010dko, so bili nagrajeni z obiskom prav posebne osebe.\" \/>\n<meta property=\"og:url\" content=\"https:\/\/www.osjenka.si\/ps-gorice\/2023\/07\/14\/zakljucek-bralne-znacke\/\" \/>\n<meta property=\"og:site_name\" content=\"P\u0160 Gori\u010de\" \/>\n<meta property=\"article:published_time\" content=\"2023-07-14T20:25:09+00:00\" \/>\n<meta property=\"og:image\" content=\"https:\/\/www.osjenka.si\/ps-gorice\/wp-content\/uploads\/sites\/2\/2023\/07\/IMG_20230613_110913.jpg\" \/>\n\t<meta property=\"og:image:width\" content=\"1436\" \/>\n\t<meta property=\"og:image:height\" content=\"1920\" \/>\n\t<meta property=\"og:image:type\" content=\"image\/jpeg\" \/>\n<meta name=\"author\" content=\"vilma\" \/>\n<meta name=\"twitter:card\" content=\"summary_large_image\" \/>\n<meta name=\"twitter:label1\" content=\"Written by\" \/>\n\t<meta name=\"twitter:data1\" content=\"vilma\" \/>\n\t<meta name=\"twitter:label2\" content=\"Est. reading time\" \/>\n\t<meta name=\"twitter:data2\" content=\"2 minuti\" \/>\n<script type=\"application\/ld+json\" class=\"yoast-schema-graph\">{\"@context\":\"https:\/\/schema.org\",\"@graph\":[{\"@type\":\"WebPage\",\"@id\":\"https:\/\/www.osjenka.si\/ps-gorice\/2023\/07\/14\/zakljucek-bralne-znacke\/\",\"url\":\"https:\/\/www.osjenka.si\/ps-gorice\/2023\/07\/14\/zakljucek-bralne-znacke\/\",\"name\":\"Zaklju\u010dek bralne zna\u010dke - P\u0160 Gori\u010de\",\"isPartOf\":{\"@id\":\"https:\/\/www.osjenka.si\/ps-gorice\/#website\"},\"datePublished\":\"2023-07-14T20:25:09+00:00\",\"dateModified\":\"2023-07-14T20:25:09+00:00\",\"author\":{\"@id\":\"https:\/\/www.osjenka.si\/ps-gorice\/#\/schema\/person\/94f44dbd9351bedc48d18ae7ab8a6706\"},\"breadcrumb\":{\"@id\":\"https:\/\/www.osjenka.si\/ps-gorice\/2023\/07\/14\/zakljucek-bralne-znacke\/#breadcrumb\"},\"inLanguage\":\"sl-SI\",\"potentialAction\":[{\"@type\":\"ReadAction\",\"target\":[\"https:\/\/www.osjenka.si\/ps-gorice\/2023\/07\/14\/zakljucek-bralne-znacke\/\"]}]},{\"@type\":\"BreadcrumbList\",\"@id\":\"https:\/\/www.osjenka.si\/ps-gorice\/2023\/07\/14\/zakljucek-bralne-znacke\/#breadcrumb\",\"itemListElement\":[{\"@type\":\"ListItem\",\"position\":1,\"name\":\"Home\",\"item\":\"https:\/\/www.osjenka.si\/ps-gorice\/\"},{\"@type\":\"ListItem\",\"position\":2,\"name\":\"Zaklju\u010dek bralne zna\u010dke\"}]},{\"@type\":\"WebSite\",\"@id\":\"https:\/\/www.osjenka.si\/ps-gorice\/#website\",\"url\":\"https:\/\/www.osjenka.si\/ps-gorice\/\",\"name\":\"P\u0160 Gori\u010de\",\"description\":\"\",\"potentialAction\":[{\"@type\":\"SearchAction\",\"target\":{\"@type\":\"EntryPoint\",\"urlTemplate\":\"https:\/\/www.osjenka.si\/ps-gorice\/?s={search_term_string}\"},\"query-input\":\"required name=search_term_string\"}],\"inLanguage\":\"sl-SI\"},{\"@type\":\"Person\",\"@id\":\"https:\/\/www.osjenka.si\/ps-gorice\/#\/schema\/person\/94f44dbd9351bedc48d18ae7ab8a6706\",\"name\":\"vilma\",\"image\":{\"@type\":\"ImageObject\",\"inLanguage\":\"sl-SI\",\"@id\":\"https:\/\/www.osjenka.si\/ps-gorice\/#\/schema\/person\/image\/\",\"url\":\"https:\/\/secure.gravatar.com\/avatar\/41aa9d6664f90f3f3e03d130efd6192ff719c2d6a65ccdf098d3c2abf35d7aa6?s=96&d=mm&r=g\",\"contentUrl\":\"https:\/\/secure.gravatar.com\/avatar\/41aa9d6664f90f3f3e03d130efd6192ff719c2d6a65ccdf098d3c2abf35d7aa6?s=96&d=mm&r=g\",\"caption\":\"vilma\"},\"url\":\"https:\/\/www.osjenka.si\/ps-gorice\/author\/vilma\/\"}]}<\/script>\n<!-- \/ Yoast SEO plugin. -->","yoast_head_json":{"title":"Zaklju\u010dek bralne zna\u010dke - P\u0160 Gori\u010de","robots":{"index":"index","follow":"follow","max-snippet":"max-snippet:-1","max-image-preview":"max-image-preview:large","max-video-preview":"max-video-preview:-1"},"canonical":"https:\/\/www.osjenka.si\/ps-gorice\/2023\/07\/14\/zakljucek-bralne-znacke\/","og_locale":"sl_SI","og_type":"article","og_title":"Zaklju\u010dek bralne zna\u010dke - P\u0160 Gori\u010de","og_description":"U\u010denci, ki so v leto\u0161njem letu opravili bralno zna\u010dko, so bili nagrajeni z obiskom prav posebne osebe.","og_url":"https:\/\/www.osjenka.si\/ps-gorice\/2023\/07\/14\/zakljucek-bralne-znacke\/","og_site_name":"P\u0160 Gori\u010de","article_published_time":"2023-07-14T20:25:09+00:00","og_image":[{"width":1436,"height":1920,"url":"https:\/\/www.osjenka.si\/ps-gorice\/wp-content\/uploads\/sites\/2\/2023\/07\/IMG_20230613_110913.jpg","type":"image\/jpeg"}],"author":"vilma","twitter_card":"summary_large_image","twitter_misc":{"Written by":"vilma","Est. reading time":"2 minuti"},"schema":{"@context":"https:\/\/schema.org","@graph":[{"@type":"WebPage","@id":"https:\/\/www.osjenka.si\/ps-gorice\/2023\/07\/14\/zakljucek-bralne-znacke\/","url":"https:\/\/www.osjenka.si\/ps-gorice\/2023\/07\/14\/zakljucek-bralne-znacke\/","name":"Zaklju\u010dek bralne zna\u010dke - P\u0160 Gori\u010de","isPartOf":{"@id":"https:\/\/www.osjenka.si\/ps-gorice\/#website"},"datePublished":"2023-07-14T20:25:09+00:00","dateModified":"2023-07-14T20:25:09+00:00","author":{"@id":"https:\/\/www.osjenka.si\/ps-gorice\/#\/schema\/person\/94f44dbd9351bedc48d18ae7ab8a6706"},"breadcrumb":{"@id":"https:\/\/www.osjenka.si\/ps-gorice\/2023\/07\/14\/zakljucek-bralne-znacke\/#breadcrumb"},"inLanguage":"sl-SI","potentialAction":[{"@type":"ReadAction","target":["https:\/\/www.osjenka.si\/ps-gorice\/2023\/07\/14\/zakljucek-bralne-znacke\/"]}]},{"@type":"BreadcrumbList","@id":"https:\/\/www.osjenka.si\/ps-gorice\/2023\/07\/14\/zakljucek-bralne-znacke\/#breadcrumb","itemListElement":[{"@type":"ListItem","position":1,"name":"Home","item":"https:\/\/www.osjenka.si\/ps-gorice\/"},{"@type":"ListItem","position":2,"name":"Zaklju\u010dek bralne zna\u010dke"}]},{"@type":"WebSite","@id":"https:\/\/www.osjenka.si\/ps-gorice\/#website","url":"https:\/\/www.osjenka.si\/ps-gorice\/","name":"P\u0160 Gori\u010de","description":"","potentialAction":[{"@type":"SearchAction","target":{"@type":"EntryPoint","urlTemplate":"https:\/\/www.osjenka.si\/ps-gorice\/?s={search_term_string}"},"query-input":"required name=search_term_string"}],"inLanguage":"sl-SI"},{"@type":"Person","@id":"https:\/\/www.osjenka.si\/ps-gorice\/#\/schema\/person\/94f44dbd9351bedc48d18ae7ab8a6706","name":"vilma","image":{"@type":"ImageObject","inLanguage":"sl-SI","@id":"https:\/\/www.osjenka.si\/ps-gorice\/#\/schema\/person\/image\/","url":"https:\/\/secure.gravatar.com\/avatar\/41aa9d6664f90f3f3e03d130efd6192ff719c2d6a65ccdf098d3c2abf35d7aa6?s=96&d=mm&r=g","contentUrl":"https:\/\/secure.gravatar.com\/avatar\/41aa9d6664f90f3f3e03d130efd6192ff719c2d6a65ccdf098d3c2abf35d7aa6?s=96&d=mm&r=g","caption":"vilma"},"url":"https:\/\/www.osjenka.si\/ps-gorice\/author\/vilma\/"}]}},"_links":{"self":[{"href":"https:\/\/www.osjenka.si\/ps-gorice\/wp-json\/wp\/v2\/posts\/3205","targetHints":{"allow":["GET"]}}],"collection":[{"href":"https:\/\/www.osjenka.si\/ps-gorice\/wp-json\/wp\/v2\/posts"}],"about":[{"href":"https:\/\/www.osjenka.si\/ps-gorice\/wp-json\/wp\/v2\/types\/post"}],"author":[{"embeddable":true,"href":"https:\/\/www.osjenka.si\/ps-gorice\/wp-json\/wp\/v2\/users\/7"}],"replies":[{"embeddable":true,"href":"https:\/\/www.osjenka.si\/ps-gorice\/wp-json\/wp\/v2\/comments?post=3205"}],"version-history":[{"count":1,"href":"https:\/\/www.osjenka.si\/ps-gorice\/wp-json\/wp\/v2\/posts\/3205\/revisions"}],"predecessor-version":[{"id":3212,"href":"https:\/\/www.osjenka.si\/ps-gorice\/wp-json\/wp\/v2\/posts\/3205\/revisions\/3212"}],"wp:featuredmedia":[{"embeddable":true,"href":"https:\/\/www.osjenka.si\/ps-gorice\/wp-json\/wp\/v2\/media\/3208"}],"wp:attachment":[{"href":"https:\/\/www.osjenka.si\/ps-gorice\/wp-json\/wp\/v2\/media?parent=3205"}],"wp:term":[{"taxonomy":"category","embeddable":true,"href":"https:\/\/www.osjenka.si\/ps-gorice\/wp-json\/wp\/v2\/categories?post=3205"},{"taxonomy":"post_tag","embeddable":true,"href":"https:\/\/www.osjenka.si\/ps-gorice\/wp-json\/wp\/v2\/tags?post=3205"}],"curies":[{"name":"wp","href":"https:\/\/api.w.org\/{rel}","templated":true}]}}