{"id":3265,"date":"2023-08-29T18:46:05","date_gmt":"2023-08-29T16:46:05","guid":{"rendered":"https:\/\/www.osjenka.si\/ps-gorice\/?p=3265"},"modified":"2023-08-29T18:46:05","modified_gmt":"2023-08-29T16:46:05","slug":"prvi-solski-dan-2-5-razred","status":"publish","type":"post","link":"https:\/\/www.osjenka.si\/ps-gorice\/2023\/08\/29\/prvi-solski-dan-2-5-razred\/","title":{"rendered":"Prvi \u0161olski dan &#8211; 2. &#8211; 5. razred"},"content":{"rendered":"<h3><\/h3>\n<h3 style=\"text-align: center\"><img decoding=\"async\" class=\"lazyload alignnone size-medium wp-image-3268\" src=\"https:\/\/www.osjenka.si\/ps-gorice\/wp-content\/uploads\/sites\/2\/2023\/08\/ucenci-slikca-300x187.jpeg\" data-orig-src=\"https:\/\/www.osjenka.si\/ps-gorice\/wp-content\/uploads\/sites\/2\/2023\/08\/ucenci-slikca-300x187.jpeg\" alt=\"\" width=\"300\" height=\"187\" srcset=\"data:image\/svg+xml,%3Csvg%20xmlns%3D%27http%3A%2F%2Fwww.w3.org%2F2000%2Fsvg%27%20width%3D%27300%27%20height%3D%27187%27%20viewBox%3D%270%200%20300%20187%27%3E%3Crect%20width%3D%27300%27%20height%3D%27187%27%20fill-opacity%3D%220%22%2F%3E%3C%2Fsvg%3E\" data-srcset=\"https:\/\/www.osjenka.si\/ps-gorice\/wp-content\/uploads\/sites\/2\/2023\/08\/ucenci-slikca-200x125.jpeg 200w, https:\/\/www.osjenka.si\/ps-gorice\/wp-content\/uploads\/sites\/2\/2023\/08\/ucenci-slikca-300x187.jpeg 300w, https:\/\/www.osjenka.si\/ps-gorice\/wp-content\/uploads\/sites\/2\/2023\/08\/ucenci-slikca-400x250.jpeg 400w, https:\/\/www.osjenka.si\/ps-gorice\/wp-content\/uploads\/sites\/2\/2023\/08\/ucenci-slikca-600x375.jpeg 600w, https:\/\/www.osjenka.si\/ps-gorice\/wp-content\/uploads\/sites\/2\/2023\/08\/ucenci-slikca.jpeg 612w\" data-sizes=\"auto\" data-orig-sizes=\"(max-width: 300px) 100vw, 300px\" \/><\/h3>\n<h3 style=\"text-align: center\">Za u\u010dence in u\u010denke 2., 3., 4. in 5. razreda se bo pouk pri\u010del v<\/h3>\n<h3 style=\"text-align: center\"><span style=\"color: #0000ff\"><strong><u>PETEK, 1. SEPTEMBRA 2023,\u00a0<\/u><\/strong><strong><u>ob 8.20 uri.<\/u><\/strong><\/span><\/h3>\n<p style=\"text-align: center\"><strong>Pouk bo prvi \u0161olski dan potekal po naslednjem urniku:<\/strong><\/p>\n<table class=\" aligncenter\" style=\"height: 303px\" width=\"503\">\n<tbody>\n<tr>\n<td width=\"141\"><strong>Ura<\/strong><\/td>\n<td width=\"85\"><strong>2.r<\/strong><\/td>\n<td width=\"85\"><strong>3.r<\/strong><\/td>\n<td width=\"85\"><strong>4.r<\/strong><\/td>\n<td width=\"76\"><strong>5.r<\/strong><\/td>\n<\/tr>\n<tr>\n<td width=\"141\">8.20 \u2013 9.05<\/td>\n<td width=\"85\">ODS<\/td>\n<td width=\"85\">ODS<\/td>\n<td width=\"85\">ODS<\/td>\n<td width=\"76\">ODS<\/td>\n<\/tr>\n<tr>\n<td width=\"141\">9.25 \u2013 10.10<\/td>\n<td width=\"85\">ODS<\/td>\n<td width=\"85\">ODS<\/td>\n<td width=\"85\">ODS<\/td>\n<td width=\"76\">ODS<\/td>\n<\/tr>\n<tr>\n<td width=\"141\">10.15 \u2013 11.00<\/td>\n<td width=\"85\">TJA<\/td>\n<td width=\"85\">SPO<\/td>\n<td width=\"85\">SLJ<\/td>\n<td width=\"76\">DRU<\/td>\n<\/tr>\n<tr>\n<td width=\"141\">11.05 \u2013 11.50<\/td>\n<td width=\"85\">SLJ<\/td>\n<td width=\"85\">LUM<\/td>\n<td width=\"85\">MAT<\/td>\n<td width=\"76\">SLJ<\/td>\n<\/tr>\n<\/tbody>\n<\/table>\n<p style=\"text-align: center\"><strong>S seboj prinesite \u0161olske copate in potreb\u0161\u010dine po urniku.<\/strong><\/p>\n<p style=\"text-align: center\"><strong>U\u010dbenike boste prevzeli prvi \u0161olski dan.<\/strong><\/p>\n<p style=\"text-align: center\"><strong>Malica bo za vse u\u010dence, mo\u017eno je tudi kosilo in OPB. Jutranjega varstva prvi \u0161olski dan ni.<\/strong><\/p>\n<p style=\"text-align: center\">\n<p style=\"text-align: center\"><span style=\"color: #0000ff\"><strong>Delavci \u0161ole vam \u017eelimo lep za\u010detek in uspe\u0161no \u0161olsko leto.\u00a0<\/strong><\/span><\/p>\n","protected":false},"excerpt":{"rendered":"<p>Za u\u010dence in u\u010denke 2., 3., 4. in 5. razreda se bo pouk pri\u010del v PETEK, 1. SEPTEMBRA 2023,\u00a0ob 8.20 uri. Pouk bo prvi \u0161olski dan potekal po naslednjem urniku: Ura 2.r 3.r 4.r 5.r 8.20 \u2013 9.05 ODS ODS ODS ODS 9.25 \u2013 10.10 ODS ODS ODS ODS 10.15 \u2013 11.00 TJA SPO SLJ DRU 11.05 \u2013 11.50 SLJ LUM MAT SLJ S seboj prinesite \u0161olske copate in potreb\u0161\u010dine po urniku. U\u010dbenike boste prevzeli prvi \u0161olski dan. Malica bo za vse u\u010dence, mo\u017eno je tudi kosilo in OPB. Jutranjega varstva prvi \u0161olski dan ni. Delavci \u0161ole vam \u017eelimo lep za\u010detek [&hellip;]<\/p>\n","protected":false},"author":7,"featured_media":3268,"comment_status":"open","ping_status":"open","sticky":false,"template":"","format":"standard","meta":{"footnotes":""},"categories":[1],"tags":[],"class_list":["post-3265","post","type-post","status-publish","format-standard","has-post-thumbnail","hentry","category-nekategorizirano"],"yoast_head":"<!-- This site is optimized with the Yoast SEO plugin v19.11 - https:\/\/yoast.com\/wordpress\/plugins\/seo\/ -->\n<title>Prvi \u0161olski dan - 2. - 5. razred - P\u0160 Gori\u010de<\/title>\n<meta name=\"robots\" content=\"index, follow, max-snippet:-1, max-image-preview:large, max-video-preview:-1\" \/>\n<link rel=\"canonical\" href=\"https:\/\/www.osjenka.si\/ps-gorice\/2023\/08\/29\/prvi-solski-dan-2-5-razred\/\" \/>\n<meta property=\"og:locale\" content=\"sl_SI\" \/>\n<meta property=\"og:type\" content=\"article\" \/>\n<meta property=\"og:title\" content=\"Prvi \u0161olski dan - 2. - 5. razred - P\u0160 Gori\u010de\" \/>\n<meta property=\"og:description\" content=\"Za u\u010dence in u\u010denke 2., 3., 4. in 5. razreda se bo pouk pri\u010del v PETEK, 1. SEPTEMBRA 2023,\u00a0ob 8.20 uri. Pouk bo prvi \u0161olski dan potekal po naslednjem urniku: Ura 2.r 3.r 4.r 5.r 8.20 \u2013 9.05 ODS ODS ODS ODS 9.25 \u2013 10.10 ODS ODS ODS ODS 10.15 \u2013 11.00 TJA SPO SLJ DRU 11.05 \u2013 11.50 SLJ LUM MAT SLJ S seboj prinesite \u0161olske copate in potreb\u0161\u010dine po urniku. U\u010dbenike boste prevzeli prvi \u0161olski dan. Malica bo za vse u\u010dence, mo\u017eno je tudi kosilo in OPB. Jutranjega varstva prvi \u0161olski dan ni. Delavci \u0161ole vam \u017eelimo lep za\u010detek [&hellip;]\" \/>\n<meta property=\"og:url\" content=\"https:\/\/www.osjenka.si\/ps-gorice\/2023\/08\/29\/prvi-solski-dan-2-5-razred\/\" \/>\n<meta property=\"og:site_name\" content=\"P\u0160 Gori\u010de\" \/>\n<meta property=\"article:published_time\" content=\"2023-08-29T16:46:05+00:00\" \/>\n<meta property=\"og:image\" content=\"https:\/\/www.osjenka.si\/ps-gorice\/wp-content\/uploads\/sites\/2\/2023\/08\/ucenci-slikca.jpeg\" \/>\n\t<meta property=\"og:image:width\" content=\"612\" \/>\n\t<meta property=\"og:image:height\" content=\"382\" \/>\n\t<meta property=\"og:image:type\" content=\"image\/jpeg\" \/>\n<meta name=\"author\" content=\"vilma\" \/>\n<meta name=\"twitter:card\" content=\"summary_large_image\" \/>\n<meta name=\"twitter:label1\" content=\"Written by\" \/>\n\t<meta name=\"twitter:data1\" content=\"vilma\" \/>\n\t<meta name=\"twitter:label2\" content=\"Est. reading time\" \/>\n\t<meta name=\"twitter:data2\" content=\"1 minuta\" \/>\n<script type=\"application\/ld+json\" class=\"yoast-schema-graph\">{\"@context\":\"https:\/\/schema.org\",\"@graph\":[{\"@type\":\"WebPage\",\"@id\":\"https:\/\/www.osjenka.si\/ps-gorice\/2023\/08\/29\/prvi-solski-dan-2-5-razred\/\",\"url\":\"https:\/\/www.osjenka.si\/ps-gorice\/2023\/08\/29\/prvi-solski-dan-2-5-razred\/\",\"name\":\"Prvi \u0161olski dan - 2. - 5. razred - P\u0160 Gori\u010de\",\"isPartOf\":{\"@id\":\"https:\/\/www.osjenka.si\/ps-gorice\/#website\"},\"datePublished\":\"2023-08-29T16:46:05+00:00\",\"dateModified\":\"2023-08-29T16:46:05+00:00\",\"author\":{\"@id\":\"https:\/\/www.osjenka.si\/ps-gorice\/#\/schema\/person\/94f44dbd9351bedc48d18ae7ab8a6706\"},\"breadcrumb\":{\"@id\":\"https:\/\/www.osjenka.si\/ps-gorice\/2023\/08\/29\/prvi-solski-dan-2-5-razred\/#breadcrumb\"},\"inLanguage\":\"sl-SI\",\"potentialAction\":[{\"@type\":\"ReadAction\",\"target\":[\"https:\/\/www.osjenka.si\/ps-gorice\/2023\/08\/29\/prvi-solski-dan-2-5-razred\/\"]}]},{\"@type\":\"BreadcrumbList\",\"@id\":\"https:\/\/www.osjenka.si\/ps-gorice\/2023\/08\/29\/prvi-solski-dan-2-5-razred\/#breadcrumb\",\"itemListElement\":[{\"@type\":\"ListItem\",\"position\":1,\"name\":\"Home\",\"item\":\"https:\/\/www.osjenka.si\/ps-gorice\/\"},{\"@type\":\"ListItem\",\"position\":2,\"name\":\"Prvi \u0161olski dan &#8211; 2. &#8211; 5. razred\"}]},{\"@type\":\"WebSite\",\"@id\":\"https:\/\/www.osjenka.si\/ps-gorice\/#website\",\"url\":\"https:\/\/www.osjenka.si\/ps-gorice\/\",\"name\":\"P\u0160 Gori\u010de\",\"description\":\"\",\"potentialAction\":[{\"@type\":\"SearchAction\",\"target\":{\"@type\":\"EntryPoint\",\"urlTemplate\":\"https:\/\/www.osjenka.si\/ps-gorice\/?s={search_term_string}\"},\"query-input\":\"required name=search_term_string\"}],\"inLanguage\":\"sl-SI\"},{\"@type\":\"Person\",\"@id\":\"https:\/\/www.osjenka.si\/ps-gorice\/#\/schema\/person\/94f44dbd9351bedc48d18ae7ab8a6706\",\"name\":\"vilma\",\"image\":{\"@type\":\"ImageObject\",\"inLanguage\":\"sl-SI\",\"@id\":\"https:\/\/www.osjenka.si\/ps-gorice\/#\/schema\/person\/image\/\",\"url\":\"https:\/\/secure.gravatar.com\/avatar\/41aa9d6664f90f3f3e03d130efd6192ff719c2d6a65ccdf098d3c2abf35d7aa6?s=96&d=mm&r=g\",\"contentUrl\":\"https:\/\/secure.gravatar.com\/avatar\/41aa9d6664f90f3f3e03d130efd6192ff719c2d6a65ccdf098d3c2abf35d7aa6?s=96&d=mm&r=g\",\"caption\":\"vilma\"},\"url\":\"https:\/\/www.osjenka.si\/ps-gorice\/author\/vilma\/\"}]}<\/script>\n<!-- \/ Yoast SEO plugin. -->","yoast_head_json":{"title":"Prvi \u0161olski dan - 2. - 5. razred - P\u0160 Gori\u010de","robots":{"index":"index","follow":"follow","max-snippet":"max-snippet:-1","max-image-preview":"max-image-preview:large","max-video-preview":"max-video-preview:-1"},"canonical":"https:\/\/www.osjenka.si\/ps-gorice\/2023\/08\/29\/prvi-solski-dan-2-5-razred\/","og_locale":"sl_SI","og_type":"article","og_title":"Prvi \u0161olski dan - 2. - 5. razred - P\u0160 Gori\u010de","og_description":"Za u\u010dence in u\u010denke 2., 3., 4. in 5. razreda se bo pouk pri\u010del v PETEK, 1. SEPTEMBRA 2023,\u00a0ob 8.20 uri. Pouk bo prvi \u0161olski dan potekal po naslednjem urniku: Ura 2.r 3.r 4.r 5.r 8.20 \u2013 9.05 ODS ODS ODS ODS 9.25 \u2013 10.10 ODS ODS ODS ODS 10.15 \u2013 11.00 TJA SPO SLJ DRU 11.05 \u2013 11.50 SLJ LUM MAT SLJ S seboj prinesite \u0161olske copate in potreb\u0161\u010dine po urniku. U\u010dbenike boste prevzeli prvi \u0161olski dan. Malica bo za vse u\u010dence, mo\u017eno je tudi kosilo in OPB. Jutranjega varstva prvi \u0161olski dan ni. Delavci \u0161ole vam \u017eelimo lep za\u010detek [&hellip;]","og_url":"https:\/\/www.osjenka.si\/ps-gorice\/2023\/08\/29\/prvi-solski-dan-2-5-razred\/","og_site_name":"P\u0160 Gori\u010de","article_published_time":"2023-08-29T16:46:05+00:00","og_image":[{"width":612,"height":382,"url":"https:\/\/www.osjenka.si\/ps-gorice\/wp-content\/uploads\/sites\/2\/2023\/08\/ucenci-slikca.jpeg","type":"image\/jpeg"}],"author":"vilma","twitter_card":"summary_large_image","twitter_misc":{"Written by":"vilma","Est. reading time":"1 minuta"},"schema":{"@context":"https:\/\/schema.org","@graph":[{"@type":"WebPage","@id":"https:\/\/www.osjenka.si\/ps-gorice\/2023\/08\/29\/prvi-solski-dan-2-5-razred\/","url":"https:\/\/www.osjenka.si\/ps-gorice\/2023\/08\/29\/prvi-solski-dan-2-5-razred\/","name":"Prvi \u0161olski dan - 2. - 5. razred - P\u0160 Gori\u010de","isPartOf":{"@id":"https:\/\/www.osjenka.si\/ps-gorice\/#website"},"datePublished":"2023-08-29T16:46:05+00:00","dateModified":"2023-08-29T16:46:05+00:00","author":{"@id":"https:\/\/www.osjenka.si\/ps-gorice\/#\/schema\/person\/94f44dbd9351bedc48d18ae7ab8a6706"},"breadcrumb":{"@id":"https:\/\/www.osjenka.si\/ps-gorice\/2023\/08\/29\/prvi-solski-dan-2-5-razred\/#breadcrumb"},"inLanguage":"sl-SI","potentialAction":[{"@type":"ReadAction","target":["https:\/\/www.osjenka.si\/ps-gorice\/2023\/08\/29\/prvi-solski-dan-2-5-razred\/"]}]},{"@type":"BreadcrumbList","@id":"https:\/\/www.osjenka.si\/ps-gorice\/2023\/08\/29\/prvi-solski-dan-2-5-razred\/#breadcrumb","itemListElement":[{"@type":"ListItem","position":1,"name":"Home","item":"https:\/\/www.osjenka.si\/ps-gorice\/"},{"@type":"ListItem","position":2,"name":"Prvi \u0161olski dan &#8211; 2. &#8211; 5. razred"}]},{"@type":"WebSite","@id":"https:\/\/www.osjenka.si\/ps-gorice\/#website","url":"https:\/\/www.osjenka.si\/ps-gorice\/","name":"P\u0160 Gori\u010de","description":"","potentialAction":[{"@type":"SearchAction","target":{"@type":"EntryPoint","urlTemplate":"https:\/\/www.osjenka.si\/ps-gorice\/?s={search_term_string}"},"query-input":"required name=search_term_string"}],"inLanguage":"sl-SI"},{"@type":"Person","@id":"https:\/\/www.osjenka.si\/ps-gorice\/#\/schema\/person\/94f44dbd9351bedc48d18ae7ab8a6706","name":"vilma","image":{"@type":"ImageObject","inLanguage":"sl-SI","@id":"https:\/\/www.osjenka.si\/ps-gorice\/#\/schema\/person\/image\/","url":"https:\/\/secure.gravatar.com\/avatar\/41aa9d6664f90f3f3e03d130efd6192ff719c2d6a65ccdf098d3c2abf35d7aa6?s=96&d=mm&r=g","contentUrl":"https:\/\/secure.gravatar.com\/avatar\/41aa9d6664f90f3f3e03d130efd6192ff719c2d6a65ccdf098d3c2abf35d7aa6?s=96&d=mm&r=g","caption":"vilma"},"url":"https:\/\/www.osjenka.si\/ps-gorice\/author\/vilma\/"}]}},"_links":{"self":[{"href":"https:\/\/www.osjenka.si\/ps-gorice\/wp-json\/wp\/v2\/posts\/3265","targetHints":{"allow":["GET"]}}],"collection":[{"href":"https:\/\/www.osjenka.si\/ps-gorice\/wp-json\/wp\/v2\/posts"}],"about":[{"href":"https:\/\/www.osjenka.si\/ps-gorice\/wp-json\/wp\/v2\/types\/post"}],"author":[{"embeddable":true,"href":"https:\/\/www.osjenka.si\/ps-gorice\/wp-json\/wp\/v2\/users\/7"}],"replies":[{"embeddable":true,"href":"https:\/\/www.osjenka.si\/ps-gorice\/wp-json\/wp\/v2\/comments?post=3265"}],"version-history":[{"count":4,"href":"https:\/\/www.osjenka.si\/ps-gorice\/wp-json\/wp\/v2\/posts\/3265\/revisions"}],"predecessor-version":[{"id":3271,"href":"https:\/\/www.osjenka.si\/ps-gorice\/wp-json\/wp\/v2\/posts\/3265\/revisions\/3271"}],"wp:featuredmedia":[{"embeddable":true,"href":"https:\/\/www.osjenka.si\/ps-gorice\/wp-json\/wp\/v2\/media\/3268"}],"wp:attachment":[{"href":"https:\/\/www.osjenka.si\/ps-gorice\/wp-json\/wp\/v2\/media?parent=3265"}],"wp:term":[{"taxonomy":"category","embeddable":true,"href":"https:\/\/www.osjenka.si\/ps-gorice\/wp-json\/wp\/v2\/categories?post=3265"},{"taxonomy":"post_tag","embeddable":true,"href":"https:\/\/www.osjenka.si\/ps-gorice\/wp-json\/wp\/v2\/tags?post=3265"}],"curies":[{"name":"wp","href":"https:\/\/api.w.org\/{rel}","templated":true}]}}