{"id":3282,"date":"2023-09-12T17:42:18","date_gmt":"2023-09-12T15:42:18","guid":{"rendered":"https:\/\/www.osjenka.si\/ps-gorice\/?p=3282"},"modified":"2023-09-12T17:42:18","modified_gmt":"2023-09-12T15:42:18","slug":"obvestilo-o-pojavu-usi-na-soli","status":"publish","type":"post","link":"https:\/\/www.osjenka.si\/ps-gorice\/2023\/09\/12\/obvestilo-o-pojavu-usi-na-soli\/","title":{"rendered":"Obvestilo o pojavu u\u0161i na \u0161oli"},"content":{"rendered":"<p>Obve\u0161\u010damo vas, da so se na \u0161oli pojavile u\u0161i.<\/p>\n<p>Prosimo vas, da preventivno pregledate lasi\u0161\u010de svojega otroka in ob morebitnem pojavu u\u0161i ustrezno ukrepate. Nekaj nasvetov je zbranih na letaku NIJZ-ja.<\/p>\n<p><a href=\"https:\/\/www.osjenka.si\/ps-gorice\/wp-content\/uploads\/sites\/2\/2023\/09\/kako_odstranimo_usi_plakat_3.pdf\">kako_odstranimo_usi_plakat_3<\/a><\/p>\n<p>&nbsp;<\/p>\n","protected":false},"excerpt":{"rendered":"<p>Obve\u0161\u010damo vas, da so se na \u0161oli pojavile u\u0161i. Prosimo vas, da preventivno pregledate lasi\u0161\u010de svojega otroka in ob morebitnem pojavu u\u0161i ustrezno ukrepate. Nekaj nasvetov je zbranih na letaku NIJZ-ja. kako_odstranimo_usi_plakat_3 &nbsp;<\/p>\n","protected":false},"author":7,"featured_media":0,"comment_status":"open","ping_status":"open","sticky":false,"template":"","format":"standard","meta":{"footnotes":""},"categories":[1],"tags":[],"class_list":["post-3282","post","type-post","status-publish","format-standard","hentry","category-nekategorizirano"],"yoast_head":"<!-- This site is optimized with the Yoast SEO plugin v19.11 - https:\/\/yoast.com\/wordpress\/plugins\/seo\/ -->\n<title>Obvestilo o pojavu u\u0161i na \u0161oli - P\u0160 Gori\u010de<\/title>\n<meta name=\"robots\" content=\"index, follow, max-snippet:-1, max-image-preview:large, max-video-preview:-1\" \/>\n<link rel=\"canonical\" href=\"https:\/\/www.osjenka.si\/ps-gorice\/2023\/09\/12\/obvestilo-o-pojavu-usi-na-soli\/\" \/>\n<meta property=\"og:locale\" content=\"sl_SI\" \/>\n<meta property=\"og:type\" content=\"article\" \/>\n<meta property=\"og:title\" content=\"Obvestilo o pojavu u\u0161i na \u0161oli - P\u0160 Gori\u010de\" \/>\n<meta property=\"og:description\" content=\"Obve\u0161\u010damo vas, da so se na \u0161oli pojavile u\u0161i. Prosimo vas, da preventivno pregledate lasi\u0161\u010de svojega otroka in ob morebitnem pojavu u\u0161i ustrezno ukrepate. Nekaj nasvetov je zbranih na letaku NIJZ-ja. kako_odstranimo_usi_plakat_3 &nbsp;\" \/>\n<meta property=\"og:url\" content=\"https:\/\/www.osjenka.si\/ps-gorice\/2023\/09\/12\/obvestilo-o-pojavu-usi-na-soli\/\" \/>\n<meta property=\"og:site_name\" content=\"P\u0160 Gori\u010de\" \/>\n<meta property=\"article:published_time\" content=\"2023-09-12T15:42:18+00:00\" \/>\n<meta name=\"author\" content=\"vilma\" \/>\n<meta name=\"twitter:card\" content=\"summary_large_image\" \/>\n<meta name=\"twitter:label1\" content=\"Written by\" \/>\n\t<meta name=\"twitter:data1\" content=\"vilma\" \/>\n\t<meta name=\"twitter:label2\" content=\"Est. reading time\" \/>\n\t<meta name=\"twitter:data2\" content=\"1 minuta\" \/>\n<script type=\"application\/ld+json\" class=\"yoast-schema-graph\">{\"@context\":\"https:\/\/schema.org\",\"@graph\":[{\"@type\":\"WebPage\",\"@id\":\"https:\/\/www.osjenka.si\/ps-gorice\/2023\/09\/12\/obvestilo-o-pojavu-usi-na-soli\/\",\"url\":\"https:\/\/www.osjenka.si\/ps-gorice\/2023\/09\/12\/obvestilo-o-pojavu-usi-na-soli\/\",\"name\":\"Obvestilo o pojavu u\u0161i na \u0161oli - P\u0160 Gori\u010de\",\"isPartOf\":{\"@id\":\"https:\/\/www.osjenka.si\/ps-gorice\/#website\"},\"datePublished\":\"2023-09-12T15:42:18+00:00\",\"dateModified\":\"2023-09-12T15:42:18+00:00\",\"author\":{\"@id\":\"https:\/\/www.osjenka.si\/ps-gorice\/#\/schema\/person\/94f44dbd9351bedc48d18ae7ab8a6706\"},\"breadcrumb\":{\"@id\":\"https:\/\/www.osjenka.si\/ps-gorice\/2023\/09\/12\/obvestilo-o-pojavu-usi-na-soli\/#breadcrumb\"},\"inLanguage\":\"sl-SI\",\"potentialAction\":[{\"@type\":\"ReadAction\",\"target\":[\"https:\/\/www.osjenka.si\/ps-gorice\/2023\/09\/12\/obvestilo-o-pojavu-usi-na-soli\/\"]}]},{\"@type\":\"BreadcrumbList\",\"@id\":\"https:\/\/www.osjenka.si\/ps-gorice\/2023\/09\/12\/obvestilo-o-pojavu-usi-na-soli\/#breadcrumb\",\"itemListElement\":[{\"@type\":\"ListItem\",\"position\":1,\"name\":\"Home\",\"item\":\"https:\/\/www.osjenka.si\/ps-gorice\/\"},{\"@type\":\"ListItem\",\"position\":2,\"name\":\"Obvestilo o pojavu u\u0161i na \u0161oli\"}]},{\"@type\":\"WebSite\",\"@id\":\"https:\/\/www.osjenka.si\/ps-gorice\/#website\",\"url\":\"https:\/\/www.osjenka.si\/ps-gorice\/\",\"name\":\"P\u0160 Gori\u010de\",\"description\":\"\",\"potentialAction\":[{\"@type\":\"SearchAction\",\"target\":{\"@type\":\"EntryPoint\",\"urlTemplate\":\"https:\/\/www.osjenka.si\/ps-gorice\/?s={search_term_string}\"},\"query-input\":\"required name=search_term_string\"}],\"inLanguage\":\"sl-SI\"},{\"@type\":\"Person\",\"@id\":\"https:\/\/www.osjenka.si\/ps-gorice\/#\/schema\/person\/94f44dbd9351bedc48d18ae7ab8a6706\",\"name\":\"vilma\",\"image\":{\"@type\":\"ImageObject\",\"inLanguage\":\"sl-SI\",\"@id\":\"https:\/\/www.osjenka.si\/ps-gorice\/#\/schema\/person\/image\/\",\"url\":\"https:\/\/secure.gravatar.com\/avatar\/41aa9d6664f90f3f3e03d130efd6192ff719c2d6a65ccdf098d3c2abf35d7aa6?s=96&d=mm&r=g\",\"contentUrl\":\"https:\/\/secure.gravatar.com\/avatar\/41aa9d6664f90f3f3e03d130efd6192ff719c2d6a65ccdf098d3c2abf35d7aa6?s=96&d=mm&r=g\",\"caption\":\"vilma\"},\"url\":\"https:\/\/www.osjenka.si\/ps-gorice\/author\/vilma\/\"}]}<\/script>\n<!-- \/ Yoast SEO plugin. -->","yoast_head_json":{"title":"Obvestilo o pojavu u\u0161i na \u0161oli - P\u0160 Gori\u010de","robots":{"index":"index","follow":"follow","max-snippet":"max-snippet:-1","max-image-preview":"max-image-preview:large","max-video-preview":"max-video-preview:-1"},"canonical":"https:\/\/www.osjenka.si\/ps-gorice\/2023\/09\/12\/obvestilo-o-pojavu-usi-na-soli\/","og_locale":"sl_SI","og_type":"article","og_title":"Obvestilo o pojavu u\u0161i na \u0161oli - P\u0160 Gori\u010de","og_description":"Obve\u0161\u010damo vas, da so se na \u0161oli pojavile u\u0161i. Prosimo vas, da preventivno pregledate lasi\u0161\u010de svojega otroka in ob morebitnem pojavu u\u0161i ustrezno ukrepate. Nekaj nasvetov je zbranih na letaku NIJZ-ja. kako_odstranimo_usi_plakat_3 &nbsp;","og_url":"https:\/\/www.osjenka.si\/ps-gorice\/2023\/09\/12\/obvestilo-o-pojavu-usi-na-soli\/","og_site_name":"P\u0160 Gori\u010de","article_published_time":"2023-09-12T15:42:18+00:00","author":"vilma","twitter_card":"summary_large_image","twitter_misc":{"Written by":"vilma","Est. reading time":"1 minuta"},"schema":{"@context":"https:\/\/schema.org","@graph":[{"@type":"WebPage","@id":"https:\/\/www.osjenka.si\/ps-gorice\/2023\/09\/12\/obvestilo-o-pojavu-usi-na-soli\/","url":"https:\/\/www.osjenka.si\/ps-gorice\/2023\/09\/12\/obvestilo-o-pojavu-usi-na-soli\/","name":"Obvestilo o pojavu u\u0161i na \u0161oli - P\u0160 Gori\u010de","isPartOf":{"@id":"https:\/\/www.osjenka.si\/ps-gorice\/#website"},"datePublished":"2023-09-12T15:42:18+00:00","dateModified":"2023-09-12T15:42:18+00:00","author":{"@id":"https:\/\/www.osjenka.si\/ps-gorice\/#\/schema\/person\/94f44dbd9351bedc48d18ae7ab8a6706"},"breadcrumb":{"@id":"https:\/\/www.osjenka.si\/ps-gorice\/2023\/09\/12\/obvestilo-o-pojavu-usi-na-soli\/#breadcrumb"},"inLanguage":"sl-SI","potentialAction":[{"@type":"ReadAction","target":["https:\/\/www.osjenka.si\/ps-gorice\/2023\/09\/12\/obvestilo-o-pojavu-usi-na-soli\/"]}]},{"@type":"BreadcrumbList","@id":"https:\/\/www.osjenka.si\/ps-gorice\/2023\/09\/12\/obvestilo-o-pojavu-usi-na-soli\/#breadcrumb","itemListElement":[{"@type":"ListItem","position":1,"name":"Home","item":"https:\/\/www.osjenka.si\/ps-gorice\/"},{"@type":"ListItem","position":2,"name":"Obvestilo o pojavu u\u0161i na \u0161oli"}]},{"@type":"WebSite","@id":"https:\/\/www.osjenka.si\/ps-gorice\/#website","url":"https:\/\/www.osjenka.si\/ps-gorice\/","name":"P\u0160 Gori\u010de","description":"","potentialAction":[{"@type":"SearchAction","target":{"@type":"EntryPoint","urlTemplate":"https:\/\/www.osjenka.si\/ps-gorice\/?s={search_term_string}"},"query-input":"required name=search_term_string"}],"inLanguage":"sl-SI"},{"@type":"Person","@id":"https:\/\/www.osjenka.si\/ps-gorice\/#\/schema\/person\/94f44dbd9351bedc48d18ae7ab8a6706","name":"vilma","image":{"@type":"ImageObject","inLanguage":"sl-SI","@id":"https:\/\/www.osjenka.si\/ps-gorice\/#\/schema\/person\/image\/","url":"https:\/\/secure.gravatar.com\/avatar\/41aa9d6664f90f3f3e03d130efd6192ff719c2d6a65ccdf098d3c2abf35d7aa6?s=96&d=mm&r=g","contentUrl":"https:\/\/secure.gravatar.com\/avatar\/41aa9d6664f90f3f3e03d130efd6192ff719c2d6a65ccdf098d3c2abf35d7aa6?s=96&d=mm&r=g","caption":"vilma"},"url":"https:\/\/www.osjenka.si\/ps-gorice\/author\/vilma\/"}]}},"_links":{"self":[{"href":"https:\/\/www.osjenka.si\/ps-gorice\/wp-json\/wp\/v2\/posts\/3282","targetHints":{"allow":["GET"]}}],"collection":[{"href":"https:\/\/www.osjenka.si\/ps-gorice\/wp-json\/wp\/v2\/posts"}],"about":[{"href":"https:\/\/www.osjenka.si\/ps-gorice\/wp-json\/wp\/v2\/types\/post"}],"author":[{"embeddable":true,"href":"https:\/\/www.osjenka.si\/ps-gorice\/wp-json\/wp\/v2\/users\/7"}],"replies":[{"embeddable":true,"href":"https:\/\/www.osjenka.si\/ps-gorice\/wp-json\/wp\/v2\/comments?post=3282"}],"version-history":[{"count":1,"href":"https:\/\/www.osjenka.si\/ps-gorice\/wp-json\/wp\/v2\/posts\/3282\/revisions"}],"predecessor-version":[{"id":3284,"href":"https:\/\/www.osjenka.si\/ps-gorice\/wp-json\/wp\/v2\/posts\/3282\/revisions\/3284"}],"wp:attachment":[{"href":"https:\/\/www.osjenka.si\/ps-gorice\/wp-json\/wp\/v2\/media?parent=3282"}],"wp:term":[{"taxonomy":"category","embeddable":true,"href":"https:\/\/www.osjenka.si\/ps-gorice\/wp-json\/wp\/v2\/categories?post=3282"},{"taxonomy":"post_tag","embeddable":true,"href":"https:\/\/www.osjenka.si\/ps-gorice\/wp-json\/wp\/v2\/tags?post=3282"}],"curies":[{"name":"wp","href":"https:\/\/api.w.org\/{rel}","templated":true}]}}