{"id":3302,"date":"2023-09-24T21:52:43","date_gmt":"2023-09-24T19:52:43","guid":{"rendered":"https:\/\/www.osjenka.si\/ps-gorice\/?p=3302"},"modified":"2023-09-24T21:52:43","modified_gmt":"2023-09-24T19:52:43","slug":"svn-savudrija-4-g","status":"publish","type":"post","link":"https:\/\/www.osjenka.si\/ps-gorice\/2023\/09\/24\/svn-savudrija-4-g\/","title":{"rendered":"\u0160VN &#8211; Savudrija 4.g"},"content":{"rendered":"<h3><span style=\"color: #0000ff\">SAVUDRIJA, od 7.9. do.11.9.2023<\/span><\/h3>\n<h3><span style=\"color: #0000ff\">\u010cetrti razredi smo\u00a0 \u017ee drugi teden \u0161ole od\u0161li v \u0161olo v naravi v Savudrijo. V avtobusu smo bili vsi razigrani in polni pri\u010dakovanja. Ko smo pri\u0161li na cilj, smo se najprej razdelili po sobah. \u017de prvi dan smo od\u0161li na plavanje. V\u0161e\u010d mi je bilo, ker je bilo morje zelo toplo. Vsak dan smo imeli dvakrat plavanje, pred kosilom in popoldan. Zato zdaj zelo dobro plavamo.<\/span><\/h3>\n<h3><span style=\"color: #0000ff\">\u0160e posebej v\u0161e\u010d mi je bil spoznavni ve\u010der ter ve\u010der, ko smo imeli ples in potem \u0161e no\u010dno kopanje.<\/span><\/h3>\n<h3><span style=\"color: #0000ff\">Predzadnji dan smo \u0161li na vlakec do Umaga. V Umagu smo \u0161li na sprehod, potem pa do stojnic. Na poti nazaj smo se ustavili na sladoledu. To je bil najbolj\u0161i dan.<\/span><\/h3>\n<h3><span style=\"color: #0000ff\">V Savudriji smo do\u017eiveli veliko zanimivih stvari. Veliko smo se gibali in zabavali.<\/span><\/h3>\n<h3 style=\"text-align: right\">\u00a0\u00a0 \u00a0\u00a0\u00a0\u00a0\u00a0\u00a0\u00a0\u00a0\u00a0\u00a0\u00a0\u00a0\u00a0\u00a0\u00a0\u00a0\u00a0\u00a0\u00a0\u00a0\u00a0\u00a0\u00a0\u00a0\u00a0\u00a0\u00a0\u00a0\u00a0\u00a0\u00a0\u00a0\u00a0\u00a0\u00a0\u00a0\u00a0\u00a0\u00a0\u00a0\u00a0\u00a0\u00a0\u00a0\u00a0\u00a0\u00a0\u00a0\u00a0\u00a0\u00a0\u00a0\u00a0\u00a0\u00a0\u00a0\u00a0\u00a0\u00a0\u00a0\u00a0\u00a0\u00a0\u00a0\u00a0\u00a0\u00a0\u00a0\u00a0\u00a0\u00a0\u00a0\u00a0\u00a0\u00a0\u00a0\u00a0\u00a0\u00a0\u00a0\u00a0\u00a0\u00a0\u00a0\u00a0\u00a0\u00a0\u00a0\u00a0\u00a0<span style=\"color: #0000ff\">\u00a0\u00a0Brina\u00a0 Gr\u010dar<\/span><\/h3>\n<p><img decoding=\"async\" class=\"lazyload wp-image-3303 aligncenter\" src=\"https:\/\/www.osjenka.si\/ps-gorice\/wp-content\/uploads\/sites\/2\/2023\/09\/Savudrija-2-225x300.jpg\" data-orig-src=\"https:\/\/www.osjenka.si\/ps-gorice\/wp-content\/uploads\/sites\/2\/2023\/09\/Savudrija-2-225x300.jpg\" alt=\"\" width=\"450\" height=\"600\" srcset=\"data:image\/svg+xml,%3Csvg%20xmlns%3D%27http%3A%2F%2Fwww.w3.org%2F2000%2Fsvg%27%20width%3D%27450%27%20height%3D%27600%27%20viewBox%3D%270%200%20450%20600%27%3E%3Crect%20width%3D%27450%27%20height%3D%27600%27%20fill-opacity%3D%220%22%2F%3E%3C%2Fsvg%3E\" data-srcset=\"https:\/\/www.osjenka.si\/ps-gorice\/wp-content\/uploads\/sites\/2\/2023\/09\/Savudrija-2-200x267.jpg 200w, https:\/\/www.osjenka.si\/ps-gorice\/wp-content\/uploads\/sites\/2\/2023\/09\/Savudrija-2-225x300.jpg 225w, https:\/\/www.osjenka.si\/ps-gorice\/wp-content\/uploads\/sites\/2\/2023\/09\/Savudrija-2-300x400.jpg 300w, https:\/\/www.osjenka.si\/ps-gorice\/wp-content\/uploads\/sites\/2\/2023\/09\/Savudrija-2-400x533.jpg 400w, https:\/\/www.osjenka.si\/ps-gorice\/wp-content\/uploads\/sites\/2\/2023\/09\/Savudrija-2-600x800.jpg 600w, https:\/\/www.osjenka.si\/ps-gorice\/wp-content\/uploads\/sites\/2\/2023\/09\/Savudrija-2-768x1024.jpg 768w, https:\/\/www.osjenka.si\/ps-gorice\/wp-content\/uploads\/sites\/2\/2023\/09\/Savudrija-2-800x1067.jpg 800w, https:\/\/www.osjenka.si\/ps-gorice\/wp-content\/uploads\/sites\/2\/2023\/09\/Savudrija-2-1152x1536.jpg 1152w, https:\/\/www.osjenka.si\/ps-gorice\/wp-content\/uploads\/sites\/2\/2023\/09\/Savudrija-2-1200x1600.jpg 1200w, https:\/\/www.osjenka.si\/ps-gorice\/wp-content\/uploads\/sites\/2\/2023\/09\/Savudrija-2.jpg 1440w\" data-sizes=\"auto\" data-orig-sizes=\"(max-width: 450px) 100vw, 450px\" \/><\/p>\n<p><img decoding=\"async\" class=\"lazyload wp-image-3304 aligncenter\" src=\"https:\/\/www.osjenka.si\/ps-gorice\/wp-content\/uploads\/sites\/2\/2023\/09\/Savudrija1-300x225.jpg\" data-orig-src=\"https:\/\/www.osjenka.si\/ps-gorice\/wp-content\/uploads\/sites\/2\/2023\/09\/Savudrija1-300x225.jpg\" alt=\"\" width=\"540\" height=\"405\" srcset=\"data:image\/svg+xml,%3Csvg%20xmlns%3D%27http%3A%2F%2Fwww.w3.org%2F2000%2Fsvg%27%20width%3D%27540%27%20height%3D%27405%27%20viewBox%3D%270%200%20540%20405%27%3E%3Crect%20width%3D%27540%27%20height%3D%27405%27%20fill-opacity%3D%220%22%2F%3E%3C%2Fsvg%3E\" data-srcset=\"https:\/\/www.osjenka.si\/ps-gorice\/wp-content\/uploads\/sites\/2\/2023\/09\/Savudrija1-200x150.jpg 200w, https:\/\/www.osjenka.si\/ps-gorice\/wp-content\/uploads\/sites\/2\/2023\/09\/Savudrija1-300x225.jpg 300w, https:\/\/www.osjenka.si\/ps-gorice\/wp-content\/uploads\/sites\/2\/2023\/09\/Savudrija1-400x300.jpg 400w, https:\/\/www.osjenka.si\/ps-gorice\/wp-content\/uploads\/sites\/2\/2023\/09\/Savudrija1-600x450.jpg 600w, https:\/\/www.osjenka.si\/ps-gorice\/wp-content\/uploads\/sites\/2\/2023\/09\/Savudrija1-768x576.jpg 768w, https:\/\/www.osjenka.si\/ps-gorice\/wp-content\/uploads\/sites\/2\/2023\/09\/Savudrija1-800x600.jpg 800w, https:\/\/www.osjenka.si\/ps-gorice\/wp-content\/uploads\/sites\/2\/2023\/09\/Savudrija1-1024x768.jpg 1024w, https:\/\/www.osjenka.si\/ps-gorice\/wp-content\/uploads\/sites\/2\/2023\/09\/Savudrija1-1200x900.jpg 1200w, https:\/\/www.osjenka.si\/ps-gorice\/wp-content\/uploads\/sites\/2\/2023\/09\/Savudrija1-1536x1152.jpg 1536w, https:\/\/www.osjenka.si\/ps-gorice\/wp-content\/uploads\/sites\/2\/2023\/09\/Savudrija1.jpg 1920w\" data-sizes=\"auto\" data-orig-sizes=\"(max-width: 540px) 100vw, 540px\" \/><\/p>\n<p><img decoding=\"async\" class=\"lazyload wp-image-3305 aligncenter\" src=\"https:\/\/www.osjenka.si\/ps-gorice\/wp-content\/uploads\/sites\/2\/2023\/09\/Savudrija3-300x225.jpg\" data-orig-src=\"https:\/\/www.osjenka.si\/ps-gorice\/wp-content\/uploads\/sites\/2\/2023\/09\/Savudrija3-300x225.jpg\" alt=\"\" width=\"543\" height=\"407\" srcset=\"data:image\/svg+xml,%3Csvg%20xmlns%3D%27http%3A%2F%2Fwww.w3.org%2F2000%2Fsvg%27%20width%3D%27543%27%20height%3D%27407%27%20viewBox%3D%270%200%20543%20407%27%3E%3Crect%20width%3D%27543%27%20height%3D%27407%27%20fill-opacity%3D%220%22%2F%3E%3C%2Fsvg%3E\" data-srcset=\"https:\/\/www.osjenka.si\/ps-gorice\/wp-content\/uploads\/sites\/2\/2023\/09\/Savudrija3-200x150.jpg 200w, https:\/\/www.osjenka.si\/ps-gorice\/wp-content\/uploads\/sites\/2\/2023\/09\/Savudrija3-300x225.jpg 300w, https:\/\/www.osjenka.si\/ps-gorice\/wp-content\/uploads\/sites\/2\/2023\/09\/Savudrija3-400x300.jpg 400w, https:\/\/www.osjenka.si\/ps-gorice\/wp-content\/uploads\/sites\/2\/2023\/09\/Savudrija3-600x450.jpg 600w, https:\/\/www.osjenka.si\/ps-gorice\/wp-content\/uploads\/sites\/2\/2023\/09\/Savudrija3-768x576.jpg 768w, https:\/\/www.osjenka.si\/ps-gorice\/wp-content\/uploads\/sites\/2\/2023\/09\/Savudrija3-800x600.jpg 800w, https:\/\/www.osjenka.si\/ps-gorice\/wp-content\/uploads\/sites\/2\/2023\/09\/Savudrija3-1024x768.jpg 1024w, https:\/\/www.osjenka.si\/ps-gorice\/wp-content\/uploads\/sites\/2\/2023\/09\/Savudrija3-1200x900.jpg 1200w, https:\/\/www.osjenka.si\/ps-gorice\/wp-content\/uploads\/sites\/2\/2023\/09\/Savudrija3-1536x1152.jpg 1536w, https:\/\/www.osjenka.si\/ps-gorice\/wp-content\/uploads\/sites\/2\/2023\/09\/Savudrija3.jpg 1920w\" data-sizes=\"auto\" data-orig-sizes=\"(max-width: 543px) 100vw, 543px\" \/><\/p>\n","protected":false},"excerpt":{"rendered":"<p>SAVUDRIJA, od 7.9. do.11.9.2023 \u010cetrti razredi smo\u00a0 \u017ee drugi teden \u0161ole od\u0161li v \u0161olo v naravi v Savudrijo. V avtobusu smo bili vsi razigrani in polni pri\u010dakovanja. Ko smo pri\u0161li na cilj, smo se najprej razdelili po sobah. \u017de prvi dan smo od\u0161li na plavanje. V\u0161e\u010d mi je bilo, ker je bilo morje zelo toplo. Vsak dan smo imeli dvakrat plavanje, pred kosilom in popoldan. Zato zdaj zelo dobro plavamo. \u0160e posebej v\u0161e\u010d mi je bil spoznavni ve\u010der ter ve\u010der, ko smo imeli ples in potem \u0161e no\u010dno kopanje. Predzadnji dan smo \u0161li na vlakec do Umaga. V Umagu smo \u0161li [&hellip;]<\/p>\n","protected":false},"author":7,"featured_media":3303,"comment_status":"open","ping_status":"open","sticky":false,"template":"","format":"standard","meta":{"footnotes":""},"categories":[1],"tags":[],"class_list":["post-3302","post","type-post","status-publish","format-standard","has-post-thumbnail","hentry","category-nekategorizirano"],"yoast_head":"<!-- This site is optimized with the Yoast SEO plugin v19.11 - https:\/\/yoast.com\/wordpress\/plugins\/seo\/ -->\n<title>\u0160VN - Savudrija 4.g - P\u0160 Gori\u010de<\/title>\n<meta name=\"robots\" content=\"index, follow, max-snippet:-1, max-image-preview:large, max-video-preview:-1\" \/>\n<link rel=\"canonical\" href=\"https:\/\/www.osjenka.si\/ps-gorice\/2023\/09\/24\/svn-savudrija-4-g\/\" \/>\n<meta property=\"og:locale\" content=\"sl_SI\" \/>\n<meta property=\"og:type\" content=\"article\" \/>\n<meta property=\"og:title\" content=\"\u0160VN - Savudrija 4.g - P\u0160 Gori\u010de\" \/>\n<meta property=\"og:description\" content=\"SAVUDRIJA, od 7.9. do.11.9.2023 \u010cetrti razredi smo\u00a0 \u017ee drugi teden \u0161ole od\u0161li v \u0161olo v naravi v Savudrijo. V avtobusu smo bili vsi razigrani in polni pri\u010dakovanja. Ko smo pri\u0161li na cilj, smo se najprej razdelili po sobah. \u017de prvi dan smo od\u0161li na plavanje. V\u0161e\u010d mi je bilo, ker je bilo morje zelo toplo. Vsak dan smo imeli dvakrat plavanje, pred kosilom in popoldan. Zato zdaj zelo dobro plavamo. \u0160e posebej v\u0161e\u010d mi je bil spoznavni ve\u010der ter ve\u010der, ko smo imeli ples in potem \u0161e no\u010dno kopanje. Predzadnji dan smo \u0161li na vlakec do Umaga. V Umagu smo \u0161li [&hellip;]\" \/>\n<meta property=\"og:url\" content=\"https:\/\/www.osjenka.si\/ps-gorice\/2023\/09\/24\/svn-savudrija-4-g\/\" \/>\n<meta property=\"og:site_name\" content=\"P\u0160 Gori\u010de\" \/>\n<meta property=\"article:published_time\" content=\"2023-09-24T19:52:43+00:00\" \/>\n<meta property=\"og:image\" content=\"https:\/\/www.osjenka.si\/ps-gorice\/wp-content\/uploads\/sites\/2\/2023\/09\/Savudrija-2.jpg\" \/>\n\t<meta property=\"og:image:width\" content=\"1440\" \/>\n\t<meta property=\"og:image:height\" content=\"1920\" \/>\n\t<meta property=\"og:image:type\" content=\"image\/jpeg\" \/>\n<meta name=\"author\" content=\"vilma\" \/>\n<meta name=\"twitter:card\" content=\"summary_large_image\" \/>\n<meta name=\"twitter:label1\" content=\"Written by\" \/>\n\t<meta name=\"twitter:data1\" content=\"vilma\" \/>\n\t<meta name=\"twitter:label2\" content=\"Est. reading time\" \/>\n\t<meta name=\"twitter:data2\" content=\"2 minuti\" \/>\n<script type=\"application\/ld+json\" class=\"yoast-schema-graph\">{\"@context\":\"https:\/\/schema.org\",\"@graph\":[{\"@type\":\"WebPage\",\"@id\":\"https:\/\/www.osjenka.si\/ps-gorice\/2023\/09\/24\/svn-savudrija-4-g\/\",\"url\":\"https:\/\/www.osjenka.si\/ps-gorice\/2023\/09\/24\/svn-savudrija-4-g\/\",\"name\":\"\u0160VN - Savudrija 4.g - P\u0160 Gori\u010de\",\"isPartOf\":{\"@id\":\"https:\/\/www.osjenka.si\/ps-gorice\/#website\"},\"datePublished\":\"2023-09-24T19:52:43+00:00\",\"dateModified\":\"2023-09-24T19:52:43+00:00\",\"author\":{\"@id\":\"https:\/\/www.osjenka.si\/ps-gorice\/#\/schema\/person\/94f44dbd9351bedc48d18ae7ab8a6706\"},\"breadcrumb\":{\"@id\":\"https:\/\/www.osjenka.si\/ps-gorice\/2023\/09\/24\/svn-savudrija-4-g\/#breadcrumb\"},\"inLanguage\":\"sl-SI\",\"potentialAction\":[{\"@type\":\"ReadAction\",\"target\":[\"https:\/\/www.osjenka.si\/ps-gorice\/2023\/09\/24\/svn-savudrija-4-g\/\"]}]},{\"@type\":\"BreadcrumbList\",\"@id\":\"https:\/\/www.osjenka.si\/ps-gorice\/2023\/09\/24\/svn-savudrija-4-g\/#breadcrumb\",\"itemListElement\":[{\"@type\":\"ListItem\",\"position\":1,\"name\":\"Home\",\"item\":\"https:\/\/www.osjenka.si\/ps-gorice\/\"},{\"@type\":\"ListItem\",\"position\":2,\"name\":\"\u0160VN &#8211; Savudrija 4.g\"}]},{\"@type\":\"WebSite\",\"@id\":\"https:\/\/www.osjenka.si\/ps-gorice\/#website\",\"url\":\"https:\/\/www.osjenka.si\/ps-gorice\/\",\"name\":\"P\u0160 Gori\u010de\",\"description\":\"\",\"potentialAction\":[{\"@type\":\"SearchAction\",\"target\":{\"@type\":\"EntryPoint\",\"urlTemplate\":\"https:\/\/www.osjenka.si\/ps-gorice\/?s={search_term_string}\"},\"query-input\":\"required name=search_term_string\"}],\"inLanguage\":\"sl-SI\"},{\"@type\":\"Person\",\"@id\":\"https:\/\/www.osjenka.si\/ps-gorice\/#\/schema\/person\/94f44dbd9351bedc48d18ae7ab8a6706\",\"name\":\"vilma\",\"image\":{\"@type\":\"ImageObject\",\"inLanguage\":\"sl-SI\",\"@id\":\"https:\/\/www.osjenka.si\/ps-gorice\/#\/schema\/person\/image\/\",\"url\":\"https:\/\/secure.gravatar.com\/avatar\/41aa9d6664f90f3f3e03d130efd6192ff719c2d6a65ccdf098d3c2abf35d7aa6?s=96&d=mm&r=g\",\"contentUrl\":\"https:\/\/secure.gravatar.com\/avatar\/41aa9d6664f90f3f3e03d130efd6192ff719c2d6a65ccdf098d3c2abf35d7aa6?s=96&d=mm&r=g\",\"caption\":\"vilma\"},\"url\":\"https:\/\/www.osjenka.si\/ps-gorice\/author\/vilma\/\"}]}<\/script>\n<!-- \/ Yoast SEO plugin. -->","yoast_head_json":{"title":"\u0160VN - Savudrija 4.g - P\u0160 Gori\u010de","robots":{"index":"index","follow":"follow","max-snippet":"max-snippet:-1","max-image-preview":"max-image-preview:large","max-video-preview":"max-video-preview:-1"},"canonical":"https:\/\/www.osjenka.si\/ps-gorice\/2023\/09\/24\/svn-savudrija-4-g\/","og_locale":"sl_SI","og_type":"article","og_title":"\u0160VN - Savudrija 4.g - P\u0160 Gori\u010de","og_description":"SAVUDRIJA, od 7.9. do.11.9.2023 \u010cetrti razredi smo\u00a0 \u017ee drugi teden \u0161ole od\u0161li v \u0161olo v naravi v Savudrijo. V avtobusu smo bili vsi razigrani in polni pri\u010dakovanja. Ko smo pri\u0161li na cilj, smo se najprej razdelili po sobah. \u017de prvi dan smo od\u0161li na plavanje. V\u0161e\u010d mi je bilo, ker je bilo morje zelo toplo. Vsak dan smo imeli dvakrat plavanje, pred kosilom in popoldan. Zato zdaj zelo dobro plavamo. \u0160e posebej v\u0161e\u010d mi je bil spoznavni ve\u010der ter ve\u010der, ko smo imeli ples in potem \u0161e no\u010dno kopanje. Predzadnji dan smo \u0161li na vlakec do Umaga. V Umagu smo \u0161li [&hellip;]","og_url":"https:\/\/www.osjenka.si\/ps-gorice\/2023\/09\/24\/svn-savudrija-4-g\/","og_site_name":"P\u0160 Gori\u010de","article_published_time":"2023-09-24T19:52:43+00:00","og_image":[{"width":1440,"height":1920,"url":"https:\/\/www.osjenka.si\/ps-gorice\/wp-content\/uploads\/sites\/2\/2023\/09\/Savudrija-2.jpg","type":"image\/jpeg"}],"author":"vilma","twitter_card":"summary_large_image","twitter_misc":{"Written by":"vilma","Est. reading time":"2 minuti"},"schema":{"@context":"https:\/\/schema.org","@graph":[{"@type":"WebPage","@id":"https:\/\/www.osjenka.si\/ps-gorice\/2023\/09\/24\/svn-savudrija-4-g\/","url":"https:\/\/www.osjenka.si\/ps-gorice\/2023\/09\/24\/svn-savudrija-4-g\/","name":"\u0160VN - Savudrija 4.g - P\u0160 Gori\u010de","isPartOf":{"@id":"https:\/\/www.osjenka.si\/ps-gorice\/#website"},"datePublished":"2023-09-24T19:52:43+00:00","dateModified":"2023-09-24T19:52:43+00:00","author":{"@id":"https:\/\/www.osjenka.si\/ps-gorice\/#\/schema\/person\/94f44dbd9351bedc48d18ae7ab8a6706"},"breadcrumb":{"@id":"https:\/\/www.osjenka.si\/ps-gorice\/2023\/09\/24\/svn-savudrija-4-g\/#breadcrumb"},"inLanguage":"sl-SI","potentialAction":[{"@type":"ReadAction","target":["https:\/\/www.osjenka.si\/ps-gorice\/2023\/09\/24\/svn-savudrija-4-g\/"]}]},{"@type":"BreadcrumbList","@id":"https:\/\/www.osjenka.si\/ps-gorice\/2023\/09\/24\/svn-savudrija-4-g\/#breadcrumb","itemListElement":[{"@type":"ListItem","position":1,"name":"Home","item":"https:\/\/www.osjenka.si\/ps-gorice\/"},{"@type":"ListItem","position":2,"name":"\u0160VN &#8211; Savudrija 4.g"}]},{"@type":"WebSite","@id":"https:\/\/www.osjenka.si\/ps-gorice\/#website","url":"https:\/\/www.osjenka.si\/ps-gorice\/","name":"P\u0160 Gori\u010de","description":"","potentialAction":[{"@type":"SearchAction","target":{"@type":"EntryPoint","urlTemplate":"https:\/\/www.osjenka.si\/ps-gorice\/?s={search_term_string}"},"query-input":"required name=search_term_string"}],"inLanguage":"sl-SI"},{"@type":"Person","@id":"https:\/\/www.osjenka.si\/ps-gorice\/#\/schema\/person\/94f44dbd9351bedc48d18ae7ab8a6706","name":"vilma","image":{"@type":"ImageObject","inLanguage":"sl-SI","@id":"https:\/\/www.osjenka.si\/ps-gorice\/#\/schema\/person\/image\/","url":"https:\/\/secure.gravatar.com\/avatar\/41aa9d6664f90f3f3e03d130efd6192ff719c2d6a65ccdf098d3c2abf35d7aa6?s=96&d=mm&r=g","contentUrl":"https:\/\/secure.gravatar.com\/avatar\/41aa9d6664f90f3f3e03d130efd6192ff719c2d6a65ccdf098d3c2abf35d7aa6?s=96&d=mm&r=g","caption":"vilma"},"url":"https:\/\/www.osjenka.si\/ps-gorice\/author\/vilma\/"}]}},"_links":{"self":[{"href":"https:\/\/www.osjenka.si\/ps-gorice\/wp-json\/wp\/v2\/posts\/3302","targetHints":{"allow":["GET"]}}],"collection":[{"href":"https:\/\/www.osjenka.si\/ps-gorice\/wp-json\/wp\/v2\/posts"}],"about":[{"href":"https:\/\/www.osjenka.si\/ps-gorice\/wp-json\/wp\/v2\/types\/post"}],"author":[{"embeddable":true,"href":"https:\/\/www.osjenka.si\/ps-gorice\/wp-json\/wp\/v2\/users\/7"}],"replies":[{"embeddable":true,"href":"https:\/\/www.osjenka.si\/ps-gorice\/wp-json\/wp\/v2\/comments?post=3302"}],"version-history":[{"count":1,"href":"https:\/\/www.osjenka.si\/ps-gorice\/wp-json\/wp\/v2\/posts\/3302\/revisions"}],"predecessor-version":[{"id":3306,"href":"https:\/\/www.osjenka.si\/ps-gorice\/wp-json\/wp\/v2\/posts\/3302\/revisions\/3306"}],"wp:featuredmedia":[{"embeddable":true,"href":"https:\/\/www.osjenka.si\/ps-gorice\/wp-json\/wp\/v2\/media\/3303"}],"wp:attachment":[{"href":"https:\/\/www.osjenka.si\/ps-gorice\/wp-json\/wp\/v2\/media?parent=3302"}],"wp:term":[{"taxonomy":"category","embeddable":true,"href":"https:\/\/www.osjenka.si\/ps-gorice\/wp-json\/wp\/v2\/categories?post=3302"},{"taxonomy":"post_tag","embeddable":true,"href":"https:\/\/www.osjenka.si\/ps-gorice\/wp-json\/wp\/v2\/tags?post=3302"}],"curies":[{"name":"wp","href":"https:\/\/api.w.org\/{rel}","templated":true}]}}