{"id":3326,"date":"2023-10-05T20:53:08","date_gmt":"2023-10-05T18:53:08","guid":{"rendered":"https:\/\/www.osjenka.si\/ps-gorice\/?p=3326"},"modified":"2023-10-05T20:53:08","modified_gmt":"2023-10-05T18:53:08","slug":"sportni-dan-4-in-5-g","status":"publish","type":"post","link":"https:\/\/www.osjenka.si\/ps-gorice\/2023\/10\/05\/sportni-dan-4-in-5-g\/","title":{"rendered":"\u0160portni dan &#8211; 4. in 5.g"},"content":{"rendered":"<h4 style=\"text-align: center\"><span style=\"color: #008000\">V \u010detrtek, 28. septembra 2023, so se vi\u0161ji razredi P\u0160 Gori\u010de odpravili na jesenski pohod. Odpravili so se na sv. Lovrenca. Pot je bila kar dolga, vendar so bili u\u010denci dobro pripravljeni na vzpon, zato so brez te\u017eav osvojili vrh sv. Lovrenca.<\/span><\/h4>\n<div id=\"attachment_3327\" style=\"width: 422px\" class=\"wp-caption aligncenter\"><img decoding=\"async\" aria-describedby=\"caption-attachment-3327\" class=\"lazyload wp-image-3327\" src=\"https:\/\/www.osjenka.si\/ps-gorice\/wp-content\/uploads\/sites\/2\/2023\/10\/IMG_20230928_084714-224x300.jpg\" data-orig-src=\"https:\/\/www.osjenka.si\/ps-gorice\/wp-content\/uploads\/sites\/2\/2023\/10\/IMG_20230928_084714-224x300.jpg\" alt=\"Na pot je bilo treba zgodaj, saj je bilo pred nami dve uri hoje. \" width=\"412\" height=\"552\" srcset=\"data:image\/svg+xml,%3Csvg%20xmlns%3D%27http%3A%2F%2Fwww.w3.org%2F2000%2Fsvg%27%20width%3D%27412%27%20height%3D%27552%27%20viewBox%3D%270%200%20412%20552%27%3E%3Crect%20width%3D%27412%27%20height%3D%27552%27%20fill-opacity%3D%220%22%2F%3E%3C%2Fsvg%3E\" data-srcset=\"https:\/\/www.osjenka.si\/ps-gorice\/wp-content\/uploads\/sites\/2\/2023\/10\/IMG_20230928_084714-200x267.jpg 200w, https:\/\/www.osjenka.si\/ps-gorice\/wp-content\/uploads\/sites\/2\/2023\/10\/IMG_20230928_084714-224x300.jpg 224w, https:\/\/www.osjenka.si\/ps-gorice\/wp-content\/uploads\/sites\/2\/2023\/10\/IMG_20230928_084714-400x535.jpg 400w, https:\/\/www.osjenka.si\/ps-gorice\/wp-content\/uploads\/sites\/2\/2023\/10\/IMG_20230928_084714-600x802.jpg 600w, https:\/\/www.osjenka.si\/ps-gorice\/wp-content\/uploads\/sites\/2\/2023\/10\/IMG_20230928_084714-766x1024.jpg 766w, https:\/\/www.osjenka.si\/ps-gorice\/wp-content\/uploads\/sites\/2\/2023\/10\/IMG_20230928_084714-768x1027.jpg 768w, https:\/\/www.osjenka.si\/ps-gorice\/wp-content\/uploads\/sites\/2\/2023\/10\/IMG_20230928_084714-800x1070.jpg 800w, https:\/\/www.osjenka.si\/ps-gorice\/wp-content\/uploads\/sites\/2\/2023\/10\/IMG_20230928_084714-1149x1536.jpg 1149w, https:\/\/www.osjenka.si\/ps-gorice\/wp-content\/uploads\/sites\/2\/2023\/10\/IMG_20230928_084714-1200x1604.jpg 1200w, https:\/\/www.osjenka.si\/ps-gorice\/wp-content\/uploads\/sites\/2\/2023\/10\/IMG_20230928_084714.jpg 1436w\" data-sizes=\"auto\" data-orig-sizes=\"(max-width: 412px) 100vw, 412px\" \/><p id=\"caption-attachment-3327\" class=\"wp-caption-text\"><\/span> <span style=\"color: #008000\">Na pot je bilo treba zgodaj, saj je bilo pred nami dve uri hoje.<\/span><\/p><\/div>\n<div id=\"attachment_3328\" style=\"width: 419px\" class=\"wp-caption aligncenter\"><img decoding=\"async\" aria-describedby=\"caption-attachment-3328\" class=\"lazyload wp-image-3328\" src=\"https:\/\/www.osjenka.si\/ps-gorice\/wp-content\/uploads\/sites\/2\/2023\/10\/IMG_20230928_092522-224x300.jpg\" data-orig-src=\"https:\/\/www.osjenka.si\/ps-gorice\/wp-content\/uploads\/sites\/2\/2023\/10\/IMG_20230928_092522-224x300.jpg\" alt=\"\" width=\"409\" height=\"548\" srcset=\"data:image\/svg+xml,%3Csvg%20xmlns%3D%27http%3A%2F%2Fwww.w3.org%2F2000%2Fsvg%27%20width%3D%27409%27%20height%3D%27548%27%20viewBox%3D%270%200%20409%20548%27%3E%3Crect%20width%3D%27409%27%20height%3D%27548%27%20fill-opacity%3D%220%22%2F%3E%3C%2Fsvg%3E\" data-srcset=\"https:\/\/www.osjenka.si\/ps-gorice\/wp-content\/uploads\/sites\/2\/2023\/10\/IMG_20230928_092522-200x267.jpg 200w, https:\/\/www.osjenka.si\/ps-gorice\/wp-content\/uploads\/sites\/2\/2023\/10\/IMG_20230928_092522-224x300.jpg 224w, https:\/\/www.osjenka.si\/ps-gorice\/wp-content\/uploads\/sites\/2\/2023\/10\/IMG_20230928_092522-400x535.jpg 400w, https:\/\/www.osjenka.si\/ps-gorice\/wp-content\/uploads\/sites\/2\/2023\/10\/IMG_20230928_092522-600x802.jpg 600w, https:\/\/www.osjenka.si\/ps-gorice\/wp-content\/uploads\/sites\/2\/2023\/10\/IMG_20230928_092522-766x1024.jpg 766w, https:\/\/www.osjenka.si\/ps-gorice\/wp-content\/uploads\/sites\/2\/2023\/10\/IMG_20230928_092522-768x1027.jpg 768w, https:\/\/www.osjenka.si\/ps-gorice\/wp-content\/uploads\/sites\/2\/2023\/10\/IMG_20230928_092522-800x1070.jpg 800w, https:\/\/www.osjenka.si\/ps-gorice\/wp-content\/uploads\/sites\/2\/2023\/10\/IMG_20230928_092522-1149x1536.jpg 1149w, https:\/\/www.osjenka.si\/ps-gorice\/wp-content\/uploads\/sites\/2\/2023\/10\/IMG_20230928_092522-1200x1604.jpg 1200w, https:\/\/www.osjenka.si\/ps-gorice\/wp-content\/uploads\/sites\/2\/2023\/10\/IMG_20230928_092522.jpg 1436w\" data-sizes=\"auto\" data-orig-sizes=\"(max-width: 409px) 100vw, 409px\" \/><p id=\"caption-attachment-3328\" class=\"wp-caption-text\"><\/span> <span style=\"color: #008000\">Ker je bilo vro\u010de, smo se morali kmalu od\u017eejati.<\/span><\/p><\/div>\n<h4 style=\"text-align: center\"><span style=\"color: #008000\"><img decoding=\"async\" class=\"lazyload alignnone size-medium wp-image-3329\" src=\"https:\/\/www.osjenka.si\/ps-gorice\/wp-content\/uploads\/sites\/2\/2023\/10\/IMG_20230928_103410-224x300.jpg\" data-orig-src=\"https:\/\/www.osjenka.si\/ps-gorice\/wp-content\/uploads\/sites\/2\/2023\/10\/IMG_20230928_103410-224x300.jpg\" alt=\"\" width=\"224\" height=\"300\" srcset=\"data:image\/svg+xml,%3Csvg%20xmlns%3D%27http%3A%2F%2Fwww.w3.org%2F2000%2Fsvg%27%20width%3D%27224%27%20height%3D%27300%27%20viewBox%3D%270%200%20224%20300%27%3E%3Crect%20width%3D%27224%27%20height%3D%27300%27%20fill-opacity%3D%220%22%2F%3E%3C%2Fsvg%3E\" data-srcset=\"https:\/\/www.osjenka.si\/ps-gorice\/wp-content\/uploads\/sites\/2\/2023\/10\/IMG_20230928_103410-200x267.jpg 200w, https:\/\/www.osjenka.si\/ps-gorice\/wp-content\/uploads\/sites\/2\/2023\/10\/IMG_20230928_103410-224x300.jpg 224w, https:\/\/www.osjenka.si\/ps-gorice\/wp-content\/uploads\/sites\/2\/2023\/10\/IMG_20230928_103410-300x400.jpg 300w, https:\/\/www.osjenka.si\/ps-gorice\/wp-content\/uploads\/sites\/2\/2023\/10\/IMG_20230928_103410-400x535.jpg 400w, https:\/\/www.osjenka.si\/ps-gorice\/wp-content\/uploads\/sites\/2\/2023\/10\/IMG_20230928_103410-600x802.jpg 600w, https:\/\/www.osjenka.si\/ps-gorice\/wp-content\/uploads\/sites\/2\/2023\/10\/IMG_20230928_103410-766x1024.jpg 766w, https:\/\/www.osjenka.si\/ps-gorice\/wp-content\/uploads\/sites\/2\/2023\/10\/IMG_20230928_103410-768x1027.jpg 768w, https:\/\/www.osjenka.si\/ps-gorice\/wp-content\/uploads\/sites\/2\/2023\/10\/IMG_20230928_103410-800x1070.jpg 800w, https:\/\/www.osjenka.si\/ps-gorice\/wp-content\/uploads\/sites\/2\/2023\/10\/IMG_20230928_103410-1149x1536.jpg 1149w, https:\/\/www.osjenka.si\/ps-gorice\/wp-content\/uploads\/sites\/2\/2023\/10\/IMG_20230928_103410-1200x1604.jpg 1200w, https:\/\/www.osjenka.si\/ps-gorice\/wp-content\/uploads\/sites\/2\/2023\/10\/IMG_20230928_103410.jpg 1436w\" data-sizes=\"auto\" data-orig-sizes=\"(max-width: 224px) 100vw, 224px\" \/> <img decoding=\"async\" class=\"lazyload alignnone size-medium wp-image-3330\" src=\"https:\/\/www.osjenka.si\/ps-gorice\/wp-content\/uploads\/sites\/2\/2023\/10\/IMG_20230928_103431-224x300.jpg\" data-orig-src=\"https:\/\/www.osjenka.si\/ps-gorice\/wp-content\/uploads\/sites\/2\/2023\/10\/IMG_20230928_103431-224x300.jpg\" alt=\"\" width=\"224\" height=\"300\" srcset=\"data:image\/svg+xml,%3Csvg%20xmlns%3D%27http%3A%2F%2Fwww.w3.org%2F2000%2Fsvg%27%20width%3D%27224%27%20height%3D%27300%27%20viewBox%3D%270%200%20224%20300%27%3E%3Crect%20width%3D%27224%27%20height%3D%27300%27%20fill-opacity%3D%220%22%2F%3E%3C%2Fsvg%3E\" data-srcset=\"https:\/\/www.osjenka.si\/ps-gorice\/wp-content\/uploads\/sites\/2\/2023\/10\/IMG_20230928_103431-200x267.jpg 200w, https:\/\/www.osjenka.si\/ps-gorice\/wp-content\/uploads\/sites\/2\/2023\/10\/IMG_20230928_103431-224x300.jpg 224w, https:\/\/www.osjenka.si\/ps-gorice\/wp-content\/uploads\/sites\/2\/2023\/10\/IMG_20230928_103431-300x400.jpg 300w, https:\/\/www.osjenka.si\/ps-gorice\/wp-content\/uploads\/sites\/2\/2023\/10\/IMG_20230928_103431-400x535.jpg 400w, https:\/\/www.osjenka.si\/ps-gorice\/wp-content\/uploads\/sites\/2\/2023\/10\/IMG_20230928_103431-600x802.jpg 600w, https:\/\/www.osjenka.si\/ps-gorice\/wp-content\/uploads\/sites\/2\/2023\/10\/IMG_20230928_103431-766x1024.jpg 766w, https:\/\/www.osjenka.si\/ps-gorice\/wp-content\/uploads\/sites\/2\/2023\/10\/IMG_20230928_103431-768x1027.jpg 768w, https:\/\/www.osjenka.si\/ps-gorice\/wp-content\/uploads\/sites\/2\/2023\/10\/IMG_20230928_103431-800x1070.jpg 800w, https:\/\/www.osjenka.si\/ps-gorice\/wp-content\/uploads\/sites\/2\/2023\/10\/IMG_20230928_103431-1149x1536.jpg 1149w, https:\/\/www.osjenka.si\/ps-gorice\/wp-content\/uploads\/sites\/2\/2023\/10\/IMG_20230928_103431-1200x1604.jpg 1200w, https:\/\/www.osjenka.si\/ps-gorice\/wp-content\/uploads\/sites\/2\/2023\/10\/IMG_20230928_103431.jpg 1436w\" data-sizes=\"auto\" data-orig-sizes=\"(max-width: 224px) 100vw, 224px\" \/> <img decoding=\"async\" class=\"lazyload alignnone size-medium wp-image-3331\" src=\"https:\/\/www.osjenka.si\/ps-gorice\/wp-content\/uploads\/sites\/2\/2023\/10\/IMG_20230928_103500-300x225.jpg\" data-orig-src=\"https:\/\/www.osjenka.si\/ps-gorice\/wp-content\/uploads\/sites\/2\/2023\/10\/IMG_20230928_103500-300x225.jpg\" alt=\"\" width=\"300\" height=\"225\" srcset=\"data:image\/svg+xml,%3Csvg%20xmlns%3D%27http%3A%2F%2Fwww.w3.org%2F2000%2Fsvg%27%20width%3D%27300%27%20height%3D%27225%27%20viewBox%3D%270%200%20300%20225%27%3E%3Crect%20width%3D%27300%27%20height%3D%27225%27%20fill-opacity%3D%220%22%2F%3E%3C%2Fsvg%3E\" data-srcset=\"https:\/\/www.osjenka.si\/ps-gorice\/wp-content\/uploads\/sites\/2\/2023\/10\/IMG_20230928_103500-200x150.jpg 200w, https:\/\/www.osjenka.si\/ps-gorice\/wp-content\/uploads\/sites\/2\/2023\/10\/IMG_20230928_103500-300x225.jpg 300w, https:\/\/www.osjenka.si\/ps-gorice\/wp-content\/uploads\/sites\/2\/2023\/10\/IMG_20230928_103500-400x300.jpg 400w, https:\/\/www.osjenka.si\/ps-gorice\/wp-content\/uploads\/sites\/2\/2023\/10\/IMG_20230928_103500-600x450.jpg 600w, https:\/\/www.osjenka.si\/ps-gorice\/wp-content\/uploads\/sites\/2\/2023\/10\/IMG_20230928_103500-768x576.jpg 768w, https:\/\/www.osjenka.si\/ps-gorice\/wp-content\/uploads\/sites\/2\/2023\/10\/IMG_20230928_103500-800x600.jpg 800w, https:\/\/www.osjenka.si\/ps-gorice\/wp-content\/uploads\/sites\/2\/2023\/10\/IMG_20230928_103500-1024x768.jpg 1024w, https:\/\/www.osjenka.si\/ps-gorice\/wp-content\/uploads\/sites\/2\/2023\/10\/IMG_20230928_103500-1200x900.jpg 1200w, https:\/\/www.osjenka.si\/ps-gorice\/wp-content\/uploads\/sites\/2\/2023\/10\/IMG_20230928_103500-1536x1152.jpg 1536w, https:\/\/www.osjenka.si\/ps-gorice\/wp-content\/uploads\/sites\/2\/2023\/10\/IMG_20230928_103500.jpg 1920w\" data-sizes=\"auto\" data-orig-sizes=\"(max-width: 300px) 100vw, 300px\" \/><\/span><\/h4>\n<h4 style=\"text-align: center\"><span style=\"color: #008000\">Nekateri so se na vrhu posladkali, drugi spro\u0161\u010dali na obzidju, nekateri pa pripravljali na talente.<\/span><\/h4>\n<div id=\"attachment_3332\" style=\"width: 563px\" class=\"wp-caption aligncenter\"><img decoding=\"async\" aria-describedby=\"caption-attachment-3332\" class=\"lazyload wp-image-3332\" src=\"https:\/\/www.osjenka.si\/ps-gorice\/wp-content\/uploads\/sites\/2\/2023\/10\/IMG_20230928_104646-300x224.jpg\" data-orig-src=\"https:\/\/www.osjenka.si\/ps-gorice\/wp-content\/uploads\/sites\/2\/2023\/10\/IMG_20230928_104646-300x224.jpg\" alt=\"\" width=\"553\" height=\"413\" srcset=\"data:image\/svg+xml,%3Csvg%20xmlns%3D%27http%3A%2F%2Fwww.w3.org%2F2000%2Fsvg%27%20width%3D%27553%27%20height%3D%27413%27%20viewBox%3D%270%200%20553%20413%27%3E%3Crect%20width%3D%27553%27%20height%3D%27413%27%20fill-opacity%3D%220%22%2F%3E%3C%2Fsvg%3E\" data-srcset=\"https:\/\/www.osjenka.si\/ps-gorice\/wp-content\/uploads\/sites\/2\/2023\/10\/IMG_20230928_104646-200x150.jpg 200w, https:\/\/www.osjenka.si\/ps-gorice\/wp-content\/uploads\/sites\/2\/2023\/10\/IMG_20230928_104646-300x224.jpg 300w, https:\/\/www.osjenka.si\/ps-gorice\/wp-content\/uploads\/sites\/2\/2023\/10\/IMG_20230928_104646-400x299.jpg 400w, https:\/\/www.osjenka.si\/ps-gorice\/wp-content\/uploads\/sites\/2\/2023\/10\/IMG_20230928_104646-600x449.jpg 600w, https:\/\/www.osjenka.si\/ps-gorice\/wp-content\/uploads\/sites\/2\/2023\/10\/IMG_20230928_104646-768x574.jpg 768w, https:\/\/www.osjenka.si\/ps-gorice\/wp-content\/uploads\/sites\/2\/2023\/10\/IMG_20230928_104646-800x598.jpg 800w, https:\/\/www.osjenka.si\/ps-gorice\/wp-content\/uploads\/sites\/2\/2023\/10\/IMG_20230928_104646-1024x766.jpg 1024w, https:\/\/www.osjenka.si\/ps-gorice\/wp-content\/uploads\/sites\/2\/2023\/10\/IMG_20230928_104646-1200x898.jpg 1200w, https:\/\/www.osjenka.si\/ps-gorice\/wp-content\/uploads\/sites\/2\/2023\/10\/IMG_20230928_104646-1536x1149.jpg 1536w, https:\/\/www.osjenka.si\/ps-gorice\/wp-content\/uploads\/sites\/2\/2023\/10\/IMG_20230928_104646.jpg 1920w\" data-sizes=\"auto\" data-orig-sizes=\"(max-width: 553px) 100vw, 553px\" \/><p id=\"caption-attachment-3332\" class=\"wp-caption-text\"><\/span> <span style=\"color: #008000\">Skupinska fotografija pred odhodom v dolino.<\/span><\/p><\/div>\n","protected":false},"excerpt":{"rendered":"<p>V \u010detrtek, 28. septembra 2023, so se vi\u0161ji razredi P\u0160 Gori\u010de odpravili na jesenski pohod. Odpravili so se na sv. Lovrenca. Pot je bila kar dolga, vendar so bili u\u010denci dobro pripravljeni na vzpon, zato so brez te\u017eav osvojili vrh sv. Lovrenca. Nekateri so se na vrhu posladkali, drugi spro\u0161\u010dali na obzidju, nekateri pa pripravljali na talente.<\/p>\n","protected":false},"author":7,"featured_media":3334,"comment_status":"open","ping_status":"open","sticky":false,"template":"","format":"standard","meta":{"footnotes":""},"categories":[1],"tags":[],"class_list":["post-3326","post","type-post","status-publish","format-standard","has-post-thumbnail","hentry","category-nekategorizirano"],"yoast_head":"<!-- This site is optimized with the Yoast SEO plugin v19.11 - https:\/\/yoast.com\/wordpress\/plugins\/seo\/ -->\n<title>\u0160portni dan - 4. in 5.g - P\u0160 Gori\u010de<\/title>\n<meta name=\"robots\" content=\"index, follow, max-snippet:-1, max-image-preview:large, max-video-preview:-1\" \/>\n<link rel=\"canonical\" href=\"https:\/\/www.osjenka.si\/ps-gorice\/2023\/10\/05\/sportni-dan-4-in-5-g\/\" \/>\n<meta property=\"og:locale\" content=\"sl_SI\" \/>\n<meta property=\"og:type\" content=\"article\" \/>\n<meta property=\"og:title\" content=\"\u0160portni dan - 4. in 5.g - P\u0160 Gori\u010de\" \/>\n<meta property=\"og:description\" content=\"V \u010detrtek, 28. septembra 2023, so se vi\u0161ji razredi P\u0160 Gori\u010de odpravili na jesenski pohod. Odpravili so se na sv. Lovrenca. Pot je bila kar dolga, vendar so bili u\u010denci dobro pripravljeni na vzpon, zato so brez te\u017eav osvojili vrh sv. Lovrenca. Nekateri so se na vrhu posladkali, drugi spro\u0161\u010dali na obzidju, nekateri pa pripravljali na talente.\" \/>\n<meta property=\"og:url\" content=\"https:\/\/www.osjenka.si\/ps-gorice\/2023\/10\/05\/sportni-dan-4-in-5-g\/\" \/>\n<meta property=\"og:site_name\" content=\"P\u0160 Gori\u010de\" \/>\n<meta property=\"article:published_time\" content=\"2023-10-05T18:53:08+00:00\" \/>\n<meta property=\"og:image\" content=\"https:\/\/www.osjenka.si\/ps-gorice\/wp-content\/uploads\/sites\/2\/2023\/10\/sv.-Lovrenc.jpg\" \/>\n\t<meta property=\"og:image:width\" content=\"800\" \/>\n\t<meta property=\"og:image:height\" content=\"507\" \/>\n\t<meta property=\"og:image:type\" content=\"image\/jpeg\" \/>\n<meta name=\"author\" content=\"vilma\" \/>\n<meta name=\"twitter:card\" content=\"summary_large_image\" \/>\n<meta name=\"twitter:label1\" content=\"Written by\" \/>\n\t<meta name=\"twitter:data1\" content=\"vilma\" \/>\n\t<meta name=\"twitter:label2\" content=\"Est. reading time\" \/>\n\t<meta name=\"twitter:data2\" content=\"2 minuti\" \/>\n<script type=\"application\/ld+json\" class=\"yoast-schema-graph\">{\"@context\":\"https:\/\/schema.org\",\"@graph\":[{\"@type\":\"WebPage\",\"@id\":\"https:\/\/www.osjenka.si\/ps-gorice\/2023\/10\/05\/sportni-dan-4-in-5-g\/\",\"url\":\"https:\/\/www.osjenka.si\/ps-gorice\/2023\/10\/05\/sportni-dan-4-in-5-g\/\",\"name\":\"\u0160portni dan - 4. in 5.g - P\u0160 Gori\u010de\",\"isPartOf\":{\"@id\":\"https:\/\/www.osjenka.si\/ps-gorice\/#website\"},\"datePublished\":\"2023-10-05T18:53:08+00:00\",\"dateModified\":\"2023-10-05T18:53:08+00:00\",\"author\":{\"@id\":\"https:\/\/www.osjenka.si\/ps-gorice\/#\/schema\/person\/94f44dbd9351bedc48d18ae7ab8a6706\"},\"breadcrumb\":{\"@id\":\"https:\/\/www.osjenka.si\/ps-gorice\/2023\/10\/05\/sportni-dan-4-in-5-g\/#breadcrumb\"},\"inLanguage\":\"sl-SI\",\"potentialAction\":[{\"@type\":\"ReadAction\",\"target\":[\"https:\/\/www.osjenka.si\/ps-gorice\/2023\/10\/05\/sportni-dan-4-in-5-g\/\"]}]},{\"@type\":\"BreadcrumbList\",\"@id\":\"https:\/\/www.osjenka.si\/ps-gorice\/2023\/10\/05\/sportni-dan-4-in-5-g\/#breadcrumb\",\"itemListElement\":[{\"@type\":\"ListItem\",\"position\":1,\"name\":\"Home\",\"item\":\"https:\/\/www.osjenka.si\/ps-gorice\/\"},{\"@type\":\"ListItem\",\"position\":2,\"name\":\"\u0160portni dan &#8211; 4. in 5.g\"}]},{\"@type\":\"WebSite\",\"@id\":\"https:\/\/www.osjenka.si\/ps-gorice\/#website\",\"url\":\"https:\/\/www.osjenka.si\/ps-gorice\/\",\"name\":\"P\u0160 Gori\u010de\",\"description\":\"\",\"potentialAction\":[{\"@type\":\"SearchAction\",\"target\":{\"@type\":\"EntryPoint\",\"urlTemplate\":\"https:\/\/www.osjenka.si\/ps-gorice\/?s={search_term_string}\"},\"query-input\":\"required name=search_term_string\"}],\"inLanguage\":\"sl-SI\"},{\"@type\":\"Person\",\"@id\":\"https:\/\/www.osjenka.si\/ps-gorice\/#\/schema\/person\/94f44dbd9351bedc48d18ae7ab8a6706\",\"name\":\"vilma\",\"image\":{\"@type\":\"ImageObject\",\"inLanguage\":\"sl-SI\",\"@id\":\"https:\/\/www.osjenka.si\/ps-gorice\/#\/schema\/person\/image\/\",\"url\":\"https:\/\/secure.gravatar.com\/avatar\/41aa9d6664f90f3f3e03d130efd6192ff719c2d6a65ccdf098d3c2abf35d7aa6?s=96&d=mm&r=g\",\"contentUrl\":\"https:\/\/secure.gravatar.com\/avatar\/41aa9d6664f90f3f3e03d130efd6192ff719c2d6a65ccdf098d3c2abf35d7aa6?s=96&d=mm&r=g\",\"caption\":\"vilma\"},\"url\":\"https:\/\/www.osjenka.si\/ps-gorice\/author\/vilma\/\"}]}<\/script>\n<!-- \/ Yoast SEO plugin. -->","yoast_head_json":{"title":"\u0160portni dan - 4. in 5.g - P\u0160 Gori\u010de","robots":{"index":"index","follow":"follow","max-snippet":"max-snippet:-1","max-image-preview":"max-image-preview:large","max-video-preview":"max-video-preview:-1"},"canonical":"https:\/\/www.osjenka.si\/ps-gorice\/2023\/10\/05\/sportni-dan-4-in-5-g\/","og_locale":"sl_SI","og_type":"article","og_title":"\u0160portni dan - 4. in 5.g - P\u0160 Gori\u010de","og_description":"V \u010detrtek, 28. septembra 2023, so se vi\u0161ji razredi P\u0160 Gori\u010de odpravili na jesenski pohod. Odpravili so se na sv. Lovrenca. Pot je bila kar dolga, vendar so bili u\u010denci dobro pripravljeni na vzpon, zato so brez te\u017eav osvojili vrh sv. Lovrenca. Nekateri so se na vrhu posladkali, drugi spro\u0161\u010dali na obzidju, nekateri pa pripravljali na talente.","og_url":"https:\/\/www.osjenka.si\/ps-gorice\/2023\/10\/05\/sportni-dan-4-in-5-g\/","og_site_name":"P\u0160 Gori\u010de","article_published_time":"2023-10-05T18:53:08+00:00","og_image":[{"width":800,"height":507,"url":"https:\/\/www.osjenka.si\/ps-gorice\/wp-content\/uploads\/sites\/2\/2023\/10\/sv.-Lovrenc.jpg","type":"image\/jpeg"}],"author":"vilma","twitter_card":"summary_large_image","twitter_misc":{"Written by":"vilma","Est. reading time":"2 minuti"},"schema":{"@context":"https:\/\/schema.org","@graph":[{"@type":"WebPage","@id":"https:\/\/www.osjenka.si\/ps-gorice\/2023\/10\/05\/sportni-dan-4-in-5-g\/","url":"https:\/\/www.osjenka.si\/ps-gorice\/2023\/10\/05\/sportni-dan-4-in-5-g\/","name":"\u0160portni dan - 4. in 5.g - P\u0160 Gori\u010de","isPartOf":{"@id":"https:\/\/www.osjenka.si\/ps-gorice\/#website"},"datePublished":"2023-10-05T18:53:08+00:00","dateModified":"2023-10-05T18:53:08+00:00","author":{"@id":"https:\/\/www.osjenka.si\/ps-gorice\/#\/schema\/person\/94f44dbd9351bedc48d18ae7ab8a6706"},"breadcrumb":{"@id":"https:\/\/www.osjenka.si\/ps-gorice\/2023\/10\/05\/sportni-dan-4-in-5-g\/#breadcrumb"},"inLanguage":"sl-SI","potentialAction":[{"@type":"ReadAction","target":["https:\/\/www.osjenka.si\/ps-gorice\/2023\/10\/05\/sportni-dan-4-in-5-g\/"]}]},{"@type":"BreadcrumbList","@id":"https:\/\/www.osjenka.si\/ps-gorice\/2023\/10\/05\/sportni-dan-4-in-5-g\/#breadcrumb","itemListElement":[{"@type":"ListItem","position":1,"name":"Home","item":"https:\/\/www.osjenka.si\/ps-gorice\/"},{"@type":"ListItem","position":2,"name":"\u0160portni dan &#8211; 4. in 5.g"}]},{"@type":"WebSite","@id":"https:\/\/www.osjenka.si\/ps-gorice\/#website","url":"https:\/\/www.osjenka.si\/ps-gorice\/","name":"P\u0160 Gori\u010de","description":"","potentialAction":[{"@type":"SearchAction","target":{"@type":"EntryPoint","urlTemplate":"https:\/\/www.osjenka.si\/ps-gorice\/?s={search_term_string}"},"query-input":"required name=search_term_string"}],"inLanguage":"sl-SI"},{"@type":"Person","@id":"https:\/\/www.osjenka.si\/ps-gorice\/#\/schema\/person\/94f44dbd9351bedc48d18ae7ab8a6706","name":"vilma","image":{"@type":"ImageObject","inLanguage":"sl-SI","@id":"https:\/\/www.osjenka.si\/ps-gorice\/#\/schema\/person\/image\/","url":"https:\/\/secure.gravatar.com\/avatar\/41aa9d6664f90f3f3e03d130efd6192ff719c2d6a65ccdf098d3c2abf35d7aa6?s=96&d=mm&r=g","contentUrl":"https:\/\/secure.gravatar.com\/avatar\/41aa9d6664f90f3f3e03d130efd6192ff719c2d6a65ccdf098d3c2abf35d7aa6?s=96&d=mm&r=g","caption":"vilma"},"url":"https:\/\/www.osjenka.si\/ps-gorice\/author\/vilma\/"}]}},"_links":{"self":[{"href":"https:\/\/www.osjenka.si\/ps-gorice\/wp-json\/wp\/v2\/posts\/3326","targetHints":{"allow":["GET"]}}],"collection":[{"href":"https:\/\/www.osjenka.si\/ps-gorice\/wp-json\/wp\/v2\/posts"}],"about":[{"href":"https:\/\/www.osjenka.si\/ps-gorice\/wp-json\/wp\/v2\/types\/post"}],"author":[{"embeddable":true,"href":"https:\/\/www.osjenka.si\/ps-gorice\/wp-json\/wp\/v2\/users\/7"}],"replies":[{"embeddable":true,"href":"https:\/\/www.osjenka.si\/ps-gorice\/wp-json\/wp\/v2\/comments?post=3326"}],"version-history":[{"count":3,"href":"https:\/\/www.osjenka.si\/ps-gorice\/wp-json\/wp\/v2\/posts\/3326\/revisions"}],"predecessor-version":[{"id":3336,"href":"https:\/\/www.osjenka.si\/ps-gorice\/wp-json\/wp\/v2\/posts\/3326\/revisions\/3336"}],"wp:featuredmedia":[{"embeddable":true,"href":"https:\/\/www.osjenka.si\/ps-gorice\/wp-json\/wp\/v2\/media\/3334"}],"wp:attachment":[{"href":"https:\/\/www.osjenka.si\/ps-gorice\/wp-json\/wp\/v2\/media?parent=3326"}],"wp:term":[{"taxonomy":"category","embeddable":true,"href":"https:\/\/www.osjenka.si\/ps-gorice\/wp-json\/wp\/v2\/categories?post=3326"},{"taxonomy":"post_tag","embeddable":true,"href":"https:\/\/www.osjenka.si\/ps-gorice\/wp-json\/wp\/v2\/tags?post=3326"}],"curies":[{"name":"wp","href":"https:\/\/api.w.org\/{rel}","templated":true}]}}