{"id":3337,"date":"2023-10-08T20:40:46","date_gmt":"2023-10-08T18:40:46","guid":{"rendered":"https:\/\/www.osjenka.si\/ps-gorice\/?p=3337"},"modified":"2023-10-08T20:40:46","modified_gmt":"2023-10-08T18:40:46","slug":"kd-glasbena-ustvarjalnica-1-g","status":"publish","type":"post","link":"https:\/\/www.osjenka.si\/ps-gorice\/2023\/10\/08\/kd-glasbena-ustvarjalnica-1-g\/","title":{"rendered":"KD &#8211; Glasbena ustvarjalnica -1. g"},"content":{"rendered":"<p>V petek smo pre\u017eiveli prijetno dopoldne v Krice Krace, kjer smo se najprej preizkusili v izdelovanju de\u017ene palice. To glasbilo smo izdelali tako, da smo v tulec zvili kos alufolije, po zunanjem delu tulca pa smo zabili okoli 15 \u017eebljev in na koncu v tulec natrosili ri\u017e. Vse skupaj smo mo\u010dno zalepili z lepilnim trakom.<\/p>\n<p>Glasbilo smo uporabili pri spremljanju pesmice Tri pti\u010dice.<\/p>\n<p>Sledila je prav posebna malica. Na ognju smo si sami spekli hrenovko in se od\u017eejali z limonado.<\/p>\n<p>V drugem delu smo se pognali v lov za pesmico. Spoznali smo note. Vsaka nota je imela svoje ime. Na\u0161li smo vse note in pesmico Ku\u017ea pazi, ki smo jo na koncu zaigrali na metalofon.<\/p>\n<p>Pre\u017eiveli smo ustvarjalno dopoldne in u\u017eivali na kulturnem dnevu.<\/p>\n<p>Irena Kodeh<\/p>\n<p>&nbsp;<\/p>\n<p style=\"text-align: center\"><img decoding=\"async\" class=\"lazyload alignnone  wp-image-3338\" src=\"https:\/\/www.osjenka.si\/ps-gorice\/wp-content\/uploads\/sites\/2\/2023\/10\/IMG_20231006_084044-300x225.jpg\" data-orig-src=\"https:\/\/www.osjenka.si\/ps-gorice\/wp-content\/uploads\/sites\/2\/2023\/10\/IMG_20231006_084044-300x225.jpg\" alt=\"\" width=\"583\" height=\"437\" srcset=\"data:image\/svg+xml,%3Csvg%20xmlns%3D%27http%3A%2F%2Fwww.w3.org%2F2000%2Fsvg%27%20width%3D%27583%27%20height%3D%27437%27%20viewBox%3D%270%200%20583%20437%27%3E%3Crect%20width%3D%27583%27%20height%3D%27437%27%20fill-opacity%3D%220%22%2F%3E%3C%2Fsvg%3E\" data-srcset=\"https:\/\/www.osjenka.si\/ps-gorice\/wp-content\/uploads\/sites\/2\/2023\/10\/IMG_20231006_084044-200x150.jpg 200w, https:\/\/www.osjenka.si\/ps-gorice\/wp-content\/uploads\/sites\/2\/2023\/10\/IMG_20231006_084044-300x225.jpg 300w, https:\/\/www.osjenka.si\/ps-gorice\/wp-content\/uploads\/sites\/2\/2023\/10\/IMG_20231006_084044-400x300.jpg 400w, https:\/\/www.osjenka.si\/ps-gorice\/wp-content\/uploads\/sites\/2\/2023\/10\/IMG_20231006_084044-600x450.jpg 600w, https:\/\/www.osjenka.si\/ps-gorice\/wp-content\/uploads\/sites\/2\/2023\/10\/IMG_20231006_084044-768x576.jpg 768w, https:\/\/www.osjenka.si\/ps-gorice\/wp-content\/uploads\/sites\/2\/2023\/10\/IMG_20231006_084044-800x600.jpg 800w, https:\/\/www.osjenka.si\/ps-gorice\/wp-content\/uploads\/sites\/2\/2023\/10\/IMG_20231006_084044-1024x768.jpg 1024w, https:\/\/www.osjenka.si\/ps-gorice\/wp-content\/uploads\/sites\/2\/2023\/10\/IMG_20231006_084044-1200x900.jpg 1200w, https:\/\/www.osjenka.si\/ps-gorice\/wp-content\/uploads\/sites\/2\/2023\/10\/IMG_20231006_084044-1536x1152.jpg 1536w, https:\/\/www.osjenka.si\/ps-gorice\/wp-content\/uploads\/sites\/2\/2023\/10\/IMG_20231006_084044.jpg 1920w\" data-sizes=\"auto\" data-orig-sizes=\"(max-width: 583px) 100vw, 583px\" \/><\/p>\n<p style=\"text-align: center\"><img decoding=\"async\" class=\"lazyload alignnone  wp-image-3339\" src=\"https:\/\/www.osjenka.si\/ps-gorice\/wp-content\/uploads\/sites\/2\/2023\/10\/IMG_20231006_094005-300x225.jpg\" data-orig-src=\"https:\/\/www.osjenka.si\/ps-gorice\/wp-content\/uploads\/sites\/2\/2023\/10\/IMG_20231006_094005-300x225.jpg\" alt=\"\" width=\"585\" height=\"439\" srcset=\"data:image\/svg+xml,%3Csvg%20xmlns%3D%27http%3A%2F%2Fwww.w3.org%2F2000%2Fsvg%27%20width%3D%27585%27%20height%3D%27439%27%20viewBox%3D%270%200%20585%20439%27%3E%3Crect%20width%3D%27585%27%20height%3D%27439%27%20fill-opacity%3D%220%22%2F%3E%3C%2Fsvg%3E\" data-srcset=\"https:\/\/www.osjenka.si\/ps-gorice\/wp-content\/uploads\/sites\/2\/2023\/10\/IMG_20231006_094005-200x150.jpg 200w, https:\/\/www.osjenka.si\/ps-gorice\/wp-content\/uploads\/sites\/2\/2023\/10\/IMG_20231006_094005-300x225.jpg 300w, https:\/\/www.osjenka.si\/ps-gorice\/wp-content\/uploads\/sites\/2\/2023\/10\/IMG_20231006_094005-400x300.jpg 400w, https:\/\/www.osjenka.si\/ps-gorice\/wp-content\/uploads\/sites\/2\/2023\/10\/IMG_20231006_094005-600x450.jpg 600w, https:\/\/www.osjenka.si\/ps-gorice\/wp-content\/uploads\/sites\/2\/2023\/10\/IMG_20231006_094005-768x576.jpg 768w, https:\/\/www.osjenka.si\/ps-gorice\/wp-content\/uploads\/sites\/2\/2023\/10\/IMG_20231006_094005-800x600.jpg 800w, https:\/\/www.osjenka.si\/ps-gorice\/wp-content\/uploads\/sites\/2\/2023\/10\/IMG_20231006_094005-1024x768.jpg 1024w, https:\/\/www.osjenka.si\/ps-gorice\/wp-content\/uploads\/sites\/2\/2023\/10\/IMG_20231006_094005-1200x900.jpg 1200w, https:\/\/www.osjenka.si\/ps-gorice\/wp-content\/uploads\/sites\/2\/2023\/10\/IMG_20231006_094005-1536x1152.jpg 1536w, https:\/\/www.osjenka.si\/ps-gorice\/wp-content\/uploads\/sites\/2\/2023\/10\/IMG_20231006_094005.jpg 1920w\" data-sizes=\"auto\" data-orig-sizes=\"(max-width: 585px) 100vw, 585px\" \/><\/p>\n<p style=\"text-align: center\">\n<p style=\"text-align: center\"><img decoding=\"async\" class=\"lazyload alignnone  wp-image-3341\" src=\"https:\/\/www.osjenka.si\/ps-gorice\/wp-content\/uploads\/sites\/2\/2023\/10\/IMG_20231006_103818-300x225.jpg\" data-orig-src=\"https:\/\/www.osjenka.si\/ps-gorice\/wp-content\/uploads\/sites\/2\/2023\/10\/IMG_20231006_103818-300x225.jpg\" alt=\"\" width=\"595\" height=\"446\" srcset=\"data:image\/svg+xml,%3Csvg%20xmlns%3D%27http%3A%2F%2Fwww.w3.org%2F2000%2Fsvg%27%20width%3D%27595%27%20height%3D%27446%27%20viewBox%3D%270%200%20595%20446%27%3E%3Crect%20width%3D%27595%27%20height%3D%27446%27%20fill-opacity%3D%220%22%2F%3E%3C%2Fsvg%3E\" data-srcset=\"https:\/\/www.osjenka.si\/ps-gorice\/wp-content\/uploads\/sites\/2\/2023\/10\/IMG_20231006_103818-200x150.jpg 200w, https:\/\/www.osjenka.si\/ps-gorice\/wp-content\/uploads\/sites\/2\/2023\/10\/IMG_20231006_103818-300x225.jpg 300w, https:\/\/www.osjenka.si\/ps-gorice\/wp-content\/uploads\/sites\/2\/2023\/10\/IMG_20231006_103818-400x300.jpg 400w, https:\/\/www.osjenka.si\/ps-gorice\/wp-content\/uploads\/sites\/2\/2023\/10\/IMG_20231006_103818-600x450.jpg 600w, https:\/\/www.osjenka.si\/ps-gorice\/wp-content\/uploads\/sites\/2\/2023\/10\/IMG_20231006_103818-768x576.jpg 768w, https:\/\/www.osjenka.si\/ps-gorice\/wp-content\/uploads\/sites\/2\/2023\/10\/IMG_20231006_103818-800x600.jpg 800w, https:\/\/www.osjenka.si\/ps-gorice\/wp-content\/uploads\/sites\/2\/2023\/10\/IMG_20231006_103818-1024x768.jpg 1024w, https:\/\/www.osjenka.si\/ps-gorice\/wp-content\/uploads\/sites\/2\/2023\/10\/IMG_20231006_103818-1200x900.jpg 1200w, https:\/\/www.osjenka.si\/ps-gorice\/wp-content\/uploads\/sites\/2\/2023\/10\/IMG_20231006_103818-1536x1152.jpg 1536w, https:\/\/www.osjenka.si\/ps-gorice\/wp-content\/uploads\/sites\/2\/2023\/10\/IMG_20231006_103818.jpg 1920w\" data-sizes=\"auto\" data-orig-sizes=\"(max-width: 595px) 100vw, 595px\" \/><\/p>\n<p style=\"text-align: center\"><img decoding=\"async\" class=\"lazyload alignnone  wp-image-3342\" src=\"https:\/\/www.osjenka.si\/ps-gorice\/wp-content\/uploads\/sites\/2\/2023\/10\/IMG_20231006_111444-300x225.jpg\" data-orig-src=\"https:\/\/www.osjenka.si\/ps-gorice\/wp-content\/uploads\/sites\/2\/2023\/10\/IMG_20231006_111444-300x225.jpg\" alt=\"\" width=\"579\" height=\"434\" srcset=\"data:image\/svg+xml,%3Csvg%20xmlns%3D%27http%3A%2F%2Fwww.w3.org%2F2000%2Fsvg%27%20width%3D%27579%27%20height%3D%27434%27%20viewBox%3D%270%200%20579%20434%27%3E%3Crect%20width%3D%27579%27%20height%3D%27434%27%20fill-opacity%3D%220%22%2F%3E%3C%2Fsvg%3E\" data-srcset=\"https:\/\/www.osjenka.si\/ps-gorice\/wp-content\/uploads\/sites\/2\/2023\/10\/IMG_20231006_111444-200x150.jpg 200w, https:\/\/www.osjenka.si\/ps-gorice\/wp-content\/uploads\/sites\/2\/2023\/10\/IMG_20231006_111444-300x225.jpg 300w, https:\/\/www.osjenka.si\/ps-gorice\/wp-content\/uploads\/sites\/2\/2023\/10\/IMG_20231006_111444-400x300.jpg 400w, https:\/\/www.osjenka.si\/ps-gorice\/wp-content\/uploads\/sites\/2\/2023\/10\/IMG_20231006_111444-600x450.jpg 600w, https:\/\/www.osjenka.si\/ps-gorice\/wp-content\/uploads\/sites\/2\/2023\/10\/IMG_20231006_111444-768x576.jpg 768w, https:\/\/www.osjenka.si\/ps-gorice\/wp-content\/uploads\/sites\/2\/2023\/10\/IMG_20231006_111444-800x600.jpg 800w, https:\/\/www.osjenka.si\/ps-gorice\/wp-content\/uploads\/sites\/2\/2023\/10\/IMG_20231006_111444-1024x768.jpg 1024w, https:\/\/www.osjenka.si\/ps-gorice\/wp-content\/uploads\/sites\/2\/2023\/10\/IMG_20231006_111444-1200x900.jpg 1200w, https:\/\/www.osjenka.si\/ps-gorice\/wp-content\/uploads\/sites\/2\/2023\/10\/IMG_20231006_111444-1536x1152.jpg 1536w, https:\/\/www.osjenka.si\/ps-gorice\/wp-content\/uploads\/sites\/2\/2023\/10\/IMG_20231006_111444.jpg 1920w\" data-sizes=\"auto\" data-orig-sizes=\"(max-width: 579px) 100vw, 579px\" \/><\/p>\n<p><strong>\u00a0<\/strong><\/p>\n","protected":false},"excerpt":{"rendered":"<p>V petek smo pre\u017eiveli prijetno dopoldne v Krice Krace, kjer smo se najprej preizkusili v izdelovanju de\u017ene palice. To glasbilo smo izdelali tako, da smo v tulec zvili kos alufolije, po zunanjem delu tulca pa smo zabili okoli 15 \u017eebljev in na koncu v tulec natrosili ri\u017e. Vse skupaj smo mo\u010dno zalepili z lepilnim trakom. Glasbilo smo uporabili pri spremljanju pesmice Tri pti\u010dice. Sledila je prav posebna malica. Na ognju smo si sami spekli hrenovko in se od\u017eejali z limonado. V drugem delu smo se pognali v lov za pesmico. Spoznali smo note. Vsaka nota je imela svoje ime. Na\u0161li smo [&hellip;]<\/p>\n","protected":false},"author":7,"featured_media":3342,"comment_status":"open","ping_status":"open","sticky":false,"template":"","format":"standard","meta":{"footnotes":""},"categories":[1],"tags":[],"class_list":["post-3337","post","type-post","status-publish","format-standard","has-post-thumbnail","hentry","category-nekategorizirano"],"yoast_head":"<!-- This site is optimized with the Yoast SEO plugin v19.11 - https:\/\/yoast.com\/wordpress\/plugins\/seo\/ -->\n<title>KD - Glasbena ustvarjalnica -1. g - P\u0160 Gori\u010de<\/title>\n<meta name=\"robots\" content=\"index, follow, max-snippet:-1, max-image-preview:large, max-video-preview:-1\" \/>\n<link rel=\"canonical\" href=\"https:\/\/www.osjenka.si\/ps-gorice\/2023\/10\/08\/kd-glasbena-ustvarjalnica-1-g\/\" \/>\n<meta property=\"og:locale\" content=\"sl_SI\" \/>\n<meta property=\"og:type\" content=\"article\" \/>\n<meta property=\"og:title\" content=\"KD - Glasbena ustvarjalnica -1. g - P\u0160 Gori\u010de\" \/>\n<meta property=\"og:description\" content=\"V petek smo pre\u017eiveli prijetno dopoldne v Krice Krace, kjer smo se najprej preizkusili v izdelovanju de\u017ene palice. To glasbilo smo izdelali tako, da smo v tulec zvili kos alufolije, po zunanjem delu tulca pa smo zabili okoli 15 \u017eebljev in na koncu v tulec natrosili ri\u017e. Vse skupaj smo mo\u010dno zalepili z lepilnim trakom. Glasbilo smo uporabili pri spremljanju pesmice Tri pti\u010dice. Sledila je prav posebna malica. Na ognju smo si sami spekli hrenovko in se od\u017eejali z limonado. V drugem delu smo se pognali v lov za pesmico. Spoznali smo note. Vsaka nota je imela svoje ime. Na\u0161li smo [&hellip;]\" \/>\n<meta property=\"og:url\" content=\"https:\/\/www.osjenka.si\/ps-gorice\/2023\/10\/08\/kd-glasbena-ustvarjalnica-1-g\/\" \/>\n<meta property=\"og:site_name\" content=\"P\u0160 Gori\u010de\" \/>\n<meta property=\"article:published_time\" content=\"2023-10-08T18:40:46+00:00\" \/>\n<meta property=\"og:image\" content=\"https:\/\/www.osjenka.si\/ps-gorice\/wp-content\/uploads\/sites\/2\/2023\/10\/IMG_20231006_111444.jpg\" \/>\n\t<meta property=\"og:image:width\" content=\"1920\" \/>\n\t<meta property=\"og:image:height\" content=\"1440\" \/>\n\t<meta property=\"og:image:type\" content=\"image\/jpeg\" \/>\n<meta name=\"author\" content=\"vilma\" \/>\n<meta name=\"twitter:card\" content=\"summary_large_image\" \/>\n<meta name=\"twitter:label1\" content=\"Written by\" \/>\n\t<meta name=\"twitter:data1\" content=\"vilma\" \/>\n\t<meta name=\"twitter:label2\" content=\"Est. reading time\" \/>\n\t<meta name=\"twitter:data2\" content=\"2 minuti\" \/>\n<script type=\"application\/ld+json\" class=\"yoast-schema-graph\">{\"@context\":\"https:\/\/schema.org\",\"@graph\":[{\"@type\":\"WebPage\",\"@id\":\"https:\/\/www.osjenka.si\/ps-gorice\/2023\/10\/08\/kd-glasbena-ustvarjalnica-1-g\/\",\"url\":\"https:\/\/www.osjenka.si\/ps-gorice\/2023\/10\/08\/kd-glasbena-ustvarjalnica-1-g\/\",\"name\":\"KD - Glasbena ustvarjalnica -1. g - P\u0160 Gori\u010de\",\"isPartOf\":{\"@id\":\"https:\/\/www.osjenka.si\/ps-gorice\/#website\"},\"datePublished\":\"2023-10-08T18:40:46+00:00\",\"dateModified\":\"2023-10-08T18:40:46+00:00\",\"author\":{\"@id\":\"https:\/\/www.osjenka.si\/ps-gorice\/#\/schema\/person\/94f44dbd9351bedc48d18ae7ab8a6706\"},\"breadcrumb\":{\"@id\":\"https:\/\/www.osjenka.si\/ps-gorice\/2023\/10\/08\/kd-glasbena-ustvarjalnica-1-g\/#breadcrumb\"},\"inLanguage\":\"sl-SI\",\"potentialAction\":[{\"@type\":\"ReadAction\",\"target\":[\"https:\/\/www.osjenka.si\/ps-gorice\/2023\/10\/08\/kd-glasbena-ustvarjalnica-1-g\/\"]}]},{\"@type\":\"BreadcrumbList\",\"@id\":\"https:\/\/www.osjenka.si\/ps-gorice\/2023\/10\/08\/kd-glasbena-ustvarjalnica-1-g\/#breadcrumb\",\"itemListElement\":[{\"@type\":\"ListItem\",\"position\":1,\"name\":\"Home\",\"item\":\"https:\/\/www.osjenka.si\/ps-gorice\/\"},{\"@type\":\"ListItem\",\"position\":2,\"name\":\"KD &#8211; Glasbena ustvarjalnica -1. g\"}]},{\"@type\":\"WebSite\",\"@id\":\"https:\/\/www.osjenka.si\/ps-gorice\/#website\",\"url\":\"https:\/\/www.osjenka.si\/ps-gorice\/\",\"name\":\"P\u0160 Gori\u010de\",\"description\":\"\",\"potentialAction\":[{\"@type\":\"SearchAction\",\"target\":{\"@type\":\"EntryPoint\",\"urlTemplate\":\"https:\/\/www.osjenka.si\/ps-gorice\/?s={search_term_string}\"},\"query-input\":\"required name=search_term_string\"}],\"inLanguage\":\"sl-SI\"},{\"@type\":\"Person\",\"@id\":\"https:\/\/www.osjenka.si\/ps-gorice\/#\/schema\/person\/94f44dbd9351bedc48d18ae7ab8a6706\",\"name\":\"vilma\",\"image\":{\"@type\":\"ImageObject\",\"inLanguage\":\"sl-SI\",\"@id\":\"https:\/\/www.osjenka.si\/ps-gorice\/#\/schema\/person\/image\/\",\"url\":\"https:\/\/secure.gravatar.com\/avatar\/41aa9d6664f90f3f3e03d130efd6192ff719c2d6a65ccdf098d3c2abf35d7aa6?s=96&d=mm&r=g\",\"contentUrl\":\"https:\/\/secure.gravatar.com\/avatar\/41aa9d6664f90f3f3e03d130efd6192ff719c2d6a65ccdf098d3c2abf35d7aa6?s=96&d=mm&r=g\",\"caption\":\"vilma\"},\"url\":\"https:\/\/www.osjenka.si\/ps-gorice\/author\/vilma\/\"}]}<\/script>\n<!-- \/ Yoast SEO plugin. -->","yoast_head_json":{"title":"KD - Glasbena ustvarjalnica -1. g - P\u0160 Gori\u010de","robots":{"index":"index","follow":"follow","max-snippet":"max-snippet:-1","max-image-preview":"max-image-preview:large","max-video-preview":"max-video-preview:-1"},"canonical":"https:\/\/www.osjenka.si\/ps-gorice\/2023\/10\/08\/kd-glasbena-ustvarjalnica-1-g\/","og_locale":"sl_SI","og_type":"article","og_title":"KD - Glasbena ustvarjalnica -1. g - P\u0160 Gori\u010de","og_description":"V petek smo pre\u017eiveli prijetno dopoldne v Krice Krace, kjer smo se najprej preizkusili v izdelovanju de\u017ene palice. To glasbilo smo izdelali tako, da smo v tulec zvili kos alufolije, po zunanjem delu tulca pa smo zabili okoli 15 \u017eebljev in na koncu v tulec natrosili ri\u017e. Vse skupaj smo mo\u010dno zalepili z lepilnim trakom. Glasbilo smo uporabili pri spremljanju pesmice Tri pti\u010dice. Sledila je prav posebna malica. Na ognju smo si sami spekli hrenovko in se od\u017eejali z limonado. V drugem delu smo se pognali v lov za pesmico. Spoznali smo note. Vsaka nota je imela svoje ime. Na\u0161li smo [&hellip;]","og_url":"https:\/\/www.osjenka.si\/ps-gorice\/2023\/10\/08\/kd-glasbena-ustvarjalnica-1-g\/","og_site_name":"P\u0160 Gori\u010de","article_published_time":"2023-10-08T18:40:46+00:00","og_image":[{"width":1920,"height":1440,"url":"https:\/\/www.osjenka.si\/ps-gorice\/wp-content\/uploads\/sites\/2\/2023\/10\/IMG_20231006_111444.jpg","type":"image\/jpeg"}],"author":"vilma","twitter_card":"summary_large_image","twitter_misc":{"Written by":"vilma","Est. reading time":"2 minuti"},"schema":{"@context":"https:\/\/schema.org","@graph":[{"@type":"WebPage","@id":"https:\/\/www.osjenka.si\/ps-gorice\/2023\/10\/08\/kd-glasbena-ustvarjalnica-1-g\/","url":"https:\/\/www.osjenka.si\/ps-gorice\/2023\/10\/08\/kd-glasbena-ustvarjalnica-1-g\/","name":"KD - Glasbena ustvarjalnica -1. g - P\u0160 Gori\u010de","isPartOf":{"@id":"https:\/\/www.osjenka.si\/ps-gorice\/#website"},"datePublished":"2023-10-08T18:40:46+00:00","dateModified":"2023-10-08T18:40:46+00:00","author":{"@id":"https:\/\/www.osjenka.si\/ps-gorice\/#\/schema\/person\/94f44dbd9351bedc48d18ae7ab8a6706"},"breadcrumb":{"@id":"https:\/\/www.osjenka.si\/ps-gorice\/2023\/10\/08\/kd-glasbena-ustvarjalnica-1-g\/#breadcrumb"},"inLanguage":"sl-SI","potentialAction":[{"@type":"ReadAction","target":["https:\/\/www.osjenka.si\/ps-gorice\/2023\/10\/08\/kd-glasbena-ustvarjalnica-1-g\/"]}]},{"@type":"BreadcrumbList","@id":"https:\/\/www.osjenka.si\/ps-gorice\/2023\/10\/08\/kd-glasbena-ustvarjalnica-1-g\/#breadcrumb","itemListElement":[{"@type":"ListItem","position":1,"name":"Home","item":"https:\/\/www.osjenka.si\/ps-gorice\/"},{"@type":"ListItem","position":2,"name":"KD &#8211; Glasbena ustvarjalnica -1. g"}]},{"@type":"WebSite","@id":"https:\/\/www.osjenka.si\/ps-gorice\/#website","url":"https:\/\/www.osjenka.si\/ps-gorice\/","name":"P\u0160 Gori\u010de","description":"","potentialAction":[{"@type":"SearchAction","target":{"@type":"EntryPoint","urlTemplate":"https:\/\/www.osjenka.si\/ps-gorice\/?s={search_term_string}"},"query-input":"required name=search_term_string"}],"inLanguage":"sl-SI"},{"@type":"Person","@id":"https:\/\/www.osjenka.si\/ps-gorice\/#\/schema\/person\/94f44dbd9351bedc48d18ae7ab8a6706","name":"vilma","image":{"@type":"ImageObject","inLanguage":"sl-SI","@id":"https:\/\/www.osjenka.si\/ps-gorice\/#\/schema\/person\/image\/","url":"https:\/\/secure.gravatar.com\/avatar\/41aa9d6664f90f3f3e03d130efd6192ff719c2d6a65ccdf098d3c2abf35d7aa6?s=96&d=mm&r=g","contentUrl":"https:\/\/secure.gravatar.com\/avatar\/41aa9d6664f90f3f3e03d130efd6192ff719c2d6a65ccdf098d3c2abf35d7aa6?s=96&d=mm&r=g","caption":"vilma"},"url":"https:\/\/www.osjenka.si\/ps-gorice\/author\/vilma\/"}]}},"_links":{"self":[{"href":"https:\/\/www.osjenka.si\/ps-gorice\/wp-json\/wp\/v2\/posts\/3337","targetHints":{"allow":["GET"]}}],"collection":[{"href":"https:\/\/www.osjenka.si\/ps-gorice\/wp-json\/wp\/v2\/posts"}],"about":[{"href":"https:\/\/www.osjenka.si\/ps-gorice\/wp-json\/wp\/v2\/types\/post"}],"author":[{"embeddable":true,"href":"https:\/\/www.osjenka.si\/ps-gorice\/wp-json\/wp\/v2\/users\/7"}],"replies":[{"embeddable":true,"href":"https:\/\/www.osjenka.si\/ps-gorice\/wp-json\/wp\/v2\/comments?post=3337"}],"version-history":[{"count":1,"href":"https:\/\/www.osjenka.si\/ps-gorice\/wp-json\/wp\/v2\/posts\/3337\/revisions"}],"predecessor-version":[{"id":3343,"href":"https:\/\/www.osjenka.si\/ps-gorice\/wp-json\/wp\/v2\/posts\/3337\/revisions\/3343"}],"wp:featuredmedia":[{"embeddable":true,"href":"https:\/\/www.osjenka.si\/ps-gorice\/wp-json\/wp\/v2\/media\/3342"}],"wp:attachment":[{"href":"https:\/\/www.osjenka.si\/ps-gorice\/wp-json\/wp\/v2\/media?parent=3337"}],"wp:term":[{"taxonomy":"category","embeddable":true,"href":"https:\/\/www.osjenka.si\/ps-gorice\/wp-json\/wp\/v2\/categories?post=3337"},{"taxonomy":"post_tag","embeddable":true,"href":"https:\/\/www.osjenka.si\/ps-gorice\/wp-json\/wp\/v2\/tags?post=3337"}],"curies":[{"name":"wp","href":"https:\/\/api.w.org\/{rel}","templated":true}]}}