{"id":3398,"date":"2023-10-15T09:27:39","date_gmt":"2023-10-15T07:27:39","guid":{"rendered":"https:\/\/www.osjenka.si\/ps-gorice\/?p=3398"},"modified":"2023-10-15T09:27:39","modified_gmt":"2023-10-15T07:27:39","slug":"jesenska-zbiralna-akcija-papirja-2","status":"publish","type":"post","link":"https:\/\/www.osjenka.si\/ps-gorice\/2023\/10\/15\/jesenska-zbiralna-akcija-papirja-2\/","title":{"rendered":"Jesenska zbiralna akcija papirja"},"content":{"rendered":"<h4 dir=\"ltr\" style=\"text-align: center\"><span style=\"color: #808080\">Obve\u0161\u010damo vas, da bo zbiralna akcija odpadnega papirja potekala\u00a0<\/span><span style=\"color: #808080\"><em><strong>od\u00a0<\/strong><\/em><\/span><\/h4>\n<h4 dir=\"ltr\" style=\"text-align: center\"><span style=\"color: #808080\"><em><strong><span style=\"color: #333333\">PONEDELJKA, 16. oktobra,\u00a0 do PETEKA, 20. oktobra, na parkiri\u0161\u010du za O\u0160 v Gori\u010dah<\/span><\/strong> <\/em>(pred telovadnico).<\/span><\/h4>\n<h4 dir=\"ltr\" style=\"text-align: center\"><span style=\"color: #808080\">\u017delimo, da vsak u\u010denec prinese vsaj nekaj odpadnega papirja. Zbrana sredstva bodo namenjena \u0160olskemu skladu.<\/span><\/h4>\n<h4 dir=\"ltr\" style=\"text-align: center\"><span style=\"color: #808080\">Veselimo se vseh, ki vsako leto pridno polnite zabojnik.<\/span><\/h4>\n<h4 dir=\"ltr\" style=\"text-align: center\"><span style=\"color: #808080\">Hvala za va\u0161 prispevek.<\/span><\/h4>\n","protected":false},"excerpt":{"rendered":"<p>Obve\u0161\u010damo vas, da bo zbiralna akcija odpadnega papirja potekala\u00a0od\u00a0 PONEDELJKA, 16. oktobra,\u00a0 do PETEKA, 20. oktobra, na parkiri\u0161\u010du za O\u0160 v Gori\u010dah (pred telovadnico). \u017delimo, da vsak u\u010denec prinese vsaj nekaj odpadnega papirja. Zbrana sredstva bodo namenjena \u0160olskemu skladu. Veselimo se vseh, ki vsako leto pridno polnite zabojnik. Hvala za va\u0161 prispevek.<\/p>\n","protected":false},"author":7,"featured_media":3400,"comment_status":"open","ping_status":"open","sticky":false,"template":"","format":"standard","meta":{"footnotes":""},"categories":[1],"tags":[],"class_list":["post-3398","post","type-post","status-publish","format-standard","has-post-thumbnail","hentry","category-nekategorizirano"],"yoast_head":"<!-- This site is optimized with the Yoast SEO plugin v19.11 - https:\/\/yoast.com\/wordpress\/plugins\/seo\/ -->\n<title>Jesenska zbiralna akcija papirja - P\u0160 Gori\u010de<\/title>\n<meta name=\"robots\" content=\"index, follow, max-snippet:-1, max-image-preview:large, max-video-preview:-1\" \/>\n<link rel=\"canonical\" href=\"https:\/\/www.osjenka.si\/ps-gorice\/2023\/10\/15\/jesenska-zbiralna-akcija-papirja-2\/\" \/>\n<meta property=\"og:locale\" content=\"sl_SI\" \/>\n<meta property=\"og:type\" content=\"article\" \/>\n<meta property=\"og:title\" content=\"Jesenska zbiralna akcija papirja - P\u0160 Gori\u010de\" \/>\n<meta property=\"og:description\" content=\"Obve\u0161\u010damo vas, da bo zbiralna akcija odpadnega papirja potekala\u00a0od\u00a0 PONEDELJKA, 16. oktobra,\u00a0 do PETEKA, 20. oktobra, na parkiri\u0161\u010du za O\u0160 v Gori\u010dah (pred telovadnico). \u017delimo, da vsak u\u010denec prinese vsaj nekaj odpadnega papirja. Zbrana sredstva bodo namenjena \u0160olskemu skladu. Veselimo se vseh, ki vsako leto pridno polnite zabojnik. Hvala za va\u0161 prispevek.\" \/>\n<meta property=\"og:url\" content=\"https:\/\/www.osjenka.si\/ps-gorice\/2023\/10\/15\/jesenska-zbiralna-akcija-papirja-2\/\" \/>\n<meta property=\"og:site_name\" content=\"P\u0160 Gori\u010de\" \/>\n<meta property=\"article:published_time\" content=\"2023-10-15T07:27:39+00:00\" \/>\n<meta property=\"og:image\" content=\"https:\/\/www.osjenka.si\/ps-gorice\/wp-content\/uploads\/sites\/2\/2023\/10\/slika-odpadna11.jpg\" \/>\n\t<meta property=\"og:image:width\" content=\"444\" \/>\n\t<meta property=\"og:image:height\" content=\"254\" \/>\n\t<meta property=\"og:image:type\" content=\"image\/jpeg\" \/>\n<meta name=\"author\" content=\"vilma\" \/>\n<meta name=\"twitter:card\" content=\"summary_large_image\" \/>\n<meta name=\"twitter:label1\" content=\"Written by\" \/>\n\t<meta name=\"twitter:data1\" content=\"vilma\" \/>\n\t<meta name=\"twitter:label2\" content=\"Est. reading time\" \/>\n\t<meta name=\"twitter:data2\" content=\"1 minuta\" \/>\n<script type=\"application\/ld+json\" class=\"yoast-schema-graph\">{\"@context\":\"https:\/\/schema.org\",\"@graph\":[{\"@type\":\"WebPage\",\"@id\":\"https:\/\/www.osjenka.si\/ps-gorice\/2023\/10\/15\/jesenska-zbiralna-akcija-papirja-2\/\",\"url\":\"https:\/\/www.osjenka.si\/ps-gorice\/2023\/10\/15\/jesenska-zbiralna-akcija-papirja-2\/\",\"name\":\"Jesenska zbiralna akcija papirja - P\u0160 Gori\u010de\",\"isPartOf\":{\"@id\":\"https:\/\/www.osjenka.si\/ps-gorice\/#website\"},\"datePublished\":\"2023-10-15T07:27:39+00:00\",\"dateModified\":\"2023-10-15T07:27:39+00:00\",\"author\":{\"@id\":\"https:\/\/www.osjenka.si\/ps-gorice\/#\/schema\/person\/94f44dbd9351bedc48d18ae7ab8a6706\"},\"breadcrumb\":{\"@id\":\"https:\/\/www.osjenka.si\/ps-gorice\/2023\/10\/15\/jesenska-zbiralna-akcija-papirja-2\/#breadcrumb\"},\"inLanguage\":\"sl-SI\",\"potentialAction\":[{\"@type\":\"ReadAction\",\"target\":[\"https:\/\/www.osjenka.si\/ps-gorice\/2023\/10\/15\/jesenska-zbiralna-akcija-papirja-2\/\"]}]},{\"@type\":\"BreadcrumbList\",\"@id\":\"https:\/\/www.osjenka.si\/ps-gorice\/2023\/10\/15\/jesenska-zbiralna-akcija-papirja-2\/#breadcrumb\",\"itemListElement\":[{\"@type\":\"ListItem\",\"position\":1,\"name\":\"Home\",\"item\":\"https:\/\/www.osjenka.si\/ps-gorice\/\"},{\"@type\":\"ListItem\",\"position\":2,\"name\":\"Jesenska zbiralna akcija papirja\"}]},{\"@type\":\"WebSite\",\"@id\":\"https:\/\/www.osjenka.si\/ps-gorice\/#website\",\"url\":\"https:\/\/www.osjenka.si\/ps-gorice\/\",\"name\":\"P\u0160 Gori\u010de\",\"description\":\"\",\"potentialAction\":[{\"@type\":\"SearchAction\",\"target\":{\"@type\":\"EntryPoint\",\"urlTemplate\":\"https:\/\/www.osjenka.si\/ps-gorice\/?s={search_term_string}\"},\"query-input\":\"required name=search_term_string\"}],\"inLanguage\":\"sl-SI\"},{\"@type\":\"Person\",\"@id\":\"https:\/\/www.osjenka.si\/ps-gorice\/#\/schema\/person\/94f44dbd9351bedc48d18ae7ab8a6706\",\"name\":\"vilma\",\"image\":{\"@type\":\"ImageObject\",\"inLanguage\":\"sl-SI\",\"@id\":\"https:\/\/www.osjenka.si\/ps-gorice\/#\/schema\/person\/image\/\",\"url\":\"https:\/\/secure.gravatar.com\/avatar\/41aa9d6664f90f3f3e03d130efd6192ff719c2d6a65ccdf098d3c2abf35d7aa6?s=96&d=mm&r=g\",\"contentUrl\":\"https:\/\/secure.gravatar.com\/avatar\/41aa9d6664f90f3f3e03d130efd6192ff719c2d6a65ccdf098d3c2abf35d7aa6?s=96&d=mm&r=g\",\"caption\":\"vilma\"},\"url\":\"https:\/\/www.osjenka.si\/ps-gorice\/author\/vilma\/\"}]}<\/script>\n<!-- \/ Yoast SEO plugin. -->","yoast_head_json":{"title":"Jesenska zbiralna akcija papirja - P\u0160 Gori\u010de","robots":{"index":"index","follow":"follow","max-snippet":"max-snippet:-1","max-image-preview":"max-image-preview:large","max-video-preview":"max-video-preview:-1"},"canonical":"https:\/\/www.osjenka.si\/ps-gorice\/2023\/10\/15\/jesenska-zbiralna-akcija-papirja-2\/","og_locale":"sl_SI","og_type":"article","og_title":"Jesenska zbiralna akcija papirja - P\u0160 Gori\u010de","og_description":"Obve\u0161\u010damo vas, da bo zbiralna akcija odpadnega papirja potekala\u00a0od\u00a0 PONEDELJKA, 16. oktobra,\u00a0 do PETEKA, 20. oktobra, na parkiri\u0161\u010du za O\u0160 v Gori\u010dah (pred telovadnico). \u017delimo, da vsak u\u010denec prinese vsaj nekaj odpadnega papirja. Zbrana sredstva bodo namenjena \u0160olskemu skladu. Veselimo se vseh, ki vsako leto pridno polnite zabojnik. Hvala za va\u0161 prispevek.","og_url":"https:\/\/www.osjenka.si\/ps-gorice\/2023\/10\/15\/jesenska-zbiralna-akcija-papirja-2\/","og_site_name":"P\u0160 Gori\u010de","article_published_time":"2023-10-15T07:27:39+00:00","og_image":[{"width":444,"height":254,"url":"https:\/\/www.osjenka.si\/ps-gorice\/wp-content\/uploads\/sites\/2\/2023\/10\/slika-odpadna11.jpg","type":"image\/jpeg"}],"author":"vilma","twitter_card":"summary_large_image","twitter_misc":{"Written by":"vilma","Est. reading time":"1 minuta"},"schema":{"@context":"https:\/\/schema.org","@graph":[{"@type":"WebPage","@id":"https:\/\/www.osjenka.si\/ps-gorice\/2023\/10\/15\/jesenska-zbiralna-akcija-papirja-2\/","url":"https:\/\/www.osjenka.si\/ps-gorice\/2023\/10\/15\/jesenska-zbiralna-akcija-papirja-2\/","name":"Jesenska zbiralna akcija papirja - P\u0160 Gori\u010de","isPartOf":{"@id":"https:\/\/www.osjenka.si\/ps-gorice\/#website"},"datePublished":"2023-10-15T07:27:39+00:00","dateModified":"2023-10-15T07:27:39+00:00","author":{"@id":"https:\/\/www.osjenka.si\/ps-gorice\/#\/schema\/person\/94f44dbd9351bedc48d18ae7ab8a6706"},"breadcrumb":{"@id":"https:\/\/www.osjenka.si\/ps-gorice\/2023\/10\/15\/jesenska-zbiralna-akcija-papirja-2\/#breadcrumb"},"inLanguage":"sl-SI","potentialAction":[{"@type":"ReadAction","target":["https:\/\/www.osjenka.si\/ps-gorice\/2023\/10\/15\/jesenska-zbiralna-akcija-papirja-2\/"]}]},{"@type":"BreadcrumbList","@id":"https:\/\/www.osjenka.si\/ps-gorice\/2023\/10\/15\/jesenska-zbiralna-akcija-papirja-2\/#breadcrumb","itemListElement":[{"@type":"ListItem","position":1,"name":"Home","item":"https:\/\/www.osjenka.si\/ps-gorice\/"},{"@type":"ListItem","position":2,"name":"Jesenska zbiralna akcija papirja"}]},{"@type":"WebSite","@id":"https:\/\/www.osjenka.si\/ps-gorice\/#website","url":"https:\/\/www.osjenka.si\/ps-gorice\/","name":"P\u0160 Gori\u010de","description":"","potentialAction":[{"@type":"SearchAction","target":{"@type":"EntryPoint","urlTemplate":"https:\/\/www.osjenka.si\/ps-gorice\/?s={search_term_string}"},"query-input":"required name=search_term_string"}],"inLanguage":"sl-SI"},{"@type":"Person","@id":"https:\/\/www.osjenka.si\/ps-gorice\/#\/schema\/person\/94f44dbd9351bedc48d18ae7ab8a6706","name":"vilma","image":{"@type":"ImageObject","inLanguage":"sl-SI","@id":"https:\/\/www.osjenka.si\/ps-gorice\/#\/schema\/person\/image\/","url":"https:\/\/secure.gravatar.com\/avatar\/41aa9d6664f90f3f3e03d130efd6192ff719c2d6a65ccdf098d3c2abf35d7aa6?s=96&d=mm&r=g","contentUrl":"https:\/\/secure.gravatar.com\/avatar\/41aa9d6664f90f3f3e03d130efd6192ff719c2d6a65ccdf098d3c2abf35d7aa6?s=96&d=mm&r=g","caption":"vilma"},"url":"https:\/\/www.osjenka.si\/ps-gorice\/author\/vilma\/"}]}},"_links":{"self":[{"href":"https:\/\/www.osjenka.si\/ps-gorice\/wp-json\/wp\/v2\/posts\/3398","targetHints":{"allow":["GET"]}}],"collection":[{"href":"https:\/\/www.osjenka.si\/ps-gorice\/wp-json\/wp\/v2\/posts"}],"about":[{"href":"https:\/\/www.osjenka.si\/ps-gorice\/wp-json\/wp\/v2\/types\/post"}],"author":[{"embeddable":true,"href":"https:\/\/www.osjenka.si\/ps-gorice\/wp-json\/wp\/v2\/users\/7"}],"replies":[{"embeddable":true,"href":"https:\/\/www.osjenka.si\/ps-gorice\/wp-json\/wp\/v2\/comments?post=3398"}],"version-history":[{"count":1,"href":"https:\/\/www.osjenka.si\/ps-gorice\/wp-json\/wp\/v2\/posts\/3398\/revisions"}],"predecessor-version":[{"id":3401,"href":"https:\/\/www.osjenka.si\/ps-gorice\/wp-json\/wp\/v2\/posts\/3398\/revisions\/3401"}],"wp:featuredmedia":[{"embeddable":true,"href":"https:\/\/www.osjenka.si\/ps-gorice\/wp-json\/wp\/v2\/media\/3400"}],"wp:attachment":[{"href":"https:\/\/www.osjenka.si\/ps-gorice\/wp-json\/wp\/v2\/media?parent=3398"}],"wp:term":[{"taxonomy":"category","embeddable":true,"href":"https:\/\/www.osjenka.si\/ps-gorice\/wp-json\/wp\/v2\/categories?post=3398"},{"taxonomy":"post_tag","embeddable":true,"href":"https:\/\/www.osjenka.si\/ps-gorice\/wp-json\/wp\/v2\/tags?post=3398"}],"curies":[{"name":"wp","href":"https:\/\/api.w.org\/{rel}","templated":true}]}}