{"id":3427,"date":"2023-10-23T22:37:40","date_gmt":"2023-10-23T20:37:40","guid":{"rendered":"https:\/\/www.osjenka.si\/ps-gorice\/?p=3427"},"modified":"2023-10-23T22:38:38","modified_gmt":"2023-10-23T20:38:38","slug":"td-obisk-gasilskega-doma","status":"publish","type":"post","link":"https:\/\/www.osjenka.si\/ps-gorice\/2023\/10\/23\/td-obisk-gasilskega-doma\/","title":{"rendered":"TD &#8211; Obisk gasilskega doma"},"content":{"rendered":"<p style=\"text-align: center\"><strong><u>PRVO\u0160OLCI SO POVEDALI:<\/u><\/strong><\/p>\n<p style=\"text-align: center\"><span style=\"color: #008080\">V\u0160E\u010c MI JE BILO, KO SMO \u0160LI NOTRI V GASILSKI AVTO. ( \u017dIGA MALI)<\/span><\/p>\n<p style=\"text-align: center\"><span style=\"color: #3366ff\">GASILCI SO NAM PREDSTAVILI GASILSKO OPREMO.(ALEX KRAPE\u017d FILIPOVSKI)<\/span><\/p>\n<p style=\"text-align: center\"><span style=\"color: #339966\">GASILCI SO POVEDALI, KAJ MORAMO NAREDITI, KO PRIDE DO PO\u017dARA. (TINKARA IPAVEC)<\/span><\/p>\n<p style=\"text-align: center\"><span style=\"color: #000080\">V\u0160E\u010c MI JE BILO, KO SMO SI OGLEDALI RISANKO O GASILCIH. (VESNA ROBLEK)<\/span><\/p>\n<p style=\"text-align: center\"><span style=\"color: #00ccff\">BIL SEM NAVDU\u0160EN, KO SEM VIDEL, KAKO SO GASILI \u0160OLO. (OSKAR PIPAN)<\/span><\/p>\n<p style=\"text-align: center\"><span style=\"color: #008000\">V\u0160E\u010c MI JE BILO, KO SO GASILCI \u0160PRICALI. (MIKE GA\u0160PERLIN)<\/span><\/p>\n<p style=\"text-align: center\"><img decoding=\"async\" class=\"lazyload alignnone wp-image-3428\" src=\"https:\/\/www.osjenka.si\/ps-gorice\/wp-content\/uploads\/sites\/2\/2023\/10\/TD_gasilci_1-300x224.jpg\" data-orig-src=\"https:\/\/www.osjenka.si\/ps-gorice\/wp-content\/uploads\/sites\/2\/2023\/10\/TD_gasilci_1-300x224.jpg\" alt=\"\" width=\"603\" height=\"450\" srcset=\"data:image\/svg+xml,%3Csvg%20xmlns%3D%27http%3A%2F%2Fwww.w3.org%2F2000%2Fsvg%27%20width%3D%27603%27%20height%3D%27450%27%20viewBox%3D%270%200%20603%20450%27%3E%3Crect%20width%3D%27603%27%20height%3D%27450%27%20fill-opacity%3D%220%22%2F%3E%3C%2Fsvg%3E\" data-srcset=\"https:\/\/www.osjenka.si\/ps-gorice\/wp-content\/uploads\/sites\/2\/2023\/10\/TD_gasilci_1-200x149.jpg 200w, https:\/\/www.osjenka.si\/ps-gorice\/wp-content\/uploads\/sites\/2\/2023\/10\/TD_gasilci_1-300x224.jpg 300w, https:\/\/www.osjenka.si\/ps-gorice\/wp-content\/uploads\/sites\/2\/2023\/10\/TD_gasilci_1-400x298.jpg 400w, https:\/\/www.osjenka.si\/ps-gorice\/wp-content\/uploads\/sites\/2\/2023\/10\/TD_gasilci_1-600x447.jpg 600w, https:\/\/www.osjenka.si\/ps-gorice\/wp-content\/uploads\/sites\/2\/2023\/10\/TD_gasilci_1-768x572.jpg 768w, https:\/\/www.osjenka.si\/ps-gorice\/wp-content\/uploads\/sites\/2\/2023\/10\/TD_gasilci_1-800x596.jpg 800w, https:\/\/www.osjenka.si\/ps-gorice\/wp-content\/uploads\/sites\/2\/2023\/10\/TD_gasilci_1-1024x763.jpg 1024w, https:\/\/www.osjenka.si\/ps-gorice\/wp-content\/uploads\/sites\/2\/2023\/10\/TD_gasilci_1-1200x894.jpg 1200w, https:\/\/www.osjenka.si\/ps-gorice\/wp-content\/uploads\/sites\/2\/2023\/10\/TD_gasilci_1-1536x1145.jpg 1536w, https:\/\/www.osjenka.si\/ps-gorice\/wp-content\/uploads\/sites\/2\/2023\/10\/TD_gasilci_1.jpg 1920w\" data-sizes=\"auto\" data-orig-sizes=\"(max-width: 603px) 100vw, 603px\" \/><\/p>\n<p style=\"text-align: center\"><img decoding=\"async\" class=\"lazyload alignnone wp-image-3429\" src=\"https:\/\/www.osjenka.si\/ps-gorice\/wp-content\/uploads\/sites\/2\/2023\/10\/TD_gasilci_2-300x223.jpg\" data-orig-src=\"https:\/\/www.osjenka.si\/ps-gorice\/wp-content\/uploads\/sites\/2\/2023\/10\/TD_gasilci_2-300x223.jpg\" alt=\"\" width=\"762\" height=\"567\" srcset=\"data:image\/svg+xml,%3Csvg%20xmlns%3D%27http%3A%2F%2Fwww.w3.org%2F2000%2Fsvg%27%20width%3D%27762%27%20height%3D%27567%27%20viewBox%3D%270%200%20762%20567%27%3E%3Crect%20width%3D%27762%27%20height%3D%27567%27%20fill-opacity%3D%220%22%2F%3E%3C%2Fsvg%3E\" data-srcset=\"https:\/\/www.osjenka.si\/ps-gorice\/wp-content\/uploads\/sites\/2\/2023\/10\/TD_gasilci_2-200x149.jpg 200w, https:\/\/www.osjenka.si\/ps-gorice\/wp-content\/uploads\/sites\/2\/2023\/10\/TD_gasilci_2-300x223.jpg 300w, https:\/\/www.osjenka.si\/ps-gorice\/wp-content\/uploads\/sites\/2\/2023\/10\/TD_gasilci_2-400x297.jpg 400w, https:\/\/www.osjenka.si\/ps-gorice\/wp-content\/uploads\/sites\/2\/2023\/10\/TD_gasilci_2-600x446.jpg 600w, https:\/\/www.osjenka.si\/ps-gorice\/wp-content\/uploads\/sites\/2\/2023\/10\/TD_gasilci_2-768x571.jpg 768w, https:\/\/www.osjenka.si\/ps-gorice\/wp-content\/uploads\/sites\/2\/2023\/10\/TD_gasilci_2-800x595.jpg 800w, https:\/\/www.osjenka.si\/ps-gorice\/wp-content\/uploads\/sites\/2\/2023\/10\/TD_gasilci_2-1024x761.jpg 1024w, https:\/\/www.osjenka.si\/ps-gorice\/wp-content\/uploads\/sites\/2\/2023\/10\/TD_gasilci_2-1200x892.jpg 1200w, https:\/\/www.osjenka.si\/ps-gorice\/wp-content\/uploads\/sites\/2\/2023\/10\/TD_gasilci_2-1536x1142.jpg 1536w, https:\/\/www.osjenka.si\/ps-gorice\/wp-content\/uploads\/sites\/2\/2023\/10\/TD_gasilci_2.jpg 1920w\" data-sizes=\"auto\" data-orig-sizes=\"(max-width: 762px) 100vw, 762px\" \/><\/p>\n<p style=\"text-align: center\">\n","protected":false},"excerpt":{"rendered":"<p>PRVO\u0160OLCI SO POVEDALI: V\u0160E\u010c MI JE BILO, KO SMO \u0160LI NOTRI V GASILSKI AVTO. ( \u017dIGA MALI) GASILCI SO NAM PREDSTAVILI GASILSKO OPREMO.(ALEX KRAPE\u017d FILIPOVSKI) GASILCI SO POVEDALI, KAJ MORAMO NAREDITI, KO PRIDE DO PO\u017dARA. (TINKARA IPAVEC) V\u0160E\u010c MI JE BILO, KO SMO SI OGLEDALI RISANKO O GASILCIH. (VESNA ROBLEK) BIL SEM NAVDU\u0160EN, KO SEM VIDEL, KAKO SO GASILI \u0160OLO. (OSKAR PIPAN) V\u0160E\u010c MI JE BILO, KO SO GASILCI \u0160PRICALI. (MIKE GA\u0160PERLIN)<\/p>\n","protected":false},"author":7,"featured_media":3430,"comment_status":"open","ping_status":"open","sticky":false,"template":"","format":"standard","meta":{"footnotes":""},"categories":[1],"tags":[],"class_list":["post-3427","post","type-post","status-publish","format-standard","has-post-thumbnail","hentry","category-nekategorizirano"],"yoast_head":"<!-- This site is optimized with the Yoast SEO plugin v19.11 - https:\/\/yoast.com\/wordpress\/plugins\/seo\/ -->\n<title>TD - Obisk gasilskega doma - P\u0160 Gori\u010de<\/title>\n<meta name=\"robots\" content=\"index, follow, max-snippet:-1, max-image-preview:large, max-video-preview:-1\" \/>\n<link rel=\"canonical\" href=\"https:\/\/www.osjenka.si\/ps-gorice\/2023\/10\/23\/td-obisk-gasilskega-doma\/\" \/>\n<meta property=\"og:locale\" content=\"sl_SI\" \/>\n<meta property=\"og:type\" content=\"article\" \/>\n<meta property=\"og:title\" content=\"TD - Obisk gasilskega doma - P\u0160 Gori\u010de\" \/>\n<meta property=\"og:description\" content=\"PRVO\u0160OLCI SO POVEDALI: V\u0160E\u010c MI JE BILO, KO SMO \u0160LI NOTRI V GASILSKI AVTO. ( \u017dIGA MALI) GASILCI SO NAM PREDSTAVILI GASILSKO OPREMO.(ALEX KRAPE\u017d FILIPOVSKI) GASILCI SO POVEDALI, KAJ MORAMO NAREDITI, KO PRIDE DO PO\u017dARA. (TINKARA IPAVEC) V\u0160E\u010c MI JE BILO, KO SMO SI OGLEDALI RISANKO O GASILCIH. (VESNA ROBLEK) BIL SEM NAVDU\u0160EN, KO SEM VIDEL, KAKO SO GASILI \u0160OLO. (OSKAR PIPAN) V\u0160E\u010c MI JE BILO, KO SO GASILCI \u0160PRICALI. (MIKE GA\u0160PERLIN)\" \/>\n<meta property=\"og:url\" content=\"https:\/\/www.osjenka.si\/ps-gorice\/2023\/10\/23\/td-obisk-gasilskega-doma\/\" \/>\n<meta property=\"og:site_name\" content=\"P\u0160 Gori\u010de\" \/>\n<meta property=\"article:published_time\" content=\"2023-10-23T20:37:40+00:00\" \/>\n<meta property=\"article:modified_time\" content=\"2023-10-23T20:38:38+00:00\" \/>\n<meta property=\"og:image\" content=\"https:\/\/www.osjenka.si\/ps-gorice\/wp-content\/uploads\/sites\/2\/2023\/10\/TD_gasilci_3.jpg\" \/>\n\t<meta property=\"og:image:width\" content=\"1920\" \/>\n\t<meta property=\"og:image:height\" content=\"1438\" \/>\n\t<meta property=\"og:image:type\" content=\"image\/jpeg\" \/>\n<meta name=\"author\" content=\"vilma\" \/>\n<meta name=\"twitter:card\" content=\"summary_large_image\" \/>\n<meta name=\"twitter:label1\" content=\"Written by\" \/>\n\t<meta name=\"twitter:data1\" content=\"vilma\" \/>\n\t<meta name=\"twitter:label2\" content=\"Est. reading time\" \/>\n\t<meta name=\"twitter:data2\" content=\"1 minuta\" \/>\n<script type=\"application\/ld+json\" class=\"yoast-schema-graph\">{\"@context\":\"https:\/\/schema.org\",\"@graph\":[{\"@type\":\"WebPage\",\"@id\":\"https:\/\/www.osjenka.si\/ps-gorice\/2023\/10\/23\/td-obisk-gasilskega-doma\/\",\"url\":\"https:\/\/www.osjenka.si\/ps-gorice\/2023\/10\/23\/td-obisk-gasilskega-doma\/\",\"name\":\"TD - Obisk gasilskega doma - P\u0160 Gori\u010de\",\"isPartOf\":{\"@id\":\"https:\/\/www.osjenka.si\/ps-gorice\/#website\"},\"datePublished\":\"2023-10-23T20:37:40+00:00\",\"dateModified\":\"2023-10-23T20:38:38+00:00\",\"author\":{\"@id\":\"https:\/\/www.osjenka.si\/ps-gorice\/#\/schema\/person\/94f44dbd9351bedc48d18ae7ab8a6706\"},\"breadcrumb\":{\"@id\":\"https:\/\/www.osjenka.si\/ps-gorice\/2023\/10\/23\/td-obisk-gasilskega-doma\/#breadcrumb\"},\"inLanguage\":\"sl-SI\",\"potentialAction\":[{\"@type\":\"ReadAction\",\"target\":[\"https:\/\/www.osjenka.si\/ps-gorice\/2023\/10\/23\/td-obisk-gasilskega-doma\/\"]}]},{\"@type\":\"BreadcrumbList\",\"@id\":\"https:\/\/www.osjenka.si\/ps-gorice\/2023\/10\/23\/td-obisk-gasilskega-doma\/#breadcrumb\",\"itemListElement\":[{\"@type\":\"ListItem\",\"position\":1,\"name\":\"Home\",\"item\":\"https:\/\/www.osjenka.si\/ps-gorice\/\"},{\"@type\":\"ListItem\",\"position\":2,\"name\":\"TD &#8211; Obisk gasilskega doma\"}]},{\"@type\":\"WebSite\",\"@id\":\"https:\/\/www.osjenka.si\/ps-gorice\/#website\",\"url\":\"https:\/\/www.osjenka.si\/ps-gorice\/\",\"name\":\"P\u0160 Gori\u010de\",\"description\":\"\",\"potentialAction\":[{\"@type\":\"SearchAction\",\"target\":{\"@type\":\"EntryPoint\",\"urlTemplate\":\"https:\/\/www.osjenka.si\/ps-gorice\/?s={search_term_string}\"},\"query-input\":\"required name=search_term_string\"}],\"inLanguage\":\"sl-SI\"},{\"@type\":\"Person\",\"@id\":\"https:\/\/www.osjenka.si\/ps-gorice\/#\/schema\/person\/94f44dbd9351bedc48d18ae7ab8a6706\",\"name\":\"vilma\",\"image\":{\"@type\":\"ImageObject\",\"inLanguage\":\"sl-SI\",\"@id\":\"https:\/\/www.osjenka.si\/ps-gorice\/#\/schema\/person\/image\/\",\"url\":\"https:\/\/secure.gravatar.com\/avatar\/41aa9d6664f90f3f3e03d130efd6192ff719c2d6a65ccdf098d3c2abf35d7aa6?s=96&d=mm&r=g\",\"contentUrl\":\"https:\/\/secure.gravatar.com\/avatar\/41aa9d6664f90f3f3e03d130efd6192ff719c2d6a65ccdf098d3c2abf35d7aa6?s=96&d=mm&r=g\",\"caption\":\"vilma\"},\"url\":\"https:\/\/www.osjenka.si\/ps-gorice\/author\/vilma\/\"}]}<\/script>\n<!-- \/ Yoast SEO plugin. -->","yoast_head_json":{"title":"TD - Obisk gasilskega doma - P\u0160 Gori\u010de","robots":{"index":"index","follow":"follow","max-snippet":"max-snippet:-1","max-image-preview":"max-image-preview:large","max-video-preview":"max-video-preview:-1"},"canonical":"https:\/\/www.osjenka.si\/ps-gorice\/2023\/10\/23\/td-obisk-gasilskega-doma\/","og_locale":"sl_SI","og_type":"article","og_title":"TD - Obisk gasilskega doma - P\u0160 Gori\u010de","og_description":"PRVO\u0160OLCI SO POVEDALI: V\u0160E\u010c MI JE BILO, KO SMO \u0160LI NOTRI V GASILSKI AVTO. ( \u017dIGA MALI) GASILCI SO NAM PREDSTAVILI GASILSKO OPREMO.(ALEX KRAPE\u017d FILIPOVSKI) GASILCI SO POVEDALI, KAJ MORAMO NAREDITI, KO PRIDE DO PO\u017dARA. (TINKARA IPAVEC) V\u0160E\u010c MI JE BILO, KO SMO SI OGLEDALI RISANKO O GASILCIH. (VESNA ROBLEK) BIL SEM NAVDU\u0160EN, KO SEM VIDEL, KAKO SO GASILI \u0160OLO. (OSKAR PIPAN) V\u0160E\u010c MI JE BILO, KO SO GASILCI \u0160PRICALI. (MIKE GA\u0160PERLIN)","og_url":"https:\/\/www.osjenka.si\/ps-gorice\/2023\/10\/23\/td-obisk-gasilskega-doma\/","og_site_name":"P\u0160 Gori\u010de","article_published_time":"2023-10-23T20:37:40+00:00","article_modified_time":"2023-10-23T20:38:38+00:00","og_image":[{"width":1920,"height":1438,"url":"https:\/\/www.osjenka.si\/ps-gorice\/wp-content\/uploads\/sites\/2\/2023\/10\/TD_gasilci_3.jpg","type":"image\/jpeg"}],"author":"vilma","twitter_card":"summary_large_image","twitter_misc":{"Written by":"vilma","Est. reading time":"1 minuta"},"schema":{"@context":"https:\/\/schema.org","@graph":[{"@type":"WebPage","@id":"https:\/\/www.osjenka.si\/ps-gorice\/2023\/10\/23\/td-obisk-gasilskega-doma\/","url":"https:\/\/www.osjenka.si\/ps-gorice\/2023\/10\/23\/td-obisk-gasilskega-doma\/","name":"TD - Obisk gasilskega doma - P\u0160 Gori\u010de","isPartOf":{"@id":"https:\/\/www.osjenka.si\/ps-gorice\/#website"},"datePublished":"2023-10-23T20:37:40+00:00","dateModified":"2023-10-23T20:38:38+00:00","author":{"@id":"https:\/\/www.osjenka.si\/ps-gorice\/#\/schema\/person\/94f44dbd9351bedc48d18ae7ab8a6706"},"breadcrumb":{"@id":"https:\/\/www.osjenka.si\/ps-gorice\/2023\/10\/23\/td-obisk-gasilskega-doma\/#breadcrumb"},"inLanguage":"sl-SI","potentialAction":[{"@type":"ReadAction","target":["https:\/\/www.osjenka.si\/ps-gorice\/2023\/10\/23\/td-obisk-gasilskega-doma\/"]}]},{"@type":"BreadcrumbList","@id":"https:\/\/www.osjenka.si\/ps-gorice\/2023\/10\/23\/td-obisk-gasilskega-doma\/#breadcrumb","itemListElement":[{"@type":"ListItem","position":1,"name":"Home","item":"https:\/\/www.osjenka.si\/ps-gorice\/"},{"@type":"ListItem","position":2,"name":"TD &#8211; Obisk gasilskega doma"}]},{"@type":"WebSite","@id":"https:\/\/www.osjenka.si\/ps-gorice\/#website","url":"https:\/\/www.osjenka.si\/ps-gorice\/","name":"P\u0160 Gori\u010de","description":"","potentialAction":[{"@type":"SearchAction","target":{"@type":"EntryPoint","urlTemplate":"https:\/\/www.osjenka.si\/ps-gorice\/?s={search_term_string}"},"query-input":"required name=search_term_string"}],"inLanguage":"sl-SI"},{"@type":"Person","@id":"https:\/\/www.osjenka.si\/ps-gorice\/#\/schema\/person\/94f44dbd9351bedc48d18ae7ab8a6706","name":"vilma","image":{"@type":"ImageObject","inLanguage":"sl-SI","@id":"https:\/\/www.osjenka.si\/ps-gorice\/#\/schema\/person\/image\/","url":"https:\/\/secure.gravatar.com\/avatar\/41aa9d6664f90f3f3e03d130efd6192ff719c2d6a65ccdf098d3c2abf35d7aa6?s=96&d=mm&r=g","contentUrl":"https:\/\/secure.gravatar.com\/avatar\/41aa9d6664f90f3f3e03d130efd6192ff719c2d6a65ccdf098d3c2abf35d7aa6?s=96&d=mm&r=g","caption":"vilma"},"url":"https:\/\/www.osjenka.si\/ps-gorice\/author\/vilma\/"}]}},"_links":{"self":[{"href":"https:\/\/www.osjenka.si\/ps-gorice\/wp-json\/wp\/v2\/posts\/3427","targetHints":{"allow":["GET"]}}],"collection":[{"href":"https:\/\/www.osjenka.si\/ps-gorice\/wp-json\/wp\/v2\/posts"}],"about":[{"href":"https:\/\/www.osjenka.si\/ps-gorice\/wp-json\/wp\/v2\/types\/post"}],"author":[{"embeddable":true,"href":"https:\/\/www.osjenka.si\/ps-gorice\/wp-json\/wp\/v2\/users\/7"}],"replies":[{"embeddable":true,"href":"https:\/\/www.osjenka.si\/ps-gorice\/wp-json\/wp\/v2\/comments?post=3427"}],"version-history":[{"count":2,"href":"https:\/\/www.osjenka.si\/ps-gorice\/wp-json\/wp\/v2\/posts\/3427\/revisions"}],"predecessor-version":[{"id":3432,"href":"https:\/\/www.osjenka.si\/ps-gorice\/wp-json\/wp\/v2\/posts\/3427\/revisions\/3432"}],"wp:featuredmedia":[{"embeddable":true,"href":"https:\/\/www.osjenka.si\/ps-gorice\/wp-json\/wp\/v2\/media\/3430"}],"wp:attachment":[{"href":"https:\/\/www.osjenka.si\/ps-gorice\/wp-json\/wp\/v2\/media?parent=3427"}],"wp:term":[{"taxonomy":"category","embeddable":true,"href":"https:\/\/www.osjenka.si\/ps-gorice\/wp-json\/wp\/v2\/categories?post=3427"},{"taxonomy":"post_tag","embeddable":true,"href":"https:\/\/www.osjenka.si\/ps-gorice\/wp-json\/wp\/v2\/tags?post=3427"}],"curies":[{"name":"wp","href":"https:\/\/api.w.org\/{rel}","templated":true}]}}