{"id":3491,"date":"2024-01-17T09:11:02","date_gmt":"2024-01-17T08:11:02","guid":{"rendered":"https:\/\/www.osjenka.si\/ps-gorice\/?p=3491"},"modified":"2024-01-17T09:11:02","modified_gmt":"2024-01-17T08:11:02","slug":"kd-obisk-slovenskega-solskega-muzeja-2-r","status":"publish","type":"post","link":"https:\/\/www.osjenka.si\/ps-gorice\/2024\/01\/17\/kd-obisk-slovenskega-solskega-muzeja-2-r\/","title":{"rendered":"KD &#8211; Obisk Slovenskega \u0161olskega muzeja 2.r"},"content":{"rendered":"<h4 style=\"text-align: center\"><span style=\"color: #800080\">Drugo\u0161olci smo se odpeljali v Slovenski \u0161olski muzej Ljubljana. Tam smo se vrnili kar nekaj let nazaj v preteklost. Nau\u010dili smo se, da so se zelo dolgo nazaj otroci u\u010dili za pre\u017eivetje in da so neko\u010d obstajale tudi nedeljske \u0161ole.<\/span><\/h4>\n<h4 dir=\"auto\" style=\"text-align: center\"><span style=\"color: #800080\">Najbolj zanimiva je bila u\u010dna ura in na\u0161 &#8220;zvezek ter svin\u010dnik&#8221; pri u\u010dni uri. Po \u0161olsko pa smo se kaznovali kar sami.<\/span><\/h4>\n<h4 dir=\"auto\" style=\"text-align: center\"><span style=\"color: #800080\">\u00a0V muzeju je bilo pou\u010dno in zanimivo. (2. razred)<\/span><\/h4>\n<p style=\"text-align: center\"><img decoding=\"async\" class=\"lazyload alignnone  wp-image-3492\" src=\"https:\/\/www.osjenka.si\/ps-gorice\/wp-content\/uploads\/sites\/2\/2024\/01\/20240108_095547-300x225.jpg\" data-orig-src=\"https:\/\/www.osjenka.si\/ps-gorice\/wp-content\/uploads\/sites\/2\/2024\/01\/20240108_095547-300x225.jpg\" alt=\"\" width=\"555\" height=\"416\" srcset=\"data:image\/svg+xml,%3Csvg%20xmlns%3D%27http%3A%2F%2Fwww.w3.org%2F2000%2Fsvg%27%20width%3D%27555%27%20height%3D%27416%27%20viewBox%3D%270%200%20555%20416%27%3E%3Crect%20width%3D%27555%27%20height%3D%27416%27%20fill-opacity%3D%220%22%2F%3E%3C%2Fsvg%3E\" data-srcset=\"https:\/\/www.osjenka.si\/ps-gorice\/wp-content\/uploads\/sites\/2\/2024\/01\/20240108_095547-200x150.jpg 200w, https:\/\/www.osjenka.si\/ps-gorice\/wp-content\/uploads\/sites\/2\/2024\/01\/20240108_095547-300x225.jpg 300w, https:\/\/www.osjenka.si\/ps-gorice\/wp-content\/uploads\/sites\/2\/2024\/01\/20240108_095547-400x300.jpg 400w, https:\/\/www.osjenka.si\/ps-gorice\/wp-content\/uploads\/sites\/2\/2024\/01\/20240108_095547-600x450.jpg 600w, https:\/\/www.osjenka.si\/ps-gorice\/wp-content\/uploads\/sites\/2\/2024\/01\/20240108_095547-768x576.jpg 768w, https:\/\/www.osjenka.si\/ps-gorice\/wp-content\/uploads\/sites\/2\/2024\/01\/20240108_095547-800x600.jpg 800w, https:\/\/www.osjenka.si\/ps-gorice\/wp-content\/uploads\/sites\/2\/2024\/01\/20240108_095547-1024x768.jpg 1024w, https:\/\/www.osjenka.si\/ps-gorice\/wp-content\/uploads\/sites\/2\/2024\/01\/20240108_095547-1200x900.jpg 1200w, https:\/\/www.osjenka.si\/ps-gorice\/wp-content\/uploads\/sites\/2\/2024\/01\/20240108_095547-1536x1152.jpg 1536w, https:\/\/www.osjenka.si\/ps-gorice\/wp-content\/uploads\/sites\/2\/2024\/01\/20240108_095547.jpg 1920w\" data-sizes=\"auto\" data-orig-sizes=\"(max-width: 555px) 100vw, 555px\" \/><\/p>\n<p style=\"text-align: center\"><img decoding=\"async\" class=\"lazyload alignnone  wp-image-3493\" src=\"https:\/\/www.osjenka.si\/ps-gorice\/wp-content\/uploads\/sites\/2\/2024\/01\/20240108_101835-225x300.jpg\" data-orig-src=\"https:\/\/www.osjenka.si\/ps-gorice\/wp-content\/uploads\/sites\/2\/2024\/01\/20240108_101835-225x300.jpg\" alt=\"\" width=\"376\" height=\"501\" srcset=\"data:image\/svg+xml,%3Csvg%20xmlns%3D%27http%3A%2F%2Fwww.w3.org%2F2000%2Fsvg%27%20width%3D%27376%27%20height%3D%27501%27%20viewBox%3D%270%200%20376%20501%27%3E%3Crect%20width%3D%27376%27%20height%3D%27501%27%20fill-opacity%3D%220%22%2F%3E%3C%2Fsvg%3E\" data-srcset=\"https:\/\/www.osjenka.si\/ps-gorice\/wp-content\/uploads\/sites\/2\/2024\/01\/20240108_101835-200x267.jpg 200w, https:\/\/www.osjenka.si\/ps-gorice\/wp-content\/uploads\/sites\/2\/2024\/01\/20240108_101835-225x300.jpg 225w, https:\/\/www.osjenka.si\/ps-gorice\/wp-content\/uploads\/sites\/2\/2024\/01\/20240108_101835-300x400.jpg 300w, https:\/\/www.osjenka.si\/ps-gorice\/wp-content\/uploads\/sites\/2\/2024\/01\/20240108_101835-400x533.jpg 400w, https:\/\/www.osjenka.si\/ps-gorice\/wp-content\/uploads\/sites\/2\/2024\/01\/20240108_101835-600x800.jpg 600w, https:\/\/www.osjenka.si\/ps-gorice\/wp-content\/uploads\/sites\/2\/2024\/01\/20240108_101835-768x1024.jpg 768w, https:\/\/www.osjenka.si\/ps-gorice\/wp-content\/uploads\/sites\/2\/2024\/01\/20240108_101835-800x1067.jpg 800w, https:\/\/www.osjenka.si\/ps-gorice\/wp-content\/uploads\/sites\/2\/2024\/01\/20240108_101835-1152x1536.jpg 1152w, https:\/\/www.osjenka.si\/ps-gorice\/wp-content\/uploads\/sites\/2\/2024\/01\/20240108_101835-1200x1600.jpg 1200w, https:\/\/www.osjenka.si\/ps-gorice\/wp-content\/uploads\/sites\/2\/2024\/01\/20240108_101835.jpg 1440w\" data-sizes=\"auto\" data-orig-sizes=\"(max-width: 376px) 100vw, 376px\" \/>\u00a0 \u00a0\u00a0 <img decoding=\"async\" class=\"lazyload alignnone  wp-image-3494\" src=\"https:\/\/www.osjenka.si\/ps-gorice\/wp-content\/uploads\/sites\/2\/2024\/01\/20240108_102257-225x300.jpg\" data-orig-src=\"https:\/\/www.osjenka.si\/ps-gorice\/wp-content\/uploads\/sites\/2\/2024\/01\/20240108_102257-225x300.jpg\" alt=\"\" width=\"376\" height=\"502\" srcset=\"data:image\/svg+xml,%3Csvg%20xmlns%3D%27http%3A%2F%2Fwww.w3.org%2F2000%2Fsvg%27%20width%3D%27376%27%20height%3D%27502%27%20viewBox%3D%270%200%20376%20502%27%3E%3Crect%20width%3D%27376%27%20height%3D%27502%27%20fill-opacity%3D%220%22%2F%3E%3C%2Fsvg%3E\" data-srcset=\"https:\/\/www.osjenka.si\/ps-gorice\/wp-content\/uploads\/sites\/2\/2024\/01\/20240108_102257-200x267.jpg 200w, https:\/\/www.osjenka.si\/ps-gorice\/wp-content\/uploads\/sites\/2\/2024\/01\/20240108_102257-225x300.jpg 225w, https:\/\/www.osjenka.si\/ps-gorice\/wp-content\/uploads\/sites\/2\/2024\/01\/20240108_102257-300x400.jpg 300w, https:\/\/www.osjenka.si\/ps-gorice\/wp-content\/uploads\/sites\/2\/2024\/01\/20240108_102257-400x533.jpg 400w, https:\/\/www.osjenka.si\/ps-gorice\/wp-content\/uploads\/sites\/2\/2024\/01\/20240108_102257-600x800.jpg 600w, https:\/\/www.osjenka.si\/ps-gorice\/wp-content\/uploads\/sites\/2\/2024\/01\/20240108_102257-768x1024.jpg 768w, https:\/\/www.osjenka.si\/ps-gorice\/wp-content\/uploads\/sites\/2\/2024\/01\/20240108_102257-800x1067.jpg 800w, https:\/\/www.osjenka.si\/ps-gorice\/wp-content\/uploads\/sites\/2\/2024\/01\/20240108_102257-1152x1536.jpg 1152w, https:\/\/www.osjenka.si\/ps-gorice\/wp-content\/uploads\/sites\/2\/2024\/01\/20240108_102257-1200x1600.jpg 1200w, https:\/\/www.osjenka.si\/ps-gorice\/wp-content\/uploads\/sites\/2\/2024\/01\/20240108_102257.jpg 1440w\" data-sizes=\"auto\" data-orig-sizes=\"(max-width: 376px) 100vw, 376px\" \/><\/p>\n<p style=\"text-align: center\"><img decoding=\"async\" class=\"lazyload alignnone  wp-image-3495\" src=\"https:\/\/www.osjenka.si\/ps-gorice\/wp-content\/uploads\/sites\/2\/2024\/01\/20240108_104755-300x225.jpg\" data-orig-src=\"https:\/\/www.osjenka.si\/ps-gorice\/wp-content\/uploads\/sites\/2\/2024\/01\/20240108_104755-300x225.jpg\" alt=\"\" width=\"404\" height=\"303\" srcset=\"data:image\/svg+xml,%3Csvg%20xmlns%3D%27http%3A%2F%2Fwww.w3.org%2F2000%2Fsvg%27%20width%3D%27404%27%20height%3D%27303%27%20viewBox%3D%270%200%20404%20303%27%3E%3Crect%20width%3D%27404%27%20height%3D%27303%27%20fill-opacity%3D%220%22%2F%3E%3C%2Fsvg%3E\" data-srcset=\"https:\/\/www.osjenka.si\/ps-gorice\/wp-content\/uploads\/sites\/2\/2024\/01\/20240108_104755-200x150.jpg 200w, https:\/\/www.osjenka.si\/ps-gorice\/wp-content\/uploads\/sites\/2\/2024\/01\/20240108_104755-300x225.jpg 300w, https:\/\/www.osjenka.si\/ps-gorice\/wp-content\/uploads\/sites\/2\/2024\/01\/20240108_104755-400x300.jpg 400w, https:\/\/www.osjenka.si\/ps-gorice\/wp-content\/uploads\/sites\/2\/2024\/01\/20240108_104755-600x450.jpg 600w, https:\/\/www.osjenka.si\/ps-gorice\/wp-content\/uploads\/sites\/2\/2024\/01\/20240108_104755-768x576.jpg 768w, https:\/\/www.osjenka.si\/ps-gorice\/wp-content\/uploads\/sites\/2\/2024\/01\/20240108_104755-800x600.jpg 800w, https:\/\/www.osjenka.si\/ps-gorice\/wp-content\/uploads\/sites\/2\/2024\/01\/20240108_104755-1024x768.jpg 1024w, https:\/\/www.osjenka.si\/ps-gorice\/wp-content\/uploads\/sites\/2\/2024\/01\/20240108_104755-1200x900.jpg 1200w, https:\/\/www.osjenka.si\/ps-gorice\/wp-content\/uploads\/sites\/2\/2024\/01\/20240108_104755-1536x1152.jpg 1536w, https:\/\/www.osjenka.si\/ps-gorice\/wp-content\/uploads\/sites\/2\/2024\/01\/20240108_104755.jpg 1920w\" data-sizes=\"auto\" data-orig-sizes=\"(max-width: 404px) 100vw, 404px\" \/>\u00a0 \u00a0 \u00a0 \u00a0 <img decoding=\"async\" class=\"lazyload alignnone size-medium wp-image-3496\" src=\"https:\/\/www.osjenka.si\/ps-gorice\/wp-content\/uploads\/sites\/2\/2024\/01\/20240108_110506-225x300.jpg\" data-orig-src=\"https:\/\/www.osjenka.si\/ps-gorice\/wp-content\/uploads\/sites\/2\/2024\/01\/20240108_110506-225x300.jpg\" alt=\"\" width=\"225\" height=\"300\" srcset=\"data:image\/svg+xml,%3Csvg%20xmlns%3D%27http%3A%2F%2Fwww.w3.org%2F2000%2Fsvg%27%20width%3D%27225%27%20height%3D%27300%27%20viewBox%3D%270%200%20225%20300%27%3E%3Crect%20width%3D%27225%27%20height%3D%27300%27%20fill-opacity%3D%220%22%2F%3E%3C%2Fsvg%3E\" data-srcset=\"https:\/\/www.osjenka.si\/ps-gorice\/wp-content\/uploads\/sites\/2\/2024\/01\/20240108_110506-200x267.jpg 200w, https:\/\/www.osjenka.si\/ps-gorice\/wp-content\/uploads\/sites\/2\/2024\/01\/20240108_110506-225x300.jpg 225w, https:\/\/www.osjenka.si\/ps-gorice\/wp-content\/uploads\/sites\/2\/2024\/01\/20240108_110506-300x400.jpg 300w, https:\/\/www.osjenka.si\/ps-gorice\/wp-content\/uploads\/sites\/2\/2024\/01\/20240108_110506-400x533.jpg 400w, https:\/\/www.osjenka.si\/ps-gorice\/wp-content\/uploads\/sites\/2\/2024\/01\/20240108_110506-600x800.jpg 600w, https:\/\/www.osjenka.si\/ps-gorice\/wp-content\/uploads\/sites\/2\/2024\/01\/20240108_110506-768x1024.jpg 768w, https:\/\/www.osjenka.si\/ps-gorice\/wp-content\/uploads\/sites\/2\/2024\/01\/20240108_110506-800x1067.jpg 800w, https:\/\/www.osjenka.si\/ps-gorice\/wp-content\/uploads\/sites\/2\/2024\/01\/20240108_110506-1152x1536.jpg 1152w, https:\/\/www.osjenka.si\/ps-gorice\/wp-content\/uploads\/sites\/2\/2024\/01\/20240108_110506-1200x1600.jpg 1200w, https:\/\/www.osjenka.si\/ps-gorice\/wp-content\/uploads\/sites\/2\/2024\/01\/20240108_110506.jpg 1440w\" data-sizes=\"auto\" data-orig-sizes=\"(max-width: 225px) 100vw, 225px\" \/><\/p>\n","protected":false},"excerpt":{"rendered":"<p>Drugo\u0161olci smo se odpeljali v Slovenski \u0161olski muzej Ljubljana. Tam smo se vrnili kar nekaj let nazaj v preteklost. Nau\u010dili smo se, da so se zelo dolgo nazaj otroci u\u010dili za pre\u017eivetje in da so neko\u010d obstajale tudi nedeljske \u0161ole. Najbolj zanimiva je bila u\u010dna ura in na\u0161 &#8220;zvezek ter svin\u010dnik&#8221; pri u\u010dni uri. Po \u0161olsko pa smo se kaznovali kar sami. \u00a0V muzeju je bilo pou\u010dno in zanimivo. (2. razred) \u00a0 \u00a0\u00a0 \u00a0 \u00a0 \u00a0 \u00a0<\/p>\n","protected":false},"author":7,"featured_media":3496,"comment_status":"open","ping_status":"open","sticky":false,"template":"","format":"standard","meta":{"footnotes":""},"categories":[1],"tags":[],"class_list":["post-3491","post","type-post","status-publish","format-standard","has-post-thumbnail","hentry","category-nekategorizirano"],"yoast_head":"<!-- This site is optimized with the Yoast SEO plugin v19.11 - https:\/\/yoast.com\/wordpress\/plugins\/seo\/ -->\n<title>KD - Obisk Slovenskega \u0161olskega muzeja 2.r - P\u0160 Gori\u010de<\/title>\n<meta name=\"robots\" content=\"index, follow, max-snippet:-1, max-image-preview:large, max-video-preview:-1\" \/>\n<link rel=\"canonical\" href=\"https:\/\/www.osjenka.si\/ps-gorice\/2024\/01\/17\/kd-obisk-slovenskega-solskega-muzeja-2-r\/\" \/>\n<meta property=\"og:locale\" content=\"sl_SI\" \/>\n<meta property=\"og:type\" content=\"article\" \/>\n<meta property=\"og:title\" content=\"KD - Obisk Slovenskega \u0161olskega muzeja 2.r - P\u0160 Gori\u010de\" \/>\n<meta property=\"og:description\" content=\"Drugo\u0161olci smo se odpeljali v Slovenski \u0161olski muzej Ljubljana. Tam smo se vrnili kar nekaj let nazaj v preteklost. Nau\u010dili smo se, da so se zelo dolgo nazaj otroci u\u010dili za pre\u017eivetje in da so neko\u010d obstajale tudi nedeljske \u0161ole. Najbolj zanimiva je bila u\u010dna ura in na\u0161 &#8220;zvezek ter svin\u010dnik&#8221; pri u\u010dni uri. Po \u0161olsko pa smo se kaznovali kar sami. \u00a0V muzeju je bilo pou\u010dno in zanimivo. (2. razred) \u00a0 \u00a0\u00a0 \u00a0 \u00a0 \u00a0 \u00a0\" \/>\n<meta property=\"og:url\" content=\"https:\/\/www.osjenka.si\/ps-gorice\/2024\/01\/17\/kd-obisk-slovenskega-solskega-muzeja-2-r\/\" \/>\n<meta property=\"og:site_name\" content=\"P\u0160 Gori\u010de\" \/>\n<meta property=\"article:published_time\" content=\"2024-01-17T08:11:02+00:00\" \/>\n<meta property=\"og:image\" content=\"https:\/\/www.osjenka.si\/ps-gorice\/wp-content\/uploads\/sites\/2\/2024\/01\/20240108_110506.jpg\" \/>\n\t<meta property=\"og:image:width\" content=\"1440\" \/>\n\t<meta property=\"og:image:height\" content=\"1920\" \/>\n\t<meta property=\"og:image:type\" content=\"image\/jpeg\" \/>\n<meta name=\"author\" content=\"vilma\" \/>\n<meta name=\"twitter:card\" content=\"summary_large_image\" \/>\n<meta name=\"twitter:label1\" content=\"Written by\" \/>\n\t<meta name=\"twitter:data1\" content=\"vilma\" \/>\n\t<meta name=\"twitter:label2\" content=\"Est. reading time\" \/>\n\t<meta name=\"twitter:data2\" content=\"2 minuti\" \/>\n<script type=\"application\/ld+json\" class=\"yoast-schema-graph\">{\"@context\":\"https:\/\/schema.org\",\"@graph\":[{\"@type\":\"WebPage\",\"@id\":\"https:\/\/www.osjenka.si\/ps-gorice\/2024\/01\/17\/kd-obisk-slovenskega-solskega-muzeja-2-r\/\",\"url\":\"https:\/\/www.osjenka.si\/ps-gorice\/2024\/01\/17\/kd-obisk-slovenskega-solskega-muzeja-2-r\/\",\"name\":\"KD - Obisk Slovenskega \u0161olskega muzeja 2.r - P\u0160 Gori\u010de\",\"isPartOf\":{\"@id\":\"https:\/\/www.osjenka.si\/ps-gorice\/#website\"},\"datePublished\":\"2024-01-17T08:11:02+00:00\",\"dateModified\":\"2024-01-17T08:11:02+00:00\",\"author\":{\"@id\":\"https:\/\/www.osjenka.si\/ps-gorice\/#\/schema\/person\/94f44dbd9351bedc48d18ae7ab8a6706\"},\"breadcrumb\":{\"@id\":\"https:\/\/www.osjenka.si\/ps-gorice\/2024\/01\/17\/kd-obisk-slovenskega-solskega-muzeja-2-r\/#breadcrumb\"},\"inLanguage\":\"sl-SI\",\"potentialAction\":[{\"@type\":\"ReadAction\",\"target\":[\"https:\/\/www.osjenka.si\/ps-gorice\/2024\/01\/17\/kd-obisk-slovenskega-solskega-muzeja-2-r\/\"]}]},{\"@type\":\"BreadcrumbList\",\"@id\":\"https:\/\/www.osjenka.si\/ps-gorice\/2024\/01\/17\/kd-obisk-slovenskega-solskega-muzeja-2-r\/#breadcrumb\",\"itemListElement\":[{\"@type\":\"ListItem\",\"position\":1,\"name\":\"Home\",\"item\":\"https:\/\/www.osjenka.si\/ps-gorice\/\"},{\"@type\":\"ListItem\",\"position\":2,\"name\":\"KD &#8211; Obisk Slovenskega \u0161olskega muzeja 2.r\"}]},{\"@type\":\"WebSite\",\"@id\":\"https:\/\/www.osjenka.si\/ps-gorice\/#website\",\"url\":\"https:\/\/www.osjenka.si\/ps-gorice\/\",\"name\":\"P\u0160 Gori\u010de\",\"description\":\"\",\"potentialAction\":[{\"@type\":\"SearchAction\",\"target\":{\"@type\":\"EntryPoint\",\"urlTemplate\":\"https:\/\/www.osjenka.si\/ps-gorice\/?s={search_term_string}\"},\"query-input\":\"required name=search_term_string\"}],\"inLanguage\":\"sl-SI\"},{\"@type\":\"Person\",\"@id\":\"https:\/\/www.osjenka.si\/ps-gorice\/#\/schema\/person\/94f44dbd9351bedc48d18ae7ab8a6706\",\"name\":\"vilma\",\"image\":{\"@type\":\"ImageObject\",\"inLanguage\":\"sl-SI\",\"@id\":\"https:\/\/www.osjenka.si\/ps-gorice\/#\/schema\/person\/image\/\",\"url\":\"https:\/\/secure.gravatar.com\/avatar\/41aa9d6664f90f3f3e03d130efd6192ff719c2d6a65ccdf098d3c2abf35d7aa6?s=96&d=mm&r=g\",\"contentUrl\":\"https:\/\/secure.gravatar.com\/avatar\/41aa9d6664f90f3f3e03d130efd6192ff719c2d6a65ccdf098d3c2abf35d7aa6?s=96&d=mm&r=g\",\"caption\":\"vilma\"},\"url\":\"https:\/\/www.osjenka.si\/ps-gorice\/author\/vilma\/\"}]}<\/script>\n<!-- \/ Yoast SEO plugin. -->","yoast_head_json":{"title":"KD - Obisk Slovenskega \u0161olskega muzeja 2.r - P\u0160 Gori\u010de","robots":{"index":"index","follow":"follow","max-snippet":"max-snippet:-1","max-image-preview":"max-image-preview:large","max-video-preview":"max-video-preview:-1"},"canonical":"https:\/\/www.osjenka.si\/ps-gorice\/2024\/01\/17\/kd-obisk-slovenskega-solskega-muzeja-2-r\/","og_locale":"sl_SI","og_type":"article","og_title":"KD - Obisk Slovenskega \u0161olskega muzeja 2.r - P\u0160 Gori\u010de","og_description":"Drugo\u0161olci smo se odpeljali v Slovenski \u0161olski muzej Ljubljana. Tam smo se vrnili kar nekaj let nazaj v preteklost. Nau\u010dili smo se, da so se zelo dolgo nazaj otroci u\u010dili za pre\u017eivetje in da so neko\u010d obstajale tudi nedeljske \u0161ole. Najbolj zanimiva je bila u\u010dna ura in na\u0161 &#8220;zvezek ter svin\u010dnik&#8221; pri u\u010dni uri. Po \u0161olsko pa smo se kaznovali kar sami. \u00a0V muzeju je bilo pou\u010dno in zanimivo. (2. razred) \u00a0 \u00a0\u00a0 \u00a0 \u00a0 \u00a0 \u00a0","og_url":"https:\/\/www.osjenka.si\/ps-gorice\/2024\/01\/17\/kd-obisk-slovenskega-solskega-muzeja-2-r\/","og_site_name":"P\u0160 Gori\u010de","article_published_time":"2024-01-17T08:11:02+00:00","og_image":[{"width":1440,"height":1920,"url":"https:\/\/www.osjenka.si\/ps-gorice\/wp-content\/uploads\/sites\/2\/2024\/01\/20240108_110506.jpg","type":"image\/jpeg"}],"author":"vilma","twitter_card":"summary_large_image","twitter_misc":{"Written by":"vilma","Est. reading time":"2 minuti"},"schema":{"@context":"https:\/\/schema.org","@graph":[{"@type":"WebPage","@id":"https:\/\/www.osjenka.si\/ps-gorice\/2024\/01\/17\/kd-obisk-slovenskega-solskega-muzeja-2-r\/","url":"https:\/\/www.osjenka.si\/ps-gorice\/2024\/01\/17\/kd-obisk-slovenskega-solskega-muzeja-2-r\/","name":"KD - Obisk Slovenskega \u0161olskega muzeja 2.r - P\u0160 Gori\u010de","isPartOf":{"@id":"https:\/\/www.osjenka.si\/ps-gorice\/#website"},"datePublished":"2024-01-17T08:11:02+00:00","dateModified":"2024-01-17T08:11:02+00:00","author":{"@id":"https:\/\/www.osjenka.si\/ps-gorice\/#\/schema\/person\/94f44dbd9351bedc48d18ae7ab8a6706"},"breadcrumb":{"@id":"https:\/\/www.osjenka.si\/ps-gorice\/2024\/01\/17\/kd-obisk-slovenskega-solskega-muzeja-2-r\/#breadcrumb"},"inLanguage":"sl-SI","potentialAction":[{"@type":"ReadAction","target":["https:\/\/www.osjenka.si\/ps-gorice\/2024\/01\/17\/kd-obisk-slovenskega-solskega-muzeja-2-r\/"]}]},{"@type":"BreadcrumbList","@id":"https:\/\/www.osjenka.si\/ps-gorice\/2024\/01\/17\/kd-obisk-slovenskega-solskega-muzeja-2-r\/#breadcrumb","itemListElement":[{"@type":"ListItem","position":1,"name":"Home","item":"https:\/\/www.osjenka.si\/ps-gorice\/"},{"@type":"ListItem","position":2,"name":"KD &#8211; Obisk Slovenskega \u0161olskega muzeja 2.r"}]},{"@type":"WebSite","@id":"https:\/\/www.osjenka.si\/ps-gorice\/#website","url":"https:\/\/www.osjenka.si\/ps-gorice\/","name":"P\u0160 Gori\u010de","description":"","potentialAction":[{"@type":"SearchAction","target":{"@type":"EntryPoint","urlTemplate":"https:\/\/www.osjenka.si\/ps-gorice\/?s={search_term_string}"},"query-input":"required name=search_term_string"}],"inLanguage":"sl-SI"},{"@type":"Person","@id":"https:\/\/www.osjenka.si\/ps-gorice\/#\/schema\/person\/94f44dbd9351bedc48d18ae7ab8a6706","name":"vilma","image":{"@type":"ImageObject","inLanguage":"sl-SI","@id":"https:\/\/www.osjenka.si\/ps-gorice\/#\/schema\/person\/image\/","url":"https:\/\/secure.gravatar.com\/avatar\/41aa9d6664f90f3f3e03d130efd6192ff719c2d6a65ccdf098d3c2abf35d7aa6?s=96&d=mm&r=g","contentUrl":"https:\/\/secure.gravatar.com\/avatar\/41aa9d6664f90f3f3e03d130efd6192ff719c2d6a65ccdf098d3c2abf35d7aa6?s=96&d=mm&r=g","caption":"vilma"},"url":"https:\/\/www.osjenka.si\/ps-gorice\/author\/vilma\/"}]}},"_links":{"self":[{"href":"https:\/\/www.osjenka.si\/ps-gorice\/wp-json\/wp\/v2\/posts\/3491","targetHints":{"allow":["GET"]}}],"collection":[{"href":"https:\/\/www.osjenka.si\/ps-gorice\/wp-json\/wp\/v2\/posts"}],"about":[{"href":"https:\/\/www.osjenka.si\/ps-gorice\/wp-json\/wp\/v2\/types\/post"}],"author":[{"embeddable":true,"href":"https:\/\/www.osjenka.si\/ps-gorice\/wp-json\/wp\/v2\/users\/7"}],"replies":[{"embeddable":true,"href":"https:\/\/www.osjenka.si\/ps-gorice\/wp-json\/wp\/v2\/comments?post=3491"}],"version-history":[{"count":2,"href":"https:\/\/www.osjenka.si\/ps-gorice\/wp-json\/wp\/v2\/posts\/3491\/revisions"}],"predecessor-version":[{"id":3498,"href":"https:\/\/www.osjenka.si\/ps-gorice\/wp-json\/wp\/v2\/posts\/3491\/revisions\/3498"}],"wp:featuredmedia":[{"embeddable":true,"href":"https:\/\/www.osjenka.si\/ps-gorice\/wp-json\/wp\/v2\/media\/3496"}],"wp:attachment":[{"href":"https:\/\/www.osjenka.si\/ps-gorice\/wp-json\/wp\/v2\/media?parent=3491"}],"wp:term":[{"taxonomy":"category","embeddable":true,"href":"https:\/\/www.osjenka.si\/ps-gorice\/wp-json\/wp\/v2\/categories?post=3491"},{"taxonomy":"post_tag","embeddable":true,"href":"https:\/\/www.osjenka.si\/ps-gorice\/wp-json\/wp\/v2\/tags?post=3491"}],"curies":[{"name":"wp","href":"https:\/\/api.w.org\/{rel}","templated":true}]}}