{"id":3500,"date":"2024-01-21T22:44:59","date_gmt":"2024-01-21T21:44:59","guid":{"rendered":"https:\/\/www.osjenka.si\/ps-gorice\/?p=3500"},"modified":"2024-01-21T22:45:35","modified_gmt":"2024-01-21T21:45:35","slug":"vesela-kosarka-j-blazica-tudi-v-goricah","status":"publish","type":"post","link":"https:\/\/www.osjenka.si\/ps-gorice\/2024\/01\/21\/vesela-kosarka-j-blazica-tudi-v-goricah\/","title":{"rendered":"VESELA KO\u0160ARKA J. BLA\u017dI\u010cA TUDI V GORI\u010cAH"},"content":{"rendered":"<h4><\/h4>\n<h4><img decoding=\"async\" class=\"lazyload alignnone wp-image-3503 aligncenter\" src=\"https:\/\/www.osjenka.si\/ps-gorice\/wp-content\/uploads\/sites\/2\/2024\/01\/logo.png\" data-orig-src=\"https:\/\/www.osjenka.si\/ps-gorice\/wp-content\/uploads\/sites\/2\/2024\/01\/logo.png\" alt=\"\" width=\"121\" height=\"150\" srcset=\"data:image\/svg+xml,%3Csvg%20xmlns%3D%27http%3A%2F%2Fwww.w3.org%2F2000%2Fsvg%27%20width%3D%27121%27%20height%3D%27150%27%20viewBox%3D%270%200%20121%20150%27%3E%3Crect%20width%3D%27121%27%20height%3D%27150%27%20fill-opacity%3D%220%22%2F%3E%3C%2Fsvg%3E\" data-srcset=\"https:\/\/www.osjenka.si\/ps-gorice\/wp-content\/uploads\/sites\/2\/2024\/01\/logo-200x248.png 200w, https:\/\/www.osjenka.si\/ps-gorice\/wp-content\/uploads\/sites\/2\/2024\/01\/logo.png 202w\" data-sizes=\"auto\" data-orig-sizes=\"(max-width: 121px) 100vw, 121px\" \/><\/h4>\n<h4 style=\"text-align: center\"><span style=\"color: #008080\">Vesela ko\u0161arkarska liga (VKL) zdru\u017euje ve\u010d kot 500 otrok, ki tekmujejo med sabo. Imenuje se po slovenskem ko\u0161arka\u0161u Jaku Bla\u017ei\u010du, ki \u017eivi na Bledu. Zaradi tega je na logotipu labod, ki je tipi\u010den za Bled ter na njem ko\u0161arkarska \u017eoga. VKL je tudi dobrodelna, saj vsak, ki na tekmi dose\u017ee vsaj 1 to\u010dko donira 1 evro za otroke, ki so socialno ogro\u017eeni. Do konca novembra so zbrali \u017ee 183 evrov.<\/span><\/h4>\n<h4 style=\"text-align: center\"><span style=\"color: #008080\">\u00a0<img decoding=\"async\" class=\"lazyload alignnone wp-image-3502\" src=\"https:\/\/www.osjenka.si\/ps-gorice\/wp-content\/uploads\/sites\/2\/2024\/01\/slika1-300x188.jpg\" data-orig-src=\"https:\/\/www.osjenka.si\/ps-gorice\/wp-content\/uploads\/sites\/2\/2024\/01\/slika1-300x188.jpg\" alt=\"\" width=\"661\" height=\"414\" srcset=\"data:image\/svg+xml,%3Csvg%20xmlns%3D%27http%3A%2F%2Fwww.w3.org%2F2000%2Fsvg%27%20width%3D%27661%27%20height%3D%27414%27%20viewBox%3D%270%200%20661%20414%27%3E%3Crect%20width%3D%27661%27%20height%3D%27414%27%20fill-opacity%3D%220%22%2F%3E%3C%2Fsvg%3E\" data-srcset=\"https:\/\/www.osjenka.si\/ps-gorice\/wp-content\/uploads\/sites\/2\/2024\/01\/slika1-200x125.jpg 200w, https:\/\/www.osjenka.si\/ps-gorice\/wp-content\/uploads\/sites\/2\/2024\/01\/slika1-300x188.jpg 300w, https:\/\/www.osjenka.si\/ps-gorice\/wp-content\/uploads\/sites\/2\/2024\/01\/slika1-400x250.jpg 400w, https:\/\/www.osjenka.si\/ps-gorice\/wp-content\/uploads\/sites\/2\/2024\/01\/slika1.jpg 584w\" data-sizes=\"auto\" data-orig-sizes=\"(max-width: 661px) 100vw, 661px\" \/>\u00a0<\/span><\/h4>\n<h4 style=\"text-align: center\"><span style=\"color: #008080\">Vesela ko\u0161arka ima veliko nagradnih iger, dogodkov polnih zabave in veselja in, da ne pozabimo na plesno navija\u0161ko skupino STARS. Nastopajo v sklopu VKL dogodkov ter nastope jim omogo\u010dajo tudi na ve\u010djih tekmah. Sestavljena je iz deklet starih od 6 do 12 let.<\/span><br \/>\n<span style=\"color: #008080\">VKL je razdeljena na tri starostne skupine in sicer ROOKIE (1. razred), RISING STAR (2. in 3. razred) in ALL STAR (4.in 5. razred).<\/span><\/h4>\n<h4 style=\"text-align: center\"><span style=\"color: #008080\"><img decoding=\"async\" class=\"lazyload alignnone wp-image-3501\" src=\"https:\/\/www.osjenka.si\/ps-gorice\/wp-content\/uploads\/sites\/2\/2024\/01\/slika2-300x200.jpg\" data-orig-src=\"https:\/\/www.osjenka.si\/ps-gorice\/wp-content\/uploads\/sites\/2\/2024\/01\/slika2-300x200.jpg\" alt=\"\" width=\"509\" height=\"339\" srcset=\"data:image\/svg+xml,%3Csvg%20xmlns%3D%27http%3A%2F%2Fwww.w3.org%2F2000%2Fsvg%27%20width%3D%27509%27%20height%3D%27339%27%20viewBox%3D%270%200%20509%20339%27%3E%3Crect%20width%3D%27509%27%20height%3D%27339%27%20fill-opacity%3D%220%22%2F%3E%3C%2Fsvg%3E\" data-srcset=\"https:\/\/www.osjenka.si\/ps-gorice\/wp-content\/uploads\/sites\/2\/2024\/01\/slika2-200x133.jpg 200w, https:\/\/www.osjenka.si\/ps-gorice\/wp-content\/uploads\/sites\/2\/2024\/01\/slika2-300x200.jpg 300w, https:\/\/www.osjenka.si\/ps-gorice\/wp-content\/uploads\/sites\/2\/2024\/01\/slika2-391x260.jpg 391w, https:\/\/www.osjenka.si\/ps-gorice\/wp-content\/uploads\/sites\/2\/2024\/01\/slika2-400x267.jpg 400w, https:\/\/www.osjenka.si\/ps-gorice\/wp-content\/uploads\/sites\/2\/2024\/01\/slika2-600x400.jpg 600w, https:\/\/www.osjenka.si\/ps-gorice\/wp-content\/uploads\/sites\/2\/2024\/01\/slika2-768x512.jpg 768w, https:\/\/www.osjenka.si\/ps-gorice\/wp-content\/uploads\/sites\/2\/2024\/01\/slika2-800x533.jpg 800w, https:\/\/www.osjenka.si\/ps-gorice\/wp-content\/uploads\/sites\/2\/2024\/01\/slika2-1024x683.jpg 1024w, https:\/\/www.osjenka.si\/ps-gorice\/wp-content\/uploads\/sites\/2\/2024\/01\/slika2.jpg 1200w\" data-sizes=\"auto\" data-orig-sizes=\"(max-width: 509px) 100vw, 509px\" \/><\/span><\/h4>\n<h4 style=\"text-align: center\"><span style=\"color: #008080\">Treningi v Gori\u010dah potekajo ob ponedeljkih in petkih. Rookie in Rising Star imajo treninge od 13.30 do 14.15, trenira jih Jan Jurgele. Trening skupine All Star poteka od 14.15 do 15.00, trenira nas Tim Mo\u010dnik. U\u010dimo se razli\u010dnih spretnosti, taktike podajanja ter igranja obrambe in napada.<\/span><br \/>\n<span style=\"color: #008080\">Iza \u0160tern, 5.g<\/span><\/h4>\n<h4 style=\"text-align: center\"><\/h4>\n","protected":false},"excerpt":{"rendered":"<p>Vesela ko\u0161arkarska liga (VKL) zdru\u017euje ve\u010d kot 500 otrok, ki tekmujejo med sabo. Imenuje se po slovenskem ko\u0161arka\u0161u Jaku Bla\u017ei\u010du, ki \u017eivi na Bledu. Zaradi tega je na logotipu labod, ki je tipi\u010den za Bled ter na njem ko\u0161arkarska \u017eoga. VKL je tudi dobrodelna, saj vsak, ki na tekmi dose\u017ee vsaj 1 to\u010dko donira 1 evro za otroke, ki so socialno ogro\u017eeni. Do konca novembra so zbrali \u017ee 183 evrov. \u00a0\u00a0 Vesela ko\u0161arka ima veliko nagradnih iger, dogodkov polnih zabave in veselja in, da ne pozabimo na plesno navija\u0161ko skupino STARS. Nastopajo v sklopu VKL dogodkov ter nastope jim omogo\u010dajo tudi [&hellip;]<\/p>\n","protected":false},"author":7,"featured_media":3503,"comment_status":"open","ping_status":"open","sticky":false,"template":"","format":"standard","meta":{"footnotes":""},"categories":[1],"tags":[],"class_list":["post-3500","post","type-post","status-publish","format-standard","has-post-thumbnail","hentry","category-nekategorizirano"],"yoast_head":"<!-- This site is optimized with the Yoast SEO plugin v19.11 - https:\/\/yoast.com\/wordpress\/plugins\/seo\/ -->\n<title>VESELA KO\u0160ARKA J. BLA\u017dI\u010cA TUDI V GORI\u010cAH - P\u0160 Gori\u010de<\/title>\n<meta name=\"robots\" content=\"index, follow, max-snippet:-1, max-image-preview:large, max-video-preview:-1\" \/>\n<link rel=\"canonical\" href=\"https:\/\/www.osjenka.si\/ps-gorice\/2024\/01\/21\/vesela-kosarka-j-blazica-tudi-v-goricah\/\" \/>\n<meta property=\"og:locale\" content=\"sl_SI\" \/>\n<meta property=\"og:type\" content=\"article\" \/>\n<meta property=\"og:title\" content=\"VESELA KO\u0160ARKA J. BLA\u017dI\u010cA TUDI V GORI\u010cAH - P\u0160 Gori\u010de\" \/>\n<meta property=\"og:description\" content=\"Vesela ko\u0161arkarska liga (VKL) zdru\u017euje ve\u010d kot 500 otrok, ki tekmujejo med sabo. Imenuje se po slovenskem ko\u0161arka\u0161u Jaku Bla\u017ei\u010du, ki \u017eivi na Bledu. Zaradi tega je na logotipu labod, ki je tipi\u010den za Bled ter na njem ko\u0161arkarska \u017eoga. VKL je tudi dobrodelna, saj vsak, ki na tekmi dose\u017ee vsaj 1 to\u010dko donira 1 evro za otroke, ki so socialno ogro\u017eeni. Do konca novembra so zbrali \u017ee 183 evrov. \u00a0\u00a0 Vesela ko\u0161arka ima veliko nagradnih iger, dogodkov polnih zabave in veselja in, da ne pozabimo na plesno navija\u0161ko skupino STARS. Nastopajo v sklopu VKL dogodkov ter nastope jim omogo\u010dajo tudi [&hellip;]\" \/>\n<meta property=\"og:url\" content=\"https:\/\/www.osjenka.si\/ps-gorice\/2024\/01\/21\/vesela-kosarka-j-blazica-tudi-v-goricah\/\" \/>\n<meta property=\"og:site_name\" content=\"P\u0160 Gori\u010de\" \/>\n<meta property=\"article:published_time\" content=\"2024-01-21T21:44:59+00:00\" \/>\n<meta property=\"article:modified_time\" content=\"2024-01-21T21:45:35+00:00\" \/>\n<meta property=\"og:image\" content=\"https:\/\/www.osjenka.si\/ps-gorice\/wp-content\/uploads\/sites\/2\/2024\/01\/logo.png\" \/>\n\t<meta property=\"og:image:width\" content=\"202\" \/>\n\t<meta property=\"og:image:height\" content=\"250\" \/>\n\t<meta property=\"og:image:type\" content=\"image\/png\" \/>\n<meta name=\"author\" content=\"vilma\" \/>\n<meta name=\"twitter:card\" content=\"summary_large_image\" \/>\n<meta name=\"twitter:label1\" content=\"Written by\" \/>\n\t<meta name=\"twitter:data1\" content=\"vilma\" \/>\n\t<meta name=\"twitter:label2\" content=\"Est. reading time\" \/>\n\t<meta name=\"twitter:data2\" content=\"2 minuti\" \/>\n<script type=\"application\/ld+json\" class=\"yoast-schema-graph\">{\"@context\":\"https:\/\/schema.org\",\"@graph\":[{\"@type\":\"WebPage\",\"@id\":\"https:\/\/www.osjenka.si\/ps-gorice\/2024\/01\/21\/vesela-kosarka-j-blazica-tudi-v-goricah\/\",\"url\":\"https:\/\/www.osjenka.si\/ps-gorice\/2024\/01\/21\/vesela-kosarka-j-blazica-tudi-v-goricah\/\",\"name\":\"VESELA KO\u0160ARKA J. BLA\u017dI\u010cA TUDI V GORI\u010cAH - P\u0160 Gori\u010de\",\"isPartOf\":{\"@id\":\"https:\/\/www.osjenka.si\/ps-gorice\/#website\"},\"datePublished\":\"2024-01-21T21:44:59+00:00\",\"dateModified\":\"2024-01-21T21:45:35+00:00\",\"author\":{\"@id\":\"https:\/\/www.osjenka.si\/ps-gorice\/#\/schema\/person\/94f44dbd9351bedc48d18ae7ab8a6706\"},\"breadcrumb\":{\"@id\":\"https:\/\/www.osjenka.si\/ps-gorice\/2024\/01\/21\/vesela-kosarka-j-blazica-tudi-v-goricah\/#breadcrumb\"},\"inLanguage\":\"sl-SI\",\"potentialAction\":[{\"@type\":\"ReadAction\",\"target\":[\"https:\/\/www.osjenka.si\/ps-gorice\/2024\/01\/21\/vesela-kosarka-j-blazica-tudi-v-goricah\/\"]}]},{\"@type\":\"BreadcrumbList\",\"@id\":\"https:\/\/www.osjenka.si\/ps-gorice\/2024\/01\/21\/vesela-kosarka-j-blazica-tudi-v-goricah\/#breadcrumb\",\"itemListElement\":[{\"@type\":\"ListItem\",\"position\":1,\"name\":\"Home\",\"item\":\"https:\/\/www.osjenka.si\/ps-gorice\/\"},{\"@type\":\"ListItem\",\"position\":2,\"name\":\"VESELA KO\u0160ARKA J. BLA\u017dI\u010cA TUDI V GORI\u010cAH\"}]},{\"@type\":\"WebSite\",\"@id\":\"https:\/\/www.osjenka.si\/ps-gorice\/#website\",\"url\":\"https:\/\/www.osjenka.si\/ps-gorice\/\",\"name\":\"P\u0160 Gori\u010de\",\"description\":\"\",\"potentialAction\":[{\"@type\":\"SearchAction\",\"target\":{\"@type\":\"EntryPoint\",\"urlTemplate\":\"https:\/\/www.osjenka.si\/ps-gorice\/?s={search_term_string}\"},\"query-input\":\"required name=search_term_string\"}],\"inLanguage\":\"sl-SI\"},{\"@type\":\"Person\",\"@id\":\"https:\/\/www.osjenka.si\/ps-gorice\/#\/schema\/person\/94f44dbd9351bedc48d18ae7ab8a6706\",\"name\":\"vilma\",\"image\":{\"@type\":\"ImageObject\",\"inLanguage\":\"sl-SI\",\"@id\":\"https:\/\/www.osjenka.si\/ps-gorice\/#\/schema\/person\/image\/\",\"url\":\"https:\/\/secure.gravatar.com\/avatar\/41aa9d6664f90f3f3e03d130efd6192ff719c2d6a65ccdf098d3c2abf35d7aa6?s=96&d=mm&r=g\",\"contentUrl\":\"https:\/\/secure.gravatar.com\/avatar\/41aa9d6664f90f3f3e03d130efd6192ff719c2d6a65ccdf098d3c2abf35d7aa6?s=96&d=mm&r=g\",\"caption\":\"vilma\"},\"url\":\"https:\/\/www.osjenka.si\/ps-gorice\/author\/vilma\/\"}]}<\/script>\n<!-- \/ Yoast SEO plugin. -->","yoast_head_json":{"title":"VESELA KO\u0160ARKA J. BLA\u017dI\u010cA TUDI V GORI\u010cAH - P\u0160 Gori\u010de","robots":{"index":"index","follow":"follow","max-snippet":"max-snippet:-1","max-image-preview":"max-image-preview:large","max-video-preview":"max-video-preview:-1"},"canonical":"https:\/\/www.osjenka.si\/ps-gorice\/2024\/01\/21\/vesela-kosarka-j-blazica-tudi-v-goricah\/","og_locale":"sl_SI","og_type":"article","og_title":"VESELA KO\u0160ARKA J. BLA\u017dI\u010cA TUDI V GORI\u010cAH - P\u0160 Gori\u010de","og_description":"Vesela ko\u0161arkarska liga (VKL) zdru\u017euje ve\u010d kot 500 otrok, ki tekmujejo med sabo. Imenuje se po slovenskem ko\u0161arka\u0161u Jaku Bla\u017ei\u010du, ki \u017eivi na Bledu. Zaradi tega je na logotipu labod, ki je tipi\u010den za Bled ter na njem ko\u0161arkarska \u017eoga. VKL je tudi dobrodelna, saj vsak, ki na tekmi dose\u017ee vsaj 1 to\u010dko donira 1 evro za otroke, ki so socialno ogro\u017eeni. Do konca novembra so zbrali \u017ee 183 evrov. \u00a0\u00a0 Vesela ko\u0161arka ima veliko nagradnih iger, dogodkov polnih zabave in veselja in, da ne pozabimo na plesno navija\u0161ko skupino STARS. Nastopajo v sklopu VKL dogodkov ter nastope jim omogo\u010dajo tudi [&hellip;]","og_url":"https:\/\/www.osjenka.si\/ps-gorice\/2024\/01\/21\/vesela-kosarka-j-blazica-tudi-v-goricah\/","og_site_name":"P\u0160 Gori\u010de","article_published_time":"2024-01-21T21:44:59+00:00","article_modified_time":"2024-01-21T21:45:35+00:00","og_image":[{"width":202,"height":250,"url":"https:\/\/www.osjenka.si\/ps-gorice\/wp-content\/uploads\/sites\/2\/2024\/01\/logo.png","type":"image\/png"}],"author":"vilma","twitter_card":"summary_large_image","twitter_misc":{"Written by":"vilma","Est. reading time":"2 minuti"},"schema":{"@context":"https:\/\/schema.org","@graph":[{"@type":"WebPage","@id":"https:\/\/www.osjenka.si\/ps-gorice\/2024\/01\/21\/vesela-kosarka-j-blazica-tudi-v-goricah\/","url":"https:\/\/www.osjenka.si\/ps-gorice\/2024\/01\/21\/vesela-kosarka-j-blazica-tudi-v-goricah\/","name":"VESELA KO\u0160ARKA J. BLA\u017dI\u010cA TUDI V GORI\u010cAH - P\u0160 Gori\u010de","isPartOf":{"@id":"https:\/\/www.osjenka.si\/ps-gorice\/#website"},"datePublished":"2024-01-21T21:44:59+00:00","dateModified":"2024-01-21T21:45:35+00:00","author":{"@id":"https:\/\/www.osjenka.si\/ps-gorice\/#\/schema\/person\/94f44dbd9351bedc48d18ae7ab8a6706"},"breadcrumb":{"@id":"https:\/\/www.osjenka.si\/ps-gorice\/2024\/01\/21\/vesela-kosarka-j-blazica-tudi-v-goricah\/#breadcrumb"},"inLanguage":"sl-SI","potentialAction":[{"@type":"ReadAction","target":["https:\/\/www.osjenka.si\/ps-gorice\/2024\/01\/21\/vesela-kosarka-j-blazica-tudi-v-goricah\/"]}]},{"@type":"BreadcrumbList","@id":"https:\/\/www.osjenka.si\/ps-gorice\/2024\/01\/21\/vesela-kosarka-j-blazica-tudi-v-goricah\/#breadcrumb","itemListElement":[{"@type":"ListItem","position":1,"name":"Home","item":"https:\/\/www.osjenka.si\/ps-gorice\/"},{"@type":"ListItem","position":2,"name":"VESELA KO\u0160ARKA J. BLA\u017dI\u010cA TUDI V GORI\u010cAH"}]},{"@type":"WebSite","@id":"https:\/\/www.osjenka.si\/ps-gorice\/#website","url":"https:\/\/www.osjenka.si\/ps-gorice\/","name":"P\u0160 Gori\u010de","description":"","potentialAction":[{"@type":"SearchAction","target":{"@type":"EntryPoint","urlTemplate":"https:\/\/www.osjenka.si\/ps-gorice\/?s={search_term_string}"},"query-input":"required name=search_term_string"}],"inLanguage":"sl-SI"},{"@type":"Person","@id":"https:\/\/www.osjenka.si\/ps-gorice\/#\/schema\/person\/94f44dbd9351bedc48d18ae7ab8a6706","name":"vilma","image":{"@type":"ImageObject","inLanguage":"sl-SI","@id":"https:\/\/www.osjenka.si\/ps-gorice\/#\/schema\/person\/image\/","url":"https:\/\/secure.gravatar.com\/avatar\/41aa9d6664f90f3f3e03d130efd6192ff719c2d6a65ccdf098d3c2abf35d7aa6?s=96&d=mm&r=g","contentUrl":"https:\/\/secure.gravatar.com\/avatar\/41aa9d6664f90f3f3e03d130efd6192ff719c2d6a65ccdf098d3c2abf35d7aa6?s=96&d=mm&r=g","caption":"vilma"},"url":"https:\/\/www.osjenka.si\/ps-gorice\/author\/vilma\/"}]}},"_links":{"self":[{"href":"https:\/\/www.osjenka.si\/ps-gorice\/wp-json\/wp\/v2\/posts\/3500","targetHints":{"allow":["GET"]}}],"collection":[{"href":"https:\/\/www.osjenka.si\/ps-gorice\/wp-json\/wp\/v2\/posts"}],"about":[{"href":"https:\/\/www.osjenka.si\/ps-gorice\/wp-json\/wp\/v2\/types\/post"}],"author":[{"embeddable":true,"href":"https:\/\/www.osjenka.si\/ps-gorice\/wp-json\/wp\/v2\/users\/7"}],"replies":[{"embeddable":true,"href":"https:\/\/www.osjenka.si\/ps-gorice\/wp-json\/wp\/v2\/comments?post=3500"}],"version-history":[{"count":5,"href":"https:\/\/www.osjenka.si\/ps-gorice\/wp-json\/wp\/v2\/posts\/3500\/revisions"}],"predecessor-version":[{"id":3514,"href":"https:\/\/www.osjenka.si\/ps-gorice\/wp-json\/wp\/v2\/posts\/3500\/revisions\/3514"}],"wp:featuredmedia":[{"embeddable":true,"href":"https:\/\/www.osjenka.si\/ps-gorice\/wp-json\/wp\/v2\/media\/3503"}],"wp:attachment":[{"href":"https:\/\/www.osjenka.si\/ps-gorice\/wp-json\/wp\/v2\/media?parent=3500"}],"wp:term":[{"taxonomy":"category","embeddable":true,"href":"https:\/\/www.osjenka.si\/ps-gorice\/wp-json\/wp\/v2\/categories?post=3500"},{"taxonomy":"post_tag","embeddable":true,"href":"https:\/\/www.osjenka.si\/ps-gorice\/wp-json\/wp\/v2\/tags?post=3500"}],"curies":[{"name":"wp","href":"https:\/\/api.w.org\/{rel}","templated":true}]}}