{"id":3556,"date":"2024-02-13T21:49:36","date_gmt":"2024-02-13T20:49:36","guid":{"rendered":"https:\/\/www.osjenka.si\/ps-gorice\/?p=3556"},"modified":"2024-02-13T21:50:54","modified_gmt":"2024-02-13T20:50:54","slug":"paralimpijski-sportni-dan-5-g","status":"publish","type":"post","link":"https:\/\/www.osjenka.si\/ps-gorice\/2024\/02\/13\/paralimpijski-sportni-dan-5-g\/","title":{"rendered":"Paralimpijski \u0161portni dan &#8211; 5.g"},"content":{"rendered":"<h4>U\u010denci so se 31.januarja na \u0161portnem dnevu seznanili s paralimpijskimi \u0161porti.\u00a0 Izvedeli so, kak\u0161ne po\u0161kodbe imajo \u00bbinvalidne\u00ab osebe, ki se lahko udele\u017eijo teh tekmovanj. Spoznali so razli\u010dne vrste primanjkljajev, od telesno-gibalnih okvar do slepote, gluhonemosti in se seznanili z njihovimi potrebami in interesi.<\/h4>\n<h4>V telovadnici so se u\u010denci preizkusili v spretnostih v vlogi gibalno oviranih, slepih ljudi. Spoznali so tudi dvoransko balinanje.<\/h4>\n<p>&nbsp;<\/p>\n<h2><img decoding=\"async\" class=\"lazyload wp-image-3558 aligncenter\" src=\"https:\/\/www.osjenka.si\/ps-gorice\/wp-content\/uploads\/sites\/2\/2024\/02\/IMG_20240131_084137-224x300.jpg\" data-orig-src=\"https:\/\/www.osjenka.si\/ps-gorice\/wp-content\/uploads\/sites\/2\/2024\/02\/IMG_20240131_084137-224x300.jpg\" alt=\"\" width=\"387\" height=\"518\" srcset=\"data:image\/svg+xml,%3Csvg%20xmlns%3D%27http%3A%2F%2Fwww.w3.org%2F2000%2Fsvg%27%20width%3D%27387%27%20height%3D%27518%27%20viewBox%3D%270%200%20387%20518%27%3E%3Crect%20width%3D%27387%27%20height%3D%27518%27%20fill-opacity%3D%220%22%2F%3E%3C%2Fsvg%3E\" data-srcset=\"https:\/\/www.osjenka.si\/ps-gorice\/wp-content\/uploads\/sites\/2\/2024\/02\/IMG_20240131_084137-200x267.jpg 200w, https:\/\/www.osjenka.si\/ps-gorice\/wp-content\/uploads\/sites\/2\/2024\/02\/IMG_20240131_084137-224x300.jpg 224w, https:\/\/www.osjenka.si\/ps-gorice\/wp-content\/uploads\/sites\/2\/2024\/02\/IMG_20240131_084137-400x535.jpg 400w, https:\/\/www.osjenka.si\/ps-gorice\/wp-content\/uploads\/sites\/2\/2024\/02\/IMG_20240131_084137-600x802.jpg 600w, https:\/\/www.osjenka.si\/ps-gorice\/wp-content\/uploads\/sites\/2\/2024\/02\/IMG_20240131_084137-766x1024.jpg 766w, https:\/\/www.osjenka.si\/ps-gorice\/wp-content\/uploads\/sites\/2\/2024\/02\/IMG_20240131_084137-768x1027.jpg 768w, https:\/\/www.osjenka.si\/ps-gorice\/wp-content\/uploads\/sites\/2\/2024\/02\/IMG_20240131_084137-800x1070.jpg 800w, https:\/\/www.osjenka.si\/ps-gorice\/wp-content\/uploads\/sites\/2\/2024\/02\/IMG_20240131_084137-1149x1536.jpg 1149w, https:\/\/www.osjenka.si\/ps-gorice\/wp-content\/uploads\/sites\/2\/2024\/02\/IMG_20240131_084137-1200x1604.jpg 1200w, https:\/\/www.osjenka.si\/ps-gorice\/wp-content\/uploads\/sites\/2\/2024\/02\/IMG_20240131_084137.jpg 1436w\" data-sizes=\"auto\" data-orig-sizes=\"(max-width: 387px) 100vw, 387px\" \/><\/h2>\n<h2><img decoding=\"async\" class=\"lazyload alignnone wp-image-3564 aligncenter\" src=\"https:\/\/www.osjenka.si\/ps-gorice\/wp-content\/uploads\/sites\/2\/2024\/02\/IMG_20240131_094832-224x300.jpg\" data-orig-src=\"https:\/\/www.osjenka.si\/ps-gorice\/wp-content\/uploads\/sites\/2\/2024\/02\/IMG_20240131_094832-224x300.jpg\" alt=\"\" width=\"379\" height=\"507\" srcset=\"data:image\/svg+xml,%3Csvg%20xmlns%3D%27http%3A%2F%2Fwww.w3.org%2F2000%2Fsvg%27%20width%3D%27379%27%20height%3D%27507%27%20viewBox%3D%270%200%20379%20507%27%3E%3Crect%20width%3D%27379%27%20height%3D%27507%27%20fill-opacity%3D%220%22%2F%3E%3C%2Fsvg%3E\" data-srcset=\"https:\/\/www.osjenka.si\/ps-gorice\/wp-content\/uploads\/sites\/2\/2024\/02\/IMG_20240131_094832-200x267.jpg 200w, https:\/\/www.osjenka.si\/ps-gorice\/wp-content\/uploads\/sites\/2\/2024\/02\/IMG_20240131_094832-224x300.jpg 224w, https:\/\/www.osjenka.si\/ps-gorice\/wp-content\/uploads\/sites\/2\/2024\/02\/IMG_20240131_094832-300x400.jpg 300w, https:\/\/www.osjenka.si\/ps-gorice\/wp-content\/uploads\/sites\/2\/2024\/02\/IMG_20240131_094832-400x535.jpg 400w, https:\/\/www.osjenka.si\/ps-gorice\/wp-content\/uploads\/sites\/2\/2024\/02\/IMG_20240131_094832-600x802.jpg 600w, https:\/\/www.osjenka.si\/ps-gorice\/wp-content\/uploads\/sites\/2\/2024\/02\/IMG_20240131_094832-766x1024.jpg 766w, https:\/\/www.osjenka.si\/ps-gorice\/wp-content\/uploads\/sites\/2\/2024\/02\/IMG_20240131_094832-768x1027.jpg 768w, https:\/\/www.osjenka.si\/ps-gorice\/wp-content\/uploads\/sites\/2\/2024\/02\/IMG_20240131_094832-800x1070.jpg 800w, https:\/\/www.osjenka.si\/ps-gorice\/wp-content\/uploads\/sites\/2\/2024\/02\/IMG_20240131_094832-1149x1536.jpg 1149w, https:\/\/www.osjenka.si\/ps-gorice\/wp-content\/uploads\/sites\/2\/2024\/02\/IMG_20240131_094832-1200x1604.jpg 1200w, https:\/\/www.osjenka.si\/ps-gorice\/wp-content\/uploads\/sites\/2\/2024\/02\/IMG_20240131_094832.jpg 1436w\" data-sizes=\"auto\" data-orig-sizes=\"(max-width: 379px) 100vw, 379px\" \/><\/h2>\n<h4 style=\"text-align: center\">\u00a0Na invalidskem vozi\u010dku so se samostojno vozili med ovirami in\u00a0 se preizkusili v igranju ko\u0161arke na vozi\u010dku.<\/h4>\n<h2><img decoding=\"async\" class=\"lazyload alignnone wp-image-3559 aligncenter\" src=\"https:\/\/www.osjenka.si\/ps-gorice\/wp-content\/uploads\/sites\/2\/2024\/02\/IMG_20240131_085242-224x300.jpg\" data-orig-src=\"https:\/\/www.osjenka.si\/ps-gorice\/wp-content\/uploads\/sites\/2\/2024\/02\/IMG_20240131_085242-224x300.jpg\" alt=\"\" width=\"370\" height=\"496\" srcset=\"data:image\/svg+xml,%3Csvg%20xmlns%3D%27http%3A%2F%2Fwww.w3.org%2F2000%2Fsvg%27%20width%3D%27370%27%20height%3D%27496%27%20viewBox%3D%270%200%20370%20496%27%3E%3Crect%20width%3D%27370%27%20height%3D%27496%27%20fill-opacity%3D%220%22%2F%3E%3C%2Fsvg%3E\" data-srcset=\"https:\/\/www.osjenka.si\/ps-gorice\/wp-content\/uploads\/sites\/2\/2024\/02\/IMG_20240131_085242-200x267.jpg 200w, https:\/\/www.osjenka.si\/ps-gorice\/wp-content\/uploads\/sites\/2\/2024\/02\/IMG_20240131_085242-224x300.jpg 224w, https:\/\/www.osjenka.si\/ps-gorice\/wp-content\/uploads\/sites\/2\/2024\/02\/IMG_20240131_085242-400x535.jpg 400w, https:\/\/www.osjenka.si\/ps-gorice\/wp-content\/uploads\/sites\/2\/2024\/02\/IMG_20240131_085242-600x802.jpg 600w, https:\/\/www.osjenka.si\/ps-gorice\/wp-content\/uploads\/sites\/2\/2024\/02\/IMG_20240131_085242-766x1024.jpg 766w, https:\/\/www.osjenka.si\/ps-gorice\/wp-content\/uploads\/sites\/2\/2024\/02\/IMG_20240131_085242-768x1027.jpg 768w, https:\/\/www.osjenka.si\/ps-gorice\/wp-content\/uploads\/sites\/2\/2024\/02\/IMG_20240131_085242-800x1070.jpg 800w, https:\/\/www.osjenka.si\/ps-gorice\/wp-content\/uploads\/sites\/2\/2024\/02\/IMG_20240131_085242-1149x1536.jpg 1149w, https:\/\/www.osjenka.si\/ps-gorice\/wp-content\/uploads\/sites\/2\/2024\/02\/IMG_20240131_085242-1200x1604.jpg 1200w, https:\/\/www.osjenka.si\/ps-gorice\/wp-content\/uploads\/sites\/2\/2024\/02\/IMG_20240131_085242.jpg 1436w\" data-sizes=\"auto\" data-orig-sizes=\"(max-width: 370px) 100vw, 370px\" \/><\/h2>\n<p>&nbsp;<\/p>\n<h2><img decoding=\"async\" class=\"lazyload alignnone wp-image-3561 aligncenter\" src=\"https:\/\/www.osjenka.si\/ps-gorice\/wp-content\/uploads\/sites\/2\/2024\/02\/IMG_20240131_091453-224x300.jpg\" data-orig-src=\"https:\/\/www.osjenka.si\/ps-gorice\/wp-content\/uploads\/sites\/2\/2024\/02\/IMG_20240131_091453-224x300.jpg\" alt=\"\" width=\"363\" height=\"487\" srcset=\"data:image\/svg+xml,%3Csvg%20xmlns%3D%27http%3A%2F%2Fwww.w3.org%2F2000%2Fsvg%27%20width%3D%27363%27%20height%3D%27487%27%20viewBox%3D%270%200%20363%20487%27%3E%3Crect%20width%3D%27363%27%20height%3D%27487%27%20fill-opacity%3D%220%22%2F%3E%3C%2Fsvg%3E\" data-srcset=\"https:\/\/www.osjenka.si\/ps-gorice\/wp-content\/uploads\/sites\/2\/2024\/02\/IMG_20240131_091453-200x267.jpg 200w, https:\/\/www.osjenka.si\/ps-gorice\/wp-content\/uploads\/sites\/2\/2024\/02\/IMG_20240131_091453-224x300.jpg 224w, https:\/\/www.osjenka.si\/ps-gorice\/wp-content\/uploads\/sites\/2\/2024\/02\/IMG_20240131_091453-400x535.jpg 400w, https:\/\/www.osjenka.si\/ps-gorice\/wp-content\/uploads\/sites\/2\/2024\/02\/IMG_20240131_091453-800x1070.jpg 800w\" data-sizes=\"auto\" data-orig-sizes=\"(max-width: 363px) 100vw, 363px\" \/><\/h2>\n<h4 style=\"text-align: center\">U\u010denci so se v tej skupini orientirali po zvoku in se premikali z zavezanimi o\u010dmi. Hodili so med ovirami s pomo\u010djo so\u0161olca.\u00a0 \u00a0<img decoding=\"async\" class=\"lazyload alignnone wp-image-3560 aligncenter\" src=\"https:\/\/www.osjenka.si\/ps-gorice\/wp-content\/uploads\/sites\/2\/2024\/02\/IMG_20240131_085326-224x300.jpg\" data-orig-src=\"https:\/\/www.osjenka.si\/ps-gorice\/wp-content\/uploads\/sites\/2\/2024\/02\/IMG_20240131_085326-224x300.jpg\" alt=\"\" width=\"354\" height=\"474\" srcset=\"data:image\/svg+xml,%3Csvg%20xmlns%3D%27http%3A%2F%2Fwww.w3.org%2F2000%2Fsvg%27%20width%3D%27354%27%20height%3D%27474%27%20viewBox%3D%270%200%20354%20474%27%3E%3Crect%20width%3D%27354%27%20height%3D%27474%27%20fill-opacity%3D%220%22%2F%3E%3C%2Fsvg%3E\" data-srcset=\"https:\/\/www.osjenka.si\/ps-gorice\/wp-content\/uploads\/sites\/2\/2024\/02\/IMG_20240131_085326-200x267.jpg 200w, https:\/\/www.osjenka.si\/ps-gorice\/wp-content\/uploads\/sites\/2\/2024\/02\/IMG_20240131_085326-224x300.jpg 224w, https:\/\/www.osjenka.si\/ps-gorice\/wp-content\/uploads\/sites\/2\/2024\/02\/IMG_20240131_085326-400x535.jpg 400w, https:\/\/www.osjenka.si\/ps-gorice\/wp-content\/uploads\/sites\/2\/2024\/02\/IMG_20240131_085326-600x802.jpg 600w, https:\/\/www.osjenka.si\/ps-gorice\/wp-content\/uploads\/sites\/2\/2024\/02\/IMG_20240131_085326-766x1024.jpg 766w, https:\/\/www.osjenka.si\/ps-gorice\/wp-content\/uploads\/sites\/2\/2024\/02\/IMG_20240131_085326-768x1027.jpg 768w, https:\/\/www.osjenka.si\/ps-gorice\/wp-content\/uploads\/sites\/2\/2024\/02\/IMG_20240131_085326-800x1070.jpg 800w, https:\/\/www.osjenka.si\/ps-gorice\/wp-content\/uploads\/sites\/2\/2024\/02\/IMG_20240131_085326-1149x1536.jpg 1149w, https:\/\/www.osjenka.si\/ps-gorice\/wp-content\/uploads\/sites\/2\/2024\/02\/IMG_20240131_085326-1200x1604.jpg 1200w, https:\/\/www.osjenka.si\/ps-gorice\/wp-content\/uploads\/sites\/2\/2024\/02\/IMG_20240131_085326.jpg 1436w\" data-sizes=\"auto\" data-orig-sizes=\"(max-width: 354px) 100vw, 354px\" \/> \u00a0<img decoding=\"async\" class=\"lazyload alignnone wp-image-3562 aligncenter\" src=\"https:\/\/www.osjenka.si\/ps-gorice\/wp-content\/uploads\/sites\/2\/2024\/02\/IMG_20240131_091532-224x300.jpg\" data-orig-src=\"https:\/\/www.osjenka.si\/ps-gorice\/wp-content\/uploads\/sites\/2\/2024\/02\/IMG_20240131_091532-224x300.jpg\" alt=\"\" width=\"353\" height=\"473\" srcset=\"data:image\/svg+xml,%3Csvg%20xmlns%3D%27http%3A%2F%2Fwww.w3.org%2F2000%2Fsvg%27%20width%3D%27353%27%20height%3D%27473%27%20viewBox%3D%270%200%20353%20473%27%3E%3Crect%20width%3D%27353%27%20height%3D%27473%27%20fill-opacity%3D%220%22%2F%3E%3C%2Fsvg%3E\" data-srcset=\"https:\/\/www.osjenka.si\/ps-gorice\/wp-content\/uploads\/sites\/2\/2024\/02\/IMG_20240131_091532-200x267.jpg 200w, https:\/\/www.osjenka.si\/ps-gorice\/wp-content\/uploads\/sites\/2\/2024\/02\/IMG_20240131_091532-224x300.jpg 224w, https:\/\/www.osjenka.si\/ps-gorice\/wp-content\/uploads\/sites\/2\/2024\/02\/IMG_20240131_091532-400x535.jpg 400w, https:\/\/www.osjenka.si\/ps-gorice\/wp-content\/uploads\/sites\/2\/2024\/02\/IMG_20240131_091532-600x802.jpg 600w, https:\/\/www.osjenka.si\/ps-gorice\/wp-content\/uploads\/sites\/2\/2024\/02\/IMG_20240131_091532-766x1024.jpg 766w, https:\/\/www.osjenka.si\/ps-gorice\/wp-content\/uploads\/sites\/2\/2024\/02\/IMG_20240131_091532-768x1027.jpg 768w, https:\/\/www.osjenka.si\/ps-gorice\/wp-content\/uploads\/sites\/2\/2024\/02\/IMG_20240131_091532-800x1070.jpg 800w, https:\/\/www.osjenka.si\/ps-gorice\/wp-content\/uploads\/sites\/2\/2024\/02\/IMG_20240131_091532-1149x1536.jpg 1149w, https:\/\/www.osjenka.si\/ps-gorice\/wp-content\/uploads\/sites\/2\/2024\/02\/IMG_20240131_091532-1200x1604.jpg 1200w, https:\/\/www.osjenka.si\/ps-gorice\/wp-content\/uploads\/sites\/2\/2024\/02\/IMG_20240131_091532.jpg 1436w\" data-sizes=\"auto\" data-orig-sizes=\"(max-width: 353px) 100vw, 353px\" \/><\/h4>\n<h2><img decoding=\"async\" class=\"lazyload wp-image-3563 aligncenter\" src=\"https:\/\/www.osjenka.si\/ps-gorice\/wp-content\/uploads\/sites\/2\/2024\/02\/IMG_20240131_092242-224x300.jpg\" data-orig-src=\"https:\/\/www.osjenka.si\/ps-gorice\/wp-content\/uploads\/sites\/2\/2024\/02\/IMG_20240131_092242-224x300.jpg\" alt=\"\" width=\"351\" height=\"470\" srcset=\"data:image\/svg+xml,%3Csvg%20xmlns%3D%27http%3A%2F%2Fwww.w3.org%2F2000%2Fsvg%27%20width%3D%27351%27%20height%3D%27470%27%20viewBox%3D%270%200%20351%20470%27%3E%3Crect%20width%3D%27351%27%20height%3D%27470%27%20fill-opacity%3D%220%22%2F%3E%3C%2Fsvg%3E\" data-srcset=\"https:\/\/www.osjenka.si\/ps-gorice\/wp-content\/uploads\/sites\/2\/2024\/02\/IMG_20240131_092242-200x267.jpg 200w, https:\/\/www.osjenka.si\/ps-gorice\/wp-content\/uploads\/sites\/2\/2024\/02\/IMG_20240131_092242-224x300.jpg 224w, https:\/\/www.osjenka.si\/ps-gorice\/wp-content\/uploads\/sites\/2\/2024\/02\/IMG_20240131_092242-400x535.jpg 400w, https:\/\/www.osjenka.si\/ps-gorice\/wp-content\/uploads\/sites\/2\/2024\/02\/IMG_20240131_092242-600x802.jpg 600w, https:\/\/www.osjenka.si\/ps-gorice\/wp-content\/uploads\/sites\/2\/2024\/02\/IMG_20240131_092242-766x1024.jpg 766w, https:\/\/www.osjenka.si\/ps-gorice\/wp-content\/uploads\/sites\/2\/2024\/02\/IMG_20240131_092242-768x1027.jpg 768w, https:\/\/www.osjenka.si\/ps-gorice\/wp-content\/uploads\/sites\/2\/2024\/02\/IMG_20240131_092242-800x1070.jpg 800w, https:\/\/www.osjenka.si\/ps-gorice\/wp-content\/uploads\/sites\/2\/2024\/02\/IMG_20240131_092242-1149x1536.jpg 1149w, https:\/\/www.osjenka.si\/ps-gorice\/wp-content\/uploads\/sites\/2\/2024\/02\/IMG_20240131_092242-1200x1604.jpg 1200w, https:\/\/www.osjenka.si\/ps-gorice\/wp-content\/uploads\/sites\/2\/2024\/02\/IMG_20240131_092242.jpg 1436w\" data-sizes=\"auto\" data-orig-sizes=\"(max-width: 351px) 100vw, 351px\" \/><\/h2>\n<h4 style=\"text-align: center\">Paralimpijec Tim \u017dnidar\u0161i\u010d Sven\u0161ek jim je zaupal svojo \u017eivljenjsko zgodbo.<\/h4>\n<h2><img decoding=\"async\" class=\"lazyload  wp-image-3565 aligncenter\" src=\"https:\/\/www.osjenka.si\/ps-gorice\/wp-content\/uploads\/sites\/2\/2024\/02\/IMG_20240131_103153-300x224.jpg\" data-orig-src=\"https:\/\/www.osjenka.si\/ps-gorice\/wp-content\/uploads\/sites\/2\/2024\/02\/IMG_20240131_103153-300x224.jpg\" alt=\"\" width=\"579\" height=\"432\" srcset=\"data:image\/svg+xml,%3Csvg%20xmlns%3D%27http%3A%2F%2Fwww.w3.org%2F2000%2Fsvg%27%20width%3D%27579%27%20height%3D%27432%27%20viewBox%3D%270%200%20579%20432%27%3E%3Crect%20width%3D%27579%27%20height%3D%27432%27%20fill-opacity%3D%220%22%2F%3E%3C%2Fsvg%3E\" data-srcset=\"https:\/\/www.osjenka.si\/ps-gorice\/wp-content\/uploads\/sites\/2\/2024\/02\/IMG_20240131_103153-200x150.jpg 200w, https:\/\/www.osjenka.si\/ps-gorice\/wp-content\/uploads\/sites\/2\/2024\/02\/IMG_20240131_103153-300x224.jpg 300w, https:\/\/www.osjenka.si\/ps-gorice\/wp-content\/uploads\/sites\/2\/2024\/02\/IMG_20240131_103153-400x299.jpg 400w, https:\/\/www.osjenka.si\/ps-gorice\/wp-content\/uploads\/sites\/2\/2024\/02\/IMG_20240131_103153-600x449.jpg 600w, https:\/\/www.osjenka.si\/ps-gorice\/wp-content\/uploads\/sites\/2\/2024\/02\/IMG_20240131_103153-768x574.jpg 768w, https:\/\/www.osjenka.si\/ps-gorice\/wp-content\/uploads\/sites\/2\/2024\/02\/IMG_20240131_103153-800x598.jpg 800w, https:\/\/www.osjenka.si\/ps-gorice\/wp-content\/uploads\/sites\/2\/2024\/02\/IMG_20240131_103153-1024x766.jpg 1024w, https:\/\/www.osjenka.si\/ps-gorice\/wp-content\/uploads\/sites\/2\/2024\/02\/IMG_20240131_103153-1200x898.jpg 1200w, https:\/\/www.osjenka.si\/ps-gorice\/wp-content\/uploads\/sites\/2\/2024\/02\/IMG_20240131_103153-1536x1149.jpg 1536w, https:\/\/www.osjenka.si\/ps-gorice\/wp-content\/uploads\/sites\/2\/2024\/02\/IMG_20240131_103153.jpg 1920w\" data-sizes=\"auto\" data-orig-sizes=\"(max-width: 579px) 100vw, 579px\" \/><\/h2>\n<h2><img decoding=\"async\" class=\"lazyload  wp-image-3566 aligncenter\" src=\"https:\/\/www.osjenka.si\/ps-gorice\/wp-content\/uploads\/sites\/2\/2024\/02\/IMG_20240131_110620-300x224.jpg\" data-orig-src=\"https:\/\/www.osjenka.si\/ps-gorice\/wp-content\/uploads\/sites\/2\/2024\/02\/IMG_20240131_110620-300x224.jpg\" alt=\"\" width=\"582\" height=\"434\" srcset=\"data:image\/svg+xml,%3Csvg%20xmlns%3D%27http%3A%2F%2Fwww.w3.org%2F2000%2Fsvg%27%20width%3D%27582%27%20height%3D%27434%27%20viewBox%3D%270%200%20582%20434%27%3E%3Crect%20width%3D%27582%27%20height%3D%27434%27%20fill-opacity%3D%220%22%2F%3E%3C%2Fsvg%3E\" data-srcset=\"https:\/\/www.osjenka.si\/ps-gorice\/wp-content\/uploads\/sites\/2\/2024\/02\/IMG_20240131_110620-200x150.jpg 200w, https:\/\/www.osjenka.si\/ps-gorice\/wp-content\/uploads\/sites\/2\/2024\/02\/IMG_20240131_110620-300x224.jpg 300w, https:\/\/www.osjenka.si\/ps-gorice\/wp-content\/uploads\/sites\/2\/2024\/02\/IMG_20240131_110620-400x299.jpg 400w, https:\/\/www.osjenka.si\/ps-gorice\/wp-content\/uploads\/sites\/2\/2024\/02\/IMG_20240131_110620-768x574.jpg 768w, https:\/\/www.osjenka.si\/ps-gorice\/wp-content\/uploads\/sites\/2\/2024\/02\/IMG_20240131_110620-800x598.jpg 800w, https:\/\/www.osjenka.si\/ps-gorice\/wp-content\/uploads\/sites\/2\/2024\/02\/IMG_20240131_110620-1024x766.jpg 1024w, https:\/\/www.osjenka.si\/ps-gorice\/wp-content\/uploads\/sites\/2\/2024\/02\/IMG_20240131_110620-1536x1149.jpg 1536w, https:\/\/www.osjenka.si\/ps-gorice\/wp-content\/uploads\/sites\/2\/2024\/02\/IMG_20240131_110620.jpg 1920w\" data-sizes=\"auto\" data-orig-sizes=\"(max-width: 582px) 100vw, 582px\" \/><\/h2>\n<h4><\/h4>\n<h4><\/h4>\n<p>&nbsp;<\/p>\n","protected":false},"excerpt":{"rendered":"<p>U\u010denci so se 31.januarja na \u0161portnem dnevu seznanili s paralimpijskimi \u0161porti.\u00a0 Izvedeli so, kak\u0161ne po\u0161kodbe imajo \u00bbinvalidne\u00ab osebe, ki se lahko udele\u017eijo teh tekmovanj. Spoznali so razli\u010dne vrste primanjkljajev, od telesno-gibalnih okvar do slepote, gluhonemosti in se seznanili z njihovimi potrebami in interesi. V telovadnici so se u\u010denci preizkusili v spretnostih v vlogi gibalno oviranih, slepih ljudi. Spoznali so tudi dvoransko balinanje. &nbsp; \u00a0Na invalidskem vozi\u010dku so se samostojno vozili med ovirami in\u00a0 se preizkusili v igranju ko\u0161arke na vozi\u010dku. &nbsp; U\u010denci so se v tej skupini orientirali po zvoku in se premikali z zavezanimi o\u010dmi. Hodili so med ovirami s [&hellip;]<\/p>\n","protected":false},"author":7,"featured_media":3567,"comment_status":"open","ping_status":"open","sticky":false,"template":"","format":"standard","meta":{"footnotes":""},"categories":[1],"tags":[],"class_list":["post-3556","post","type-post","status-publish","format-standard","has-post-thumbnail","hentry","category-nekategorizirano"],"yoast_head":"<!-- This site is optimized with the Yoast SEO plugin v19.11 - https:\/\/yoast.com\/wordpress\/plugins\/seo\/ -->\n<title>Paralimpijski \u0161portni dan - 5.g - P\u0160 Gori\u010de<\/title>\n<meta name=\"robots\" content=\"index, follow, max-snippet:-1, max-image-preview:large, max-video-preview:-1\" \/>\n<link rel=\"canonical\" href=\"https:\/\/www.osjenka.si\/ps-gorice\/2024\/02\/13\/paralimpijski-sportni-dan-5-g\/\" \/>\n<meta property=\"og:locale\" content=\"sl_SI\" \/>\n<meta property=\"og:type\" content=\"article\" \/>\n<meta property=\"og:title\" content=\"Paralimpijski \u0161portni dan - 5.g - P\u0160 Gori\u010de\" \/>\n<meta property=\"og:description\" content=\"U\u010denci so se 31.januarja na \u0161portnem dnevu seznanili s paralimpijskimi \u0161porti.\u00a0 Izvedeli so, kak\u0161ne po\u0161kodbe imajo \u00bbinvalidne\u00ab osebe, ki se lahko udele\u017eijo teh tekmovanj. Spoznali so razli\u010dne vrste primanjkljajev, od telesno-gibalnih okvar do slepote, gluhonemosti in se seznanili z njihovimi potrebami in interesi. V telovadnici so se u\u010denci preizkusili v spretnostih v vlogi gibalno oviranih, slepih ljudi. Spoznali so tudi dvoransko balinanje. &nbsp; \u00a0Na invalidskem vozi\u010dku so se samostojno vozili med ovirami in\u00a0 se preizkusili v igranju ko\u0161arke na vozi\u010dku. &nbsp; U\u010denci so se v tej skupini orientirali po zvoku in se premikali z zavezanimi o\u010dmi. Hodili so med ovirami s [&hellip;]\" \/>\n<meta property=\"og:url\" content=\"https:\/\/www.osjenka.si\/ps-gorice\/2024\/02\/13\/paralimpijski-sportni-dan-5-g\/\" \/>\n<meta property=\"og:site_name\" content=\"P\u0160 Gori\u010de\" \/>\n<meta property=\"article:published_time\" content=\"2024-02-13T20:49:36+00:00\" \/>\n<meta property=\"article:modified_time\" content=\"2024-02-13T20:50:54+00:00\" \/>\n<meta property=\"og:image\" content=\"https:\/\/www.osjenka.si\/ps-gorice\/wp-content\/uploads\/sites\/2\/2024\/02\/IMG_20240131_095147.jpg\" \/>\n\t<meta property=\"og:image:width\" content=\"1436\" \/>\n\t<meta property=\"og:image:height\" content=\"1920\" \/>\n\t<meta property=\"og:image:type\" content=\"image\/jpeg\" \/>\n<meta name=\"author\" content=\"vilma\" \/>\n<meta name=\"twitter:card\" content=\"summary_large_image\" \/>\n<meta name=\"twitter:label1\" content=\"Written by\" \/>\n\t<meta name=\"twitter:data1\" content=\"vilma\" \/>\n\t<meta name=\"twitter:label2\" content=\"Est. reading time\" \/>\n\t<meta name=\"twitter:data2\" content=\"3 minute\" \/>\n<script type=\"application\/ld+json\" class=\"yoast-schema-graph\">{\"@context\":\"https:\/\/schema.org\",\"@graph\":[{\"@type\":\"WebPage\",\"@id\":\"https:\/\/www.osjenka.si\/ps-gorice\/2024\/02\/13\/paralimpijski-sportni-dan-5-g\/\",\"url\":\"https:\/\/www.osjenka.si\/ps-gorice\/2024\/02\/13\/paralimpijski-sportni-dan-5-g\/\",\"name\":\"Paralimpijski \u0161portni dan - 5.g - P\u0160 Gori\u010de\",\"isPartOf\":{\"@id\":\"https:\/\/www.osjenka.si\/ps-gorice\/#website\"},\"datePublished\":\"2024-02-13T20:49:36+00:00\",\"dateModified\":\"2024-02-13T20:50:54+00:00\",\"author\":{\"@id\":\"https:\/\/www.osjenka.si\/ps-gorice\/#\/schema\/person\/94f44dbd9351bedc48d18ae7ab8a6706\"},\"breadcrumb\":{\"@id\":\"https:\/\/www.osjenka.si\/ps-gorice\/2024\/02\/13\/paralimpijski-sportni-dan-5-g\/#breadcrumb\"},\"inLanguage\":\"sl-SI\",\"potentialAction\":[{\"@type\":\"ReadAction\",\"target\":[\"https:\/\/www.osjenka.si\/ps-gorice\/2024\/02\/13\/paralimpijski-sportni-dan-5-g\/\"]}]},{\"@type\":\"BreadcrumbList\",\"@id\":\"https:\/\/www.osjenka.si\/ps-gorice\/2024\/02\/13\/paralimpijski-sportni-dan-5-g\/#breadcrumb\",\"itemListElement\":[{\"@type\":\"ListItem\",\"position\":1,\"name\":\"Home\",\"item\":\"https:\/\/www.osjenka.si\/ps-gorice\/\"},{\"@type\":\"ListItem\",\"position\":2,\"name\":\"Paralimpijski \u0161portni dan &#8211; 5.g\"}]},{\"@type\":\"WebSite\",\"@id\":\"https:\/\/www.osjenka.si\/ps-gorice\/#website\",\"url\":\"https:\/\/www.osjenka.si\/ps-gorice\/\",\"name\":\"P\u0160 Gori\u010de\",\"description\":\"\",\"potentialAction\":[{\"@type\":\"SearchAction\",\"target\":{\"@type\":\"EntryPoint\",\"urlTemplate\":\"https:\/\/www.osjenka.si\/ps-gorice\/?s={search_term_string}\"},\"query-input\":\"required name=search_term_string\"}],\"inLanguage\":\"sl-SI\"},{\"@type\":\"Person\",\"@id\":\"https:\/\/www.osjenka.si\/ps-gorice\/#\/schema\/person\/94f44dbd9351bedc48d18ae7ab8a6706\",\"name\":\"vilma\",\"image\":{\"@type\":\"ImageObject\",\"inLanguage\":\"sl-SI\",\"@id\":\"https:\/\/www.osjenka.si\/ps-gorice\/#\/schema\/person\/image\/\",\"url\":\"https:\/\/secure.gravatar.com\/avatar\/41aa9d6664f90f3f3e03d130efd6192ff719c2d6a65ccdf098d3c2abf35d7aa6?s=96&d=mm&r=g\",\"contentUrl\":\"https:\/\/secure.gravatar.com\/avatar\/41aa9d6664f90f3f3e03d130efd6192ff719c2d6a65ccdf098d3c2abf35d7aa6?s=96&d=mm&r=g\",\"caption\":\"vilma\"},\"url\":\"https:\/\/www.osjenka.si\/ps-gorice\/author\/vilma\/\"}]}<\/script>\n<!-- \/ Yoast SEO plugin. -->","yoast_head_json":{"title":"Paralimpijski \u0161portni dan - 5.g - P\u0160 Gori\u010de","robots":{"index":"index","follow":"follow","max-snippet":"max-snippet:-1","max-image-preview":"max-image-preview:large","max-video-preview":"max-video-preview:-1"},"canonical":"https:\/\/www.osjenka.si\/ps-gorice\/2024\/02\/13\/paralimpijski-sportni-dan-5-g\/","og_locale":"sl_SI","og_type":"article","og_title":"Paralimpijski \u0161portni dan - 5.g - P\u0160 Gori\u010de","og_description":"U\u010denci so se 31.januarja na \u0161portnem dnevu seznanili s paralimpijskimi \u0161porti.\u00a0 Izvedeli so, kak\u0161ne po\u0161kodbe imajo \u00bbinvalidne\u00ab osebe, ki se lahko udele\u017eijo teh tekmovanj. Spoznali so razli\u010dne vrste primanjkljajev, od telesno-gibalnih okvar do slepote, gluhonemosti in se seznanili z njihovimi potrebami in interesi. V telovadnici so se u\u010denci preizkusili v spretnostih v vlogi gibalno oviranih, slepih ljudi. Spoznali so tudi dvoransko balinanje. &nbsp; \u00a0Na invalidskem vozi\u010dku so se samostojno vozili med ovirami in\u00a0 se preizkusili v igranju ko\u0161arke na vozi\u010dku. &nbsp; U\u010denci so se v tej skupini orientirali po zvoku in se premikali z zavezanimi o\u010dmi. Hodili so med ovirami s [&hellip;]","og_url":"https:\/\/www.osjenka.si\/ps-gorice\/2024\/02\/13\/paralimpijski-sportni-dan-5-g\/","og_site_name":"P\u0160 Gori\u010de","article_published_time":"2024-02-13T20:49:36+00:00","article_modified_time":"2024-02-13T20:50:54+00:00","og_image":[{"width":1436,"height":1920,"url":"https:\/\/www.osjenka.si\/ps-gorice\/wp-content\/uploads\/sites\/2\/2024\/02\/IMG_20240131_095147.jpg","type":"image\/jpeg"}],"author":"vilma","twitter_card":"summary_large_image","twitter_misc":{"Written by":"vilma","Est. reading time":"3 minute"},"schema":{"@context":"https:\/\/schema.org","@graph":[{"@type":"WebPage","@id":"https:\/\/www.osjenka.si\/ps-gorice\/2024\/02\/13\/paralimpijski-sportni-dan-5-g\/","url":"https:\/\/www.osjenka.si\/ps-gorice\/2024\/02\/13\/paralimpijski-sportni-dan-5-g\/","name":"Paralimpijski \u0161portni dan - 5.g - P\u0160 Gori\u010de","isPartOf":{"@id":"https:\/\/www.osjenka.si\/ps-gorice\/#website"},"datePublished":"2024-02-13T20:49:36+00:00","dateModified":"2024-02-13T20:50:54+00:00","author":{"@id":"https:\/\/www.osjenka.si\/ps-gorice\/#\/schema\/person\/94f44dbd9351bedc48d18ae7ab8a6706"},"breadcrumb":{"@id":"https:\/\/www.osjenka.si\/ps-gorice\/2024\/02\/13\/paralimpijski-sportni-dan-5-g\/#breadcrumb"},"inLanguage":"sl-SI","potentialAction":[{"@type":"ReadAction","target":["https:\/\/www.osjenka.si\/ps-gorice\/2024\/02\/13\/paralimpijski-sportni-dan-5-g\/"]}]},{"@type":"BreadcrumbList","@id":"https:\/\/www.osjenka.si\/ps-gorice\/2024\/02\/13\/paralimpijski-sportni-dan-5-g\/#breadcrumb","itemListElement":[{"@type":"ListItem","position":1,"name":"Home","item":"https:\/\/www.osjenka.si\/ps-gorice\/"},{"@type":"ListItem","position":2,"name":"Paralimpijski \u0161portni dan &#8211; 5.g"}]},{"@type":"WebSite","@id":"https:\/\/www.osjenka.si\/ps-gorice\/#website","url":"https:\/\/www.osjenka.si\/ps-gorice\/","name":"P\u0160 Gori\u010de","description":"","potentialAction":[{"@type":"SearchAction","target":{"@type":"EntryPoint","urlTemplate":"https:\/\/www.osjenka.si\/ps-gorice\/?s={search_term_string}"},"query-input":"required name=search_term_string"}],"inLanguage":"sl-SI"},{"@type":"Person","@id":"https:\/\/www.osjenka.si\/ps-gorice\/#\/schema\/person\/94f44dbd9351bedc48d18ae7ab8a6706","name":"vilma","image":{"@type":"ImageObject","inLanguage":"sl-SI","@id":"https:\/\/www.osjenka.si\/ps-gorice\/#\/schema\/person\/image\/","url":"https:\/\/secure.gravatar.com\/avatar\/41aa9d6664f90f3f3e03d130efd6192ff719c2d6a65ccdf098d3c2abf35d7aa6?s=96&d=mm&r=g","contentUrl":"https:\/\/secure.gravatar.com\/avatar\/41aa9d6664f90f3f3e03d130efd6192ff719c2d6a65ccdf098d3c2abf35d7aa6?s=96&d=mm&r=g","caption":"vilma"},"url":"https:\/\/www.osjenka.si\/ps-gorice\/author\/vilma\/"}]}},"_links":{"self":[{"href":"https:\/\/www.osjenka.si\/ps-gorice\/wp-json\/wp\/v2\/posts\/3556","targetHints":{"allow":["GET"]}}],"collection":[{"href":"https:\/\/www.osjenka.si\/ps-gorice\/wp-json\/wp\/v2\/posts"}],"about":[{"href":"https:\/\/www.osjenka.si\/ps-gorice\/wp-json\/wp\/v2\/types\/post"}],"author":[{"embeddable":true,"href":"https:\/\/www.osjenka.si\/ps-gorice\/wp-json\/wp\/v2\/users\/7"}],"replies":[{"embeddable":true,"href":"https:\/\/www.osjenka.si\/ps-gorice\/wp-json\/wp\/v2\/comments?post=3556"}],"version-history":[{"count":3,"href":"https:\/\/www.osjenka.si\/ps-gorice\/wp-json\/wp\/v2\/posts\/3556\/revisions"}],"predecessor-version":[{"id":3570,"href":"https:\/\/www.osjenka.si\/ps-gorice\/wp-json\/wp\/v2\/posts\/3556\/revisions\/3570"}],"wp:featuredmedia":[{"embeddable":true,"href":"https:\/\/www.osjenka.si\/ps-gorice\/wp-json\/wp\/v2\/media\/3567"}],"wp:attachment":[{"href":"https:\/\/www.osjenka.si\/ps-gorice\/wp-json\/wp\/v2\/media?parent=3556"}],"wp:term":[{"taxonomy":"category","embeddable":true,"href":"https:\/\/www.osjenka.si\/ps-gorice\/wp-json\/wp\/v2\/categories?post=3556"},{"taxonomy":"post_tag","embeddable":true,"href":"https:\/\/www.osjenka.si\/ps-gorice\/wp-json\/wp\/v2\/tags?post=3556"}],"curies":[{"name":"wp","href":"https:\/\/api.w.org\/{rel}","templated":true}]}}