{"id":3571,"date":"2024-02-13T22:12:24","date_gmt":"2024-02-13T21:12:24","guid":{"rendered":"https:\/\/www.osjenka.si\/ps-gorice\/?p=3571"},"modified":"2024-02-13T22:12:24","modified_gmt":"2024-02-13T21:12:24","slug":"prireditev-ob-kulturnem-prazniku-2","status":"publish","type":"post","link":"https:\/\/www.osjenka.si\/ps-gorice\/2024\/02\/13\/prireditev-ob-kulturnem-prazniku-2\/","title":{"rendered":"Prireditev ob kulturnem prazniku"},"content":{"rendered":"<h4 dir=\"ltr\" style=\"text-align: center\"><span style=\"color: #339966\">V \u017eelji, da bi bila kultura zvesta sopotnica na\u0161ega vsakdana, je prav, da ji ob takem prazniku, kot je 8.februar, damo neskon\u010dno prilo\u017enosti za izra\u017eanje.<\/span><\/h4>\n<h4 dir=\"ltr\" style=\"text-align: center\"><span style=\"font-family: arial, sans-serif;color: #339966\">Tudi u\u010denci na na\u0161i \u0161oli bogatijo na\u0161o skupnost in kulturo. Vsi u\u010denci predstavljajo raznoliko mavrico in ustvarjalno energije na\u0161e \u0161ole. Na \u0161oli imamo veliko mo\u017enosti kulturnega izra\u017eanja \u2013 pevski zbor, dramski kro\u017eek, folkloro, novinarski kro\u017eek \u2026 Prav vsak lahko ustvari nekaj lepega.\u00a0<\/span><\/h4>\n<h4 dir=\"ltr\" style=\"text-align: center\"><span style=\"font-family: arial, sans-serif;color: #339966\">Na proslavi so nastopajo\u010di \u017eeleli v vseh u\u010dencih prebuditi zanimanje za umetnost in ustvarjanje. <\/span><\/h4>\n<h4 dir=\"ltr\" style=\"text-align: center\"><span style=\"font-family: arial, sans-serif;color: #339966\">Za <em>svobodno izra\u017eanje<\/em> in &#8220;<em>rad po\u010deti nekaj lepega&#8221;<\/em> je namre\u010d veliko mo\u017enosti.<\/span><\/h4>\n<p>Nekaj utrinkov:<\/p>\n<p style=\"text-align: center\">\u00a0<img decoding=\"async\" class=\"lazyload alignnone wp-image-3573\" src=\"https:\/\/www.osjenka.si\/ps-gorice\/wp-content\/uploads\/sites\/2\/2024\/02\/IMG_20240202_112524-224x300.jpg\" data-orig-src=\"https:\/\/www.osjenka.si\/ps-gorice\/wp-content\/uploads\/sites\/2\/2024\/02\/IMG_20240202_112524-224x300.jpg\" alt=\"\" width=\"373\" height=\"500\" srcset=\"data:image\/svg+xml,%3Csvg%20xmlns%3D%27http%3A%2F%2Fwww.w3.org%2F2000%2Fsvg%27%20width%3D%27373%27%20height%3D%27500%27%20viewBox%3D%270%200%20373%20500%27%3E%3Crect%20width%3D%27373%27%20height%3D%27500%27%20fill-opacity%3D%220%22%2F%3E%3C%2Fsvg%3E\" data-srcset=\"https:\/\/www.osjenka.si\/ps-gorice\/wp-content\/uploads\/sites\/2\/2024\/02\/IMG_20240202_112524-200x267.jpg 200w, https:\/\/www.osjenka.si\/ps-gorice\/wp-content\/uploads\/sites\/2\/2024\/02\/IMG_20240202_112524-224x300.jpg 224w, https:\/\/www.osjenka.si\/ps-gorice\/wp-content\/uploads\/sites\/2\/2024\/02\/IMG_20240202_112524-400x535.jpg 400w, https:\/\/www.osjenka.si\/ps-gorice\/wp-content\/uploads\/sites\/2\/2024\/02\/IMG_20240202_112524-600x802.jpg 600w, https:\/\/www.osjenka.si\/ps-gorice\/wp-content\/uploads\/sites\/2\/2024\/02\/IMG_20240202_112524-766x1024.jpg 766w, https:\/\/www.osjenka.si\/ps-gorice\/wp-content\/uploads\/sites\/2\/2024\/02\/IMG_20240202_112524-768x1027.jpg 768w, https:\/\/www.osjenka.si\/ps-gorice\/wp-content\/uploads\/sites\/2\/2024\/02\/IMG_20240202_112524-800x1070.jpg 800w, https:\/\/www.osjenka.si\/ps-gorice\/wp-content\/uploads\/sites\/2\/2024\/02\/IMG_20240202_112524-1149x1536.jpg 1149w, https:\/\/www.osjenka.si\/ps-gorice\/wp-content\/uploads\/sites\/2\/2024\/02\/IMG_20240202_112524-1200x1604.jpg 1200w, https:\/\/www.osjenka.si\/ps-gorice\/wp-content\/uploads\/sites\/2\/2024\/02\/IMG_20240202_112524.jpg 1436w\" data-sizes=\"auto\" data-orig-sizes=\"(max-width: 373px) 100vw, 373px\" \/><\/p>\n<p style=\"text-align: center\"><img decoding=\"async\" class=\"lazyload alignnone wp-image-3574\" src=\"https:\/\/www.osjenka.si\/ps-gorice\/wp-content\/uploads\/sites\/2\/2024\/02\/IMG_20240202_112656-300x224.jpg\" data-orig-src=\"https:\/\/www.osjenka.si\/ps-gorice\/wp-content\/uploads\/sites\/2\/2024\/02\/IMG_20240202_112656-300x224.jpg\" alt=\"\" width=\"593\" height=\"443\" srcset=\"data:image\/svg+xml,%3Csvg%20xmlns%3D%27http%3A%2F%2Fwww.w3.org%2F2000%2Fsvg%27%20width%3D%27593%27%20height%3D%27443%27%20viewBox%3D%270%200%20593%20443%27%3E%3Crect%20width%3D%27593%27%20height%3D%27443%27%20fill-opacity%3D%220%22%2F%3E%3C%2Fsvg%3E\" data-srcset=\"https:\/\/www.osjenka.si\/ps-gorice\/wp-content\/uploads\/sites\/2\/2024\/02\/IMG_20240202_112656-200x150.jpg 200w, https:\/\/www.osjenka.si\/ps-gorice\/wp-content\/uploads\/sites\/2\/2024\/02\/IMG_20240202_112656-300x224.jpg 300w, https:\/\/www.osjenka.si\/ps-gorice\/wp-content\/uploads\/sites\/2\/2024\/02\/IMG_20240202_112656-400x299.jpg 400w, https:\/\/www.osjenka.si\/ps-gorice\/wp-content\/uploads\/sites\/2\/2024\/02\/IMG_20240202_112656-600x449.jpg 600w, https:\/\/www.osjenka.si\/ps-gorice\/wp-content\/uploads\/sites\/2\/2024\/02\/IMG_20240202_112656-768x574.jpg 768w, https:\/\/www.osjenka.si\/ps-gorice\/wp-content\/uploads\/sites\/2\/2024\/02\/IMG_20240202_112656-800x598.jpg 800w, https:\/\/www.osjenka.si\/ps-gorice\/wp-content\/uploads\/sites\/2\/2024\/02\/IMG_20240202_112656-1024x766.jpg 1024w, https:\/\/www.osjenka.si\/ps-gorice\/wp-content\/uploads\/sites\/2\/2024\/02\/IMG_20240202_112656-1200x898.jpg 1200w, https:\/\/www.osjenka.si\/ps-gorice\/wp-content\/uploads\/sites\/2\/2024\/02\/IMG_20240202_112656-1536x1149.jpg 1536w, https:\/\/www.osjenka.si\/ps-gorice\/wp-content\/uploads\/sites\/2\/2024\/02\/IMG_20240202_112656.jpg 1920w\" data-sizes=\"auto\" data-orig-sizes=\"(max-width: 593px) 100vw, 593px\" \/><\/p>\n<p style=\"text-align: center\"><img decoding=\"async\" class=\"lazyload alignnone wp-image-3576\" src=\"https:\/\/www.osjenka.si\/ps-gorice\/wp-content\/uploads\/sites\/2\/2024\/02\/IMG_20240202_114021-300x224.jpg\" data-orig-src=\"https:\/\/www.osjenka.si\/ps-gorice\/wp-content\/uploads\/sites\/2\/2024\/02\/IMG_20240202_114021-300x224.jpg\" alt=\"\" width=\"599\" height=\"447\" srcset=\"data:image\/svg+xml,%3Csvg%20xmlns%3D%27http%3A%2F%2Fwww.w3.org%2F2000%2Fsvg%27%20width%3D%27599%27%20height%3D%27447%27%20viewBox%3D%270%200%20599%20447%27%3E%3Crect%20width%3D%27599%27%20height%3D%27447%27%20fill-opacity%3D%220%22%2F%3E%3C%2Fsvg%3E\" data-srcset=\"https:\/\/www.osjenka.si\/ps-gorice\/wp-content\/uploads\/sites\/2\/2024\/02\/IMG_20240202_114021-200x150.jpg 200w, https:\/\/www.osjenka.si\/ps-gorice\/wp-content\/uploads\/sites\/2\/2024\/02\/IMG_20240202_114021-300x224.jpg 300w, https:\/\/www.osjenka.si\/ps-gorice\/wp-content\/uploads\/sites\/2\/2024\/02\/IMG_20240202_114021-400x299.jpg 400w, https:\/\/www.osjenka.si\/ps-gorice\/wp-content\/uploads\/sites\/2\/2024\/02\/IMG_20240202_114021-600x449.jpg 600w, https:\/\/www.osjenka.si\/ps-gorice\/wp-content\/uploads\/sites\/2\/2024\/02\/IMG_20240202_114021-768x574.jpg 768w, https:\/\/www.osjenka.si\/ps-gorice\/wp-content\/uploads\/sites\/2\/2024\/02\/IMG_20240202_114021-800x598.jpg 800w, https:\/\/www.osjenka.si\/ps-gorice\/wp-content\/uploads\/sites\/2\/2024\/02\/IMG_20240202_114021-1024x766.jpg 1024w, https:\/\/www.osjenka.si\/ps-gorice\/wp-content\/uploads\/sites\/2\/2024\/02\/IMG_20240202_114021-1200x898.jpg 1200w, https:\/\/www.osjenka.si\/ps-gorice\/wp-content\/uploads\/sites\/2\/2024\/02\/IMG_20240202_114021-1536x1149.jpg 1536w, https:\/\/www.osjenka.si\/ps-gorice\/wp-content\/uploads\/sites\/2\/2024\/02\/IMG_20240202_114021.jpg 1920w\" data-sizes=\"auto\" data-orig-sizes=\"(max-width: 599px) 100vw, 599px\" \/><\/p>\n<p><img decoding=\"async\" class=\"lazyload alignnone wp-image-3577 aligncenter\" src=\"https:\/\/www.osjenka.si\/ps-gorice\/wp-content\/uploads\/sites\/2\/2024\/02\/IMG_20240202_114442-300x224.jpg\" data-orig-src=\"https:\/\/www.osjenka.si\/ps-gorice\/wp-content\/uploads\/sites\/2\/2024\/02\/IMG_20240202_114442-300x224.jpg\" alt=\"\" width=\"595\" height=\"444\" srcset=\"data:image\/svg+xml,%3Csvg%20xmlns%3D%27http%3A%2F%2Fwww.w3.org%2F2000%2Fsvg%27%20width%3D%27595%27%20height%3D%27444%27%20viewBox%3D%270%200%20595%20444%27%3E%3Crect%20width%3D%27595%27%20height%3D%27444%27%20fill-opacity%3D%220%22%2F%3E%3C%2Fsvg%3E\" data-srcset=\"https:\/\/www.osjenka.si\/ps-gorice\/wp-content\/uploads\/sites\/2\/2024\/02\/IMG_20240202_114442-200x150.jpg 200w, https:\/\/www.osjenka.si\/ps-gorice\/wp-content\/uploads\/sites\/2\/2024\/02\/IMG_20240202_114442-300x224.jpg 300w, https:\/\/www.osjenka.si\/ps-gorice\/wp-content\/uploads\/sites\/2\/2024\/02\/IMG_20240202_114442-400x299.jpg 400w, https:\/\/www.osjenka.si\/ps-gorice\/wp-content\/uploads\/sites\/2\/2024\/02\/IMG_20240202_114442-600x449.jpg 600w, https:\/\/www.osjenka.si\/ps-gorice\/wp-content\/uploads\/sites\/2\/2024\/02\/IMG_20240202_114442-768x574.jpg 768w, https:\/\/www.osjenka.si\/ps-gorice\/wp-content\/uploads\/sites\/2\/2024\/02\/IMG_20240202_114442-800x598.jpg 800w, https:\/\/www.osjenka.si\/ps-gorice\/wp-content\/uploads\/sites\/2\/2024\/02\/IMG_20240202_114442-1024x766.jpg 1024w, https:\/\/www.osjenka.si\/ps-gorice\/wp-content\/uploads\/sites\/2\/2024\/02\/IMG_20240202_114442-1200x898.jpg 1200w, https:\/\/www.osjenka.si\/ps-gorice\/wp-content\/uploads\/sites\/2\/2024\/02\/IMG_20240202_114442-1536x1149.jpg 1536w, https:\/\/www.osjenka.si\/ps-gorice\/wp-content\/uploads\/sites\/2\/2024\/02\/IMG_20240202_114442.jpg 1920w\" data-sizes=\"auto\" data-orig-sizes=\"(max-width: 595px) 100vw, 595px\" \/><\/p>\n","protected":false},"excerpt":{"rendered":"<p>V \u017eelji, da bi bila kultura zvesta sopotnica na\u0161ega vsakdana, je prav, da ji ob takem prazniku, kot je 8.februar, damo neskon\u010dno prilo\u017enosti za izra\u017eanje. Tudi u\u010denci na na\u0161i \u0161oli bogatijo na\u0161o skupnost in kulturo. Vsi u\u010denci predstavljajo raznoliko mavrico in ustvarjalno energije na\u0161e \u0161ole. Na \u0161oli imamo veliko mo\u017enosti kulturnega izra\u017eanja \u2013 pevski zbor, dramski kro\u017eek, folkloro, novinarski kro\u017eek \u2026 Prav vsak lahko ustvari nekaj lepega.\u00a0 Na proslavi so nastopajo\u010di \u017eeleli v vseh u\u010dencih prebuditi zanimanje za umetnost in ustvarjanje. Za svobodno izra\u017eanje in &#8220;rad po\u010deti nekaj lepega&#8221; je namre\u010d veliko mo\u017enosti. Nekaj utrinkov: \u00a0<\/p>\n","protected":false},"author":7,"featured_media":3577,"comment_status":"open","ping_status":"open","sticky":false,"template":"","format":"standard","meta":{"footnotes":""},"categories":[1],"tags":[],"class_list":["post-3571","post","type-post","status-publish","format-standard","has-post-thumbnail","hentry","category-nekategorizirano"],"yoast_head":"<!-- This site is optimized with the Yoast SEO plugin v19.11 - https:\/\/yoast.com\/wordpress\/plugins\/seo\/ -->\n<title>Prireditev ob kulturnem prazniku - P\u0160 Gori\u010de<\/title>\n<meta name=\"robots\" content=\"index, follow, max-snippet:-1, max-image-preview:large, max-video-preview:-1\" \/>\n<link rel=\"canonical\" href=\"https:\/\/www.osjenka.si\/ps-gorice\/2024\/02\/13\/prireditev-ob-kulturnem-prazniku-2\/\" \/>\n<meta property=\"og:locale\" content=\"sl_SI\" \/>\n<meta property=\"og:type\" content=\"article\" \/>\n<meta property=\"og:title\" content=\"Prireditev ob kulturnem prazniku - P\u0160 Gori\u010de\" \/>\n<meta property=\"og:description\" content=\"V \u017eelji, da bi bila kultura zvesta sopotnica na\u0161ega vsakdana, je prav, da ji ob takem prazniku, kot je 8.februar, damo neskon\u010dno prilo\u017enosti za izra\u017eanje. Tudi u\u010denci na na\u0161i \u0161oli bogatijo na\u0161o skupnost in kulturo. Vsi u\u010denci predstavljajo raznoliko mavrico in ustvarjalno energije na\u0161e \u0161ole. Na \u0161oli imamo veliko mo\u017enosti kulturnega izra\u017eanja \u2013 pevski zbor, dramski kro\u017eek, folkloro, novinarski kro\u017eek \u2026 Prav vsak lahko ustvari nekaj lepega.\u00a0 Na proslavi so nastopajo\u010di \u017eeleli v vseh u\u010dencih prebuditi zanimanje za umetnost in ustvarjanje. Za svobodno izra\u017eanje in &#8220;rad po\u010deti nekaj lepega&#8221; je namre\u010d veliko mo\u017enosti. Nekaj utrinkov: \u00a0\" \/>\n<meta property=\"og:url\" content=\"https:\/\/www.osjenka.si\/ps-gorice\/2024\/02\/13\/prireditev-ob-kulturnem-prazniku-2\/\" \/>\n<meta property=\"og:site_name\" content=\"P\u0160 Gori\u010de\" \/>\n<meta property=\"article:published_time\" content=\"2024-02-13T21:12:24+00:00\" \/>\n<meta property=\"og:image\" content=\"https:\/\/www.osjenka.si\/ps-gorice\/wp-content\/uploads\/sites\/2\/2024\/02\/IMG_20240202_114442.jpg\" \/>\n\t<meta property=\"og:image:width\" content=\"1920\" \/>\n\t<meta property=\"og:image:height\" content=\"1436\" \/>\n\t<meta property=\"og:image:type\" content=\"image\/jpeg\" \/>\n<meta name=\"author\" content=\"vilma\" \/>\n<meta name=\"twitter:card\" content=\"summary_large_image\" \/>\n<meta name=\"twitter:label1\" content=\"Written by\" \/>\n\t<meta name=\"twitter:data1\" content=\"vilma\" \/>\n\t<meta name=\"twitter:label2\" content=\"Est. reading time\" \/>\n\t<meta name=\"twitter:data2\" content=\"2 minuti\" \/>\n<script type=\"application\/ld+json\" class=\"yoast-schema-graph\">{\"@context\":\"https:\/\/schema.org\",\"@graph\":[{\"@type\":\"WebPage\",\"@id\":\"https:\/\/www.osjenka.si\/ps-gorice\/2024\/02\/13\/prireditev-ob-kulturnem-prazniku-2\/\",\"url\":\"https:\/\/www.osjenka.si\/ps-gorice\/2024\/02\/13\/prireditev-ob-kulturnem-prazniku-2\/\",\"name\":\"Prireditev ob kulturnem prazniku - P\u0160 Gori\u010de\",\"isPartOf\":{\"@id\":\"https:\/\/www.osjenka.si\/ps-gorice\/#website\"},\"datePublished\":\"2024-02-13T21:12:24+00:00\",\"dateModified\":\"2024-02-13T21:12:24+00:00\",\"author\":{\"@id\":\"https:\/\/www.osjenka.si\/ps-gorice\/#\/schema\/person\/94f44dbd9351bedc48d18ae7ab8a6706\"},\"breadcrumb\":{\"@id\":\"https:\/\/www.osjenka.si\/ps-gorice\/2024\/02\/13\/prireditev-ob-kulturnem-prazniku-2\/#breadcrumb\"},\"inLanguage\":\"sl-SI\",\"potentialAction\":[{\"@type\":\"ReadAction\",\"target\":[\"https:\/\/www.osjenka.si\/ps-gorice\/2024\/02\/13\/prireditev-ob-kulturnem-prazniku-2\/\"]}]},{\"@type\":\"BreadcrumbList\",\"@id\":\"https:\/\/www.osjenka.si\/ps-gorice\/2024\/02\/13\/prireditev-ob-kulturnem-prazniku-2\/#breadcrumb\",\"itemListElement\":[{\"@type\":\"ListItem\",\"position\":1,\"name\":\"Home\",\"item\":\"https:\/\/www.osjenka.si\/ps-gorice\/\"},{\"@type\":\"ListItem\",\"position\":2,\"name\":\"Prireditev ob kulturnem prazniku\"}]},{\"@type\":\"WebSite\",\"@id\":\"https:\/\/www.osjenka.si\/ps-gorice\/#website\",\"url\":\"https:\/\/www.osjenka.si\/ps-gorice\/\",\"name\":\"P\u0160 Gori\u010de\",\"description\":\"\",\"potentialAction\":[{\"@type\":\"SearchAction\",\"target\":{\"@type\":\"EntryPoint\",\"urlTemplate\":\"https:\/\/www.osjenka.si\/ps-gorice\/?s={search_term_string}\"},\"query-input\":\"required name=search_term_string\"}],\"inLanguage\":\"sl-SI\"},{\"@type\":\"Person\",\"@id\":\"https:\/\/www.osjenka.si\/ps-gorice\/#\/schema\/person\/94f44dbd9351bedc48d18ae7ab8a6706\",\"name\":\"vilma\",\"image\":{\"@type\":\"ImageObject\",\"inLanguage\":\"sl-SI\",\"@id\":\"https:\/\/www.osjenka.si\/ps-gorice\/#\/schema\/person\/image\/\",\"url\":\"https:\/\/secure.gravatar.com\/avatar\/41aa9d6664f90f3f3e03d130efd6192ff719c2d6a65ccdf098d3c2abf35d7aa6?s=96&d=mm&r=g\",\"contentUrl\":\"https:\/\/secure.gravatar.com\/avatar\/41aa9d6664f90f3f3e03d130efd6192ff719c2d6a65ccdf098d3c2abf35d7aa6?s=96&d=mm&r=g\",\"caption\":\"vilma\"},\"url\":\"https:\/\/www.osjenka.si\/ps-gorice\/author\/vilma\/\"}]}<\/script>\n<!-- \/ Yoast SEO plugin. -->","yoast_head_json":{"title":"Prireditev ob kulturnem prazniku - P\u0160 Gori\u010de","robots":{"index":"index","follow":"follow","max-snippet":"max-snippet:-1","max-image-preview":"max-image-preview:large","max-video-preview":"max-video-preview:-1"},"canonical":"https:\/\/www.osjenka.si\/ps-gorice\/2024\/02\/13\/prireditev-ob-kulturnem-prazniku-2\/","og_locale":"sl_SI","og_type":"article","og_title":"Prireditev ob kulturnem prazniku - P\u0160 Gori\u010de","og_description":"V \u017eelji, da bi bila kultura zvesta sopotnica na\u0161ega vsakdana, je prav, da ji ob takem prazniku, kot je 8.februar, damo neskon\u010dno prilo\u017enosti za izra\u017eanje. Tudi u\u010denci na na\u0161i \u0161oli bogatijo na\u0161o skupnost in kulturo. Vsi u\u010denci predstavljajo raznoliko mavrico in ustvarjalno energije na\u0161e \u0161ole. Na \u0161oli imamo veliko mo\u017enosti kulturnega izra\u017eanja \u2013 pevski zbor, dramski kro\u017eek, folkloro, novinarski kro\u017eek \u2026 Prav vsak lahko ustvari nekaj lepega.\u00a0 Na proslavi so nastopajo\u010di \u017eeleli v vseh u\u010dencih prebuditi zanimanje za umetnost in ustvarjanje. Za svobodno izra\u017eanje in &#8220;rad po\u010deti nekaj lepega&#8221; je namre\u010d veliko mo\u017enosti. Nekaj utrinkov: \u00a0","og_url":"https:\/\/www.osjenka.si\/ps-gorice\/2024\/02\/13\/prireditev-ob-kulturnem-prazniku-2\/","og_site_name":"P\u0160 Gori\u010de","article_published_time":"2024-02-13T21:12:24+00:00","og_image":[{"width":1920,"height":1436,"url":"https:\/\/www.osjenka.si\/ps-gorice\/wp-content\/uploads\/sites\/2\/2024\/02\/IMG_20240202_114442.jpg","type":"image\/jpeg"}],"author":"vilma","twitter_card":"summary_large_image","twitter_misc":{"Written by":"vilma","Est. reading time":"2 minuti"},"schema":{"@context":"https:\/\/schema.org","@graph":[{"@type":"WebPage","@id":"https:\/\/www.osjenka.si\/ps-gorice\/2024\/02\/13\/prireditev-ob-kulturnem-prazniku-2\/","url":"https:\/\/www.osjenka.si\/ps-gorice\/2024\/02\/13\/prireditev-ob-kulturnem-prazniku-2\/","name":"Prireditev ob kulturnem prazniku - P\u0160 Gori\u010de","isPartOf":{"@id":"https:\/\/www.osjenka.si\/ps-gorice\/#website"},"datePublished":"2024-02-13T21:12:24+00:00","dateModified":"2024-02-13T21:12:24+00:00","author":{"@id":"https:\/\/www.osjenka.si\/ps-gorice\/#\/schema\/person\/94f44dbd9351bedc48d18ae7ab8a6706"},"breadcrumb":{"@id":"https:\/\/www.osjenka.si\/ps-gorice\/2024\/02\/13\/prireditev-ob-kulturnem-prazniku-2\/#breadcrumb"},"inLanguage":"sl-SI","potentialAction":[{"@type":"ReadAction","target":["https:\/\/www.osjenka.si\/ps-gorice\/2024\/02\/13\/prireditev-ob-kulturnem-prazniku-2\/"]}]},{"@type":"BreadcrumbList","@id":"https:\/\/www.osjenka.si\/ps-gorice\/2024\/02\/13\/prireditev-ob-kulturnem-prazniku-2\/#breadcrumb","itemListElement":[{"@type":"ListItem","position":1,"name":"Home","item":"https:\/\/www.osjenka.si\/ps-gorice\/"},{"@type":"ListItem","position":2,"name":"Prireditev ob kulturnem prazniku"}]},{"@type":"WebSite","@id":"https:\/\/www.osjenka.si\/ps-gorice\/#website","url":"https:\/\/www.osjenka.si\/ps-gorice\/","name":"P\u0160 Gori\u010de","description":"","potentialAction":[{"@type":"SearchAction","target":{"@type":"EntryPoint","urlTemplate":"https:\/\/www.osjenka.si\/ps-gorice\/?s={search_term_string}"},"query-input":"required name=search_term_string"}],"inLanguage":"sl-SI"},{"@type":"Person","@id":"https:\/\/www.osjenka.si\/ps-gorice\/#\/schema\/person\/94f44dbd9351bedc48d18ae7ab8a6706","name":"vilma","image":{"@type":"ImageObject","inLanguage":"sl-SI","@id":"https:\/\/www.osjenka.si\/ps-gorice\/#\/schema\/person\/image\/","url":"https:\/\/secure.gravatar.com\/avatar\/41aa9d6664f90f3f3e03d130efd6192ff719c2d6a65ccdf098d3c2abf35d7aa6?s=96&d=mm&r=g","contentUrl":"https:\/\/secure.gravatar.com\/avatar\/41aa9d6664f90f3f3e03d130efd6192ff719c2d6a65ccdf098d3c2abf35d7aa6?s=96&d=mm&r=g","caption":"vilma"},"url":"https:\/\/www.osjenka.si\/ps-gorice\/author\/vilma\/"}]}},"_links":{"self":[{"href":"https:\/\/www.osjenka.si\/ps-gorice\/wp-json\/wp\/v2\/posts\/3571","targetHints":{"allow":["GET"]}}],"collection":[{"href":"https:\/\/www.osjenka.si\/ps-gorice\/wp-json\/wp\/v2\/posts"}],"about":[{"href":"https:\/\/www.osjenka.si\/ps-gorice\/wp-json\/wp\/v2\/types\/post"}],"author":[{"embeddable":true,"href":"https:\/\/www.osjenka.si\/ps-gorice\/wp-json\/wp\/v2\/users\/7"}],"replies":[{"embeddable":true,"href":"https:\/\/www.osjenka.si\/ps-gorice\/wp-json\/wp\/v2\/comments?post=3571"}],"version-history":[{"count":3,"href":"https:\/\/www.osjenka.si\/ps-gorice\/wp-json\/wp\/v2\/posts\/3571\/revisions"}],"predecessor-version":[{"id":3582,"href":"https:\/\/www.osjenka.si\/ps-gorice\/wp-json\/wp\/v2\/posts\/3571\/revisions\/3582"}],"wp:featuredmedia":[{"embeddable":true,"href":"https:\/\/www.osjenka.si\/ps-gorice\/wp-json\/wp\/v2\/media\/3577"}],"wp:attachment":[{"href":"https:\/\/www.osjenka.si\/ps-gorice\/wp-json\/wp\/v2\/media?parent=3571"}],"wp:term":[{"taxonomy":"category","embeddable":true,"href":"https:\/\/www.osjenka.si\/ps-gorice\/wp-json\/wp\/v2\/categories?post=3571"},{"taxonomy":"post_tag","embeddable":true,"href":"https:\/\/www.osjenka.si\/ps-gorice\/wp-json\/wp\/v2\/tags?post=3571"}],"curies":[{"name":"wp","href":"https:\/\/api.w.org\/{rel}","templated":true}]}}