{"id":3772,"date":"2024-05-29T22:10:24","date_gmt":"2024-05-29T20:10:24","guid":{"rendered":"https:\/\/www.osjenka.si\/ps-gorice\/?p=3772"},"modified":"2024-05-29T22:12:18","modified_gmt":"2024-05-29T20:12:18","slug":"teden-vsezivljenjskega-ucenja","status":"publish","type":"post","link":"https:\/\/www.osjenka.si\/ps-gorice\/2024\/05\/29\/teden-vsezivljenjskega-ucenja\/","title":{"rendered":"Teden vse\u017eivljenjskega u\u010denja"},"content":{"rendered":"<h4 style=\"background: white;margin: 0cm 0cm 7.5pt;text-align: center\"><span style=\"font-size: 10.5pt;font-family: Arial, sans-serif;color: #0000ff\">V tednu od 27.5. do 31.5.2024 se v okviru projekta Teden vse\u017eivljenjskega u\u010denja med 13.00 in 14.00 uro popoldne odvijajo razli\u010dne dejavnosti, ki bodo popestrile \u010das po pouku. Vsak u\u010denec lahko izbere eno izmed petih dejavnosti. U\u010denci, ki so se oz. se bodo v izbrano dejavnost vklju\u010dili, so v \u0161oli ta dan do 14.00. Dejavnosti vodijo zunanji izvajalci in u\u010ditelji \u0161ole. <\/span><\/h4>\n<h2 style=\"background: white;margin: 0cm 0cm 7.5pt 0cm\"><span style=\"font-size: 10.5pt;font-family: 'Arial',sans-serif;color: #666666\">Dejavnosti: <\/span><\/h2>\n<h2 style=\"background: white;margin: 0cm 0cm 7.5pt 0cm\"><span style=\"font-size: 10.5pt;font-family: 'Arial',sans-serif;color: #666666\">Ponedeljek: <span style=\"color: #0000ff\">Esperanto<\/span> (izvaja Nika Ro\u017eej)<\/span><\/h2>\n<h2 style=\"background: white;margin: 0cm 0cm 7.5pt 0cm\"><span style=\"font-size: 10.5pt;font-family: 'Arial',sans-serif;color: #666666\">Torek: <span style=\"color: #0000ff\">Trebu\u0161ni plesi<\/span> (izvaja Nika Dulmin)<\/span><\/h2>\n<h2 style=\"background: white;margin: 0cm 0cm 7.5pt 0cm\"><span style=\"font-size: 10.5pt;font-family: 'Arial',sans-serif;color: #666666\">Sreda: <span style=\"color: #0000ff\">Akrobatika<\/span> (izvaja Neva Dolar)<\/span><\/h2>\n<h2 style=\"background: white;margin: 0cm 0cm 7.5pt 0cm\"><span style=\"font-size: 10.5pt;font-family: 'Arial',sans-serif;color: #666666\">\u010cetrtek: <span style=\"color: #0000ff\">Skrivnostna delavnica<\/span> (izvaja Tadeja Roblek)<\/span><\/h2>\n<h2 style=\"background: white;margin: 0cm 0cm 7.5pt 0cm\"><span style=\"font-size: 10.5pt;font-family: 'Arial',sans-serif;color: #666666\">Petek: <span style=\"color: #0000ff\">Pravlji\u010dna ustvarjalnica<\/span> (izvaja Tanja Zupanc)<\/span><\/h2>\n","protected":false},"excerpt":{"rendered":"<p>V tednu od 27.5. do 31.5.2024 se v okviru projekta Teden vse\u017eivljenjskega u\u010denja med 13.00 in 14.00 uro popoldne odvijajo razli\u010dne dejavnosti, ki bodo popestrile \u010das po pouku. Vsak u\u010denec lahko izbere eno izmed petih dejavnosti. U\u010denci, ki so se oz. se bodo v izbrano dejavnost vklju\u010dili, so v \u0161oli ta dan do 14.00. Dejavnosti vodijo zunanji izvajalci in u\u010ditelji \u0161ole. Dejavnosti: Ponedeljek: Esperanto (izvaja Nika Ro\u017eej) Torek: Trebu\u0161ni plesi (izvaja Nika Dulmin) Sreda: Akrobatika (izvaja Neva Dolar) \u010cetrtek: Skrivnostna delavnica (izvaja Tadeja Roblek) Petek: Pravlji\u010dna ustvarjalnica (izvaja Tanja Zupanc)<\/p>\n","protected":false},"author":7,"featured_media":3774,"comment_status":"open","ping_status":"open","sticky":false,"template":"","format":"standard","meta":{"footnotes":""},"categories":[1],"tags":[],"class_list":["post-3772","post","type-post","status-publish","format-standard","has-post-thumbnail","hentry","category-nekategorizirano"],"yoast_head":"<!-- This site is optimized with the Yoast SEO plugin v19.11 - https:\/\/yoast.com\/wordpress\/plugins\/seo\/ -->\n<title>Teden vse\u017eivljenjskega u\u010denja - P\u0160 Gori\u010de<\/title>\n<meta name=\"robots\" content=\"index, follow, max-snippet:-1, max-image-preview:large, max-video-preview:-1\" \/>\n<link rel=\"canonical\" href=\"https:\/\/www.osjenka.si\/ps-gorice\/2024\/05\/29\/teden-vsezivljenjskega-ucenja\/\" \/>\n<meta property=\"og:locale\" content=\"sl_SI\" \/>\n<meta property=\"og:type\" content=\"article\" \/>\n<meta property=\"og:title\" content=\"Teden vse\u017eivljenjskega u\u010denja - P\u0160 Gori\u010de\" \/>\n<meta property=\"og:description\" content=\"V tednu od 27.5. do 31.5.2024 se v okviru projekta Teden vse\u017eivljenjskega u\u010denja med 13.00 in 14.00 uro popoldne odvijajo razli\u010dne dejavnosti, ki bodo popestrile \u010das po pouku. Vsak u\u010denec lahko izbere eno izmed petih dejavnosti. U\u010denci, ki so se oz. se bodo v izbrano dejavnost vklju\u010dili, so v \u0161oli ta dan do 14.00. Dejavnosti vodijo zunanji izvajalci in u\u010ditelji \u0161ole. Dejavnosti: Ponedeljek: Esperanto (izvaja Nika Ro\u017eej) Torek: Trebu\u0161ni plesi (izvaja Nika Dulmin) Sreda: Akrobatika (izvaja Neva Dolar) \u010cetrtek: Skrivnostna delavnica (izvaja Tadeja Roblek) Petek: Pravlji\u010dna ustvarjalnica (izvaja Tanja Zupanc)\" \/>\n<meta property=\"og:url\" content=\"https:\/\/www.osjenka.si\/ps-gorice\/2024\/05\/29\/teden-vsezivljenjskega-ucenja\/\" \/>\n<meta property=\"og:site_name\" content=\"P\u0160 Gori\u010de\" \/>\n<meta property=\"article:published_time\" content=\"2024-05-29T20:10:24+00:00\" \/>\n<meta property=\"article:modified_time\" content=\"2024-05-29T20:12:18+00:00\" \/>\n<meta property=\"og:image\" content=\"https:\/\/www.osjenka.si\/ps-gorice\/wp-content\/uploads\/sites\/2\/2024\/05\/tvu.jpg\" \/>\n\t<meta property=\"og:image:width\" content=\"371\" \/>\n\t<meta property=\"og:image:height\" content=\"136\" \/>\n\t<meta property=\"og:image:type\" content=\"image\/jpeg\" \/>\n<meta name=\"author\" content=\"vilma\" \/>\n<meta name=\"twitter:card\" content=\"summary_large_image\" \/>\n<meta name=\"twitter:label1\" content=\"Written by\" \/>\n\t<meta name=\"twitter:data1\" content=\"vilma\" \/>\n\t<meta name=\"twitter:label2\" content=\"Est. reading time\" \/>\n\t<meta name=\"twitter:data2\" content=\"1 minuta\" \/>\n<script type=\"application\/ld+json\" class=\"yoast-schema-graph\">{\"@context\":\"https:\/\/schema.org\",\"@graph\":[{\"@type\":\"WebPage\",\"@id\":\"https:\/\/www.osjenka.si\/ps-gorice\/2024\/05\/29\/teden-vsezivljenjskega-ucenja\/\",\"url\":\"https:\/\/www.osjenka.si\/ps-gorice\/2024\/05\/29\/teden-vsezivljenjskega-ucenja\/\",\"name\":\"Teden vse\u017eivljenjskega u\u010denja - P\u0160 Gori\u010de\",\"isPartOf\":{\"@id\":\"https:\/\/www.osjenka.si\/ps-gorice\/#website\"},\"datePublished\":\"2024-05-29T20:10:24+00:00\",\"dateModified\":\"2024-05-29T20:12:18+00:00\",\"author\":{\"@id\":\"https:\/\/www.osjenka.si\/ps-gorice\/#\/schema\/person\/94f44dbd9351bedc48d18ae7ab8a6706\"},\"breadcrumb\":{\"@id\":\"https:\/\/www.osjenka.si\/ps-gorice\/2024\/05\/29\/teden-vsezivljenjskega-ucenja\/#breadcrumb\"},\"inLanguage\":\"sl-SI\",\"potentialAction\":[{\"@type\":\"ReadAction\",\"target\":[\"https:\/\/www.osjenka.si\/ps-gorice\/2024\/05\/29\/teden-vsezivljenjskega-ucenja\/\"]}]},{\"@type\":\"BreadcrumbList\",\"@id\":\"https:\/\/www.osjenka.si\/ps-gorice\/2024\/05\/29\/teden-vsezivljenjskega-ucenja\/#breadcrumb\",\"itemListElement\":[{\"@type\":\"ListItem\",\"position\":1,\"name\":\"Home\",\"item\":\"https:\/\/www.osjenka.si\/ps-gorice\/\"},{\"@type\":\"ListItem\",\"position\":2,\"name\":\"Teden vse\u017eivljenjskega u\u010denja\"}]},{\"@type\":\"WebSite\",\"@id\":\"https:\/\/www.osjenka.si\/ps-gorice\/#website\",\"url\":\"https:\/\/www.osjenka.si\/ps-gorice\/\",\"name\":\"P\u0160 Gori\u010de\",\"description\":\"\",\"potentialAction\":[{\"@type\":\"SearchAction\",\"target\":{\"@type\":\"EntryPoint\",\"urlTemplate\":\"https:\/\/www.osjenka.si\/ps-gorice\/?s={search_term_string}\"},\"query-input\":\"required name=search_term_string\"}],\"inLanguage\":\"sl-SI\"},{\"@type\":\"Person\",\"@id\":\"https:\/\/www.osjenka.si\/ps-gorice\/#\/schema\/person\/94f44dbd9351bedc48d18ae7ab8a6706\",\"name\":\"vilma\",\"image\":{\"@type\":\"ImageObject\",\"inLanguage\":\"sl-SI\",\"@id\":\"https:\/\/www.osjenka.si\/ps-gorice\/#\/schema\/person\/image\/\",\"url\":\"https:\/\/secure.gravatar.com\/avatar\/41aa9d6664f90f3f3e03d130efd6192ff719c2d6a65ccdf098d3c2abf35d7aa6?s=96&d=mm&r=g\",\"contentUrl\":\"https:\/\/secure.gravatar.com\/avatar\/41aa9d6664f90f3f3e03d130efd6192ff719c2d6a65ccdf098d3c2abf35d7aa6?s=96&d=mm&r=g\",\"caption\":\"vilma\"},\"url\":\"https:\/\/www.osjenka.si\/ps-gorice\/author\/vilma\/\"}]}<\/script>\n<!-- \/ Yoast SEO plugin. -->","yoast_head_json":{"title":"Teden vse\u017eivljenjskega u\u010denja - P\u0160 Gori\u010de","robots":{"index":"index","follow":"follow","max-snippet":"max-snippet:-1","max-image-preview":"max-image-preview:large","max-video-preview":"max-video-preview:-1"},"canonical":"https:\/\/www.osjenka.si\/ps-gorice\/2024\/05\/29\/teden-vsezivljenjskega-ucenja\/","og_locale":"sl_SI","og_type":"article","og_title":"Teden vse\u017eivljenjskega u\u010denja - P\u0160 Gori\u010de","og_description":"V tednu od 27.5. do 31.5.2024 se v okviru projekta Teden vse\u017eivljenjskega u\u010denja med 13.00 in 14.00 uro popoldne odvijajo razli\u010dne dejavnosti, ki bodo popestrile \u010das po pouku. Vsak u\u010denec lahko izbere eno izmed petih dejavnosti. U\u010denci, ki so se oz. se bodo v izbrano dejavnost vklju\u010dili, so v \u0161oli ta dan do 14.00. Dejavnosti vodijo zunanji izvajalci in u\u010ditelji \u0161ole. Dejavnosti: Ponedeljek: Esperanto (izvaja Nika Ro\u017eej) Torek: Trebu\u0161ni plesi (izvaja Nika Dulmin) Sreda: Akrobatika (izvaja Neva Dolar) \u010cetrtek: Skrivnostna delavnica (izvaja Tadeja Roblek) Petek: Pravlji\u010dna ustvarjalnica (izvaja Tanja Zupanc)","og_url":"https:\/\/www.osjenka.si\/ps-gorice\/2024\/05\/29\/teden-vsezivljenjskega-ucenja\/","og_site_name":"P\u0160 Gori\u010de","article_published_time":"2024-05-29T20:10:24+00:00","article_modified_time":"2024-05-29T20:12:18+00:00","og_image":[{"width":371,"height":136,"url":"https:\/\/www.osjenka.si\/ps-gorice\/wp-content\/uploads\/sites\/2\/2024\/05\/tvu.jpg","type":"image\/jpeg"}],"author":"vilma","twitter_card":"summary_large_image","twitter_misc":{"Written by":"vilma","Est. reading time":"1 minuta"},"schema":{"@context":"https:\/\/schema.org","@graph":[{"@type":"WebPage","@id":"https:\/\/www.osjenka.si\/ps-gorice\/2024\/05\/29\/teden-vsezivljenjskega-ucenja\/","url":"https:\/\/www.osjenka.si\/ps-gorice\/2024\/05\/29\/teden-vsezivljenjskega-ucenja\/","name":"Teden vse\u017eivljenjskega u\u010denja - P\u0160 Gori\u010de","isPartOf":{"@id":"https:\/\/www.osjenka.si\/ps-gorice\/#website"},"datePublished":"2024-05-29T20:10:24+00:00","dateModified":"2024-05-29T20:12:18+00:00","author":{"@id":"https:\/\/www.osjenka.si\/ps-gorice\/#\/schema\/person\/94f44dbd9351bedc48d18ae7ab8a6706"},"breadcrumb":{"@id":"https:\/\/www.osjenka.si\/ps-gorice\/2024\/05\/29\/teden-vsezivljenjskega-ucenja\/#breadcrumb"},"inLanguage":"sl-SI","potentialAction":[{"@type":"ReadAction","target":["https:\/\/www.osjenka.si\/ps-gorice\/2024\/05\/29\/teden-vsezivljenjskega-ucenja\/"]}]},{"@type":"BreadcrumbList","@id":"https:\/\/www.osjenka.si\/ps-gorice\/2024\/05\/29\/teden-vsezivljenjskega-ucenja\/#breadcrumb","itemListElement":[{"@type":"ListItem","position":1,"name":"Home","item":"https:\/\/www.osjenka.si\/ps-gorice\/"},{"@type":"ListItem","position":2,"name":"Teden vse\u017eivljenjskega u\u010denja"}]},{"@type":"WebSite","@id":"https:\/\/www.osjenka.si\/ps-gorice\/#website","url":"https:\/\/www.osjenka.si\/ps-gorice\/","name":"P\u0160 Gori\u010de","description":"","potentialAction":[{"@type":"SearchAction","target":{"@type":"EntryPoint","urlTemplate":"https:\/\/www.osjenka.si\/ps-gorice\/?s={search_term_string}"},"query-input":"required name=search_term_string"}],"inLanguage":"sl-SI"},{"@type":"Person","@id":"https:\/\/www.osjenka.si\/ps-gorice\/#\/schema\/person\/94f44dbd9351bedc48d18ae7ab8a6706","name":"vilma","image":{"@type":"ImageObject","inLanguage":"sl-SI","@id":"https:\/\/www.osjenka.si\/ps-gorice\/#\/schema\/person\/image\/","url":"https:\/\/secure.gravatar.com\/avatar\/41aa9d6664f90f3f3e03d130efd6192ff719c2d6a65ccdf098d3c2abf35d7aa6?s=96&d=mm&r=g","contentUrl":"https:\/\/secure.gravatar.com\/avatar\/41aa9d6664f90f3f3e03d130efd6192ff719c2d6a65ccdf098d3c2abf35d7aa6?s=96&d=mm&r=g","caption":"vilma"},"url":"https:\/\/www.osjenka.si\/ps-gorice\/author\/vilma\/"}]}},"_links":{"self":[{"href":"https:\/\/www.osjenka.si\/ps-gorice\/wp-json\/wp\/v2\/posts\/3772","targetHints":{"allow":["GET"]}}],"collection":[{"href":"https:\/\/www.osjenka.si\/ps-gorice\/wp-json\/wp\/v2\/posts"}],"about":[{"href":"https:\/\/www.osjenka.si\/ps-gorice\/wp-json\/wp\/v2\/types\/post"}],"author":[{"embeddable":true,"href":"https:\/\/www.osjenka.si\/ps-gorice\/wp-json\/wp\/v2\/users\/7"}],"replies":[{"embeddable":true,"href":"https:\/\/www.osjenka.si\/ps-gorice\/wp-json\/wp\/v2\/comments?post=3772"}],"version-history":[{"count":1,"href":"https:\/\/www.osjenka.si\/ps-gorice\/wp-json\/wp\/v2\/posts\/3772\/revisions"}],"predecessor-version":[{"id":3773,"href":"https:\/\/www.osjenka.si\/ps-gorice\/wp-json\/wp\/v2\/posts\/3772\/revisions\/3773"}],"wp:featuredmedia":[{"embeddable":true,"href":"https:\/\/www.osjenka.si\/ps-gorice\/wp-json\/wp\/v2\/media\/3774"}],"wp:attachment":[{"href":"https:\/\/www.osjenka.si\/ps-gorice\/wp-json\/wp\/v2\/media?parent=3772"}],"wp:term":[{"taxonomy":"category","embeddable":true,"href":"https:\/\/www.osjenka.si\/ps-gorice\/wp-json\/wp\/v2\/categories?post=3772"},{"taxonomy":"post_tag","embeddable":true,"href":"https:\/\/www.osjenka.si\/ps-gorice\/wp-json\/wp\/v2\/tags?post=3772"}],"curies":[{"name":"wp","href":"https:\/\/api.w.org\/{rel}","templated":true}]}}