{"id":3889,"date":"2024-08-27T21:05:31","date_gmt":"2024-08-27T19:05:31","guid":{"rendered":"https:\/\/www.osjenka.si\/ps-gorice\/?p=3889"},"modified":"2024-08-27T21:05:31","modified_gmt":"2024-08-27T19:05:31","slug":"1-solski-dan-obvestilo","status":"publish","type":"post","link":"https:\/\/www.osjenka.si\/ps-gorice\/2024\/08\/27\/1-solski-dan-obvestilo\/","title":{"rendered":"1. \u0161olski dan &#8211; OBVESTILO"},"content":{"rendered":"<h3 style=\"text-align: center\"><span style=\"color: #339966\"><strong>DRAGI PRVO\u0160OLEC\/PRVO\u0160OLKA, SPO\u0160TOVANI STAR\u0160I<\/strong>!<\/span><\/h3>\n<h4 style=\"text-align: center\"><span style=\"color: #339966\">Vabimo vas v ponedeljek,<\/span><\/h4>\n<h4 style=\"text-align: center\"><span style=\"color: #339966\"><strong>\u00a02. <\/strong><strong>SEPTEMBRA 2024, ob 10. uri,<\/strong><\/span><\/h4>\n<h4 style=\"text-align: center\"><span style=\"color: #339966\"><strong>na Podru\u017eni\u010dno \u0161olo Gori\u010de.<\/strong><\/span><\/h4>\n<h3 style=\"text-align: center\"><span style=\"color: #339966\">VESELIMO SE VA\u0160EGA PRIHODA.<\/span><\/h3>\n<p>&nbsp;<\/p>\n<p><img decoding=\"async\" class=\"lazyload alignnone  wp-image-3890 aligncenter\" src=\"https:\/\/www.osjenka.si\/ps-gorice\/wp-content\/uploads\/sites\/2\/2024\/08\/ucenci-300x105.png\" data-orig-src=\"https:\/\/www.osjenka.si\/ps-gorice\/wp-content\/uploads\/sites\/2\/2024\/08\/ucenci-300x105.png\" alt=\"\" width=\"397\" height=\"139\" srcset=\"data:image\/svg+xml,%3Csvg%20xmlns%3D%27http%3A%2F%2Fwww.w3.org%2F2000%2Fsvg%27%20width%3D%27397%27%20height%3D%27139%27%20viewBox%3D%270%200%20397%20139%27%3E%3Crect%20width%3D%27397%27%20height%3D%27139%27%20fill-opacity%3D%220%22%2F%3E%3C%2Fsvg%3E\" data-srcset=\"https:\/\/www.osjenka.si\/ps-gorice\/wp-content\/uploads\/sites\/2\/2024\/08\/ucenci-200x70.png 200w, https:\/\/www.osjenka.si\/ps-gorice\/wp-content\/uploads\/sites\/2\/2024\/08\/ucenci-300x105.png 300w, https:\/\/www.osjenka.si\/ps-gorice\/wp-content\/uploads\/sites\/2\/2024\/08\/ucenci-400x140.png 400w, https:\/\/www.osjenka.si\/ps-gorice\/wp-content\/uploads\/sites\/2\/2024\/08\/ucenci-600x211.png 600w, https:\/\/www.osjenka.si\/ps-gorice\/wp-content\/uploads\/sites\/2\/2024\/08\/ucenci-768x270.png 768w, https:\/\/www.osjenka.si\/ps-gorice\/wp-content\/uploads\/sites\/2\/2024\/08\/ucenci-800x281.png 800w, https:\/\/www.osjenka.si\/ps-gorice\/wp-content\/uploads\/sites\/2\/2024\/08\/ucenci.png 954w\" data-sizes=\"auto\" data-orig-sizes=\"(max-width: 397px) 100vw, 397px\" \/><\/p>\n<p style=\"text-align: center\">**************************<\/p>\n<h3 style=\"text-align: center\"><\/h3>\n<h3 style=\"text-align: center\"><span style=\"color: #0000ff\">Za vse u\u010dence in u\u010denke <em>2., 3. in 5. razreda<\/em> se bo pouk pri\u010del<\/span><\/h3>\n<h4 style=\"text-align: center\"><span style=\"color: #0000ff\">v\u00a0\u00a0<strong><u>PONEDELJEK, 2. SEPTEMBRA 2024,\u00a0<\/u><\/strong><strong><u>ob 8.20 uri.<\/u><\/strong><\/span><\/h4>\n<p>&nbsp;<\/p>\n<p style=\"text-align: center\"><strong><span style=\"color: #0000ff\">Pouk bo prvi \u0161olski dan potekal po naslednjem urniku:<\/span><\/strong><\/p>\n<table class=\" aligncenter\" style=\"height: 159px\" width=\"414\">\n<tbody>\n<tr>\n<td width=\"141\"><strong>Ura<\/strong><\/td>\n<td width=\"85\"><strong>2.r<\/strong><\/td>\n<td width=\"85\"><strong>3.r<\/strong><\/td>\n<td width=\"76\"><strong>5.r<\/strong><\/td>\n<\/tr>\n<tr>\n<td width=\"141\">8.20 \u2013 9.05<\/td>\n<td width=\"85\">ODS<\/td>\n<td width=\"85\">ODS<\/td>\n<td width=\"76\">ODS<\/td>\n<\/tr>\n<tr>\n<td width=\"141\">9.40 \u2013 10.25<\/td>\n<td width=\"85\">ODS<\/td>\n<td width=\"85\">ODS<\/td>\n<td width=\"76\">ODS<\/td>\n<\/tr>\n<tr>\n<td width=\"141\">10.30 \u2013 11.15<\/td>\n<td width=\"85\">\u0160PO<\/td>\n<td width=\"85\">SLJ<\/td>\n<td width=\"76\">MAT<\/td>\n<\/tr>\n<tr>\n<td width=\"141\">11.20 \u2013 12.05<\/td>\n<td width=\"85\">MAT<\/td>\n<td width=\"85\">LUM<\/td>\n<td width=\"76\">DRU<\/td>\n<\/tr>\n<\/tbody>\n<\/table>\n<p>&nbsp;<\/p>\n<p style=\"text-align: center\"><strong><span style=\"color: #0000ff\">S seboj prinesite \u0161olsko torbo, copate, peresnico in mapo.<\/span><\/strong><\/p>\n<p style=\"text-align: center\"><strong><span style=\"color: #0000ff\">U\u010dbenike boste prevzeli prvi \u0161olski dan.<\/span><\/strong><\/p>\n<p style=\"text-align: center\"><strong><span style=\"color: #0000ff\">Malica bo za vse u\u010dence, mo\u017eno je tudi kosilo in OPB do 14.00 ure. Jutranjega varstva prvi \u0161olski dan ni.<\/span><\/strong><\/p>\n<p style=\"text-align: center\">\n<h3 style=\"text-align: center\"><span style=\"color: #0000ff\"><strong>Delavci \u0161ole vam \u017eelimo lep za\u010detek in uspe\u0161no \u0161olsko leto.<\/strong><\/span><\/h3>\n<h3 style=\"text-align: center\"><span style=\"color: #0000ff\"><strong>\u00a0<\/strong><\/span><\/h3>\n<p style=\"text-align: center\"><strong>\u00a0<\/strong><\/p>\n","protected":false},"excerpt":{"rendered":"<p>DRAGI PRVO\u0160OLEC\/PRVO\u0160OLKA, SPO\u0160TOVANI STAR\u0160I! Vabimo vas v ponedeljek, \u00a02. SEPTEMBRA 2024, ob 10. uri, na Podru\u017eni\u010dno \u0161olo Gori\u010de. VESELIMO SE VA\u0160EGA PRIHODA. &nbsp; ************************** Za vse u\u010dence in u\u010denke 2., 3. in 5. razreda se bo pouk pri\u010del v\u00a0\u00a0PONEDELJEK, 2. SEPTEMBRA 2024,\u00a0ob 8.20 uri. &nbsp; Pouk bo prvi \u0161olski dan potekal po naslednjem urniku: Ura 2.r 3.r 5.r 8.20 \u2013 9.05 ODS ODS ODS 9.40 \u2013 10.25 ODS ODS ODS 10.30 \u2013 11.15 \u0160PO SLJ MAT 11.20 \u2013 12.05 MAT LUM DRU &nbsp; S seboj prinesite \u0161olsko torbo, copate, peresnico in mapo. U\u010dbenike boste prevzeli prvi \u0161olski dan. Malica bo za [&hellip;]<\/p>\n","protected":false},"author":7,"featured_media":3892,"comment_status":"open","ping_status":"open","sticky":false,"template":"","format":"standard","meta":{"footnotes":""},"categories":[1],"tags":[],"class_list":["post-3889","post","type-post","status-publish","format-standard","has-post-thumbnail","hentry","category-nekategorizirano"],"yoast_head":"<!-- This site is optimized with the Yoast SEO plugin v19.11 - https:\/\/yoast.com\/wordpress\/plugins\/seo\/ -->\n<title>1. \u0161olski dan - OBVESTILO - P\u0160 Gori\u010de<\/title>\n<meta name=\"robots\" content=\"index, follow, max-snippet:-1, max-image-preview:large, max-video-preview:-1\" \/>\n<link rel=\"canonical\" href=\"https:\/\/www.osjenka.si\/ps-gorice\/2024\/08\/27\/1-solski-dan-obvestilo\/\" \/>\n<meta property=\"og:locale\" content=\"sl_SI\" \/>\n<meta property=\"og:type\" content=\"article\" \/>\n<meta property=\"og:title\" content=\"1. \u0161olski dan - OBVESTILO - P\u0160 Gori\u010de\" \/>\n<meta property=\"og:description\" content=\"DRAGI PRVO\u0160OLEC\/PRVO\u0160OLKA, SPO\u0160TOVANI STAR\u0160I! Vabimo vas v ponedeljek, \u00a02. SEPTEMBRA 2024, ob 10. uri, na Podru\u017eni\u010dno \u0161olo Gori\u010de. VESELIMO SE VA\u0160EGA PRIHODA. &nbsp; ************************** Za vse u\u010dence in u\u010denke 2., 3. in 5. razreda se bo pouk pri\u010del v\u00a0\u00a0PONEDELJEK, 2. SEPTEMBRA 2024,\u00a0ob 8.20 uri. &nbsp; Pouk bo prvi \u0161olski dan potekal po naslednjem urniku: Ura 2.r 3.r 5.r 8.20 \u2013 9.05 ODS ODS ODS 9.40 \u2013 10.25 ODS ODS ODS 10.30 \u2013 11.15 \u0160PO SLJ MAT 11.20 \u2013 12.05 MAT LUM DRU &nbsp; S seboj prinesite \u0161olsko torbo, copate, peresnico in mapo. U\u010dbenike boste prevzeli prvi \u0161olski dan. Malica bo za [&hellip;]\" \/>\n<meta property=\"og:url\" content=\"https:\/\/www.osjenka.si\/ps-gorice\/2024\/08\/27\/1-solski-dan-obvestilo\/\" \/>\n<meta property=\"og:site_name\" content=\"P\u0160 Gori\u010de\" \/>\n<meta property=\"article:published_time\" content=\"2024-08-27T19:05:31+00:00\" \/>\n<meta property=\"og:image\" content=\"https:\/\/www.osjenka.si\/ps-gorice\/wp-content\/uploads\/sites\/2\/2024\/08\/Posnetek-zaslona-2024-08-27-203329.png\" \/>\n\t<meta property=\"og:image:width\" content=\"582\" \/>\n\t<meta property=\"og:image:height\" content=\"343\" \/>\n\t<meta property=\"og:image:type\" content=\"image\/png\" \/>\n<meta name=\"author\" content=\"vilma\" \/>\n<meta name=\"twitter:card\" content=\"summary_large_image\" \/>\n<meta name=\"twitter:label1\" content=\"Written by\" \/>\n\t<meta name=\"twitter:data1\" content=\"vilma\" \/>\n\t<meta name=\"twitter:label2\" content=\"Est. reading time\" \/>\n\t<meta name=\"twitter:data2\" content=\"1 minuta\" \/>\n<script type=\"application\/ld+json\" class=\"yoast-schema-graph\">{\"@context\":\"https:\/\/schema.org\",\"@graph\":[{\"@type\":\"WebPage\",\"@id\":\"https:\/\/www.osjenka.si\/ps-gorice\/2024\/08\/27\/1-solski-dan-obvestilo\/\",\"url\":\"https:\/\/www.osjenka.si\/ps-gorice\/2024\/08\/27\/1-solski-dan-obvestilo\/\",\"name\":\"1. \u0161olski dan - OBVESTILO - P\u0160 Gori\u010de\",\"isPartOf\":{\"@id\":\"https:\/\/www.osjenka.si\/ps-gorice\/#website\"},\"datePublished\":\"2024-08-27T19:05:31+00:00\",\"dateModified\":\"2024-08-27T19:05:31+00:00\",\"author\":{\"@id\":\"https:\/\/www.osjenka.si\/ps-gorice\/#\/schema\/person\/94f44dbd9351bedc48d18ae7ab8a6706\"},\"breadcrumb\":{\"@id\":\"https:\/\/www.osjenka.si\/ps-gorice\/2024\/08\/27\/1-solski-dan-obvestilo\/#breadcrumb\"},\"inLanguage\":\"sl-SI\",\"potentialAction\":[{\"@type\":\"ReadAction\",\"target\":[\"https:\/\/www.osjenka.si\/ps-gorice\/2024\/08\/27\/1-solski-dan-obvestilo\/\"]}]},{\"@type\":\"BreadcrumbList\",\"@id\":\"https:\/\/www.osjenka.si\/ps-gorice\/2024\/08\/27\/1-solski-dan-obvestilo\/#breadcrumb\",\"itemListElement\":[{\"@type\":\"ListItem\",\"position\":1,\"name\":\"Home\",\"item\":\"https:\/\/www.osjenka.si\/ps-gorice\/\"},{\"@type\":\"ListItem\",\"position\":2,\"name\":\"1. \u0161olski dan &#8211; OBVESTILO\"}]},{\"@type\":\"WebSite\",\"@id\":\"https:\/\/www.osjenka.si\/ps-gorice\/#website\",\"url\":\"https:\/\/www.osjenka.si\/ps-gorice\/\",\"name\":\"P\u0160 Gori\u010de\",\"description\":\"\",\"potentialAction\":[{\"@type\":\"SearchAction\",\"target\":{\"@type\":\"EntryPoint\",\"urlTemplate\":\"https:\/\/www.osjenka.si\/ps-gorice\/?s={search_term_string}\"},\"query-input\":\"required name=search_term_string\"}],\"inLanguage\":\"sl-SI\"},{\"@type\":\"Person\",\"@id\":\"https:\/\/www.osjenka.si\/ps-gorice\/#\/schema\/person\/94f44dbd9351bedc48d18ae7ab8a6706\",\"name\":\"vilma\",\"image\":{\"@type\":\"ImageObject\",\"inLanguage\":\"sl-SI\",\"@id\":\"https:\/\/www.osjenka.si\/ps-gorice\/#\/schema\/person\/image\/\",\"url\":\"https:\/\/secure.gravatar.com\/avatar\/41aa9d6664f90f3f3e03d130efd6192ff719c2d6a65ccdf098d3c2abf35d7aa6?s=96&d=mm&r=g\",\"contentUrl\":\"https:\/\/secure.gravatar.com\/avatar\/41aa9d6664f90f3f3e03d130efd6192ff719c2d6a65ccdf098d3c2abf35d7aa6?s=96&d=mm&r=g\",\"caption\":\"vilma\"},\"url\":\"https:\/\/www.osjenka.si\/ps-gorice\/author\/vilma\/\"}]}<\/script>\n<!-- \/ Yoast SEO plugin. -->","yoast_head_json":{"title":"1. \u0161olski dan - OBVESTILO - P\u0160 Gori\u010de","robots":{"index":"index","follow":"follow","max-snippet":"max-snippet:-1","max-image-preview":"max-image-preview:large","max-video-preview":"max-video-preview:-1"},"canonical":"https:\/\/www.osjenka.si\/ps-gorice\/2024\/08\/27\/1-solski-dan-obvestilo\/","og_locale":"sl_SI","og_type":"article","og_title":"1. \u0161olski dan - OBVESTILO - P\u0160 Gori\u010de","og_description":"DRAGI PRVO\u0160OLEC\/PRVO\u0160OLKA, SPO\u0160TOVANI STAR\u0160I! Vabimo vas v ponedeljek, \u00a02. SEPTEMBRA 2024, ob 10. uri, na Podru\u017eni\u010dno \u0161olo Gori\u010de. VESELIMO SE VA\u0160EGA PRIHODA. &nbsp; ************************** Za vse u\u010dence in u\u010denke 2., 3. in 5. razreda se bo pouk pri\u010del v\u00a0\u00a0PONEDELJEK, 2. SEPTEMBRA 2024,\u00a0ob 8.20 uri. &nbsp; Pouk bo prvi \u0161olski dan potekal po naslednjem urniku: Ura 2.r 3.r 5.r 8.20 \u2013 9.05 ODS ODS ODS 9.40 \u2013 10.25 ODS ODS ODS 10.30 \u2013 11.15 \u0160PO SLJ MAT 11.20 \u2013 12.05 MAT LUM DRU &nbsp; S seboj prinesite \u0161olsko torbo, copate, peresnico in mapo. U\u010dbenike boste prevzeli prvi \u0161olski dan. Malica bo za [&hellip;]","og_url":"https:\/\/www.osjenka.si\/ps-gorice\/2024\/08\/27\/1-solski-dan-obvestilo\/","og_site_name":"P\u0160 Gori\u010de","article_published_time":"2024-08-27T19:05:31+00:00","og_image":[{"width":582,"height":343,"url":"https:\/\/www.osjenka.si\/ps-gorice\/wp-content\/uploads\/sites\/2\/2024\/08\/Posnetek-zaslona-2024-08-27-203329.png","type":"image\/png"}],"author":"vilma","twitter_card":"summary_large_image","twitter_misc":{"Written by":"vilma","Est. reading time":"1 minuta"},"schema":{"@context":"https:\/\/schema.org","@graph":[{"@type":"WebPage","@id":"https:\/\/www.osjenka.si\/ps-gorice\/2024\/08\/27\/1-solski-dan-obvestilo\/","url":"https:\/\/www.osjenka.si\/ps-gorice\/2024\/08\/27\/1-solski-dan-obvestilo\/","name":"1. \u0161olski dan - OBVESTILO - P\u0160 Gori\u010de","isPartOf":{"@id":"https:\/\/www.osjenka.si\/ps-gorice\/#website"},"datePublished":"2024-08-27T19:05:31+00:00","dateModified":"2024-08-27T19:05:31+00:00","author":{"@id":"https:\/\/www.osjenka.si\/ps-gorice\/#\/schema\/person\/94f44dbd9351bedc48d18ae7ab8a6706"},"breadcrumb":{"@id":"https:\/\/www.osjenka.si\/ps-gorice\/2024\/08\/27\/1-solski-dan-obvestilo\/#breadcrumb"},"inLanguage":"sl-SI","potentialAction":[{"@type":"ReadAction","target":["https:\/\/www.osjenka.si\/ps-gorice\/2024\/08\/27\/1-solski-dan-obvestilo\/"]}]},{"@type":"BreadcrumbList","@id":"https:\/\/www.osjenka.si\/ps-gorice\/2024\/08\/27\/1-solski-dan-obvestilo\/#breadcrumb","itemListElement":[{"@type":"ListItem","position":1,"name":"Home","item":"https:\/\/www.osjenka.si\/ps-gorice\/"},{"@type":"ListItem","position":2,"name":"1. \u0161olski dan &#8211; OBVESTILO"}]},{"@type":"WebSite","@id":"https:\/\/www.osjenka.si\/ps-gorice\/#website","url":"https:\/\/www.osjenka.si\/ps-gorice\/","name":"P\u0160 Gori\u010de","description":"","potentialAction":[{"@type":"SearchAction","target":{"@type":"EntryPoint","urlTemplate":"https:\/\/www.osjenka.si\/ps-gorice\/?s={search_term_string}"},"query-input":"required name=search_term_string"}],"inLanguage":"sl-SI"},{"@type":"Person","@id":"https:\/\/www.osjenka.si\/ps-gorice\/#\/schema\/person\/94f44dbd9351bedc48d18ae7ab8a6706","name":"vilma","image":{"@type":"ImageObject","inLanguage":"sl-SI","@id":"https:\/\/www.osjenka.si\/ps-gorice\/#\/schema\/person\/image\/","url":"https:\/\/secure.gravatar.com\/avatar\/41aa9d6664f90f3f3e03d130efd6192ff719c2d6a65ccdf098d3c2abf35d7aa6?s=96&d=mm&r=g","contentUrl":"https:\/\/secure.gravatar.com\/avatar\/41aa9d6664f90f3f3e03d130efd6192ff719c2d6a65ccdf098d3c2abf35d7aa6?s=96&d=mm&r=g","caption":"vilma"},"url":"https:\/\/www.osjenka.si\/ps-gorice\/author\/vilma\/"}]}},"_links":{"self":[{"href":"https:\/\/www.osjenka.si\/ps-gorice\/wp-json\/wp\/v2\/posts\/3889","targetHints":{"allow":["GET"]}}],"collection":[{"href":"https:\/\/www.osjenka.si\/ps-gorice\/wp-json\/wp\/v2\/posts"}],"about":[{"href":"https:\/\/www.osjenka.si\/ps-gorice\/wp-json\/wp\/v2\/types\/post"}],"author":[{"embeddable":true,"href":"https:\/\/www.osjenka.si\/ps-gorice\/wp-json\/wp\/v2\/users\/7"}],"replies":[{"embeddable":true,"href":"https:\/\/www.osjenka.si\/ps-gorice\/wp-json\/wp\/v2\/comments?post=3889"}],"version-history":[{"count":3,"href":"https:\/\/www.osjenka.si\/ps-gorice\/wp-json\/wp\/v2\/posts\/3889\/revisions"}],"predecessor-version":[{"id":3895,"href":"https:\/\/www.osjenka.si\/ps-gorice\/wp-json\/wp\/v2\/posts\/3889\/revisions\/3895"}],"wp:featuredmedia":[{"embeddable":true,"href":"https:\/\/www.osjenka.si\/ps-gorice\/wp-json\/wp\/v2\/media\/3892"}],"wp:attachment":[{"href":"https:\/\/www.osjenka.si\/ps-gorice\/wp-json\/wp\/v2\/media?parent=3889"}],"wp:term":[{"taxonomy":"category","embeddable":true,"href":"https:\/\/www.osjenka.si\/ps-gorice\/wp-json\/wp\/v2\/categories?post=3889"},{"taxonomy":"post_tag","embeddable":true,"href":"https:\/\/www.osjenka.si\/ps-gorice\/wp-json\/wp\/v2\/tags?post=3889"}],"curies":[{"name":"wp","href":"https:\/\/api.w.org\/{rel}","templated":true}]}}