{"id":3917,"date":"2024-09-24T21:36:17","date_gmt":"2024-09-24T19:36:17","guid":{"rendered":"https:\/\/www.osjenka.si\/ps-gorice\/?p=3917"},"modified":"2024-09-26T19:47:25","modified_gmt":"2024-09-26T17:47:25","slug":"letna-sola-v-naravi-savudrija-4-g","status":"publish","type":"post","link":"https:\/\/www.osjenka.si\/ps-gorice\/2024\/09\/24\/letna-sola-v-naravi-savudrija-4-g\/","title":{"rendered":"Letna \u0161ola v naravi &#8211; Savudrija 4.g"},"content":{"rendered":"<p>&nbsp;<\/p>\n<h3><span style=\"color: #0000ff\">\u010cetrti razredi smo \u0161olsko leto pri\u010deli na Hrva\u0161kem. V Savudriji smo se u\u010dili plavati. Imeli pa smo tudi pouk. Najbolje je bilo plavati v bazenu, v morju seveda tudi. Najbolje je bilo, ko smo lahko skakali s pomola. Tretji dan smo se peljali z vlakcem v Umag. Ko smo izvedeli, da v Umagu \u017eivi Baby Lasagna, smo od veselja za\u010deli vpiti. Sobe so bile lepe, postelje zelo udobne. Kosila so bila zelo okusna.<\/span><\/h3>\n<h3><span style=\"color: #0000ff\">Pre\u017eiveli smo odli\u010den teden v \u0161oli v naravi.<\/span><\/h3>\n<h5>\u00a0<span style=\"color: #0000ff\">Zapisali: Manca Pipan, <\/span><span style=\"color: #0000ff\">Lana Urbanc, 4.g<\/span><\/h5>\n<p style=\"text-align: center\"><img decoding=\"async\" class=\"lazyload alignnone wp-image-3921 \" src=\"https:\/\/www.osjenka.si\/ps-gorice\/wp-content\/uploads\/sites\/2\/2024\/09\/savudrija1-e1727206367824-300x225.jpg\" data-orig-src=\"https:\/\/www.osjenka.si\/ps-gorice\/wp-content\/uploads\/sites\/2\/2024\/09\/savudrija1-e1727206367824-300x225.jpg\" alt=\"\" width=\"570\" height=\"428\" srcset=\"data:image\/svg+xml,%3Csvg%20xmlns%3D%27http%3A%2F%2Fwww.w3.org%2F2000%2Fsvg%27%20width%3D%27570%27%20height%3D%27428%27%20viewBox%3D%270%200%20570%20428%27%3E%3Crect%20width%3D%27570%27%20height%3D%27428%27%20fill-opacity%3D%220%22%2F%3E%3C%2Fsvg%3E\" data-srcset=\"https:\/\/www.osjenka.si\/ps-gorice\/wp-content\/uploads\/sites\/2\/2024\/09\/savudrija1-e1727206367824-200x150.jpg 200w, https:\/\/www.osjenka.si\/ps-gorice\/wp-content\/uploads\/sites\/2\/2024\/09\/savudrija1-e1727206367824-300x225.jpg 300w, https:\/\/www.osjenka.si\/ps-gorice\/wp-content\/uploads\/sites\/2\/2024\/09\/savudrija1-e1727206367824-400x300.jpg 400w, https:\/\/www.osjenka.si\/ps-gorice\/wp-content\/uploads\/sites\/2\/2024\/09\/savudrija1-e1727206367824-600x450.jpg 600w, https:\/\/www.osjenka.si\/ps-gorice\/wp-content\/uploads\/sites\/2\/2024\/09\/savudrija1-e1727206367824-768x576.jpg 768w, https:\/\/www.osjenka.si\/ps-gorice\/wp-content\/uploads\/sites\/2\/2024\/09\/savudrija1-e1727206367824-800x600.jpg 800w, https:\/\/www.osjenka.si\/ps-gorice\/wp-content\/uploads\/sites\/2\/2024\/09\/savudrija1-e1727206367824-1024x768.jpg 1024w, https:\/\/www.osjenka.si\/ps-gorice\/wp-content\/uploads\/sites\/2\/2024\/09\/savudrija1-e1727206367824-1200x900.jpg 1200w, https:\/\/www.osjenka.si\/ps-gorice\/wp-content\/uploads\/sites\/2\/2024\/09\/savudrija1-e1727206367824.jpg 1341w\" data-sizes=\"auto\" data-orig-sizes=\"(max-width: 570px) 100vw, 570px\" \/><\/p>\n<p style=\"text-align: center\"><img decoding=\"async\" class=\"lazyload alignnone wp-image-3919 size-medium\" src=\"https:\/\/www.osjenka.si\/ps-gorice\/wp-content\/uploads\/sites\/2\/2024\/09\/savudrija3-e1727206337518-300x225.jpg\" data-orig-src=\"https:\/\/www.osjenka.si\/ps-gorice\/wp-content\/uploads\/sites\/2\/2024\/09\/savudrija3-e1727206337518-300x225.jpg\" alt=\"\" width=\"300\" height=\"225\" srcset=\"data:image\/svg+xml,%3Csvg%20xmlns%3D%27http%3A%2F%2Fwww.w3.org%2F2000%2Fsvg%27%20width%3D%27300%27%20height%3D%27225%27%20viewBox%3D%270%200%20300%20225%27%3E%3Crect%20width%3D%27300%27%20height%3D%27225%27%20fill-opacity%3D%220%22%2F%3E%3C%2Fsvg%3E\" data-srcset=\"https:\/\/www.osjenka.si\/ps-gorice\/wp-content\/uploads\/sites\/2\/2024\/09\/savudrija3-e1727206337518-200x150.jpg 200w, https:\/\/www.osjenka.si\/ps-gorice\/wp-content\/uploads\/sites\/2\/2024\/09\/savudrija3-e1727206337518-300x225.jpg 300w, https:\/\/www.osjenka.si\/ps-gorice\/wp-content\/uploads\/sites\/2\/2024\/09\/savudrija3-e1727206337518-400x300.jpg 400w, https:\/\/www.osjenka.si\/ps-gorice\/wp-content\/uploads\/sites\/2\/2024\/09\/savudrija3-e1727206337518-600x450.jpg 600w, https:\/\/www.osjenka.si\/ps-gorice\/wp-content\/uploads\/sites\/2\/2024\/09\/savudrija3-e1727206337518-768x576.jpg 768w, https:\/\/www.osjenka.si\/ps-gorice\/wp-content\/uploads\/sites\/2\/2024\/09\/savudrija3-e1727206337518-800x600.jpg 800w, https:\/\/www.osjenka.si\/ps-gorice\/wp-content\/uploads\/sites\/2\/2024\/09\/savudrija3-e1727206337518.jpg 826w\" data-sizes=\"auto\" data-orig-sizes=\"(max-width: 300px) 100vw, 300px\" \/> <img decoding=\"async\" class=\"lazyload alignnone size-medium wp-image-3920\" src=\"https:\/\/www.osjenka.si\/ps-gorice\/wp-content\/uploads\/sites\/2\/2024\/09\/savudrija2-300x225.jpg\" data-orig-src=\"https:\/\/www.osjenka.si\/ps-gorice\/wp-content\/uploads\/sites\/2\/2024\/09\/savudrija2-300x225.jpg\" alt=\"\" width=\"300\" height=\"225\" srcset=\"data:image\/svg+xml,%3Csvg%20xmlns%3D%27http%3A%2F%2Fwww.w3.org%2F2000%2Fsvg%27%20width%3D%27300%27%20height%3D%27225%27%20viewBox%3D%270%200%20300%20225%27%3E%3Crect%20width%3D%27300%27%20height%3D%27225%27%20fill-opacity%3D%220%22%2F%3E%3C%2Fsvg%3E\" data-srcset=\"https:\/\/www.osjenka.si\/ps-gorice\/wp-content\/uploads\/sites\/2\/2024\/09\/savudrija2-200x150.jpg 200w, https:\/\/www.osjenka.si\/ps-gorice\/wp-content\/uploads\/sites\/2\/2024\/09\/savudrija2-300x225.jpg 300w, https:\/\/www.osjenka.si\/ps-gorice\/wp-content\/uploads\/sites\/2\/2024\/09\/savudrija2-400x300.jpg 400w, https:\/\/www.osjenka.si\/ps-gorice\/wp-content\/uploads\/sites\/2\/2024\/09\/savudrija2-600x450.jpg 600w, https:\/\/www.osjenka.si\/ps-gorice\/wp-content\/uploads\/sites\/2\/2024\/09\/savudrija2.jpg 746w\" data-sizes=\"auto\" data-orig-sizes=\"(max-width: 300px) 100vw, 300px\" \/><\/p>\n<p>&nbsp;<\/p>\n","protected":false},"excerpt":{"rendered":"<p>&nbsp; \u010cetrti razredi smo \u0161olsko leto pri\u010deli na Hrva\u0161kem. V Savudriji smo se u\u010dili plavati. Imeli pa smo tudi pouk. Najbolje je bilo plavati v bazenu, v morju seveda tudi. Najbolje je bilo, ko smo lahko skakali s pomola. Tretji dan smo se peljali z vlakcem v Umag. Ko smo izvedeli, da v Umagu \u017eivi Baby Lasagna, smo od veselja za\u010deli vpiti. Sobe so bile lepe, postelje zelo udobne. Kosila so bila zelo okusna. Pre\u017eiveli smo odli\u010den teden v \u0161oli v naravi. \u00a0Zapisali: Manca Pipan, Lana Urbanc, 4.g &nbsp;<\/p>\n","protected":false},"author":7,"featured_media":3920,"comment_status":"open","ping_status":"open","sticky":false,"template":"","format":"standard","meta":{"footnotes":""},"categories":[1],"tags":[],"class_list":["post-3917","post","type-post","status-publish","format-standard","has-post-thumbnail","hentry","category-nekategorizirano"],"yoast_head":"<!-- This site is optimized with the Yoast SEO plugin v19.11 - https:\/\/yoast.com\/wordpress\/plugins\/seo\/ -->\n<title>Letna \u0161ola v naravi - Savudrija 4.g - P\u0160 Gori\u010de<\/title>\n<meta name=\"robots\" content=\"index, follow, max-snippet:-1, max-image-preview:large, max-video-preview:-1\" \/>\n<link rel=\"canonical\" href=\"https:\/\/www.osjenka.si\/ps-gorice\/2024\/09\/24\/letna-sola-v-naravi-savudrija-4-g\/\" \/>\n<meta property=\"og:locale\" content=\"sl_SI\" \/>\n<meta property=\"og:type\" content=\"article\" \/>\n<meta property=\"og:title\" content=\"Letna \u0161ola v naravi - Savudrija 4.g - P\u0160 Gori\u010de\" \/>\n<meta property=\"og:description\" content=\"&nbsp; \u010cetrti razredi smo \u0161olsko leto pri\u010deli na Hrva\u0161kem. V Savudriji smo se u\u010dili plavati. Imeli pa smo tudi pouk. Najbolje je bilo plavati v bazenu, v morju seveda tudi. Najbolje je bilo, ko smo lahko skakali s pomola. Tretji dan smo se peljali z vlakcem v Umag. Ko smo izvedeli, da v Umagu \u017eivi Baby Lasagna, smo od veselja za\u010deli vpiti. Sobe so bile lepe, postelje zelo udobne. Kosila so bila zelo okusna. Pre\u017eiveli smo odli\u010den teden v \u0161oli v naravi. \u00a0Zapisali: Manca Pipan, Lana Urbanc, 4.g &nbsp;\" \/>\n<meta property=\"og:url\" content=\"https:\/\/www.osjenka.si\/ps-gorice\/2024\/09\/24\/letna-sola-v-naravi-savudrija-4-g\/\" \/>\n<meta property=\"og:site_name\" content=\"P\u0160 Gori\u010de\" \/>\n<meta property=\"article:published_time\" content=\"2024-09-24T19:36:17+00:00\" \/>\n<meta property=\"article:modified_time\" content=\"2024-09-26T17:47:25+00:00\" \/>\n<meta property=\"og:image\" content=\"https:\/\/www.osjenka.si\/ps-gorice\/wp-content\/uploads\/sites\/2\/2024\/09\/savudrija2.jpg\" \/>\n\t<meta property=\"og:image:width\" content=\"746\" \/>\n\t<meta property=\"og:image:height\" content=\"559\" \/>\n\t<meta property=\"og:image:type\" content=\"image\/jpeg\" \/>\n<meta name=\"author\" content=\"vilma\" \/>\n<meta name=\"twitter:card\" content=\"summary_large_image\" \/>\n<meta name=\"twitter:label1\" content=\"Written by\" \/>\n\t<meta name=\"twitter:data1\" content=\"vilma\" \/>\n\t<meta name=\"twitter:label2\" content=\"Est. reading time\" \/>\n\t<meta name=\"twitter:data2\" content=\"2 minuti\" \/>\n<script type=\"application\/ld+json\" class=\"yoast-schema-graph\">{\"@context\":\"https:\/\/schema.org\",\"@graph\":[{\"@type\":\"WebPage\",\"@id\":\"https:\/\/www.osjenka.si\/ps-gorice\/2024\/09\/24\/letna-sola-v-naravi-savudrija-4-g\/\",\"url\":\"https:\/\/www.osjenka.si\/ps-gorice\/2024\/09\/24\/letna-sola-v-naravi-savudrija-4-g\/\",\"name\":\"Letna \u0161ola v naravi - Savudrija 4.g - P\u0160 Gori\u010de\",\"isPartOf\":{\"@id\":\"https:\/\/www.osjenka.si\/ps-gorice\/#website\"},\"datePublished\":\"2024-09-24T19:36:17+00:00\",\"dateModified\":\"2024-09-26T17:47:25+00:00\",\"author\":{\"@id\":\"https:\/\/www.osjenka.si\/ps-gorice\/#\/schema\/person\/94f44dbd9351bedc48d18ae7ab8a6706\"},\"breadcrumb\":{\"@id\":\"https:\/\/www.osjenka.si\/ps-gorice\/2024\/09\/24\/letna-sola-v-naravi-savudrija-4-g\/#breadcrumb\"},\"inLanguage\":\"sl-SI\",\"potentialAction\":[{\"@type\":\"ReadAction\",\"target\":[\"https:\/\/www.osjenka.si\/ps-gorice\/2024\/09\/24\/letna-sola-v-naravi-savudrija-4-g\/\"]}]},{\"@type\":\"BreadcrumbList\",\"@id\":\"https:\/\/www.osjenka.si\/ps-gorice\/2024\/09\/24\/letna-sola-v-naravi-savudrija-4-g\/#breadcrumb\",\"itemListElement\":[{\"@type\":\"ListItem\",\"position\":1,\"name\":\"Home\",\"item\":\"https:\/\/www.osjenka.si\/ps-gorice\/\"},{\"@type\":\"ListItem\",\"position\":2,\"name\":\"Letna \u0161ola v naravi &#8211; Savudrija 4.g\"}]},{\"@type\":\"WebSite\",\"@id\":\"https:\/\/www.osjenka.si\/ps-gorice\/#website\",\"url\":\"https:\/\/www.osjenka.si\/ps-gorice\/\",\"name\":\"P\u0160 Gori\u010de\",\"description\":\"\",\"potentialAction\":[{\"@type\":\"SearchAction\",\"target\":{\"@type\":\"EntryPoint\",\"urlTemplate\":\"https:\/\/www.osjenka.si\/ps-gorice\/?s={search_term_string}\"},\"query-input\":\"required name=search_term_string\"}],\"inLanguage\":\"sl-SI\"},{\"@type\":\"Person\",\"@id\":\"https:\/\/www.osjenka.si\/ps-gorice\/#\/schema\/person\/94f44dbd9351bedc48d18ae7ab8a6706\",\"name\":\"vilma\",\"image\":{\"@type\":\"ImageObject\",\"inLanguage\":\"sl-SI\",\"@id\":\"https:\/\/www.osjenka.si\/ps-gorice\/#\/schema\/person\/image\/\",\"url\":\"https:\/\/secure.gravatar.com\/avatar\/41aa9d6664f90f3f3e03d130efd6192ff719c2d6a65ccdf098d3c2abf35d7aa6?s=96&d=mm&r=g\",\"contentUrl\":\"https:\/\/secure.gravatar.com\/avatar\/41aa9d6664f90f3f3e03d130efd6192ff719c2d6a65ccdf098d3c2abf35d7aa6?s=96&d=mm&r=g\",\"caption\":\"vilma\"},\"url\":\"https:\/\/www.osjenka.si\/ps-gorice\/author\/vilma\/\"}]}<\/script>\n<!-- \/ Yoast SEO plugin. -->","yoast_head_json":{"title":"Letna \u0161ola v naravi - Savudrija 4.g - P\u0160 Gori\u010de","robots":{"index":"index","follow":"follow","max-snippet":"max-snippet:-1","max-image-preview":"max-image-preview:large","max-video-preview":"max-video-preview:-1"},"canonical":"https:\/\/www.osjenka.si\/ps-gorice\/2024\/09\/24\/letna-sola-v-naravi-savudrija-4-g\/","og_locale":"sl_SI","og_type":"article","og_title":"Letna \u0161ola v naravi - Savudrija 4.g - P\u0160 Gori\u010de","og_description":"&nbsp; \u010cetrti razredi smo \u0161olsko leto pri\u010deli na Hrva\u0161kem. V Savudriji smo se u\u010dili plavati. Imeli pa smo tudi pouk. Najbolje je bilo plavati v bazenu, v morju seveda tudi. Najbolje je bilo, ko smo lahko skakali s pomola. Tretji dan smo se peljali z vlakcem v Umag. Ko smo izvedeli, da v Umagu \u017eivi Baby Lasagna, smo od veselja za\u010deli vpiti. Sobe so bile lepe, postelje zelo udobne. Kosila so bila zelo okusna. Pre\u017eiveli smo odli\u010den teden v \u0161oli v naravi. \u00a0Zapisali: Manca Pipan, Lana Urbanc, 4.g &nbsp;","og_url":"https:\/\/www.osjenka.si\/ps-gorice\/2024\/09\/24\/letna-sola-v-naravi-savudrija-4-g\/","og_site_name":"P\u0160 Gori\u010de","article_published_time":"2024-09-24T19:36:17+00:00","article_modified_time":"2024-09-26T17:47:25+00:00","og_image":[{"width":746,"height":559,"url":"https:\/\/www.osjenka.si\/ps-gorice\/wp-content\/uploads\/sites\/2\/2024\/09\/savudrija2.jpg","type":"image\/jpeg"}],"author":"vilma","twitter_card":"summary_large_image","twitter_misc":{"Written by":"vilma","Est. reading time":"2 minuti"},"schema":{"@context":"https:\/\/schema.org","@graph":[{"@type":"WebPage","@id":"https:\/\/www.osjenka.si\/ps-gorice\/2024\/09\/24\/letna-sola-v-naravi-savudrija-4-g\/","url":"https:\/\/www.osjenka.si\/ps-gorice\/2024\/09\/24\/letna-sola-v-naravi-savudrija-4-g\/","name":"Letna \u0161ola v naravi - Savudrija 4.g - P\u0160 Gori\u010de","isPartOf":{"@id":"https:\/\/www.osjenka.si\/ps-gorice\/#website"},"datePublished":"2024-09-24T19:36:17+00:00","dateModified":"2024-09-26T17:47:25+00:00","author":{"@id":"https:\/\/www.osjenka.si\/ps-gorice\/#\/schema\/person\/94f44dbd9351bedc48d18ae7ab8a6706"},"breadcrumb":{"@id":"https:\/\/www.osjenka.si\/ps-gorice\/2024\/09\/24\/letna-sola-v-naravi-savudrija-4-g\/#breadcrumb"},"inLanguage":"sl-SI","potentialAction":[{"@type":"ReadAction","target":["https:\/\/www.osjenka.si\/ps-gorice\/2024\/09\/24\/letna-sola-v-naravi-savudrija-4-g\/"]}]},{"@type":"BreadcrumbList","@id":"https:\/\/www.osjenka.si\/ps-gorice\/2024\/09\/24\/letna-sola-v-naravi-savudrija-4-g\/#breadcrumb","itemListElement":[{"@type":"ListItem","position":1,"name":"Home","item":"https:\/\/www.osjenka.si\/ps-gorice\/"},{"@type":"ListItem","position":2,"name":"Letna \u0161ola v naravi &#8211; Savudrija 4.g"}]},{"@type":"WebSite","@id":"https:\/\/www.osjenka.si\/ps-gorice\/#website","url":"https:\/\/www.osjenka.si\/ps-gorice\/","name":"P\u0160 Gori\u010de","description":"","potentialAction":[{"@type":"SearchAction","target":{"@type":"EntryPoint","urlTemplate":"https:\/\/www.osjenka.si\/ps-gorice\/?s={search_term_string}"},"query-input":"required name=search_term_string"}],"inLanguage":"sl-SI"},{"@type":"Person","@id":"https:\/\/www.osjenka.si\/ps-gorice\/#\/schema\/person\/94f44dbd9351bedc48d18ae7ab8a6706","name":"vilma","image":{"@type":"ImageObject","inLanguage":"sl-SI","@id":"https:\/\/www.osjenka.si\/ps-gorice\/#\/schema\/person\/image\/","url":"https:\/\/secure.gravatar.com\/avatar\/41aa9d6664f90f3f3e03d130efd6192ff719c2d6a65ccdf098d3c2abf35d7aa6?s=96&d=mm&r=g","contentUrl":"https:\/\/secure.gravatar.com\/avatar\/41aa9d6664f90f3f3e03d130efd6192ff719c2d6a65ccdf098d3c2abf35d7aa6?s=96&d=mm&r=g","caption":"vilma"},"url":"https:\/\/www.osjenka.si\/ps-gorice\/author\/vilma\/"}]}},"_links":{"self":[{"href":"https:\/\/www.osjenka.si\/ps-gorice\/wp-json\/wp\/v2\/posts\/3917","targetHints":{"allow":["GET"]}}],"collection":[{"href":"https:\/\/www.osjenka.si\/ps-gorice\/wp-json\/wp\/v2\/posts"}],"about":[{"href":"https:\/\/www.osjenka.si\/ps-gorice\/wp-json\/wp\/v2\/types\/post"}],"author":[{"embeddable":true,"href":"https:\/\/www.osjenka.si\/ps-gorice\/wp-json\/wp\/v2\/users\/7"}],"replies":[{"embeddable":true,"href":"https:\/\/www.osjenka.si\/ps-gorice\/wp-json\/wp\/v2\/comments?post=3917"}],"version-history":[{"count":4,"href":"https:\/\/www.osjenka.si\/ps-gorice\/wp-json\/wp\/v2\/posts\/3917\/revisions"}],"predecessor-version":[{"id":3955,"href":"https:\/\/www.osjenka.si\/ps-gorice\/wp-json\/wp\/v2\/posts\/3917\/revisions\/3955"}],"wp:featuredmedia":[{"embeddable":true,"href":"https:\/\/www.osjenka.si\/ps-gorice\/wp-json\/wp\/v2\/media\/3920"}],"wp:attachment":[{"href":"https:\/\/www.osjenka.si\/ps-gorice\/wp-json\/wp\/v2\/media?parent=3917"}],"wp:term":[{"taxonomy":"category","embeddable":true,"href":"https:\/\/www.osjenka.si\/ps-gorice\/wp-json\/wp\/v2\/categories?post=3917"},{"taxonomy":"post_tag","embeddable":true,"href":"https:\/\/www.osjenka.si\/ps-gorice\/wp-json\/wp\/v2\/tags?post=3917"}],"curies":[{"name":"wp","href":"https:\/\/api.w.org\/{rel}","templated":true}]}}