{"id":4015,"date":"2024-10-12T22:00:25","date_gmt":"2024-10-12T20:00:25","guid":{"rendered":"https:\/\/www.osjenka.si\/ps-gorice\/?p=4015"},"modified":"2024-10-14T17:17:23","modified_gmt":"2024-10-14T15:17:23","slug":"teden-otroka-otrok-nepopisan-list","status":"publish","type":"post","link":"https:\/\/www.osjenka.si\/ps-gorice\/2024\/10\/12\/teden-otroka-otrok-nepopisan-list\/","title":{"rendered":"Teden otroka &#8211; Otrok, nepopisan list"},"content":{"rendered":"<h4 style=\"text-align: center\"><span style=\"color: #0000ff\">V na\u0161i \u0161oli smo Teden otroka letos obele\u017eili z razli\u010dnimi dejavnostmi.<\/span><\/h4>\n<p><img decoding=\"async\" class=\"lazyload  wp-image-4024 aligncenter\" src=\"https:\/\/www.osjenka.si\/ps-gorice\/wp-content\/uploads\/sites\/2\/2024\/10\/IMG20241011124740-225x300.jpg\" data-orig-src=\"https:\/\/www.osjenka.si\/ps-gorice\/wp-content\/uploads\/sites\/2\/2024\/10\/IMG20241011124740-225x300.jpg\" alt=\"\" width=\"483\" height=\"644\" srcset=\"data:image\/svg+xml,%3Csvg%20xmlns%3D%27http%3A%2F%2Fwww.w3.org%2F2000%2Fsvg%27%20width%3D%27483%27%20height%3D%27644%27%20viewBox%3D%270%200%20483%20644%27%3E%3Crect%20width%3D%27483%27%20height%3D%27644%27%20fill-opacity%3D%220%22%2F%3E%3C%2Fsvg%3E\" data-srcset=\"https:\/\/www.osjenka.si\/ps-gorice\/wp-content\/uploads\/sites\/2\/2024\/10\/IMG20241011124740-200x267.jpg 200w, https:\/\/www.osjenka.si\/ps-gorice\/wp-content\/uploads\/sites\/2\/2024\/10\/IMG20241011124740-225x300.jpg 225w, https:\/\/www.osjenka.si\/ps-gorice\/wp-content\/uploads\/sites\/2\/2024\/10\/IMG20241011124740-300x400.jpg 300w, https:\/\/www.osjenka.si\/ps-gorice\/wp-content\/uploads\/sites\/2\/2024\/10\/IMG20241011124740-400x533.jpg 400w, https:\/\/www.osjenka.si\/ps-gorice\/wp-content\/uploads\/sites\/2\/2024\/10\/IMG20241011124740-600x800.jpg 600w, https:\/\/www.osjenka.si\/ps-gorice\/wp-content\/uploads\/sites\/2\/2024\/10\/IMG20241011124740-768x1024.jpg 768w, https:\/\/www.osjenka.si\/ps-gorice\/wp-content\/uploads\/sites\/2\/2024\/10\/IMG20241011124740-800x1067.jpg 800w, https:\/\/www.osjenka.si\/ps-gorice\/wp-content\/uploads\/sites\/2\/2024\/10\/IMG20241011124740-1152x1536.jpg 1152w, https:\/\/www.osjenka.si\/ps-gorice\/wp-content\/uploads\/sites\/2\/2024\/10\/IMG20241011124740-1200x1600.jpg 1200w, https:\/\/www.osjenka.si\/ps-gorice\/wp-content\/uploads\/sites\/2\/2024\/10\/IMG20241011124740.jpg 1440w\" data-sizes=\"auto\" data-orig-sizes=\"(max-width: 483px) 100vw, 483px\" \/><\/p>\n<h4 style=\"text-align: center\"><span style=\"color: #0000ff\">Predstavniki razredov so dobili nalogo, da v sodelovanju s so\u0161olci vsak dan napi\u0161ejo, kaj jim je bilo v tistem dnevu najbolj v\u0161e\u010d. Te misli so zapisali na liste in jih nalepili na plakat na \u0161olskem hodniku. Nekateri so zapisali, da jim je bila najbolj v\u0161e\u010d \u0161portna ura, drugi so u\u017eivali v ustvarjalnih nalogah, spet tretji so izpostavili malico.\u00a0<\/span><\/h4>\n<p><img decoding=\"async\" class=\"lazyload alignnone wp-image-4016 aligncenter\" src=\"https:\/\/www.osjenka.si\/ps-gorice\/wp-content\/uploads\/sites\/2\/2024\/10\/IMG20241008080631-210x300.jpg\" data-orig-src=\"https:\/\/www.osjenka.si\/ps-gorice\/wp-content\/uploads\/sites\/2\/2024\/10\/IMG20241008080631-210x300.jpg\" alt=\"\" width=\"506\" height=\"723\" srcset=\"data:image\/svg+xml,%3Csvg%20xmlns%3D%27http%3A%2F%2Fwww.w3.org%2F2000%2Fsvg%27%20width%3D%27506%27%20height%3D%27723%27%20viewBox%3D%270%200%20506%20723%27%3E%3Crect%20width%3D%27506%27%20height%3D%27723%27%20fill-opacity%3D%220%22%2F%3E%3C%2Fsvg%3E\" data-srcset=\"https:\/\/www.osjenka.si\/ps-gorice\/wp-content\/uploads\/sites\/2\/2024\/10\/IMG20241008080631-200x286.jpg 200w, https:\/\/www.osjenka.si\/ps-gorice\/wp-content\/uploads\/sites\/2\/2024\/10\/IMG20241008080631-210x300.jpg 210w, https:\/\/www.osjenka.si\/ps-gorice\/wp-content\/uploads\/sites\/2\/2024\/10\/IMG20241008080631-400x572.jpg 400w, https:\/\/www.osjenka.si\/ps-gorice\/wp-content\/uploads\/sites\/2\/2024\/10\/IMG20241008080631-600x858.jpg 600w, https:\/\/www.osjenka.si\/ps-gorice\/wp-content\/uploads\/sites\/2\/2024\/10\/IMG20241008080631-716x1024.jpg 716w, https:\/\/www.osjenka.si\/ps-gorice\/wp-content\/uploads\/sites\/2\/2024\/10\/IMG20241008080631-768x1099.jpg 768w, https:\/\/www.osjenka.si\/ps-gorice\/wp-content\/uploads\/sites\/2\/2024\/10\/IMG20241008080631-800x1145.jpg 800w, https:\/\/www.osjenka.si\/ps-gorice\/wp-content\/uploads\/sites\/2\/2024\/10\/IMG20241008080631-1074x1536.jpg 1074w, https:\/\/www.osjenka.si\/ps-gorice\/wp-content\/uploads\/sites\/2\/2024\/10\/IMG20241008080631-1200x1717.jpg 1200w, https:\/\/www.osjenka.si\/ps-gorice\/wp-content\/uploads\/sites\/2\/2024\/10\/IMG20241008080631.jpg 1342w\" data-sizes=\"auto\" data-orig-sizes=\"(max-width: 506px) 100vw, 506px\" \/><\/p>\n<p><img decoding=\"async\" class=\"lazyload  wp-image-4017 aligncenter\" src=\"https:\/\/www.osjenka.si\/ps-gorice\/wp-content\/uploads\/sites\/2\/2024\/10\/IMG20241009121724-207x300.jpg\" data-orig-src=\"https:\/\/www.osjenka.si\/ps-gorice\/wp-content\/uploads\/sites\/2\/2024\/10\/IMG20241009121724-207x300.jpg\" alt=\"\" width=\"506\" height=\"734\" srcset=\"data:image\/svg+xml,%3Csvg%20xmlns%3D%27http%3A%2F%2Fwww.w3.org%2F2000%2Fsvg%27%20width%3D%27506%27%20height%3D%27734%27%20viewBox%3D%270%200%20506%20734%27%3E%3Crect%20width%3D%27506%27%20height%3D%27734%27%20fill-opacity%3D%220%22%2F%3E%3C%2Fsvg%3E\" data-srcset=\"https:\/\/www.osjenka.si\/ps-gorice\/wp-content\/uploads\/sites\/2\/2024\/10\/IMG20241009121724-200x290.jpg 200w, https:\/\/www.osjenka.si\/ps-gorice\/wp-content\/uploads\/sites\/2\/2024\/10\/IMG20241009121724-207x300.jpg 207w, https:\/\/www.osjenka.si\/ps-gorice\/wp-content\/uploads\/sites\/2\/2024\/10\/IMG20241009121724-400x580.jpg 400w, https:\/\/www.osjenka.si\/ps-gorice\/wp-content\/uploads\/sites\/2\/2024\/10\/IMG20241009121724-600x869.jpg 600w, https:\/\/www.osjenka.si\/ps-gorice\/wp-content\/uploads\/sites\/2\/2024\/10\/IMG20241009121724-707x1024.jpg 707w, https:\/\/www.osjenka.si\/ps-gorice\/wp-content\/uploads\/sites\/2\/2024\/10\/IMG20241009121724-768x1113.jpg 768w, https:\/\/www.osjenka.si\/ps-gorice\/wp-content\/uploads\/sites\/2\/2024\/10\/IMG20241009121724-800x1159.jpg 800w, https:\/\/www.osjenka.si\/ps-gorice\/wp-content\/uploads\/sites\/2\/2024\/10\/IMG20241009121724-1060x1536.jpg 1060w, https:\/\/www.osjenka.si\/ps-gorice\/wp-content\/uploads\/sites\/2\/2024\/10\/IMG20241009121724-1200x1739.jpg 1200w, https:\/\/www.osjenka.si\/ps-gorice\/wp-content\/uploads\/sites\/2\/2024\/10\/IMG20241009121724.jpg 1325w\" data-sizes=\"auto\" data-orig-sizes=\"(max-width: 506px) 100vw, 506px\" \/><\/p>\n<p><img decoding=\"async\" class=\"lazyload  wp-image-4018 aligncenter\" src=\"https:\/\/www.osjenka.si\/ps-gorice\/wp-content\/uploads\/sites\/2\/2024\/10\/IMG20241010133022-206x300.jpg\" data-orig-src=\"https:\/\/www.osjenka.si\/ps-gorice\/wp-content\/uploads\/sites\/2\/2024\/10\/IMG20241010133022-206x300.jpg\" alt=\"\" width=\"500\" height=\"728\" srcset=\"data:image\/svg+xml,%3Csvg%20xmlns%3D%27http%3A%2F%2Fwww.w3.org%2F2000%2Fsvg%27%20width%3D%27500%27%20height%3D%27728%27%20viewBox%3D%270%200%20500%20728%27%3E%3Crect%20width%3D%27500%27%20height%3D%27728%27%20fill-opacity%3D%220%22%2F%3E%3C%2Fsvg%3E\" data-srcset=\"https:\/\/www.osjenka.si\/ps-gorice\/wp-content\/uploads\/sites\/2\/2024\/10\/IMG20241010133022-200x292.jpg 200w, https:\/\/www.osjenka.si\/ps-gorice\/wp-content\/uploads\/sites\/2\/2024\/10\/IMG20241010133022-206x300.jpg 206w, https:\/\/www.osjenka.si\/ps-gorice\/wp-content\/uploads\/sites\/2\/2024\/10\/IMG20241010133022-400x583.jpg 400w, https:\/\/www.osjenka.si\/ps-gorice\/wp-content\/uploads\/sites\/2\/2024\/10\/IMG20241010133022-600x875.jpg 600w, https:\/\/www.osjenka.si\/ps-gorice\/wp-content\/uploads\/sites\/2\/2024\/10\/IMG20241010133022-702x1024.jpg 702w, https:\/\/www.osjenka.si\/ps-gorice\/wp-content\/uploads\/sites\/2\/2024\/10\/IMG20241010133022-768x1120.jpg 768w, https:\/\/www.osjenka.si\/ps-gorice\/wp-content\/uploads\/sites\/2\/2024\/10\/IMG20241010133022-800x1166.jpg 800w, https:\/\/www.osjenka.si\/ps-gorice\/wp-content\/uploads\/sites\/2\/2024\/10\/IMG20241010133022-1054x1536.jpg 1054w, https:\/\/www.osjenka.si\/ps-gorice\/wp-content\/uploads\/sites\/2\/2024\/10\/IMG20241010133022-1200x1749.jpg 1200w, https:\/\/www.osjenka.si\/ps-gorice\/wp-content\/uploads\/sites\/2\/2024\/10\/IMG20241010133022.jpg 1317w\" data-sizes=\"auto\" data-orig-sizes=\"(max-width: 500px) 100vw, 500px\" \/><\/p>\n<p><img decoding=\"async\" class=\"lazyload alignnone wp-image-4027 aligncenter\" src=\"https:\/\/www.osjenka.si\/ps-gorice\/wp-content\/uploads\/sites\/2\/2024\/10\/IMG20241011133224-208x300.jpg\" data-orig-src=\"https:\/\/www.osjenka.si\/ps-gorice\/wp-content\/uploads\/sites\/2\/2024\/10\/IMG20241011133224-208x300.jpg\" alt=\"\" width=\"498\" height=\"718\" srcset=\"data:image\/svg+xml,%3Csvg%20xmlns%3D%27http%3A%2F%2Fwww.w3.org%2F2000%2Fsvg%27%20width%3D%27498%27%20height%3D%27718%27%20viewBox%3D%270%200%20498%20718%27%3E%3Crect%20width%3D%27498%27%20height%3D%27718%27%20fill-opacity%3D%220%22%2F%3E%3C%2Fsvg%3E\" data-srcset=\"https:\/\/www.osjenka.si\/ps-gorice\/wp-content\/uploads\/sites\/2\/2024\/10\/IMG20241011133224-200x288.jpg 200w, https:\/\/www.osjenka.si\/ps-gorice\/wp-content\/uploads\/sites\/2\/2024\/10\/IMG20241011133224-208x300.jpg 208w, https:\/\/www.osjenka.si\/ps-gorice\/wp-content\/uploads\/sites\/2\/2024\/10\/IMG20241011133224-400x576.jpg 400w, https:\/\/www.osjenka.si\/ps-gorice\/wp-content\/uploads\/sites\/2\/2024\/10\/IMG20241011133224-600x864.jpg 600w, https:\/\/www.osjenka.si\/ps-gorice\/wp-content\/uploads\/sites\/2\/2024\/10\/IMG20241011133224-711x1024.jpg 711w, https:\/\/www.osjenka.si\/ps-gorice\/wp-content\/uploads\/sites\/2\/2024\/10\/IMG20241011133224-768x1106.jpg 768w, https:\/\/www.osjenka.si\/ps-gorice\/wp-content\/uploads\/sites\/2\/2024\/10\/IMG20241011133224-800x1152.jpg 800w, https:\/\/www.osjenka.si\/ps-gorice\/wp-content\/uploads\/sites\/2\/2024\/10\/IMG20241011133224-1066x1536.jpg 1066w, https:\/\/www.osjenka.si\/ps-gorice\/wp-content\/uploads\/sites\/2\/2024\/10\/IMG20241011133224-1200x1728.jpg 1200w, https:\/\/www.osjenka.si\/ps-gorice\/wp-content\/uploads\/sites\/2\/2024\/10\/IMG20241011133224.jpg 1333w\" data-sizes=\"auto\" data-orig-sizes=\"(max-width: 498px) 100vw, 498px\" \/><\/p>\n<h4 style=\"text-align: center\"><span style=\"color: #0000ff\">Razmi\u0161ljali smo o tem, kaj nas \u0161ola nau\u010di in kaj vse bi radi po\u010deli v \u017eivljenju.\u00a0<\/span><\/h4>\n<p style=\"text-align: center\">\u00a0 \u00a0\u00a0<img decoding=\"async\" class=\"lazyload alignnone wp-image-4020\" src=\"https:\/\/www.osjenka.si\/ps-gorice\/wp-content\/uploads\/sites\/2\/2024\/10\/IMG20241011090455-212x300.jpg\" data-orig-src=\"https:\/\/www.osjenka.si\/ps-gorice\/wp-content\/uploads\/sites\/2\/2024\/10\/IMG20241011090455-212x300.jpg\" alt=\"\" width=\"441\" height=\"624\" srcset=\"data:image\/svg+xml,%3Csvg%20xmlns%3D%27http%3A%2F%2Fwww.w3.org%2F2000%2Fsvg%27%20width%3D%27441%27%20height%3D%27624%27%20viewBox%3D%270%200%20441%20624%27%3E%3Crect%20width%3D%27441%27%20height%3D%27624%27%20fill-opacity%3D%220%22%2F%3E%3C%2Fsvg%3E\" data-srcset=\"https:\/\/www.osjenka.si\/ps-gorice\/wp-content\/uploads\/sites\/2\/2024\/10\/IMG20241011090455-200x283.jpg 200w, https:\/\/www.osjenka.si\/ps-gorice\/wp-content\/uploads\/sites\/2\/2024\/10\/IMG20241011090455-212x300.jpg 212w, https:\/\/www.osjenka.si\/ps-gorice\/wp-content\/uploads\/sites\/2\/2024\/10\/IMG20241011090455-400x566.jpg 400w, https:\/\/www.osjenka.si\/ps-gorice\/wp-content\/uploads\/sites\/2\/2024\/10\/IMG20241011090455-600x850.jpg 600w, https:\/\/www.osjenka.si\/ps-gorice\/wp-content\/uploads\/sites\/2\/2024\/10\/IMG20241011090455-723x1024.jpg 723w, https:\/\/www.osjenka.si\/ps-gorice\/wp-content\/uploads\/sites\/2\/2024\/10\/IMG20241011090455-768x1087.jpg 768w, https:\/\/www.osjenka.si\/ps-gorice\/wp-content\/uploads\/sites\/2\/2024\/10\/IMG20241011090455-800x1133.jpg 800w, https:\/\/www.osjenka.si\/ps-gorice\/wp-content\/uploads\/sites\/2\/2024\/10\/IMG20241011090455-1085x1536.jpg 1085w, https:\/\/www.osjenka.si\/ps-gorice\/wp-content\/uploads\/sites\/2\/2024\/10\/IMG20241011090455-1200x1699.jpg 1200w, https:\/\/www.osjenka.si\/ps-gorice\/wp-content\/uploads\/sites\/2\/2024\/10\/IMG20241011090455.jpg 1356w\" data-sizes=\"auto\" data-orig-sizes=\"(max-width: 441px) 100vw, 441px\" \/> <img decoding=\"async\" class=\"lazyload alignnone wp-image-4021\" src=\"https:\/\/www.osjenka.si\/ps-gorice\/wp-content\/uploads\/sites\/2\/2024\/10\/IMG20241011090616-205x300.jpg\" data-orig-src=\"https:\/\/www.osjenka.si\/ps-gorice\/wp-content\/uploads\/sites\/2\/2024\/10\/IMG20241011090616-205x300.jpg\" alt=\"\" width=\"425\" height=\"622\" srcset=\"data:image\/svg+xml,%3Csvg%20xmlns%3D%27http%3A%2F%2Fwww.w3.org%2F2000%2Fsvg%27%20width%3D%27425%27%20height%3D%27622%27%20viewBox%3D%270%200%20425%20622%27%3E%3Crect%20width%3D%27425%27%20height%3D%27622%27%20fill-opacity%3D%220%22%2F%3E%3C%2Fsvg%3E\" data-srcset=\"https:\/\/www.osjenka.si\/ps-gorice\/wp-content\/uploads\/sites\/2\/2024\/10\/IMG20241011090616-200x293.jpg 200w, https:\/\/www.osjenka.si\/ps-gorice\/wp-content\/uploads\/sites\/2\/2024\/10\/IMG20241011090616-205x300.jpg 205w, https:\/\/www.osjenka.si\/ps-gorice\/wp-content\/uploads\/sites\/2\/2024\/10\/IMG20241011090616-400x586.jpg 400w, https:\/\/www.osjenka.si\/ps-gorice\/wp-content\/uploads\/sites\/2\/2024\/10\/IMG20241011090616-600x879.jpg 600w, https:\/\/www.osjenka.si\/ps-gorice\/wp-content\/uploads\/sites\/2\/2024\/10\/IMG20241011090616-699x1024.jpg 699w, https:\/\/www.osjenka.si\/ps-gorice\/wp-content\/uploads\/sites\/2\/2024\/10\/IMG20241011090616-768x1126.jpg 768w, https:\/\/www.osjenka.si\/ps-gorice\/wp-content\/uploads\/sites\/2\/2024\/10\/IMG20241011090616-800x1173.jpg 800w, https:\/\/www.osjenka.si\/ps-gorice\/wp-content\/uploads\/sites\/2\/2024\/10\/IMG20241011090616-1048x1536.jpg 1048w, https:\/\/www.osjenka.si\/ps-gorice\/wp-content\/uploads\/sites\/2\/2024\/10\/IMG20241011090616-1200x1759.jpg 1200w, https:\/\/www.osjenka.si\/ps-gorice\/wp-content\/uploads\/sites\/2\/2024\/10\/IMG20241011090616.jpg 1310w\" data-sizes=\"auto\" data-orig-sizes=\"(max-width: 425px) 100vw, 425px\" \/><\/p>\n<p>&nbsp;<\/p>\n<h4 style=\"text-align: center\"><span style=\"color: #0000ff\">Starej\u0161i u\u010denci pa so pisali zgodbe Moje igranje pred stotimi leti.<\/span><\/h4>\n<h4 style=\"text-align: center\"><span style=\"color: #008000\"><strong>Moje igranje pred 100 leti<\/strong><\/span><\/h4>\n<h4 style=\"text-align: center\"><span style=\"color: #008000\">Pred stotimi leti nismo imeli toliko igra\u010d kot danes. Imeli smo karte, orehe, kostanj in smo si izmislili razli\u010dne igre. Najve\u010d smo se igrali skupaj zunaj. Veliko smo se tudi kartali. Igrali smo se z lesenimi igra\u010dami, saj ni bilo toliko denarja, da bi si lahko privo\u0161\u010dili kaj drugega. \u0160tola je igra, ki smo se jo igrali z orehi in s kostanji. To igro se igra tako, da ima\u0161 na lesu polja in prestavlja\u0161 igral\u010deve figure, oz. kostanj ali orehe. Ta igra je podobna igri tri v vrsto. V\u010dasih smo se radi igrali tudi skrivalnice na malo druga\u010den na\u010din.<\/span><\/h4>\n<h4 style=\"text-align: center\"><span style=\"color: #008000\">\u00a0\u00a0\u00a0\u00a0\u00a0\u00a0\u00a0\u00a0\u00a0\u00a0\u00a0\u00a0\u00a0\u00a0\u00a0\u00a0\u00a0\u00a0\u00a0\u00a0\u00a0\u00a0\u00a0\u00a0\u00a0\u00a0\u00a0\u00a0\u00a0\u00a0\u00a0\u00a0\u00a0\u00a0\u00a0\u00a0\u00a0\u00a0\u00a0\u00a0\u00a0\u00a0\u00a0\u00a0\u00a0\u00a0\u00a0\u00a0\u00a0\u00a0\u00a0\u00a0\u00a0\u00a0\u00a0\u00a0\u00a0\u00a0\u00a0\u00a0\u00a0\u00a0\u00a0\u00a0\u00a0\u00a0\u00a0\u00a0\u00a0\u00a0\u00a0\u00a0\u00a0\u00a0\u00a0\u00a0\u00a0\u00a0\u00a0\u00a0\u00a0\u00a0\u00a0\u00a0\u00a0\u00a0\u00a0\u00a0\u00a0\u00a0\u00a0\u00a0\u00a0\u00a0\u00a0\u00a0\u00a0\u00a0\u00a0\u00a0\u00a0\u00a0\u00a0\u00a0\u00a0\u00a0\u00a0\u00a0\u00a0\u00a0\u00a0\u00a0\u00a0\u00a0\u00a0\u00a0\u00a0\u00a0\u00a0\u00a0\u00a0\u00a0\u00a0\u00a0\u00a0\u00a0\u00a0\u00a0\u00a0\u00a0\u00a0\u00a0\u00a0\u00a0\u00a0 Manca Pipan, 4.g<\/span><\/h4>\n<h4 style=\"text-align: center\"><span style=\"color: #339966\">Pred stotimi leti smo se najve\u010d igrali zunaj, na prostem. Nismo imeli telefonov, ra\u010dunalnikov\u2026 Fantje so igrali nogomet in pomagali na polju. Dekleta smo pogosto ob potoku prala obla\u010dila, pomagale na polju, si izmenjavale prti\u010dke, \u0161ivale, kva\u010dkale, vezle. Ko je zunaj de\u017eevalo, smo \u0161li ven na de\u017e skakat po lu\u017eah in blatu. Pred smo \u0161li spat, pa smo se igrali dru\u017eabne igre. Smo pa tudi zunaj zakurili ogenj in smo plesali.<\/span><\/h4>\n<h4 style=\"text-align: center\"><span style=\"color: #339966\">\u00a0\u00a0\u00a0\u00a0\u00a0\u00a0\u00a0\u00a0\u00a0\u00a0\u00a0\u00a0\u00a0\u00a0\u00a0\u00a0\u00a0\u00a0\u00a0\u00a0\u00a0\u00a0\u00a0\u00a0\u00a0\u00a0\u00a0\u00a0\u00a0\u00a0\u00a0\u00a0\u00a0\u00a0\u00a0\u00a0\u00a0\u00a0\u00a0\u00a0\u00a0\u00a0\u00a0\u00a0\u00a0\u00a0\u00a0\u00a0\u00a0\u00a0\u00a0\u00a0\u00a0\u00a0\u00a0\u00a0\u00a0\u00a0\u00a0\u00a0\u00a0\u00a0\u00a0\u00a0\u00a0\u00a0\u00a0\u00a0\u00a0\u00a0\u00a0\u00a0\u00a0\u00a0\u00a0\u00a0\u00a0\u00a0\u00a0\u00a0\u00a0\u00a0\u00a0\u00a0\u00a0\u00a0\u00a0\u00a0\u00a0\u00a0\u00a0\u00a0\u00a0\u00a0\u00a0\u00a0\u00a0 \u00a0\u00a0\u00a0\u00a0\u00a0\u00a0\u00a0\u00a0\u00a0\u00a0\u00a0\u00a0\u00a0\u00a0\u00a0\u00a0\u00a0\u00a0\u00a0\u00a0\u00a0\u00a0\u00a0\u00a0Mi\u0161a Krape\u017e Filiposki, 4.g<\/span><\/h4>\n<h4 style=\"text-align: center\"><span style=\"color: #008000\">Pred stotimi leti smo se igrali na travnikih in poljih. Ponavadi smo se igrali igro krast zemljo. Pozimi pa smo se igrali s v hi\u0161i s frnikolami. Zelo radi smo se igrali tudi skrivalnice. Ko smo delali na polju, smo se igrali igro kdo pobere najve\u010d krompirja. Ko smo \u0161li past ovce, smo se igrali kanglica, kanglica vodo dr\u017ei ali pa kamen, \u0161karjice, papir. Pred igrami, ko smo bili doma, smo morali najprej pospraviti sobe, mizo in potem smo od\u0161li na polje. Zve\u010der pa smo se s svojimi brati in s sestrami igrali dru\u017eabne igre.<\/span><\/h4>\n<h4 style=\"text-align: center\"><span style=\"color: #008000\">\u00a0\u00a0\u00a0\u00a0\u00a0\u00a0\u00a0\u00a0\u00a0\u00a0\u00a0\u00a0\u00a0\u00a0\u00a0\u00a0\u00a0\u00a0\u00a0\u00a0\u00a0\u00a0\u00a0\u00a0\u00a0\u00a0\u00a0\u00a0\u00a0\u00a0\u00a0\u00a0\u00a0\u00a0\u00a0\u00a0\u00a0\u00a0\u00a0\u00a0\u00a0\u00a0\u00a0\u00a0\u00a0\u00a0\u00a0\u00a0\u00a0\u00a0\u00a0\u00a0\u00a0\u00a0\u00a0\u00a0\u00a0\u00a0\u00a0\u00a0\u00a0\u00a0\u00a0\u00a0\u00a0\u00a0\u00a0\u00a0\u00a0\u00a0\u00a0\u00a0\u00a0\u00a0\u00a0\u00a0\u00a0\u00a0\u00a0\u00a0\u00a0\u00a0\u00a0\u00a0\u00a0\u00a0\u00a0\u00a0\u00a0\u00a0\u00a0\u00a0\u00a0\u00a0\u00a0\u00a0\u00a0\u00a0\u00a0\u00a0\u00a0\u00a0\u00a0\u00a0\u00a0\u00a0\u00a0\u00a0\u00a0\u00a0\u00a0\u00a0\u00a0\u00a0\u00a0\u00a0\u00a0\u00a0\u00a0\u00a0\u00a0\u00a0 Pika Marin Debeljak, 4.g<\/span><\/h4>\n<h4 style=\"text-align: center\"><span style=\"color: #0000ff\">Prvo\u0161ol\u010dki so izkoristili teden otroka in so v \u0161oli prinesli svojo najljub\u0161o igra\u010do. Ker jo morajo \u010dez leto vsak dan pustiti doma, so jo narisali in iz risbic svojih najljub\u0161ih igra\u010d ustvarili prikupen plakat.\u00a0<\/span><\/h4>\n<p><img decoding=\"async\" class=\"lazyload wp-image-4031 aligncenter\" src=\"https:\/\/www.osjenka.si\/ps-gorice\/wp-content\/uploads\/sites\/2\/2024\/10\/IMG20241014072434-300x208.jpg\" data-orig-src=\"https:\/\/www.osjenka.si\/ps-gorice\/wp-content\/uploads\/sites\/2\/2024\/10\/IMG20241014072434-300x208.jpg\" alt=\"\" width=\"597\" height=\"414\" srcset=\"data:image\/svg+xml,%3Csvg%20xmlns%3D%27http%3A%2F%2Fwww.w3.org%2F2000%2Fsvg%27%20width%3D%27597%27%20height%3D%27414%27%20viewBox%3D%270%200%20597%20414%27%3E%3Crect%20width%3D%27597%27%20height%3D%27414%27%20fill-opacity%3D%220%22%2F%3E%3C%2Fsvg%3E\" data-srcset=\"https:\/\/www.osjenka.si\/ps-gorice\/wp-content\/uploads\/sites\/2\/2024\/10\/IMG20241014072434-200x139.jpg 200w, https:\/\/www.osjenka.si\/ps-gorice\/wp-content\/uploads\/sites\/2\/2024\/10\/IMG20241014072434-300x208.jpg 300w, https:\/\/www.osjenka.si\/ps-gorice\/wp-content\/uploads\/sites\/2\/2024\/10\/IMG20241014072434-400x278.jpg 400w, https:\/\/www.osjenka.si\/ps-gorice\/wp-content\/uploads\/sites\/2\/2024\/10\/IMG20241014072434-600x417.jpg 600w, https:\/\/www.osjenka.si\/ps-gorice\/wp-content\/uploads\/sites\/2\/2024\/10\/IMG20241014072434-768x534.jpg 768w, https:\/\/www.osjenka.si\/ps-gorice\/wp-content\/uploads\/sites\/2\/2024\/10\/IMG20241014072434-800x556.jpg 800w, https:\/\/www.osjenka.si\/ps-gorice\/wp-content\/uploads\/sites\/2\/2024\/10\/IMG20241014072434-1024x711.jpg 1024w, https:\/\/www.osjenka.si\/ps-gorice\/wp-content\/uploads\/sites\/2\/2024\/10\/IMG20241014072434-1200x834.jpg 1200w, https:\/\/www.osjenka.si\/ps-gorice\/wp-content\/uploads\/sites\/2\/2024\/10\/IMG20241014072434-1536x1067.jpg 1536w, https:\/\/www.osjenka.si\/ps-gorice\/wp-content\/uploads\/sites\/2\/2024\/10\/IMG20241014072434.jpg 1920w\" data-sizes=\"auto\" data-orig-sizes=\"(max-width: 597px) 100vw, 597px\" \/><\/p>\n<h4 style=\"text-align: center\"><span style=\"color: #0000ff\">Poseben izziv je bil iskanje besed, ki nas spominjajo na otro\u0161tvo. Te besede smo nato napisali na barvne liste in jih nalepili na stopnice v na\u0161i \u0161oli. Tako so na\u0161e stopnice postale pravi sprehod po otro\u0161kih spominih \u2013 besede, kot so igra, prijatelji, pravljice in dru\u017eina, krasijo na\u0161 hodnik in nas vsak dan spominjajo, kako dragoceno je na\u0161e otro\u0161tvo.<\/span><\/h4>\n<p style=\"text-align: center\"><img decoding=\"async\" class=\"lazyload alignnone wp-image-4022\" src=\"https:\/\/www.osjenka.si\/ps-gorice\/wp-content\/uploads\/sites\/2\/2024\/10\/IMG20241011124656-225x300.jpg\" data-orig-src=\"https:\/\/www.osjenka.si\/ps-gorice\/wp-content\/uploads\/sites\/2\/2024\/10\/IMG20241011124656-225x300.jpg\" alt=\"\" width=\"325\" height=\"433\" srcset=\"data:image\/svg+xml,%3Csvg%20xmlns%3D%27http%3A%2F%2Fwww.w3.org%2F2000%2Fsvg%27%20width%3D%27325%27%20height%3D%27433%27%20viewBox%3D%270%200%20325%20433%27%3E%3Crect%20width%3D%27325%27%20height%3D%27433%27%20fill-opacity%3D%220%22%2F%3E%3C%2Fsvg%3E\" data-srcset=\"https:\/\/www.osjenka.si\/ps-gorice\/wp-content\/uploads\/sites\/2\/2024\/10\/IMG20241011124656-200x267.jpg 200w, https:\/\/www.osjenka.si\/ps-gorice\/wp-content\/uploads\/sites\/2\/2024\/10\/IMG20241011124656-225x300.jpg 225w, https:\/\/www.osjenka.si\/ps-gorice\/wp-content\/uploads\/sites\/2\/2024\/10\/IMG20241011124656-300x400.jpg 300w, https:\/\/www.osjenka.si\/ps-gorice\/wp-content\/uploads\/sites\/2\/2024\/10\/IMG20241011124656-400x533.jpg 400w, https:\/\/www.osjenka.si\/ps-gorice\/wp-content\/uploads\/sites\/2\/2024\/10\/IMG20241011124656-600x800.jpg 600w, https:\/\/www.osjenka.si\/ps-gorice\/wp-content\/uploads\/sites\/2\/2024\/10\/IMG20241011124656-768x1024.jpg 768w, https:\/\/www.osjenka.si\/ps-gorice\/wp-content\/uploads\/sites\/2\/2024\/10\/IMG20241011124656-800x1067.jpg 800w, https:\/\/www.osjenka.si\/ps-gorice\/wp-content\/uploads\/sites\/2\/2024\/10\/IMG20241011124656-1152x1536.jpg 1152w, https:\/\/www.osjenka.si\/ps-gorice\/wp-content\/uploads\/sites\/2\/2024\/10\/IMG20241011124656-1200x1600.jpg 1200w, https:\/\/www.osjenka.si\/ps-gorice\/wp-content\/uploads\/sites\/2\/2024\/10\/IMG20241011124656.jpg 1440w\" data-sizes=\"auto\" data-orig-sizes=\"(max-width: 325px) 100vw, 325px\" \/> <img decoding=\"async\" class=\"lazyload alignnone wp-image-4023\" src=\"https:\/\/www.osjenka.si\/ps-gorice\/wp-content\/uploads\/sites\/2\/2024\/10\/IMG20241011124718-225x300.jpg\" data-orig-src=\"https:\/\/www.osjenka.si\/ps-gorice\/wp-content\/uploads\/sites\/2\/2024\/10\/IMG20241011124718-225x300.jpg\" alt=\"\" width=\"327\" height=\"436\" srcset=\"data:image\/svg+xml,%3Csvg%20xmlns%3D%27http%3A%2F%2Fwww.w3.org%2F2000%2Fsvg%27%20width%3D%27327%27%20height%3D%27436%27%20viewBox%3D%270%200%20327%20436%27%3E%3Crect%20width%3D%27327%27%20height%3D%27436%27%20fill-opacity%3D%220%22%2F%3E%3C%2Fsvg%3E\" data-srcset=\"https:\/\/www.osjenka.si\/ps-gorice\/wp-content\/uploads\/sites\/2\/2024\/10\/IMG20241011124718-200x267.jpg 200w, https:\/\/www.osjenka.si\/ps-gorice\/wp-content\/uploads\/sites\/2\/2024\/10\/IMG20241011124718-225x300.jpg 225w, https:\/\/www.osjenka.si\/ps-gorice\/wp-content\/uploads\/sites\/2\/2024\/10\/IMG20241011124718-300x400.jpg 300w, https:\/\/www.osjenka.si\/ps-gorice\/wp-content\/uploads\/sites\/2\/2024\/10\/IMG20241011124718-400x533.jpg 400w, https:\/\/www.osjenka.si\/ps-gorice\/wp-content\/uploads\/sites\/2\/2024\/10\/IMG20241011124718-600x800.jpg 600w, https:\/\/www.osjenka.si\/ps-gorice\/wp-content\/uploads\/sites\/2\/2024\/10\/IMG20241011124718-768x1024.jpg 768w, https:\/\/www.osjenka.si\/ps-gorice\/wp-content\/uploads\/sites\/2\/2024\/10\/IMG20241011124718-800x1067.jpg 800w, https:\/\/www.osjenka.si\/ps-gorice\/wp-content\/uploads\/sites\/2\/2024\/10\/IMG20241011124718-1152x1536.jpg 1152w, https:\/\/www.osjenka.si\/ps-gorice\/wp-content\/uploads\/sites\/2\/2024\/10\/IMG20241011124718-1200x1600.jpg 1200w, https:\/\/www.osjenka.si\/ps-gorice\/wp-content\/uploads\/sites\/2\/2024\/10\/IMG20241011124718.jpg 1440w\" data-sizes=\"auto\" data-orig-sizes=\"(max-width: 327px) 100vw, 327px\" \/> \u00a0\u00a0<img decoding=\"async\" class=\"lazyload alignnone wp-image-4026\" src=\"https:\/\/www.osjenka.si\/ps-gorice\/wp-content\/uploads\/sites\/2\/2024\/10\/IMG20241011124821-225x300.jpg\" data-orig-src=\"https:\/\/www.osjenka.si\/ps-gorice\/wp-content\/uploads\/sites\/2\/2024\/10\/IMG20241011124821-225x300.jpg\" alt=\"\" width=\"328\" height=\"437\" srcset=\"data:image\/svg+xml,%3Csvg%20xmlns%3D%27http%3A%2F%2Fwww.w3.org%2F2000%2Fsvg%27%20width%3D%27328%27%20height%3D%27437%27%20viewBox%3D%270%200%20328%20437%27%3E%3Crect%20width%3D%27328%27%20height%3D%27437%27%20fill-opacity%3D%220%22%2F%3E%3C%2Fsvg%3E\" data-srcset=\"https:\/\/www.osjenka.si\/ps-gorice\/wp-content\/uploads\/sites\/2\/2024\/10\/IMG20241011124821-200x267.jpg 200w, https:\/\/www.osjenka.si\/ps-gorice\/wp-content\/uploads\/sites\/2\/2024\/10\/IMG20241011124821-225x300.jpg 225w, https:\/\/www.osjenka.si\/ps-gorice\/wp-content\/uploads\/sites\/2\/2024\/10\/IMG20241011124821-300x400.jpg 300w, https:\/\/www.osjenka.si\/ps-gorice\/wp-content\/uploads\/sites\/2\/2024\/10\/IMG20241011124821-400x533.jpg 400w, https:\/\/www.osjenka.si\/ps-gorice\/wp-content\/uploads\/sites\/2\/2024\/10\/IMG20241011124821-600x800.jpg 600w, https:\/\/www.osjenka.si\/ps-gorice\/wp-content\/uploads\/sites\/2\/2024\/10\/IMG20241011124821-768x1024.jpg 768w, https:\/\/www.osjenka.si\/ps-gorice\/wp-content\/uploads\/sites\/2\/2024\/10\/IMG20241011124821-800x1067.jpg 800w, https:\/\/www.osjenka.si\/ps-gorice\/wp-content\/uploads\/sites\/2\/2024\/10\/IMG20241011124821-1152x1536.jpg 1152w, https:\/\/www.osjenka.si\/ps-gorice\/wp-content\/uploads\/sites\/2\/2024\/10\/IMG20241011124821-1200x1600.jpg 1200w, https:\/\/www.osjenka.si\/ps-gorice\/wp-content\/uploads\/sites\/2\/2024\/10\/IMG20241011124821.jpg 1440w\" data-sizes=\"auto\" data-orig-sizes=\"(max-width: 328px) 100vw, 328px\" \/><\/p>\n","protected":false},"excerpt":{"rendered":"<p>V na\u0161i \u0161oli smo Teden otroka letos obele\u017eili z razli\u010dnimi dejavnostmi. Predstavniki razredov so dobili nalogo, da v sodelovanju s so\u0161olci vsak dan napi\u0161ejo, kaj jim je bilo v tistem dnevu najbolj v\u0161e\u010d. Te misli so zapisali na liste in jih nalepili na plakat na \u0161olskem hodniku. Nekateri so zapisali, da jim je bila najbolj v\u0161e\u010d \u0161portna ura, drugi so u\u017eivali v ustvarjalnih nalogah, spet tretji so izpostavili malico.\u00a0 Razmi\u0161ljali smo o tem, kaj nas \u0161ola nau\u010di in kaj vse bi radi po\u010deli v \u017eivljenju.\u00a0 \u00a0 \u00a0\u00a0 &nbsp; Starej\u0161i u\u010denci pa so pisali zgodbe Moje igranje pred stotimi leti. Moje igranje [&hellip;]<\/p>\n","protected":false},"author":7,"featured_media":4024,"comment_status":"open","ping_status":"open","sticky":false,"template":"","format":"standard","meta":{"footnotes":""},"categories":[1],"tags":[],"class_list":["post-4015","post","type-post","status-publish","format-standard","has-post-thumbnail","hentry","category-nekategorizirano"],"yoast_head":"<!-- This site is optimized with the Yoast SEO plugin v19.11 - https:\/\/yoast.com\/wordpress\/plugins\/seo\/ -->\n<title>Teden otroka - Otrok, nepopisan list - P\u0160 Gori\u010de<\/title>\n<meta name=\"robots\" content=\"index, follow, max-snippet:-1, max-image-preview:large, max-video-preview:-1\" \/>\n<link rel=\"canonical\" href=\"https:\/\/www.osjenka.si\/ps-gorice\/2024\/10\/12\/teden-otroka-otrok-nepopisan-list\/\" \/>\n<meta property=\"og:locale\" content=\"sl_SI\" \/>\n<meta property=\"og:type\" content=\"article\" \/>\n<meta property=\"og:title\" content=\"Teden otroka - Otrok, nepopisan list - P\u0160 Gori\u010de\" \/>\n<meta property=\"og:description\" content=\"V na\u0161i \u0161oli smo Teden otroka letos obele\u017eili z razli\u010dnimi dejavnostmi. Predstavniki razredov so dobili nalogo, da v sodelovanju s so\u0161olci vsak dan napi\u0161ejo, kaj jim je bilo v tistem dnevu najbolj v\u0161e\u010d. Te misli so zapisali na liste in jih nalepili na plakat na \u0161olskem hodniku. Nekateri so zapisali, da jim je bila najbolj v\u0161e\u010d \u0161portna ura, drugi so u\u017eivali v ustvarjalnih nalogah, spet tretji so izpostavili malico.\u00a0 Razmi\u0161ljali smo o tem, kaj nas \u0161ola nau\u010di in kaj vse bi radi po\u010deli v \u017eivljenju.\u00a0 \u00a0 \u00a0\u00a0 &nbsp; Starej\u0161i u\u010denci pa so pisali zgodbe Moje igranje pred stotimi leti. Moje igranje [&hellip;]\" \/>\n<meta property=\"og:url\" content=\"https:\/\/www.osjenka.si\/ps-gorice\/2024\/10\/12\/teden-otroka-otrok-nepopisan-list\/\" \/>\n<meta property=\"og:site_name\" content=\"P\u0160 Gori\u010de\" \/>\n<meta property=\"article:published_time\" content=\"2024-10-12T20:00:25+00:00\" \/>\n<meta property=\"article:modified_time\" content=\"2024-10-14T15:17:23+00:00\" \/>\n<meta property=\"og:image\" content=\"https:\/\/www.osjenka.si\/ps-gorice\/wp-content\/uploads\/sites\/2\/2024\/10\/IMG20241011124740.jpg\" \/>\n\t<meta property=\"og:image:width\" content=\"1440\" \/>\n\t<meta property=\"og:image:height\" content=\"1920\" \/>\n\t<meta property=\"og:image:type\" content=\"image\/jpeg\" \/>\n<meta name=\"author\" content=\"vilma\" \/>\n<meta name=\"twitter:card\" content=\"summary_large_image\" \/>\n<meta name=\"twitter:label1\" content=\"Written by\" \/>\n\t<meta name=\"twitter:data1\" content=\"vilma\" \/>\n\t<meta name=\"twitter:label2\" content=\"Est. reading time\" \/>\n\t<meta name=\"twitter:data2\" content=\"5 minut\" \/>\n<script type=\"application\/ld+json\" class=\"yoast-schema-graph\">{\"@context\":\"https:\/\/schema.org\",\"@graph\":[{\"@type\":\"WebPage\",\"@id\":\"https:\/\/www.osjenka.si\/ps-gorice\/2024\/10\/12\/teden-otroka-otrok-nepopisan-list\/\",\"url\":\"https:\/\/www.osjenka.si\/ps-gorice\/2024\/10\/12\/teden-otroka-otrok-nepopisan-list\/\",\"name\":\"Teden otroka - Otrok, nepopisan list - P\u0160 Gori\u010de\",\"isPartOf\":{\"@id\":\"https:\/\/www.osjenka.si\/ps-gorice\/#website\"},\"datePublished\":\"2024-10-12T20:00:25+00:00\",\"dateModified\":\"2024-10-14T15:17:23+00:00\",\"author\":{\"@id\":\"https:\/\/www.osjenka.si\/ps-gorice\/#\/schema\/person\/94f44dbd9351bedc48d18ae7ab8a6706\"},\"breadcrumb\":{\"@id\":\"https:\/\/www.osjenka.si\/ps-gorice\/2024\/10\/12\/teden-otroka-otrok-nepopisan-list\/#breadcrumb\"},\"inLanguage\":\"sl-SI\",\"potentialAction\":[{\"@type\":\"ReadAction\",\"target\":[\"https:\/\/www.osjenka.si\/ps-gorice\/2024\/10\/12\/teden-otroka-otrok-nepopisan-list\/\"]}]},{\"@type\":\"BreadcrumbList\",\"@id\":\"https:\/\/www.osjenka.si\/ps-gorice\/2024\/10\/12\/teden-otroka-otrok-nepopisan-list\/#breadcrumb\",\"itemListElement\":[{\"@type\":\"ListItem\",\"position\":1,\"name\":\"Home\",\"item\":\"https:\/\/www.osjenka.si\/ps-gorice\/\"},{\"@type\":\"ListItem\",\"position\":2,\"name\":\"Teden otroka &#8211; Otrok, nepopisan list\"}]},{\"@type\":\"WebSite\",\"@id\":\"https:\/\/www.osjenka.si\/ps-gorice\/#website\",\"url\":\"https:\/\/www.osjenka.si\/ps-gorice\/\",\"name\":\"P\u0160 Gori\u010de\",\"description\":\"\",\"potentialAction\":[{\"@type\":\"SearchAction\",\"target\":{\"@type\":\"EntryPoint\",\"urlTemplate\":\"https:\/\/www.osjenka.si\/ps-gorice\/?s={search_term_string}\"},\"query-input\":\"required name=search_term_string\"}],\"inLanguage\":\"sl-SI\"},{\"@type\":\"Person\",\"@id\":\"https:\/\/www.osjenka.si\/ps-gorice\/#\/schema\/person\/94f44dbd9351bedc48d18ae7ab8a6706\",\"name\":\"vilma\",\"image\":{\"@type\":\"ImageObject\",\"inLanguage\":\"sl-SI\",\"@id\":\"https:\/\/www.osjenka.si\/ps-gorice\/#\/schema\/person\/image\/\",\"url\":\"https:\/\/secure.gravatar.com\/avatar\/41aa9d6664f90f3f3e03d130efd6192ff719c2d6a65ccdf098d3c2abf35d7aa6?s=96&d=mm&r=g\",\"contentUrl\":\"https:\/\/secure.gravatar.com\/avatar\/41aa9d6664f90f3f3e03d130efd6192ff719c2d6a65ccdf098d3c2abf35d7aa6?s=96&d=mm&r=g\",\"caption\":\"vilma\"},\"url\":\"https:\/\/www.osjenka.si\/ps-gorice\/author\/vilma\/\"}]}<\/script>\n<!-- \/ Yoast SEO plugin. -->","yoast_head_json":{"title":"Teden otroka - Otrok, nepopisan list - P\u0160 Gori\u010de","robots":{"index":"index","follow":"follow","max-snippet":"max-snippet:-1","max-image-preview":"max-image-preview:large","max-video-preview":"max-video-preview:-1"},"canonical":"https:\/\/www.osjenka.si\/ps-gorice\/2024\/10\/12\/teden-otroka-otrok-nepopisan-list\/","og_locale":"sl_SI","og_type":"article","og_title":"Teden otroka - Otrok, nepopisan list - P\u0160 Gori\u010de","og_description":"V na\u0161i \u0161oli smo Teden otroka letos obele\u017eili z razli\u010dnimi dejavnostmi. Predstavniki razredov so dobili nalogo, da v sodelovanju s so\u0161olci vsak dan napi\u0161ejo, kaj jim je bilo v tistem dnevu najbolj v\u0161e\u010d. Te misli so zapisali na liste in jih nalepili na plakat na \u0161olskem hodniku. Nekateri so zapisali, da jim je bila najbolj v\u0161e\u010d \u0161portna ura, drugi so u\u017eivali v ustvarjalnih nalogah, spet tretji so izpostavili malico.\u00a0 Razmi\u0161ljali smo o tem, kaj nas \u0161ola nau\u010di in kaj vse bi radi po\u010deli v \u017eivljenju.\u00a0 \u00a0 \u00a0\u00a0 &nbsp; Starej\u0161i u\u010denci pa so pisali zgodbe Moje igranje pred stotimi leti. Moje igranje [&hellip;]","og_url":"https:\/\/www.osjenka.si\/ps-gorice\/2024\/10\/12\/teden-otroka-otrok-nepopisan-list\/","og_site_name":"P\u0160 Gori\u010de","article_published_time":"2024-10-12T20:00:25+00:00","article_modified_time":"2024-10-14T15:17:23+00:00","og_image":[{"width":1440,"height":1920,"url":"https:\/\/www.osjenka.si\/ps-gorice\/wp-content\/uploads\/sites\/2\/2024\/10\/IMG20241011124740.jpg","type":"image\/jpeg"}],"author":"vilma","twitter_card":"summary_large_image","twitter_misc":{"Written by":"vilma","Est. reading time":"5 minut"},"schema":{"@context":"https:\/\/schema.org","@graph":[{"@type":"WebPage","@id":"https:\/\/www.osjenka.si\/ps-gorice\/2024\/10\/12\/teden-otroka-otrok-nepopisan-list\/","url":"https:\/\/www.osjenka.si\/ps-gorice\/2024\/10\/12\/teden-otroka-otrok-nepopisan-list\/","name":"Teden otroka - Otrok, nepopisan list - P\u0160 Gori\u010de","isPartOf":{"@id":"https:\/\/www.osjenka.si\/ps-gorice\/#website"},"datePublished":"2024-10-12T20:00:25+00:00","dateModified":"2024-10-14T15:17:23+00:00","author":{"@id":"https:\/\/www.osjenka.si\/ps-gorice\/#\/schema\/person\/94f44dbd9351bedc48d18ae7ab8a6706"},"breadcrumb":{"@id":"https:\/\/www.osjenka.si\/ps-gorice\/2024\/10\/12\/teden-otroka-otrok-nepopisan-list\/#breadcrumb"},"inLanguage":"sl-SI","potentialAction":[{"@type":"ReadAction","target":["https:\/\/www.osjenka.si\/ps-gorice\/2024\/10\/12\/teden-otroka-otrok-nepopisan-list\/"]}]},{"@type":"BreadcrumbList","@id":"https:\/\/www.osjenka.si\/ps-gorice\/2024\/10\/12\/teden-otroka-otrok-nepopisan-list\/#breadcrumb","itemListElement":[{"@type":"ListItem","position":1,"name":"Home","item":"https:\/\/www.osjenka.si\/ps-gorice\/"},{"@type":"ListItem","position":2,"name":"Teden otroka &#8211; Otrok, nepopisan list"}]},{"@type":"WebSite","@id":"https:\/\/www.osjenka.si\/ps-gorice\/#website","url":"https:\/\/www.osjenka.si\/ps-gorice\/","name":"P\u0160 Gori\u010de","description":"","potentialAction":[{"@type":"SearchAction","target":{"@type":"EntryPoint","urlTemplate":"https:\/\/www.osjenka.si\/ps-gorice\/?s={search_term_string}"},"query-input":"required name=search_term_string"}],"inLanguage":"sl-SI"},{"@type":"Person","@id":"https:\/\/www.osjenka.si\/ps-gorice\/#\/schema\/person\/94f44dbd9351bedc48d18ae7ab8a6706","name":"vilma","image":{"@type":"ImageObject","inLanguage":"sl-SI","@id":"https:\/\/www.osjenka.si\/ps-gorice\/#\/schema\/person\/image\/","url":"https:\/\/secure.gravatar.com\/avatar\/41aa9d6664f90f3f3e03d130efd6192ff719c2d6a65ccdf098d3c2abf35d7aa6?s=96&d=mm&r=g","contentUrl":"https:\/\/secure.gravatar.com\/avatar\/41aa9d6664f90f3f3e03d130efd6192ff719c2d6a65ccdf098d3c2abf35d7aa6?s=96&d=mm&r=g","caption":"vilma"},"url":"https:\/\/www.osjenka.si\/ps-gorice\/author\/vilma\/"}]}},"_links":{"self":[{"href":"https:\/\/www.osjenka.si\/ps-gorice\/wp-json\/wp\/v2\/posts\/4015","targetHints":{"allow":["GET"]}}],"collection":[{"href":"https:\/\/www.osjenka.si\/ps-gorice\/wp-json\/wp\/v2\/posts"}],"about":[{"href":"https:\/\/www.osjenka.si\/ps-gorice\/wp-json\/wp\/v2\/types\/post"}],"author":[{"embeddable":true,"href":"https:\/\/www.osjenka.si\/ps-gorice\/wp-json\/wp\/v2\/users\/7"}],"replies":[{"embeddable":true,"href":"https:\/\/www.osjenka.si\/ps-gorice\/wp-json\/wp\/v2\/comments?post=4015"}],"version-history":[{"count":4,"href":"https:\/\/www.osjenka.si\/ps-gorice\/wp-json\/wp\/v2\/posts\/4015\/revisions"}],"predecessor-version":[{"id":4032,"href":"https:\/\/www.osjenka.si\/ps-gorice\/wp-json\/wp\/v2\/posts\/4015\/revisions\/4032"}],"wp:featuredmedia":[{"embeddable":true,"href":"https:\/\/www.osjenka.si\/ps-gorice\/wp-json\/wp\/v2\/media\/4024"}],"wp:attachment":[{"href":"https:\/\/www.osjenka.si\/ps-gorice\/wp-json\/wp\/v2\/media?parent=4015"}],"wp:term":[{"taxonomy":"category","embeddable":true,"href":"https:\/\/www.osjenka.si\/ps-gorice\/wp-json\/wp\/v2\/categories?post=4015"},{"taxonomy":"post_tag","embeddable":true,"href":"https:\/\/www.osjenka.si\/ps-gorice\/wp-json\/wp\/v2\/tags?post=4015"}],"curies":[{"name":"wp","href":"https:\/\/api.w.org\/{rel}","templated":true}]}}