{"id":4179,"date":"2024-12-11T20:40:32","date_gmt":"2024-12-11T19:40:32","guid":{"rendered":"https:\/\/www.osjenka.si\/ps-gorice\/?p=4179"},"modified":"2024-12-11T20:40:32","modified_gmt":"2024-12-11T19:40:32","slug":"najmlajsi-zapeli-starejsim-krajanom","status":"publish","type":"post","link":"https:\/\/www.osjenka.si\/ps-gorice\/2024\/12\/11\/najmlajsi-zapeli-starejsim-krajanom\/","title":{"rendered":"Najmlaj\u0161i zapeli starej\u0161im krajanom"},"content":{"rendered":"<h4 style=\"text-align: center\"><span style=\"color: #0000ff\">Bli\u017eajo se prazniki in v tem \u010dasu je prav, da se krajani spomnijo vseh starej\u0161ih sova\u0161\u010danov in jih povabijo na prijeten klepet. Seveda jim v okviru RK vedno pripravijo tudi zanimiv kulturni program in pogostitev. Starej\u0161i krajani so vedno veseli najmlaj\u0161ih, ki jim s pesmijo popestrijo skupno sre\u010danje. <\/span><\/h4>\n<h4 style=\"text-align: center\"><span style=\"color: #0000ff\">Letos je bilo sre\u010danje v sredo, 11. 12. 2024, v kulturnem domu. U\u010denci P\u0160 Gori\u010de, ki obiskujejo pevske vaje, so jim zapeli tri zimske pesmice, prvo\u0161olke pa so jim povedale, zakaj imajo babice in dedke.\u00a0<\/span><\/h4>\n<h4 style=\"text-align: center\"><span style=\"color: #0000ff\">Ob tej prilo\u017enosti jim je peto\u0161olka Ula\u00a0 v imenu vseh u\u010dencev in u\u010diteljev podru\u017eni\u010dne \u0161ole za\u017eelela lepe praznike in sre\u010dno novo leto.<\/span><\/h4>\n<div id=\"attachment_4181\" style=\"width: 678px\" class=\"wp-caption aligncenter\"><img decoding=\"async\" aria-describedby=\"caption-attachment-4181\" class=\"lazyload wp-image-4181\" src=\"https:\/\/www.osjenka.si\/ps-gorice\/wp-content\/uploads\/sites\/2\/2024\/12\/prireditev-RK-300x225.jpg\" data-orig-src=\"https:\/\/www.osjenka.si\/ps-gorice\/wp-content\/uploads\/sites\/2\/2024\/12\/prireditev-RK-300x225.jpg\" alt=\"\" width=\"668\" height=\"501\" srcset=\"data:image\/svg+xml,%3Csvg%20xmlns%3D%27http%3A%2F%2Fwww.w3.org%2F2000%2Fsvg%27%20width%3D%27668%27%20height%3D%27501%27%20viewBox%3D%270%200%20668%20501%27%3E%3Crect%20width%3D%27668%27%20height%3D%27501%27%20fill-opacity%3D%220%22%2F%3E%3C%2Fsvg%3E\" data-srcset=\"https:\/\/www.osjenka.si\/ps-gorice\/wp-content\/uploads\/sites\/2\/2024\/12\/prireditev-RK-200x150.jpg 200w, https:\/\/www.osjenka.si\/ps-gorice\/wp-content\/uploads\/sites\/2\/2024\/12\/prireditev-RK-300x225.jpg 300w, https:\/\/www.osjenka.si\/ps-gorice\/wp-content\/uploads\/sites\/2\/2024\/12\/prireditev-RK-400x300.jpg 400w, https:\/\/www.osjenka.si\/ps-gorice\/wp-content\/uploads\/sites\/2\/2024\/12\/prireditev-RK-600x450.jpg 600w, https:\/\/www.osjenka.si\/ps-gorice\/wp-content\/uploads\/sites\/2\/2024\/12\/prireditev-RK-768x576.jpg 768w, https:\/\/www.osjenka.si\/ps-gorice\/wp-content\/uploads\/sites\/2\/2024\/12\/prireditev-RK-800x600.jpg 800w, https:\/\/www.osjenka.si\/ps-gorice\/wp-content\/uploads\/sites\/2\/2024\/12\/prireditev-RK-1024x768.jpg 1024w, https:\/\/www.osjenka.si\/ps-gorice\/wp-content\/uploads\/sites\/2\/2024\/12\/prireditev-RK-1200x900.jpg 1200w, https:\/\/www.osjenka.si\/ps-gorice\/wp-content\/uploads\/sites\/2\/2024\/12\/prireditev-RK-1536x1152.jpg 1536w, https:\/\/www.osjenka.si\/ps-gorice\/wp-content\/uploads\/sites\/2\/2024\/12\/prireditev-RK.jpg 1600w\" data-sizes=\"auto\" data-orig-sizes=\"(max-width: 668px) 100vw, 668px\" \/><p id=\"caption-attachment-4181\" class=\"wp-caption-text\">Pred nastopom si je potrebno ogreti glasilke, ponoviti pesmi in tremo pred nastopom pustiti kar pred vrati dvorane.<\/p><\/div>\n<div id=\"attachment_4182\" style=\"width: 794px\" class=\"wp-caption aligncenter\"><img decoding=\"async\" aria-describedby=\"caption-attachment-4182\" class=\"lazyload wp-image-4182\" src=\"https:\/\/www.osjenka.si\/ps-gorice\/wp-content\/uploads\/sites\/2\/2024\/12\/prireditev-RK.1-1-300x179.jpg\" data-orig-src=\"https:\/\/www.osjenka.si\/ps-gorice\/wp-content\/uploads\/sites\/2\/2024\/12\/prireditev-RK.1-1-300x179.jpg\" alt=\"\" width=\"784\" height=\"468\" srcset=\"data:image\/svg+xml,%3Csvg%20xmlns%3D%27http%3A%2F%2Fwww.w3.org%2F2000%2Fsvg%27%20width%3D%27784%27%20height%3D%27468%27%20viewBox%3D%270%200%20784%20468%27%3E%3Crect%20width%3D%27784%27%20height%3D%27468%27%20fill-opacity%3D%220%22%2F%3E%3C%2Fsvg%3E\" data-srcset=\"https:\/\/www.osjenka.si\/ps-gorice\/wp-content\/uploads\/sites\/2\/2024\/12\/prireditev-RK.1-1-200x119.jpg 200w, https:\/\/www.osjenka.si\/ps-gorice\/wp-content\/uploads\/sites\/2\/2024\/12\/prireditev-RK.1-1-300x179.jpg 300w, https:\/\/www.osjenka.si\/ps-gorice\/wp-content\/uploads\/sites\/2\/2024\/12\/prireditev-RK.1-1-400x238.jpg 400w, https:\/\/www.osjenka.si\/ps-gorice\/wp-content\/uploads\/sites\/2\/2024\/12\/prireditev-RK.1-1-600x357.jpg 600w, https:\/\/www.osjenka.si\/ps-gorice\/wp-content\/uploads\/sites\/2\/2024\/12\/prireditev-RK.1-1.jpg 762w\" data-sizes=\"auto\" data-orig-sizes=\"(max-width: 784px) 100vw, 784px\" \/><p id=\"caption-attachment-4182\" class=\"wp-caption-text\">Prvi &#8220;javni &#8220;nastop v leto\u0161njem letu pred krajani.<\/p><\/div>\n","protected":false},"excerpt":{"rendered":"<p>Bli\u017eajo se prazniki in v tem \u010dasu je prav, da se krajani spomnijo vseh starej\u0161ih sova\u0161\u010danov in jih povabijo na prijeten klepet. Seveda jim v okviru RK vedno pripravijo tudi zanimiv kulturni program in pogostitev. Starej\u0161i krajani so vedno veseli najmlaj\u0161ih, ki jim s pesmijo popestrijo skupno sre\u010danje. Letos je bilo sre\u010danje v sredo, 11. 12. 2024, v kulturnem domu. U\u010denci P\u0160 Gori\u010de, ki obiskujejo pevske vaje, so jim zapeli tri zimske pesmice, prvo\u0161olke pa so jim povedale, zakaj imajo babice in dedke.\u00a0 Ob tej prilo\u017enosti jim je peto\u0161olka Ula\u00a0 v imenu vseh u\u010dencev in u\u010diteljev podru\u017eni\u010dne \u0161ole za\u017eelela lepe praznike [&hellip;]<\/p>\n","protected":false},"author":7,"featured_media":4181,"comment_status":"open","ping_status":"open","sticky":false,"template":"","format":"standard","meta":{"footnotes":""},"categories":[1],"tags":[],"class_list":["post-4179","post","type-post","status-publish","format-standard","has-post-thumbnail","hentry","category-nekategorizirano"],"yoast_head":"<!-- This site is optimized with the Yoast SEO plugin v19.11 - https:\/\/yoast.com\/wordpress\/plugins\/seo\/ -->\n<title>Najmlaj\u0161i zapeli starej\u0161im krajanom - P\u0160 Gori\u010de<\/title>\n<meta name=\"robots\" content=\"index, follow, max-snippet:-1, max-image-preview:large, max-video-preview:-1\" \/>\n<link rel=\"canonical\" href=\"https:\/\/www.osjenka.si\/ps-gorice\/2024\/12\/11\/najmlajsi-zapeli-starejsim-krajanom\/\" \/>\n<meta property=\"og:locale\" content=\"sl_SI\" \/>\n<meta property=\"og:type\" content=\"article\" \/>\n<meta property=\"og:title\" content=\"Najmlaj\u0161i zapeli starej\u0161im krajanom - P\u0160 Gori\u010de\" \/>\n<meta property=\"og:description\" content=\"Bli\u017eajo se prazniki in v tem \u010dasu je prav, da se krajani spomnijo vseh starej\u0161ih sova\u0161\u010danov in jih povabijo na prijeten klepet. Seveda jim v okviru RK vedno pripravijo tudi zanimiv kulturni program in pogostitev. Starej\u0161i krajani so vedno veseli najmlaj\u0161ih, ki jim s pesmijo popestrijo skupno sre\u010danje. Letos je bilo sre\u010danje v sredo, 11. 12. 2024, v kulturnem domu. U\u010denci P\u0160 Gori\u010de, ki obiskujejo pevske vaje, so jim zapeli tri zimske pesmice, prvo\u0161olke pa so jim povedale, zakaj imajo babice in dedke.\u00a0 Ob tej prilo\u017enosti jim je peto\u0161olka Ula\u00a0 v imenu vseh u\u010dencev in u\u010diteljev podru\u017eni\u010dne \u0161ole za\u017eelela lepe praznike [&hellip;]\" \/>\n<meta property=\"og:url\" content=\"https:\/\/www.osjenka.si\/ps-gorice\/2024\/12\/11\/najmlajsi-zapeli-starejsim-krajanom\/\" \/>\n<meta property=\"og:site_name\" content=\"P\u0160 Gori\u010de\" \/>\n<meta property=\"article:published_time\" content=\"2024-12-11T19:40:32+00:00\" \/>\n<meta property=\"og:image\" content=\"https:\/\/www.osjenka.si\/ps-gorice\/wp-content\/uploads\/sites\/2\/2024\/12\/prireditev-RK.jpg\" \/>\n\t<meta property=\"og:image:width\" content=\"1600\" \/>\n\t<meta property=\"og:image:height\" content=\"1200\" \/>\n\t<meta property=\"og:image:type\" content=\"image\/jpeg\" \/>\n<meta name=\"author\" content=\"vilma\" \/>\n<meta name=\"twitter:card\" content=\"summary_large_image\" \/>\n<meta name=\"twitter:label1\" content=\"Written by\" \/>\n\t<meta name=\"twitter:data1\" content=\"vilma\" \/>\n\t<meta name=\"twitter:label2\" content=\"Est. reading time\" \/>\n\t<meta name=\"twitter:data2\" content=\"2 minuti\" \/>\n<script type=\"application\/ld+json\" class=\"yoast-schema-graph\">{\"@context\":\"https:\/\/schema.org\",\"@graph\":[{\"@type\":\"WebPage\",\"@id\":\"https:\/\/www.osjenka.si\/ps-gorice\/2024\/12\/11\/najmlajsi-zapeli-starejsim-krajanom\/\",\"url\":\"https:\/\/www.osjenka.si\/ps-gorice\/2024\/12\/11\/najmlajsi-zapeli-starejsim-krajanom\/\",\"name\":\"Najmlaj\u0161i zapeli starej\u0161im krajanom - P\u0160 Gori\u010de\",\"isPartOf\":{\"@id\":\"https:\/\/www.osjenka.si\/ps-gorice\/#website\"},\"datePublished\":\"2024-12-11T19:40:32+00:00\",\"dateModified\":\"2024-12-11T19:40:32+00:00\",\"author\":{\"@id\":\"https:\/\/www.osjenka.si\/ps-gorice\/#\/schema\/person\/94f44dbd9351bedc48d18ae7ab8a6706\"},\"breadcrumb\":{\"@id\":\"https:\/\/www.osjenka.si\/ps-gorice\/2024\/12\/11\/najmlajsi-zapeli-starejsim-krajanom\/#breadcrumb\"},\"inLanguage\":\"sl-SI\",\"potentialAction\":[{\"@type\":\"ReadAction\",\"target\":[\"https:\/\/www.osjenka.si\/ps-gorice\/2024\/12\/11\/najmlajsi-zapeli-starejsim-krajanom\/\"]}]},{\"@type\":\"BreadcrumbList\",\"@id\":\"https:\/\/www.osjenka.si\/ps-gorice\/2024\/12\/11\/najmlajsi-zapeli-starejsim-krajanom\/#breadcrumb\",\"itemListElement\":[{\"@type\":\"ListItem\",\"position\":1,\"name\":\"Home\",\"item\":\"https:\/\/www.osjenka.si\/ps-gorice\/\"},{\"@type\":\"ListItem\",\"position\":2,\"name\":\"Najmlaj\u0161i zapeli starej\u0161im krajanom\"}]},{\"@type\":\"WebSite\",\"@id\":\"https:\/\/www.osjenka.si\/ps-gorice\/#website\",\"url\":\"https:\/\/www.osjenka.si\/ps-gorice\/\",\"name\":\"P\u0160 Gori\u010de\",\"description\":\"\",\"potentialAction\":[{\"@type\":\"SearchAction\",\"target\":{\"@type\":\"EntryPoint\",\"urlTemplate\":\"https:\/\/www.osjenka.si\/ps-gorice\/?s={search_term_string}\"},\"query-input\":\"required name=search_term_string\"}],\"inLanguage\":\"sl-SI\"},{\"@type\":\"Person\",\"@id\":\"https:\/\/www.osjenka.si\/ps-gorice\/#\/schema\/person\/94f44dbd9351bedc48d18ae7ab8a6706\",\"name\":\"vilma\",\"image\":{\"@type\":\"ImageObject\",\"inLanguage\":\"sl-SI\",\"@id\":\"https:\/\/www.osjenka.si\/ps-gorice\/#\/schema\/person\/image\/\",\"url\":\"https:\/\/secure.gravatar.com\/avatar\/41aa9d6664f90f3f3e03d130efd6192ff719c2d6a65ccdf098d3c2abf35d7aa6?s=96&d=mm&r=g\",\"contentUrl\":\"https:\/\/secure.gravatar.com\/avatar\/41aa9d6664f90f3f3e03d130efd6192ff719c2d6a65ccdf098d3c2abf35d7aa6?s=96&d=mm&r=g\",\"caption\":\"vilma\"},\"url\":\"https:\/\/www.osjenka.si\/ps-gorice\/author\/vilma\/\"}]}<\/script>\n<!-- \/ Yoast SEO plugin. -->","yoast_head_json":{"title":"Najmlaj\u0161i zapeli starej\u0161im krajanom - P\u0160 Gori\u010de","robots":{"index":"index","follow":"follow","max-snippet":"max-snippet:-1","max-image-preview":"max-image-preview:large","max-video-preview":"max-video-preview:-1"},"canonical":"https:\/\/www.osjenka.si\/ps-gorice\/2024\/12\/11\/najmlajsi-zapeli-starejsim-krajanom\/","og_locale":"sl_SI","og_type":"article","og_title":"Najmlaj\u0161i zapeli starej\u0161im krajanom - P\u0160 Gori\u010de","og_description":"Bli\u017eajo se prazniki in v tem \u010dasu je prav, da se krajani spomnijo vseh starej\u0161ih sova\u0161\u010danov in jih povabijo na prijeten klepet. Seveda jim v okviru RK vedno pripravijo tudi zanimiv kulturni program in pogostitev. Starej\u0161i krajani so vedno veseli najmlaj\u0161ih, ki jim s pesmijo popestrijo skupno sre\u010danje. Letos je bilo sre\u010danje v sredo, 11. 12. 2024, v kulturnem domu. U\u010denci P\u0160 Gori\u010de, ki obiskujejo pevske vaje, so jim zapeli tri zimske pesmice, prvo\u0161olke pa so jim povedale, zakaj imajo babice in dedke.\u00a0 Ob tej prilo\u017enosti jim je peto\u0161olka Ula\u00a0 v imenu vseh u\u010dencev in u\u010diteljev podru\u017eni\u010dne \u0161ole za\u017eelela lepe praznike [&hellip;]","og_url":"https:\/\/www.osjenka.si\/ps-gorice\/2024\/12\/11\/najmlajsi-zapeli-starejsim-krajanom\/","og_site_name":"P\u0160 Gori\u010de","article_published_time":"2024-12-11T19:40:32+00:00","og_image":[{"width":1600,"height":1200,"url":"https:\/\/www.osjenka.si\/ps-gorice\/wp-content\/uploads\/sites\/2\/2024\/12\/prireditev-RK.jpg","type":"image\/jpeg"}],"author":"vilma","twitter_card":"summary_large_image","twitter_misc":{"Written by":"vilma","Est. reading time":"2 minuti"},"schema":{"@context":"https:\/\/schema.org","@graph":[{"@type":"WebPage","@id":"https:\/\/www.osjenka.si\/ps-gorice\/2024\/12\/11\/najmlajsi-zapeli-starejsim-krajanom\/","url":"https:\/\/www.osjenka.si\/ps-gorice\/2024\/12\/11\/najmlajsi-zapeli-starejsim-krajanom\/","name":"Najmlaj\u0161i zapeli starej\u0161im krajanom - P\u0160 Gori\u010de","isPartOf":{"@id":"https:\/\/www.osjenka.si\/ps-gorice\/#website"},"datePublished":"2024-12-11T19:40:32+00:00","dateModified":"2024-12-11T19:40:32+00:00","author":{"@id":"https:\/\/www.osjenka.si\/ps-gorice\/#\/schema\/person\/94f44dbd9351bedc48d18ae7ab8a6706"},"breadcrumb":{"@id":"https:\/\/www.osjenka.si\/ps-gorice\/2024\/12\/11\/najmlajsi-zapeli-starejsim-krajanom\/#breadcrumb"},"inLanguage":"sl-SI","potentialAction":[{"@type":"ReadAction","target":["https:\/\/www.osjenka.si\/ps-gorice\/2024\/12\/11\/najmlajsi-zapeli-starejsim-krajanom\/"]}]},{"@type":"BreadcrumbList","@id":"https:\/\/www.osjenka.si\/ps-gorice\/2024\/12\/11\/najmlajsi-zapeli-starejsim-krajanom\/#breadcrumb","itemListElement":[{"@type":"ListItem","position":1,"name":"Home","item":"https:\/\/www.osjenka.si\/ps-gorice\/"},{"@type":"ListItem","position":2,"name":"Najmlaj\u0161i zapeli starej\u0161im krajanom"}]},{"@type":"WebSite","@id":"https:\/\/www.osjenka.si\/ps-gorice\/#website","url":"https:\/\/www.osjenka.si\/ps-gorice\/","name":"P\u0160 Gori\u010de","description":"","potentialAction":[{"@type":"SearchAction","target":{"@type":"EntryPoint","urlTemplate":"https:\/\/www.osjenka.si\/ps-gorice\/?s={search_term_string}"},"query-input":"required name=search_term_string"}],"inLanguage":"sl-SI"},{"@type":"Person","@id":"https:\/\/www.osjenka.si\/ps-gorice\/#\/schema\/person\/94f44dbd9351bedc48d18ae7ab8a6706","name":"vilma","image":{"@type":"ImageObject","inLanguage":"sl-SI","@id":"https:\/\/www.osjenka.si\/ps-gorice\/#\/schema\/person\/image\/","url":"https:\/\/secure.gravatar.com\/avatar\/41aa9d6664f90f3f3e03d130efd6192ff719c2d6a65ccdf098d3c2abf35d7aa6?s=96&d=mm&r=g","contentUrl":"https:\/\/secure.gravatar.com\/avatar\/41aa9d6664f90f3f3e03d130efd6192ff719c2d6a65ccdf098d3c2abf35d7aa6?s=96&d=mm&r=g","caption":"vilma"},"url":"https:\/\/www.osjenka.si\/ps-gorice\/author\/vilma\/"}]}},"_links":{"self":[{"href":"https:\/\/www.osjenka.si\/ps-gorice\/wp-json\/wp\/v2\/posts\/4179","targetHints":{"allow":["GET"]}}],"collection":[{"href":"https:\/\/www.osjenka.si\/ps-gorice\/wp-json\/wp\/v2\/posts"}],"about":[{"href":"https:\/\/www.osjenka.si\/ps-gorice\/wp-json\/wp\/v2\/types\/post"}],"author":[{"embeddable":true,"href":"https:\/\/www.osjenka.si\/ps-gorice\/wp-json\/wp\/v2\/users\/7"}],"replies":[{"embeddable":true,"href":"https:\/\/www.osjenka.si\/ps-gorice\/wp-json\/wp\/v2\/comments?post=4179"}],"version-history":[{"count":3,"href":"https:\/\/www.osjenka.si\/ps-gorice\/wp-json\/wp\/v2\/posts\/4179\/revisions"}],"predecessor-version":[{"id":4185,"href":"https:\/\/www.osjenka.si\/ps-gorice\/wp-json\/wp\/v2\/posts\/4179\/revisions\/4185"}],"wp:featuredmedia":[{"embeddable":true,"href":"https:\/\/www.osjenka.si\/ps-gorice\/wp-json\/wp\/v2\/media\/4181"}],"wp:attachment":[{"href":"https:\/\/www.osjenka.si\/ps-gorice\/wp-json\/wp\/v2\/media?parent=4179"}],"wp:term":[{"taxonomy":"category","embeddable":true,"href":"https:\/\/www.osjenka.si\/ps-gorice\/wp-json\/wp\/v2\/categories?post=4179"},{"taxonomy":"post_tag","embeddable":true,"href":"https:\/\/www.osjenka.si\/ps-gorice\/wp-json\/wp\/v2\/tags?post=4179"}],"curies":[{"name":"wp","href":"https:\/\/api.w.org\/{rel}","templated":true}]}}