{"id":4193,"date":"2024-12-25T20:37:22","date_gmt":"2024-12-25T19:37:22","guid":{"rendered":"https:\/\/www.osjenka.si\/ps-gorice\/?p=4193"},"modified":"2024-12-25T20:37:22","modified_gmt":"2024-12-25T19:37:22","slug":"kd-zabji-kralj-ocaral-ucence","status":"publish","type":"post","link":"https:\/\/www.osjenka.si\/ps-gorice\/2024\/12\/25\/kd-zabji-kralj-ocaral-ucence\/","title":{"rendered":"KD &#8211; \u017dabji kralj o\u010daral u\u010dence"},"content":{"rendered":"<h4 style=\"text-align: center\"><span style=\"color: #008000\">U\u010denci od 1. do 3. razreda so si v Kulturnem domu v Gori\u010dah ogledali zabavno in pou\u010dno predstavo \u2013 opereto\u00a0<em>\u017dabji kralj<\/em>. Predstava je otrokom pri\u010darala prav posebno do\u017eivetje, saj so spremljali zgodbo o \u017eabjem kralju, ki je zaradi \u010darobnega uroka ponosno vladal svetu \u017eab.<\/span><\/h4>\n<p><img decoding=\"async\" class=\"lazyload  wp-image-4196 aligncenter\" src=\"https:\/\/www.osjenka.si\/ps-gorice\/wp-content\/uploads\/sites\/2\/2024\/12\/IMG20241217101809-225x300.jpg\" data-orig-src=\"https:\/\/www.osjenka.si\/ps-gorice\/wp-content\/uploads\/sites\/2\/2024\/12\/IMG20241217101809-225x300.jpg\" alt=\"\" width=\"386\" height=\"515\" srcset=\"data:image\/svg+xml,%3Csvg%20xmlns%3D%27http%3A%2F%2Fwww.w3.org%2F2000%2Fsvg%27%20width%3D%27386%27%20height%3D%27515%27%20viewBox%3D%270%200%20386%20515%27%3E%3Crect%20width%3D%27386%27%20height%3D%27515%27%20fill-opacity%3D%220%22%2F%3E%3C%2Fsvg%3E\" data-srcset=\"https:\/\/www.osjenka.si\/ps-gorice\/wp-content\/uploads\/sites\/2\/2024\/12\/IMG20241217101809-200x267.jpg 200w, https:\/\/www.osjenka.si\/ps-gorice\/wp-content\/uploads\/sites\/2\/2024\/12\/IMG20241217101809-225x300.jpg 225w, https:\/\/www.osjenka.si\/ps-gorice\/wp-content\/uploads\/sites\/2\/2024\/12\/IMG20241217101809-300x400.jpg 300w, https:\/\/www.osjenka.si\/ps-gorice\/wp-content\/uploads\/sites\/2\/2024\/12\/IMG20241217101809-400x533.jpg 400w, https:\/\/www.osjenka.si\/ps-gorice\/wp-content\/uploads\/sites\/2\/2024\/12\/IMG20241217101809-600x800.jpg 600w, https:\/\/www.osjenka.si\/ps-gorice\/wp-content\/uploads\/sites\/2\/2024\/12\/IMG20241217101809-768x1024.jpg 768w, https:\/\/www.osjenka.si\/ps-gorice\/wp-content\/uploads\/sites\/2\/2024\/12\/IMG20241217101809-800x1067.jpg 800w, https:\/\/www.osjenka.si\/ps-gorice\/wp-content\/uploads\/sites\/2\/2024\/12\/IMG20241217101809-1152x1536.jpg 1152w, https:\/\/www.osjenka.si\/ps-gorice\/wp-content\/uploads\/sites\/2\/2024\/12\/IMG20241217101809-1200x1600.jpg 1200w, https:\/\/www.osjenka.si\/ps-gorice\/wp-content\/uploads\/sites\/2\/2024\/12\/IMG20241217101809.jpg 1440w\" data-sizes=\"auto\" data-orig-sizes=\"(max-width: 386px) 100vw, 386px\" \/><\/p>\n<div style=\"text-align: center\">\u017dabji kralj &#8211; operna pravljica z Evo \u010cerne Avbelj in Klemnom Torkarjem<\/div>\n<div><\/div>\n<h4 style=\"text-align: center\"><span style=\"color: #008000\">Pravljica nas opozarja na nehvale\u017enost, ki jo pogosto izkazujemo do udobja, ki nas obdaja. Pogosto spregledamo tiste, ki so del na\u0161ega vsakdana \u2013 so\u010dloveka, prijatelja, \u010distilko, hi\u0161nika. Vzeli smo si za samoumevno, da nam nekdo z ljubeznijo pripravi zajtrk, kosilo in ve\u010derjo. Mislimo, da je lepota narave zgolj naklju\u010dje? In ali sploh razumemo, da ljubezen ni nekaj, kar bi lahko kupili v trgovini?\u00a0<\/span><\/h4>\n<h4 style=\"text-align: center\"><span style=\"color: #008000\">U\u010denci so med predstavo u\u017eivali v veselih melodijah in igrivih trenutkih, ki so jih popeljali v pravlji\u010dni svet.\u00a0<\/span><\/h4>\n<div><img decoding=\"async\" class=\"lazyload alignnone wp-image-4194 aligncenter\" src=\"https:\/\/www.osjenka.si\/ps-gorice\/wp-content\/uploads\/sites\/2\/2024\/12\/carovnica-300x193.jpg\" data-orig-src=\"https:\/\/www.osjenka.si\/ps-gorice\/wp-content\/uploads\/sites\/2\/2024\/12\/carovnica-300x193.jpg\" alt=\"\" width=\"508\" height=\"327\" srcset=\"data:image\/svg+xml,%3Csvg%20xmlns%3D%27http%3A%2F%2Fwww.w3.org%2F2000%2Fsvg%27%20width%3D%27508%27%20height%3D%27327%27%20viewBox%3D%270%200%20508%20327%27%3E%3Crect%20width%3D%27508%27%20height%3D%27327%27%20fill-opacity%3D%220%22%2F%3E%3C%2Fsvg%3E\" data-srcset=\"https:\/\/www.osjenka.si\/ps-gorice\/wp-content\/uploads\/sites\/2\/2024\/12\/carovnica-200x129.jpg 200w, https:\/\/www.osjenka.si\/ps-gorice\/wp-content\/uploads\/sites\/2\/2024\/12\/carovnica-300x193.jpg 300w, https:\/\/www.osjenka.si\/ps-gorice\/wp-content\/uploads\/sites\/2\/2024\/12\/carovnica-400x258.jpg 400w, https:\/\/www.osjenka.si\/ps-gorice\/wp-content\/uploads\/sites\/2\/2024\/12\/carovnica-460x295.jpg 460w, https:\/\/www.osjenka.si\/ps-gorice\/wp-content\/uploads\/sites\/2\/2024\/12\/carovnica-600x387.jpg 600w, https:\/\/www.osjenka.si\/ps-gorice\/wp-content\/uploads\/sites\/2\/2024\/12\/carovnica-768x495.jpg 768w, https:\/\/www.osjenka.si\/ps-gorice\/wp-content\/uploads\/sites\/2\/2024\/12\/carovnica-800x516.jpg 800w, https:\/\/www.osjenka.si\/ps-gorice\/wp-content\/uploads\/sites\/2\/2024\/12\/carovnica.jpg 918w\" data-sizes=\"auto\" data-orig-sizes=\"(max-width: 508px) 100vw, 508px\" \/><br \/>\n<img decoding=\"async\" class=\"lazyload wp-image-4197 aligncenter\" src=\"https:\/\/www.osjenka.si\/ps-gorice\/wp-content\/uploads\/sites\/2\/2024\/12\/IMG20241217102129-280x300.jpg\" data-orig-src=\"https:\/\/www.osjenka.si\/ps-gorice\/wp-content\/uploads\/sites\/2\/2024\/12\/IMG20241217102129-280x300.jpg\" alt=\"\" width=\"504\" height=\"540\" srcset=\"data:image\/svg+xml,%3Csvg%20xmlns%3D%27http%3A%2F%2Fwww.w3.org%2F2000%2Fsvg%27%20width%3D%27504%27%20height%3D%27540%27%20viewBox%3D%270%200%20504%20540%27%3E%3Crect%20width%3D%27504%27%20height%3D%27540%27%20fill-opacity%3D%220%22%2F%3E%3C%2Fsvg%3E\" data-srcset=\"https:\/\/www.osjenka.si\/ps-gorice\/wp-content\/uploads\/sites\/2\/2024\/12\/IMG20241217102129-200x215.jpg 200w, https:\/\/www.osjenka.si\/ps-gorice\/wp-content\/uploads\/sites\/2\/2024\/12\/IMG20241217102129-280x300.jpg 280w, https:\/\/www.osjenka.si\/ps-gorice\/wp-content\/uploads\/sites\/2\/2024\/12\/IMG20241217102129-400x429.jpg 400w, https:\/\/www.osjenka.si\/ps-gorice\/wp-content\/uploads\/sites\/2\/2024\/12\/IMG20241217102129-600x644.jpg 600w, https:\/\/www.osjenka.si\/ps-gorice\/wp-content\/uploads\/sites\/2\/2024\/12\/IMG20241217102129-768x824.jpg 768w, https:\/\/www.osjenka.si\/ps-gorice\/wp-content\/uploads\/sites\/2\/2024\/12\/IMG20241217102129-800x859.jpg 800w, https:\/\/www.osjenka.si\/ps-gorice\/wp-content\/uploads\/sites\/2\/2024\/12\/IMG20241217102129-954x1024.jpg 954w, https:\/\/www.osjenka.si\/ps-gorice\/wp-content\/uploads\/sites\/2\/2024\/12\/IMG20241217102129-1200x1288.jpg 1200w, https:\/\/www.osjenka.si\/ps-gorice\/wp-content\/uploads\/sites\/2\/2024\/12\/IMG20241217102129-1431x1536.jpg 1431w, https:\/\/www.osjenka.si\/ps-gorice\/wp-content\/uploads\/sites\/2\/2024\/12\/IMG20241217102129.jpg 1789w\" data-sizes=\"auto\" data-orig-sizes=\"(max-width: 504px) 100vw, 504px\" \/><img decoding=\"async\" class=\"lazyload wp-image-4198 aligncenter\" src=\"https:\/\/www.osjenka.si\/ps-gorice\/wp-content\/uploads\/sites\/2\/2024\/12\/IMG20241217102610-285x300.jpg\" data-orig-src=\"https:\/\/www.osjenka.si\/ps-gorice\/wp-content\/uploads\/sites\/2\/2024\/12\/IMG20241217102610-285x300.jpg\" alt=\"\" width=\"504\" height=\"531\" srcset=\"data:image\/svg+xml,%3Csvg%20xmlns%3D%27http%3A%2F%2Fwww.w3.org%2F2000%2Fsvg%27%20width%3D%27504%27%20height%3D%27531%27%20viewBox%3D%270%200%20504%20531%27%3E%3Crect%20width%3D%27504%27%20height%3D%27531%27%20fill-opacity%3D%220%22%2F%3E%3C%2Fsvg%3E\" data-srcset=\"https:\/\/www.osjenka.si\/ps-gorice\/wp-content\/uploads\/sites\/2\/2024\/12\/IMG20241217102610-200x210.jpg 200w, https:\/\/www.osjenka.si\/ps-gorice\/wp-content\/uploads\/sites\/2\/2024\/12\/IMG20241217102610-285x300.jpg 285w, https:\/\/www.osjenka.si\/ps-gorice\/wp-content\/uploads\/sites\/2\/2024\/12\/IMG20241217102610-400x420.jpg 400w, https:\/\/www.osjenka.si\/ps-gorice\/wp-content\/uploads\/sites\/2\/2024\/12\/IMG20241217102610-600x631.jpg 600w, https:\/\/www.osjenka.si\/ps-gorice\/wp-content\/uploads\/sites\/2\/2024\/12\/IMG20241217102610-768x807.jpg 768w, https:\/\/www.osjenka.si\/ps-gorice\/wp-content\/uploads\/sites\/2\/2024\/12\/IMG20241217102610-800x841.jpg 800w, https:\/\/www.osjenka.si\/ps-gorice\/wp-content\/uploads\/sites\/2\/2024\/12\/IMG20241217102610-974x1024.jpg 974w, https:\/\/www.osjenka.si\/ps-gorice\/wp-content\/uploads\/sites\/2\/2024\/12\/IMG20241217102610-1200x1261.jpg 1200w, https:\/\/www.osjenka.si\/ps-gorice\/wp-content\/uploads\/sites\/2\/2024\/12\/IMG20241217102610-1462x1536.jpg 1462w, https:\/\/www.osjenka.si\/ps-gorice\/wp-content\/uploads\/sites\/2\/2024\/12\/IMG20241217102610.jpg 1827w\" data-sizes=\"auto\" data-orig-sizes=\"(max-width: 504px) 100vw, 504px\" \/><\/p>\n<p><img decoding=\"async\" class=\"lazyload wp-image-4199 aligncenter\" src=\"https:\/\/www.osjenka.si\/ps-gorice\/wp-content\/uploads\/sites\/2\/2024\/12\/IMG20241217103631-287x300.jpg\" data-orig-src=\"https:\/\/www.osjenka.si\/ps-gorice\/wp-content\/uploads\/sites\/2\/2024\/12\/IMG20241217103631-287x300.jpg\" alt=\"\" width=\"504\" height=\"527\" srcset=\"data:image\/svg+xml,%3Csvg%20xmlns%3D%27http%3A%2F%2Fwww.w3.org%2F2000%2Fsvg%27%20width%3D%27504%27%20height%3D%27527%27%20viewBox%3D%270%200%20504%20527%27%3E%3Crect%20width%3D%27504%27%20height%3D%27527%27%20fill-opacity%3D%220%22%2F%3E%3C%2Fsvg%3E\" data-srcset=\"https:\/\/www.osjenka.si\/ps-gorice\/wp-content\/uploads\/sites\/2\/2024\/12\/IMG20241217103631-200x209.jpg 200w, https:\/\/www.osjenka.si\/ps-gorice\/wp-content\/uploads\/sites\/2\/2024\/12\/IMG20241217103631-287x300.jpg 287w, https:\/\/www.osjenka.si\/ps-gorice\/wp-content\/uploads\/sites\/2\/2024\/12\/IMG20241217103631-400x419.jpg 400w, https:\/\/www.osjenka.si\/ps-gorice\/wp-content\/uploads\/sites\/2\/2024\/12\/IMG20241217103631-600x628.jpg 600w, https:\/\/www.osjenka.si\/ps-gorice\/wp-content\/uploads\/sites\/2\/2024\/12\/IMG20241217103631-768x804.jpg 768w, https:\/\/www.osjenka.si\/ps-gorice\/wp-content\/uploads\/sites\/2\/2024\/12\/IMG20241217103631-800x837.jpg 800w, https:\/\/www.osjenka.si\/ps-gorice\/wp-content\/uploads\/sites\/2\/2024\/12\/IMG20241217103631-979x1024.jpg 979w, https:\/\/www.osjenka.si\/ps-gorice\/wp-content\/uploads\/sites\/2\/2024\/12\/IMG20241217103631-1200x1256.jpg 1200w, https:\/\/www.osjenka.si\/ps-gorice\/wp-content\/uploads\/sites\/2\/2024\/12\/IMG20241217103631-1468x1536.jpg 1468w, https:\/\/www.osjenka.si\/ps-gorice\/wp-content\/uploads\/sites\/2\/2024\/12\/IMG20241217103631.jpg 1835w\" data-sizes=\"auto\" data-orig-sizes=\"(max-width: 504px) 100vw, 504px\" \/><\/p>\n<p><img decoding=\"async\" class=\"lazyload wp-image-4200 aligncenter\" src=\"https:\/\/www.osjenka.si\/ps-gorice\/wp-content\/uploads\/sites\/2\/2024\/12\/IMG20241217104251-255x300.jpg\" data-orig-src=\"https:\/\/www.osjenka.si\/ps-gorice\/wp-content\/uploads\/sites\/2\/2024\/12\/IMG20241217104251-255x300.jpg\" alt=\"\" width=\"499\" height=\"587\" srcset=\"data:image\/svg+xml,%3Csvg%20xmlns%3D%27http%3A%2F%2Fwww.w3.org%2F2000%2Fsvg%27%20width%3D%27499%27%20height%3D%27587%27%20viewBox%3D%270%200%20499%20587%27%3E%3Crect%20width%3D%27499%27%20height%3D%27587%27%20fill-opacity%3D%220%22%2F%3E%3C%2Fsvg%3E\" data-srcset=\"https:\/\/www.osjenka.si\/ps-gorice\/wp-content\/uploads\/sites\/2\/2024\/12\/IMG20241217104251-200x235.jpg 200w, https:\/\/www.osjenka.si\/ps-gorice\/wp-content\/uploads\/sites\/2\/2024\/12\/IMG20241217104251-255x300.jpg 255w, https:\/\/www.osjenka.si\/ps-gorice\/wp-content\/uploads\/sites\/2\/2024\/12\/IMG20241217104251-400x470.jpg 400w, https:\/\/www.osjenka.si\/ps-gorice\/wp-content\/uploads\/sites\/2\/2024\/12\/IMG20241217104251-600x705.jpg 600w, https:\/\/www.osjenka.si\/ps-gorice\/wp-content\/uploads\/sites\/2\/2024\/12\/IMG20241217104251-768x902.jpg 768w, https:\/\/www.osjenka.si\/ps-gorice\/wp-content\/uploads\/sites\/2\/2024\/12\/IMG20241217104251-800x939.jpg 800w, https:\/\/www.osjenka.si\/ps-gorice\/wp-content\/uploads\/sites\/2\/2024\/12\/IMG20241217104251-872x1024.jpg 872w, https:\/\/www.osjenka.si\/ps-gorice\/wp-content\/uploads\/sites\/2\/2024\/12\/IMG20241217104251-1200x1409.jpg 1200w, https:\/\/www.osjenka.si\/ps-gorice\/wp-content\/uploads\/sites\/2\/2024\/12\/IMG20241217104251-1308x1536.jpg 1308w, https:\/\/www.osjenka.si\/ps-gorice\/wp-content\/uploads\/sites\/2\/2024\/12\/IMG20241217104251.jpg 1635w\" data-sizes=\"auto\" data-orig-sizes=\"(max-width: 499px) 100vw, 499px\" \/><\/p>\n<p><img decoding=\"async\" class=\"lazyload  wp-image-4201 aligncenter\" src=\"https:\/\/www.osjenka.si\/ps-gorice\/wp-content\/uploads\/sites\/2\/2024\/12\/IMG20241217104452-255x300.jpg\" data-orig-src=\"https:\/\/www.osjenka.si\/ps-gorice\/wp-content\/uploads\/sites\/2\/2024\/12\/IMG20241217104452-255x300.jpg\" alt=\"\" width=\"491\" height=\"578\" srcset=\"data:image\/svg+xml,%3Csvg%20xmlns%3D%27http%3A%2F%2Fwww.w3.org%2F2000%2Fsvg%27%20width%3D%27491%27%20height%3D%27578%27%20viewBox%3D%270%200%20491%20578%27%3E%3Crect%20width%3D%27491%27%20height%3D%27578%27%20fill-opacity%3D%220%22%2F%3E%3C%2Fsvg%3E\" data-srcset=\"https:\/\/www.osjenka.si\/ps-gorice\/wp-content\/uploads\/sites\/2\/2024\/12\/IMG20241217104452-200x236.jpg 200w, https:\/\/www.osjenka.si\/ps-gorice\/wp-content\/uploads\/sites\/2\/2024\/12\/IMG20241217104452-255x300.jpg 255w, https:\/\/www.osjenka.si\/ps-gorice\/wp-content\/uploads\/sites\/2\/2024\/12\/IMG20241217104452-400x471.jpg 400w, https:\/\/www.osjenka.si\/ps-gorice\/wp-content\/uploads\/sites\/2\/2024\/12\/IMG20241217104452-600x707.jpg 600w, https:\/\/www.osjenka.si\/ps-gorice\/wp-content\/uploads\/sites\/2\/2024\/12\/IMG20241217104452-768x905.jpg 768w, https:\/\/www.osjenka.si\/ps-gorice\/wp-content\/uploads\/sites\/2\/2024\/12\/IMG20241217104452-800x942.jpg 800w, https:\/\/www.osjenka.si\/ps-gorice\/wp-content\/uploads\/sites\/2\/2024\/12\/IMG20241217104452-869x1024.jpg 869w, https:\/\/www.osjenka.si\/ps-gorice\/wp-content\/uploads\/sites\/2\/2024\/12\/IMG20241217104452-1200x1413.jpg 1200w, https:\/\/www.osjenka.si\/ps-gorice\/wp-content\/uploads\/sites\/2\/2024\/12\/IMG20241217104452-1304x1536.jpg 1304w, https:\/\/www.osjenka.si\/ps-gorice\/wp-content\/uploads\/sites\/2\/2024\/12\/IMG20241217104452.jpg 1630w\" data-sizes=\"auto\" data-orig-sizes=\"(max-width: 491px) 100vw, 491px\" \/><\/p>\n<\/div>\n<h4><span style=\"color: #008000\">Kaj pa so po opereti povedali u\u010denci 3. razreda?<\/span><\/h4>\n<div><span style=\"color: #008000\">Opereta me je nau\u010dila, da moramo vsako delo spo\u0161tovati. (Marjeta Ga\u010dnik)<\/span><\/div>\n<div><span style=\"color: #008000\">\u00a0 \u00a0 \u00a0 \u00a0 \u00a0 \u00a0 \u00a0 \u00a0 \u00a0 \u00a0 \u00a0 \u00a0 \u00a0 \u00a0 \u00a0Nau\u010dil sem se, da ni vse vedno samo zame in da je vsak poklic pomemben. (Nejc Zaplotnik)<\/span><\/div>\n<div><span style=\"color: #008000\">Nau\u010dila sem se, da ni ves svet samo za enega. (Nina Mi\u0107i\u0107)<\/span><\/div>\n<div><span style=\"color: #008000\">\u00a0 \u00a0 \u00a0 \u00a0 \u00a0 \u00a0 \u00a0 \u00a0 \u00a0 \u00a0 \u00a0 \u00a0 \u00a0 \u00a0 \u00a0Predstava nas je nau\u010dila, da kdor je dobrega srca, je tudi priljubljen. (Ma\u0161a Vevar)<\/span><\/div>\n<div><\/div>\n<div><\/div>\n","protected":false},"excerpt":{"rendered":"<p>U\u010denci od 1. do 3. razreda so si v Kulturnem domu v Gori\u010dah ogledali zabavno in pou\u010dno predstavo \u2013 opereto\u00a0\u017dabji kralj. Predstava je otrokom pri\u010darala prav posebno do\u017eivetje, saj so spremljali zgodbo o \u017eabjem kralju, ki je zaradi \u010darobnega uroka ponosno vladal svetu \u017eab. \u017dabji kralj &#8211; operna pravljica z Evo \u010cerne Avbelj in Klemnom Torkarjem Pravljica nas opozarja na nehvale\u017enost, ki jo pogosto izkazujemo do udobja, ki nas obdaja. Pogosto spregledamo tiste, ki so del na\u0161ega vsakdana \u2013 so\u010dloveka, prijatelja, \u010distilko, hi\u0161nika. Vzeli smo si za samoumevno, da nam nekdo z ljubeznijo pripravi zajtrk, kosilo in ve\u010derjo. Mislimo, da je [&hellip;]<\/p>\n","protected":false},"author":7,"featured_media":4200,"comment_status":"open","ping_status":"open","sticky":false,"template":"","format":"standard","meta":{"footnotes":""},"categories":[1],"tags":[],"class_list":["post-4193","post","type-post","status-publish","format-standard","has-post-thumbnail","hentry","category-nekategorizirano"],"yoast_head":"<!-- This site is optimized with the Yoast SEO plugin v19.11 - https:\/\/yoast.com\/wordpress\/plugins\/seo\/ -->\n<title>KD - \u017dabji kralj o\u010daral u\u010dence - P\u0160 Gori\u010de<\/title>\n<meta name=\"robots\" content=\"index, follow, max-snippet:-1, max-image-preview:large, max-video-preview:-1\" \/>\n<link rel=\"canonical\" href=\"https:\/\/www.osjenka.si\/ps-gorice\/2024\/12\/25\/kd-zabji-kralj-ocaral-ucence\/\" \/>\n<meta property=\"og:locale\" content=\"sl_SI\" \/>\n<meta property=\"og:type\" content=\"article\" \/>\n<meta property=\"og:title\" content=\"KD - \u017dabji kralj o\u010daral u\u010dence - P\u0160 Gori\u010de\" \/>\n<meta property=\"og:description\" content=\"U\u010denci od 1. do 3. razreda so si v Kulturnem domu v Gori\u010dah ogledali zabavno in pou\u010dno predstavo \u2013 opereto\u00a0\u017dabji kralj. Predstava je otrokom pri\u010darala prav posebno do\u017eivetje, saj so spremljali zgodbo o \u017eabjem kralju, ki je zaradi \u010darobnega uroka ponosno vladal svetu \u017eab. \u017dabji kralj &#8211; operna pravljica z Evo \u010cerne Avbelj in Klemnom Torkarjem Pravljica nas opozarja na nehvale\u017enost, ki jo pogosto izkazujemo do udobja, ki nas obdaja. Pogosto spregledamo tiste, ki so del na\u0161ega vsakdana \u2013 so\u010dloveka, prijatelja, \u010distilko, hi\u0161nika. Vzeli smo si za samoumevno, da nam nekdo z ljubeznijo pripravi zajtrk, kosilo in ve\u010derjo. Mislimo, da je [&hellip;]\" \/>\n<meta property=\"og:url\" content=\"https:\/\/www.osjenka.si\/ps-gorice\/2024\/12\/25\/kd-zabji-kralj-ocaral-ucence\/\" \/>\n<meta property=\"og:site_name\" content=\"P\u0160 Gori\u010de\" \/>\n<meta property=\"article:published_time\" content=\"2024-12-25T19:37:22+00:00\" \/>\n<meta property=\"og:image\" content=\"https:\/\/www.osjenka.si\/ps-gorice\/wp-content\/uploads\/sites\/2\/2024\/12\/IMG20241217104251.jpg\" \/>\n\t<meta property=\"og:image:width\" content=\"1635\" \/>\n\t<meta property=\"og:image:height\" content=\"1920\" \/>\n\t<meta property=\"og:image:type\" content=\"image\/jpeg\" \/>\n<meta name=\"author\" content=\"vilma\" \/>\n<meta name=\"twitter:card\" content=\"summary_large_image\" \/>\n<meta name=\"twitter:label1\" content=\"Written by\" \/>\n\t<meta name=\"twitter:data1\" content=\"vilma\" \/>\n\t<meta name=\"twitter:label2\" content=\"Est. reading time\" \/>\n\t<meta name=\"twitter:data2\" content=\"3 minute\" \/>\n<script type=\"application\/ld+json\" class=\"yoast-schema-graph\">{\"@context\":\"https:\/\/schema.org\",\"@graph\":[{\"@type\":\"WebPage\",\"@id\":\"https:\/\/www.osjenka.si\/ps-gorice\/2024\/12\/25\/kd-zabji-kralj-ocaral-ucence\/\",\"url\":\"https:\/\/www.osjenka.si\/ps-gorice\/2024\/12\/25\/kd-zabji-kralj-ocaral-ucence\/\",\"name\":\"KD - \u017dabji kralj o\u010daral u\u010dence - P\u0160 Gori\u010de\",\"isPartOf\":{\"@id\":\"https:\/\/www.osjenka.si\/ps-gorice\/#website\"},\"datePublished\":\"2024-12-25T19:37:22+00:00\",\"dateModified\":\"2024-12-25T19:37:22+00:00\",\"author\":{\"@id\":\"https:\/\/www.osjenka.si\/ps-gorice\/#\/schema\/person\/94f44dbd9351bedc48d18ae7ab8a6706\"},\"breadcrumb\":{\"@id\":\"https:\/\/www.osjenka.si\/ps-gorice\/2024\/12\/25\/kd-zabji-kralj-ocaral-ucence\/#breadcrumb\"},\"inLanguage\":\"sl-SI\",\"potentialAction\":[{\"@type\":\"ReadAction\",\"target\":[\"https:\/\/www.osjenka.si\/ps-gorice\/2024\/12\/25\/kd-zabji-kralj-ocaral-ucence\/\"]}]},{\"@type\":\"BreadcrumbList\",\"@id\":\"https:\/\/www.osjenka.si\/ps-gorice\/2024\/12\/25\/kd-zabji-kralj-ocaral-ucence\/#breadcrumb\",\"itemListElement\":[{\"@type\":\"ListItem\",\"position\":1,\"name\":\"Home\",\"item\":\"https:\/\/www.osjenka.si\/ps-gorice\/\"},{\"@type\":\"ListItem\",\"position\":2,\"name\":\"KD &#8211; \u017dabji kralj o\u010daral u\u010dence\"}]},{\"@type\":\"WebSite\",\"@id\":\"https:\/\/www.osjenka.si\/ps-gorice\/#website\",\"url\":\"https:\/\/www.osjenka.si\/ps-gorice\/\",\"name\":\"P\u0160 Gori\u010de\",\"description\":\"\",\"potentialAction\":[{\"@type\":\"SearchAction\",\"target\":{\"@type\":\"EntryPoint\",\"urlTemplate\":\"https:\/\/www.osjenka.si\/ps-gorice\/?s={search_term_string}\"},\"query-input\":\"required name=search_term_string\"}],\"inLanguage\":\"sl-SI\"},{\"@type\":\"Person\",\"@id\":\"https:\/\/www.osjenka.si\/ps-gorice\/#\/schema\/person\/94f44dbd9351bedc48d18ae7ab8a6706\",\"name\":\"vilma\",\"image\":{\"@type\":\"ImageObject\",\"inLanguage\":\"sl-SI\",\"@id\":\"https:\/\/www.osjenka.si\/ps-gorice\/#\/schema\/person\/image\/\",\"url\":\"https:\/\/secure.gravatar.com\/avatar\/41aa9d6664f90f3f3e03d130efd6192ff719c2d6a65ccdf098d3c2abf35d7aa6?s=96&d=mm&r=g\",\"contentUrl\":\"https:\/\/secure.gravatar.com\/avatar\/41aa9d6664f90f3f3e03d130efd6192ff719c2d6a65ccdf098d3c2abf35d7aa6?s=96&d=mm&r=g\",\"caption\":\"vilma\"},\"url\":\"https:\/\/www.osjenka.si\/ps-gorice\/author\/vilma\/\"}]}<\/script>\n<!-- \/ Yoast SEO plugin. -->","yoast_head_json":{"title":"KD - \u017dabji kralj o\u010daral u\u010dence - P\u0160 Gori\u010de","robots":{"index":"index","follow":"follow","max-snippet":"max-snippet:-1","max-image-preview":"max-image-preview:large","max-video-preview":"max-video-preview:-1"},"canonical":"https:\/\/www.osjenka.si\/ps-gorice\/2024\/12\/25\/kd-zabji-kralj-ocaral-ucence\/","og_locale":"sl_SI","og_type":"article","og_title":"KD - \u017dabji kralj o\u010daral u\u010dence - P\u0160 Gori\u010de","og_description":"U\u010denci od 1. do 3. razreda so si v Kulturnem domu v Gori\u010dah ogledali zabavno in pou\u010dno predstavo \u2013 opereto\u00a0\u017dabji kralj. Predstava je otrokom pri\u010darala prav posebno do\u017eivetje, saj so spremljali zgodbo o \u017eabjem kralju, ki je zaradi \u010darobnega uroka ponosno vladal svetu \u017eab. \u017dabji kralj &#8211; operna pravljica z Evo \u010cerne Avbelj in Klemnom Torkarjem Pravljica nas opozarja na nehvale\u017enost, ki jo pogosto izkazujemo do udobja, ki nas obdaja. Pogosto spregledamo tiste, ki so del na\u0161ega vsakdana \u2013 so\u010dloveka, prijatelja, \u010distilko, hi\u0161nika. Vzeli smo si za samoumevno, da nam nekdo z ljubeznijo pripravi zajtrk, kosilo in ve\u010derjo. Mislimo, da je [&hellip;]","og_url":"https:\/\/www.osjenka.si\/ps-gorice\/2024\/12\/25\/kd-zabji-kralj-ocaral-ucence\/","og_site_name":"P\u0160 Gori\u010de","article_published_time":"2024-12-25T19:37:22+00:00","og_image":[{"width":1635,"height":1920,"url":"https:\/\/www.osjenka.si\/ps-gorice\/wp-content\/uploads\/sites\/2\/2024\/12\/IMG20241217104251.jpg","type":"image\/jpeg"}],"author":"vilma","twitter_card":"summary_large_image","twitter_misc":{"Written by":"vilma","Est. reading time":"3 minute"},"schema":{"@context":"https:\/\/schema.org","@graph":[{"@type":"WebPage","@id":"https:\/\/www.osjenka.si\/ps-gorice\/2024\/12\/25\/kd-zabji-kralj-ocaral-ucence\/","url":"https:\/\/www.osjenka.si\/ps-gorice\/2024\/12\/25\/kd-zabji-kralj-ocaral-ucence\/","name":"KD - \u017dabji kralj o\u010daral u\u010dence - P\u0160 Gori\u010de","isPartOf":{"@id":"https:\/\/www.osjenka.si\/ps-gorice\/#website"},"datePublished":"2024-12-25T19:37:22+00:00","dateModified":"2024-12-25T19:37:22+00:00","author":{"@id":"https:\/\/www.osjenka.si\/ps-gorice\/#\/schema\/person\/94f44dbd9351bedc48d18ae7ab8a6706"},"breadcrumb":{"@id":"https:\/\/www.osjenka.si\/ps-gorice\/2024\/12\/25\/kd-zabji-kralj-ocaral-ucence\/#breadcrumb"},"inLanguage":"sl-SI","potentialAction":[{"@type":"ReadAction","target":["https:\/\/www.osjenka.si\/ps-gorice\/2024\/12\/25\/kd-zabji-kralj-ocaral-ucence\/"]}]},{"@type":"BreadcrumbList","@id":"https:\/\/www.osjenka.si\/ps-gorice\/2024\/12\/25\/kd-zabji-kralj-ocaral-ucence\/#breadcrumb","itemListElement":[{"@type":"ListItem","position":1,"name":"Home","item":"https:\/\/www.osjenka.si\/ps-gorice\/"},{"@type":"ListItem","position":2,"name":"KD &#8211; \u017dabji kralj o\u010daral u\u010dence"}]},{"@type":"WebSite","@id":"https:\/\/www.osjenka.si\/ps-gorice\/#website","url":"https:\/\/www.osjenka.si\/ps-gorice\/","name":"P\u0160 Gori\u010de","description":"","potentialAction":[{"@type":"SearchAction","target":{"@type":"EntryPoint","urlTemplate":"https:\/\/www.osjenka.si\/ps-gorice\/?s={search_term_string}"},"query-input":"required name=search_term_string"}],"inLanguage":"sl-SI"},{"@type":"Person","@id":"https:\/\/www.osjenka.si\/ps-gorice\/#\/schema\/person\/94f44dbd9351bedc48d18ae7ab8a6706","name":"vilma","image":{"@type":"ImageObject","inLanguage":"sl-SI","@id":"https:\/\/www.osjenka.si\/ps-gorice\/#\/schema\/person\/image\/","url":"https:\/\/secure.gravatar.com\/avatar\/41aa9d6664f90f3f3e03d130efd6192ff719c2d6a65ccdf098d3c2abf35d7aa6?s=96&d=mm&r=g","contentUrl":"https:\/\/secure.gravatar.com\/avatar\/41aa9d6664f90f3f3e03d130efd6192ff719c2d6a65ccdf098d3c2abf35d7aa6?s=96&d=mm&r=g","caption":"vilma"},"url":"https:\/\/www.osjenka.si\/ps-gorice\/author\/vilma\/"}]}},"_links":{"self":[{"href":"https:\/\/www.osjenka.si\/ps-gorice\/wp-json\/wp\/v2\/posts\/4193","targetHints":{"allow":["GET"]}}],"collection":[{"href":"https:\/\/www.osjenka.si\/ps-gorice\/wp-json\/wp\/v2\/posts"}],"about":[{"href":"https:\/\/www.osjenka.si\/ps-gorice\/wp-json\/wp\/v2\/types\/post"}],"author":[{"embeddable":true,"href":"https:\/\/www.osjenka.si\/ps-gorice\/wp-json\/wp\/v2\/users\/7"}],"replies":[{"embeddable":true,"href":"https:\/\/www.osjenka.si\/ps-gorice\/wp-json\/wp\/v2\/comments?post=4193"}],"version-history":[{"count":2,"href":"https:\/\/www.osjenka.si\/ps-gorice\/wp-json\/wp\/v2\/posts\/4193\/revisions"}],"predecessor-version":[{"id":4203,"href":"https:\/\/www.osjenka.si\/ps-gorice\/wp-json\/wp\/v2\/posts\/4193\/revisions\/4203"}],"wp:featuredmedia":[{"embeddable":true,"href":"https:\/\/www.osjenka.si\/ps-gorice\/wp-json\/wp\/v2\/media\/4200"}],"wp:attachment":[{"href":"https:\/\/www.osjenka.si\/ps-gorice\/wp-json\/wp\/v2\/media?parent=4193"}],"wp:term":[{"taxonomy":"category","embeddable":true,"href":"https:\/\/www.osjenka.si\/ps-gorice\/wp-json\/wp\/v2\/categories?post=4193"},{"taxonomy":"post_tag","embeddable":true,"href":"https:\/\/www.osjenka.si\/ps-gorice\/wp-json\/wp\/v2\/tags?post=4193"}],"curies":[{"name":"wp","href":"https:\/\/api.w.org\/{rel}","templated":true}]}}