{"id":4204,"date":"2024-12-26T11:46:41","date_gmt":"2024-12-26T10:46:41","guid":{"rendered":"https:\/\/www.osjenka.si\/ps-gorice\/?p=4204"},"modified":"2024-12-27T21:47:05","modified_gmt":"2024-12-27T20:47:05","slug":"prireditev-ob-dnevu-samostojnosti-in-enotnosti","status":"publish","type":"post","link":"https:\/\/www.osjenka.si\/ps-gorice\/2024\/12\/26\/prireditev-ob-dnevu-samostojnosti-in-enotnosti\/","title":{"rendered":"Prireditev ob dnevu samostojnosti in enotnosti"},"content":{"rendered":"<h4 style=\"text-align: center\">U\u010denci in u\u010diteljice smo se zadnji \u0161olski dan pred bo\u017ei\u010dno novoletnimi prazniki zbrali v prvem razredu, da smo se na skupni prireditvi spomnili davnega leta 1990, ko smo se Slovenci odlo\u010dili za samostojno in neodvisno dr\u017eavo.<\/h4>\n<h4 style=\"text-align: center\">Prireditev sta povezovala Kaja in Dorian.<\/h4>\n<p style=\"text-align: center\"><img decoding=\"async\" class=\"lazyload alignnone wp-image-4214\" src=\"https:\/\/www.osjenka.si\/ps-gorice\/wp-content\/uploads\/sites\/2\/2024\/12\/1735155672636-300x225.jpg\" data-orig-src=\"https:\/\/www.osjenka.si\/ps-gorice\/wp-content\/uploads\/sites\/2\/2024\/12\/1735155672636-300x225.jpg\" alt=\"\" width=\"483\" height=\"362\" srcset=\"data:image\/svg+xml,%3Csvg%20xmlns%3D%27http%3A%2F%2Fwww.w3.org%2F2000%2Fsvg%27%20width%3D%27483%27%20height%3D%27362%27%20viewBox%3D%270%200%20483%20362%27%3E%3Crect%20width%3D%27483%27%20height%3D%27362%27%20fill-opacity%3D%220%22%2F%3E%3C%2Fsvg%3E\" data-srcset=\"https:\/\/www.osjenka.si\/ps-gorice\/wp-content\/uploads\/sites\/2\/2024\/12\/1735155672636-200x150.jpg 200w, https:\/\/www.osjenka.si\/ps-gorice\/wp-content\/uploads\/sites\/2\/2024\/12\/1735155672636-300x225.jpg 300w, https:\/\/www.osjenka.si\/ps-gorice\/wp-content\/uploads\/sites\/2\/2024\/12\/1735155672636-400x300.jpg 400w, https:\/\/www.osjenka.si\/ps-gorice\/wp-content\/uploads\/sites\/2\/2024\/12\/1735155672636-600x450.jpg 600w, https:\/\/www.osjenka.si\/ps-gorice\/wp-content\/uploads\/sites\/2\/2024\/12\/1735155672636-768x576.jpg 768w, https:\/\/www.osjenka.si\/ps-gorice\/wp-content\/uploads\/sites\/2\/2024\/12\/1735155672636-800x600.jpg 800w, https:\/\/www.osjenka.si\/ps-gorice\/wp-content\/uploads\/sites\/2\/2024\/12\/1735155672636-1024x768.jpg 1024w, https:\/\/www.osjenka.si\/ps-gorice\/wp-content\/uploads\/sites\/2\/2024\/12\/1735155672636-1200x900.jpg 1200w, https:\/\/www.osjenka.si\/ps-gorice\/wp-content\/uploads\/sites\/2\/2024\/12\/1735155672636-1536x1152.jpg 1536w, https:\/\/www.osjenka.si\/ps-gorice\/wp-content\/uploads\/sites\/2\/2024\/12\/1735155672636.jpg 1920w\" data-sizes=\"auto\" data-orig-sizes=\"(max-width: 483px) 100vw, 483px\" \/><\/p>\n<p style=\"text-align: center\"><strong>U\u010denci so razmi\u0161ljali o na\u0161i prelepi domovini.<\/strong><\/p>\n<table style=\"height: 555px\" width=\"936\">\n<tbody>\n<tr>\n<td width=\"225\"><strong>Toma\u017e Habe: Domovina<\/strong><\/p>\n<p>O\u010cKA, KAJ JE DOMOVINA?<\/p>\n<p>&nbsp;<\/p>\n<p>DOMOVINA NA\u0160A JE DE\u017dELA,<\/p>\n<p>TO SO POLJA, MORJE IN GORE,<\/p>\n<p>TO SO CESTE IN TOVARNE,<\/p>\n<p>RUDNIKI IN VSI LJUDJE.<\/p>\n<p>&nbsp;<\/p>\n<p>TO JE NA\u0160A LEPA PESEM,<\/p>\n<p>SO BESEDE, KI JIH GOVORI\u0160,<\/p>\n<p>TO VASI SO, LEPA MESTA,<\/p>\n<p>KJER \u017dIVETI SI \u017dELI\u0160.<\/td>\n<td width=\"463\">\n<p><div id=\"attachment_4215\" style=\"width: 605px\" class=\"wp-caption alignnone\"><img decoding=\"async\" aria-describedby=\"caption-attachment-4215\" class=\"lazyload wp-image-4215\" src=\"https:\/\/www.osjenka.si\/ps-gorice\/wp-content\/uploads\/sites\/2\/2024\/12\/1735155672643-300x225.jpg\" data-orig-src=\"https:\/\/www.osjenka.si\/ps-gorice\/wp-content\/uploads\/sites\/2\/2024\/12\/1735155672643-300x225.jpg\" alt=\"\" width=\"595\" height=\"446\" srcset=\"data:image\/svg+xml,%3Csvg%20xmlns%3D%27http%3A%2F%2Fwww.w3.org%2F2000%2Fsvg%27%20width%3D%27595%27%20height%3D%27446%27%20viewBox%3D%270%200%20595%20446%27%3E%3Crect%20width%3D%27595%27%20height%3D%27446%27%20fill-opacity%3D%220%22%2F%3E%3C%2Fsvg%3E\" data-srcset=\"https:\/\/www.osjenka.si\/ps-gorice\/wp-content\/uploads\/sites\/2\/2024\/12\/1735155672643-200x150.jpg 200w, https:\/\/www.osjenka.si\/ps-gorice\/wp-content\/uploads\/sites\/2\/2024\/12\/1735155672643-300x225.jpg 300w, https:\/\/www.osjenka.si\/ps-gorice\/wp-content\/uploads\/sites\/2\/2024\/12\/1735155672643-400x300.jpg 400w, https:\/\/www.osjenka.si\/ps-gorice\/wp-content\/uploads\/sites\/2\/2024\/12\/1735155672643-600x450.jpg 600w, https:\/\/www.osjenka.si\/ps-gorice\/wp-content\/uploads\/sites\/2\/2024\/12\/1735155672643-768x576.jpg 768w, https:\/\/www.osjenka.si\/ps-gorice\/wp-content\/uploads\/sites\/2\/2024\/12\/1735155672643-800x600.jpg 800w, https:\/\/www.osjenka.si\/ps-gorice\/wp-content\/uploads\/sites\/2\/2024\/12\/1735155672643-1024x768.jpg 1024w, https:\/\/www.osjenka.si\/ps-gorice\/wp-content\/uploads\/sites\/2\/2024\/12\/1735155672643-1200x900.jpg 1200w, https:\/\/www.osjenka.si\/ps-gorice\/wp-content\/uploads\/sites\/2\/2024\/12\/1735155672643-1536x1152.jpg 1536w, https:\/\/www.osjenka.si\/ps-gorice\/wp-content\/uploads\/sites\/2\/2024\/12\/1735155672643.jpg 1920w\" data-sizes=\"auto\" data-orig-sizes=\"(max-width: 595px) 100vw, 595px\" \/><p id=\"caption-attachment-4215\" class=\"wp-caption-text\">Tretje\u0161olci so nam zaupali, kaj je domovina.<\/p><\/div><\/td>\n<\/tr>\n<\/tbody>\n<\/table>\n<p style=\"text-align: center\"><strong>Za samostojno Slovenijo so se odlo\u010dile na\u0161e babice in dedki, saj nas pred 33 leti \u0161e ni bilo. Kako pomembno vlogo imajo v na\u0161em \u017eivljenju, sta nam predstavila prvo\u0161olca in sicer s pesmijo Miroslava Ko\u0161ute: O babici in dedku.<\/strong><\/p>\n<p style=\"text-align: center\">\n<div id=\"attachment_4212\" style=\"width: 602px\" class=\"wp-caption aligncenter\"><img decoding=\"async\" aria-describedby=\"caption-attachment-4212\" class=\"lazyload wp-image-4212 aligncenter\" src=\"https:\/\/www.osjenka.si\/ps-gorice\/wp-content\/uploads\/sites\/2\/2024\/12\/1735155672626-300x225.jpg\" data-orig-src=\"https:\/\/www.osjenka.si\/ps-gorice\/wp-content\/uploads\/sites\/2\/2024\/12\/1735155672626-300x225.jpg\" alt=\"\" width=\"592\" height=\"444\" srcset=\"data:image\/svg+xml,%3Csvg%20xmlns%3D%27http%3A%2F%2Fwww.w3.org%2F2000%2Fsvg%27%20width%3D%27592%27%20height%3D%27444%27%20viewBox%3D%270%200%20592%20444%27%3E%3Crect%20width%3D%27592%27%20height%3D%27444%27%20fill-opacity%3D%220%22%2F%3E%3C%2Fsvg%3E\" data-srcset=\"https:\/\/www.osjenka.si\/ps-gorice\/wp-content\/uploads\/sites\/2\/2024\/12\/1735155672626-200x150.jpg 200w, https:\/\/www.osjenka.si\/ps-gorice\/wp-content\/uploads\/sites\/2\/2024\/12\/1735155672626-300x225.jpg 300w, https:\/\/www.osjenka.si\/ps-gorice\/wp-content\/uploads\/sites\/2\/2024\/12\/1735155672626-400x300.jpg 400w, https:\/\/www.osjenka.si\/ps-gorice\/wp-content\/uploads\/sites\/2\/2024\/12\/1735155672626-600x450.jpg 600w, https:\/\/www.osjenka.si\/ps-gorice\/wp-content\/uploads\/sites\/2\/2024\/12\/1735155672626-768x576.jpg 768w, https:\/\/www.osjenka.si\/ps-gorice\/wp-content\/uploads\/sites\/2\/2024\/12\/1735155672626-800x600.jpg 800w, https:\/\/www.osjenka.si\/ps-gorice\/wp-content\/uploads\/sites\/2\/2024\/12\/1735155672626-1024x768.jpg 1024w, https:\/\/www.osjenka.si\/ps-gorice\/wp-content\/uploads\/sites\/2\/2024\/12\/1735155672626-1200x900.jpg 1200w, https:\/\/www.osjenka.si\/ps-gorice\/wp-content\/uploads\/sites\/2\/2024\/12\/1735155672626-1536x1152.jpg 1536w, https:\/\/www.osjenka.si\/ps-gorice\/wp-content\/uploads\/sites\/2\/2024\/12\/1735155672626.jpg 1920w\" data-sizes=\"auto\" data-orig-sizes=\"(max-width: 592px) 100vw, 592px\" \/><p id=\"caption-attachment-4212\" class=\"wp-caption-text\">Peto\u0161olci so nam zaupali, kako bi Slovenijo predstavili tujcem.<\/p><\/div>\n<div id=\"attachment_4205\" style=\"width: 602px\" class=\"wp-caption aligncenter\"><img decoding=\"async\" aria-describedby=\"caption-attachment-4205\" class=\"lazyload wp-image-4205\" src=\"https:\/\/www.osjenka.si\/ps-gorice\/wp-content\/uploads\/sites\/2\/2024\/12\/1735155631784-300x225.jpg\" data-orig-src=\"https:\/\/www.osjenka.si\/ps-gorice\/wp-content\/uploads\/sites\/2\/2024\/12\/1735155631784-300x225.jpg\" alt=\"\" width=\"592\" height=\"444\" srcset=\"data:image\/svg+xml,%3Csvg%20xmlns%3D%27http%3A%2F%2Fwww.w3.org%2F2000%2Fsvg%27%20width%3D%27592%27%20height%3D%27444%27%20viewBox%3D%270%200%20592%20444%27%3E%3Crect%20width%3D%27592%27%20height%3D%27444%27%20fill-opacity%3D%220%22%2F%3E%3C%2Fsvg%3E\" data-srcset=\"https:\/\/www.osjenka.si\/ps-gorice\/wp-content\/uploads\/sites\/2\/2024\/12\/1735155631784-200x150.jpg 200w, https:\/\/www.osjenka.si\/ps-gorice\/wp-content\/uploads\/sites\/2\/2024\/12\/1735155631784-300x225.jpg 300w, https:\/\/www.osjenka.si\/ps-gorice\/wp-content\/uploads\/sites\/2\/2024\/12\/1735155631784-400x300.jpg 400w, https:\/\/www.osjenka.si\/ps-gorice\/wp-content\/uploads\/sites\/2\/2024\/12\/1735155631784-600x450.jpg 600w, https:\/\/www.osjenka.si\/ps-gorice\/wp-content\/uploads\/sites\/2\/2024\/12\/1735155631784-768x576.jpg 768w, https:\/\/www.osjenka.si\/ps-gorice\/wp-content\/uploads\/sites\/2\/2024\/12\/1735155631784-800x600.jpg 800w, https:\/\/www.osjenka.si\/ps-gorice\/wp-content\/uploads\/sites\/2\/2024\/12\/1735155631784-1024x768.jpg 1024w, https:\/\/www.osjenka.si\/ps-gorice\/wp-content\/uploads\/sites\/2\/2024\/12\/1735155631784-1200x900.jpg 1200w, https:\/\/www.osjenka.si\/ps-gorice\/wp-content\/uploads\/sites\/2\/2024\/12\/1735155631784-1536x1152.jpg 1536w, https:\/\/www.osjenka.si\/ps-gorice\/wp-content\/uploads\/sites\/2\/2024\/12\/1735155631784.jpg 1920w\" data-sizes=\"auto\" data-orig-sizes=\"(max-width: 592px) 100vw, 592px\" \/><p id=\"caption-attachment-4205\" class=\"wp-caption-text\">Maja je zaigrala slovensko ljudsko pesem Izidor ov\u010dice pasel.<\/p><\/div>\n<p style=\"text-align: center\"><img decoding=\"async\" class=\"lazyload alignnone wp-image-4209\" src=\"https:\/\/www.osjenka.si\/ps-gorice\/wp-content\/uploads\/sites\/2\/2024\/12\/1735155631810-300x225.jpg\" data-orig-src=\"https:\/\/www.osjenka.si\/ps-gorice\/wp-content\/uploads\/sites\/2\/2024\/12\/1735155631810-300x225.jpg\" alt=\"\" width=\"588\" height=\"441\" srcset=\"data:image\/svg+xml,%3Csvg%20xmlns%3D%27http%3A%2F%2Fwww.w3.org%2F2000%2Fsvg%27%20width%3D%27588%27%20height%3D%27441%27%20viewBox%3D%270%200%20588%20441%27%3E%3Crect%20width%3D%27588%27%20height%3D%27441%27%20fill-opacity%3D%220%22%2F%3E%3C%2Fsvg%3E\" data-srcset=\"https:\/\/www.osjenka.si\/ps-gorice\/wp-content\/uploads\/sites\/2\/2024\/12\/1735155631810-200x150.jpg 200w, https:\/\/www.osjenka.si\/ps-gorice\/wp-content\/uploads\/sites\/2\/2024\/12\/1735155631810-300x225.jpg 300w, https:\/\/www.osjenka.si\/ps-gorice\/wp-content\/uploads\/sites\/2\/2024\/12\/1735155631810-400x300.jpg 400w, https:\/\/www.osjenka.si\/ps-gorice\/wp-content\/uploads\/sites\/2\/2024\/12\/1735155631810-600x450.jpg 600w, https:\/\/www.osjenka.si\/ps-gorice\/wp-content\/uploads\/sites\/2\/2024\/12\/1735155631810-768x576.jpg 768w, https:\/\/www.osjenka.si\/ps-gorice\/wp-content\/uploads\/sites\/2\/2024\/12\/1735155631810-800x600.jpg 800w, https:\/\/www.osjenka.si\/ps-gorice\/wp-content\/uploads\/sites\/2\/2024\/12\/1735155631810-1024x768.jpg 1024w, https:\/\/www.osjenka.si\/ps-gorice\/wp-content\/uploads\/sites\/2\/2024\/12\/1735155631810-1200x900.jpg 1200w, https:\/\/www.osjenka.si\/ps-gorice\/wp-content\/uploads\/sites\/2\/2024\/12\/1735155631810-1536x1152.jpg 1536w, https:\/\/www.osjenka.si\/ps-gorice\/wp-content\/uploads\/sites\/2\/2024\/12\/1735155631810.jpg 1920w\" data-sizes=\"auto\" data-orig-sizes=\"(max-width: 588px) 100vw, 588px\" \/><\/p>\n<p style=\"text-align: center\">\u010cetrto\u0161olca sta nam\u00a0 predstavila pesem Za Slovenijo \u017eivim, potem pa smo jo vsi skupaj zapeli ob\u00a0 glasbeni spremljavi.<\/p>\n<p style=\"text-align: center\"><img decoding=\"async\" class=\"lazyload alignnone wp-image-4208\" src=\"https:\/\/www.osjenka.si\/ps-gorice\/wp-content\/uploads\/sites\/2\/2024\/12\/1735155631803-225x300.jpg\" data-orig-src=\"https:\/\/www.osjenka.si\/ps-gorice\/wp-content\/uploads\/sites\/2\/2024\/12\/1735155631803-225x300.jpg\" alt=\"\" width=\"304\" height=\"406\" srcset=\"data:image\/svg+xml,%3Csvg%20xmlns%3D%27http%3A%2F%2Fwww.w3.org%2F2000%2Fsvg%27%20width%3D%27304%27%20height%3D%27406%27%20viewBox%3D%270%200%20304%20406%27%3E%3Crect%20width%3D%27304%27%20height%3D%27406%27%20fill-opacity%3D%220%22%2F%3E%3C%2Fsvg%3E\" data-srcset=\"https:\/\/www.osjenka.si\/ps-gorice\/wp-content\/uploads\/sites\/2\/2024\/12\/1735155631803-200x267.jpg 200w, https:\/\/www.osjenka.si\/ps-gorice\/wp-content\/uploads\/sites\/2\/2024\/12\/1735155631803-225x300.jpg 225w, https:\/\/www.osjenka.si\/ps-gorice\/wp-content\/uploads\/sites\/2\/2024\/12\/1735155631803-300x400.jpg 300w, https:\/\/www.osjenka.si\/ps-gorice\/wp-content\/uploads\/sites\/2\/2024\/12\/1735155631803-400x533.jpg 400w, https:\/\/www.osjenka.si\/ps-gorice\/wp-content\/uploads\/sites\/2\/2024\/12\/1735155631803-600x800.jpg 600w, https:\/\/www.osjenka.si\/ps-gorice\/wp-content\/uploads\/sites\/2\/2024\/12\/1735155631803-768x1024.jpg 768w, https:\/\/www.osjenka.si\/ps-gorice\/wp-content\/uploads\/sites\/2\/2024\/12\/1735155631803-800x1067.jpg 800w, https:\/\/www.osjenka.si\/ps-gorice\/wp-content\/uploads\/sites\/2\/2024\/12\/1735155631803-1152x1536.jpg 1152w, https:\/\/www.osjenka.si\/ps-gorice\/wp-content\/uploads\/sites\/2\/2024\/12\/1735155631803-1200x1600.jpg 1200w, https:\/\/www.osjenka.si\/ps-gorice\/wp-content\/uploads\/sites\/2\/2024\/12\/1735155631803.jpg 1440w\" data-sizes=\"auto\" data-orig-sizes=\"(max-width: 304px) 100vw, 304px\" \/><\/p>\n<p style=\"text-align: center\"><strong>Izvedeli smo tudi, da je najve\u010dja vrednota MIR, na kateri sloni in se gradi prav vse \u2013 svoboda, zdravje, sre\u010da. Najve\u010dja sre\u010da je mir srca.<\/strong><\/p>\n<div id=\"attachment_4206\" style=\"width: 612px\" class=\"wp-caption aligncenter\"><img decoding=\"async\" aria-describedby=\"caption-attachment-4206\" class=\"lazyload wp-image-4206 \" src=\"https:\/\/www.osjenka.si\/ps-gorice\/wp-content\/uploads\/sites\/2\/2024\/12\/1735155631791-300x225.jpg\" data-orig-src=\"https:\/\/www.osjenka.si\/ps-gorice\/wp-content\/uploads\/sites\/2\/2024\/12\/1735155631791-300x225.jpg\" alt=\"\" width=\"602\" height=\"451\" srcset=\"data:image\/svg+xml,%3Csvg%20xmlns%3D%27http%3A%2F%2Fwww.w3.org%2F2000%2Fsvg%27%20width%3D%27602%27%20height%3D%27451%27%20viewBox%3D%270%200%20602%20451%27%3E%3Crect%20width%3D%27602%27%20height%3D%27451%27%20fill-opacity%3D%220%22%2F%3E%3C%2Fsvg%3E\" data-srcset=\"https:\/\/www.osjenka.si\/ps-gorice\/wp-content\/uploads\/sites\/2\/2024\/12\/1735155631791-200x150.jpg 200w, https:\/\/www.osjenka.si\/ps-gorice\/wp-content\/uploads\/sites\/2\/2024\/12\/1735155631791-300x225.jpg 300w, https:\/\/www.osjenka.si\/ps-gorice\/wp-content\/uploads\/sites\/2\/2024\/12\/1735155631791-400x300.jpg 400w, https:\/\/www.osjenka.si\/ps-gorice\/wp-content\/uploads\/sites\/2\/2024\/12\/1735155631791-600x450.jpg 600w, https:\/\/www.osjenka.si\/ps-gorice\/wp-content\/uploads\/sites\/2\/2024\/12\/1735155631791-768x576.jpg 768w, https:\/\/www.osjenka.si\/ps-gorice\/wp-content\/uploads\/sites\/2\/2024\/12\/1735155631791-800x600.jpg 800w, https:\/\/www.osjenka.si\/ps-gorice\/wp-content\/uploads\/sites\/2\/2024\/12\/1735155631791-1024x768.jpg 1024w, https:\/\/www.osjenka.si\/ps-gorice\/wp-content\/uploads\/sites\/2\/2024\/12\/1735155631791-1200x900.jpg 1200w, https:\/\/www.osjenka.si\/ps-gorice\/wp-content\/uploads\/sites\/2\/2024\/12\/1735155631791-1536x1152.jpg 1536w, https:\/\/www.osjenka.si\/ps-gorice\/wp-content\/uploads\/sites\/2\/2024\/12\/1735155631791.jpg 1920w\" data-sizes=\"auto\" data-orig-sizes=\"(max-width: 602px) 100vw, 602px\" \/><p id=\"caption-attachment-4206\" class=\"wp-caption-text\">Drugo\u0161olke so predstavile pesem Zvezdane Majhen Sre\u010da in smola.<\/p><\/div>\n<p style=\"text-align: center\"><strong>Za\u010detek in konec prireditve pa je popestril zbor\u010dek z zimsko obarvanimi pesmimi.<\/strong><\/p>\n<p><img decoding=\"async\" class=\"lazyload  wp-image-4226 aligncenter\" src=\"https:\/\/www.osjenka.si\/ps-gorice\/wp-content\/uploads\/sites\/2\/2024\/12\/IMG20241224100521-1-300x236.jpg\" data-orig-src=\"https:\/\/www.osjenka.si\/ps-gorice\/wp-content\/uploads\/sites\/2\/2024\/12\/IMG20241224100521-1-300x236.jpg\" alt=\"\" width=\"775\" height=\"610\" srcset=\"data:image\/svg+xml,%3Csvg%20xmlns%3D%27http%3A%2F%2Fwww.w3.org%2F2000%2Fsvg%27%20width%3D%27775%27%20height%3D%27610%27%20viewBox%3D%270%200%20775%20610%27%3E%3Crect%20width%3D%27775%27%20height%3D%27610%27%20fill-opacity%3D%220%22%2F%3E%3C%2Fsvg%3E\" data-srcset=\"https:\/\/www.osjenka.si\/ps-gorice\/wp-content\/uploads\/sites\/2\/2024\/12\/IMG20241224100521-1-200x158.jpg 200w, https:\/\/www.osjenka.si\/ps-gorice\/wp-content\/uploads\/sites\/2\/2024\/12\/IMG20241224100521-1-300x236.jpg 300w, https:\/\/www.osjenka.si\/ps-gorice\/wp-content\/uploads\/sites\/2\/2024\/12\/IMG20241224100521-1-400x315.jpg 400w, https:\/\/www.osjenka.si\/ps-gorice\/wp-content\/uploads\/sites\/2\/2024\/12\/IMG20241224100521-1-600x473.jpg 600w, https:\/\/www.osjenka.si\/ps-gorice\/wp-content\/uploads\/sites\/2\/2024\/12\/IMG20241224100521-1-768x605.jpg 768w, https:\/\/www.osjenka.si\/ps-gorice\/wp-content\/uploads\/sites\/2\/2024\/12\/IMG20241224100521-1-800x630.jpg 800w, https:\/\/www.osjenka.si\/ps-gorice\/wp-content\/uploads\/sites\/2\/2024\/12\/IMG20241224100521-1-1024x806.jpg 1024w, https:\/\/www.osjenka.si\/ps-gorice\/wp-content\/uploads\/sites\/2\/2024\/12\/IMG20241224100521-1-1200x945.jpg 1200w, https:\/\/www.osjenka.si\/ps-gorice\/wp-content\/uploads\/sites\/2\/2024\/12\/IMG20241224100521-1-1536x1210.jpg 1536w, https:\/\/www.osjenka.si\/ps-gorice\/wp-content\/uploads\/sites\/2\/2024\/12\/IMG20241224100521-1.jpg 1920w\" data-sizes=\"auto\" data-orig-sizes=\"(max-width: 775px) 100vw, 775px\" \/><\/p>\n","protected":false},"excerpt":{"rendered":"<p>U\u010denci in u\u010diteljice smo se zadnji \u0161olski dan pred bo\u017ei\u010dno novoletnimi prazniki zbrali v prvem razredu, da smo se na skupni prireditvi spomnili davnega leta 1990, ko smo se Slovenci odlo\u010dili za samostojno in neodvisno dr\u017eavo. Prireditev sta povezovala Kaja in Dorian. U\u010denci so razmi\u0161ljali o na\u0161i prelepi domovini. Toma\u017e Habe: Domovina O\u010cKA, KAJ JE DOMOVINA? &nbsp; DOMOVINA NA\u0160A JE DE\u017dELA, TO SO POLJA, MORJE IN GORE, TO SO CESTE IN TOVARNE, RUDNIKI IN VSI LJUDJE. &nbsp; TO JE NA\u0160A LEPA PESEM, SO BESEDE, KI JIH GOVORI\u0160, TO VASI SO, LEPA MESTA, KJER \u017dIVETI SI \u017dELI\u0160. Za samostojno Slovenijo so se [&hellip;]<\/p>\n","protected":false},"author":7,"featured_media":4210,"comment_status":"open","ping_status":"open","sticky":false,"template":"","format":"standard","meta":{"footnotes":""},"categories":[1],"tags":[],"class_list":["post-4204","post","type-post","status-publish","format-standard","has-post-thumbnail","hentry","category-nekategorizirano"],"yoast_head":"<!-- This site is optimized with the Yoast SEO plugin v19.11 - https:\/\/yoast.com\/wordpress\/plugins\/seo\/ -->\n<title>Prireditev ob dnevu samostojnosti in enotnosti - P\u0160 Gori\u010de<\/title>\n<meta name=\"robots\" content=\"index, follow, max-snippet:-1, max-image-preview:large, max-video-preview:-1\" \/>\n<link rel=\"canonical\" href=\"https:\/\/www.osjenka.si\/ps-gorice\/2024\/12\/26\/prireditev-ob-dnevu-samostojnosti-in-enotnosti\/\" \/>\n<meta property=\"og:locale\" content=\"sl_SI\" \/>\n<meta property=\"og:type\" content=\"article\" \/>\n<meta property=\"og:title\" content=\"Prireditev ob dnevu samostojnosti in enotnosti - P\u0160 Gori\u010de\" \/>\n<meta property=\"og:description\" content=\"U\u010denci in u\u010diteljice smo se zadnji \u0161olski dan pred bo\u017ei\u010dno novoletnimi prazniki zbrali v prvem razredu, da smo se na skupni prireditvi spomnili davnega leta 1990, ko smo se Slovenci odlo\u010dili za samostojno in neodvisno dr\u017eavo. Prireditev sta povezovala Kaja in Dorian. U\u010denci so razmi\u0161ljali o na\u0161i prelepi domovini. Toma\u017e Habe: Domovina O\u010cKA, KAJ JE DOMOVINA? &nbsp; DOMOVINA NA\u0160A JE DE\u017dELA, TO SO POLJA, MORJE IN GORE, TO SO CESTE IN TOVARNE, RUDNIKI IN VSI LJUDJE. &nbsp; TO JE NA\u0160A LEPA PESEM, SO BESEDE, KI JIH GOVORI\u0160, TO VASI SO, LEPA MESTA, KJER \u017dIVETI SI \u017dELI\u0160. Za samostojno Slovenijo so se [&hellip;]\" \/>\n<meta property=\"og:url\" content=\"https:\/\/www.osjenka.si\/ps-gorice\/2024\/12\/26\/prireditev-ob-dnevu-samostojnosti-in-enotnosti\/\" \/>\n<meta property=\"og:site_name\" content=\"P\u0160 Gori\u010de\" \/>\n<meta property=\"article:published_time\" content=\"2024-12-26T10:46:41+00:00\" \/>\n<meta property=\"article:modified_time\" content=\"2024-12-27T20:47:05+00:00\" \/>\n<meta property=\"og:image\" content=\"https:\/\/www.osjenka.si\/ps-gorice\/wp-content\/uploads\/sites\/2\/2024\/12\/1735155631816.jpg\" \/>\n\t<meta property=\"og:image:width\" content=\"1920\" \/>\n\t<meta property=\"og:image:height\" content=\"1440\" \/>\n\t<meta property=\"og:image:type\" content=\"image\/jpeg\" \/>\n<meta name=\"author\" content=\"vilma\" \/>\n<meta name=\"twitter:card\" content=\"summary_large_image\" \/>\n<meta name=\"twitter:label1\" content=\"Written by\" \/>\n\t<meta name=\"twitter:data1\" content=\"vilma\" \/>\n\t<meta name=\"twitter:label2\" content=\"Est. reading time\" \/>\n\t<meta name=\"twitter:data2\" content=\"3 minute\" \/>\n<script type=\"application\/ld+json\" class=\"yoast-schema-graph\">{\"@context\":\"https:\/\/schema.org\",\"@graph\":[{\"@type\":\"WebPage\",\"@id\":\"https:\/\/www.osjenka.si\/ps-gorice\/2024\/12\/26\/prireditev-ob-dnevu-samostojnosti-in-enotnosti\/\",\"url\":\"https:\/\/www.osjenka.si\/ps-gorice\/2024\/12\/26\/prireditev-ob-dnevu-samostojnosti-in-enotnosti\/\",\"name\":\"Prireditev ob dnevu samostojnosti in enotnosti - P\u0160 Gori\u010de\",\"isPartOf\":{\"@id\":\"https:\/\/www.osjenka.si\/ps-gorice\/#website\"},\"datePublished\":\"2024-12-26T10:46:41+00:00\",\"dateModified\":\"2024-12-27T20:47:05+00:00\",\"author\":{\"@id\":\"https:\/\/www.osjenka.si\/ps-gorice\/#\/schema\/person\/94f44dbd9351bedc48d18ae7ab8a6706\"},\"breadcrumb\":{\"@id\":\"https:\/\/www.osjenka.si\/ps-gorice\/2024\/12\/26\/prireditev-ob-dnevu-samostojnosti-in-enotnosti\/#breadcrumb\"},\"inLanguage\":\"sl-SI\",\"potentialAction\":[{\"@type\":\"ReadAction\",\"target\":[\"https:\/\/www.osjenka.si\/ps-gorice\/2024\/12\/26\/prireditev-ob-dnevu-samostojnosti-in-enotnosti\/\"]}]},{\"@type\":\"BreadcrumbList\",\"@id\":\"https:\/\/www.osjenka.si\/ps-gorice\/2024\/12\/26\/prireditev-ob-dnevu-samostojnosti-in-enotnosti\/#breadcrumb\",\"itemListElement\":[{\"@type\":\"ListItem\",\"position\":1,\"name\":\"Home\",\"item\":\"https:\/\/www.osjenka.si\/ps-gorice\/\"},{\"@type\":\"ListItem\",\"position\":2,\"name\":\"Prireditev ob dnevu samostojnosti in enotnosti\"}]},{\"@type\":\"WebSite\",\"@id\":\"https:\/\/www.osjenka.si\/ps-gorice\/#website\",\"url\":\"https:\/\/www.osjenka.si\/ps-gorice\/\",\"name\":\"P\u0160 Gori\u010de\",\"description\":\"\",\"potentialAction\":[{\"@type\":\"SearchAction\",\"target\":{\"@type\":\"EntryPoint\",\"urlTemplate\":\"https:\/\/www.osjenka.si\/ps-gorice\/?s={search_term_string}\"},\"query-input\":\"required name=search_term_string\"}],\"inLanguage\":\"sl-SI\"},{\"@type\":\"Person\",\"@id\":\"https:\/\/www.osjenka.si\/ps-gorice\/#\/schema\/person\/94f44dbd9351bedc48d18ae7ab8a6706\",\"name\":\"vilma\",\"image\":{\"@type\":\"ImageObject\",\"inLanguage\":\"sl-SI\",\"@id\":\"https:\/\/www.osjenka.si\/ps-gorice\/#\/schema\/person\/image\/\",\"url\":\"https:\/\/secure.gravatar.com\/avatar\/41aa9d6664f90f3f3e03d130efd6192ff719c2d6a65ccdf098d3c2abf35d7aa6?s=96&d=mm&r=g\",\"contentUrl\":\"https:\/\/secure.gravatar.com\/avatar\/41aa9d6664f90f3f3e03d130efd6192ff719c2d6a65ccdf098d3c2abf35d7aa6?s=96&d=mm&r=g\",\"caption\":\"vilma\"},\"url\":\"https:\/\/www.osjenka.si\/ps-gorice\/author\/vilma\/\"}]}<\/script>\n<!-- \/ Yoast SEO plugin. -->","yoast_head_json":{"title":"Prireditev ob dnevu samostojnosti in enotnosti - P\u0160 Gori\u010de","robots":{"index":"index","follow":"follow","max-snippet":"max-snippet:-1","max-image-preview":"max-image-preview:large","max-video-preview":"max-video-preview:-1"},"canonical":"https:\/\/www.osjenka.si\/ps-gorice\/2024\/12\/26\/prireditev-ob-dnevu-samostojnosti-in-enotnosti\/","og_locale":"sl_SI","og_type":"article","og_title":"Prireditev ob dnevu samostojnosti in enotnosti - P\u0160 Gori\u010de","og_description":"U\u010denci in u\u010diteljice smo se zadnji \u0161olski dan pred bo\u017ei\u010dno novoletnimi prazniki zbrali v prvem razredu, da smo se na skupni prireditvi spomnili davnega leta 1990, ko smo se Slovenci odlo\u010dili za samostojno in neodvisno dr\u017eavo. Prireditev sta povezovala Kaja in Dorian. U\u010denci so razmi\u0161ljali o na\u0161i prelepi domovini. Toma\u017e Habe: Domovina O\u010cKA, KAJ JE DOMOVINA? &nbsp; DOMOVINA NA\u0160A JE DE\u017dELA, TO SO POLJA, MORJE IN GORE, TO SO CESTE IN TOVARNE, RUDNIKI IN VSI LJUDJE. &nbsp; TO JE NA\u0160A LEPA PESEM, SO BESEDE, KI JIH GOVORI\u0160, TO VASI SO, LEPA MESTA, KJER \u017dIVETI SI \u017dELI\u0160. Za samostojno Slovenijo so se [&hellip;]","og_url":"https:\/\/www.osjenka.si\/ps-gorice\/2024\/12\/26\/prireditev-ob-dnevu-samostojnosti-in-enotnosti\/","og_site_name":"P\u0160 Gori\u010de","article_published_time":"2024-12-26T10:46:41+00:00","article_modified_time":"2024-12-27T20:47:05+00:00","og_image":[{"width":1920,"height":1440,"url":"https:\/\/www.osjenka.si\/ps-gorice\/wp-content\/uploads\/sites\/2\/2024\/12\/1735155631816.jpg","type":"image\/jpeg"}],"author":"vilma","twitter_card":"summary_large_image","twitter_misc":{"Written by":"vilma","Est. reading time":"3 minute"},"schema":{"@context":"https:\/\/schema.org","@graph":[{"@type":"WebPage","@id":"https:\/\/www.osjenka.si\/ps-gorice\/2024\/12\/26\/prireditev-ob-dnevu-samostojnosti-in-enotnosti\/","url":"https:\/\/www.osjenka.si\/ps-gorice\/2024\/12\/26\/prireditev-ob-dnevu-samostojnosti-in-enotnosti\/","name":"Prireditev ob dnevu samostojnosti in enotnosti - P\u0160 Gori\u010de","isPartOf":{"@id":"https:\/\/www.osjenka.si\/ps-gorice\/#website"},"datePublished":"2024-12-26T10:46:41+00:00","dateModified":"2024-12-27T20:47:05+00:00","author":{"@id":"https:\/\/www.osjenka.si\/ps-gorice\/#\/schema\/person\/94f44dbd9351bedc48d18ae7ab8a6706"},"breadcrumb":{"@id":"https:\/\/www.osjenka.si\/ps-gorice\/2024\/12\/26\/prireditev-ob-dnevu-samostojnosti-in-enotnosti\/#breadcrumb"},"inLanguage":"sl-SI","potentialAction":[{"@type":"ReadAction","target":["https:\/\/www.osjenka.si\/ps-gorice\/2024\/12\/26\/prireditev-ob-dnevu-samostojnosti-in-enotnosti\/"]}]},{"@type":"BreadcrumbList","@id":"https:\/\/www.osjenka.si\/ps-gorice\/2024\/12\/26\/prireditev-ob-dnevu-samostojnosti-in-enotnosti\/#breadcrumb","itemListElement":[{"@type":"ListItem","position":1,"name":"Home","item":"https:\/\/www.osjenka.si\/ps-gorice\/"},{"@type":"ListItem","position":2,"name":"Prireditev ob dnevu samostojnosti in enotnosti"}]},{"@type":"WebSite","@id":"https:\/\/www.osjenka.si\/ps-gorice\/#website","url":"https:\/\/www.osjenka.si\/ps-gorice\/","name":"P\u0160 Gori\u010de","description":"","potentialAction":[{"@type":"SearchAction","target":{"@type":"EntryPoint","urlTemplate":"https:\/\/www.osjenka.si\/ps-gorice\/?s={search_term_string}"},"query-input":"required name=search_term_string"}],"inLanguage":"sl-SI"},{"@type":"Person","@id":"https:\/\/www.osjenka.si\/ps-gorice\/#\/schema\/person\/94f44dbd9351bedc48d18ae7ab8a6706","name":"vilma","image":{"@type":"ImageObject","inLanguage":"sl-SI","@id":"https:\/\/www.osjenka.si\/ps-gorice\/#\/schema\/person\/image\/","url":"https:\/\/secure.gravatar.com\/avatar\/41aa9d6664f90f3f3e03d130efd6192ff719c2d6a65ccdf098d3c2abf35d7aa6?s=96&d=mm&r=g","contentUrl":"https:\/\/secure.gravatar.com\/avatar\/41aa9d6664f90f3f3e03d130efd6192ff719c2d6a65ccdf098d3c2abf35d7aa6?s=96&d=mm&r=g","caption":"vilma"},"url":"https:\/\/www.osjenka.si\/ps-gorice\/author\/vilma\/"}]}},"_links":{"self":[{"href":"https:\/\/www.osjenka.si\/ps-gorice\/wp-json\/wp\/v2\/posts\/4204","targetHints":{"allow":["GET"]}}],"collection":[{"href":"https:\/\/www.osjenka.si\/ps-gorice\/wp-json\/wp\/v2\/posts"}],"about":[{"href":"https:\/\/www.osjenka.si\/ps-gorice\/wp-json\/wp\/v2\/types\/post"}],"author":[{"embeddable":true,"href":"https:\/\/www.osjenka.si\/ps-gorice\/wp-json\/wp\/v2\/users\/7"}],"replies":[{"embeddable":true,"href":"https:\/\/www.osjenka.si\/ps-gorice\/wp-json\/wp\/v2\/comments?post=4204"}],"version-history":[{"count":14,"href":"https:\/\/www.osjenka.si\/ps-gorice\/wp-json\/wp\/v2\/posts\/4204\/revisions"}],"predecessor-version":[{"id":4242,"href":"https:\/\/www.osjenka.si\/ps-gorice\/wp-json\/wp\/v2\/posts\/4204\/revisions\/4242"}],"wp:featuredmedia":[{"embeddable":true,"href":"https:\/\/www.osjenka.si\/ps-gorice\/wp-json\/wp\/v2\/media\/4210"}],"wp:attachment":[{"href":"https:\/\/www.osjenka.si\/ps-gorice\/wp-json\/wp\/v2\/media?parent=4204"}],"wp:term":[{"taxonomy":"category","embeddable":true,"href":"https:\/\/www.osjenka.si\/ps-gorice\/wp-json\/wp\/v2\/categories?post=4204"},{"taxonomy":"post_tag","embeddable":true,"href":"https:\/\/www.osjenka.si\/ps-gorice\/wp-json\/wp\/v2\/tags?post=4204"}],"curies":[{"name":"wp","href":"https:\/\/api.w.org\/{rel}","templated":true}]}}