{"id":4261,"date":"2025-02-06T17:31:44","date_gmt":"2025-02-06T16:31:44","guid":{"rendered":"https:\/\/www.osjenka.si\/ps-gorice\/?p=4261"},"modified":"2025-02-06T17:31:44","modified_gmt":"2025-02-06T16:31:44","slug":"kd-trziski-muzej-1-g","status":"publish","type":"post","link":"https:\/\/www.osjenka.si\/ps-gorice\/2025\/02\/06\/kd-trziski-muzej-1-g\/","title":{"rendered":"KD &#8211; Tr\u017ei\u0161ki muzej 1. g"},"content":{"rendered":"<h4><span style=\"color: #0000ff\">S prvo\u0161olci smo obiskali Kurnikovo hi\u0161o in Tr\u017ei\u0161ki muzej.<\/span><\/h4>\n<h4 style=\"text-align: center\"><span style=\"color: #0000ff\"><span style=\"color: #000080\"><em><strong>Kurnikova hi\u0161a<\/strong> <\/em><\/span>je stara okoli 200 let. Ima \u010drno kuhinjo, &#8220;hi\u0161o&#8221;, ve\u017eo&#8230; V njej je veliko starih predmetov kot so likalnik, perilnik, stare lon\u010dene posode, zibelka,&#8230; V \u010drni kuhinji so se spekle\u00a0tudi \u017eemljice, katere so prvo\u0161olci sami oblikovali.<\/span><\/h4>\n<div style=\"text-align: center\">\n<h4><span style=\"color: #0000ff\">Poskusili\u00a0pa so tudi pisati s pravimi peresi ter \u010drnilom.<\/span><\/h4>\n<div>\u00a0 \u00a0 \u00a0 \u00a0 <img decoding=\"async\" class=\"lazyload alignnone  wp-image-4264\" src=\"https:\/\/www.osjenka.si\/ps-gorice\/wp-content\/uploads\/sites\/2\/2025\/02\/Muzej1-225x300.jpg\" data-orig-src=\"https:\/\/www.osjenka.si\/ps-gorice\/wp-content\/uploads\/sites\/2\/2025\/02\/Muzej1-225x300.jpg\" alt=\"\" width=\"397\" height=\"530\" srcset=\"data:image\/svg+xml,%3Csvg%20xmlns%3D%27http%3A%2F%2Fwww.w3.org%2F2000%2Fsvg%27%20width%3D%27397%27%20height%3D%27530%27%20viewBox%3D%270%200%20397%20530%27%3E%3Crect%20width%3D%27397%27%20height%3D%27530%27%20fill-opacity%3D%220%22%2F%3E%3C%2Fsvg%3E\" data-srcset=\"https:\/\/www.osjenka.si\/ps-gorice\/wp-content\/uploads\/sites\/2\/2025\/02\/Muzej1-200x267.jpg 200w, https:\/\/www.osjenka.si\/ps-gorice\/wp-content\/uploads\/sites\/2\/2025\/02\/Muzej1-225x300.jpg 225w, https:\/\/www.osjenka.si\/ps-gorice\/wp-content\/uploads\/sites\/2\/2025\/02\/Muzej1-300x400.jpg 300w, https:\/\/www.osjenka.si\/ps-gorice\/wp-content\/uploads\/sites\/2\/2025\/02\/Muzej1-400x533.jpg 400w, https:\/\/www.osjenka.si\/ps-gorice\/wp-content\/uploads\/sites\/2\/2025\/02\/Muzej1-600x800.jpg 600w, https:\/\/www.osjenka.si\/ps-gorice\/wp-content\/uploads\/sites\/2\/2025\/02\/Muzej1-768x1024.jpg 768w, https:\/\/www.osjenka.si\/ps-gorice\/wp-content\/uploads\/sites\/2\/2025\/02\/Muzej1-800x1067.jpg 800w, https:\/\/www.osjenka.si\/ps-gorice\/wp-content\/uploads\/sites\/2\/2025\/02\/Muzej1-1152x1536.jpg 1152w, https:\/\/www.osjenka.si\/ps-gorice\/wp-content\/uploads\/sites\/2\/2025\/02\/Muzej1-1200x1600.jpg 1200w, https:\/\/www.osjenka.si\/ps-gorice\/wp-content\/uploads\/sites\/2\/2025\/02\/Muzej1.jpg 1440w\" data-sizes=\"auto\" data-orig-sizes=\"(max-width: 397px) 100vw, 397px\" \/> <img decoding=\"async\" class=\"lazyload alignnone  wp-image-4263\" src=\"https:\/\/www.osjenka.si\/ps-gorice\/wp-content\/uploads\/sites\/2\/2025\/02\/Muzej-225x300.jpg\" data-orig-src=\"https:\/\/www.osjenka.si\/ps-gorice\/wp-content\/uploads\/sites\/2\/2025\/02\/Muzej-225x300.jpg\" alt=\"\" width=\"397\" height=\"530\" srcset=\"data:image\/svg+xml,%3Csvg%20xmlns%3D%27http%3A%2F%2Fwww.w3.org%2F2000%2Fsvg%27%20width%3D%27397%27%20height%3D%27530%27%20viewBox%3D%270%200%20397%20530%27%3E%3Crect%20width%3D%27397%27%20height%3D%27530%27%20fill-opacity%3D%220%22%2F%3E%3C%2Fsvg%3E\" data-srcset=\"https:\/\/www.osjenka.si\/ps-gorice\/wp-content\/uploads\/sites\/2\/2025\/02\/Muzej-200x267.jpg 200w, https:\/\/www.osjenka.si\/ps-gorice\/wp-content\/uploads\/sites\/2\/2025\/02\/Muzej-225x300.jpg 225w, https:\/\/www.osjenka.si\/ps-gorice\/wp-content\/uploads\/sites\/2\/2025\/02\/Muzej-300x400.jpg 300w, https:\/\/www.osjenka.si\/ps-gorice\/wp-content\/uploads\/sites\/2\/2025\/02\/Muzej-400x533.jpg 400w, https:\/\/www.osjenka.si\/ps-gorice\/wp-content\/uploads\/sites\/2\/2025\/02\/Muzej-600x800.jpg 600w, https:\/\/www.osjenka.si\/ps-gorice\/wp-content\/uploads\/sites\/2\/2025\/02\/Muzej-768x1024.jpg 768w, https:\/\/www.osjenka.si\/ps-gorice\/wp-content\/uploads\/sites\/2\/2025\/02\/Muzej-800x1067.jpg 800w, https:\/\/www.osjenka.si\/ps-gorice\/wp-content\/uploads\/sites\/2\/2025\/02\/Muzej-1152x1536.jpg 1152w, https:\/\/www.osjenka.si\/ps-gorice\/wp-content\/uploads\/sites\/2\/2025\/02\/Muzej-1200x1600.jpg 1200w, https:\/\/www.osjenka.si\/ps-gorice\/wp-content\/uploads\/sites\/2\/2025\/02\/Muzej.jpg 1440w\" data-sizes=\"auto\" data-orig-sizes=\"(max-width: 397px) 100vw, 397px\" \/><\/div>\n<div><\/div>\n<div>\u00a0 \u00a0<img decoding=\"async\" class=\"lazyload alignnone  wp-image-4265\" src=\"https:\/\/www.osjenka.si\/ps-gorice\/wp-content\/uploads\/sites\/2\/2025\/02\/Muzej2-300x225.jpg\" data-orig-src=\"https:\/\/www.osjenka.si\/ps-gorice\/wp-content\/uploads\/sites\/2\/2025\/02\/Muzej2-300x225.jpg\" alt=\"\" width=\"567\" height=\"425\" srcset=\"data:image\/svg+xml,%3Csvg%20xmlns%3D%27http%3A%2F%2Fwww.w3.org%2F2000%2Fsvg%27%20width%3D%27567%27%20height%3D%27425%27%20viewBox%3D%270%200%20567%20425%27%3E%3Crect%20width%3D%27567%27%20height%3D%27425%27%20fill-opacity%3D%220%22%2F%3E%3C%2Fsvg%3E\" data-srcset=\"https:\/\/www.osjenka.si\/ps-gorice\/wp-content\/uploads\/sites\/2\/2025\/02\/Muzej2-200x150.jpg 200w, https:\/\/www.osjenka.si\/ps-gorice\/wp-content\/uploads\/sites\/2\/2025\/02\/Muzej2-300x225.jpg 300w, https:\/\/www.osjenka.si\/ps-gorice\/wp-content\/uploads\/sites\/2\/2025\/02\/Muzej2-400x300.jpg 400w, https:\/\/www.osjenka.si\/ps-gorice\/wp-content\/uploads\/sites\/2\/2025\/02\/Muzej2-600x450.jpg 600w, https:\/\/www.osjenka.si\/ps-gorice\/wp-content\/uploads\/sites\/2\/2025\/02\/Muzej2-768x576.jpg 768w, https:\/\/www.osjenka.si\/ps-gorice\/wp-content\/uploads\/sites\/2\/2025\/02\/Muzej2-800x600.jpg 800w, https:\/\/www.osjenka.si\/ps-gorice\/wp-content\/uploads\/sites\/2\/2025\/02\/Muzej2-1024x768.jpg 1024w, https:\/\/www.osjenka.si\/ps-gorice\/wp-content\/uploads\/sites\/2\/2025\/02\/Muzej2-1200x900.jpg 1200w, https:\/\/www.osjenka.si\/ps-gorice\/wp-content\/uploads\/sites\/2\/2025\/02\/Muzej2-1536x1152.jpg 1536w, https:\/\/www.osjenka.si\/ps-gorice\/wp-content\/uploads\/sites\/2\/2025\/02\/Muzej2.jpg 1920w\" data-sizes=\"auto\" data-orig-sizes=\"(max-width: 567px) 100vw, 567px\" \/><\/div>\n<div><\/div>\n<div><img decoding=\"async\" class=\"lazyload alignnone  wp-image-4268\" src=\"https:\/\/www.osjenka.si\/ps-gorice\/wp-content\/uploads\/sites\/2\/2025\/02\/Muzej5-300x225.jpg\" data-orig-src=\"https:\/\/www.osjenka.si\/ps-gorice\/wp-content\/uploads\/sites\/2\/2025\/02\/Muzej5-300x225.jpg\" alt=\"\" width=\"583\" height=\"438\" srcset=\"data:image\/svg+xml,%3Csvg%20xmlns%3D%27http%3A%2F%2Fwww.w3.org%2F2000%2Fsvg%27%20width%3D%27583%27%20height%3D%27438%27%20viewBox%3D%270%200%20583%20438%27%3E%3Crect%20width%3D%27583%27%20height%3D%27438%27%20fill-opacity%3D%220%22%2F%3E%3C%2Fsvg%3E\" data-srcset=\"https:\/\/www.osjenka.si\/ps-gorice\/wp-content\/uploads\/sites\/2\/2025\/02\/Muzej5-200x150.jpg 200w, https:\/\/www.osjenka.si\/ps-gorice\/wp-content\/uploads\/sites\/2\/2025\/02\/Muzej5-300x225.jpg 300w, https:\/\/www.osjenka.si\/ps-gorice\/wp-content\/uploads\/sites\/2\/2025\/02\/Muzej5-400x300.jpg 400w, https:\/\/www.osjenka.si\/ps-gorice\/wp-content\/uploads\/sites\/2\/2025\/02\/Muzej5-600x450.jpg 600w, https:\/\/www.osjenka.si\/ps-gorice\/wp-content\/uploads\/sites\/2\/2025\/02\/Muzej5-768x576.jpg 768w, https:\/\/www.osjenka.si\/ps-gorice\/wp-content\/uploads\/sites\/2\/2025\/02\/Muzej5-800x600.jpg 800w, https:\/\/www.osjenka.si\/ps-gorice\/wp-content\/uploads\/sites\/2\/2025\/02\/Muzej5-1024x768.jpg 1024w, https:\/\/www.osjenka.si\/ps-gorice\/wp-content\/uploads\/sites\/2\/2025\/02\/Muzej5-1200x900.jpg 1200w, https:\/\/www.osjenka.si\/ps-gorice\/wp-content\/uploads\/sites\/2\/2025\/02\/Muzej5-1536x1152.jpg 1536w, https:\/\/www.osjenka.si\/ps-gorice\/wp-content\/uploads\/sites\/2\/2025\/02\/Muzej5.jpg 1920w\" data-sizes=\"auto\" data-orig-sizes=\"(max-width: 583px) 100vw, 583px\" \/><\/div>\n<div><\/div>\n<div><img decoding=\"async\" class=\"lazyload alignnone  wp-image-4266\" src=\"https:\/\/www.osjenka.si\/ps-gorice\/wp-content\/uploads\/sites\/2\/2025\/02\/Muzej3-300x225.jpg\" data-orig-src=\"https:\/\/www.osjenka.si\/ps-gorice\/wp-content\/uploads\/sites\/2\/2025\/02\/Muzej3-300x225.jpg\" alt=\"\" width=\"578\" height=\"433\" srcset=\"data:image\/svg+xml,%3Csvg%20xmlns%3D%27http%3A%2F%2Fwww.w3.org%2F2000%2Fsvg%27%20width%3D%27578%27%20height%3D%27433%27%20viewBox%3D%270%200%20578%20433%27%3E%3Crect%20width%3D%27578%27%20height%3D%27433%27%20fill-opacity%3D%220%22%2F%3E%3C%2Fsvg%3E\" data-srcset=\"https:\/\/www.osjenka.si\/ps-gorice\/wp-content\/uploads\/sites\/2\/2025\/02\/Muzej3-200x150.jpg 200w, https:\/\/www.osjenka.si\/ps-gorice\/wp-content\/uploads\/sites\/2\/2025\/02\/Muzej3-300x225.jpg 300w, https:\/\/www.osjenka.si\/ps-gorice\/wp-content\/uploads\/sites\/2\/2025\/02\/Muzej3-400x300.jpg 400w, https:\/\/www.osjenka.si\/ps-gorice\/wp-content\/uploads\/sites\/2\/2025\/02\/Muzej3-600x450.jpg 600w, https:\/\/www.osjenka.si\/ps-gorice\/wp-content\/uploads\/sites\/2\/2025\/02\/Muzej3-768x576.jpg 768w, https:\/\/www.osjenka.si\/ps-gorice\/wp-content\/uploads\/sites\/2\/2025\/02\/Muzej3-800x600.jpg 800w, https:\/\/www.osjenka.si\/ps-gorice\/wp-content\/uploads\/sites\/2\/2025\/02\/Muzej3-1024x768.jpg 1024w, https:\/\/www.osjenka.si\/ps-gorice\/wp-content\/uploads\/sites\/2\/2025\/02\/Muzej3-1200x900.jpg 1200w, https:\/\/www.osjenka.si\/ps-gorice\/wp-content\/uploads\/sites\/2\/2025\/02\/Muzej3-1536x1152.jpg 1536w, https:\/\/www.osjenka.si\/ps-gorice\/wp-content\/uploads\/sites\/2\/2025\/02\/Muzej3.jpg 1920w\" data-sizes=\"auto\" data-orig-sizes=\"(max-width: 578px) 100vw, 578px\" \/><\/div>\n<\/div>\n<h4 style=\"text-align: center\"><span style=\"color: #0000ff\">V <span style=\"color: #000080\">Tr\u017ei\u0161kem muzeju<\/span> pa so spoznali, kako so v\u010dasih rokodelci izdelovali \u010devlje. Veliko dela je potrebnega, preden je nastal en \u010develj. Prvo\u0161olci so se spra\u0161evali, \u010de so usnjeni tudi njihovi \u010devlji? Tudi sami so se prelevili v rokodelce in se\u0161ili \u010disto svoj copatek. In tako smo zadovoljni in polni novih spoznanj od\u0161li domov.<\/span><\/h4>\n<h4 style=\"text-align: center\"><span style=\"color: #0000ff\">Pre\u017eiveli smo \u010dudovit kulturni dan v Tr\u017ei\u010du.<\/span><\/h4>\n<h4 style=\"text-align: center\"><img decoding=\"async\" class=\"lazyload alignnone  wp-image-4269\" src=\"https:\/\/www.osjenka.si\/ps-gorice\/wp-content\/uploads\/sites\/2\/2025\/02\/Muzej6-225x300.jpg\" data-orig-src=\"https:\/\/www.osjenka.si\/ps-gorice\/wp-content\/uploads\/sites\/2\/2025\/02\/Muzej6-225x300.jpg\" alt=\"\" width=\"382\" height=\"510\" srcset=\"data:image\/svg+xml,%3Csvg%20xmlns%3D%27http%3A%2F%2Fwww.w3.org%2F2000%2Fsvg%27%20width%3D%27382%27%20height%3D%27510%27%20viewBox%3D%270%200%20382%20510%27%3E%3Crect%20width%3D%27382%27%20height%3D%27510%27%20fill-opacity%3D%220%22%2F%3E%3C%2Fsvg%3E\" data-srcset=\"https:\/\/www.osjenka.si\/ps-gorice\/wp-content\/uploads\/sites\/2\/2025\/02\/Muzej6-200x267.jpg 200w, https:\/\/www.osjenka.si\/ps-gorice\/wp-content\/uploads\/sites\/2\/2025\/02\/Muzej6-225x300.jpg 225w, https:\/\/www.osjenka.si\/ps-gorice\/wp-content\/uploads\/sites\/2\/2025\/02\/Muzej6-300x400.jpg 300w, https:\/\/www.osjenka.si\/ps-gorice\/wp-content\/uploads\/sites\/2\/2025\/02\/Muzej6-400x533.jpg 400w, https:\/\/www.osjenka.si\/ps-gorice\/wp-content\/uploads\/sites\/2\/2025\/02\/Muzej6-600x800.jpg 600w, https:\/\/www.osjenka.si\/ps-gorice\/wp-content\/uploads\/sites\/2\/2025\/02\/Muzej6-768x1024.jpg 768w, https:\/\/www.osjenka.si\/ps-gorice\/wp-content\/uploads\/sites\/2\/2025\/02\/Muzej6-800x1067.jpg 800w, https:\/\/www.osjenka.si\/ps-gorice\/wp-content\/uploads\/sites\/2\/2025\/02\/Muzej6-1152x1536.jpg 1152w, https:\/\/www.osjenka.si\/ps-gorice\/wp-content\/uploads\/sites\/2\/2025\/02\/Muzej6-1200x1600.jpg 1200w, https:\/\/www.osjenka.si\/ps-gorice\/wp-content\/uploads\/sites\/2\/2025\/02\/Muzej6.jpg 1440w\" data-sizes=\"auto\" data-orig-sizes=\"(max-width: 382px) 100vw, 382px\" \/> <img decoding=\"async\" class=\"lazyload alignnone  wp-image-4267\" src=\"https:\/\/www.osjenka.si\/ps-gorice\/wp-content\/uploads\/sites\/2\/2025\/02\/Muzej4-225x300.jpg\" data-orig-src=\"https:\/\/www.osjenka.si\/ps-gorice\/wp-content\/uploads\/sites\/2\/2025\/02\/Muzej4-225x300.jpg\" alt=\"\" width=\"381\" height=\"508\" srcset=\"data:image\/svg+xml,%3Csvg%20xmlns%3D%27http%3A%2F%2Fwww.w3.org%2F2000%2Fsvg%27%20width%3D%27381%27%20height%3D%27508%27%20viewBox%3D%270%200%20381%20508%27%3E%3Crect%20width%3D%27381%27%20height%3D%27508%27%20fill-opacity%3D%220%22%2F%3E%3C%2Fsvg%3E\" data-srcset=\"https:\/\/www.osjenka.si\/ps-gorice\/wp-content\/uploads\/sites\/2\/2025\/02\/Muzej4-200x267.jpg 200w, https:\/\/www.osjenka.si\/ps-gorice\/wp-content\/uploads\/sites\/2\/2025\/02\/Muzej4-225x300.jpg 225w, https:\/\/www.osjenka.si\/ps-gorice\/wp-content\/uploads\/sites\/2\/2025\/02\/Muzej4-300x400.jpg 300w, https:\/\/www.osjenka.si\/ps-gorice\/wp-content\/uploads\/sites\/2\/2025\/02\/Muzej4-400x533.jpg 400w, https:\/\/www.osjenka.si\/ps-gorice\/wp-content\/uploads\/sites\/2\/2025\/02\/Muzej4-600x800.jpg 600w, https:\/\/www.osjenka.si\/ps-gorice\/wp-content\/uploads\/sites\/2\/2025\/02\/Muzej4-768x1024.jpg 768w, https:\/\/www.osjenka.si\/ps-gorice\/wp-content\/uploads\/sites\/2\/2025\/02\/Muzej4-800x1067.jpg 800w, https:\/\/www.osjenka.si\/ps-gorice\/wp-content\/uploads\/sites\/2\/2025\/02\/Muzej4-1152x1536.jpg 1152w, https:\/\/www.osjenka.si\/ps-gorice\/wp-content\/uploads\/sites\/2\/2025\/02\/Muzej4-1200x1600.jpg 1200w, https:\/\/www.osjenka.si\/ps-gorice\/wp-content\/uploads\/sites\/2\/2025\/02\/Muzej4.jpg 1440w\" data-sizes=\"auto\" data-orig-sizes=\"(max-width: 381px) 100vw, 381px\" \/><\/h4>\n<div class=\"yj6qo\" style=\"text-align: center\"><\/div>\n<div class=\"adL\" style=\"text-align: center\"><\/div>\n","protected":false},"excerpt":{"rendered":"<p>S prvo\u0161olci smo obiskali Kurnikovo hi\u0161o in Tr\u017ei\u0161ki muzej. Kurnikova hi\u0161a je stara okoli 200 let. Ima \u010drno kuhinjo, &#8220;hi\u0161o&#8221;, ve\u017eo&#8230; V njej je veliko starih predmetov kot so likalnik, perilnik, stare lon\u010dene posode, zibelka,&#8230; V \u010drni kuhinji so se spekle\u00a0tudi \u017eemljice, katere so prvo\u0161olci sami oblikovali. Poskusili\u00a0pa so tudi pisati s pravimi peresi ter \u010drnilom. \u00a0 \u00a0 \u00a0 \u00a0 \u00a0 \u00a0 V Tr\u017ei\u0161kem muzeju pa so spoznali, kako so v\u010dasih rokodelci izdelovali \u010devlje. Veliko dela je potrebnega, preden je nastal en \u010develj. Prvo\u0161olci so se spra\u0161evali, \u010de so usnjeni tudi njihovi \u010devlji? Tudi sami so se prelevili v rokodelce in [&hellip;]<\/p>\n","protected":false},"author":7,"featured_media":4266,"comment_status":"open","ping_status":"open","sticky":false,"template":"","format":"standard","meta":{"footnotes":""},"categories":[1],"tags":[],"class_list":["post-4261","post","type-post","status-publish","format-standard","has-post-thumbnail","hentry","category-nekategorizirano"],"yoast_head":"<!-- This site is optimized with the Yoast SEO plugin v19.11 - https:\/\/yoast.com\/wordpress\/plugins\/seo\/ -->\n<title>KD - Tr\u017ei\u0161ki muzej 1. g - P\u0160 Gori\u010de<\/title>\n<meta name=\"robots\" content=\"index, follow, max-snippet:-1, max-image-preview:large, max-video-preview:-1\" \/>\n<link rel=\"canonical\" href=\"https:\/\/www.osjenka.si\/ps-gorice\/2025\/02\/06\/kd-trziski-muzej-1-g\/\" \/>\n<meta property=\"og:locale\" content=\"sl_SI\" \/>\n<meta property=\"og:type\" content=\"article\" \/>\n<meta property=\"og:title\" content=\"KD - Tr\u017ei\u0161ki muzej 1. g - P\u0160 Gori\u010de\" \/>\n<meta property=\"og:description\" content=\"S prvo\u0161olci smo obiskali Kurnikovo hi\u0161o in Tr\u017ei\u0161ki muzej. Kurnikova hi\u0161a je stara okoli 200 let. Ima \u010drno kuhinjo, &#8220;hi\u0161o&#8221;, ve\u017eo&#8230; V njej je veliko starih predmetov kot so likalnik, perilnik, stare lon\u010dene posode, zibelka,&#8230; V \u010drni kuhinji so se spekle\u00a0tudi \u017eemljice, katere so prvo\u0161olci sami oblikovali. Poskusili\u00a0pa so tudi pisati s pravimi peresi ter \u010drnilom. \u00a0 \u00a0 \u00a0 \u00a0 \u00a0 \u00a0 V Tr\u017ei\u0161kem muzeju pa so spoznali, kako so v\u010dasih rokodelci izdelovali \u010devlje. Veliko dela je potrebnega, preden je nastal en \u010develj. Prvo\u0161olci so se spra\u0161evali, \u010de so usnjeni tudi njihovi \u010devlji? Tudi sami so se prelevili v rokodelce in [&hellip;]\" \/>\n<meta property=\"og:url\" content=\"https:\/\/www.osjenka.si\/ps-gorice\/2025\/02\/06\/kd-trziski-muzej-1-g\/\" \/>\n<meta property=\"og:site_name\" content=\"P\u0160 Gori\u010de\" \/>\n<meta property=\"article:published_time\" content=\"2025-02-06T16:31:44+00:00\" \/>\n<meta property=\"og:image\" content=\"https:\/\/www.osjenka.si\/ps-gorice\/wp-content\/uploads\/sites\/2\/2025\/02\/Muzej3.jpg\" \/>\n\t<meta property=\"og:image:width\" content=\"1920\" \/>\n\t<meta property=\"og:image:height\" content=\"1440\" \/>\n\t<meta property=\"og:image:type\" content=\"image\/jpeg\" \/>\n<meta name=\"author\" content=\"vilma\" \/>\n<meta name=\"twitter:card\" content=\"summary_large_image\" \/>\n<meta name=\"twitter:label1\" content=\"Written by\" \/>\n\t<meta name=\"twitter:data1\" content=\"vilma\" \/>\n\t<meta name=\"twitter:label2\" content=\"Est. reading time\" \/>\n\t<meta name=\"twitter:data2\" content=\"3 minute\" \/>\n<script type=\"application\/ld+json\" class=\"yoast-schema-graph\">{\"@context\":\"https:\/\/schema.org\",\"@graph\":[{\"@type\":\"WebPage\",\"@id\":\"https:\/\/www.osjenka.si\/ps-gorice\/2025\/02\/06\/kd-trziski-muzej-1-g\/\",\"url\":\"https:\/\/www.osjenka.si\/ps-gorice\/2025\/02\/06\/kd-trziski-muzej-1-g\/\",\"name\":\"KD - Tr\u017ei\u0161ki muzej 1. g - P\u0160 Gori\u010de\",\"isPartOf\":{\"@id\":\"https:\/\/www.osjenka.si\/ps-gorice\/#website\"},\"datePublished\":\"2025-02-06T16:31:44+00:00\",\"dateModified\":\"2025-02-06T16:31:44+00:00\",\"author\":{\"@id\":\"https:\/\/www.osjenka.si\/ps-gorice\/#\/schema\/person\/94f44dbd9351bedc48d18ae7ab8a6706\"},\"breadcrumb\":{\"@id\":\"https:\/\/www.osjenka.si\/ps-gorice\/2025\/02\/06\/kd-trziski-muzej-1-g\/#breadcrumb\"},\"inLanguage\":\"sl-SI\",\"potentialAction\":[{\"@type\":\"ReadAction\",\"target\":[\"https:\/\/www.osjenka.si\/ps-gorice\/2025\/02\/06\/kd-trziski-muzej-1-g\/\"]}]},{\"@type\":\"BreadcrumbList\",\"@id\":\"https:\/\/www.osjenka.si\/ps-gorice\/2025\/02\/06\/kd-trziski-muzej-1-g\/#breadcrumb\",\"itemListElement\":[{\"@type\":\"ListItem\",\"position\":1,\"name\":\"Home\",\"item\":\"https:\/\/www.osjenka.si\/ps-gorice\/\"},{\"@type\":\"ListItem\",\"position\":2,\"name\":\"KD &#8211; Tr\u017ei\u0161ki muzej 1. g\"}]},{\"@type\":\"WebSite\",\"@id\":\"https:\/\/www.osjenka.si\/ps-gorice\/#website\",\"url\":\"https:\/\/www.osjenka.si\/ps-gorice\/\",\"name\":\"P\u0160 Gori\u010de\",\"description\":\"\",\"potentialAction\":[{\"@type\":\"SearchAction\",\"target\":{\"@type\":\"EntryPoint\",\"urlTemplate\":\"https:\/\/www.osjenka.si\/ps-gorice\/?s={search_term_string}\"},\"query-input\":\"required name=search_term_string\"}],\"inLanguage\":\"sl-SI\"},{\"@type\":\"Person\",\"@id\":\"https:\/\/www.osjenka.si\/ps-gorice\/#\/schema\/person\/94f44dbd9351bedc48d18ae7ab8a6706\",\"name\":\"vilma\",\"image\":{\"@type\":\"ImageObject\",\"inLanguage\":\"sl-SI\",\"@id\":\"https:\/\/www.osjenka.si\/ps-gorice\/#\/schema\/person\/image\/\",\"url\":\"https:\/\/secure.gravatar.com\/avatar\/41aa9d6664f90f3f3e03d130efd6192ff719c2d6a65ccdf098d3c2abf35d7aa6?s=96&d=mm&r=g\",\"contentUrl\":\"https:\/\/secure.gravatar.com\/avatar\/41aa9d6664f90f3f3e03d130efd6192ff719c2d6a65ccdf098d3c2abf35d7aa6?s=96&d=mm&r=g\",\"caption\":\"vilma\"},\"url\":\"https:\/\/www.osjenka.si\/ps-gorice\/author\/vilma\/\"}]}<\/script>\n<!-- \/ Yoast SEO plugin. -->","yoast_head_json":{"title":"KD - Tr\u017ei\u0161ki muzej 1. g - P\u0160 Gori\u010de","robots":{"index":"index","follow":"follow","max-snippet":"max-snippet:-1","max-image-preview":"max-image-preview:large","max-video-preview":"max-video-preview:-1"},"canonical":"https:\/\/www.osjenka.si\/ps-gorice\/2025\/02\/06\/kd-trziski-muzej-1-g\/","og_locale":"sl_SI","og_type":"article","og_title":"KD - Tr\u017ei\u0161ki muzej 1. g - P\u0160 Gori\u010de","og_description":"S prvo\u0161olci smo obiskali Kurnikovo hi\u0161o in Tr\u017ei\u0161ki muzej. Kurnikova hi\u0161a je stara okoli 200 let. Ima \u010drno kuhinjo, &#8220;hi\u0161o&#8221;, ve\u017eo&#8230; V njej je veliko starih predmetov kot so likalnik, perilnik, stare lon\u010dene posode, zibelka,&#8230; V \u010drni kuhinji so se spekle\u00a0tudi \u017eemljice, katere so prvo\u0161olci sami oblikovali. Poskusili\u00a0pa so tudi pisati s pravimi peresi ter \u010drnilom. \u00a0 \u00a0 \u00a0 \u00a0 \u00a0 \u00a0 V Tr\u017ei\u0161kem muzeju pa so spoznali, kako so v\u010dasih rokodelci izdelovali \u010devlje. Veliko dela je potrebnega, preden je nastal en \u010develj. Prvo\u0161olci so se spra\u0161evali, \u010de so usnjeni tudi njihovi \u010devlji? Tudi sami so se prelevili v rokodelce in [&hellip;]","og_url":"https:\/\/www.osjenka.si\/ps-gorice\/2025\/02\/06\/kd-trziski-muzej-1-g\/","og_site_name":"P\u0160 Gori\u010de","article_published_time":"2025-02-06T16:31:44+00:00","og_image":[{"width":1920,"height":1440,"url":"https:\/\/www.osjenka.si\/ps-gorice\/wp-content\/uploads\/sites\/2\/2025\/02\/Muzej3.jpg","type":"image\/jpeg"}],"author":"vilma","twitter_card":"summary_large_image","twitter_misc":{"Written by":"vilma","Est. reading time":"3 minute"},"schema":{"@context":"https:\/\/schema.org","@graph":[{"@type":"WebPage","@id":"https:\/\/www.osjenka.si\/ps-gorice\/2025\/02\/06\/kd-trziski-muzej-1-g\/","url":"https:\/\/www.osjenka.si\/ps-gorice\/2025\/02\/06\/kd-trziski-muzej-1-g\/","name":"KD - Tr\u017ei\u0161ki muzej 1. g - P\u0160 Gori\u010de","isPartOf":{"@id":"https:\/\/www.osjenka.si\/ps-gorice\/#website"},"datePublished":"2025-02-06T16:31:44+00:00","dateModified":"2025-02-06T16:31:44+00:00","author":{"@id":"https:\/\/www.osjenka.si\/ps-gorice\/#\/schema\/person\/94f44dbd9351bedc48d18ae7ab8a6706"},"breadcrumb":{"@id":"https:\/\/www.osjenka.si\/ps-gorice\/2025\/02\/06\/kd-trziski-muzej-1-g\/#breadcrumb"},"inLanguage":"sl-SI","potentialAction":[{"@type":"ReadAction","target":["https:\/\/www.osjenka.si\/ps-gorice\/2025\/02\/06\/kd-trziski-muzej-1-g\/"]}]},{"@type":"BreadcrumbList","@id":"https:\/\/www.osjenka.si\/ps-gorice\/2025\/02\/06\/kd-trziski-muzej-1-g\/#breadcrumb","itemListElement":[{"@type":"ListItem","position":1,"name":"Home","item":"https:\/\/www.osjenka.si\/ps-gorice\/"},{"@type":"ListItem","position":2,"name":"KD &#8211; Tr\u017ei\u0161ki muzej 1. g"}]},{"@type":"WebSite","@id":"https:\/\/www.osjenka.si\/ps-gorice\/#website","url":"https:\/\/www.osjenka.si\/ps-gorice\/","name":"P\u0160 Gori\u010de","description":"","potentialAction":[{"@type":"SearchAction","target":{"@type":"EntryPoint","urlTemplate":"https:\/\/www.osjenka.si\/ps-gorice\/?s={search_term_string}"},"query-input":"required name=search_term_string"}],"inLanguage":"sl-SI"},{"@type":"Person","@id":"https:\/\/www.osjenka.si\/ps-gorice\/#\/schema\/person\/94f44dbd9351bedc48d18ae7ab8a6706","name":"vilma","image":{"@type":"ImageObject","inLanguage":"sl-SI","@id":"https:\/\/www.osjenka.si\/ps-gorice\/#\/schema\/person\/image\/","url":"https:\/\/secure.gravatar.com\/avatar\/41aa9d6664f90f3f3e03d130efd6192ff719c2d6a65ccdf098d3c2abf35d7aa6?s=96&d=mm&r=g","contentUrl":"https:\/\/secure.gravatar.com\/avatar\/41aa9d6664f90f3f3e03d130efd6192ff719c2d6a65ccdf098d3c2abf35d7aa6?s=96&d=mm&r=g","caption":"vilma"},"url":"https:\/\/www.osjenka.si\/ps-gorice\/author\/vilma\/"}]}},"_links":{"self":[{"href":"https:\/\/www.osjenka.si\/ps-gorice\/wp-json\/wp\/v2\/posts\/4261","targetHints":{"allow":["GET"]}}],"collection":[{"href":"https:\/\/www.osjenka.si\/ps-gorice\/wp-json\/wp\/v2\/posts"}],"about":[{"href":"https:\/\/www.osjenka.si\/ps-gorice\/wp-json\/wp\/v2\/types\/post"}],"author":[{"embeddable":true,"href":"https:\/\/www.osjenka.si\/ps-gorice\/wp-json\/wp\/v2\/users\/7"}],"replies":[{"embeddable":true,"href":"https:\/\/www.osjenka.si\/ps-gorice\/wp-json\/wp\/v2\/comments?post=4261"}],"version-history":[{"count":3,"href":"https:\/\/www.osjenka.si\/ps-gorice\/wp-json\/wp\/v2\/posts\/4261\/revisions"}],"predecessor-version":[{"id":4271,"href":"https:\/\/www.osjenka.si\/ps-gorice\/wp-json\/wp\/v2\/posts\/4261\/revisions\/4271"}],"wp:featuredmedia":[{"embeddable":true,"href":"https:\/\/www.osjenka.si\/ps-gorice\/wp-json\/wp\/v2\/media\/4266"}],"wp:attachment":[{"href":"https:\/\/www.osjenka.si\/ps-gorice\/wp-json\/wp\/v2\/media?parent=4261"}],"wp:term":[{"taxonomy":"category","embeddable":true,"href":"https:\/\/www.osjenka.si\/ps-gorice\/wp-json\/wp\/v2\/categories?post=4261"},{"taxonomy":"post_tag","embeddable":true,"href":"https:\/\/www.osjenka.si\/ps-gorice\/wp-json\/wp\/v2\/tags?post=4261"}],"curies":[{"name":"wp","href":"https:\/\/api.w.org\/{rel}","templated":true}]}}