{"id":4857,"date":"2025-12-25T18:12:50","date_gmt":"2025-12-25T17:12:50","guid":{"rendered":"https:\/\/www.osjenka.si\/ps-gorice\/?p=4857"},"modified":"2025-12-25T18:12:50","modified_gmt":"2025-12-25T17:12:50","slug":"voscilo-2","status":"publish","type":"post","link":"https:\/\/www.osjenka.si\/ps-gorice\/2025\/12\/25\/voscilo-2\/","title":{"rendered":"Vo\u0161\u010dilo"},"content":{"rendered":"<h4><img decoding=\"async\" class=\"lazyload wp-image-4858 alignleft\" src=\"https:\/\/www.osjenka.si\/ps-gorice\/wp-content\/uploads\/sites\/2\/2025\/12\/okraski.webp\" data-orig-src=\"https:\/\/www.osjenka.si\/ps-gorice\/wp-content\/uploads\/sites\/2\/2025\/12\/okraski.webp\" alt=\"\" width=\"187\" height=\"187\" srcset=\"data:image\/svg+xml,%3Csvg%20xmlns%3D%27http%3A%2F%2Fwww.w3.org%2F2000%2Fsvg%27%20width%3D%27187%27%20height%3D%27187%27%20viewBox%3D%270%200%20187%20187%27%3E%3Crect%20width%3D%27187%27%20height%3D%27187%27%20fill-opacity%3D%220%22%2F%3E%3C%2Fsvg%3E\" data-srcset=\"https:\/\/www.osjenka.si\/ps-gorice\/wp-content\/uploads\/sites\/2\/2025\/12\/okraski-66x66.webp 66w, https:\/\/www.osjenka.si\/ps-gorice\/wp-content\/uploads\/sites\/2\/2025\/12\/okraski-150x150.webp 150w, https:\/\/www.osjenka.si\/ps-gorice\/wp-content\/uploads\/sites\/2\/2025\/12\/okraski-200x200.webp 200w, https:\/\/www.osjenka.si\/ps-gorice\/wp-content\/uploads\/sites\/2\/2025\/12\/okraski-300x300.webp 300w, https:\/\/www.osjenka.si\/ps-gorice\/wp-content\/uploads\/sites\/2\/2025\/12\/okraski-400x400.webp 400w, https:\/\/www.osjenka.si\/ps-gorice\/wp-content\/uploads\/sites\/2\/2025\/12\/okraski-600x600.webp 600w, https:\/\/www.osjenka.si\/ps-gorice\/wp-content\/uploads\/sites\/2\/2025\/12\/okraski-768x768.webp 768w, https:\/\/www.osjenka.si\/ps-gorice\/wp-content\/uploads\/sites\/2\/2025\/12\/okraski.webp 800w\" data-sizes=\"auto\" data-orig-sizes=\"(max-width: 187px) 100vw, 187px\" \/><span style=\"color: #0000ff\">Novo leto je kot prazna \u0161olska tabla \u2013 sprva \u010dista, kmalu pa polna idej, poskusov, vpra\u0161anj in veselja ob odkrivanju novega.<\/span><\/h4>\n<h4><span style=\"color: #0000ff\">Ob za\u010detku novega leta vam \u017eelimo veliko smeha, majhnih zmag, otro\u0161ke radovednosti ter dovolj potrpe\u017eljivosti tudi za tiste dni, ko torba ostane doma ali nogavice niso v paru.<\/span><\/h4>\n<h4><span style=\"color: #0000ff\">Z novoletnimi \u017eeljami se vam pridru\u017eujejo tudi na\u0161i u\u010denci. Za vas so pripravili kratko video vo\u0161\u010dilo, ki ga je izvedel \u0161olski pevski zbor pod vodstvom Vilme \u0160vab.<\/span><\/h4>\n<p><a class=\"url-message-body\" href=\"https:\/\/youtu.be\/Ms40xooaCPs?si=aiYJQ-7986It8N7B\" target=\"_blank\" rel=\"noopener\">https:\/\/youtu.be\/Ms40xooaCPs?si=aiYJQ-7986It8N7B<\/a> (<a class=\"url-message-body\" href=\"https:\/\/youtu.be\/Ms40xooaCPs?si=aiYJQ-7986It8N7B\" target=\"_blank\" rel=\"noopener\">https:\/\/youtu.be\/Ms40xooaCPs?si=aiYJQ-7986It8N7B<\/a>)<\/p>\n<h4><span style=\"color: #0000ff\">Lepe praznike in sre\u010dno novo leto,<\/span><br \/>\n<span style=\"color: #0000ff\">kolektiv P\u0160 Gori\u010de in u\u010denci<\/span><\/h4>\n","protected":false},"excerpt":{"rendered":"<p>Novo leto je kot prazna \u0161olska tabla \u2013 sprva \u010dista, kmalu pa polna idej, poskusov, vpra\u0161anj in veselja ob odkrivanju novega. Ob za\u010detku novega leta vam \u017eelimo veliko smeha, majhnih zmag, otro\u0161ke radovednosti ter dovolj potrpe\u017eljivosti tudi za tiste dni, ko torba ostane doma ali nogavice niso v paru. Z novoletnimi \u017eeljami se vam pridru\u017eujejo tudi na\u0161i u\u010denci. Za vas so pripravili kratko video vo\u0161\u010dilo, ki ga je izvedel \u0161olski pevski zbor pod vodstvom Vilme \u0160vab. https:\/\/youtu.be\/Ms40xooaCPs?si=aiYJQ-7986It8N7B (https:\/\/youtu.be\/Ms40xooaCPs?si=aiYJQ-7986It8N7B) Lepe praznike in sre\u010dno novo leto, kolektiv P\u0160 Gori\u010de in u\u010denci<\/p>\n","protected":false},"author":7,"featured_media":4858,"comment_status":"open","ping_status":"open","sticky":false,"template":"","format":"standard","meta":{"footnotes":""},"categories":[1],"tags":[],"class_list":["post-4857","post","type-post","status-publish","format-standard","has-post-thumbnail","hentry","category-nekategorizirano"],"yoast_head":"<!-- This site is optimized with the Yoast SEO plugin v19.11 - https:\/\/yoast.com\/wordpress\/plugins\/seo\/ -->\n<title>Vo\u0161\u010dilo - P\u0160 Gori\u010de<\/title>\n<meta name=\"robots\" content=\"index, follow, max-snippet:-1, max-image-preview:large, max-video-preview:-1\" \/>\n<link rel=\"canonical\" href=\"https:\/\/www.osjenka.si\/ps-gorice\/2025\/12\/25\/voscilo-2\/\" \/>\n<meta property=\"og:locale\" content=\"sl_SI\" \/>\n<meta property=\"og:type\" content=\"article\" \/>\n<meta property=\"og:title\" content=\"Vo\u0161\u010dilo - P\u0160 Gori\u010de\" \/>\n<meta property=\"og:description\" content=\"Novo leto je kot prazna \u0161olska tabla \u2013 sprva \u010dista, kmalu pa polna idej, poskusov, vpra\u0161anj in veselja ob odkrivanju novega. Ob za\u010detku novega leta vam \u017eelimo veliko smeha, majhnih zmag, otro\u0161ke radovednosti ter dovolj potrpe\u017eljivosti tudi za tiste dni, ko torba ostane doma ali nogavice niso v paru. Z novoletnimi \u017eeljami se vam pridru\u017eujejo tudi na\u0161i u\u010denci. Za vas so pripravili kratko video vo\u0161\u010dilo, ki ga je izvedel \u0161olski pevski zbor pod vodstvom Vilme \u0160vab. https:\/\/youtu.be\/Ms40xooaCPs?si=aiYJQ-7986It8N7B (https:\/\/youtu.be\/Ms40xooaCPs?si=aiYJQ-7986It8N7B) Lepe praznike in sre\u010dno novo leto, kolektiv P\u0160 Gori\u010de in u\u010denci\" \/>\n<meta property=\"og:url\" content=\"https:\/\/www.osjenka.si\/ps-gorice\/2025\/12\/25\/voscilo-2\/\" \/>\n<meta property=\"og:site_name\" content=\"P\u0160 Gori\u010de\" \/>\n<meta property=\"article:published_time\" content=\"2025-12-25T17:12:50+00:00\" \/>\n<meta property=\"og:image\" content=\"https:\/\/www.osjenka.si\/ps-gorice\/wp-content\/uploads\/sites\/2\/2025\/12\/okraski.webp\" \/>\n\t<meta property=\"og:image:width\" content=\"800\" \/>\n\t<meta property=\"og:image:height\" content=\"800\" \/>\n\t<meta property=\"og:image:type\" content=\"image\/webp\" \/>\n<meta name=\"author\" content=\"vilma\" \/>\n<meta name=\"twitter:card\" content=\"summary_large_image\" \/>\n<meta name=\"twitter:label1\" content=\"Written by\" \/>\n\t<meta name=\"twitter:data1\" content=\"vilma\" \/>\n\t<meta name=\"twitter:label2\" content=\"Est. reading time\" \/>\n\t<meta name=\"twitter:data2\" content=\"1 minuta\" \/>\n<script type=\"application\/ld+json\" class=\"yoast-schema-graph\">{\"@context\":\"https:\/\/schema.org\",\"@graph\":[{\"@type\":\"WebPage\",\"@id\":\"https:\/\/www.osjenka.si\/ps-gorice\/2025\/12\/25\/voscilo-2\/\",\"url\":\"https:\/\/www.osjenka.si\/ps-gorice\/2025\/12\/25\/voscilo-2\/\",\"name\":\"Vo\u0161\u010dilo - P\u0160 Gori\u010de\",\"isPartOf\":{\"@id\":\"https:\/\/www.osjenka.si\/ps-gorice\/#website\"},\"datePublished\":\"2025-12-25T17:12:50+00:00\",\"dateModified\":\"2025-12-25T17:12:50+00:00\",\"author\":{\"@id\":\"https:\/\/www.osjenka.si\/ps-gorice\/#\/schema\/person\/94f44dbd9351bedc48d18ae7ab8a6706\"},\"breadcrumb\":{\"@id\":\"https:\/\/www.osjenka.si\/ps-gorice\/2025\/12\/25\/voscilo-2\/#breadcrumb\"},\"inLanguage\":\"sl-SI\",\"potentialAction\":[{\"@type\":\"ReadAction\",\"target\":[\"https:\/\/www.osjenka.si\/ps-gorice\/2025\/12\/25\/voscilo-2\/\"]}]},{\"@type\":\"BreadcrumbList\",\"@id\":\"https:\/\/www.osjenka.si\/ps-gorice\/2025\/12\/25\/voscilo-2\/#breadcrumb\",\"itemListElement\":[{\"@type\":\"ListItem\",\"position\":1,\"name\":\"Home\",\"item\":\"https:\/\/www.osjenka.si\/ps-gorice\/\"},{\"@type\":\"ListItem\",\"position\":2,\"name\":\"Vo\u0161\u010dilo\"}]},{\"@type\":\"WebSite\",\"@id\":\"https:\/\/www.osjenka.si\/ps-gorice\/#website\",\"url\":\"https:\/\/www.osjenka.si\/ps-gorice\/\",\"name\":\"P\u0160 Gori\u010de\",\"description\":\"\",\"potentialAction\":[{\"@type\":\"SearchAction\",\"target\":{\"@type\":\"EntryPoint\",\"urlTemplate\":\"https:\/\/www.osjenka.si\/ps-gorice\/?s={search_term_string}\"},\"query-input\":\"required name=search_term_string\"}],\"inLanguage\":\"sl-SI\"},{\"@type\":\"Person\",\"@id\":\"https:\/\/www.osjenka.si\/ps-gorice\/#\/schema\/person\/94f44dbd9351bedc48d18ae7ab8a6706\",\"name\":\"vilma\",\"image\":{\"@type\":\"ImageObject\",\"inLanguage\":\"sl-SI\",\"@id\":\"https:\/\/www.osjenka.si\/ps-gorice\/#\/schema\/person\/image\/\",\"url\":\"https:\/\/secure.gravatar.com\/avatar\/41aa9d6664f90f3f3e03d130efd6192ff719c2d6a65ccdf098d3c2abf35d7aa6?s=96&d=mm&r=g\",\"contentUrl\":\"https:\/\/secure.gravatar.com\/avatar\/41aa9d6664f90f3f3e03d130efd6192ff719c2d6a65ccdf098d3c2abf35d7aa6?s=96&d=mm&r=g\",\"caption\":\"vilma\"},\"url\":\"https:\/\/www.osjenka.si\/ps-gorice\/author\/vilma\/\"}]}<\/script>\n<!-- \/ Yoast SEO plugin. -->","yoast_head_json":{"title":"Vo\u0161\u010dilo - P\u0160 Gori\u010de","robots":{"index":"index","follow":"follow","max-snippet":"max-snippet:-1","max-image-preview":"max-image-preview:large","max-video-preview":"max-video-preview:-1"},"canonical":"https:\/\/www.osjenka.si\/ps-gorice\/2025\/12\/25\/voscilo-2\/","og_locale":"sl_SI","og_type":"article","og_title":"Vo\u0161\u010dilo - P\u0160 Gori\u010de","og_description":"Novo leto je kot prazna \u0161olska tabla \u2013 sprva \u010dista, kmalu pa polna idej, poskusov, vpra\u0161anj in veselja ob odkrivanju novega. Ob za\u010detku novega leta vam \u017eelimo veliko smeha, majhnih zmag, otro\u0161ke radovednosti ter dovolj potrpe\u017eljivosti tudi za tiste dni, ko torba ostane doma ali nogavice niso v paru. Z novoletnimi \u017eeljami se vam pridru\u017eujejo tudi na\u0161i u\u010denci. Za vas so pripravili kratko video vo\u0161\u010dilo, ki ga je izvedel \u0161olski pevski zbor pod vodstvom Vilme \u0160vab. https:\/\/youtu.be\/Ms40xooaCPs?si=aiYJQ-7986It8N7B (https:\/\/youtu.be\/Ms40xooaCPs?si=aiYJQ-7986It8N7B) Lepe praznike in sre\u010dno novo leto, kolektiv P\u0160 Gori\u010de in u\u010denci","og_url":"https:\/\/www.osjenka.si\/ps-gorice\/2025\/12\/25\/voscilo-2\/","og_site_name":"P\u0160 Gori\u010de","article_published_time":"2025-12-25T17:12:50+00:00","og_image":[{"width":800,"height":800,"url":"https:\/\/www.osjenka.si\/ps-gorice\/wp-content\/uploads\/sites\/2\/2025\/12\/okraski.webp","type":"image\/webp"}],"author":"vilma","twitter_card":"summary_large_image","twitter_misc":{"Written by":"vilma","Est. reading time":"1 minuta"},"schema":{"@context":"https:\/\/schema.org","@graph":[{"@type":"WebPage","@id":"https:\/\/www.osjenka.si\/ps-gorice\/2025\/12\/25\/voscilo-2\/","url":"https:\/\/www.osjenka.si\/ps-gorice\/2025\/12\/25\/voscilo-2\/","name":"Vo\u0161\u010dilo - P\u0160 Gori\u010de","isPartOf":{"@id":"https:\/\/www.osjenka.si\/ps-gorice\/#website"},"datePublished":"2025-12-25T17:12:50+00:00","dateModified":"2025-12-25T17:12:50+00:00","author":{"@id":"https:\/\/www.osjenka.si\/ps-gorice\/#\/schema\/person\/94f44dbd9351bedc48d18ae7ab8a6706"},"breadcrumb":{"@id":"https:\/\/www.osjenka.si\/ps-gorice\/2025\/12\/25\/voscilo-2\/#breadcrumb"},"inLanguage":"sl-SI","potentialAction":[{"@type":"ReadAction","target":["https:\/\/www.osjenka.si\/ps-gorice\/2025\/12\/25\/voscilo-2\/"]}]},{"@type":"BreadcrumbList","@id":"https:\/\/www.osjenka.si\/ps-gorice\/2025\/12\/25\/voscilo-2\/#breadcrumb","itemListElement":[{"@type":"ListItem","position":1,"name":"Home","item":"https:\/\/www.osjenka.si\/ps-gorice\/"},{"@type":"ListItem","position":2,"name":"Vo\u0161\u010dilo"}]},{"@type":"WebSite","@id":"https:\/\/www.osjenka.si\/ps-gorice\/#website","url":"https:\/\/www.osjenka.si\/ps-gorice\/","name":"P\u0160 Gori\u010de","description":"","potentialAction":[{"@type":"SearchAction","target":{"@type":"EntryPoint","urlTemplate":"https:\/\/www.osjenka.si\/ps-gorice\/?s={search_term_string}"},"query-input":"required name=search_term_string"}],"inLanguage":"sl-SI"},{"@type":"Person","@id":"https:\/\/www.osjenka.si\/ps-gorice\/#\/schema\/person\/94f44dbd9351bedc48d18ae7ab8a6706","name":"vilma","image":{"@type":"ImageObject","inLanguage":"sl-SI","@id":"https:\/\/www.osjenka.si\/ps-gorice\/#\/schema\/person\/image\/","url":"https:\/\/secure.gravatar.com\/avatar\/41aa9d6664f90f3f3e03d130efd6192ff719c2d6a65ccdf098d3c2abf35d7aa6?s=96&d=mm&r=g","contentUrl":"https:\/\/secure.gravatar.com\/avatar\/41aa9d6664f90f3f3e03d130efd6192ff719c2d6a65ccdf098d3c2abf35d7aa6?s=96&d=mm&r=g","caption":"vilma"},"url":"https:\/\/www.osjenka.si\/ps-gorice\/author\/vilma\/"}]}},"_links":{"self":[{"href":"https:\/\/www.osjenka.si\/ps-gorice\/wp-json\/wp\/v2\/posts\/4857","targetHints":{"allow":["GET"]}}],"collection":[{"href":"https:\/\/www.osjenka.si\/ps-gorice\/wp-json\/wp\/v2\/posts"}],"about":[{"href":"https:\/\/www.osjenka.si\/ps-gorice\/wp-json\/wp\/v2\/types\/post"}],"author":[{"embeddable":true,"href":"https:\/\/www.osjenka.si\/ps-gorice\/wp-json\/wp\/v2\/users\/7"}],"replies":[{"embeddable":true,"href":"https:\/\/www.osjenka.si\/ps-gorice\/wp-json\/wp\/v2\/comments?post=4857"}],"version-history":[{"count":2,"href":"https:\/\/www.osjenka.si\/ps-gorice\/wp-json\/wp\/v2\/posts\/4857\/revisions"}],"predecessor-version":[{"id":4860,"href":"https:\/\/www.osjenka.si\/ps-gorice\/wp-json\/wp\/v2\/posts\/4857\/revisions\/4860"}],"wp:featuredmedia":[{"embeddable":true,"href":"https:\/\/www.osjenka.si\/ps-gorice\/wp-json\/wp\/v2\/media\/4858"}],"wp:attachment":[{"href":"https:\/\/www.osjenka.si\/ps-gorice\/wp-json\/wp\/v2\/media?parent=4857"}],"wp:term":[{"taxonomy":"category","embeddable":true,"href":"https:\/\/www.osjenka.si\/ps-gorice\/wp-json\/wp\/v2\/categories?post=4857"},{"taxonomy":"post_tag","embeddable":true,"href":"https:\/\/www.osjenka.si\/ps-gorice\/wp-json\/wp\/v2\/tags?post=4857"}],"curies":[{"name":"wp","href":"https:\/\/api.w.org\/{rel}","templated":true}]}}