{"id":2564,"date":"2022-11-09T18:48:50","date_gmt":"2022-11-09T17:48:50","guid":{"rendered":"https:\/\/www.osjenka.si\/ps-trstenik\/?p=2564"},"modified":"2022-11-09T18:52:14","modified_gmt":"2022-11-09T17:52:14","slug":"nagrajenci-gasilskega-natecaja","status":"publish","type":"post","link":"https:\/\/www.osjenka.si\/ps-trstenik\/2022\/11\/09\/nagrajenci-gasilskega-natecaja\/","title":{"rendered":"Nagrajenci nate\u010daja Gasilske zveze MO Kranj"},"content":{"rendered":"<p>V petek, 28. 10. 2022, je bila v gasilski postaji Kranj podelitev nagrad za sodelovanje na likovnem nate\u010daju. \u017dirijo sta s svojim izdelkom prepri\u010dala tudi dva u\u010denca P\u0160 Trstenik. Nagrado sta prejela Jakob Jeri\u010d (1. t) in Barbara \u0160kofic (2. t).<\/p>\n<p>Po podelitvi so gasilci otroke peljali na ogled gara\u017ee in vo\u017enjo z dvi\u017eno lestvijo nad gara\u017eo gasilske postaje Kranj. Otroci so bili seveda navdu\u0161eni.<\/p>\n<p>Fotografije: Petra Ko\u0161njek Jeri\u010d<\/p>\n<p><img decoding=\"async\" class=\"lazyload aligncenter size-fusion-800 wp-image-2565\" src=\"https:\/\/www.osjenka.si\/ps-trstenik\/wp-content\/uploads\/sites\/3\/2022\/11\/20221028_161456-800x450.jpg\" data-orig-src=\"https:\/\/www.osjenka.si\/ps-trstenik\/wp-content\/uploads\/sites\/3\/2022\/11\/20221028_161456-800x450.jpg\" alt=\"\" width=\"800\" height=\"450\" srcset=\"data:image\/svg+xml,%3Csvg%20xmlns%3D%27http%3A%2F%2Fwww.w3.org%2F2000%2Fsvg%27%20width%3D%27800%27%20height%3D%27450%27%20viewBox%3D%270%200%20800%20450%27%3E%3Crect%20width%3D%27800%27%20height%3D%27450%27%20fill-opacity%3D%220%22%2F%3E%3C%2Fsvg%3E\" data-srcset=\"https:\/\/www.osjenka.si\/ps-trstenik\/wp-content\/uploads\/sites\/3\/2022\/11\/20221028_161456-200x113.jpg 200w, https:\/\/www.osjenka.si\/ps-trstenik\/wp-content\/uploads\/sites\/3\/2022\/11\/20221028_161456-300x169.jpg 300w, https:\/\/www.osjenka.si\/ps-trstenik\/wp-content\/uploads\/sites\/3\/2022\/11\/20221028_161456-400x225.jpg 400w, https:\/\/www.osjenka.si\/ps-trstenik\/wp-content\/uploads\/sites\/3\/2022\/11\/20221028_161456-600x338.jpg 600w, https:\/\/www.osjenka.si\/ps-trstenik\/wp-content\/uploads\/sites\/3\/2022\/11\/20221028_161456-768x432.jpg 768w, https:\/\/www.osjenka.si\/ps-trstenik\/wp-content\/uploads\/sites\/3\/2022\/11\/20221028_161456-800x450.jpg 800w, https:\/\/www.osjenka.si\/ps-trstenik\/wp-content\/uploads\/sites\/3\/2022\/11\/20221028_161456-1024x576.jpg 1024w, https:\/\/www.osjenka.si\/ps-trstenik\/wp-content\/uploads\/sites\/3\/2022\/11\/20221028_161456-1200x675.jpg 1200w, https:\/\/www.osjenka.si\/ps-trstenik\/wp-content\/uploads\/sites\/3\/2022\/11\/20221028_161456-1536x864.jpg 1536w, https:\/\/www.osjenka.si\/ps-trstenik\/wp-content\/uploads\/sites\/3\/2022\/11\/20221028_161456.jpg 1920w\" data-sizes=\"auto\" data-orig-sizes=\"(max-width: 800px) 100vw, 800px\" \/><\/p>\n<p><img decoding=\"async\" class=\"lazyload aligncenter size-fusion-800 wp-image-2566\" src=\"https:\/\/www.osjenka.si\/ps-trstenik\/wp-content\/uploads\/sites\/3\/2022\/11\/20221028_162708-800x450.jpg\" data-orig-src=\"https:\/\/www.osjenka.si\/ps-trstenik\/wp-content\/uploads\/sites\/3\/2022\/11\/20221028_162708-800x450.jpg\" alt=\"\" width=\"800\" height=\"450\" srcset=\"data:image\/svg+xml,%3Csvg%20xmlns%3D%27http%3A%2F%2Fwww.w3.org%2F2000%2Fsvg%27%20width%3D%27800%27%20height%3D%27450%27%20viewBox%3D%270%200%20800%20450%27%3E%3Crect%20width%3D%27800%27%20height%3D%27450%27%20fill-opacity%3D%220%22%2F%3E%3C%2Fsvg%3E\" data-srcset=\"https:\/\/www.osjenka.si\/ps-trstenik\/wp-content\/uploads\/sites\/3\/2022\/11\/20221028_162708-200x113.jpg 200w, https:\/\/www.osjenka.si\/ps-trstenik\/wp-content\/uploads\/sites\/3\/2022\/11\/20221028_162708-300x169.jpg 300w, https:\/\/www.osjenka.si\/ps-trstenik\/wp-content\/uploads\/sites\/3\/2022\/11\/20221028_162708-400x225.jpg 400w, https:\/\/www.osjenka.si\/ps-trstenik\/wp-content\/uploads\/sites\/3\/2022\/11\/20221028_162708-600x338.jpg 600w, https:\/\/www.osjenka.si\/ps-trstenik\/wp-content\/uploads\/sites\/3\/2022\/11\/20221028_162708-768x432.jpg 768w, https:\/\/www.osjenka.si\/ps-trstenik\/wp-content\/uploads\/sites\/3\/2022\/11\/20221028_162708-800x450.jpg 800w, https:\/\/www.osjenka.si\/ps-trstenik\/wp-content\/uploads\/sites\/3\/2022\/11\/20221028_162708-1024x576.jpg 1024w, https:\/\/www.osjenka.si\/ps-trstenik\/wp-content\/uploads\/sites\/3\/2022\/11\/20221028_162708-1200x675.jpg 1200w, https:\/\/www.osjenka.si\/ps-trstenik\/wp-content\/uploads\/sites\/3\/2022\/11\/20221028_162708-1536x864.jpg 1536w, https:\/\/www.osjenka.si\/ps-trstenik\/wp-content\/uploads\/sites\/3\/2022\/11\/20221028_162708.jpg 1920w\" data-sizes=\"auto\" data-orig-sizes=\"(max-width: 800px) 100vw, 800px\" \/><\/p>\n","protected":false},"excerpt":{"rendered":"<p>V petek, 28. 10. 2022, je bila v gasilski postaji Kranj podelitev nagrad za sodelovanje na likovnem nate\u010daju. \u017dirijo sta s svojim izdelkom prepri\u010dala tudi dva u\u010denca P\u0160 Trstenik. Nagrado sta prejela Jakob Jeri\u010d (1. t) in Barbara \u0160kofic (2. t). Po podelitvi so gasilci otroke peljali na ogled gara\u017ee in vo\u017enjo z dvi\u017eno lestvijo nad gara\u017eo gasilske postaje Kranj. Otroci so bili seveda navdu\u0161eni. Fotografije: Petra Ko\u0161njek Jeri\u010d<\/p>\n","protected":false},"author":6,"featured_media":2565,"comment_status":"open","ping_status":"open","sticky":false,"template":"","format":"standard","meta":{"footnotes":""},"categories":[28],"tags":[],"class_list":["post-2564","post","type-post","status-publish","format-standard","has-post-thumbnail","hentry","category-novice"],"yoast_head":"<!-- This site is optimized with the Yoast SEO plugin v19.11 - https:\/\/yoast.com\/wordpress\/plugins\/seo\/ -->\n<title>Nagrajenci nate\u010daja Gasilske zveze MO Kranj - P\u0160 Trstenik<\/title>\n<meta name=\"robots\" content=\"index, follow, max-snippet:-1, max-image-preview:large, max-video-preview:-1\" \/>\n<link rel=\"canonical\" href=\"https:\/\/www.osjenka.si\/ps-trstenik\/2022\/11\/09\/nagrajenci-gasilskega-natecaja\/\" \/>\n<meta property=\"og:locale\" content=\"sl_SI\" \/>\n<meta property=\"og:type\" content=\"article\" \/>\n<meta property=\"og:title\" content=\"Nagrajenci nate\u010daja Gasilske zveze MO Kranj - P\u0160 Trstenik\" \/>\n<meta property=\"og:description\" content=\"V petek, 28. 10. 2022, je bila v gasilski postaji Kranj podelitev nagrad za sodelovanje na likovnem nate\u010daju. \u017dirijo sta s svojim izdelkom prepri\u010dala tudi dva u\u010denca P\u0160 Trstenik. Nagrado sta prejela Jakob Jeri\u010d (1. t) in Barbara \u0160kofic (2. t). Po podelitvi so gasilci otroke peljali na ogled gara\u017ee in vo\u017enjo z dvi\u017eno lestvijo nad gara\u017eo gasilske postaje Kranj. Otroci so bili seveda navdu\u0161eni. Fotografije: Petra Ko\u0161njek Jeri\u010d\" \/>\n<meta property=\"og:url\" content=\"https:\/\/www.osjenka.si\/ps-trstenik\/2022\/11\/09\/nagrajenci-gasilskega-natecaja\/\" \/>\n<meta property=\"og:site_name\" content=\"P\u0160 Trstenik\" \/>\n<meta property=\"article:published_time\" content=\"2022-11-09T17:48:50+00:00\" \/>\n<meta property=\"article:modified_time\" content=\"2022-11-09T17:52:14+00:00\" \/>\n<meta property=\"og:image\" content=\"https:\/\/www.osjenka.si\/ps-trstenik\/wp-content\/uploads\/sites\/3\/2022\/11\/20221028_161456.jpg\" \/>\n\t<meta property=\"og:image:width\" content=\"1920\" \/>\n\t<meta property=\"og:image:height\" content=\"1080\" \/>\n\t<meta property=\"og:image:type\" content=\"image\/jpeg\" \/>\n<meta name=\"author\" content=\"marijanca\" \/>\n<meta name=\"twitter:card\" content=\"summary_large_image\" \/>\n<meta name=\"twitter:label1\" content=\"Written by\" \/>\n\t<meta name=\"twitter:data1\" content=\"marijanca\" \/>\n<script type=\"application\/ld+json\" class=\"yoast-schema-graph\">{\"@context\":\"https:\/\/schema.org\",\"@graph\":[{\"@type\":\"WebPage\",\"@id\":\"https:\/\/www.osjenka.si\/ps-trstenik\/2022\/11\/09\/nagrajenci-gasilskega-natecaja\/\",\"url\":\"https:\/\/www.osjenka.si\/ps-trstenik\/2022\/11\/09\/nagrajenci-gasilskega-natecaja\/\",\"name\":\"Nagrajenci nate\u010daja Gasilske zveze MO Kranj - P\u0160 Trstenik\",\"isPartOf\":{\"@id\":\"https:\/\/www.osjenka.si\/ps-trstenik\/#website\"},\"datePublished\":\"2022-11-09T17:48:50+00:00\",\"dateModified\":\"2022-11-09T17:52:14+00:00\",\"author\":{\"@id\":\"https:\/\/www.osjenka.si\/ps-trstenik\/#\/schema\/person\/e994953e80ee06b3734632ceb1a36cbc\"},\"breadcrumb\":{\"@id\":\"https:\/\/www.osjenka.si\/ps-trstenik\/2022\/11\/09\/nagrajenci-gasilskega-natecaja\/#breadcrumb\"},\"inLanguage\":\"sl-SI\",\"potentialAction\":[{\"@type\":\"ReadAction\",\"target\":[\"https:\/\/www.osjenka.si\/ps-trstenik\/2022\/11\/09\/nagrajenci-gasilskega-natecaja\/\"]}]},{\"@type\":\"BreadcrumbList\",\"@id\":\"https:\/\/www.osjenka.si\/ps-trstenik\/2022\/11\/09\/nagrajenci-gasilskega-natecaja\/#breadcrumb\",\"itemListElement\":[{\"@type\":\"ListItem\",\"position\":1,\"name\":\"Home\",\"item\":\"https:\/\/www.osjenka.si\/ps-trstenik\/\"},{\"@type\":\"ListItem\",\"position\":2,\"name\":\"Nagrajenci nate\u010daja Gasilske zveze MO Kranj\"}]},{\"@type\":\"WebSite\",\"@id\":\"https:\/\/www.osjenka.si\/ps-trstenik\/#website\",\"url\":\"https:\/\/www.osjenka.si\/ps-trstenik\/\",\"name\":\"P\u0160 Trstenik\",\"description\":\"\",\"potentialAction\":[{\"@type\":\"SearchAction\",\"target\":{\"@type\":\"EntryPoint\",\"urlTemplate\":\"https:\/\/www.osjenka.si\/ps-trstenik\/?s={search_term_string}\"},\"query-input\":\"required name=search_term_string\"}],\"inLanguage\":\"sl-SI\"},{\"@type\":\"Person\",\"@id\":\"https:\/\/www.osjenka.si\/ps-trstenik\/#\/schema\/person\/e994953e80ee06b3734632ceb1a36cbc\",\"name\":\"marijanca\",\"image\":{\"@type\":\"ImageObject\",\"inLanguage\":\"sl-SI\",\"@id\":\"https:\/\/www.osjenka.si\/ps-trstenik\/#\/schema\/person\/image\/\",\"url\":\"https:\/\/secure.gravatar.com\/avatar\/dbce7ac167ee71177f370bf0bb0bba3702fec9264452e7366493259d6187ae79?s=96&d=mm&r=g\",\"contentUrl\":\"https:\/\/secure.gravatar.com\/avatar\/dbce7ac167ee71177f370bf0bb0bba3702fec9264452e7366493259d6187ae79?s=96&d=mm&r=g\",\"caption\":\"marijanca\"},\"url\":\"https:\/\/www.osjenka.si\/ps-trstenik\/author\/marijanca\/\"}]}<\/script>\n<!-- \/ Yoast SEO plugin. -->","yoast_head_json":{"title":"Nagrajenci nate\u010daja Gasilske zveze MO Kranj - P\u0160 Trstenik","robots":{"index":"index","follow":"follow","max-snippet":"max-snippet:-1","max-image-preview":"max-image-preview:large","max-video-preview":"max-video-preview:-1"},"canonical":"https:\/\/www.osjenka.si\/ps-trstenik\/2022\/11\/09\/nagrajenci-gasilskega-natecaja\/","og_locale":"sl_SI","og_type":"article","og_title":"Nagrajenci nate\u010daja Gasilske zveze MO Kranj - P\u0160 Trstenik","og_description":"V petek, 28. 10. 2022, je bila v gasilski postaji Kranj podelitev nagrad za sodelovanje na likovnem nate\u010daju. \u017dirijo sta s svojim izdelkom prepri\u010dala tudi dva u\u010denca P\u0160 Trstenik. Nagrado sta prejela Jakob Jeri\u010d (1. t) in Barbara \u0160kofic (2. t). Po podelitvi so gasilci otroke peljali na ogled gara\u017ee in vo\u017enjo z dvi\u017eno lestvijo nad gara\u017eo gasilske postaje Kranj. Otroci so bili seveda navdu\u0161eni. Fotografije: Petra Ko\u0161njek Jeri\u010d","og_url":"https:\/\/www.osjenka.si\/ps-trstenik\/2022\/11\/09\/nagrajenci-gasilskega-natecaja\/","og_site_name":"P\u0160 Trstenik","article_published_time":"2022-11-09T17:48:50+00:00","article_modified_time":"2022-11-09T17:52:14+00:00","og_image":[{"width":1920,"height":1080,"url":"https:\/\/www.osjenka.si\/ps-trstenik\/wp-content\/uploads\/sites\/3\/2022\/11\/20221028_161456.jpg","type":"image\/jpeg"}],"author":"marijanca","twitter_card":"summary_large_image","twitter_misc":{"Written by":"marijanca"},"schema":{"@context":"https:\/\/schema.org","@graph":[{"@type":"WebPage","@id":"https:\/\/www.osjenka.si\/ps-trstenik\/2022\/11\/09\/nagrajenci-gasilskega-natecaja\/","url":"https:\/\/www.osjenka.si\/ps-trstenik\/2022\/11\/09\/nagrajenci-gasilskega-natecaja\/","name":"Nagrajenci nate\u010daja Gasilske zveze MO Kranj - P\u0160 Trstenik","isPartOf":{"@id":"https:\/\/www.osjenka.si\/ps-trstenik\/#website"},"datePublished":"2022-11-09T17:48:50+00:00","dateModified":"2022-11-09T17:52:14+00:00","author":{"@id":"https:\/\/www.osjenka.si\/ps-trstenik\/#\/schema\/person\/e994953e80ee06b3734632ceb1a36cbc"},"breadcrumb":{"@id":"https:\/\/www.osjenka.si\/ps-trstenik\/2022\/11\/09\/nagrajenci-gasilskega-natecaja\/#breadcrumb"},"inLanguage":"sl-SI","potentialAction":[{"@type":"ReadAction","target":["https:\/\/www.osjenka.si\/ps-trstenik\/2022\/11\/09\/nagrajenci-gasilskega-natecaja\/"]}]},{"@type":"BreadcrumbList","@id":"https:\/\/www.osjenka.si\/ps-trstenik\/2022\/11\/09\/nagrajenci-gasilskega-natecaja\/#breadcrumb","itemListElement":[{"@type":"ListItem","position":1,"name":"Home","item":"https:\/\/www.osjenka.si\/ps-trstenik\/"},{"@type":"ListItem","position":2,"name":"Nagrajenci nate\u010daja Gasilske zveze MO Kranj"}]},{"@type":"WebSite","@id":"https:\/\/www.osjenka.si\/ps-trstenik\/#website","url":"https:\/\/www.osjenka.si\/ps-trstenik\/","name":"P\u0160 Trstenik","description":"","potentialAction":[{"@type":"SearchAction","target":{"@type":"EntryPoint","urlTemplate":"https:\/\/www.osjenka.si\/ps-trstenik\/?s={search_term_string}"},"query-input":"required name=search_term_string"}],"inLanguage":"sl-SI"},{"@type":"Person","@id":"https:\/\/www.osjenka.si\/ps-trstenik\/#\/schema\/person\/e994953e80ee06b3734632ceb1a36cbc","name":"marijanca","image":{"@type":"ImageObject","inLanguage":"sl-SI","@id":"https:\/\/www.osjenka.si\/ps-trstenik\/#\/schema\/person\/image\/","url":"https:\/\/secure.gravatar.com\/avatar\/dbce7ac167ee71177f370bf0bb0bba3702fec9264452e7366493259d6187ae79?s=96&d=mm&r=g","contentUrl":"https:\/\/secure.gravatar.com\/avatar\/dbce7ac167ee71177f370bf0bb0bba3702fec9264452e7366493259d6187ae79?s=96&d=mm&r=g","caption":"marijanca"},"url":"https:\/\/www.osjenka.si\/ps-trstenik\/author\/marijanca\/"}]}},"_links":{"self":[{"href":"https:\/\/www.osjenka.si\/ps-trstenik\/wp-json\/wp\/v2\/posts\/2564","targetHints":{"allow":["GET"]}}],"collection":[{"href":"https:\/\/www.osjenka.si\/ps-trstenik\/wp-json\/wp\/v2\/posts"}],"about":[{"href":"https:\/\/www.osjenka.si\/ps-trstenik\/wp-json\/wp\/v2\/types\/post"}],"author":[{"embeddable":true,"href":"https:\/\/www.osjenka.si\/ps-trstenik\/wp-json\/wp\/v2\/users\/6"}],"replies":[{"embeddable":true,"href":"https:\/\/www.osjenka.si\/ps-trstenik\/wp-json\/wp\/v2\/comments?post=2564"}],"version-history":[{"count":4,"href":"https:\/\/www.osjenka.si\/ps-trstenik\/wp-json\/wp\/v2\/posts\/2564\/revisions"}],"predecessor-version":[{"id":2570,"href":"https:\/\/www.osjenka.si\/ps-trstenik\/wp-json\/wp\/v2\/posts\/2564\/revisions\/2570"}],"wp:featuredmedia":[{"embeddable":true,"href":"https:\/\/www.osjenka.si\/ps-trstenik\/wp-json\/wp\/v2\/media\/2565"}],"wp:attachment":[{"href":"https:\/\/www.osjenka.si\/ps-trstenik\/wp-json\/wp\/v2\/media?parent=2564"}],"wp:term":[{"taxonomy":"category","embeddable":true,"href":"https:\/\/www.osjenka.si\/ps-trstenik\/wp-json\/wp\/v2\/categories?post=2564"},{"taxonomy":"post_tag","embeddable":true,"href":"https:\/\/www.osjenka.si\/ps-trstenik\/wp-json\/wp\/v2\/tags?post=2564"}],"curies":[{"name":"wp","href":"https:\/\/api.w.org\/{rel}","templated":true}]}}