{"id":2598,"date":"2022-11-19T08:37:08","date_gmt":"2022-11-19T07:37:08","guid":{"rendered":"https:\/\/www.osjenka.si\/ps-trstenik\/?p=2598"},"modified":"2022-11-19T08:40:23","modified_gmt":"2022-11-19T07:40:23","slug":"otvoritev-varne-solske-poti-pangrsica-trstenik","status":"publish","type":"post","link":"https:\/\/www.osjenka.si\/ps-trstenik\/2022\/11\/19\/otvoritev-varne-solske-poti-pangrsica-trstenik\/","title":{"rendered":"Otvoritev varne \u0161olske poti Pangr\u0161ica &#8211; Trstenik"},"content":{"rendered":"<p>V \u010detrtek, 17. 11., smo se drugo\u0161olci in \u010detrto\u0161olci P\u0160\u00a0Trstenik udele\u017eili slavnostne otvoritve varne \u0161olske in kolesarske poti od Pangr\u0161ice do Trstenika. Po uradnem govoru kranjskega \u017eupana, g. Matja\u017ea Rakovca, je bila varna \u0161olska in kolesarska pot tudi uradno odprta. G. Matja\u017e Rakovec nam je razdelil odsevnike, s katerimi smo pozirali tudi uradnemu fotografu, ki je fotografiral slavnostno odprtje. Kot prvi smo se po novi poti sprehodili drugo\u0161olci in \u010detrto\u0161olci ter u\u017eivali v varnem in brezskrbnem sprehodu ob pogledu na prelepo okolico.<\/p>\n<p>Besedilo in fotografije: Suzana Ke\u0161ina<\/p>\n<p>&nbsp;<\/p>\n<p><img decoding=\"async\" class=\"lazyload aligncenter wp-image-2599 size-fusion-400\" src=\"https:\/\/www.osjenka.si\/ps-trstenik\/wp-content\/uploads\/sites\/3\/2022\/11\/20221117_113818-400x888.jpg\" data-orig-src=\"https:\/\/www.osjenka.si\/ps-trstenik\/wp-content\/uploads\/sites\/3\/2022\/11\/20221117_113818-400x888.jpg\" alt=\"\" width=\"400\" height=\"888\" srcset=\"data:image\/svg+xml,%3Csvg%20xmlns%3D%27http%3A%2F%2Fwww.w3.org%2F2000%2Fsvg%27%20width%3D%27400%27%20height%3D%27888%27%20viewBox%3D%270%200%20400%20888%27%3E%3Crect%20width%3D%27400%27%20height%3D%27888%27%20fill-opacity%3D%220%22%2F%3E%3C%2Fsvg%3E\" data-srcset=\"https:\/\/www.osjenka.si\/ps-trstenik\/wp-content\/uploads\/sites\/3\/2022\/11\/20221117_113818-135x300.jpg 135w, https:\/\/www.osjenka.si\/ps-trstenik\/wp-content\/uploads\/sites\/3\/2022\/11\/20221117_113818-200x444.jpg 200w, https:\/\/www.osjenka.si\/ps-trstenik\/wp-content\/uploads\/sites\/3\/2022\/11\/20221117_113818-400x888.jpg 400w, https:\/\/www.osjenka.si\/ps-trstenik\/wp-content\/uploads\/sites\/3\/2022\/11\/20221117_113818-461x1024.jpg 461w, https:\/\/www.osjenka.si\/ps-trstenik\/wp-content\/uploads\/sites\/3\/2022\/11\/20221117_113818-600x1332.jpg 600w, https:\/\/www.osjenka.si\/ps-trstenik\/wp-content\/uploads\/sites\/3\/2022\/11\/20221117_113818-692x1536.jpg 692w, https:\/\/www.osjenka.si\/ps-trstenik\/wp-content\/uploads\/sites\/3\/2022\/11\/20221117_113818-768x1705.jpg 768w, https:\/\/www.osjenka.si\/ps-trstenik\/wp-content\/uploads\/sites\/3\/2022\/11\/20221117_113818-800x1776.jpg 800w, https:\/\/www.osjenka.si\/ps-trstenik\/wp-content\/uploads\/sites\/3\/2022\/11\/20221117_113818.jpg 865w\" data-sizes=\"auto\" data-orig-sizes=\"(max-width: 400px) 100vw, 400px\" \/><\/p>\n<p><img decoding=\"async\" class=\"lazyload aligncenter size-fusion-400 wp-image-2600\" src=\"https:\/\/www.osjenka.si\/ps-trstenik\/wp-content\/uploads\/sites\/3\/2022\/11\/20221117_115301-400x889.jpg\" data-orig-src=\"https:\/\/www.osjenka.si\/ps-trstenik\/wp-content\/uploads\/sites\/3\/2022\/11\/20221117_115301-400x889.jpg\" alt=\"\" width=\"400\" height=\"889\" srcset=\"data:image\/svg+xml,%3Csvg%20xmlns%3D%27http%3A%2F%2Fwww.w3.org%2F2000%2Fsvg%27%20width%3D%27400%27%20height%3D%27889%27%20viewBox%3D%270%200%20400%20889%27%3E%3Crect%20width%3D%27400%27%20height%3D%27889%27%20fill-opacity%3D%220%22%2F%3E%3C%2Fsvg%3E\" data-srcset=\"https:\/\/www.osjenka.si\/ps-trstenik\/wp-content\/uploads\/sites\/3\/2022\/11\/20221117_115301-135x300.jpg 135w, https:\/\/www.osjenka.si\/ps-trstenik\/wp-content\/uploads\/sites\/3\/2022\/11\/20221117_115301-200x444.jpg 200w, https:\/\/www.osjenka.si\/ps-trstenik\/wp-content\/uploads\/sites\/3\/2022\/11\/20221117_115301-400x889.jpg 400w, https:\/\/www.osjenka.si\/ps-trstenik\/wp-content\/uploads\/sites\/3\/2022\/11\/20221117_115301-461x1024.jpg 461w, https:\/\/www.osjenka.si\/ps-trstenik\/wp-content\/uploads\/sites\/3\/2022\/11\/20221117_115301-600x1333.jpg 600w, https:\/\/www.osjenka.si\/ps-trstenik\/wp-content\/uploads\/sites\/3\/2022\/11\/20221117_115301-691x1536.jpg 691w, https:\/\/www.osjenka.si\/ps-trstenik\/wp-content\/uploads\/sites\/3\/2022\/11\/20221117_115301-768x1707.jpg 768w, https:\/\/www.osjenka.si\/ps-trstenik\/wp-content\/uploads\/sites\/3\/2022\/11\/20221117_115301-800x1778.jpg 800w, https:\/\/www.osjenka.si\/ps-trstenik\/wp-content\/uploads\/sites\/3\/2022\/11\/20221117_115301.jpg 864w\" data-sizes=\"auto\" data-orig-sizes=\"(max-width: 400px) 100vw, 400px\" \/><\/p>\n<p><img decoding=\"async\" class=\"lazyload aligncenter size-fusion-400 wp-image-2601\" src=\"https:\/\/www.osjenka.si\/ps-trstenik\/wp-content\/uploads\/sites\/3\/2022\/11\/20221117_115446-400x889.jpg\" data-orig-src=\"https:\/\/www.osjenka.si\/ps-trstenik\/wp-content\/uploads\/sites\/3\/2022\/11\/20221117_115446-400x889.jpg\" alt=\"\" width=\"400\" height=\"889\" srcset=\"data:image\/svg+xml,%3Csvg%20xmlns%3D%27http%3A%2F%2Fwww.w3.org%2F2000%2Fsvg%27%20width%3D%27400%27%20height%3D%27889%27%20viewBox%3D%270%200%20400%20889%27%3E%3Crect%20width%3D%27400%27%20height%3D%27889%27%20fill-opacity%3D%220%22%2F%3E%3C%2Fsvg%3E\" data-srcset=\"https:\/\/www.osjenka.si\/ps-trstenik\/wp-content\/uploads\/sites\/3\/2022\/11\/20221117_115446-135x300.jpg 135w, https:\/\/www.osjenka.si\/ps-trstenik\/wp-content\/uploads\/sites\/3\/2022\/11\/20221117_115446-200x444.jpg 200w, https:\/\/www.osjenka.si\/ps-trstenik\/wp-content\/uploads\/sites\/3\/2022\/11\/20221117_115446-400x889.jpg 400w, https:\/\/www.osjenka.si\/ps-trstenik\/wp-content\/uploads\/sites\/3\/2022\/11\/20221117_115446-461x1024.jpg 461w, https:\/\/www.osjenka.si\/ps-trstenik\/wp-content\/uploads\/sites\/3\/2022\/11\/20221117_115446-600x1333.jpg 600w, https:\/\/www.osjenka.si\/ps-trstenik\/wp-content\/uploads\/sites\/3\/2022\/11\/20221117_115446-691x1536.jpg 691w, https:\/\/www.osjenka.si\/ps-trstenik\/wp-content\/uploads\/sites\/3\/2022\/11\/20221117_115446-768x1707.jpg 768w, https:\/\/www.osjenka.si\/ps-trstenik\/wp-content\/uploads\/sites\/3\/2022\/11\/20221117_115446-800x1778.jpg 800w, https:\/\/www.osjenka.si\/ps-trstenik\/wp-content\/uploads\/sites\/3\/2022\/11\/20221117_115446.jpg 864w\" data-sizes=\"auto\" data-orig-sizes=\"(max-width: 400px) 100vw, 400px\" \/><\/p>\n<p><img decoding=\"async\" class=\"lazyload aligncenter size-fusion-400 wp-image-2602\" src=\"https:\/\/www.osjenka.si\/ps-trstenik\/wp-content\/uploads\/sites\/3\/2022\/11\/20221117_115518-400x889.jpg\" data-orig-src=\"https:\/\/www.osjenka.si\/ps-trstenik\/wp-content\/uploads\/sites\/3\/2022\/11\/20221117_115518-400x889.jpg\" alt=\"\" width=\"400\" height=\"889\" srcset=\"data:image\/svg+xml,%3Csvg%20xmlns%3D%27http%3A%2F%2Fwww.w3.org%2F2000%2Fsvg%27%20width%3D%27400%27%20height%3D%27889%27%20viewBox%3D%270%200%20400%20889%27%3E%3Crect%20width%3D%27400%27%20height%3D%27889%27%20fill-opacity%3D%220%22%2F%3E%3C%2Fsvg%3E\" data-srcset=\"https:\/\/www.osjenka.si\/ps-trstenik\/wp-content\/uploads\/sites\/3\/2022\/11\/20221117_115518-135x300.jpg 135w, https:\/\/www.osjenka.si\/ps-trstenik\/wp-content\/uploads\/sites\/3\/2022\/11\/20221117_115518-200x444.jpg 200w, https:\/\/www.osjenka.si\/ps-trstenik\/wp-content\/uploads\/sites\/3\/2022\/11\/20221117_115518-400x889.jpg 400w, https:\/\/www.osjenka.si\/ps-trstenik\/wp-content\/uploads\/sites\/3\/2022\/11\/20221117_115518-461x1024.jpg 461w, https:\/\/www.osjenka.si\/ps-trstenik\/wp-content\/uploads\/sites\/3\/2022\/11\/20221117_115518-600x1333.jpg 600w, https:\/\/www.osjenka.si\/ps-trstenik\/wp-content\/uploads\/sites\/3\/2022\/11\/20221117_115518-691x1536.jpg 691w, https:\/\/www.osjenka.si\/ps-trstenik\/wp-content\/uploads\/sites\/3\/2022\/11\/20221117_115518-768x1707.jpg 768w, https:\/\/www.osjenka.si\/ps-trstenik\/wp-content\/uploads\/sites\/3\/2022\/11\/20221117_115518-800x1778.jpg 800w, https:\/\/www.osjenka.si\/ps-trstenik\/wp-content\/uploads\/sites\/3\/2022\/11\/20221117_115518.jpg 864w\" data-sizes=\"auto\" data-orig-sizes=\"(max-width: 400px) 100vw, 400px\" \/><br \/>\n<img decoding=\"async\" class=\"lazyload aligncenter size-fusion-400 wp-image-2603\" src=\"https:\/\/www.osjenka.si\/ps-trstenik\/wp-content\/uploads\/sites\/3\/2022\/11\/20221117_120409-400x889.jpg\" data-orig-src=\"https:\/\/www.osjenka.si\/ps-trstenik\/wp-content\/uploads\/sites\/3\/2022\/11\/20221117_120409-400x889.jpg\" alt=\"\" width=\"400\" height=\"889\" srcset=\"data:image\/svg+xml,%3Csvg%20xmlns%3D%27http%3A%2F%2Fwww.w3.org%2F2000%2Fsvg%27%20width%3D%27400%27%20height%3D%27889%27%20viewBox%3D%270%200%20400%20889%27%3E%3Crect%20width%3D%27400%27%20height%3D%27889%27%20fill-opacity%3D%220%22%2F%3E%3C%2Fsvg%3E\" data-srcset=\"https:\/\/www.osjenka.si\/ps-trstenik\/wp-content\/uploads\/sites\/3\/2022\/11\/20221117_120409-135x300.jpg 135w, https:\/\/www.osjenka.si\/ps-trstenik\/wp-content\/uploads\/sites\/3\/2022\/11\/20221117_120409-200x444.jpg 200w, https:\/\/www.osjenka.si\/ps-trstenik\/wp-content\/uploads\/sites\/3\/2022\/11\/20221117_120409-400x889.jpg 400w, https:\/\/www.osjenka.si\/ps-trstenik\/wp-content\/uploads\/sites\/3\/2022\/11\/20221117_120409-461x1024.jpg 461w, https:\/\/www.osjenka.si\/ps-trstenik\/wp-content\/uploads\/sites\/3\/2022\/11\/20221117_120409-600x1333.jpg 600w, https:\/\/www.osjenka.si\/ps-trstenik\/wp-content\/uploads\/sites\/3\/2022\/11\/20221117_120409-691x1536.jpg 691w, https:\/\/www.osjenka.si\/ps-trstenik\/wp-content\/uploads\/sites\/3\/2022\/11\/20221117_120409-768x1707.jpg 768w, https:\/\/www.osjenka.si\/ps-trstenik\/wp-content\/uploads\/sites\/3\/2022\/11\/20221117_120409-800x1778.jpg 800w, https:\/\/www.osjenka.si\/ps-trstenik\/wp-content\/uploads\/sites\/3\/2022\/11\/20221117_120409.jpg 864w\" data-sizes=\"auto\" data-orig-sizes=\"(max-width: 400px) 100vw, 400px\" \/><\/p>\n","protected":false},"excerpt":{"rendered":"<p>V \u010detrtek, 17. 11., smo se drugo\u0161olci in \u010detrto\u0161olci P\u0160\u00a0Trstenik udele\u017eili slavnostne otvoritve varne \u0161olske in kolesarske poti od Pangr\u0161ice do Trstenika. Po uradnem govoru kranjskega \u017eupana, g. Matja\u017ea Rakovca, je bila varna \u0161olska in kolesarska pot tudi uradno odprta. G. Matja\u017e Rakovec nam je razdelil odsevnike, s katerimi smo pozirali tudi uradnemu fotografu, ki je fotografiral slavnostno odprtje. Kot prvi smo se po novi poti sprehodili drugo\u0161olci in \u010detrto\u0161olci ter u\u017eivali v varnem in brezskrbnem sprehodu ob pogledu na prelepo okolico. Besedilo in fotografije: Suzana Ke\u0161ina &nbsp;<\/p>\n","protected":false},"author":6,"featured_media":2604,"comment_status":"open","ping_status":"open","sticky":false,"template":"","format":"standard","meta":{"footnotes":""},"categories":[28],"tags":[],"class_list":["post-2598","post","type-post","status-publish","format-standard","has-post-thumbnail","hentry","category-novice"],"yoast_head":"<!-- This site is optimized with the Yoast SEO plugin v19.11 - https:\/\/yoast.com\/wordpress\/plugins\/seo\/ -->\n<title>Otvoritev varne \u0161olske poti Pangr\u0161ica - Trstenik - P\u0160 Trstenik<\/title>\n<meta name=\"robots\" content=\"index, follow, max-snippet:-1, max-image-preview:large, max-video-preview:-1\" \/>\n<link rel=\"canonical\" href=\"https:\/\/www.osjenka.si\/ps-trstenik\/2022\/11\/19\/otvoritev-varne-solske-poti-pangrsica-trstenik\/\" \/>\n<meta property=\"og:locale\" content=\"sl_SI\" \/>\n<meta property=\"og:type\" content=\"article\" \/>\n<meta property=\"og:title\" content=\"Otvoritev varne \u0161olske poti Pangr\u0161ica - Trstenik - P\u0160 Trstenik\" \/>\n<meta property=\"og:description\" content=\"V \u010detrtek, 17. 11., smo se drugo\u0161olci in \u010detrto\u0161olci P\u0160\u00a0Trstenik udele\u017eili slavnostne otvoritve varne \u0161olske in kolesarske poti od Pangr\u0161ice do Trstenika. Po uradnem govoru kranjskega \u017eupana, g. Matja\u017ea Rakovca, je bila varna \u0161olska in kolesarska pot tudi uradno odprta. G. Matja\u017e Rakovec nam je razdelil odsevnike, s katerimi smo pozirali tudi uradnemu fotografu, ki je fotografiral slavnostno odprtje. Kot prvi smo se po novi poti sprehodili drugo\u0161olci in \u010detrto\u0161olci ter u\u017eivali v varnem in brezskrbnem sprehodu ob pogledu na prelepo okolico. Besedilo in fotografije: Suzana Ke\u0161ina &nbsp;\" \/>\n<meta property=\"og:url\" content=\"https:\/\/www.osjenka.si\/ps-trstenik\/2022\/11\/19\/otvoritev-varne-solske-poti-pangrsica-trstenik\/\" \/>\n<meta property=\"og:site_name\" content=\"P\u0160 Trstenik\" \/>\n<meta property=\"article:published_time\" content=\"2022-11-19T07:37:08+00:00\" \/>\n<meta property=\"article:modified_time\" content=\"2022-11-19T07:40:23+00:00\" \/>\n<meta property=\"og:image\" content=\"https:\/\/www.osjenka.si\/ps-trstenik\/wp-content\/uploads\/sites\/3\/2022\/11\/ot01.jpg\" \/>\n\t<meta property=\"og:image:width\" content=\"1787\" \/>\n\t<meta property=\"og:image:height\" content=\"1760\" \/>\n\t<meta property=\"og:image:type\" content=\"image\/jpeg\" \/>\n<meta name=\"author\" content=\"marijanca\" \/>\n<meta name=\"twitter:card\" content=\"summary_large_image\" \/>\n<meta name=\"twitter:label1\" content=\"Written by\" \/>\n\t<meta name=\"twitter:data1\" content=\"marijanca\" \/>\n<script type=\"application\/ld+json\" class=\"yoast-schema-graph\">{\"@context\":\"https:\/\/schema.org\",\"@graph\":[{\"@type\":\"WebPage\",\"@id\":\"https:\/\/www.osjenka.si\/ps-trstenik\/2022\/11\/19\/otvoritev-varne-solske-poti-pangrsica-trstenik\/\",\"url\":\"https:\/\/www.osjenka.si\/ps-trstenik\/2022\/11\/19\/otvoritev-varne-solske-poti-pangrsica-trstenik\/\",\"name\":\"Otvoritev varne \u0161olske poti Pangr\u0161ica - Trstenik - P\u0160 Trstenik\",\"isPartOf\":{\"@id\":\"https:\/\/www.osjenka.si\/ps-trstenik\/#website\"},\"datePublished\":\"2022-11-19T07:37:08+00:00\",\"dateModified\":\"2022-11-19T07:40:23+00:00\",\"author\":{\"@id\":\"https:\/\/www.osjenka.si\/ps-trstenik\/#\/schema\/person\/e994953e80ee06b3734632ceb1a36cbc\"},\"breadcrumb\":{\"@id\":\"https:\/\/www.osjenka.si\/ps-trstenik\/2022\/11\/19\/otvoritev-varne-solske-poti-pangrsica-trstenik\/#breadcrumb\"},\"inLanguage\":\"sl-SI\",\"potentialAction\":[{\"@type\":\"ReadAction\",\"target\":[\"https:\/\/www.osjenka.si\/ps-trstenik\/2022\/11\/19\/otvoritev-varne-solske-poti-pangrsica-trstenik\/\"]}]},{\"@type\":\"BreadcrumbList\",\"@id\":\"https:\/\/www.osjenka.si\/ps-trstenik\/2022\/11\/19\/otvoritev-varne-solske-poti-pangrsica-trstenik\/#breadcrumb\",\"itemListElement\":[{\"@type\":\"ListItem\",\"position\":1,\"name\":\"Home\",\"item\":\"https:\/\/www.osjenka.si\/ps-trstenik\/\"},{\"@type\":\"ListItem\",\"position\":2,\"name\":\"Otvoritev varne \u0161olske poti Pangr\u0161ica &#8211; Trstenik\"}]},{\"@type\":\"WebSite\",\"@id\":\"https:\/\/www.osjenka.si\/ps-trstenik\/#website\",\"url\":\"https:\/\/www.osjenka.si\/ps-trstenik\/\",\"name\":\"P\u0160 Trstenik\",\"description\":\"\",\"potentialAction\":[{\"@type\":\"SearchAction\",\"target\":{\"@type\":\"EntryPoint\",\"urlTemplate\":\"https:\/\/www.osjenka.si\/ps-trstenik\/?s={search_term_string}\"},\"query-input\":\"required name=search_term_string\"}],\"inLanguage\":\"sl-SI\"},{\"@type\":\"Person\",\"@id\":\"https:\/\/www.osjenka.si\/ps-trstenik\/#\/schema\/person\/e994953e80ee06b3734632ceb1a36cbc\",\"name\":\"marijanca\",\"image\":{\"@type\":\"ImageObject\",\"inLanguage\":\"sl-SI\",\"@id\":\"https:\/\/www.osjenka.si\/ps-trstenik\/#\/schema\/person\/image\/\",\"url\":\"https:\/\/secure.gravatar.com\/avatar\/dbce7ac167ee71177f370bf0bb0bba3702fec9264452e7366493259d6187ae79?s=96&d=mm&r=g\",\"contentUrl\":\"https:\/\/secure.gravatar.com\/avatar\/dbce7ac167ee71177f370bf0bb0bba3702fec9264452e7366493259d6187ae79?s=96&d=mm&r=g\",\"caption\":\"marijanca\"},\"url\":\"https:\/\/www.osjenka.si\/ps-trstenik\/author\/marijanca\/\"}]}<\/script>\n<!-- \/ Yoast SEO plugin. -->","yoast_head_json":{"title":"Otvoritev varne \u0161olske poti Pangr\u0161ica - Trstenik - P\u0160 Trstenik","robots":{"index":"index","follow":"follow","max-snippet":"max-snippet:-1","max-image-preview":"max-image-preview:large","max-video-preview":"max-video-preview:-1"},"canonical":"https:\/\/www.osjenka.si\/ps-trstenik\/2022\/11\/19\/otvoritev-varne-solske-poti-pangrsica-trstenik\/","og_locale":"sl_SI","og_type":"article","og_title":"Otvoritev varne \u0161olske poti Pangr\u0161ica - Trstenik - P\u0160 Trstenik","og_description":"V \u010detrtek, 17. 11., smo se drugo\u0161olci in \u010detrto\u0161olci P\u0160\u00a0Trstenik udele\u017eili slavnostne otvoritve varne \u0161olske in kolesarske poti od Pangr\u0161ice do Trstenika. Po uradnem govoru kranjskega \u017eupana, g. Matja\u017ea Rakovca, je bila varna \u0161olska in kolesarska pot tudi uradno odprta. G. Matja\u017e Rakovec nam je razdelil odsevnike, s katerimi smo pozirali tudi uradnemu fotografu, ki je fotografiral slavnostno odprtje. Kot prvi smo se po novi poti sprehodili drugo\u0161olci in \u010detrto\u0161olci ter u\u017eivali v varnem in brezskrbnem sprehodu ob pogledu na prelepo okolico. Besedilo in fotografije: Suzana Ke\u0161ina &nbsp;","og_url":"https:\/\/www.osjenka.si\/ps-trstenik\/2022\/11\/19\/otvoritev-varne-solske-poti-pangrsica-trstenik\/","og_site_name":"P\u0160 Trstenik","article_published_time":"2022-11-19T07:37:08+00:00","article_modified_time":"2022-11-19T07:40:23+00:00","og_image":[{"width":1787,"height":1760,"url":"https:\/\/www.osjenka.si\/ps-trstenik\/wp-content\/uploads\/sites\/3\/2022\/11\/ot01.jpg","type":"image\/jpeg"}],"author":"marijanca","twitter_card":"summary_large_image","twitter_misc":{"Written by":"marijanca"},"schema":{"@context":"https:\/\/schema.org","@graph":[{"@type":"WebPage","@id":"https:\/\/www.osjenka.si\/ps-trstenik\/2022\/11\/19\/otvoritev-varne-solske-poti-pangrsica-trstenik\/","url":"https:\/\/www.osjenka.si\/ps-trstenik\/2022\/11\/19\/otvoritev-varne-solske-poti-pangrsica-trstenik\/","name":"Otvoritev varne \u0161olske poti Pangr\u0161ica - Trstenik - P\u0160 Trstenik","isPartOf":{"@id":"https:\/\/www.osjenka.si\/ps-trstenik\/#website"},"datePublished":"2022-11-19T07:37:08+00:00","dateModified":"2022-11-19T07:40:23+00:00","author":{"@id":"https:\/\/www.osjenka.si\/ps-trstenik\/#\/schema\/person\/e994953e80ee06b3734632ceb1a36cbc"},"breadcrumb":{"@id":"https:\/\/www.osjenka.si\/ps-trstenik\/2022\/11\/19\/otvoritev-varne-solske-poti-pangrsica-trstenik\/#breadcrumb"},"inLanguage":"sl-SI","potentialAction":[{"@type":"ReadAction","target":["https:\/\/www.osjenka.si\/ps-trstenik\/2022\/11\/19\/otvoritev-varne-solske-poti-pangrsica-trstenik\/"]}]},{"@type":"BreadcrumbList","@id":"https:\/\/www.osjenka.si\/ps-trstenik\/2022\/11\/19\/otvoritev-varne-solske-poti-pangrsica-trstenik\/#breadcrumb","itemListElement":[{"@type":"ListItem","position":1,"name":"Home","item":"https:\/\/www.osjenka.si\/ps-trstenik\/"},{"@type":"ListItem","position":2,"name":"Otvoritev varne \u0161olske poti Pangr\u0161ica &#8211; Trstenik"}]},{"@type":"WebSite","@id":"https:\/\/www.osjenka.si\/ps-trstenik\/#website","url":"https:\/\/www.osjenka.si\/ps-trstenik\/","name":"P\u0160 Trstenik","description":"","potentialAction":[{"@type":"SearchAction","target":{"@type":"EntryPoint","urlTemplate":"https:\/\/www.osjenka.si\/ps-trstenik\/?s={search_term_string}"},"query-input":"required name=search_term_string"}],"inLanguage":"sl-SI"},{"@type":"Person","@id":"https:\/\/www.osjenka.si\/ps-trstenik\/#\/schema\/person\/e994953e80ee06b3734632ceb1a36cbc","name":"marijanca","image":{"@type":"ImageObject","inLanguage":"sl-SI","@id":"https:\/\/www.osjenka.si\/ps-trstenik\/#\/schema\/person\/image\/","url":"https:\/\/secure.gravatar.com\/avatar\/dbce7ac167ee71177f370bf0bb0bba3702fec9264452e7366493259d6187ae79?s=96&d=mm&r=g","contentUrl":"https:\/\/secure.gravatar.com\/avatar\/dbce7ac167ee71177f370bf0bb0bba3702fec9264452e7366493259d6187ae79?s=96&d=mm&r=g","caption":"marijanca"},"url":"https:\/\/www.osjenka.si\/ps-trstenik\/author\/marijanca\/"}]}},"_links":{"self":[{"href":"https:\/\/www.osjenka.si\/ps-trstenik\/wp-json\/wp\/v2\/posts\/2598","targetHints":{"allow":["GET"]}}],"collection":[{"href":"https:\/\/www.osjenka.si\/ps-trstenik\/wp-json\/wp\/v2\/posts"}],"about":[{"href":"https:\/\/www.osjenka.si\/ps-trstenik\/wp-json\/wp\/v2\/types\/post"}],"author":[{"embeddable":true,"href":"https:\/\/www.osjenka.si\/ps-trstenik\/wp-json\/wp\/v2\/users\/6"}],"replies":[{"embeddable":true,"href":"https:\/\/www.osjenka.si\/ps-trstenik\/wp-json\/wp\/v2\/comments?post=2598"}],"version-history":[{"count":1,"href":"https:\/\/www.osjenka.si\/ps-trstenik\/wp-json\/wp\/v2\/posts\/2598\/revisions"}],"predecessor-version":[{"id":2605,"href":"https:\/\/www.osjenka.si\/ps-trstenik\/wp-json\/wp\/v2\/posts\/2598\/revisions\/2605"}],"wp:featuredmedia":[{"embeddable":true,"href":"https:\/\/www.osjenka.si\/ps-trstenik\/wp-json\/wp\/v2\/media\/2604"}],"wp:attachment":[{"href":"https:\/\/www.osjenka.si\/ps-trstenik\/wp-json\/wp\/v2\/media?parent=2598"}],"wp:term":[{"taxonomy":"category","embeddable":true,"href":"https:\/\/www.osjenka.si\/ps-trstenik\/wp-json\/wp\/v2\/categories?post=2598"},{"taxonomy":"post_tag","embeddable":true,"href":"https:\/\/www.osjenka.si\/ps-trstenik\/wp-json\/wp\/v2\/tags?post=2598"}],"curies":[{"name":"wp","href":"https:\/\/api.w.org\/{rel}","templated":true}]}}