{"id":2659,"date":"2022-12-02T20:09:34","date_gmt":"2022-12-02T19:09:34","guid":{"rendered":"https:\/\/www.osjenka.si\/ps-trstenik\/?p=2659"},"modified":"2022-12-02T20:11:33","modified_gmt":"2022-12-02T19:11:33","slug":"presernova-spominska-ura","status":"publish","type":"post","link":"https:\/\/www.osjenka.si\/ps-trstenik\/2022\/12\/02\/presernova-spominska-ura\/","title":{"rendered":"Pre\u0161ernova spominska ura"},"content":{"rendered":"<p>3. decembra je obletnica Pre\u0161ernovega rojstva. Na\u0161ega najve\u010djega pesnika smo se spomnili na spominski uri. U\u010diteljica Mojca nam je ob slikah predstavila Pre\u0161ernovo \u017eivljenje in delo.<\/p>\n<p>Sledil je kviz Milijonar s Francetom Pre\u0161ernom, na katerem so morali u\u010denci pokazati, koliko podatkov s predstavitve so si zapomnili. S skupnimi mo\u010dmi so kar uspe\u0161no premagovali te\u017eka vpra\u0161anja. Malo je za\u0161kripalo pri vpra\u0161anju, na katerem tolarskem bankovcu je bil upodobljen France Pre\u0161eren. Na sre\u010do je \u010detrto\u0161olec Bine vedel pravilni odgovor in re\u0161il situacijo. Pri nadaljnjih vpra\u0161anjih so u\u010denci ponovno pokazali prepri\u010dljivo znanje; uspe\u0161no so pri\u0161li do konca kviza in osvojili milijon. ;)<\/p>\n<p>Utrinki:<\/p>\n<div id=\"attachment_2660\" style=\"width: 810px\" class=\"wp-caption aligncenter\"><img decoding=\"async\" aria-describedby=\"caption-attachment-2660\" class=\"lazyload wp-image-2660 size-fusion-800\" src=\"https:\/\/www.osjenka.si\/ps-trstenik\/wp-content\/uploads\/sites\/3\/2022\/12\/pre01-800x600.jpg\" data-orig-src=\"https:\/\/www.osjenka.si\/ps-trstenik\/wp-content\/uploads\/sites\/3\/2022\/12\/pre01-800x600.jpg\" alt=\"\" width=\"800\" height=\"600\" srcset=\"data:image\/svg+xml,%3Csvg%20xmlns%3D%27http%3A%2F%2Fwww.w3.org%2F2000%2Fsvg%27%20width%3D%27800%27%20height%3D%27600%27%20viewBox%3D%270%200%20800%20600%27%3E%3Crect%20width%3D%27800%27%20height%3D%27600%27%20fill-opacity%3D%220%22%2F%3E%3C%2Fsvg%3E\" data-srcset=\"https:\/\/www.osjenka.si\/ps-trstenik\/wp-content\/uploads\/sites\/3\/2022\/12\/pre01-200x150.jpg 200w, https:\/\/www.osjenka.si\/ps-trstenik\/wp-content\/uploads\/sites\/3\/2022\/12\/pre01-300x225.jpg 300w, https:\/\/www.osjenka.si\/ps-trstenik\/wp-content\/uploads\/sites\/3\/2022\/12\/pre01-400x300.jpg 400w, https:\/\/www.osjenka.si\/ps-trstenik\/wp-content\/uploads\/sites\/3\/2022\/12\/pre01-600x450.jpg 600w, https:\/\/www.osjenka.si\/ps-trstenik\/wp-content\/uploads\/sites\/3\/2022\/12\/pre01-768x576.jpg 768w, https:\/\/www.osjenka.si\/ps-trstenik\/wp-content\/uploads\/sites\/3\/2022\/12\/pre01-800x600.jpg 800w, https:\/\/www.osjenka.si\/ps-trstenik\/wp-content\/uploads\/sites\/3\/2022\/12\/pre01-1024x768.jpg 1024w, https:\/\/www.osjenka.si\/ps-trstenik\/wp-content\/uploads\/sites\/3\/2022\/12\/pre01-1200x900.jpg 1200w, https:\/\/www.osjenka.si\/ps-trstenik\/wp-content\/uploads\/sites\/3\/2022\/12\/pre01-1536x1152.jpg 1536w, https:\/\/www.osjenka.si\/ps-trstenik\/wp-content\/uploads\/sites\/3\/2022\/12\/pre01.jpg 1920w\" data-sizes=\"auto\" data-orig-sizes=\"(max-width: 800px) 100vw, 800px\" \/><p id=\"caption-attachment-2660\" class=\"wp-caption-text\">Ne\u017ea in Anja sta prebrali pesem O, Vrba.<\/p><\/div>\n<div id=\"attachment_2661\" style=\"width: 810px\" class=\"wp-caption aligncenter\"><img decoding=\"async\" aria-describedby=\"caption-attachment-2661\" class=\"lazyload wp-image-2661 size-fusion-800\" src=\"https:\/\/www.osjenka.si\/ps-trstenik\/wp-content\/uploads\/sites\/3\/2022\/12\/pre02-800x600.jpg\" data-orig-src=\"https:\/\/www.osjenka.si\/ps-trstenik\/wp-content\/uploads\/sites\/3\/2022\/12\/pre02-800x600.jpg\" alt=\"\" width=\"800\" height=\"600\" srcset=\"data:image\/svg+xml,%3Csvg%20xmlns%3D%27http%3A%2F%2Fwww.w3.org%2F2000%2Fsvg%27%20width%3D%27800%27%20height%3D%27600%27%20viewBox%3D%270%200%20800%20600%27%3E%3Crect%20width%3D%27800%27%20height%3D%27600%27%20fill-opacity%3D%220%22%2F%3E%3C%2Fsvg%3E\" data-srcset=\"https:\/\/www.osjenka.si\/ps-trstenik\/wp-content\/uploads\/sites\/3\/2022\/12\/pre02-200x150.jpg 200w, https:\/\/www.osjenka.si\/ps-trstenik\/wp-content\/uploads\/sites\/3\/2022\/12\/pre02-300x225.jpg 300w, https:\/\/www.osjenka.si\/ps-trstenik\/wp-content\/uploads\/sites\/3\/2022\/12\/pre02-400x300.jpg 400w, https:\/\/www.osjenka.si\/ps-trstenik\/wp-content\/uploads\/sites\/3\/2022\/12\/pre02-600x450.jpg 600w, https:\/\/www.osjenka.si\/ps-trstenik\/wp-content\/uploads\/sites\/3\/2022\/12\/pre02-768x576.jpg 768w, https:\/\/www.osjenka.si\/ps-trstenik\/wp-content\/uploads\/sites\/3\/2022\/12\/pre02-800x600.jpg 800w, https:\/\/www.osjenka.si\/ps-trstenik\/wp-content\/uploads\/sites\/3\/2022\/12\/pre02-1024x768.jpg 1024w, https:\/\/www.osjenka.si\/ps-trstenik\/wp-content\/uploads\/sites\/3\/2022\/12\/pre02-1200x900.jpg 1200w, https:\/\/www.osjenka.si\/ps-trstenik\/wp-content\/uploads\/sites\/3\/2022\/12\/pre02-1536x1152.jpg 1536w, https:\/\/www.osjenka.si\/ps-trstenik\/wp-content\/uploads\/sites\/3\/2022\/12\/pre02.jpg 1920w\" data-sizes=\"auto\" data-orig-sizes=\"(max-width: 800px) 100vw, 800px\" \/><p id=\"caption-attachment-2661\" class=\"wp-caption-text\">Prvo vpra\u0161anje je bilo \u0161e \u010disto enostavno.<\/p><\/div>\n<div id=\"attachment_2662\" style=\"width: 810px\" class=\"wp-caption aligncenter\"><img decoding=\"async\" aria-describedby=\"caption-attachment-2662\" class=\"lazyload wp-image-2662 size-fusion-800\" src=\"https:\/\/www.osjenka.si\/ps-trstenik\/wp-content\/uploads\/sites\/3\/2022\/12\/pre03-800x600.jpg\" data-orig-src=\"https:\/\/www.osjenka.si\/ps-trstenik\/wp-content\/uploads\/sites\/3\/2022\/12\/pre03-800x600.jpg\" alt=\"\" width=\"800\" height=\"600\" srcset=\"data:image\/svg+xml,%3Csvg%20xmlns%3D%27http%3A%2F%2Fwww.w3.org%2F2000%2Fsvg%27%20width%3D%27800%27%20height%3D%27600%27%20viewBox%3D%270%200%20800%20600%27%3E%3Crect%20width%3D%27800%27%20height%3D%27600%27%20fill-opacity%3D%220%22%2F%3E%3C%2Fsvg%3E\" data-srcset=\"https:\/\/www.osjenka.si\/ps-trstenik\/wp-content\/uploads\/sites\/3\/2022\/12\/pre03-200x150.jpg 200w, https:\/\/www.osjenka.si\/ps-trstenik\/wp-content\/uploads\/sites\/3\/2022\/12\/pre03-300x225.jpg 300w, https:\/\/www.osjenka.si\/ps-trstenik\/wp-content\/uploads\/sites\/3\/2022\/12\/pre03-400x300.jpg 400w, https:\/\/www.osjenka.si\/ps-trstenik\/wp-content\/uploads\/sites\/3\/2022\/12\/pre03-600x450.jpg 600w, https:\/\/www.osjenka.si\/ps-trstenik\/wp-content\/uploads\/sites\/3\/2022\/12\/pre03-768x576.jpg 768w, https:\/\/www.osjenka.si\/ps-trstenik\/wp-content\/uploads\/sites\/3\/2022\/12\/pre03-800x600.jpg 800w, https:\/\/www.osjenka.si\/ps-trstenik\/wp-content\/uploads\/sites\/3\/2022\/12\/pre03-1024x768.jpg 1024w, https:\/\/www.osjenka.si\/ps-trstenik\/wp-content\/uploads\/sites\/3\/2022\/12\/pre03-1200x900.jpg 1200w, https:\/\/www.osjenka.si\/ps-trstenik\/wp-content\/uploads\/sites\/3\/2022\/12\/pre03-1536x1152.jpg 1536w, https:\/\/www.osjenka.si\/ps-trstenik\/wp-content\/uploads\/sites\/3\/2022\/12\/pre03.jpg 1920w\" data-sizes=\"auto\" data-orig-sizes=\"(max-width: 800px) 100vw, 800px\" \/><p id=\"caption-attachment-2662\" class=\"wp-caption-text\">U\u010denci so navdu\u0161eno sodelovali v kvizu.<\/p><\/div>\n","protected":false},"excerpt":{"rendered":"<p>3. decembra je obletnica Pre\u0161ernovega rojstva. Na\u0161ega najve\u010djega pesnika smo se spomnili na spominski uri. U\u010diteljica Mojca nam je ob slikah predstavila Pre\u0161ernovo \u017eivljenje in delo. Sledil je kviz Milijonar s Francetom Pre\u0161ernom, na katerem so morali u\u010denci pokazati, koliko podatkov s predstavitve so si zapomnili. S skupnimi mo\u010dmi so kar uspe\u0161no premagovali te\u017eka vpra\u0161anja. Malo je za\u0161kripalo pri vpra\u0161anju, na katerem tolarskem bankovcu je bil upodobljen France Pre\u0161eren. Na sre\u010do je \u010detrto\u0161olec Bine vedel pravilni odgovor in re\u0161il situacijo. Pri nadaljnjih vpra\u0161anjih so u\u010denci ponovno pokazali prepri\u010dljivo znanje; uspe\u0161no so pri\u0161li do konca kviza in osvojili milijon. ;) Utrinki:<\/p>\n","protected":false},"author":6,"featured_media":2663,"comment_status":"open","ping_status":"open","sticky":false,"template":"","format":"standard","meta":{"footnotes":""},"categories":[28],"tags":[],"class_list":["post-2659","post","type-post","status-publish","format-standard","has-post-thumbnail","hentry","category-novice"],"yoast_head":"<!-- This site is optimized with the Yoast SEO plugin v19.11 - https:\/\/yoast.com\/wordpress\/plugins\/seo\/ -->\n<title>Pre\u0161ernova spominska ura - P\u0160 Trstenik<\/title>\n<meta name=\"robots\" content=\"index, follow, max-snippet:-1, max-image-preview:large, max-video-preview:-1\" \/>\n<link rel=\"canonical\" href=\"https:\/\/www.osjenka.si\/ps-trstenik\/2022\/12\/02\/presernova-spominska-ura\/\" \/>\n<meta property=\"og:locale\" content=\"sl_SI\" \/>\n<meta property=\"og:type\" content=\"article\" \/>\n<meta property=\"og:title\" content=\"Pre\u0161ernova spominska ura - P\u0160 Trstenik\" \/>\n<meta property=\"og:description\" content=\"3. decembra je obletnica Pre\u0161ernovega rojstva. Na\u0161ega najve\u010djega pesnika smo se spomnili na spominski uri. U\u010diteljica Mojca nam je ob slikah predstavila Pre\u0161ernovo \u017eivljenje in delo. Sledil je kviz Milijonar s Francetom Pre\u0161ernom, na katerem so morali u\u010denci pokazati, koliko podatkov s predstavitve so si zapomnili. S skupnimi mo\u010dmi so kar uspe\u0161no premagovali te\u017eka vpra\u0161anja. Malo je za\u0161kripalo pri vpra\u0161anju, na katerem tolarskem bankovcu je bil upodobljen France Pre\u0161eren. Na sre\u010do je \u010detrto\u0161olec Bine vedel pravilni odgovor in re\u0161il situacijo. Pri nadaljnjih vpra\u0161anjih so u\u010denci ponovno pokazali prepri\u010dljivo znanje; uspe\u0161no so pri\u0161li do konca kviza in osvojili milijon. ;) Utrinki:\" \/>\n<meta property=\"og:url\" content=\"https:\/\/www.osjenka.si\/ps-trstenik\/2022\/12\/02\/presernova-spominska-ura\/\" \/>\n<meta property=\"og:site_name\" content=\"P\u0160 Trstenik\" \/>\n<meta property=\"article:published_time\" content=\"2022-12-02T19:09:34+00:00\" \/>\n<meta property=\"article:modified_time\" content=\"2022-12-02T19:11:33+00:00\" \/>\n<meta property=\"og:image\" content=\"https:\/\/www.osjenka.si\/ps-trstenik\/wp-content\/uploads\/sites\/3\/2022\/12\/pre02-1.jpg\" \/>\n\t<meta property=\"og:image:width\" content=\"1920\" \/>\n\t<meta property=\"og:image:height\" content=\"1440\" \/>\n\t<meta property=\"og:image:type\" content=\"image\/jpeg\" \/>\n<meta name=\"author\" content=\"marijanca\" \/>\n<meta name=\"twitter:card\" content=\"summary_large_image\" \/>\n<meta name=\"twitter:label1\" content=\"Written by\" \/>\n\t<meta name=\"twitter:data1\" content=\"marijanca\" \/>\n\t<meta name=\"twitter:label2\" content=\"Est. reading time\" \/>\n\t<meta name=\"twitter:data2\" content=\"1 minuta\" \/>\n<script type=\"application\/ld+json\" class=\"yoast-schema-graph\">{\"@context\":\"https:\/\/schema.org\",\"@graph\":[{\"@type\":\"WebPage\",\"@id\":\"https:\/\/www.osjenka.si\/ps-trstenik\/2022\/12\/02\/presernova-spominska-ura\/\",\"url\":\"https:\/\/www.osjenka.si\/ps-trstenik\/2022\/12\/02\/presernova-spominska-ura\/\",\"name\":\"Pre\u0161ernova spominska ura - P\u0160 Trstenik\",\"isPartOf\":{\"@id\":\"https:\/\/www.osjenka.si\/ps-trstenik\/#website\"},\"datePublished\":\"2022-12-02T19:09:34+00:00\",\"dateModified\":\"2022-12-02T19:11:33+00:00\",\"author\":{\"@id\":\"https:\/\/www.osjenka.si\/ps-trstenik\/#\/schema\/person\/e994953e80ee06b3734632ceb1a36cbc\"},\"breadcrumb\":{\"@id\":\"https:\/\/www.osjenka.si\/ps-trstenik\/2022\/12\/02\/presernova-spominska-ura\/#breadcrumb\"},\"inLanguage\":\"sl-SI\",\"potentialAction\":[{\"@type\":\"ReadAction\",\"target\":[\"https:\/\/www.osjenka.si\/ps-trstenik\/2022\/12\/02\/presernova-spominska-ura\/\"]}]},{\"@type\":\"BreadcrumbList\",\"@id\":\"https:\/\/www.osjenka.si\/ps-trstenik\/2022\/12\/02\/presernova-spominska-ura\/#breadcrumb\",\"itemListElement\":[{\"@type\":\"ListItem\",\"position\":1,\"name\":\"Home\",\"item\":\"https:\/\/www.osjenka.si\/ps-trstenik\/\"},{\"@type\":\"ListItem\",\"position\":2,\"name\":\"Pre\u0161ernova spominska ura\"}]},{\"@type\":\"WebSite\",\"@id\":\"https:\/\/www.osjenka.si\/ps-trstenik\/#website\",\"url\":\"https:\/\/www.osjenka.si\/ps-trstenik\/\",\"name\":\"P\u0160 Trstenik\",\"description\":\"\",\"potentialAction\":[{\"@type\":\"SearchAction\",\"target\":{\"@type\":\"EntryPoint\",\"urlTemplate\":\"https:\/\/www.osjenka.si\/ps-trstenik\/?s={search_term_string}\"},\"query-input\":\"required name=search_term_string\"}],\"inLanguage\":\"sl-SI\"},{\"@type\":\"Person\",\"@id\":\"https:\/\/www.osjenka.si\/ps-trstenik\/#\/schema\/person\/e994953e80ee06b3734632ceb1a36cbc\",\"name\":\"marijanca\",\"image\":{\"@type\":\"ImageObject\",\"inLanguage\":\"sl-SI\",\"@id\":\"https:\/\/www.osjenka.si\/ps-trstenik\/#\/schema\/person\/image\/\",\"url\":\"https:\/\/secure.gravatar.com\/avatar\/dbce7ac167ee71177f370bf0bb0bba3702fec9264452e7366493259d6187ae79?s=96&d=mm&r=g\",\"contentUrl\":\"https:\/\/secure.gravatar.com\/avatar\/dbce7ac167ee71177f370bf0bb0bba3702fec9264452e7366493259d6187ae79?s=96&d=mm&r=g\",\"caption\":\"marijanca\"},\"url\":\"https:\/\/www.osjenka.si\/ps-trstenik\/author\/marijanca\/\"}]}<\/script>\n<!-- \/ Yoast SEO plugin. -->","yoast_head_json":{"title":"Pre\u0161ernova spominska ura - P\u0160 Trstenik","robots":{"index":"index","follow":"follow","max-snippet":"max-snippet:-1","max-image-preview":"max-image-preview:large","max-video-preview":"max-video-preview:-1"},"canonical":"https:\/\/www.osjenka.si\/ps-trstenik\/2022\/12\/02\/presernova-spominska-ura\/","og_locale":"sl_SI","og_type":"article","og_title":"Pre\u0161ernova spominska ura - P\u0160 Trstenik","og_description":"3. decembra je obletnica Pre\u0161ernovega rojstva. Na\u0161ega najve\u010djega pesnika smo se spomnili na spominski uri. U\u010diteljica Mojca nam je ob slikah predstavila Pre\u0161ernovo \u017eivljenje in delo. Sledil je kviz Milijonar s Francetom Pre\u0161ernom, na katerem so morali u\u010denci pokazati, koliko podatkov s predstavitve so si zapomnili. S skupnimi mo\u010dmi so kar uspe\u0161no premagovali te\u017eka vpra\u0161anja. Malo je za\u0161kripalo pri vpra\u0161anju, na katerem tolarskem bankovcu je bil upodobljen France Pre\u0161eren. Na sre\u010do je \u010detrto\u0161olec Bine vedel pravilni odgovor in re\u0161il situacijo. Pri nadaljnjih vpra\u0161anjih so u\u010denci ponovno pokazali prepri\u010dljivo znanje; uspe\u0161no so pri\u0161li do konca kviza in osvojili milijon. ;) Utrinki:","og_url":"https:\/\/www.osjenka.si\/ps-trstenik\/2022\/12\/02\/presernova-spominska-ura\/","og_site_name":"P\u0160 Trstenik","article_published_time":"2022-12-02T19:09:34+00:00","article_modified_time":"2022-12-02T19:11:33+00:00","og_image":[{"width":1920,"height":1440,"url":"https:\/\/www.osjenka.si\/ps-trstenik\/wp-content\/uploads\/sites\/3\/2022\/12\/pre02-1.jpg","type":"image\/jpeg"}],"author":"marijanca","twitter_card":"summary_large_image","twitter_misc":{"Written by":"marijanca","Est. reading time":"1 minuta"},"schema":{"@context":"https:\/\/schema.org","@graph":[{"@type":"WebPage","@id":"https:\/\/www.osjenka.si\/ps-trstenik\/2022\/12\/02\/presernova-spominska-ura\/","url":"https:\/\/www.osjenka.si\/ps-trstenik\/2022\/12\/02\/presernova-spominska-ura\/","name":"Pre\u0161ernova spominska ura - P\u0160 Trstenik","isPartOf":{"@id":"https:\/\/www.osjenka.si\/ps-trstenik\/#website"},"datePublished":"2022-12-02T19:09:34+00:00","dateModified":"2022-12-02T19:11:33+00:00","author":{"@id":"https:\/\/www.osjenka.si\/ps-trstenik\/#\/schema\/person\/e994953e80ee06b3734632ceb1a36cbc"},"breadcrumb":{"@id":"https:\/\/www.osjenka.si\/ps-trstenik\/2022\/12\/02\/presernova-spominska-ura\/#breadcrumb"},"inLanguage":"sl-SI","potentialAction":[{"@type":"ReadAction","target":["https:\/\/www.osjenka.si\/ps-trstenik\/2022\/12\/02\/presernova-spominska-ura\/"]}]},{"@type":"BreadcrumbList","@id":"https:\/\/www.osjenka.si\/ps-trstenik\/2022\/12\/02\/presernova-spominska-ura\/#breadcrumb","itemListElement":[{"@type":"ListItem","position":1,"name":"Home","item":"https:\/\/www.osjenka.si\/ps-trstenik\/"},{"@type":"ListItem","position":2,"name":"Pre\u0161ernova spominska ura"}]},{"@type":"WebSite","@id":"https:\/\/www.osjenka.si\/ps-trstenik\/#website","url":"https:\/\/www.osjenka.si\/ps-trstenik\/","name":"P\u0160 Trstenik","description":"","potentialAction":[{"@type":"SearchAction","target":{"@type":"EntryPoint","urlTemplate":"https:\/\/www.osjenka.si\/ps-trstenik\/?s={search_term_string}"},"query-input":"required name=search_term_string"}],"inLanguage":"sl-SI"},{"@type":"Person","@id":"https:\/\/www.osjenka.si\/ps-trstenik\/#\/schema\/person\/e994953e80ee06b3734632ceb1a36cbc","name":"marijanca","image":{"@type":"ImageObject","inLanguage":"sl-SI","@id":"https:\/\/www.osjenka.si\/ps-trstenik\/#\/schema\/person\/image\/","url":"https:\/\/secure.gravatar.com\/avatar\/dbce7ac167ee71177f370bf0bb0bba3702fec9264452e7366493259d6187ae79?s=96&d=mm&r=g","contentUrl":"https:\/\/secure.gravatar.com\/avatar\/dbce7ac167ee71177f370bf0bb0bba3702fec9264452e7366493259d6187ae79?s=96&d=mm&r=g","caption":"marijanca"},"url":"https:\/\/www.osjenka.si\/ps-trstenik\/author\/marijanca\/"}]}},"_links":{"self":[{"href":"https:\/\/www.osjenka.si\/ps-trstenik\/wp-json\/wp\/v2\/posts\/2659","targetHints":{"allow":["GET"]}}],"collection":[{"href":"https:\/\/www.osjenka.si\/ps-trstenik\/wp-json\/wp\/v2\/posts"}],"about":[{"href":"https:\/\/www.osjenka.si\/ps-trstenik\/wp-json\/wp\/v2\/types\/post"}],"author":[{"embeddable":true,"href":"https:\/\/www.osjenka.si\/ps-trstenik\/wp-json\/wp\/v2\/users\/6"}],"replies":[{"embeddable":true,"href":"https:\/\/www.osjenka.si\/ps-trstenik\/wp-json\/wp\/v2\/comments?post=2659"}],"version-history":[{"count":1,"href":"https:\/\/www.osjenka.si\/ps-trstenik\/wp-json\/wp\/v2\/posts\/2659\/revisions"}],"predecessor-version":[{"id":2664,"href":"https:\/\/www.osjenka.si\/ps-trstenik\/wp-json\/wp\/v2\/posts\/2659\/revisions\/2664"}],"wp:featuredmedia":[{"embeddable":true,"href":"https:\/\/www.osjenka.si\/ps-trstenik\/wp-json\/wp\/v2\/media\/2663"}],"wp:attachment":[{"href":"https:\/\/www.osjenka.si\/ps-trstenik\/wp-json\/wp\/v2\/media?parent=2659"}],"wp:term":[{"taxonomy":"category","embeddable":true,"href":"https:\/\/www.osjenka.si\/ps-trstenik\/wp-json\/wp\/v2\/categories?post=2659"},{"taxonomy":"post_tag","embeddable":true,"href":"https:\/\/www.osjenka.si\/ps-trstenik\/wp-json\/wp\/v2\/tags?post=2659"}],"curies":[{"name":"wp","href":"https:\/\/api.w.org\/{rel}","templated":true}]}}