{"id":2788,"date":"2023-01-11T20:19:28","date_gmt":"2023-01-11T19:19:28","guid":{"rendered":"https:\/\/www.osjenka.si\/ps-trstenik\/?p=2788"},"modified":"2023-01-11T20:24:06","modified_gmt":"2023-01-11T19:24:06","slug":"prireditev-ob-dnevu-samostojnosti-in-enotnosti","status":"publish","type":"post","link":"https:\/\/www.osjenka.si\/ps-trstenik\/2023\/01\/11\/prireditev-ob-dnevu-samostojnosti-in-enotnosti\/","title":{"rendered":"Prireditev ob dnevu samostojnosti in enotnosti"},"content":{"rendered":"<div>V decembru smo na \u0161oli obele\u017eili dr\u017eavni praznik, ki smo ga praznovali 26. decembra, dan samostojnosti in enotnosti. Za u\u010dence smo pripravili prireditev, na kateri so pokazali svoje znanje o poznavanju slovenskih znamenitosti. Kviz &#8220;Ali poznam Slovenijo?&#8221; je vseboval veliko vpra\u0161anj in med njimi je bilo precej te\u017ekih. Kljub te\u017ekim vpra\u0161anjem pa so na\u0161i u\u010denci pokazali odli\u010dno znanje in u\u010diteljice smo ugotovile, da zelo dobro poznajo svojo dr\u017eavo.<\/div>\n<div><\/div>\n<div>Znate odgovoriti na spodnja vpra\u0161anja?<\/div>\n<div><img decoding=\"async\" class=\"lazyload aligncenter wp-image-2789 size-fusion-800\" src=\"https:\/\/www.osjenka.si\/ps-trstenik\/wp-content\/uploads\/sites\/3\/2023\/01\/fotka-1-800x449.jpg\" data-orig-src=\"https:\/\/www.osjenka.si\/ps-trstenik\/wp-content\/uploads\/sites\/3\/2023\/01\/fotka-1-800x449.jpg\" alt=\"\" width=\"800\" height=\"449\" srcset=\"data:image\/svg+xml,%3Csvg%20xmlns%3D%27http%3A%2F%2Fwww.w3.org%2F2000%2Fsvg%27%20width%3D%27800%27%20height%3D%27449%27%20viewBox%3D%270%200%20800%20449%27%3E%3Crect%20width%3D%27800%27%20height%3D%27449%27%20fill-opacity%3D%220%22%2F%3E%3C%2Fsvg%3E\" data-srcset=\"https:\/\/www.osjenka.si\/ps-trstenik\/wp-content\/uploads\/sites\/3\/2023\/01\/fotka-1-200x112.jpg 200w, https:\/\/www.osjenka.si\/ps-trstenik\/wp-content\/uploads\/sites\/3\/2023\/01\/fotka-1-300x168.jpg 300w, https:\/\/www.osjenka.si\/ps-trstenik\/wp-content\/uploads\/sites\/3\/2023\/01\/fotka-1-400x225.jpg 400w, https:\/\/www.osjenka.si\/ps-trstenik\/wp-content\/uploads\/sites\/3\/2023\/01\/fotka-1-600x337.jpg 600w, https:\/\/www.osjenka.si\/ps-trstenik\/wp-content\/uploads\/sites\/3\/2023\/01\/fotka-1-768x431.jpg 768w, https:\/\/www.osjenka.si\/ps-trstenik\/wp-content\/uploads\/sites\/3\/2023\/01\/fotka-1-800x449.jpg 800w, https:\/\/www.osjenka.si\/ps-trstenik\/wp-content\/uploads\/sites\/3\/2023\/01\/fotka-1-1024x575.jpg 1024w, https:\/\/www.osjenka.si\/ps-trstenik\/wp-content\/uploads\/sites\/3\/2023\/01\/fotka-1.jpg 1158w\" data-sizes=\"auto\" data-orig-sizes=\"(max-width: 800px) 100vw, 800px\" \/><\/div>\n<div><\/div>\n<div><\/div>\n<p>&nbsp;<\/p>\n<div>Re\u0161itve:<\/div>\n<div><img decoding=\"async\" class=\"lazyload aligncenter wp-image-2790 size-fusion-800\" src=\"https:\/\/www.osjenka.si\/ps-trstenik\/wp-content\/uploads\/sites\/3\/2023\/01\/fotka-2-800x451.jpg\" data-orig-src=\"https:\/\/www.osjenka.si\/ps-trstenik\/wp-content\/uploads\/sites\/3\/2023\/01\/fotka-2-800x451.jpg\" alt=\"\" width=\"800\" height=\"451\" srcset=\"data:image\/svg+xml,%3Csvg%20xmlns%3D%27http%3A%2F%2Fwww.w3.org%2F2000%2Fsvg%27%20width%3D%27800%27%20height%3D%27451%27%20viewBox%3D%270%200%20800%20451%27%3E%3Crect%20width%3D%27800%27%20height%3D%27451%27%20fill-opacity%3D%220%22%2F%3E%3C%2Fsvg%3E\" data-srcset=\"https:\/\/www.osjenka.si\/ps-trstenik\/wp-content\/uploads\/sites\/3\/2023\/01\/fotka-2-200x113.jpg 200w, https:\/\/www.osjenka.si\/ps-trstenik\/wp-content\/uploads\/sites\/3\/2023\/01\/fotka-2-300x169.jpg 300w, https:\/\/www.osjenka.si\/ps-trstenik\/wp-content\/uploads\/sites\/3\/2023\/01\/fotka-2-400x226.jpg 400w, https:\/\/www.osjenka.si\/ps-trstenik\/wp-content\/uploads\/sites\/3\/2023\/01\/fotka-2-600x338.jpg 600w, https:\/\/www.osjenka.si\/ps-trstenik\/wp-content\/uploads\/sites\/3\/2023\/01\/fotka-2-768x433.jpg 768w, https:\/\/www.osjenka.si\/ps-trstenik\/wp-content\/uploads\/sites\/3\/2023\/01\/fotka-2-800x451.jpg 800w, https:\/\/www.osjenka.si\/ps-trstenik\/wp-content\/uploads\/sites\/3\/2023\/01\/fotka-2-1024x577.jpg 1024w, https:\/\/www.osjenka.si\/ps-trstenik\/wp-content\/uploads\/sites\/3\/2023\/01\/fotka-2.jpg 1160w\" data-sizes=\"auto\" data-orig-sizes=\"(max-width: 800px) 100vw, 800px\" \/><\/div>\n<div><\/div>\n<div>Besedilo: Suzana Ke\u0161ina<\/div>\n<div><\/div>\n<p>&nbsp;<\/p>\n<div>Viri fotografij:<\/div>\n<div>https:\/\/twitter.com\/tatjanapirc\/status\/907719051841081344<\/div>\n<div>https:\/\/pixabay.com\/illustrations\/rainbow-question-mark-quiz-why-6022476\/<\/div>\n<div>https:\/\/sl.wikipedia.org\/wiki\/Grb_Slovenije#\/media\/Slika:Coat_of_arms_of_Slovenia.svg<\/div>\n<div>https:\/\/www.tnp.si\/en\/home-2\/about-the-park\/<\/div>\n<div>https:\/\/www.bohinj.si\/julijske-alpe\/<\/div>\n<div>https:\/\/siol.net\/novice\/slovenija\/mladici-cloveske-ribice-se-ze-razvijajo-468977<\/div>\n<div>https:\/\/sl.wikipedia.org\/wiki\/Kranjska_\u010cebela#\/media\/Slika:Carnica_bee_on_solidago.jp<\/div>\n<div>https:\/\/sl.m.wikipedia.org\/wiki\/Slika:Slovenska_zastava.JPG<\/div>\n","protected":false},"excerpt":{"rendered":"<p>V decembru smo na \u0161oli obele\u017eili dr\u017eavni praznik, ki smo ga praznovali 26. decembra, dan samostojnosti in enotnosti. Za u\u010dence smo pripravili prireditev, na kateri so pokazali svoje znanje o poznavanju slovenskih znamenitosti. Kviz &#8220;Ali poznam Slovenijo?&#8221; je vseboval veliko vpra\u0161anj in med njimi je bilo precej te\u017ekih. Kljub te\u017ekim vpra\u0161anjem pa so na\u0161i u\u010denci pokazali odli\u010dno znanje in u\u010diteljice smo ugotovile, da zelo dobro poznajo svojo dr\u017eavo. Znate odgovoriti na spodnja vpra\u0161anja? &nbsp; Re\u0161itve: Besedilo: Suzana Ke\u0161ina &nbsp; Viri fotografij: https:\/\/twitter.com\/tatjanapirc\/status\/907719051841081344 https:\/\/pixabay.com\/illustrations\/rainbow-question-mark-quiz-why-6022476\/ https:\/\/sl.wikipedia.org\/wiki\/Grb_Slovenije#\/media\/Slika:Coat_of_arms_of_Slovenia.svg https:\/\/www.tnp.si\/en\/home-2\/about-the-park\/ https:\/\/www.bohinj.si\/julijske-alpe\/ https:\/\/siol.net\/novice\/slovenija\/mladici-cloveske-ribice-se-ze-razvijajo-468977 https:\/\/sl.wikipedia.org\/wiki\/Kranjska_\u010cebela#\/media\/Slika:Carnica_bee_on_solidago.jp https:\/\/sl.m.wikipedia.org\/wiki\/Slika:Slovenska_zastava.JPG<\/p>\n","protected":false},"author":6,"featured_media":2793,"comment_status":"open","ping_status":"open","sticky":false,"template":"","format":"standard","meta":{"footnotes":""},"categories":[28],"tags":[],"class_list":["post-2788","post","type-post","status-publish","format-standard","has-post-thumbnail","hentry","category-novice"],"yoast_head":"<!-- This site is optimized with the Yoast SEO plugin v19.11 - https:\/\/yoast.com\/wordpress\/plugins\/seo\/ -->\n<title>Prireditev ob dnevu samostojnosti in enotnosti - P\u0160 Trstenik<\/title>\n<meta name=\"robots\" content=\"index, follow, max-snippet:-1, max-image-preview:large, max-video-preview:-1\" \/>\n<link rel=\"canonical\" href=\"https:\/\/www.osjenka.si\/ps-trstenik\/2023\/01\/11\/prireditev-ob-dnevu-samostojnosti-in-enotnosti\/\" \/>\n<meta property=\"og:locale\" content=\"sl_SI\" \/>\n<meta property=\"og:type\" content=\"article\" \/>\n<meta property=\"og:title\" content=\"Prireditev ob dnevu samostojnosti in enotnosti - P\u0160 Trstenik\" \/>\n<meta property=\"og:description\" content=\"V decembru smo na \u0161oli obele\u017eili dr\u017eavni praznik, ki smo ga praznovali 26. decembra, dan samostojnosti in enotnosti. Za u\u010dence smo pripravili prireditev, na kateri so pokazali svoje znanje o poznavanju slovenskih znamenitosti. Kviz &#8220;Ali poznam Slovenijo?&#8221; je vseboval veliko vpra\u0161anj in med njimi je bilo precej te\u017ekih. Kljub te\u017ekim vpra\u0161anjem pa so na\u0161i u\u010denci pokazali odli\u010dno znanje in u\u010diteljice smo ugotovile, da zelo dobro poznajo svojo dr\u017eavo. Znate odgovoriti na spodnja vpra\u0161anja? &nbsp; Re\u0161itve: Besedilo: Suzana Ke\u0161ina &nbsp; Viri fotografij: https:\/\/twitter.com\/tatjanapirc\/status\/907719051841081344 https:\/\/pixabay.com\/illustrations\/rainbow-question-mark-quiz-why-6022476\/ https:\/\/sl.wikipedia.org\/wiki\/Grb_Slovenije#\/media\/Slika:Coat_of_arms_of_Slovenia.svg https:\/\/www.tnp.si\/en\/home-2\/about-the-park\/ https:\/\/www.bohinj.si\/julijske-alpe\/ https:\/\/siol.net\/novice\/slovenija\/mladici-cloveske-ribice-se-ze-razvijajo-468977 https:\/\/sl.wikipedia.org\/wiki\/Kranjska_\u010cebela#\/media\/Slika:Carnica_bee_on_solidago.jp https:\/\/sl.m.wikipedia.org\/wiki\/Slika:Slovenska_zastava.JPG\" \/>\n<meta property=\"og:url\" content=\"https:\/\/www.osjenka.si\/ps-trstenik\/2023\/01\/11\/prireditev-ob-dnevu-samostojnosti-in-enotnosti\/\" \/>\n<meta property=\"og:site_name\" content=\"P\u0160 Trstenik\" \/>\n<meta property=\"article:published_time\" content=\"2023-01-11T19:19:28+00:00\" \/>\n<meta property=\"article:modified_time\" content=\"2023-01-11T19:24:06+00:00\" \/>\n<meta property=\"og:image\" content=\"https:\/\/www.osjenka.si\/ps-trstenik\/wp-content\/uploads\/sites\/3\/2023\/01\/800px-Slovenska_zastava.jpeg\" \/>\n\t<meta property=\"og:image:width\" content=\"800\" \/>\n\t<meta property=\"og:image:height\" content=\"531\" \/>\n\t<meta property=\"og:image:type\" content=\"image\/jpeg\" \/>\n<meta name=\"author\" content=\"marijanca\" \/>\n<meta name=\"twitter:card\" content=\"summary_large_image\" \/>\n<meta name=\"twitter:label1\" content=\"Written by\" \/>\n\t<meta name=\"twitter:data1\" content=\"marijanca\" \/>\n\t<meta name=\"twitter:label2\" content=\"Est. reading time\" \/>\n\t<meta name=\"twitter:data2\" content=\"1 minuta\" \/>\n<script type=\"application\/ld+json\" class=\"yoast-schema-graph\">{\"@context\":\"https:\/\/schema.org\",\"@graph\":[{\"@type\":\"WebPage\",\"@id\":\"https:\/\/www.osjenka.si\/ps-trstenik\/2023\/01\/11\/prireditev-ob-dnevu-samostojnosti-in-enotnosti\/\",\"url\":\"https:\/\/www.osjenka.si\/ps-trstenik\/2023\/01\/11\/prireditev-ob-dnevu-samostojnosti-in-enotnosti\/\",\"name\":\"Prireditev ob dnevu samostojnosti in enotnosti - P\u0160 Trstenik\",\"isPartOf\":{\"@id\":\"https:\/\/www.osjenka.si\/ps-trstenik\/#website\"},\"datePublished\":\"2023-01-11T19:19:28+00:00\",\"dateModified\":\"2023-01-11T19:24:06+00:00\",\"author\":{\"@id\":\"https:\/\/www.osjenka.si\/ps-trstenik\/#\/schema\/person\/e994953e80ee06b3734632ceb1a36cbc\"},\"breadcrumb\":{\"@id\":\"https:\/\/www.osjenka.si\/ps-trstenik\/2023\/01\/11\/prireditev-ob-dnevu-samostojnosti-in-enotnosti\/#breadcrumb\"},\"inLanguage\":\"sl-SI\",\"potentialAction\":[{\"@type\":\"ReadAction\",\"target\":[\"https:\/\/www.osjenka.si\/ps-trstenik\/2023\/01\/11\/prireditev-ob-dnevu-samostojnosti-in-enotnosti\/\"]}]},{\"@type\":\"BreadcrumbList\",\"@id\":\"https:\/\/www.osjenka.si\/ps-trstenik\/2023\/01\/11\/prireditev-ob-dnevu-samostojnosti-in-enotnosti\/#breadcrumb\",\"itemListElement\":[{\"@type\":\"ListItem\",\"position\":1,\"name\":\"Home\",\"item\":\"https:\/\/www.osjenka.si\/ps-trstenik\/\"},{\"@type\":\"ListItem\",\"position\":2,\"name\":\"Prireditev ob dnevu samostojnosti in enotnosti\"}]},{\"@type\":\"WebSite\",\"@id\":\"https:\/\/www.osjenka.si\/ps-trstenik\/#website\",\"url\":\"https:\/\/www.osjenka.si\/ps-trstenik\/\",\"name\":\"P\u0160 Trstenik\",\"description\":\"\",\"potentialAction\":[{\"@type\":\"SearchAction\",\"target\":{\"@type\":\"EntryPoint\",\"urlTemplate\":\"https:\/\/www.osjenka.si\/ps-trstenik\/?s={search_term_string}\"},\"query-input\":\"required name=search_term_string\"}],\"inLanguage\":\"sl-SI\"},{\"@type\":\"Person\",\"@id\":\"https:\/\/www.osjenka.si\/ps-trstenik\/#\/schema\/person\/e994953e80ee06b3734632ceb1a36cbc\",\"name\":\"marijanca\",\"image\":{\"@type\":\"ImageObject\",\"inLanguage\":\"sl-SI\",\"@id\":\"https:\/\/www.osjenka.si\/ps-trstenik\/#\/schema\/person\/image\/\",\"url\":\"https:\/\/secure.gravatar.com\/avatar\/dbce7ac167ee71177f370bf0bb0bba3702fec9264452e7366493259d6187ae79?s=96&d=mm&r=g\",\"contentUrl\":\"https:\/\/secure.gravatar.com\/avatar\/dbce7ac167ee71177f370bf0bb0bba3702fec9264452e7366493259d6187ae79?s=96&d=mm&r=g\",\"caption\":\"marijanca\"},\"url\":\"https:\/\/www.osjenka.si\/ps-trstenik\/author\/marijanca\/\"}]}<\/script>\n<!-- \/ Yoast SEO plugin. -->","yoast_head_json":{"title":"Prireditev ob dnevu samostojnosti in enotnosti - P\u0160 Trstenik","robots":{"index":"index","follow":"follow","max-snippet":"max-snippet:-1","max-image-preview":"max-image-preview:large","max-video-preview":"max-video-preview:-1"},"canonical":"https:\/\/www.osjenka.si\/ps-trstenik\/2023\/01\/11\/prireditev-ob-dnevu-samostojnosti-in-enotnosti\/","og_locale":"sl_SI","og_type":"article","og_title":"Prireditev ob dnevu samostojnosti in enotnosti - P\u0160 Trstenik","og_description":"V decembru smo na \u0161oli obele\u017eili dr\u017eavni praznik, ki smo ga praznovali 26. decembra, dan samostojnosti in enotnosti. Za u\u010dence smo pripravili prireditev, na kateri so pokazali svoje znanje o poznavanju slovenskih znamenitosti. Kviz &#8220;Ali poznam Slovenijo?&#8221; je vseboval veliko vpra\u0161anj in med njimi je bilo precej te\u017ekih. Kljub te\u017ekim vpra\u0161anjem pa so na\u0161i u\u010denci pokazali odli\u010dno znanje in u\u010diteljice smo ugotovile, da zelo dobro poznajo svojo dr\u017eavo. Znate odgovoriti na spodnja vpra\u0161anja? &nbsp; Re\u0161itve: Besedilo: Suzana Ke\u0161ina &nbsp; Viri fotografij: https:\/\/twitter.com\/tatjanapirc\/status\/907719051841081344 https:\/\/pixabay.com\/illustrations\/rainbow-question-mark-quiz-why-6022476\/ https:\/\/sl.wikipedia.org\/wiki\/Grb_Slovenije#\/media\/Slika:Coat_of_arms_of_Slovenia.svg https:\/\/www.tnp.si\/en\/home-2\/about-the-park\/ https:\/\/www.bohinj.si\/julijske-alpe\/ https:\/\/siol.net\/novice\/slovenija\/mladici-cloveske-ribice-se-ze-razvijajo-468977 https:\/\/sl.wikipedia.org\/wiki\/Kranjska_\u010cebela#\/media\/Slika:Carnica_bee_on_solidago.jp https:\/\/sl.m.wikipedia.org\/wiki\/Slika:Slovenska_zastava.JPG","og_url":"https:\/\/www.osjenka.si\/ps-trstenik\/2023\/01\/11\/prireditev-ob-dnevu-samostojnosti-in-enotnosti\/","og_site_name":"P\u0160 Trstenik","article_published_time":"2023-01-11T19:19:28+00:00","article_modified_time":"2023-01-11T19:24:06+00:00","og_image":[{"width":800,"height":531,"url":"https:\/\/www.osjenka.si\/ps-trstenik\/wp-content\/uploads\/sites\/3\/2023\/01\/800px-Slovenska_zastava.jpeg","type":"image\/jpeg"}],"author":"marijanca","twitter_card":"summary_large_image","twitter_misc":{"Written by":"marijanca","Est. reading time":"1 minuta"},"schema":{"@context":"https:\/\/schema.org","@graph":[{"@type":"WebPage","@id":"https:\/\/www.osjenka.si\/ps-trstenik\/2023\/01\/11\/prireditev-ob-dnevu-samostojnosti-in-enotnosti\/","url":"https:\/\/www.osjenka.si\/ps-trstenik\/2023\/01\/11\/prireditev-ob-dnevu-samostojnosti-in-enotnosti\/","name":"Prireditev ob dnevu samostojnosti in enotnosti - P\u0160 Trstenik","isPartOf":{"@id":"https:\/\/www.osjenka.si\/ps-trstenik\/#website"},"datePublished":"2023-01-11T19:19:28+00:00","dateModified":"2023-01-11T19:24:06+00:00","author":{"@id":"https:\/\/www.osjenka.si\/ps-trstenik\/#\/schema\/person\/e994953e80ee06b3734632ceb1a36cbc"},"breadcrumb":{"@id":"https:\/\/www.osjenka.si\/ps-trstenik\/2023\/01\/11\/prireditev-ob-dnevu-samostojnosti-in-enotnosti\/#breadcrumb"},"inLanguage":"sl-SI","potentialAction":[{"@type":"ReadAction","target":["https:\/\/www.osjenka.si\/ps-trstenik\/2023\/01\/11\/prireditev-ob-dnevu-samostojnosti-in-enotnosti\/"]}]},{"@type":"BreadcrumbList","@id":"https:\/\/www.osjenka.si\/ps-trstenik\/2023\/01\/11\/prireditev-ob-dnevu-samostojnosti-in-enotnosti\/#breadcrumb","itemListElement":[{"@type":"ListItem","position":1,"name":"Home","item":"https:\/\/www.osjenka.si\/ps-trstenik\/"},{"@type":"ListItem","position":2,"name":"Prireditev ob dnevu samostojnosti in enotnosti"}]},{"@type":"WebSite","@id":"https:\/\/www.osjenka.si\/ps-trstenik\/#website","url":"https:\/\/www.osjenka.si\/ps-trstenik\/","name":"P\u0160 Trstenik","description":"","potentialAction":[{"@type":"SearchAction","target":{"@type":"EntryPoint","urlTemplate":"https:\/\/www.osjenka.si\/ps-trstenik\/?s={search_term_string}"},"query-input":"required name=search_term_string"}],"inLanguage":"sl-SI"},{"@type":"Person","@id":"https:\/\/www.osjenka.si\/ps-trstenik\/#\/schema\/person\/e994953e80ee06b3734632ceb1a36cbc","name":"marijanca","image":{"@type":"ImageObject","inLanguage":"sl-SI","@id":"https:\/\/www.osjenka.si\/ps-trstenik\/#\/schema\/person\/image\/","url":"https:\/\/secure.gravatar.com\/avatar\/dbce7ac167ee71177f370bf0bb0bba3702fec9264452e7366493259d6187ae79?s=96&d=mm&r=g","contentUrl":"https:\/\/secure.gravatar.com\/avatar\/dbce7ac167ee71177f370bf0bb0bba3702fec9264452e7366493259d6187ae79?s=96&d=mm&r=g","caption":"marijanca"},"url":"https:\/\/www.osjenka.si\/ps-trstenik\/author\/marijanca\/"}]}},"_links":{"self":[{"href":"https:\/\/www.osjenka.si\/ps-trstenik\/wp-json\/wp\/v2\/posts\/2788","targetHints":{"allow":["GET"]}}],"collection":[{"href":"https:\/\/www.osjenka.si\/ps-trstenik\/wp-json\/wp\/v2\/posts"}],"about":[{"href":"https:\/\/www.osjenka.si\/ps-trstenik\/wp-json\/wp\/v2\/types\/post"}],"author":[{"embeddable":true,"href":"https:\/\/www.osjenka.si\/ps-trstenik\/wp-json\/wp\/v2\/users\/6"}],"replies":[{"embeddable":true,"href":"https:\/\/www.osjenka.si\/ps-trstenik\/wp-json\/wp\/v2\/comments?post=2788"}],"version-history":[{"count":4,"href":"https:\/\/www.osjenka.si\/ps-trstenik\/wp-json\/wp\/v2\/posts\/2788\/revisions"}],"predecessor-version":[{"id":2795,"href":"https:\/\/www.osjenka.si\/ps-trstenik\/wp-json\/wp\/v2\/posts\/2788\/revisions\/2795"}],"wp:featuredmedia":[{"embeddable":true,"href":"https:\/\/www.osjenka.si\/ps-trstenik\/wp-json\/wp\/v2\/media\/2793"}],"wp:attachment":[{"href":"https:\/\/www.osjenka.si\/ps-trstenik\/wp-json\/wp\/v2\/media?parent=2788"}],"wp:term":[{"taxonomy":"category","embeddable":true,"href":"https:\/\/www.osjenka.si\/ps-trstenik\/wp-json\/wp\/v2\/categories?post=2788"},{"taxonomy":"post_tag","embeddable":true,"href":"https:\/\/www.osjenka.si\/ps-trstenik\/wp-json\/wp\/v2\/tags?post=2788"}],"curies":[{"name":"wp","href":"https:\/\/api.w.org\/{rel}","templated":true}]}}