{"id":3021,"date":"2023-04-13T16:41:43","date_gmt":"2023-04-13T14:41:43","guid":{"rendered":"https:\/\/www.osjenka.si\/ps-trstenik\/?p=3021"},"modified":"2023-04-13T16:41:43","modified_gmt":"2023-04-13T14:41:43","slug":"zbiranje-zamaskov-za-luka","status":"publish","type":"post","link":"https:\/\/www.osjenka.si\/ps-trstenik\/2023\/04\/13\/zbiranje-zamaskov-za-luka\/","title":{"rendered":"Zbiranje zama\u0161kov za Luka"},"content":{"rendered":"<p>Na P\u0160 Trstenik smo od februarja do aprila pridno zbirali zama\u0161ke. V ta namen so u\u010denci 1. in 2. razreda OPB iz odpadnega materiala izdelali smetnjak z imenom Zama\u0161konjam.<\/p>\n<p>Zama\u0161ke smo zbirali za Luka, ki je hudo bolan in za svoje zdravljenje potrebuje veliko terapij, te pa so pla\u010dljive.<\/p>\n<p>Gospa Metka Topori\u0161 je v sredo, 12. 4., odpeljala zama\u0161ke na zbirno mesto in nam poslala zahvalo:<\/p>\n<p><strong><em>Hvala O\u0160 Simona Jenka, P\u0160 Trstenik, za pridno zbiranje zama\u0161kov za Luka in dobre misli u\u010dencev in u\u010diteljev<\/em><\/strong><strong><em>.<\/em><\/strong><\/p>\n<p><img decoding=\"async\" class=\"lazyload aligncenter size-fusion-600 wp-image-3022\" src=\"https:\/\/www.osjenka.si\/ps-trstenik\/wp-content\/uploads\/sites\/3\/2023\/04\/zamaski-600x450.jpg\" data-orig-src=\"https:\/\/www.osjenka.si\/ps-trstenik\/wp-content\/uploads\/sites\/3\/2023\/04\/zamaski-600x450.jpg\" alt=\"\" width=\"600\" height=\"450\" srcset=\"data:image\/svg+xml,%3Csvg%20xmlns%3D%27http%3A%2F%2Fwww.w3.org%2F2000%2Fsvg%27%20width%3D%27600%27%20height%3D%27450%27%20viewBox%3D%270%200%20600%20450%27%3E%3Crect%20width%3D%27600%27%20height%3D%27450%27%20fill-opacity%3D%220%22%2F%3E%3C%2Fsvg%3E\" data-srcset=\"https:\/\/www.osjenka.si\/ps-trstenik\/wp-content\/uploads\/sites\/3\/2023\/04\/zamaski-200x150.jpg 200w, https:\/\/www.osjenka.si\/ps-trstenik\/wp-content\/uploads\/sites\/3\/2023\/04\/zamaski-300x225.jpg 300w, https:\/\/www.osjenka.si\/ps-trstenik\/wp-content\/uploads\/sites\/3\/2023\/04\/zamaski-400x300.jpg 400w, https:\/\/www.osjenka.si\/ps-trstenik\/wp-content\/uploads\/sites\/3\/2023\/04\/zamaski-600x450.jpg 600w, https:\/\/www.osjenka.si\/ps-trstenik\/wp-content\/uploads\/sites\/3\/2023\/04\/zamaski-768x576.jpg 768w, https:\/\/www.osjenka.si\/ps-trstenik\/wp-content\/uploads\/sites\/3\/2023\/04\/zamaski-800x600.jpg 800w, https:\/\/www.osjenka.si\/ps-trstenik\/wp-content\/uploads\/sites\/3\/2023\/04\/zamaski-1024x768.jpg 1024w, https:\/\/www.osjenka.si\/ps-trstenik\/wp-content\/uploads\/sites\/3\/2023\/04\/zamaski-1200x900.jpg 1200w, https:\/\/www.osjenka.si\/ps-trstenik\/wp-content\/uploads\/sites\/3\/2023\/04\/zamaski-1536x1152.jpg 1536w\" data-sizes=\"auto\" data-orig-sizes=\"(max-width: 600px) 100vw, 600px\" \/><\/p>\n","protected":false},"excerpt":{"rendered":"<p>Na P\u0160 Trstenik smo od februarja do aprila pridno zbirali zama\u0161ke. V ta namen so u\u010denci 1. in 2. razreda OPB iz odpadnega materiala izdelali smetnjak z imenom Zama\u0161konjam. Zama\u0161ke smo zbirali za Luka, ki je hudo bolan in za svoje zdravljenje potrebuje veliko terapij, te pa so pla\u010dljive. Gospa Metka Topori\u0161 je v sredo, 12. 4., odpeljala zama\u0161ke na zbirno mesto in nam poslala zahvalo: Hvala O\u0160 Simona Jenka, P\u0160 Trstenik, za pridno zbiranje zama\u0161kov za Luka in dobre misli u\u010dencev in u\u010diteljev.<\/p>\n","protected":false},"author":6,"featured_media":3022,"comment_status":"open","ping_status":"open","sticky":false,"template":"","format":"standard","meta":{"footnotes":""},"categories":[28],"tags":[],"class_list":["post-3021","post","type-post","status-publish","format-standard","has-post-thumbnail","hentry","category-novice"],"yoast_head":"<!-- This site is optimized with the Yoast SEO plugin v19.11 - https:\/\/yoast.com\/wordpress\/plugins\/seo\/ -->\n<title>Zbiranje zama\u0161kov za Luka - P\u0160 Trstenik<\/title>\n<meta name=\"robots\" content=\"index, follow, max-snippet:-1, max-image-preview:large, max-video-preview:-1\" \/>\n<link rel=\"canonical\" href=\"https:\/\/www.osjenka.si\/ps-trstenik\/2023\/04\/13\/zbiranje-zamaskov-za-luka\/\" \/>\n<meta property=\"og:locale\" content=\"sl_SI\" \/>\n<meta property=\"og:type\" content=\"article\" \/>\n<meta property=\"og:title\" content=\"Zbiranje zama\u0161kov za Luka - P\u0160 Trstenik\" \/>\n<meta property=\"og:description\" content=\"Na P\u0160 Trstenik smo od februarja do aprila pridno zbirali zama\u0161ke. V ta namen so u\u010denci 1. in 2. razreda OPB iz odpadnega materiala izdelali smetnjak z imenom Zama\u0161konjam. Zama\u0161ke smo zbirali za Luka, ki je hudo bolan in za svoje zdravljenje potrebuje veliko terapij, te pa so pla\u010dljive. Gospa Metka Topori\u0161 je v sredo, 12. 4., odpeljala zama\u0161ke na zbirno mesto in nam poslala zahvalo: Hvala O\u0160 Simona Jenka, P\u0160 Trstenik, za pridno zbiranje zama\u0161kov za Luka in dobre misli u\u010dencev in u\u010diteljev.\" \/>\n<meta property=\"og:url\" content=\"https:\/\/www.osjenka.si\/ps-trstenik\/2023\/04\/13\/zbiranje-zamaskov-za-luka\/\" \/>\n<meta property=\"og:site_name\" content=\"P\u0160 Trstenik\" \/>\n<meta property=\"article:published_time\" content=\"2023-04-13T14:41:43+00:00\" \/>\n<meta property=\"og:image\" content=\"https:\/\/www.osjenka.si\/ps-trstenik\/wp-content\/uploads\/sites\/3\/2023\/04\/zamaski.jpg\" \/>\n\t<meta property=\"og:image:width\" content=\"2048\" \/>\n\t<meta property=\"og:image:height\" content=\"1536\" \/>\n\t<meta property=\"og:image:type\" content=\"image\/jpeg\" \/>\n<meta name=\"author\" content=\"marijanca\" \/>\n<meta name=\"twitter:card\" content=\"summary_large_image\" \/>\n<meta name=\"twitter:label1\" content=\"Written by\" \/>\n\t<meta name=\"twitter:data1\" content=\"marijanca\" \/>\n\t<meta name=\"twitter:label2\" content=\"Est. reading time\" \/>\n\t<meta name=\"twitter:data2\" content=\"1 minuta\" \/>\n<script type=\"application\/ld+json\" class=\"yoast-schema-graph\">{\"@context\":\"https:\/\/schema.org\",\"@graph\":[{\"@type\":\"WebPage\",\"@id\":\"https:\/\/www.osjenka.si\/ps-trstenik\/2023\/04\/13\/zbiranje-zamaskov-za-luka\/\",\"url\":\"https:\/\/www.osjenka.si\/ps-trstenik\/2023\/04\/13\/zbiranje-zamaskov-za-luka\/\",\"name\":\"Zbiranje zama\u0161kov za Luka - P\u0160 Trstenik\",\"isPartOf\":{\"@id\":\"https:\/\/www.osjenka.si\/ps-trstenik\/#website\"},\"datePublished\":\"2023-04-13T14:41:43+00:00\",\"dateModified\":\"2023-04-13T14:41:43+00:00\",\"author\":{\"@id\":\"https:\/\/www.osjenka.si\/ps-trstenik\/#\/schema\/person\/e994953e80ee06b3734632ceb1a36cbc\"},\"breadcrumb\":{\"@id\":\"https:\/\/www.osjenka.si\/ps-trstenik\/2023\/04\/13\/zbiranje-zamaskov-za-luka\/#breadcrumb\"},\"inLanguage\":\"sl-SI\",\"potentialAction\":[{\"@type\":\"ReadAction\",\"target\":[\"https:\/\/www.osjenka.si\/ps-trstenik\/2023\/04\/13\/zbiranje-zamaskov-za-luka\/\"]}]},{\"@type\":\"BreadcrumbList\",\"@id\":\"https:\/\/www.osjenka.si\/ps-trstenik\/2023\/04\/13\/zbiranje-zamaskov-za-luka\/#breadcrumb\",\"itemListElement\":[{\"@type\":\"ListItem\",\"position\":1,\"name\":\"Home\",\"item\":\"https:\/\/www.osjenka.si\/ps-trstenik\/\"},{\"@type\":\"ListItem\",\"position\":2,\"name\":\"Zbiranje zama\u0161kov za Luka\"}]},{\"@type\":\"WebSite\",\"@id\":\"https:\/\/www.osjenka.si\/ps-trstenik\/#website\",\"url\":\"https:\/\/www.osjenka.si\/ps-trstenik\/\",\"name\":\"P\u0160 Trstenik\",\"description\":\"\",\"potentialAction\":[{\"@type\":\"SearchAction\",\"target\":{\"@type\":\"EntryPoint\",\"urlTemplate\":\"https:\/\/www.osjenka.si\/ps-trstenik\/?s={search_term_string}\"},\"query-input\":\"required name=search_term_string\"}],\"inLanguage\":\"sl-SI\"},{\"@type\":\"Person\",\"@id\":\"https:\/\/www.osjenka.si\/ps-trstenik\/#\/schema\/person\/e994953e80ee06b3734632ceb1a36cbc\",\"name\":\"marijanca\",\"image\":{\"@type\":\"ImageObject\",\"inLanguage\":\"sl-SI\",\"@id\":\"https:\/\/www.osjenka.si\/ps-trstenik\/#\/schema\/person\/image\/\",\"url\":\"https:\/\/secure.gravatar.com\/avatar\/dbce7ac167ee71177f370bf0bb0bba3702fec9264452e7366493259d6187ae79?s=96&d=mm&r=g\",\"contentUrl\":\"https:\/\/secure.gravatar.com\/avatar\/dbce7ac167ee71177f370bf0bb0bba3702fec9264452e7366493259d6187ae79?s=96&d=mm&r=g\",\"caption\":\"marijanca\"},\"url\":\"https:\/\/www.osjenka.si\/ps-trstenik\/author\/marijanca\/\"}]}<\/script>\n<!-- \/ Yoast SEO plugin. -->","yoast_head_json":{"title":"Zbiranje zama\u0161kov za Luka - P\u0160 Trstenik","robots":{"index":"index","follow":"follow","max-snippet":"max-snippet:-1","max-image-preview":"max-image-preview:large","max-video-preview":"max-video-preview:-1"},"canonical":"https:\/\/www.osjenka.si\/ps-trstenik\/2023\/04\/13\/zbiranje-zamaskov-za-luka\/","og_locale":"sl_SI","og_type":"article","og_title":"Zbiranje zama\u0161kov za Luka - P\u0160 Trstenik","og_description":"Na P\u0160 Trstenik smo od februarja do aprila pridno zbirali zama\u0161ke. V ta namen so u\u010denci 1. in 2. razreda OPB iz odpadnega materiala izdelali smetnjak z imenom Zama\u0161konjam. Zama\u0161ke smo zbirali za Luka, ki je hudo bolan in za svoje zdravljenje potrebuje veliko terapij, te pa so pla\u010dljive. Gospa Metka Topori\u0161 je v sredo, 12. 4., odpeljala zama\u0161ke na zbirno mesto in nam poslala zahvalo: Hvala O\u0160 Simona Jenka, P\u0160 Trstenik, za pridno zbiranje zama\u0161kov za Luka in dobre misli u\u010dencev in u\u010diteljev.","og_url":"https:\/\/www.osjenka.si\/ps-trstenik\/2023\/04\/13\/zbiranje-zamaskov-za-luka\/","og_site_name":"P\u0160 Trstenik","article_published_time":"2023-04-13T14:41:43+00:00","og_image":[{"width":2048,"height":1536,"url":"https:\/\/www.osjenka.si\/ps-trstenik\/wp-content\/uploads\/sites\/3\/2023\/04\/zamaski.jpg","type":"image\/jpeg"}],"author":"marijanca","twitter_card":"summary_large_image","twitter_misc":{"Written by":"marijanca","Est. reading time":"1 minuta"},"schema":{"@context":"https:\/\/schema.org","@graph":[{"@type":"WebPage","@id":"https:\/\/www.osjenka.si\/ps-trstenik\/2023\/04\/13\/zbiranje-zamaskov-za-luka\/","url":"https:\/\/www.osjenka.si\/ps-trstenik\/2023\/04\/13\/zbiranje-zamaskov-za-luka\/","name":"Zbiranje zama\u0161kov za Luka - P\u0160 Trstenik","isPartOf":{"@id":"https:\/\/www.osjenka.si\/ps-trstenik\/#website"},"datePublished":"2023-04-13T14:41:43+00:00","dateModified":"2023-04-13T14:41:43+00:00","author":{"@id":"https:\/\/www.osjenka.si\/ps-trstenik\/#\/schema\/person\/e994953e80ee06b3734632ceb1a36cbc"},"breadcrumb":{"@id":"https:\/\/www.osjenka.si\/ps-trstenik\/2023\/04\/13\/zbiranje-zamaskov-za-luka\/#breadcrumb"},"inLanguage":"sl-SI","potentialAction":[{"@type":"ReadAction","target":["https:\/\/www.osjenka.si\/ps-trstenik\/2023\/04\/13\/zbiranje-zamaskov-za-luka\/"]}]},{"@type":"BreadcrumbList","@id":"https:\/\/www.osjenka.si\/ps-trstenik\/2023\/04\/13\/zbiranje-zamaskov-za-luka\/#breadcrumb","itemListElement":[{"@type":"ListItem","position":1,"name":"Home","item":"https:\/\/www.osjenka.si\/ps-trstenik\/"},{"@type":"ListItem","position":2,"name":"Zbiranje zama\u0161kov za Luka"}]},{"@type":"WebSite","@id":"https:\/\/www.osjenka.si\/ps-trstenik\/#website","url":"https:\/\/www.osjenka.si\/ps-trstenik\/","name":"P\u0160 Trstenik","description":"","potentialAction":[{"@type":"SearchAction","target":{"@type":"EntryPoint","urlTemplate":"https:\/\/www.osjenka.si\/ps-trstenik\/?s={search_term_string}"},"query-input":"required name=search_term_string"}],"inLanguage":"sl-SI"},{"@type":"Person","@id":"https:\/\/www.osjenka.si\/ps-trstenik\/#\/schema\/person\/e994953e80ee06b3734632ceb1a36cbc","name":"marijanca","image":{"@type":"ImageObject","inLanguage":"sl-SI","@id":"https:\/\/www.osjenka.si\/ps-trstenik\/#\/schema\/person\/image\/","url":"https:\/\/secure.gravatar.com\/avatar\/dbce7ac167ee71177f370bf0bb0bba3702fec9264452e7366493259d6187ae79?s=96&d=mm&r=g","contentUrl":"https:\/\/secure.gravatar.com\/avatar\/dbce7ac167ee71177f370bf0bb0bba3702fec9264452e7366493259d6187ae79?s=96&d=mm&r=g","caption":"marijanca"},"url":"https:\/\/www.osjenka.si\/ps-trstenik\/author\/marijanca\/"}]}},"_links":{"self":[{"href":"https:\/\/www.osjenka.si\/ps-trstenik\/wp-json\/wp\/v2\/posts\/3021","targetHints":{"allow":["GET"]}}],"collection":[{"href":"https:\/\/www.osjenka.si\/ps-trstenik\/wp-json\/wp\/v2\/posts"}],"about":[{"href":"https:\/\/www.osjenka.si\/ps-trstenik\/wp-json\/wp\/v2\/types\/post"}],"author":[{"embeddable":true,"href":"https:\/\/www.osjenka.si\/ps-trstenik\/wp-json\/wp\/v2\/users\/6"}],"replies":[{"embeddable":true,"href":"https:\/\/www.osjenka.si\/ps-trstenik\/wp-json\/wp\/v2\/comments?post=3021"}],"version-history":[{"count":1,"href":"https:\/\/www.osjenka.si\/ps-trstenik\/wp-json\/wp\/v2\/posts\/3021\/revisions"}],"predecessor-version":[{"id":3023,"href":"https:\/\/www.osjenka.si\/ps-trstenik\/wp-json\/wp\/v2\/posts\/3021\/revisions\/3023"}],"wp:featuredmedia":[{"embeddable":true,"href":"https:\/\/www.osjenka.si\/ps-trstenik\/wp-json\/wp\/v2\/media\/3022"}],"wp:attachment":[{"href":"https:\/\/www.osjenka.si\/ps-trstenik\/wp-json\/wp\/v2\/media?parent=3021"}],"wp:term":[{"taxonomy":"category","embeddable":true,"href":"https:\/\/www.osjenka.si\/ps-trstenik\/wp-json\/wp\/v2\/categories?post=3021"},{"taxonomy":"post_tag","embeddable":true,"href":"https:\/\/www.osjenka.si\/ps-trstenik\/wp-json\/wp\/v2\/tags?post=3021"}],"curies":[{"name":"wp","href":"https:\/\/api.w.org\/{rel}","templated":true}]}}