{"id":3192,"date":"2023-06-15T17:24:52","date_gmt":"2023-06-15T15:24:52","guid":{"rendered":"https:\/\/www.osjenka.si\/ps-trstenik\/?p=3192"},"modified":"2023-06-15T17:26:40","modified_gmt":"2023-06-15T15:26:40","slug":"teden-vsezivljenjskega-ucenja-12-16-6-2023","status":"publish","type":"post","link":"https:\/\/www.osjenka.si\/ps-trstenik\/2023\/06\/15\/teden-vsezivljenjskega-ucenja-12-16-6-2023\/","title":{"rendered":"Teden vse\u017eivljenjskega u\u010denja (12. &#8211; 16. 6. 2023)"},"content":{"rendered":"<p>Smo v Tednu Vse\u017eivljenjskega U\u010denja, ki se ga tudi leto\u0161nje \u0161olsko leto udele\u017euje na\u0161a podru\u017enica. Za nami so \u017ee tri delavnice.<\/p>\n<p>Prvo delavnico <strong>Kako delujejo mobiteli<\/strong>, je vodil gospod Gro\u0161elj iz Gori\u010d. Peto\u0161olcem je predstavil delovanje mobitelov. Peto\u0161olci so nam povedali, da je bila delavnica zelo zanimiva.<\/p>\n<p>Drugo delavnico so se udele\u017eili u\u010denci 4. in 5. razreda. Ali ste \u017ee sli\u0161ali za jezik <strong>Esperanto<\/strong>? No, na\u0161i u\u010denci so se ga u\u010dili prvi\u010d in zdaj \u017ee znajo povedati pesem v esperantu. Zelo zanimivo delavnico je vodila gospa Nika Ro\u017eej z Ljudske univerze.<\/p>\n<p>Tretje delavnice so se lahko udele\u017eili vsi u\u010denci podalj\u0161anega bivanja. Izdelovali so prave <strong>Dra\u017ego\u0161ke kruhke<\/strong>. Super jim je \u0161lo. Delovnico je vodila u\u010diteljica Barbara Marolt.<\/p>\n<p>Imeli pa bomo \u0161e dve delavnici za najmlaj\u0161e &#8211; <strong>Pravlji\u010dno jogo<\/strong> in <strong>Angle\u0161ke pravljice<\/strong>.<\/p>\n<p>Res je krasno kaj novega se nau\u010diti. U\u010dimo se VSE \u017dIVLJENJE.<\/p>\n<p>&nbsp;<\/p>\n<p>Besedilo in fotografije: Barbara Marolt<\/p>\n<p><img decoding=\"async\" class=\"lazyload aligncenter size-fusion-600 wp-image-3193\" src=\"https:\/\/www.osjenka.si\/ps-trstenik\/wp-content\/uploads\/sites\/3\/2023\/06\/mnenja_o_delavnici_mobiteli-600x432.jpg\" data-orig-src=\"https:\/\/www.osjenka.si\/ps-trstenik\/wp-content\/uploads\/sites\/3\/2023\/06\/mnenja_o_delavnici_mobiteli-600x432.jpg\" alt=\"\" width=\"600\" height=\"432\" srcset=\"data:image\/svg+xml,%3Csvg%20xmlns%3D%27http%3A%2F%2Fwww.w3.org%2F2000%2Fsvg%27%20width%3D%27600%27%20height%3D%27432%27%20viewBox%3D%270%200%20600%20432%27%3E%3Crect%20width%3D%27600%27%20height%3D%27432%27%20fill-opacity%3D%220%22%2F%3E%3C%2Fsvg%3E\" data-srcset=\"https:\/\/www.osjenka.si\/ps-trstenik\/wp-content\/uploads\/sites\/3\/2023\/06\/mnenja_o_delavnici_mobiteli-200x144.jpg 200w, https:\/\/www.osjenka.si\/ps-trstenik\/wp-content\/uploads\/sites\/3\/2023\/06\/mnenja_o_delavnici_mobiteli-300x216.jpg 300w, https:\/\/www.osjenka.si\/ps-trstenik\/wp-content\/uploads\/sites\/3\/2023\/06\/mnenja_o_delavnici_mobiteli-400x288.jpg 400w, https:\/\/www.osjenka.si\/ps-trstenik\/wp-content\/uploads\/sites\/3\/2023\/06\/mnenja_o_delavnici_mobiteli-600x432.jpg 600w, https:\/\/www.osjenka.si\/ps-trstenik\/wp-content\/uploads\/sites\/3\/2023\/06\/mnenja_o_delavnici_mobiteli-768x553.jpg 768w, https:\/\/www.osjenka.si\/ps-trstenik\/wp-content\/uploads\/sites\/3\/2023\/06\/mnenja_o_delavnici_mobiteli-800x576.jpg 800w, https:\/\/www.osjenka.si\/ps-trstenik\/wp-content\/uploads\/sites\/3\/2023\/06\/mnenja_o_delavnici_mobiteli-1024x737.jpg 1024w, https:\/\/www.osjenka.si\/ps-trstenik\/wp-content\/uploads\/sites\/3\/2023\/06\/mnenja_o_delavnici_mobiteli.jpg 1080w\" data-sizes=\"auto\" data-orig-sizes=\"(max-width: 600px) 100vw, 600px\" \/><\/p>\n<p><img decoding=\"async\" class=\"lazyload aligncenter wp-image-3194 size-fusion-400\" src=\"https:\/\/www.osjenka.si\/ps-trstenik\/wp-content\/uploads\/sites\/3\/2023\/06\/mobiteli-400x530.jpg\" data-orig-src=\"https:\/\/www.osjenka.si\/ps-trstenik\/wp-content\/uploads\/sites\/3\/2023\/06\/mobiteli-400x530.jpg\" alt=\"\" width=\"400\" height=\"530\" srcset=\"data:image\/svg+xml,%3Csvg%20xmlns%3D%27http%3A%2F%2Fwww.w3.org%2F2000%2Fsvg%27%20width%3D%27400%27%20height%3D%27530%27%20viewBox%3D%270%200%20400%20530%27%3E%3Crect%20width%3D%27400%27%20height%3D%27530%27%20fill-opacity%3D%220%22%2F%3E%3C%2Fsvg%3E\" data-srcset=\"https:\/\/www.osjenka.si\/ps-trstenik\/wp-content\/uploads\/sites\/3\/2023\/06\/mobiteli-200x265.jpg 200w, https:\/\/www.osjenka.si\/ps-trstenik\/wp-content\/uploads\/sites\/3\/2023\/06\/mobiteli-227x300.jpg 227w, https:\/\/www.osjenka.si\/ps-trstenik\/wp-content\/uploads\/sites\/3\/2023\/06\/mobiteli-400x530.jpg 400w, https:\/\/www.osjenka.si\/ps-trstenik\/wp-content\/uploads\/sites\/3\/2023\/06\/mobiteli-600x794.jpg 600w, https:\/\/www.osjenka.si\/ps-trstenik\/wp-content\/uploads\/sites\/3\/2023\/06\/mobiteli-768x1017.jpg 768w, https:\/\/www.osjenka.si\/ps-trstenik\/wp-content\/uploads\/sites\/3\/2023\/06\/mobiteli-773x1024.jpg 773w, https:\/\/www.osjenka.si\/ps-trstenik\/wp-content\/uploads\/sites\/3\/2023\/06\/mobiteli-800x1059.jpg 800w, https:\/\/www.osjenka.si\/ps-trstenik\/wp-content\/uploads\/sites\/3\/2023\/06\/mobiteli.jpg 1080w\" data-sizes=\"auto\" data-orig-sizes=\"(max-width: 400px) 100vw, 400px\" \/><\/p>\n<p><img decoding=\"async\" class=\"lazyload aligncenter size-fusion-600 wp-image-3195\" src=\"https:\/\/www.osjenka.si\/ps-trstenik\/wp-content\/uploads\/sites\/3\/2023\/06\/TVU_stena-600x508.jpg\" data-orig-src=\"https:\/\/www.osjenka.si\/ps-trstenik\/wp-content\/uploads\/sites\/3\/2023\/06\/TVU_stena-600x508.jpg\" alt=\"\" width=\"600\" height=\"508\" srcset=\"data:image\/svg+xml,%3Csvg%20xmlns%3D%27http%3A%2F%2Fwww.w3.org%2F2000%2Fsvg%27%20width%3D%27600%27%20height%3D%27508%27%20viewBox%3D%270%200%20600%20508%27%3E%3Crect%20width%3D%27600%27%20height%3D%27508%27%20fill-opacity%3D%220%22%2F%3E%3C%2Fsvg%3E\" data-srcset=\"https:\/\/www.osjenka.si\/ps-trstenik\/wp-content\/uploads\/sites\/3\/2023\/06\/TVU_stena-200x169.jpg 200w, https:\/\/www.osjenka.si\/ps-trstenik\/wp-content\/uploads\/sites\/3\/2023\/06\/TVU_stena-300x254.jpg 300w, https:\/\/www.osjenka.si\/ps-trstenik\/wp-content\/uploads\/sites\/3\/2023\/06\/TVU_stena-400x339.jpg 400w, https:\/\/www.osjenka.si\/ps-trstenik\/wp-content\/uploads\/sites\/3\/2023\/06\/TVU_stena-600x508.jpg 600w, https:\/\/www.osjenka.si\/ps-trstenik\/wp-content\/uploads\/sites\/3\/2023\/06\/TVU_stena-768x650.jpg 768w, https:\/\/www.osjenka.si\/ps-trstenik\/wp-content\/uploads\/sites\/3\/2023\/06\/TVU_stena-800x677.jpg 800w, https:\/\/www.osjenka.si\/ps-trstenik\/wp-content\/uploads\/sites\/3\/2023\/06\/TVU_stena-1024x867.jpg 1024w, https:\/\/www.osjenka.si\/ps-trstenik\/wp-content\/uploads\/sites\/3\/2023\/06\/TVU_stena.jpg 1080w\" data-sizes=\"auto\" data-orig-sizes=\"(max-width: 600px) 100vw, 600px\" \/><\/p>\n<p><img decoding=\"async\" class=\"lazyload aligncenter size-fusion-600 wp-image-3196\" src=\"https:\/\/www.osjenka.si\/ps-trstenik\/wp-content\/uploads\/sites\/3\/2023\/06\/esperanto-600x450.jpg\" data-orig-src=\"https:\/\/www.osjenka.si\/ps-trstenik\/wp-content\/uploads\/sites\/3\/2023\/06\/esperanto-600x450.jpg\" alt=\"\" width=\"600\" height=\"450\" srcset=\"data:image\/svg+xml,%3Csvg%20xmlns%3D%27http%3A%2F%2Fwww.w3.org%2F2000%2Fsvg%27%20width%3D%27600%27%20height%3D%27450%27%20viewBox%3D%270%200%20600%20450%27%3E%3Crect%20width%3D%27600%27%20height%3D%27450%27%20fill-opacity%3D%220%22%2F%3E%3C%2Fsvg%3E\" data-srcset=\"https:\/\/www.osjenka.si\/ps-trstenik\/wp-content\/uploads\/sites\/3\/2023\/06\/esperanto-200x150.jpg 200w, https:\/\/www.osjenka.si\/ps-trstenik\/wp-content\/uploads\/sites\/3\/2023\/06\/esperanto-300x225.jpg 300w, https:\/\/www.osjenka.si\/ps-trstenik\/wp-content\/uploads\/sites\/3\/2023\/06\/esperanto-400x300.jpg 400w, https:\/\/www.osjenka.si\/ps-trstenik\/wp-content\/uploads\/sites\/3\/2023\/06\/esperanto-600x450.jpg 600w, https:\/\/www.osjenka.si\/ps-trstenik\/wp-content\/uploads\/sites\/3\/2023\/06\/esperanto-768x576.jpg 768w, https:\/\/www.osjenka.si\/ps-trstenik\/wp-content\/uploads\/sites\/3\/2023\/06\/esperanto-800x600.jpg 800w, https:\/\/www.osjenka.si\/ps-trstenik\/wp-content\/uploads\/sites\/3\/2023\/06\/esperanto-1024x768.jpg 1024w, https:\/\/www.osjenka.si\/ps-trstenik\/wp-content\/uploads\/sites\/3\/2023\/06\/esperanto.jpg 1080w\" data-sizes=\"auto\" data-orig-sizes=\"(max-width: 600px) 100vw, 600px\" \/><\/p>\n<p><img decoding=\"async\" class=\"lazyload aligncenter size-fusion-600 wp-image-3197\" src=\"https:\/\/www.osjenka.si\/ps-trstenik\/wp-content\/uploads\/sites\/3\/2023\/06\/esperanto3-600x450.jpg\" data-orig-src=\"https:\/\/www.osjenka.si\/ps-trstenik\/wp-content\/uploads\/sites\/3\/2023\/06\/esperanto3-600x450.jpg\" alt=\"\" width=\"600\" height=\"450\" srcset=\"data:image\/svg+xml,%3Csvg%20xmlns%3D%27http%3A%2F%2Fwww.w3.org%2F2000%2Fsvg%27%20width%3D%27600%27%20height%3D%27450%27%20viewBox%3D%270%200%20600%20450%27%3E%3Crect%20width%3D%27600%27%20height%3D%27450%27%20fill-opacity%3D%220%22%2F%3E%3C%2Fsvg%3E\" data-srcset=\"https:\/\/www.osjenka.si\/ps-trstenik\/wp-content\/uploads\/sites\/3\/2023\/06\/esperanto3-200x150.jpg 200w, https:\/\/www.osjenka.si\/ps-trstenik\/wp-content\/uploads\/sites\/3\/2023\/06\/esperanto3-300x225.jpg 300w, https:\/\/www.osjenka.si\/ps-trstenik\/wp-content\/uploads\/sites\/3\/2023\/06\/esperanto3-400x300.jpg 400w, https:\/\/www.osjenka.si\/ps-trstenik\/wp-content\/uploads\/sites\/3\/2023\/06\/esperanto3-600x450.jpg 600w, https:\/\/www.osjenka.si\/ps-trstenik\/wp-content\/uploads\/sites\/3\/2023\/06\/esperanto3-768x576.jpg 768w, https:\/\/www.osjenka.si\/ps-trstenik\/wp-content\/uploads\/sites\/3\/2023\/06\/esperanto3-800x600.jpg 800w, https:\/\/www.osjenka.si\/ps-trstenik\/wp-content\/uploads\/sites\/3\/2023\/06\/esperanto3-1024x768.jpg 1024w, https:\/\/www.osjenka.si\/ps-trstenik\/wp-content\/uploads\/sites\/3\/2023\/06\/esperanto3.jpg 1080w\" data-sizes=\"auto\" data-orig-sizes=\"(max-width: 600px) 100vw, 600px\" \/><\/p>\n<p><img decoding=\"async\" class=\"lazyload aligncenter wp-image-3198 size-fusion-400\" src=\"https:\/\/www.osjenka.si\/ps-trstenik\/wp-content\/uploads\/sites\/3\/2023\/06\/esperanto5-400x533.jpg\" data-orig-src=\"https:\/\/www.osjenka.si\/ps-trstenik\/wp-content\/uploads\/sites\/3\/2023\/06\/esperanto5-400x533.jpg\" alt=\"\" width=\"400\" height=\"533\" srcset=\"data:image\/svg+xml,%3Csvg%20xmlns%3D%27http%3A%2F%2Fwww.w3.org%2F2000%2Fsvg%27%20width%3D%27400%27%20height%3D%27533%27%20viewBox%3D%270%200%20400%20533%27%3E%3Crect%20width%3D%27400%27%20height%3D%27533%27%20fill-opacity%3D%220%22%2F%3E%3C%2Fsvg%3E\" data-srcset=\"https:\/\/www.osjenka.si\/ps-trstenik\/wp-content\/uploads\/sites\/3\/2023\/06\/esperanto5-200x267.jpg 200w, https:\/\/www.osjenka.si\/ps-trstenik\/wp-content\/uploads\/sites\/3\/2023\/06\/esperanto5-225x300.jpg 225w, https:\/\/www.osjenka.si\/ps-trstenik\/wp-content\/uploads\/sites\/3\/2023\/06\/esperanto5-300x400.jpg 300w, https:\/\/www.osjenka.si\/ps-trstenik\/wp-content\/uploads\/sites\/3\/2023\/06\/esperanto5-400x533.jpg 400w, https:\/\/www.osjenka.si\/ps-trstenik\/wp-content\/uploads\/sites\/3\/2023\/06\/esperanto5-600x800.jpg 600w, https:\/\/www.osjenka.si\/ps-trstenik\/wp-content\/uploads\/sites\/3\/2023\/06\/esperanto5-768x1024.jpg 768w, https:\/\/www.osjenka.si\/ps-trstenik\/wp-content\/uploads\/sites\/3\/2023\/06\/esperanto5-800x1067.jpg 800w, https:\/\/www.osjenka.si\/ps-trstenik\/wp-content\/uploads\/sites\/3\/2023\/06\/esperanto5.jpg 810w\" data-sizes=\"auto\" data-orig-sizes=\"(max-width: 400px) 100vw, 400px\" \/><\/p>\n<p><img decoding=\"async\" class=\"lazyload aligncenter wp-image-3199 size-fusion-400\" src=\"https:\/\/www.osjenka.si\/ps-trstenik\/wp-content\/uploads\/sites\/3\/2023\/06\/esperanto6-400x533.jpg\" data-orig-src=\"https:\/\/www.osjenka.si\/ps-trstenik\/wp-content\/uploads\/sites\/3\/2023\/06\/esperanto6-400x533.jpg\" alt=\"\" width=\"400\" height=\"533\" srcset=\"data:image\/svg+xml,%3Csvg%20xmlns%3D%27http%3A%2F%2Fwww.w3.org%2F2000%2Fsvg%27%20width%3D%27400%27%20height%3D%27533%27%20viewBox%3D%270%200%20400%20533%27%3E%3Crect%20width%3D%27400%27%20height%3D%27533%27%20fill-opacity%3D%220%22%2F%3E%3C%2Fsvg%3E\" data-srcset=\"https:\/\/www.osjenka.si\/ps-trstenik\/wp-content\/uploads\/sites\/3\/2023\/06\/esperanto6-200x267.jpg 200w, https:\/\/www.osjenka.si\/ps-trstenik\/wp-content\/uploads\/sites\/3\/2023\/06\/esperanto6-225x300.jpg 225w, https:\/\/www.osjenka.si\/ps-trstenik\/wp-content\/uploads\/sites\/3\/2023\/06\/esperanto6-300x400.jpg 300w, https:\/\/www.osjenka.si\/ps-trstenik\/wp-content\/uploads\/sites\/3\/2023\/06\/esperanto6-400x533.jpg 400w, https:\/\/www.osjenka.si\/ps-trstenik\/wp-content\/uploads\/sites\/3\/2023\/06\/esperanto6-600x800.jpg 600w, https:\/\/www.osjenka.si\/ps-trstenik\/wp-content\/uploads\/sites\/3\/2023\/06\/esperanto6-768x1024.jpg 768w, https:\/\/www.osjenka.si\/ps-trstenik\/wp-content\/uploads\/sites\/3\/2023\/06\/esperanto6-800x1067.jpg 800w, https:\/\/www.osjenka.si\/ps-trstenik\/wp-content\/uploads\/sites\/3\/2023\/06\/esperanto6.jpg 810w\" data-sizes=\"auto\" data-orig-sizes=\"(max-width: 400px) 100vw, 400px\" \/><\/p>\n<p><img decoding=\"async\" class=\"lazyload aligncenter wp-image-3200 size-fusion-400\" src=\"https:\/\/www.osjenka.si\/ps-trstenik\/wp-content\/uploads\/sites\/3\/2023\/06\/IZDELKI_LIKOVNI-400x533.jpg\" data-orig-src=\"https:\/\/www.osjenka.si\/ps-trstenik\/wp-content\/uploads\/sites\/3\/2023\/06\/IZDELKI_LIKOVNI-400x533.jpg\" alt=\"\" width=\"400\" height=\"533\" srcset=\"data:image\/svg+xml,%3Csvg%20xmlns%3D%27http%3A%2F%2Fwww.w3.org%2F2000%2Fsvg%27%20width%3D%27400%27%20height%3D%27533%27%20viewBox%3D%270%200%20400%20533%27%3E%3Crect%20width%3D%27400%27%20height%3D%27533%27%20fill-opacity%3D%220%22%2F%3E%3C%2Fsvg%3E\" data-srcset=\"https:\/\/www.osjenka.si\/ps-trstenik\/wp-content\/uploads\/sites\/3\/2023\/06\/IZDELKI_LIKOVNI-200x267.jpg 200w, https:\/\/www.osjenka.si\/ps-trstenik\/wp-content\/uploads\/sites\/3\/2023\/06\/IZDELKI_LIKOVNI-225x300.jpg 225w, https:\/\/www.osjenka.si\/ps-trstenik\/wp-content\/uploads\/sites\/3\/2023\/06\/IZDELKI_LIKOVNI-300x400.jpg 300w, https:\/\/www.osjenka.si\/ps-trstenik\/wp-content\/uploads\/sites\/3\/2023\/06\/IZDELKI_LIKOVNI-400x533.jpg 400w, https:\/\/www.osjenka.si\/ps-trstenik\/wp-content\/uploads\/sites\/3\/2023\/06\/IZDELKI_LIKOVNI-600x800.jpg 600w, https:\/\/www.osjenka.si\/ps-trstenik\/wp-content\/uploads\/sites\/3\/2023\/06\/IZDELKI_LIKOVNI-768x1024.jpg 768w, https:\/\/www.osjenka.si\/ps-trstenik\/wp-content\/uploads\/sites\/3\/2023\/06\/IZDELKI_LIKOVNI-800x1067.jpg 800w, https:\/\/www.osjenka.si\/ps-trstenik\/wp-content\/uploads\/sites\/3\/2023\/06\/IZDELKI_LIKOVNI.jpg 810w\" data-sizes=\"auto\" data-orig-sizes=\"(max-width: 400px) 100vw, 400px\" \/><\/p>\n<p><img decoding=\"async\" class=\"lazyload aligncenter wp-image-3201 size-fusion-400\" src=\"https:\/\/www.osjenka.si\/ps-trstenik\/wp-content\/uploads\/sites\/3\/2023\/06\/izdelek-400x533.jpg\" data-orig-src=\"https:\/\/www.osjenka.si\/ps-trstenik\/wp-content\/uploads\/sites\/3\/2023\/06\/izdelek-400x533.jpg\" alt=\"\" width=\"400\" height=\"533\" srcset=\"data:image\/svg+xml,%3Csvg%20xmlns%3D%27http%3A%2F%2Fwww.w3.org%2F2000%2Fsvg%27%20width%3D%27400%27%20height%3D%27533%27%20viewBox%3D%270%200%20400%20533%27%3E%3Crect%20width%3D%27400%27%20height%3D%27533%27%20fill-opacity%3D%220%22%2F%3E%3C%2Fsvg%3E\" data-srcset=\"https:\/\/www.osjenka.si\/ps-trstenik\/wp-content\/uploads\/sites\/3\/2023\/06\/izdelek-200x267.jpg 200w, https:\/\/www.osjenka.si\/ps-trstenik\/wp-content\/uploads\/sites\/3\/2023\/06\/izdelek-225x300.jpg 225w, https:\/\/www.osjenka.si\/ps-trstenik\/wp-content\/uploads\/sites\/3\/2023\/06\/izdelek-300x400.jpg 300w, https:\/\/www.osjenka.si\/ps-trstenik\/wp-content\/uploads\/sites\/3\/2023\/06\/izdelek-400x533.jpg 400w, https:\/\/www.osjenka.si\/ps-trstenik\/wp-content\/uploads\/sites\/3\/2023\/06\/izdelek-600x800.jpg 600w, https:\/\/www.osjenka.si\/ps-trstenik\/wp-content\/uploads\/sites\/3\/2023\/06\/izdelek-768x1024.jpg 768w, https:\/\/www.osjenka.si\/ps-trstenik\/wp-content\/uploads\/sites\/3\/2023\/06\/izdelek-800x1067.jpg 800w, https:\/\/www.osjenka.si\/ps-trstenik\/wp-content\/uploads\/sites\/3\/2023\/06\/izdelek.jpg 810w\" data-sizes=\"auto\" data-orig-sizes=\"(max-width: 400px) 100vw, 400px\" \/><\/p>\n<p><img decoding=\"async\" class=\"lazyload aligncenter wp-image-3202 size-fusion-400\" src=\"https:\/\/www.osjenka.si\/ps-trstenik\/wp-content\/uploads\/sites\/3\/2023\/06\/kruhki1-400x533.jpg\" data-orig-src=\"https:\/\/www.osjenka.si\/ps-trstenik\/wp-content\/uploads\/sites\/3\/2023\/06\/kruhki1-400x533.jpg\" alt=\"\" width=\"400\" height=\"533\" srcset=\"data:image\/svg+xml,%3Csvg%20xmlns%3D%27http%3A%2F%2Fwww.w3.org%2F2000%2Fsvg%27%20width%3D%27400%27%20height%3D%27533%27%20viewBox%3D%270%200%20400%20533%27%3E%3Crect%20width%3D%27400%27%20height%3D%27533%27%20fill-opacity%3D%220%22%2F%3E%3C%2Fsvg%3E\" data-srcset=\"https:\/\/www.osjenka.si\/ps-trstenik\/wp-content\/uploads\/sites\/3\/2023\/06\/kruhki1-200x267.jpg 200w, https:\/\/www.osjenka.si\/ps-trstenik\/wp-content\/uploads\/sites\/3\/2023\/06\/kruhki1-225x300.jpg 225w, https:\/\/www.osjenka.si\/ps-trstenik\/wp-content\/uploads\/sites\/3\/2023\/06\/kruhki1-300x400.jpg 300w, https:\/\/www.osjenka.si\/ps-trstenik\/wp-content\/uploads\/sites\/3\/2023\/06\/kruhki1-400x533.jpg 400w, https:\/\/www.osjenka.si\/ps-trstenik\/wp-content\/uploads\/sites\/3\/2023\/06\/kruhki1-600x800.jpg 600w, https:\/\/www.osjenka.si\/ps-trstenik\/wp-content\/uploads\/sites\/3\/2023\/06\/kruhki1-768x1024.jpg 768w, https:\/\/www.osjenka.si\/ps-trstenik\/wp-content\/uploads\/sites\/3\/2023\/06\/kruhki1-800x1067.jpg 800w, https:\/\/www.osjenka.si\/ps-trstenik\/wp-content\/uploads\/sites\/3\/2023\/06\/kruhki1.jpg 810w\" data-sizes=\"auto\" data-orig-sizes=\"(max-width: 400px) 100vw, 400px\" \/><\/p>\n<p><img decoding=\"async\" class=\"lazyload aligncenter wp-image-3203 size-fusion-400\" src=\"https:\/\/www.osjenka.si\/ps-trstenik\/wp-content\/uploads\/sites\/3\/2023\/06\/kruhki2-400x533.jpg\" data-orig-src=\"https:\/\/www.osjenka.si\/ps-trstenik\/wp-content\/uploads\/sites\/3\/2023\/06\/kruhki2-400x533.jpg\" alt=\"\" width=\"400\" height=\"533\" srcset=\"data:image\/svg+xml,%3Csvg%20xmlns%3D%27http%3A%2F%2Fwww.w3.org%2F2000%2Fsvg%27%20width%3D%27400%27%20height%3D%27533%27%20viewBox%3D%270%200%20400%20533%27%3E%3Crect%20width%3D%27400%27%20height%3D%27533%27%20fill-opacity%3D%220%22%2F%3E%3C%2Fsvg%3E\" data-srcset=\"https:\/\/www.osjenka.si\/ps-trstenik\/wp-content\/uploads\/sites\/3\/2023\/06\/kruhki2-200x267.jpg 200w, https:\/\/www.osjenka.si\/ps-trstenik\/wp-content\/uploads\/sites\/3\/2023\/06\/kruhki2-225x300.jpg 225w, https:\/\/www.osjenka.si\/ps-trstenik\/wp-content\/uploads\/sites\/3\/2023\/06\/kruhki2-300x400.jpg 300w, https:\/\/www.osjenka.si\/ps-trstenik\/wp-content\/uploads\/sites\/3\/2023\/06\/kruhki2-400x533.jpg 400w, https:\/\/www.osjenka.si\/ps-trstenik\/wp-content\/uploads\/sites\/3\/2023\/06\/kruhki2-600x800.jpg 600w, https:\/\/www.osjenka.si\/ps-trstenik\/wp-content\/uploads\/sites\/3\/2023\/06\/kruhki2-768x1024.jpg 768w, https:\/\/www.osjenka.si\/ps-trstenik\/wp-content\/uploads\/sites\/3\/2023\/06\/kruhki2-800x1067.jpg 800w, https:\/\/www.osjenka.si\/ps-trstenik\/wp-content\/uploads\/sites\/3\/2023\/06\/kruhki2.jpg 810w\" data-sizes=\"auto\" data-orig-sizes=\"(max-width: 400px) 100vw, 400px\" \/><\/p>\n<p><img decoding=\"async\" class=\"lazyload aligncenter wp-image-3204 size-fusion-400\" src=\"https:\/\/www.osjenka.si\/ps-trstenik\/wp-content\/uploads\/sites\/3\/2023\/06\/kruhki3-400x533.jpg\" data-orig-src=\"https:\/\/www.osjenka.si\/ps-trstenik\/wp-content\/uploads\/sites\/3\/2023\/06\/kruhki3-400x533.jpg\" alt=\"\" width=\"400\" height=\"533\" srcset=\"data:image\/svg+xml,%3Csvg%20xmlns%3D%27http%3A%2F%2Fwww.w3.org%2F2000%2Fsvg%27%20width%3D%27400%27%20height%3D%27533%27%20viewBox%3D%270%200%20400%20533%27%3E%3Crect%20width%3D%27400%27%20height%3D%27533%27%20fill-opacity%3D%220%22%2F%3E%3C%2Fsvg%3E\" data-srcset=\"https:\/\/www.osjenka.si\/ps-trstenik\/wp-content\/uploads\/sites\/3\/2023\/06\/kruhki3-200x267.jpg 200w, https:\/\/www.osjenka.si\/ps-trstenik\/wp-content\/uploads\/sites\/3\/2023\/06\/kruhki3-225x300.jpg 225w, https:\/\/www.osjenka.si\/ps-trstenik\/wp-content\/uploads\/sites\/3\/2023\/06\/kruhki3-300x400.jpg 300w, https:\/\/www.osjenka.si\/ps-trstenik\/wp-content\/uploads\/sites\/3\/2023\/06\/kruhki3-400x533.jpg 400w, https:\/\/www.osjenka.si\/ps-trstenik\/wp-content\/uploads\/sites\/3\/2023\/06\/kruhki3-600x800.jpg 600w, https:\/\/www.osjenka.si\/ps-trstenik\/wp-content\/uploads\/sites\/3\/2023\/06\/kruhki3-768x1024.jpg 768w, https:\/\/www.osjenka.si\/ps-trstenik\/wp-content\/uploads\/sites\/3\/2023\/06\/kruhki3-800x1067.jpg 800w, https:\/\/www.osjenka.si\/ps-trstenik\/wp-content\/uploads\/sites\/3\/2023\/06\/kruhki3.jpg 810w\" data-sizes=\"auto\" data-orig-sizes=\"(max-width: 400px) 100vw, 400px\" \/><\/p>\n<p><img decoding=\"async\" class=\"lazyload aligncenter wp-image-3205 size-fusion-400\" src=\"https:\/\/www.osjenka.si\/ps-trstenik\/wp-content\/uploads\/sites\/3\/2023\/06\/kruhki4-400x533.jpg\" data-orig-src=\"https:\/\/www.osjenka.si\/ps-trstenik\/wp-content\/uploads\/sites\/3\/2023\/06\/kruhki4-400x533.jpg\" alt=\"\" width=\"400\" height=\"533\" srcset=\"data:image\/svg+xml,%3Csvg%20xmlns%3D%27http%3A%2F%2Fwww.w3.org%2F2000%2Fsvg%27%20width%3D%27400%27%20height%3D%27533%27%20viewBox%3D%270%200%20400%20533%27%3E%3Crect%20width%3D%27400%27%20height%3D%27533%27%20fill-opacity%3D%220%22%2F%3E%3C%2Fsvg%3E\" data-srcset=\"https:\/\/www.osjenka.si\/ps-trstenik\/wp-content\/uploads\/sites\/3\/2023\/06\/kruhki4-200x267.jpg 200w, https:\/\/www.osjenka.si\/ps-trstenik\/wp-content\/uploads\/sites\/3\/2023\/06\/kruhki4-225x300.jpg 225w, https:\/\/www.osjenka.si\/ps-trstenik\/wp-content\/uploads\/sites\/3\/2023\/06\/kruhki4-300x400.jpg 300w, https:\/\/www.osjenka.si\/ps-trstenik\/wp-content\/uploads\/sites\/3\/2023\/06\/kruhki4-400x533.jpg 400w, https:\/\/www.osjenka.si\/ps-trstenik\/wp-content\/uploads\/sites\/3\/2023\/06\/kruhki4-600x800.jpg 600w, https:\/\/www.osjenka.si\/ps-trstenik\/wp-content\/uploads\/sites\/3\/2023\/06\/kruhki4-768x1024.jpg 768w, https:\/\/www.osjenka.si\/ps-trstenik\/wp-content\/uploads\/sites\/3\/2023\/06\/kruhki4-800x1067.jpg 800w, https:\/\/www.osjenka.si\/ps-trstenik\/wp-content\/uploads\/sites\/3\/2023\/06\/kruhki4.jpg 810w\" data-sizes=\"auto\" data-orig-sizes=\"(max-width: 400px) 100vw, 400px\" \/><\/p>\n","protected":false},"excerpt":{"rendered":"<p>Smo v Tednu Vse\u017eivljenjskega U\u010denja, ki se ga tudi leto\u0161nje \u0161olsko leto udele\u017euje na\u0161a podru\u017enica. Za nami so \u017ee tri delavnice. Prvo delavnico Kako delujejo mobiteli, je vodil gospod Gro\u0161elj iz Gori\u010d. Peto\u0161olcem je predstavil delovanje mobitelov. Peto\u0161olci so nam povedali, da je bila delavnica zelo zanimiva. Drugo delavnico so se udele\u017eili u\u010denci 4. in 5. razreda. Ali ste \u017ee sli\u0161ali za jezik Esperanto? No, na\u0161i u\u010denci so se ga u\u010dili prvi\u010d in zdaj \u017ee znajo povedati pesem v esperantu. Zelo zanimivo delavnico je vodila gospa Nika Ro\u017eej z Ljudske univerze. Tretje delavnice so se lahko udele\u017eili vsi u\u010denci podalj\u0161anega bivanja. [&hellip;]<\/p>\n","protected":false},"author":6,"featured_media":3207,"comment_status":"open","ping_status":"open","sticky":false,"template":"","format":"standard","meta":{"footnotes":""},"categories":[1,28],"tags":[],"class_list":["post-3192","post","type-post","status-publish","format-standard","has-post-thumbnail","hentry","category-nekategorizirano","category-novice"],"yoast_head":"<!-- This site is optimized with the Yoast SEO plugin v19.11 - https:\/\/yoast.com\/wordpress\/plugins\/seo\/ -->\n<title>Teden vse\u017eivljenjskega u\u010denja (12. - 16. 6. 2023) - P\u0160 Trstenik<\/title>\n<meta name=\"robots\" content=\"index, follow, max-snippet:-1, max-image-preview:large, max-video-preview:-1\" \/>\n<link rel=\"canonical\" href=\"https:\/\/www.osjenka.si\/ps-trstenik\/2023\/06\/15\/teden-vsezivljenjskega-ucenja-12-16-6-2023\/\" \/>\n<meta property=\"og:locale\" content=\"sl_SI\" \/>\n<meta property=\"og:type\" content=\"article\" \/>\n<meta property=\"og:title\" content=\"Teden vse\u017eivljenjskega u\u010denja (12. - 16. 6. 2023) - P\u0160 Trstenik\" \/>\n<meta property=\"og:description\" content=\"Smo v Tednu Vse\u017eivljenjskega U\u010denja, ki se ga tudi leto\u0161nje \u0161olsko leto udele\u017euje na\u0161a podru\u017enica. Za nami so \u017ee tri delavnice. Prvo delavnico Kako delujejo mobiteli, je vodil gospod Gro\u0161elj iz Gori\u010d. Peto\u0161olcem je predstavil delovanje mobitelov. Peto\u0161olci so nam povedali, da je bila delavnica zelo zanimiva. Drugo delavnico so se udele\u017eili u\u010denci 4. in 5. razreda. Ali ste \u017ee sli\u0161ali za jezik Esperanto? No, na\u0161i u\u010denci so se ga u\u010dili prvi\u010d in zdaj \u017ee znajo povedati pesem v esperantu. Zelo zanimivo delavnico je vodila gospa Nika Ro\u017eej z Ljudske univerze. Tretje delavnice so se lahko udele\u017eili vsi u\u010denci podalj\u0161anega bivanja. [&hellip;]\" \/>\n<meta property=\"og:url\" content=\"https:\/\/www.osjenka.si\/ps-trstenik\/2023\/06\/15\/teden-vsezivljenjskega-ucenja-12-16-6-2023\/\" \/>\n<meta property=\"og:site_name\" content=\"P\u0160 Trstenik\" \/>\n<meta property=\"article:published_time\" content=\"2023-06-15T15:24:52+00:00\" \/>\n<meta property=\"article:modified_time\" content=\"2023-06-15T15:26:40+00:00\" \/>\n<meta property=\"og:image\" content=\"https:\/\/www.osjenka.si\/ps-trstenik\/wp-content\/uploads\/sites\/3\/2023\/06\/pasica_TVU2023_00.jpg\" \/>\n\t<meta property=\"og:image:width\" content=\"1200\" \/>\n\t<meta property=\"og:image:height\" content=\"440\" \/>\n\t<meta property=\"og:image:type\" content=\"image\/jpeg\" \/>\n<meta name=\"author\" content=\"marijanca\" \/>\n<meta name=\"twitter:card\" content=\"summary_large_image\" \/>\n<meta name=\"twitter:label1\" content=\"Written by\" \/>\n\t<meta name=\"twitter:data1\" content=\"marijanca\" \/>\n\t<meta name=\"twitter:label2\" content=\"Est. reading time\" \/>\n\t<meta name=\"twitter:data2\" content=\"4 minute\" \/>\n<script type=\"application\/ld+json\" class=\"yoast-schema-graph\">{\"@context\":\"https:\/\/schema.org\",\"@graph\":[{\"@type\":\"WebPage\",\"@id\":\"https:\/\/www.osjenka.si\/ps-trstenik\/2023\/06\/15\/teden-vsezivljenjskega-ucenja-12-16-6-2023\/\",\"url\":\"https:\/\/www.osjenka.si\/ps-trstenik\/2023\/06\/15\/teden-vsezivljenjskega-ucenja-12-16-6-2023\/\",\"name\":\"Teden vse\u017eivljenjskega u\u010denja (12. - 16. 6. 2023) - P\u0160 Trstenik\",\"isPartOf\":{\"@id\":\"https:\/\/www.osjenka.si\/ps-trstenik\/#website\"},\"datePublished\":\"2023-06-15T15:24:52+00:00\",\"dateModified\":\"2023-06-15T15:26:40+00:00\",\"author\":{\"@id\":\"https:\/\/www.osjenka.si\/ps-trstenik\/#\/schema\/person\/e994953e80ee06b3734632ceb1a36cbc\"},\"breadcrumb\":{\"@id\":\"https:\/\/www.osjenka.si\/ps-trstenik\/2023\/06\/15\/teden-vsezivljenjskega-ucenja-12-16-6-2023\/#breadcrumb\"},\"inLanguage\":\"sl-SI\",\"potentialAction\":[{\"@type\":\"ReadAction\",\"target\":[\"https:\/\/www.osjenka.si\/ps-trstenik\/2023\/06\/15\/teden-vsezivljenjskega-ucenja-12-16-6-2023\/\"]}]},{\"@type\":\"BreadcrumbList\",\"@id\":\"https:\/\/www.osjenka.si\/ps-trstenik\/2023\/06\/15\/teden-vsezivljenjskega-ucenja-12-16-6-2023\/#breadcrumb\",\"itemListElement\":[{\"@type\":\"ListItem\",\"position\":1,\"name\":\"Home\",\"item\":\"https:\/\/www.osjenka.si\/ps-trstenik\/\"},{\"@type\":\"ListItem\",\"position\":2,\"name\":\"Teden vse\u017eivljenjskega u\u010denja (12. &#8211; 16. 6. 2023)\"}]},{\"@type\":\"WebSite\",\"@id\":\"https:\/\/www.osjenka.si\/ps-trstenik\/#website\",\"url\":\"https:\/\/www.osjenka.si\/ps-trstenik\/\",\"name\":\"P\u0160 Trstenik\",\"description\":\"\",\"potentialAction\":[{\"@type\":\"SearchAction\",\"target\":{\"@type\":\"EntryPoint\",\"urlTemplate\":\"https:\/\/www.osjenka.si\/ps-trstenik\/?s={search_term_string}\"},\"query-input\":\"required name=search_term_string\"}],\"inLanguage\":\"sl-SI\"},{\"@type\":\"Person\",\"@id\":\"https:\/\/www.osjenka.si\/ps-trstenik\/#\/schema\/person\/e994953e80ee06b3734632ceb1a36cbc\",\"name\":\"marijanca\",\"image\":{\"@type\":\"ImageObject\",\"inLanguage\":\"sl-SI\",\"@id\":\"https:\/\/www.osjenka.si\/ps-trstenik\/#\/schema\/person\/image\/\",\"url\":\"https:\/\/secure.gravatar.com\/avatar\/dbce7ac167ee71177f370bf0bb0bba3702fec9264452e7366493259d6187ae79?s=96&d=mm&r=g\",\"contentUrl\":\"https:\/\/secure.gravatar.com\/avatar\/dbce7ac167ee71177f370bf0bb0bba3702fec9264452e7366493259d6187ae79?s=96&d=mm&r=g\",\"caption\":\"marijanca\"},\"url\":\"https:\/\/www.osjenka.si\/ps-trstenik\/author\/marijanca\/\"}]}<\/script>\n<!-- \/ Yoast SEO plugin. -->","yoast_head_json":{"title":"Teden vse\u017eivljenjskega u\u010denja (12. - 16. 6. 2023) - P\u0160 Trstenik","robots":{"index":"index","follow":"follow","max-snippet":"max-snippet:-1","max-image-preview":"max-image-preview:large","max-video-preview":"max-video-preview:-1"},"canonical":"https:\/\/www.osjenka.si\/ps-trstenik\/2023\/06\/15\/teden-vsezivljenjskega-ucenja-12-16-6-2023\/","og_locale":"sl_SI","og_type":"article","og_title":"Teden vse\u017eivljenjskega u\u010denja (12. - 16. 6. 2023) - P\u0160 Trstenik","og_description":"Smo v Tednu Vse\u017eivljenjskega U\u010denja, ki se ga tudi leto\u0161nje \u0161olsko leto udele\u017euje na\u0161a podru\u017enica. Za nami so \u017ee tri delavnice. Prvo delavnico Kako delujejo mobiteli, je vodil gospod Gro\u0161elj iz Gori\u010d. Peto\u0161olcem je predstavil delovanje mobitelov. Peto\u0161olci so nam povedali, da je bila delavnica zelo zanimiva. Drugo delavnico so se udele\u017eili u\u010denci 4. in 5. razreda. Ali ste \u017ee sli\u0161ali za jezik Esperanto? No, na\u0161i u\u010denci so se ga u\u010dili prvi\u010d in zdaj \u017ee znajo povedati pesem v esperantu. Zelo zanimivo delavnico je vodila gospa Nika Ro\u017eej z Ljudske univerze. Tretje delavnice so se lahko udele\u017eili vsi u\u010denci podalj\u0161anega bivanja. [&hellip;]","og_url":"https:\/\/www.osjenka.si\/ps-trstenik\/2023\/06\/15\/teden-vsezivljenjskega-ucenja-12-16-6-2023\/","og_site_name":"P\u0160 Trstenik","article_published_time":"2023-06-15T15:24:52+00:00","article_modified_time":"2023-06-15T15:26:40+00:00","og_image":[{"width":1200,"height":440,"url":"https:\/\/www.osjenka.si\/ps-trstenik\/wp-content\/uploads\/sites\/3\/2023\/06\/pasica_TVU2023_00.jpg","type":"image\/jpeg"}],"author":"marijanca","twitter_card":"summary_large_image","twitter_misc":{"Written by":"marijanca","Est. reading time":"4 minute"},"schema":{"@context":"https:\/\/schema.org","@graph":[{"@type":"WebPage","@id":"https:\/\/www.osjenka.si\/ps-trstenik\/2023\/06\/15\/teden-vsezivljenjskega-ucenja-12-16-6-2023\/","url":"https:\/\/www.osjenka.si\/ps-trstenik\/2023\/06\/15\/teden-vsezivljenjskega-ucenja-12-16-6-2023\/","name":"Teden vse\u017eivljenjskega u\u010denja (12. - 16. 6. 2023) - P\u0160 Trstenik","isPartOf":{"@id":"https:\/\/www.osjenka.si\/ps-trstenik\/#website"},"datePublished":"2023-06-15T15:24:52+00:00","dateModified":"2023-06-15T15:26:40+00:00","author":{"@id":"https:\/\/www.osjenka.si\/ps-trstenik\/#\/schema\/person\/e994953e80ee06b3734632ceb1a36cbc"},"breadcrumb":{"@id":"https:\/\/www.osjenka.si\/ps-trstenik\/2023\/06\/15\/teden-vsezivljenjskega-ucenja-12-16-6-2023\/#breadcrumb"},"inLanguage":"sl-SI","potentialAction":[{"@type":"ReadAction","target":["https:\/\/www.osjenka.si\/ps-trstenik\/2023\/06\/15\/teden-vsezivljenjskega-ucenja-12-16-6-2023\/"]}]},{"@type":"BreadcrumbList","@id":"https:\/\/www.osjenka.si\/ps-trstenik\/2023\/06\/15\/teden-vsezivljenjskega-ucenja-12-16-6-2023\/#breadcrumb","itemListElement":[{"@type":"ListItem","position":1,"name":"Home","item":"https:\/\/www.osjenka.si\/ps-trstenik\/"},{"@type":"ListItem","position":2,"name":"Teden vse\u017eivljenjskega u\u010denja (12. &#8211; 16. 6. 2023)"}]},{"@type":"WebSite","@id":"https:\/\/www.osjenka.si\/ps-trstenik\/#website","url":"https:\/\/www.osjenka.si\/ps-trstenik\/","name":"P\u0160 Trstenik","description":"","potentialAction":[{"@type":"SearchAction","target":{"@type":"EntryPoint","urlTemplate":"https:\/\/www.osjenka.si\/ps-trstenik\/?s={search_term_string}"},"query-input":"required name=search_term_string"}],"inLanguage":"sl-SI"},{"@type":"Person","@id":"https:\/\/www.osjenka.si\/ps-trstenik\/#\/schema\/person\/e994953e80ee06b3734632ceb1a36cbc","name":"marijanca","image":{"@type":"ImageObject","inLanguage":"sl-SI","@id":"https:\/\/www.osjenka.si\/ps-trstenik\/#\/schema\/person\/image\/","url":"https:\/\/secure.gravatar.com\/avatar\/dbce7ac167ee71177f370bf0bb0bba3702fec9264452e7366493259d6187ae79?s=96&d=mm&r=g","contentUrl":"https:\/\/secure.gravatar.com\/avatar\/dbce7ac167ee71177f370bf0bb0bba3702fec9264452e7366493259d6187ae79?s=96&d=mm&r=g","caption":"marijanca"},"url":"https:\/\/www.osjenka.si\/ps-trstenik\/author\/marijanca\/"}]}},"_links":{"self":[{"href":"https:\/\/www.osjenka.si\/ps-trstenik\/wp-json\/wp\/v2\/posts\/3192","targetHints":{"allow":["GET"]}}],"collection":[{"href":"https:\/\/www.osjenka.si\/ps-trstenik\/wp-json\/wp\/v2\/posts"}],"about":[{"href":"https:\/\/www.osjenka.si\/ps-trstenik\/wp-json\/wp\/v2\/types\/post"}],"author":[{"embeddable":true,"href":"https:\/\/www.osjenka.si\/ps-trstenik\/wp-json\/wp\/v2\/users\/6"}],"replies":[{"embeddable":true,"href":"https:\/\/www.osjenka.si\/ps-trstenik\/wp-json\/wp\/v2\/comments?post=3192"}],"version-history":[{"count":1,"href":"https:\/\/www.osjenka.si\/ps-trstenik\/wp-json\/wp\/v2\/posts\/3192\/revisions"}],"predecessor-version":[{"id":3206,"href":"https:\/\/www.osjenka.si\/ps-trstenik\/wp-json\/wp\/v2\/posts\/3192\/revisions\/3206"}],"wp:featuredmedia":[{"embeddable":true,"href":"https:\/\/www.osjenka.si\/ps-trstenik\/wp-json\/wp\/v2\/media\/3207"}],"wp:attachment":[{"href":"https:\/\/www.osjenka.si\/ps-trstenik\/wp-json\/wp\/v2\/media?parent=3192"}],"wp:term":[{"taxonomy":"category","embeddable":true,"href":"https:\/\/www.osjenka.si\/ps-trstenik\/wp-json\/wp\/v2\/categories?post=3192"},{"taxonomy":"post_tag","embeddable":true,"href":"https:\/\/www.osjenka.si\/ps-trstenik\/wp-json\/wp\/v2\/tags?post=3192"}],"curies":[{"name":"wp","href":"https:\/\/api.w.org\/{rel}","templated":true}]}}