{"id":3262,"date":"2023-08-30T08:59:15","date_gmt":"2023-08-30T06:59:15","guid":{"rendered":"https:\/\/www.osjenka.si\/ps-trstenik\/?p=3262"},"modified":"2023-08-30T09:06:00","modified_gmt":"2023-08-30T07:06:00","slug":"prvi-solski-dan-2-do-5-razred","status":"publish","type":"post","link":"https:\/\/www.osjenka.si\/ps-trstenik\/2023\/08\/30\/prvi-solski-dan-2-do-5-razred\/","title":{"rendered":"Prvi \u0161olski dan &#8211; 2. do 5. razred"},"content":{"rendered":"<p>Za u\u010denke in u\u010dence 2., 3., 4. in 5. razreda se bo pouk pri\u010del v\u00a0<strong>petek, 1. septembra, ob 8.20<\/strong>.<\/p>\n<p>Urnik za prvi \u0161olski dan:<\/p>\n<table>\n<tbody>\n<tr>\n<td width=\"121\"><strong>\u00a0<\/strong><\/td>\n<td width=\"121\">\n<p style=\"text-align: center\"><strong>2. t<\/strong><\/p>\n<\/td>\n<td style=\"text-align: center\" width=\"121\"><strong>3. t<\/strong><\/td>\n<td style=\"text-align: center\" width=\"121\"><strong>4. t<\/strong><\/td>\n<td style=\"text-align: center\" width=\"121\"><strong>5. t<\/strong><\/td>\n<\/tr>\n<tr>\n<td width=\"121\">\n<p style=\"text-align: center\"><strong>8.20 \u2013 9.05<\/strong><\/p>\n<\/td>\n<td style=\"text-align: center\" width=\"121\">\n<p style=\"text-align: center\">ODS<\/p>\n<\/td>\n<td style=\"text-align: center\" width=\"121\">ODS<\/td>\n<td style=\"text-align: center\" width=\"121\">ODS<\/td>\n<td style=\"text-align: center\" width=\"121\">ODS<\/td>\n<\/tr>\n<tr>\n<td width=\"121\">\n<p style=\"text-align: center\"><strong>9.25 \u2013 10.10<\/strong><\/p>\n<\/td>\n<td width=\"121\">\n<p style=\"text-align: center\">ODS<\/p>\n<\/td>\n<td style=\"text-align: center\" width=\"121\">ODS<\/td>\n<td style=\"text-align: center\" width=\"121\">ODS<\/td>\n<td width=\"121\">\n<p style=\"text-align: center\">ODS<\/p>\n<\/td>\n<\/tr>\n<tr>\n<td style=\"text-align: center\" width=\"121\"><strong>10.15 \u2013 11.00<\/strong><\/td>\n<td style=\"text-align: center\" width=\"121\">\u0160PO<\/td>\n<td style=\"text-align: center\" width=\"121\">LUM<\/td>\n<td style=\"text-align: center\" width=\"121\">MAT<\/td>\n<td width=\"121\">\n<p style=\"text-align: center\">DRU<\/p>\n<\/td>\n<\/tr>\n<tr>\n<td style=\"text-align: center\" width=\"121\"><strong>11.05 \u2013 11.50<\/strong><\/td>\n<td style=\"text-align: center\" width=\"121\">SPO<\/td>\n<td style=\"text-align: center\" width=\"121\">LUM<\/td>\n<td style=\"text-align: center\" width=\"121\">DRU<\/td>\n<td width=\"121\">\n<p style=\"text-align: center\">SLJ<\/p>\n<\/td>\n<\/tr>\n<\/tbody>\n<\/table>\n<p>&nbsp;<\/p>\n<p><strong>U\u010denci 2. in 3. razreda prinesite s seboj vse \u0161olske potreb\u0161\u010dine, u\u010denci 4. in 5. razreda pa potreb\u0161\u010dine za predmeta, ki sta ta dan na urniku.<\/strong><\/p>\n<p><strong>S seboj prinesite tudi \u0161olske copate.<\/strong><\/p>\n<p><strong>U\u010dbenike boste prevzeli prvi \u0161olski dan.<\/strong><\/p>\n<p>&nbsp;<\/p>\n<p><strong>Malica bo za vse u\u010dence, mo\u017eno je tudi kosilo in OPB. Jutranjega varstva prvi \u0161olski dan ni.<\/strong><\/p>\n","protected":false},"excerpt":{"rendered":"<p>Za u\u010denke in u\u010dence 2., 3., 4. in 5. razreda se bo pouk pri\u010del v\u00a0petek, 1. septembra, ob 8.20. Urnik za prvi \u0161olski dan: \u00a0 2. t 3. t 4. t 5. t 8.20 \u2013 9.05 ODS ODS ODS ODS 9.25 \u2013 10.10 ODS ODS ODS ODS 10.15 \u2013 11.00 \u0160PO LUM MAT DRU 11.05 \u2013 11.50 SPO LUM DRU SLJ &nbsp; U\u010denci 2. in 3. razreda prinesite s seboj vse \u0161olske potreb\u0161\u010dine, u\u010denci 4. in 5. razreda pa potreb\u0161\u010dine za predmeta, ki sta ta dan na urniku. S seboj prinesite tudi \u0161olske copate. U\u010dbenike boste prevzeli prvi \u0161olski dan. &nbsp; [&hellip;]<\/p>\n","protected":false},"author":6,"featured_media":3259,"comment_status":"open","ping_status":"open","sticky":false,"template":"","format":"standard","meta":{"footnotes":""},"categories":[27],"tags":[],"class_list":["post-3262","post","type-post","status-publish","format-standard","has-post-thumbnail","hentry","category-obvestila"],"yoast_head":"<!-- This site is optimized with the Yoast SEO plugin v19.11 - https:\/\/yoast.com\/wordpress\/plugins\/seo\/ -->\n<title>Prvi \u0161olski dan - 2. do 5. razred - P\u0160 Trstenik<\/title>\n<meta name=\"robots\" content=\"index, follow, max-snippet:-1, max-image-preview:large, max-video-preview:-1\" \/>\n<link rel=\"canonical\" href=\"https:\/\/www.osjenka.si\/ps-trstenik\/2023\/08\/30\/prvi-solski-dan-2-do-5-razred\/\" \/>\n<meta property=\"og:locale\" content=\"sl_SI\" \/>\n<meta property=\"og:type\" content=\"article\" \/>\n<meta property=\"og:title\" content=\"Prvi \u0161olski dan - 2. do 5. razred - P\u0160 Trstenik\" \/>\n<meta property=\"og:description\" content=\"Za u\u010denke in u\u010dence 2., 3., 4. in 5. razreda se bo pouk pri\u010del v\u00a0petek, 1. septembra, ob 8.20. Urnik za prvi \u0161olski dan: \u00a0 2. t 3. t 4. t 5. t 8.20 \u2013 9.05 ODS ODS ODS ODS 9.25 \u2013 10.10 ODS ODS ODS ODS 10.15 \u2013 11.00 \u0160PO LUM MAT DRU 11.05 \u2013 11.50 SPO LUM DRU SLJ &nbsp; U\u010denci 2. in 3. razreda prinesite s seboj vse \u0161olske potreb\u0161\u010dine, u\u010denci 4. in 5. razreda pa potreb\u0161\u010dine za predmeta, ki sta ta dan na urniku. S seboj prinesite tudi \u0161olske copate. U\u010dbenike boste prevzeli prvi \u0161olski dan. &nbsp; [&hellip;]\" \/>\n<meta property=\"og:url\" content=\"https:\/\/www.osjenka.si\/ps-trstenik\/2023\/08\/30\/prvi-solski-dan-2-do-5-razred\/\" \/>\n<meta property=\"og:site_name\" content=\"P\u0160 Trstenik\" \/>\n<meta property=\"article:published_time\" content=\"2023-08-30T06:59:15+00:00\" \/>\n<meta property=\"article:modified_time\" content=\"2023-08-30T07:06:00+00:00\" \/>\n<meta property=\"og:image\" content=\"https:\/\/www.osjenka.si\/ps-trstenik\/wp-content\/uploads\/sites\/3\/2023\/08\/school-clipart-md.png\" \/>\n\t<meta property=\"og:image:width\" content=\"800\" \/>\n\t<meta property=\"og:image:height\" content=\"800\" \/>\n\t<meta property=\"og:image:type\" content=\"image\/png\" \/>\n<meta name=\"author\" content=\"marijanca\" \/>\n<meta name=\"twitter:card\" content=\"summary_large_image\" \/>\n<meta name=\"twitter:label1\" content=\"Written by\" \/>\n\t<meta name=\"twitter:data1\" content=\"marijanca\" \/>\n\t<meta name=\"twitter:label2\" content=\"Est. reading time\" \/>\n\t<meta name=\"twitter:data2\" content=\"1 minuta\" \/>\n<script type=\"application\/ld+json\" class=\"yoast-schema-graph\">{\"@context\":\"https:\/\/schema.org\",\"@graph\":[{\"@type\":\"WebPage\",\"@id\":\"https:\/\/www.osjenka.si\/ps-trstenik\/2023\/08\/30\/prvi-solski-dan-2-do-5-razred\/\",\"url\":\"https:\/\/www.osjenka.si\/ps-trstenik\/2023\/08\/30\/prvi-solski-dan-2-do-5-razred\/\",\"name\":\"Prvi \u0161olski dan - 2. do 5. razred - P\u0160 Trstenik\",\"isPartOf\":{\"@id\":\"https:\/\/www.osjenka.si\/ps-trstenik\/#website\"},\"datePublished\":\"2023-08-30T06:59:15+00:00\",\"dateModified\":\"2023-08-30T07:06:00+00:00\",\"author\":{\"@id\":\"https:\/\/www.osjenka.si\/ps-trstenik\/#\/schema\/person\/e994953e80ee06b3734632ceb1a36cbc\"},\"breadcrumb\":{\"@id\":\"https:\/\/www.osjenka.si\/ps-trstenik\/2023\/08\/30\/prvi-solski-dan-2-do-5-razred\/#breadcrumb\"},\"inLanguage\":\"sl-SI\",\"potentialAction\":[{\"@type\":\"ReadAction\",\"target\":[\"https:\/\/www.osjenka.si\/ps-trstenik\/2023\/08\/30\/prvi-solski-dan-2-do-5-razred\/\"]}]},{\"@type\":\"BreadcrumbList\",\"@id\":\"https:\/\/www.osjenka.si\/ps-trstenik\/2023\/08\/30\/prvi-solski-dan-2-do-5-razred\/#breadcrumb\",\"itemListElement\":[{\"@type\":\"ListItem\",\"position\":1,\"name\":\"Home\",\"item\":\"https:\/\/www.osjenka.si\/ps-trstenik\/\"},{\"@type\":\"ListItem\",\"position\":2,\"name\":\"Prvi \u0161olski dan &#8211; 2. do 5. razred\"}]},{\"@type\":\"WebSite\",\"@id\":\"https:\/\/www.osjenka.si\/ps-trstenik\/#website\",\"url\":\"https:\/\/www.osjenka.si\/ps-trstenik\/\",\"name\":\"P\u0160 Trstenik\",\"description\":\"\",\"potentialAction\":[{\"@type\":\"SearchAction\",\"target\":{\"@type\":\"EntryPoint\",\"urlTemplate\":\"https:\/\/www.osjenka.si\/ps-trstenik\/?s={search_term_string}\"},\"query-input\":\"required name=search_term_string\"}],\"inLanguage\":\"sl-SI\"},{\"@type\":\"Person\",\"@id\":\"https:\/\/www.osjenka.si\/ps-trstenik\/#\/schema\/person\/e994953e80ee06b3734632ceb1a36cbc\",\"name\":\"marijanca\",\"image\":{\"@type\":\"ImageObject\",\"inLanguage\":\"sl-SI\",\"@id\":\"https:\/\/www.osjenka.si\/ps-trstenik\/#\/schema\/person\/image\/\",\"url\":\"https:\/\/secure.gravatar.com\/avatar\/dbce7ac167ee71177f370bf0bb0bba3702fec9264452e7366493259d6187ae79?s=96&d=mm&r=g\",\"contentUrl\":\"https:\/\/secure.gravatar.com\/avatar\/dbce7ac167ee71177f370bf0bb0bba3702fec9264452e7366493259d6187ae79?s=96&d=mm&r=g\",\"caption\":\"marijanca\"},\"url\":\"https:\/\/www.osjenka.si\/ps-trstenik\/author\/marijanca\/\"}]}<\/script>\n<!-- \/ Yoast SEO plugin. -->","yoast_head_json":{"title":"Prvi \u0161olski dan - 2. do 5. razred - P\u0160 Trstenik","robots":{"index":"index","follow":"follow","max-snippet":"max-snippet:-1","max-image-preview":"max-image-preview:large","max-video-preview":"max-video-preview:-1"},"canonical":"https:\/\/www.osjenka.si\/ps-trstenik\/2023\/08\/30\/prvi-solski-dan-2-do-5-razred\/","og_locale":"sl_SI","og_type":"article","og_title":"Prvi \u0161olski dan - 2. do 5. razred - P\u0160 Trstenik","og_description":"Za u\u010denke in u\u010dence 2., 3., 4. in 5. razreda se bo pouk pri\u010del v\u00a0petek, 1. septembra, ob 8.20. Urnik za prvi \u0161olski dan: \u00a0 2. t 3. t 4. t 5. t 8.20 \u2013 9.05 ODS ODS ODS ODS 9.25 \u2013 10.10 ODS ODS ODS ODS 10.15 \u2013 11.00 \u0160PO LUM MAT DRU 11.05 \u2013 11.50 SPO LUM DRU SLJ &nbsp; U\u010denci 2. in 3. razreda prinesite s seboj vse \u0161olske potreb\u0161\u010dine, u\u010denci 4. in 5. razreda pa potreb\u0161\u010dine za predmeta, ki sta ta dan na urniku. S seboj prinesite tudi \u0161olske copate. U\u010dbenike boste prevzeli prvi \u0161olski dan. &nbsp; [&hellip;]","og_url":"https:\/\/www.osjenka.si\/ps-trstenik\/2023\/08\/30\/prvi-solski-dan-2-do-5-razred\/","og_site_name":"P\u0160 Trstenik","article_published_time":"2023-08-30T06:59:15+00:00","article_modified_time":"2023-08-30T07:06:00+00:00","og_image":[{"width":800,"height":800,"url":"https:\/\/www.osjenka.si\/ps-trstenik\/wp-content\/uploads\/sites\/3\/2023\/08\/school-clipart-md.png","type":"image\/png"}],"author":"marijanca","twitter_card":"summary_large_image","twitter_misc":{"Written by":"marijanca","Est. reading time":"1 minuta"},"schema":{"@context":"https:\/\/schema.org","@graph":[{"@type":"WebPage","@id":"https:\/\/www.osjenka.si\/ps-trstenik\/2023\/08\/30\/prvi-solski-dan-2-do-5-razred\/","url":"https:\/\/www.osjenka.si\/ps-trstenik\/2023\/08\/30\/prvi-solski-dan-2-do-5-razred\/","name":"Prvi \u0161olski dan - 2. do 5. razred - P\u0160 Trstenik","isPartOf":{"@id":"https:\/\/www.osjenka.si\/ps-trstenik\/#website"},"datePublished":"2023-08-30T06:59:15+00:00","dateModified":"2023-08-30T07:06:00+00:00","author":{"@id":"https:\/\/www.osjenka.si\/ps-trstenik\/#\/schema\/person\/e994953e80ee06b3734632ceb1a36cbc"},"breadcrumb":{"@id":"https:\/\/www.osjenka.si\/ps-trstenik\/2023\/08\/30\/prvi-solski-dan-2-do-5-razred\/#breadcrumb"},"inLanguage":"sl-SI","potentialAction":[{"@type":"ReadAction","target":["https:\/\/www.osjenka.si\/ps-trstenik\/2023\/08\/30\/prvi-solski-dan-2-do-5-razred\/"]}]},{"@type":"BreadcrumbList","@id":"https:\/\/www.osjenka.si\/ps-trstenik\/2023\/08\/30\/prvi-solski-dan-2-do-5-razred\/#breadcrumb","itemListElement":[{"@type":"ListItem","position":1,"name":"Home","item":"https:\/\/www.osjenka.si\/ps-trstenik\/"},{"@type":"ListItem","position":2,"name":"Prvi \u0161olski dan &#8211; 2. do 5. razred"}]},{"@type":"WebSite","@id":"https:\/\/www.osjenka.si\/ps-trstenik\/#website","url":"https:\/\/www.osjenka.si\/ps-trstenik\/","name":"P\u0160 Trstenik","description":"","potentialAction":[{"@type":"SearchAction","target":{"@type":"EntryPoint","urlTemplate":"https:\/\/www.osjenka.si\/ps-trstenik\/?s={search_term_string}"},"query-input":"required name=search_term_string"}],"inLanguage":"sl-SI"},{"@type":"Person","@id":"https:\/\/www.osjenka.si\/ps-trstenik\/#\/schema\/person\/e994953e80ee06b3734632ceb1a36cbc","name":"marijanca","image":{"@type":"ImageObject","inLanguage":"sl-SI","@id":"https:\/\/www.osjenka.si\/ps-trstenik\/#\/schema\/person\/image\/","url":"https:\/\/secure.gravatar.com\/avatar\/dbce7ac167ee71177f370bf0bb0bba3702fec9264452e7366493259d6187ae79?s=96&d=mm&r=g","contentUrl":"https:\/\/secure.gravatar.com\/avatar\/dbce7ac167ee71177f370bf0bb0bba3702fec9264452e7366493259d6187ae79?s=96&d=mm&r=g","caption":"marijanca"},"url":"https:\/\/www.osjenka.si\/ps-trstenik\/author\/marijanca\/"}]}},"_links":{"self":[{"href":"https:\/\/www.osjenka.si\/ps-trstenik\/wp-json\/wp\/v2\/posts\/3262","targetHints":{"allow":["GET"]}}],"collection":[{"href":"https:\/\/www.osjenka.si\/ps-trstenik\/wp-json\/wp\/v2\/posts"}],"about":[{"href":"https:\/\/www.osjenka.si\/ps-trstenik\/wp-json\/wp\/v2\/types\/post"}],"author":[{"embeddable":true,"href":"https:\/\/www.osjenka.si\/ps-trstenik\/wp-json\/wp\/v2\/users\/6"}],"replies":[{"embeddable":true,"href":"https:\/\/www.osjenka.si\/ps-trstenik\/wp-json\/wp\/v2\/comments?post=3262"}],"version-history":[{"count":3,"href":"https:\/\/www.osjenka.si\/ps-trstenik\/wp-json\/wp\/v2\/posts\/3262\/revisions"}],"predecessor-version":[{"id":3265,"href":"https:\/\/www.osjenka.si\/ps-trstenik\/wp-json\/wp\/v2\/posts\/3262\/revisions\/3265"}],"wp:featuredmedia":[{"embeddable":true,"href":"https:\/\/www.osjenka.si\/ps-trstenik\/wp-json\/wp\/v2\/media\/3259"}],"wp:attachment":[{"href":"https:\/\/www.osjenka.si\/ps-trstenik\/wp-json\/wp\/v2\/media?parent=3262"}],"wp:term":[{"taxonomy":"category","embeddable":true,"href":"https:\/\/www.osjenka.si\/ps-trstenik\/wp-json\/wp\/v2\/categories?post=3262"},{"taxonomy":"post_tag","embeddable":true,"href":"https:\/\/www.osjenka.si\/ps-trstenik\/wp-json\/wp\/v2\/tags?post=3262"}],"curies":[{"name":"wp","href":"https:\/\/api.w.org\/{rel}","templated":true}]}}