{"id":3309,"date":"2023-10-02T19:37:03","date_gmt":"2023-10-02T17:37:03","guid":{"rendered":"https:\/\/www.osjenka.si\/ps-trstenik\/?p=3309"},"modified":"2023-10-02T19:37:03","modified_gmt":"2023-10-02T17:37:03","slug":"sd-jesenski-pohod-4-in-5-razred","status":"publish","type":"post","link":"https:\/\/www.osjenka.si\/ps-trstenik\/2023\/10\/02\/sd-jesenski-pohod-4-in-5-razred\/","title":{"rendered":"\u0160D Jesenski pohod (4. in 5. razred)"},"content":{"rendered":"<p>UTRINKI Z LOVRENCA<\/p>\n<p>V \u010detrtek, 28. 9. 2023, smo imeli \u0161portni dan. Povzpeli smo se na Svetega Lovrenca. Poslu\u0161ali smo naravo in se pogovarjali. Bil je te\u017eek vzpon, saj je bilo vro\u010de. Vedeli smo, da nam stokanje ne bo pomagalo, zato smo proti koncu \u017ee bolj hodili v miru in ti\u0161ini. Vmes smo naredili tudi po\u010ditek in si privo\u0161\u010dili par po\u017eirkov. Zgoraj smo se spo\u010dili, pojedli malico in se tudi posladkali.<\/p>\n<p>Bilo je vredno!!!<\/p>\n<p>Zapisala Tisa A\u017ebe<\/p>\n<p><img decoding=\"async\" class=\"lazyload aligncenter size-fusion-600 wp-image-3310\" src=\"https:\/\/www.osjenka.si\/ps-trstenik\/wp-content\/uploads\/sites\/3\/2023\/10\/20230928_104723-600x800.jpg\" data-orig-src=\"https:\/\/www.osjenka.si\/ps-trstenik\/wp-content\/uploads\/sites\/3\/2023\/10\/20230928_104723-600x800.jpg\" alt=\"\" width=\"600\" height=\"800\" srcset=\"data:image\/svg+xml,%3Csvg%20xmlns%3D%27http%3A%2F%2Fwww.w3.org%2F2000%2Fsvg%27%20width%3D%27600%27%20height%3D%27800%27%20viewBox%3D%270%200%20600%20800%27%3E%3Crect%20width%3D%27600%27%20height%3D%27800%27%20fill-opacity%3D%220%22%2F%3E%3C%2Fsvg%3E\" data-srcset=\"https:\/\/www.osjenka.si\/ps-trstenik\/wp-content\/uploads\/sites\/3\/2023\/10\/20230928_104723-200x267.jpg 200w, https:\/\/www.osjenka.si\/ps-trstenik\/wp-content\/uploads\/sites\/3\/2023\/10\/20230928_104723-225x300.jpg 225w, https:\/\/www.osjenka.si\/ps-trstenik\/wp-content\/uploads\/sites\/3\/2023\/10\/20230928_104723-300x400.jpg 300w, https:\/\/www.osjenka.si\/ps-trstenik\/wp-content\/uploads\/sites\/3\/2023\/10\/20230928_104723-400x533.jpg 400w, https:\/\/www.osjenka.si\/ps-trstenik\/wp-content\/uploads\/sites\/3\/2023\/10\/20230928_104723-600x800.jpg 600w, https:\/\/www.osjenka.si\/ps-trstenik\/wp-content\/uploads\/sites\/3\/2023\/10\/20230928_104723-768x1024.jpg 768w, https:\/\/www.osjenka.si\/ps-trstenik\/wp-content\/uploads\/sites\/3\/2023\/10\/20230928_104723-800x1067.jpg 800w, https:\/\/www.osjenka.si\/ps-trstenik\/wp-content\/uploads\/sites\/3\/2023\/10\/20230928_104723-1152x1536.jpg 1152w, https:\/\/www.osjenka.si\/ps-trstenik\/wp-content\/uploads\/sites\/3\/2023\/10\/20230928_104723-1200x1600.jpg 1200w, https:\/\/www.osjenka.si\/ps-trstenik\/wp-content\/uploads\/sites\/3\/2023\/10\/20230928_104723.jpg 1440w\" data-sizes=\"auto\" data-orig-sizes=\"(max-width: 600px) 100vw, 600px\" \/><\/p>\n","protected":false},"excerpt":{"rendered":"<p>UTRINKI Z LOVRENCA V \u010detrtek, 28. 9. 2023, smo imeli \u0161portni dan. Povzpeli smo se na Svetega Lovrenca. Poslu\u0161ali smo naravo in se pogovarjali. Bil je te\u017eek vzpon, saj je bilo vro\u010de. Vedeli smo, da nam stokanje ne bo pomagalo, zato smo proti koncu \u017ee bolj hodili v miru in ti\u0161ini. Vmes smo naredili tudi po\u010ditek in si privo\u0161\u010dili par po\u017eirkov. Zgoraj smo se spo\u010dili, pojedli malico in se tudi posladkali. Bilo je vredno!!! Zapisala Tisa A\u017ebe<\/p>\n","protected":false},"author":6,"featured_media":3311,"comment_status":"open","ping_status":"open","sticky":false,"template":"","format":"standard","meta":{"footnotes":""},"categories":[28],"tags":[],"class_list":["post-3309","post","type-post","status-publish","format-standard","has-post-thumbnail","hentry","category-novice"],"yoast_head":"<!-- This site is optimized with the Yoast SEO plugin v19.11 - https:\/\/yoast.com\/wordpress\/plugins\/seo\/ -->\n<title>\u0160D Jesenski pohod (4. in 5. razred) - P\u0160 Trstenik<\/title>\n<meta name=\"robots\" content=\"index, follow, max-snippet:-1, max-image-preview:large, max-video-preview:-1\" \/>\n<link rel=\"canonical\" href=\"https:\/\/www.osjenka.si\/ps-trstenik\/2023\/10\/02\/sd-jesenski-pohod-4-in-5-razred\/\" \/>\n<meta property=\"og:locale\" content=\"sl_SI\" \/>\n<meta property=\"og:type\" content=\"article\" \/>\n<meta property=\"og:title\" content=\"\u0160D Jesenski pohod (4. in 5. razred) - P\u0160 Trstenik\" \/>\n<meta property=\"og:description\" content=\"UTRINKI Z LOVRENCA V \u010detrtek, 28. 9. 2023, smo imeli \u0161portni dan. Povzpeli smo se na Svetega Lovrenca. Poslu\u0161ali smo naravo in se pogovarjali. Bil je te\u017eek vzpon, saj je bilo vro\u010de. Vedeli smo, da nam stokanje ne bo pomagalo, zato smo proti koncu \u017ee bolj hodili v miru in ti\u0161ini. Vmes smo naredili tudi po\u010ditek in si privo\u0161\u010dili par po\u017eirkov. Zgoraj smo se spo\u010dili, pojedli malico in se tudi posladkali. Bilo je vredno!!! Zapisala Tisa A\u017ebe\" \/>\n<meta property=\"og:url\" content=\"https:\/\/www.osjenka.si\/ps-trstenik\/2023\/10\/02\/sd-jesenski-pohod-4-in-5-razred\/\" \/>\n<meta property=\"og:site_name\" content=\"P\u0160 Trstenik\" \/>\n<meta property=\"article:published_time\" content=\"2023-10-02T17:37:03+00:00\" \/>\n<meta property=\"og:image\" content=\"https:\/\/www.osjenka.si\/ps-trstenik\/wp-content\/uploads\/sites\/3\/2023\/10\/naslov.jpg\" \/>\n\t<meta property=\"og:image:width\" content=\"1920\" \/>\n\t<meta property=\"og:image:height\" content=\"1440\" \/>\n\t<meta property=\"og:image:type\" content=\"image\/jpeg\" \/>\n<meta name=\"author\" content=\"marijanca\" \/>\n<meta name=\"twitter:card\" content=\"summary_large_image\" \/>\n<meta name=\"twitter:label1\" content=\"Written by\" \/>\n\t<meta name=\"twitter:data1\" content=\"marijanca\" \/>\n\t<meta name=\"twitter:label2\" content=\"Est. reading time\" \/>\n\t<meta name=\"twitter:data2\" content=\"1 minuta\" \/>\n<script type=\"application\/ld+json\" class=\"yoast-schema-graph\">{\"@context\":\"https:\/\/schema.org\",\"@graph\":[{\"@type\":\"WebPage\",\"@id\":\"https:\/\/www.osjenka.si\/ps-trstenik\/2023\/10\/02\/sd-jesenski-pohod-4-in-5-razred\/\",\"url\":\"https:\/\/www.osjenka.si\/ps-trstenik\/2023\/10\/02\/sd-jesenski-pohod-4-in-5-razred\/\",\"name\":\"\u0160D Jesenski pohod (4. in 5. razred) - P\u0160 Trstenik\",\"isPartOf\":{\"@id\":\"https:\/\/www.osjenka.si\/ps-trstenik\/#website\"},\"datePublished\":\"2023-10-02T17:37:03+00:00\",\"dateModified\":\"2023-10-02T17:37:03+00:00\",\"author\":{\"@id\":\"https:\/\/www.osjenka.si\/ps-trstenik\/#\/schema\/person\/e994953e80ee06b3734632ceb1a36cbc\"},\"breadcrumb\":{\"@id\":\"https:\/\/www.osjenka.si\/ps-trstenik\/2023\/10\/02\/sd-jesenski-pohod-4-in-5-razred\/#breadcrumb\"},\"inLanguage\":\"sl-SI\",\"potentialAction\":[{\"@type\":\"ReadAction\",\"target\":[\"https:\/\/www.osjenka.si\/ps-trstenik\/2023\/10\/02\/sd-jesenski-pohod-4-in-5-razred\/\"]}]},{\"@type\":\"BreadcrumbList\",\"@id\":\"https:\/\/www.osjenka.si\/ps-trstenik\/2023\/10\/02\/sd-jesenski-pohod-4-in-5-razred\/#breadcrumb\",\"itemListElement\":[{\"@type\":\"ListItem\",\"position\":1,\"name\":\"Home\",\"item\":\"https:\/\/www.osjenka.si\/ps-trstenik\/\"},{\"@type\":\"ListItem\",\"position\":2,\"name\":\"\u0160D Jesenski pohod (4. in 5. razred)\"}]},{\"@type\":\"WebSite\",\"@id\":\"https:\/\/www.osjenka.si\/ps-trstenik\/#website\",\"url\":\"https:\/\/www.osjenka.si\/ps-trstenik\/\",\"name\":\"P\u0160 Trstenik\",\"description\":\"\",\"potentialAction\":[{\"@type\":\"SearchAction\",\"target\":{\"@type\":\"EntryPoint\",\"urlTemplate\":\"https:\/\/www.osjenka.si\/ps-trstenik\/?s={search_term_string}\"},\"query-input\":\"required name=search_term_string\"}],\"inLanguage\":\"sl-SI\"},{\"@type\":\"Person\",\"@id\":\"https:\/\/www.osjenka.si\/ps-trstenik\/#\/schema\/person\/e994953e80ee06b3734632ceb1a36cbc\",\"name\":\"marijanca\",\"image\":{\"@type\":\"ImageObject\",\"inLanguage\":\"sl-SI\",\"@id\":\"https:\/\/www.osjenka.si\/ps-trstenik\/#\/schema\/person\/image\/\",\"url\":\"https:\/\/secure.gravatar.com\/avatar\/dbce7ac167ee71177f370bf0bb0bba3702fec9264452e7366493259d6187ae79?s=96&d=mm&r=g\",\"contentUrl\":\"https:\/\/secure.gravatar.com\/avatar\/dbce7ac167ee71177f370bf0bb0bba3702fec9264452e7366493259d6187ae79?s=96&d=mm&r=g\",\"caption\":\"marijanca\"},\"url\":\"https:\/\/www.osjenka.si\/ps-trstenik\/author\/marijanca\/\"}]}<\/script>\n<!-- \/ Yoast SEO plugin. -->","yoast_head_json":{"title":"\u0160D Jesenski pohod (4. in 5. razred) - P\u0160 Trstenik","robots":{"index":"index","follow":"follow","max-snippet":"max-snippet:-1","max-image-preview":"max-image-preview:large","max-video-preview":"max-video-preview:-1"},"canonical":"https:\/\/www.osjenka.si\/ps-trstenik\/2023\/10\/02\/sd-jesenski-pohod-4-in-5-razred\/","og_locale":"sl_SI","og_type":"article","og_title":"\u0160D Jesenski pohod (4. in 5. razred) - P\u0160 Trstenik","og_description":"UTRINKI Z LOVRENCA V \u010detrtek, 28. 9. 2023, smo imeli \u0161portni dan. Povzpeli smo se na Svetega Lovrenca. Poslu\u0161ali smo naravo in se pogovarjali. Bil je te\u017eek vzpon, saj je bilo vro\u010de. Vedeli smo, da nam stokanje ne bo pomagalo, zato smo proti koncu \u017ee bolj hodili v miru in ti\u0161ini. Vmes smo naredili tudi po\u010ditek in si privo\u0161\u010dili par po\u017eirkov. Zgoraj smo se spo\u010dili, pojedli malico in se tudi posladkali. Bilo je vredno!!! Zapisala Tisa A\u017ebe","og_url":"https:\/\/www.osjenka.si\/ps-trstenik\/2023\/10\/02\/sd-jesenski-pohod-4-in-5-razred\/","og_site_name":"P\u0160 Trstenik","article_published_time":"2023-10-02T17:37:03+00:00","og_image":[{"width":1920,"height":1440,"url":"https:\/\/www.osjenka.si\/ps-trstenik\/wp-content\/uploads\/sites\/3\/2023\/10\/naslov.jpg","type":"image\/jpeg"}],"author":"marijanca","twitter_card":"summary_large_image","twitter_misc":{"Written by":"marijanca","Est. reading time":"1 minuta"},"schema":{"@context":"https:\/\/schema.org","@graph":[{"@type":"WebPage","@id":"https:\/\/www.osjenka.si\/ps-trstenik\/2023\/10\/02\/sd-jesenski-pohod-4-in-5-razred\/","url":"https:\/\/www.osjenka.si\/ps-trstenik\/2023\/10\/02\/sd-jesenski-pohod-4-in-5-razred\/","name":"\u0160D Jesenski pohod (4. in 5. razred) - P\u0160 Trstenik","isPartOf":{"@id":"https:\/\/www.osjenka.si\/ps-trstenik\/#website"},"datePublished":"2023-10-02T17:37:03+00:00","dateModified":"2023-10-02T17:37:03+00:00","author":{"@id":"https:\/\/www.osjenka.si\/ps-trstenik\/#\/schema\/person\/e994953e80ee06b3734632ceb1a36cbc"},"breadcrumb":{"@id":"https:\/\/www.osjenka.si\/ps-trstenik\/2023\/10\/02\/sd-jesenski-pohod-4-in-5-razred\/#breadcrumb"},"inLanguage":"sl-SI","potentialAction":[{"@type":"ReadAction","target":["https:\/\/www.osjenka.si\/ps-trstenik\/2023\/10\/02\/sd-jesenski-pohod-4-in-5-razred\/"]}]},{"@type":"BreadcrumbList","@id":"https:\/\/www.osjenka.si\/ps-trstenik\/2023\/10\/02\/sd-jesenski-pohod-4-in-5-razred\/#breadcrumb","itemListElement":[{"@type":"ListItem","position":1,"name":"Home","item":"https:\/\/www.osjenka.si\/ps-trstenik\/"},{"@type":"ListItem","position":2,"name":"\u0160D Jesenski pohod (4. in 5. razred)"}]},{"@type":"WebSite","@id":"https:\/\/www.osjenka.si\/ps-trstenik\/#website","url":"https:\/\/www.osjenka.si\/ps-trstenik\/","name":"P\u0160 Trstenik","description":"","potentialAction":[{"@type":"SearchAction","target":{"@type":"EntryPoint","urlTemplate":"https:\/\/www.osjenka.si\/ps-trstenik\/?s={search_term_string}"},"query-input":"required name=search_term_string"}],"inLanguage":"sl-SI"},{"@type":"Person","@id":"https:\/\/www.osjenka.si\/ps-trstenik\/#\/schema\/person\/e994953e80ee06b3734632ceb1a36cbc","name":"marijanca","image":{"@type":"ImageObject","inLanguage":"sl-SI","@id":"https:\/\/www.osjenka.si\/ps-trstenik\/#\/schema\/person\/image\/","url":"https:\/\/secure.gravatar.com\/avatar\/dbce7ac167ee71177f370bf0bb0bba3702fec9264452e7366493259d6187ae79?s=96&d=mm&r=g","contentUrl":"https:\/\/secure.gravatar.com\/avatar\/dbce7ac167ee71177f370bf0bb0bba3702fec9264452e7366493259d6187ae79?s=96&d=mm&r=g","caption":"marijanca"},"url":"https:\/\/www.osjenka.si\/ps-trstenik\/author\/marijanca\/"}]}},"_links":{"self":[{"href":"https:\/\/www.osjenka.si\/ps-trstenik\/wp-json\/wp\/v2\/posts\/3309","targetHints":{"allow":["GET"]}}],"collection":[{"href":"https:\/\/www.osjenka.si\/ps-trstenik\/wp-json\/wp\/v2\/posts"}],"about":[{"href":"https:\/\/www.osjenka.si\/ps-trstenik\/wp-json\/wp\/v2\/types\/post"}],"author":[{"embeddable":true,"href":"https:\/\/www.osjenka.si\/ps-trstenik\/wp-json\/wp\/v2\/users\/6"}],"replies":[{"embeddable":true,"href":"https:\/\/www.osjenka.si\/ps-trstenik\/wp-json\/wp\/v2\/comments?post=3309"}],"version-history":[{"count":1,"href":"https:\/\/www.osjenka.si\/ps-trstenik\/wp-json\/wp\/v2\/posts\/3309\/revisions"}],"predecessor-version":[{"id":3312,"href":"https:\/\/www.osjenka.si\/ps-trstenik\/wp-json\/wp\/v2\/posts\/3309\/revisions\/3312"}],"wp:featuredmedia":[{"embeddable":true,"href":"https:\/\/www.osjenka.si\/ps-trstenik\/wp-json\/wp\/v2\/media\/3311"}],"wp:attachment":[{"href":"https:\/\/www.osjenka.si\/ps-trstenik\/wp-json\/wp\/v2\/media?parent=3309"}],"wp:term":[{"taxonomy":"category","embeddable":true,"href":"https:\/\/www.osjenka.si\/ps-trstenik\/wp-json\/wp\/v2\/categories?post=3309"},{"taxonomy":"post_tag","embeddable":true,"href":"https:\/\/www.osjenka.si\/ps-trstenik\/wp-json\/wp\/v2\/tags?post=3309"}],"curies":[{"name":"wp","href":"https:\/\/api.w.org\/{rel}","templated":true}]}}