{"id":3327,"date":"2023-10-04T16:49:18","date_gmt":"2023-10-04T14:49:18","guid":{"rendered":"https:\/\/www.osjenka.si\/ps-trstenik\/?p=3327"},"modified":"2023-10-04T16:52:43","modified_gmt":"2023-10-04T14:52:43","slug":"sprejem-prvosolcev-v-solsko-skupnost-4-10-2023","status":"publish","type":"post","link":"https:\/\/www.osjenka.si\/ps-trstenik\/2023\/10\/04\/sprejem-prvosolcev-v-solsko-skupnost-4-10-2023\/","title":{"rendered":"Sprejem prvo\u0161olcev v \u0161olsko skupnost (4. 10. 2023)"},"content":{"rendered":"<p>Sreda, 4. oktobra, bo prvo\u0161olcem zagotovo ostala v lepem spominu. Sprejeti so bili namre\u010d v \u0161olsko skupnost. Obiskala jih je gospa ravnateljica, starej\u0161i u\u010denci so jim pripravili prireditev, pa \u0161e sladko presene\u010denje jih je \u010dakalo na koncu. Vseeno pa niso samo sedeli kri\u017eem rok; pokazati so morali, da znajo med seboj sodelovati in re\u0161iti tri naloge. Odli\u010dno jim je \u0161lo. :)<\/p>\n<p>Utrinki s prireditve:<\/p>\n<div id=\"attachment_3328\" style=\"width: 610px\" class=\"wp-caption aligncenter\"><img decoding=\"async\" aria-describedby=\"caption-attachment-3328\" class=\"lazyload wp-image-3328 size-fusion-600\" src=\"https:\/\/www.osjenka.si\/ps-trstenik\/wp-content\/uploads\/sites\/3\/2023\/10\/s01-600x450.jpg\" data-orig-src=\"https:\/\/www.osjenka.si\/ps-trstenik\/wp-content\/uploads\/sites\/3\/2023\/10\/s01-600x450.jpg\" alt=\"\" width=\"600\" height=\"450\" srcset=\"data:image\/svg+xml,%3Csvg%20xmlns%3D%27http%3A%2F%2Fwww.w3.org%2F2000%2Fsvg%27%20width%3D%27600%27%20height%3D%27450%27%20viewBox%3D%270%200%20600%20450%27%3E%3Crect%20width%3D%27600%27%20height%3D%27450%27%20fill-opacity%3D%220%22%2F%3E%3C%2Fsvg%3E\" data-srcset=\"https:\/\/www.osjenka.si\/ps-trstenik\/wp-content\/uploads\/sites\/3\/2023\/10\/s01-200x150.jpg 200w, https:\/\/www.osjenka.si\/ps-trstenik\/wp-content\/uploads\/sites\/3\/2023\/10\/s01-300x225.jpg 300w, https:\/\/www.osjenka.si\/ps-trstenik\/wp-content\/uploads\/sites\/3\/2023\/10\/s01-400x300.jpg 400w, https:\/\/www.osjenka.si\/ps-trstenik\/wp-content\/uploads\/sites\/3\/2023\/10\/s01-600x450.jpg 600w, https:\/\/www.osjenka.si\/ps-trstenik\/wp-content\/uploads\/sites\/3\/2023\/10\/s01-768x576.jpg 768w, https:\/\/www.osjenka.si\/ps-trstenik\/wp-content\/uploads\/sites\/3\/2023\/10\/s01-800x600.jpg 800w, https:\/\/www.osjenka.si\/ps-trstenik\/wp-content\/uploads\/sites\/3\/2023\/10\/s01-1024x768.jpg 1024w, https:\/\/www.osjenka.si\/ps-trstenik\/wp-content\/uploads\/sites\/3\/2023\/10\/s01-1200x900.jpg 1200w, https:\/\/www.osjenka.si\/ps-trstenik\/wp-content\/uploads\/sites\/3\/2023\/10\/s01-1536x1152.jpg 1536w, https:\/\/www.osjenka.si\/ps-trstenik\/wp-content\/uploads\/sites\/3\/2023\/10\/s01.jpg 1920w\" data-sizes=\"auto\" data-orig-sizes=\"(max-width: 600px) 100vw, 600px\" \/><p id=\"caption-attachment-3328\" class=\"wp-caption-text\">Prireditev sta povezovala Tobija in Ela.<\/p><\/div>\n<div id=\"attachment_3329\" style=\"width: 610px\" class=\"wp-caption aligncenter\"><img decoding=\"async\" aria-describedby=\"caption-attachment-3329\" class=\"lazyload wp-image-3329 size-fusion-600\" src=\"https:\/\/www.osjenka.si\/ps-trstenik\/wp-content\/uploads\/sites\/3\/2023\/10\/s02-600x450.jpg\" data-orig-src=\"https:\/\/www.osjenka.si\/ps-trstenik\/wp-content\/uploads\/sites\/3\/2023\/10\/s02-600x450.jpg\" alt=\"\" width=\"600\" height=\"450\" srcset=\"data:image\/svg+xml,%3Csvg%20xmlns%3D%27http%3A%2F%2Fwww.w3.org%2F2000%2Fsvg%27%20width%3D%27600%27%20height%3D%27450%27%20viewBox%3D%270%200%20600%20450%27%3E%3Crect%20width%3D%27600%27%20height%3D%27450%27%20fill-opacity%3D%220%22%2F%3E%3C%2Fsvg%3E\" data-srcset=\"https:\/\/www.osjenka.si\/ps-trstenik\/wp-content\/uploads\/sites\/3\/2023\/10\/s02-200x150.jpg 200w, https:\/\/www.osjenka.si\/ps-trstenik\/wp-content\/uploads\/sites\/3\/2023\/10\/s02-300x225.jpg 300w, https:\/\/www.osjenka.si\/ps-trstenik\/wp-content\/uploads\/sites\/3\/2023\/10\/s02-400x300.jpg 400w, https:\/\/www.osjenka.si\/ps-trstenik\/wp-content\/uploads\/sites\/3\/2023\/10\/s02-600x450.jpg 600w, https:\/\/www.osjenka.si\/ps-trstenik\/wp-content\/uploads\/sites\/3\/2023\/10\/s02-768x576.jpg 768w, https:\/\/www.osjenka.si\/ps-trstenik\/wp-content\/uploads\/sites\/3\/2023\/10\/s02-800x600.jpg 800w, https:\/\/www.osjenka.si\/ps-trstenik\/wp-content\/uploads\/sites\/3\/2023\/10\/s02-1024x768.jpg 1024w, https:\/\/www.osjenka.si\/ps-trstenik\/wp-content\/uploads\/sites\/3\/2023\/10\/s02-1200x900.jpg 1200w, https:\/\/www.osjenka.si\/ps-trstenik\/wp-content\/uploads\/sites\/3\/2023\/10\/s02-1536x1152.jpg 1536w, https:\/\/www.osjenka.si\/ps-trstenik\/wp-content\/uploads\/sites\/3\/2023\/10\/s02.jpg 1920w\" data-sizes=\"auto\" data-orig-sizes=\"(max-width: 600px) 100vw, 600px\" \/><p id=\"caption-attachment-3329\" class=\"wp-caption-text\">Prvo\u0161olci v napetem pri\u010dakovanjiu.<\/p><\/div>\n<div id=\"attachment_3330\" style=\"width: 610px\" class=\"wp-caption aligncenter\"><img decoding=\"async\" aria-describedby=\"caption-attachment-3330\" class=\"lazyload wp-image-3330 size-fusion-600\" src=\"https:\/\/www.osjenka.si\/ps-trstenik\/wp-content\/uploads\/sites\/3\/2023\/10\/s03-600x450.jpg\" data-orig-src=\"https:\/\/www.osjenka.si\/ps-trstenik\/wp-content\/uploads\/sites\/3\/2023\/10\/s03-600x450.jpg\" alt=\"\" width=\"600\" height=\"450\" srcset=\"data:image\/svg+xml,%3Csvg%20xmlns%3D%27http%3A%2F%2Fwww.w3.org%2F2000%2Fsvg%27%20width%3D%27600%27%20height%3D%27450%27%20viewBox%3D%270%200%20600%20450%27%3E%3Crect%20width%3D%27600%27%20height%3D%27450%27%20fill-opacity%3D%220%22%2F%3E%3C%2Fsvg%3E\" data-srcset=\"https:\/\/www.osjenka.si\/ps-trstenik\/wp-content\/uploads\/sites\/3\/2023\/10\/s03-200x150.jpg 200w, https:\/\/www.osjenka.si\/ps-trstenik\/wp-content\/uploads\/sites\/3\/2023\/10\/s03-300x225.jpg 300w, https:\/\/www.osjenka.si\/ps-trstenik\/wp-content\/uploads\/sites\/3\/2023\/10\/s03-400x300.jpg 400w, https:\/\/www.osjenka.si\/ps-trstenik\/wp-content\/uploads\/sites\/3\/2023\/10\/s03-600x450.jpg 600w, https:\/\/www.osjenka.si\/ps-trstenik\/wp-content\/uploads\/sites\/3\/2023\/10\/s03-768x576.jpg 768w, https:\/\/www.osjenka.si\/ps-trstenik\/wp-content\/uploads\/sites\/3\/2023\/10\/s03-800x600.jpg 800w, https:\/\/www.osjenka.si\/ps-trstenik\/wp-content\/uploads\/sites\/3\/2023\/10\/s03-1024x768.jpg 1024w, https:\/\/www.osjenka.si\/ps-trstenik\/wp-content\/uploads\/sites\/3\/2023\/10\/s03-1200x900.jpg 1200w, https:\/\/www.osjenka.si\/ps-trstenik\/wp-content\/uploads\/sites\/3\/2023\/10\/s03-1536x1152.jpg 1536w, https:\/\/www.osjenka.si\/ps-trstenik\/wp-content\/uploads\/sites\/3\/2023\/10\/s03.jpg 1920w\" data-sizes=\"auto\" data-orig-sizes=\"(max-width: 600px) 100vw, 600px\" \/><p id=\"caption-attachment-3330\" class=\"wp-caption-text\">O kobilici Karliju so prepevali u\u010denci 2. razreda.<\/p><\/div>\n<div id=\"attachment_3331\" style=\"width: 610px\" class=\"wp-caption aligncenter\"><img decoding=\"async\" aria-describedby=\"caption-attachment-3331\" class=\"lazyload wp-image-3331 size-fusion-600\" src=\"https:\/\/www.osjenka.si\/ps-trstenik\/wp-content\/uploads\/sites\/3\/2023\/10\/s04-600x450.jpg\" data-orig-src=\"https:\/\/www.osjenka.si\/ps-trstenik\/wp-content\/uploads\/sites\/3\/2023\/10\/s04-600x450.jpg\" alt=\"\" width=\"600\" height=\"450\" srcset=\"data:image\/svg+xml,%3Csvg%20xmlns%3D%27http%3A%2F%2Fwww.w3.org%2F2000%2Fsvg%27%20width%3D%27600%27%20height%3D%27450%27%20viewBox%3D%270%200%20600%20450%27%3E%3Crect%20width%3D%27600%27%20height%3D%27450%27%20fill-opacity%3D%220%22%2F%3E%3C%2Fsvg%3E\" data-srcset=\"https:\/\/www.osjenka.si\/ps-trstenik\/wp-content\/uploads\/sites\/3\/2023\/10\/s04-200x150.jpg 200w, https:\/\/www.osjenka.si\/ps-trstenik\/wp-content\/uploads\/sites\/3\/2023\/10\/s04-300x225.jpg 300w, https:\/\/www.osjenka.si\/ps-trstenik\/wp-content\/uploads\/sites\/3\/2023\/10\/s04-400x300.jpg 400w, https:\/\/www.osjenka.si\/ps-trstenik\/wp-content\/uploads\/sites\/3\/2023\/10\/s04-600x450.jpg 600w, https:\/\/www.osjenka.si\/ps-trstenik\/wp-content\/uploads\/sites\/3\/2023\/10\/s04-768x576.jpg 768w, https:\/\/www.osjenka.si\/ps-trstenik\/wp-content\/uploads\/sites\/3\/2023\/10\/s04-800x600.jpg 800w, https:\/\/www.osjenka.si\/ps-trstenik\/wp-content\/uploads\/sites\/3\/2023\/10\/s04-1024x768.jpg 1024w, https:\/\/www.osjenka.si\/ps-trstenik\/wp-content\/uploads\/sites\/3\/2023\/10\/s04-1200x900.jpg 1200w, https:\/\/www.osjenka.si\/ps-trstenik\/wp-content\/uploads\/sites\/3\/2023\/10\/s04-1536x1152.jpg 1536w, https:\/\/www.osjenka.si\/ps-trstenik\/wp-content\/uploads\/sites\/3\/2023\/10\/s04.jpg 1920w\" data-sizes=\"auto\" data-orig-sizes=\"(max-width: 600px) 100vw, 600px\" \/><p id=\"caption-attachment-3331\" class=\"wp-caption-text\">Prva naloga: hoja po krogih.<\/p><\/div>\n<div id=\"attachment_3332\" style=\"width: 610px\" class=\"wp-caption aligncenter\"><img decoding=\"async\" aria-describedby=\"caption-attachment-3332\" class=\"lazyload wp-image-3332 size-fusion-600\" src=\"https:\/\/www.osjenka.si\/ps-trstenik\/wp-content\/uploads\/sites\/3\/2023\/10\/s05-600x450.jpg\" data-orig-src=\"https:\/\/www.osjenka.si\/ps-trstenik\/wp-content\/uploads\/sites\/3\/2023\/10\/s05-600x450.jpg\" alt=\"\" width=\"600\" height=\"450\" srcset=\"data:image\/svg+xml,%3Csvg%20xmlns%3D%27http%3A%2F%2Fwww.w3.org%2F2000%2Fsvg%27%20width%3D%27600%27%20height%3D%27450%27%20viewBox%3D%270%200%20600%20450%27%3E%3Crect%20width%3D%27600%27%20height%3D%27450%27%20fill-opacity%3D%220%22%2F%3E%3C%2Fsvg%3E\" data-srcset=\"https:\/\/www.osjenka.si\/ps-trstenik\/wp-content\/uploads\/sites\/3\/2023\/10\/s05-200x150.jpg 200w, https:\/\/www.osjenka.si\/ps-trstenik\/wp-content\/uploads\/sites\/3\/2023\/10\/s05-300x225.jpg 300w, https:\/\/www.osjenka.si\/ps-trstenik\/wp-content\/uploads\/sites\/3\/2023\/10\/s05-400x300.jpg 400w, https:\/\/www.osjenka.si\/ps-trstenik\/wp-content\/uploads\/sites\/3\/2023\/10\/s05-600x450.jpg 600w, https:\/\/www.osjenka.si\/ps-trstenik\/wp-content\/uploads\/sites\/3\/2023\/10\/s05-768x576.jpg 768w, https:\/\/www.osjenka.si\/ps-trstenik\/wp-content\/uploads\/sites\/3\/2023\/10\/s05-800x600.jpg 800w, https:\/\/www.osjenka.si\/ps-trstenik\/wp-content\/uploads\/sites\/3\/2023\/10\/s05-1024x768.jpg 1024w, https:\/\/www.osjenka.si\/ps-trstenik\/wp-content\/uploads\/sites\/3\/2023\/10\/s05-1200x900.jpg 1200w, https:\/\/www.osjenka.si\/ps-trstenik\/wp-content\/uploads\/sites\/3\/2023\/10\/s05-1536x1152.jpg 1536w, https:\/\/www.osjenka.si\/ps-trstenik\/wp-content\/uploads\/sites\/3\/2023\/10\/s05.jpg 1920w\" data-sizes=\"auto\" data-orig-sizes=\"(max-width: 600px) 100vw, 600px\" \/><p id=\"caption-attachment-3332\" class=\"wp-caption-text\">Tretje\u0161olci so ob spremljavi harmonikarja Benjamina zapeli Mi se imamo radi.<\/p><\/div>\n<div id=\"attachment_3333\" style=\"width: 610px\" class=\"wp-caption aligncenter\"><img decoding=\"async\" aria-describedby=\"caption-attachment-3333\" class=\"lazyload wp-image-3333 size-fusion-600\" src=\"https:\/\/www.osjenka.si\/ps-trstenik\/wp-content\/uploads\/sites\/3\/2023\/10\/s06-600x450.jpg\" data-orig-src=\"https:\/\/www.osjenka.si\/ps-trstenik\/wp-content\/uploads\/sites\/3\/2023\/10\/s06-600x450.jpg\" alt=\"\" width=\"600\" height=\"450\" srcset=\"data:image\/svg+xml,%3Csvg%20xmlns%3D%27http%3A%2F%2Fwww.w3.org%2F2000%2Fsvg%27%20width%3D%27600%27%20height%3D%27450%27%20viewBox%3D%270%200%20600%20450%27%3E%3Crect%20width%3D%27600%27%20height%3D%27450%27%20fill-opacity%3D%220%22%2F%3E%3C%2Fsvg%3E\" data-srcset=\"https:\/\/www.osjenka.si\/ps-trstenik\/wp-content\/uploads\/sites\/3\/2023\/10\/s06-200x150.jpg 200w, https:\/\/www.osjenka.si\/ps-trstenik\/wp-content\/uploads\/sites\/3\/2023\/10\/s06-300x225.jpg 300w, https:\/\/www.osjenka.si\/ps-trstenik\/wp-content\/uploads\/sites\/3\/2023\/10\/s06-400x300.jpg 400w, https:\/\/www.osjenka.si\/ps-trstenik\/wp-content\/uploads\/sites\/3\/2023\/10\/s06-600x450.jpg 600w, https:\/\/www.osjenka.si\/ps-trstenik\/wp-content\/uploads\/sites\/3\/2023\/10\/s06-768x576.jpg 768w, https:\/\/www.osjenka.si\/ps-trstenik\/wp-content\/uploads\/sites\/3\/2023\/10\/s06-800x600.jpg 800w, https:\/\/www.osjenka.si\/ps-trstenik\/wp-content\/uploads\/sites\/3\/2023\/10\/s06-1024x768.jpg 1024w, https:\/\/www.osjenka.si\/ps-trstenik\/wp-content\/uploads\/sites\/3\/2023\/10\/s06-1200x900.jpg 1200w, https:\/\/www.osjenka.si\/ps-trstenik\/wp-content\/uploads\/sites\/3\/2023\/10\/s06-1536x1152.jpg 1536w, https:\/\/www.osjenka.si\/ps-trstenik\/wp-content\/uploads\/sites\/3\/2023\/10\/s06.jpg 1920w\" data-sizes=\"auto\" data-orig-sizes=\"(max-width: 600px) 100vw, 600px\" \/><p id=\"caption-attachment-3333\" class=\"wp-caption-text\">\u010cetrto\u0161olci so predstavili izvirno to\u010dko.<\/p><\/div>\n<div id=\"attachment_3334\" style=\"width: 610px\" class=\"wp-caption aligncenter\"><img decoding=\"async\" aria-describedby=\"caption-attachment-3334\" class=\"lazyload wp-image-3334 size-fusion-600\" src=\"https:\/\/www.osjenka.si\/ps-trstenik\/wp-content\/uploads\/sites\/3\/2023\/10\/s07-600x450.jpg\" data-orig-src=\"https:\/\/www.osjenka.si\/ps-trstenik\/wp-content\/uploads\/sites\/3\/2023\/10\/s07-600x450.jpg\" alt=\"\" width=\"600\" height=\"450\" srcset=\"data:image\/svg+xml,%3Csvg%20xmlns%3D%27http%3A%2F%2Fwww.w3.org%2F2000%2Fsvg%27%20width%3D%27600%27%20height%3D%27450%27%20viewBox%3D%270%200%20600%20450%27%3E%3Crect%20width%3D%27600%27%20height%3D%27450%27%20fill-opacity%3D%220%22%2F%3E%3C%2Fsvg%3E\" data-srcset=\"https:\/\/www.osjenka.si\/ps-trstenik\/wp-content\/uploads\/sites\/3\/2023\/10\/s07-200x150.jpg 200w, https:\/\/www.osjenka.si\/ps-trstenik\/wp-content\/uploads\/sites\/3\/2023\/10\/s07-300x225.jpg 300w, https:\/\/www.osjenka.si\/ps-trstenik\/wp-content\/uploads\/sites\/3\/2023\/10\/s07-400x300.jpg 400w, https:\/\/www.osjenka.si\/ps-trstenik\/wp-content\/uploads\/sites\/3\/2023\/10\/s07-600x450.jpg 600w, https:\/\/www.osjenka.si\/ps-trstenik\/wp-content\/uploads\/sites\/3\/2023\/10\/s07-768x576.jpg 768w, https:\/\/www.osjenka.si\/ps-trstenik\/wp-content\/uploads\/sites\/3\/2023\/10\/s07-800x600.jpg 800w, https:\/\/www.osjenka.si\/ps-trstenik\/wp-content\/uploads\/sites\/3\/2023\/10\/s07-1024x768.jpg 1024w, https:\/\/www.osjenka.si\/ps-trstenik\/wp-content\/uploads\/sites\/3\/2023\/10\/s07-1200x900.jpg 1200w, https:\/\/www.osjenka.si\/ps-trstenik\/wp-content\/uploads\/sites\/3\/2023\/10\/s07-1536x1152.jpg 1536w, https:\/\/www.osjenka.si\/ps-trstenik\/wp-content\/uploads\/sites\/3\/2023\/10\/s07.jpg 1920w\" data-sizes=\"auto\" data-orig-sizes=\"(max-width: 600px) 100vw, 600px\" \/><p id=\"caption-attachment-3334\" class=\"wp-caption-text\">Stole so uporabili kot instrument.<\/p><\/div>\n<div id=\"attachment_3335\" style=\"width: 610px\" class=\"wp-caption aligncenter\"><img decoding=\"async\" aria-describedby=\"caption-attachment-3335\" class=\"lazyload wp-image-3335 size-fusion-600\" src=\"https:\/\/www.osjenka.si\/ps-trstenik\/wp-content\/uploads\/sites\/3\/2023\/10\/s08-600x450.jpg\" data-orig-src=\"https:\/\/www.osjenka.si\/ps-trstenik\/wp-content\/uploads\/sites\/3\/2023\/10\/s08-600x450.jpg\" alt=\"\" width=\"600\" height=\"450\" srcset=\"data:image\/svg+xml,%3Csvg%20xmlns%3D%27http%3A%2F%2Fwww.w3.org%2F2000%2Fsvg%27%20width%3D%27600%27%20height%3D%27450%27%20viewBox%3D%270%200%20600%20450%27%3E%3Crect%20width%3D%27600%27%20height%3D%27450%27%20fill-opacity%3D%220%22%2F%3E%3C%2Fsvg%3E\" data-srcset=\"https:\/\/www.osjenka.si\/ps-trstenik\/wp-content\/uploads\/sites\/3\/2023\/10\/s08-200x150.jpg 200w, https:\/\/www.osjenka.si\/ps-trstenik\/wp-content\/uploads\/sites\/3\/2023\/10\/s08-300x225.jpg 300w, https:\/\/www.osjenka.si\/ps-trstenik\/wp-content\/uploads\/sites\/3\/2023\/10\/s08-400x300.jpg 400w, https:\/\/www.osjenka.si\/ps-trstenik\/wp-content\/uploads\/sites\/3\/2023\/10\/s08-600x450.jpg 600w, https:\/\/www.osjenka.si\/ps-trstenik\/wp-content\/uploads\/sites\/3\/2023\/10\/s08-768x576.jpg 768w, https:\/\/www.osjenka.si\/ps-trstenik\/wp-content\/uploads\/sites\/3\/2023\/10\/s08-800x600.jpg 800w, https:\/\/www.osjenka.si\/ps-trstenik\/wp-content\/uploads\/sites\/3\/2023\/10\/s08-1024x768.jpg 1024w, https:\/\/www.osjenka.si\/ps-trstenik\/wp-content\/uploads\/sites\/3\/2023\/10\/s08-1200x900.jpg 1200w, https:\/\/www.osjenka.si\/ps-trstenik\/wp-content\/uploads\/sites\/3\/2023\/10\/s08-1536x1152.jpg 1536w, https:\/\/www.osjenka.si\/ps-trstenik\/wp-content\/uploads\/sites\/3\/2023\/10\/s08.jpg 1920w\" data-sizes=\"auto\" data-orig-sizes=\"(max-width: 600px) 100vw, 600px\" \/><p id=\"caption-attachment-3335\" class=\"wp-caption-text\">Druga naloga: skozi tunel.<\/p><\/div>\n<div id=\"attachment_3336\" style=\"width: 610px\" class=\"wp-caption aligncenter\"><img decoding=\"async\" aria-describedby=\"caption-attachment-3336\" class=\"lazyload wp-image-3336 size-fusion-600\" src=\"https:\/\/www.osjenka.si\/ps-trstenik\/wp-content\/uploads\/sites\/3\/2023\/10\/s09-600x450.jpg\" data-orig-src=\"https:\/\/www.osjenka.si\/ps-trstenik\/wp-content\/uploads\/sites\/3\/2023\/10\/s09-600x450.jpg\" alt=\"\" width=\"600\" height=\"450\" srcset=\"data:image\/svg+xml,%3Csvg%20xmlns%3D%27http%3A%2F%2Fwww.w3.org%2F2000%2Fsvg%27%20width%3D%27600%27%20height%3D%27450%27%20viewBox%3D%270%200%20600%20450%27%3E%3Crect%20width%3D%27600%27%20height%3D%27450%27%20fill-opacity%3D%220%22%2F%3E%3C%2Fsvg%3E\" data-srcset=\"https:\/\/www.osjenka.si\/ps-trstenik\/wp-content\/uploads\/sites\/3\/2023\/10\/s09-200x150.jpg 200w, https:\/\/www.osjenka.si\/ps-trstenik\/wp-content\/uploads\/sites\/3\/2023\/10\/s09-300x225.jpg 300w, https:\/\/www.osjenka.si\/ps-trstenik\/wp-content\/uploads\/sites\/3\/2023\/10\/s09-400x300.jpg 400w, https:\/\/www.osjenka.si\/ps-trstenik\/wp-content\/uploads\/sites\/3\/2023\/10\/s09-600x450.jpg 600w, https:\/\/www.osjenka.si\/ps-trstenik\/wp-content\/uploads\/sites\/3\/2023\/10\/s09-768x576.jpg 768w, https:\/\/www.osjenka.si\/ps-trstenik\/wp-content\/uploads\/sites\/3\/2023\/10\/s09-800x600.jpg 800w, https:\/\/www.osjenka.si\/ps-trstenik\/wp-content\/uploads\/sites\/3\/2023\/10\/s09-1024x768.jpg 1024w, https:\/\/www.osjenka.si\/ps-trstenik\/wp-content\/uploads\/sites\/3\/2023\/10\/s09-1200x900.jpg 1200w, https:\/\/www.osjenka.si\/ps-trstenik\/wp-content\/uploads\/sites\/3\/2023\/10\/s09-1536x1152.jpg 1536w, https:\/\/www.osjenka.si\/ps-trstenik\/wp-content\/uploads\/sites\/3\/2023\/10\/s09.jpg 1920w\" data-sizes=\"auto\" data-orig-sizes=\"(max-width: 600px) 100vw, 600px\" \/><p id=\"caption-attachment-3336\" class=\"wp-caption-text\">Tudi peto\u0161olci so peli in igrali.<\/p><\/div>\n<div id=\"attachment_3337\" style=\"width: 610px\" class=\"wp-caption aligncenter\"><img decoding=\"async\" aria-describedby=\"caption-attachment-3337\" class=\"lazyload wp-image-3337 size-fusion-600\" src=\"https:\/\/www.osjenka.si\/ps-trstenik\/wp-content\/uploads\/sites\/3\/2023\/10\/s10-600x450.jpg\" data-orig-src=\"https:\/\/www.osjenka.si\/ps-trstenik\/wp-content\/uploads\/sites\/3\/2023\/10\/s10-600x450.jpg\" alt=\"\" width=\"600\" height=\"450\" srcset=\"data:image\/svg+xml,%3Csvg%20xmlns%3D%27http%3A%2F%2Fwww.w3.org%2F2000%2Fsvg%27%20width%3D%27600%27%20height%3D%27450%27%20viewBox%3D%270%200%20600%20450%27%3E%3Crect%20width%3D%27600%27%20height%3D%27450%27%20fill-opacity%3D%220%22%2F%3E%3C%2Fsvg%3E\" data-srcset=\"https:\/\/www.osjenka.si\/ps-trstenik\/wp-content\/uploads\/sites\/3\/2023\/10\/s10-200x150.jpg 200w, https:\/\/www.osjenka.si\/ps-trstenik\/wp-content\/uploads\/sites\/3\/2023\/10\/s10-300x225.jpg 300w, https:\/\/www.osjenka.si\/ps-trstenik\/wp-content\/uploads\/sites\/3\/2023\/10\/s10-400x300.jpg 400w, https:\/\/www.osjenka.si\/ps-trstenik\/wp-content\/uploads\/sites\/3\/2023\/10\/s10-600x450.jpg 600w, https:\/\/www.osjenka.si\/ps-trstenik\/wp-content\/uploads\/sites\/3\/2023\/10\/s10-768x576.jpg 768w, https:\/\/www.osjenka.si\/ps-trstenik\/wp-content\/uploads\/sites\/3\/2023\/10\/s10-800x600.jpg 800w, https:\/\/www.osjenka.si\/ps-trstenik\/wp-content\/uploads\/sites\/3\/2023\/10\/s10-1024x768.jpg 1024w, https:\/\/www.osjenka.si\/ps-trstenik\/wp-content\/uploads\/sites\/3\/2023\/10\/s10-1200x900.jpg 1200w, https:\/\/www.osjenka.si\/ps-trstenik\/wp-content\/uploads\/sites\/3\/2023\/10\/s10-1536x1152.jpg 1536w, https:\/\/www.osjenka.si\/ps-trstenik\/wp-content\/uploads\/sites\/3\/2023\/10\/s10.jpg 1920w\" data-sizes=\"auto\" data-orig-sizes=\"(max-width: 600px) 100vw, 600px\" \/><p id=\"caption-attachment-3337\" class=\"wp-caption-text\">Tretja naloga: zlesti skozi obro\u010d in se pri tem neprestano dr\u017eati za roke.<\/p><\/div>\n<div id=\"attachment_3338\" style=\"width: 610px\" class=\"wp-caption aligncenter\"><img decoding=\"async\" aria-describedby=\"caption-attachment-3338\" class=\"lazyload wp-image-3338 size-fusion-600\" src=\"https:\/\/www.osjenka.si\/ps-trstenik\/wp-content\/uploads\/sites\/3\/2023\/10\/s11-600x450.jpg\" data-orig-src=\"https:\/\/www.osjenka.si\/ps-trstenik\/wp-content\/uploads\/sites\/3\/2023\/10\/s11-600x450.jpg\" alt=\"\" width=\"600\" height=\"450\" srcset=\"data:image\/svg+xml,%3Csvg%20xmlns%3D%27http%3A%2F%2Fwww.w3.org%2F2000%2Fsvg%27%20width%3D%27600%27%20height%3D%27450%27%20viewBox%3D%270%200%20600%20450%27%3E%3Crect%20width%3D%27600%27%20height%3D%27450%27%20fill-opacity%3D%220%22%2F%3E%3C%2Fsvg%3E\" data-srcset=\"https:\/\/www.osjenka.si\/ps-trstenik\/wp-content\/uploads\/sites\/3\/2023\/10\/s11-200x150.jpg 200w, https:\/\/www.osjenka.si\/ps-trstenik\/wp-content\/uploads\/sites\/3\/2023\/10\/s11-300x225.jpg 300w, https:\/\/www.osjenka.si\/ps-trstenik\/wp-content\/uploads\/sites\/3\/2023\/10\/s11-400x300.jpg 400w, https:\/\/www.osjenka.si\/ps-trstenik\/wp-content\/uploads\/sites\/3\/2023\/10\/s11-600x450.jpg 600w, https:\/\/www.osjenka.si\/ps-trstenik\/wp-content\/uploads\/sites\/3\/2023\/10\/s11-768x576.jpg 768w, https:\/\/www.osjenka.si\/ps-trstenik\/wp-content\/uploads\/sites\/3\/2023\/10\/s11-800x600.jpg 800w, https:\/\/www.osjenka.si\/ps-trstenik\/wp-content\/uploads\/sites\/3\/2023\/10\/s11-1024x768.jpg 1024w, https:\/\/www.osjenka.si\/ps-trstenik\/wp-content\/uploads\/sites\/3\/2023\/10\/s11-1200x900.jpg 1200w, https:\/\/www.osjenka.si\/ps-trstenik\/wp-content\/uploads\/sites\/3\/2023\/10\/s11-1536x1152.jpg 1536w, https:\/\/www.osjenka.si\/ps-trstenik\/wp-content\/uploads\/sites\/3\/2023\/10\/s11.jpg 1920w\" data-sizes=\"auto\" data-orig-sizes=\"(max-width: 600px) 100vw, 600px\" \/><p id=\"caption-attachment-3338\" class=\"wp-caption-text\">Trsteni\u0161ki gasilci. ;)<\/p><\/div>\n<div id=\"attachment_3339\" style=\"width: 610px\" class=\"wp-caption aligncenter\"><img decoding=\"async\" aria-describedby=\"caption-attachment-3339\" class=\"lazyload wp-image-3339 size-fusion-600\" src=\"https:\/\/www.osjenka.si\/ps-trstenik\/wp-content\/uploads\/sites\/3\/2023\/10\/s12-600x450.jpg\" data-orig-src=\"https:\/\/www.osjenka.si\/ps-trstenik\/wp-content\/uploads\/sites\/3\/2023\/10\/s12-600x450.jpg\" alt=\"\" width=\"600\" height=\"450\" srcset=\"data:image\/svg+xml,%3Csvg%20xmlns%3D%27http%3A%2F%2Fwww.w3.org%2F2000%2Fsvg%27%20width%3D%27600%27%20height%3D%27450%27%20viewBox%3D%270%200%20600%20450%27%3E%3Crect%20width%3D%27600%27%20height%3D%27450%27%20fill-opacity%3D%220%22%2F%3E%3C%2Fsvg%3E\" data-srcset=\"https:\/\/www.osjenka.si\/ps-trstenik\/wp-content\/uploads\/sites\/3\/2023\/10\/s12-200x150.jpg 200w, https:\/\/www.osjenka.si\/ps-trstenik\/wp-content\/uploads\/sites\/3\/2023\/10\/s12-300x225.jpg 300w, https:\/\/www.osjenka.si\/ps-trstenik\/wp-content\/uploads\/sites\/3\/2023\/10\/s12-400x300.jpg 400w, https:\/\/www.osjenka.si\/ps-trstenik\/wp-content\/uploads\/sites\/3\/2023\/10\/s12-600x450.jpg 600w, https:\/\/www.osjenka.si\/ps-trstenik\/wp-content\/uploads\/sites\/3\/2023\/10\/s12-768x576.jpg 768w, https:\/\/www.osjenka.si\/ps-trstenik\/wp-content\/uploads\/sites\/3\/2023\/10\/s12-800x600.jpg 800w, https:\/\/www.osjenka.si\/ps-trstenik\/wp-content\/uploads\/sites\/3\/2023\/10\/s12-1024x768.jpg 1024w, https:\/\/www.osjenka.si\/ps-trstenik\/wp-content\/uploads\/sites\/3\/2023\/10\/s12-1200x900.jpg 1200w, https:\/\/www.osjenka.si\/ps-trstenik\/wp-content\/uploads\/sites\/3\/2023\/10\/s12-1536x1152.jpg 1536w, https:\/\/www.osjenka.si\/ps-trstenik\/wp-content\/uploads\/sites\/3\/2023\/10\/s12.jpg 1920w\" data-sizes=\"auto\" data-orig-sizes=\"(max-width: 600px) 100vw, 600px\" \/><p id=\"caption-attachment-3339\" class=\"wp-caption-text\">Junaki 1. t; v rokah dr\u017eijo darilca, ki so jih prejeli od u\u010dencev petega razreda.<\/p><\/div>\n<div id=\"attachment_3340\" style=\"width: 410px\" class=\"wp-caption aligncenter\"><img decoding=\"async\" aria-describedby=\"caption-attachment-3340\" class=\"lazyload wp-image-3340 size-fusion-400\" src=\"https:\/\/www.osjenka.si\/ps-trstenik\/wp-content\/uploads\/sites\/3\/2023\/10\/s13-400x533.jpg\" data-orig-src=\"https:\/\/www.osjenka.si\/ps-trstenik\/wp-content\/uploads\/sites\/3\/2023\/10\/s13-400x533.jpg\" alt=\"\" width=\"400\" height=\"533\" srcset=\"data:image\/svg+xml,%3Csvg%20xmlns%3D%27http%3A%2F%2Fwww.w3.org%2F2000%2Fsvg%27%20width%3D%27400%27%20height%3D%27533%27%20viewBox%3D%270%200%20400%20533%27%3E%3Crect%20width%3D%27400%27%20height%3D%27533%27%20fill-opacity%3D%220%22%2F%3E%3C%2Fsvg%3E\" data-srcset=\"https:\/\/www.osjenka.si\/ps-trstenik\/wp-content\/uploads\/sites\/3\/2023\/10\/s13-200x267.jpg 200w, https:\/\/www.osjenka.si\/ps-trstenik\/wp-content\/uploads\/sites\/3\/2023\/10\/s13-225x300.jpg 225w, https:\/\/www.osjenka.si\/ps-trstenik\/wp-content\/uploads\/sites\/3\/2023\/10\/s13-300x400.jpg 300w, https:\/\/www.osjenka.si\/ps-trstenik\/wp-content\/uploads\/sites\/3\/2023\/10\/s13-400x533.jpg 400w, https:\/\/www.osjenka.si\/ps-trstenik\/wp-content\/uploads\/sites\/3\/2023\/10\/s13-600x800.jpg 600w, https:\/\/www.osjenka.si\/ps-trstenik\/wp-content\/uploads\/sites\/3\/2023\/10\/s13-768x1024.jpg 768w, https:\/\/www.osjenka.si\/ps-trstenik\/wp-content\/uploads\/sites\/3\/2023\/10\/s13-800x1067.jpg 800w, https:\/\/www.osjenka.si\/ps-trstenik\/wp-content\/uploads\/sites\/3\/2023\/10\/s13-1152x1536.jpg 1152w, https:\/\/www.osjenka.si\/ps-trstenik\/wp-content\/uploads\/sites\/3\/2023\/10\/s13-1200x1600.jpg 1200w, https:\/\/www.osjenka.si\/ps-trstenik\/wp-content\/uploads\/sites\/3\/2023\/10\/s13.jpg 1440w\" data-sizes=\"auto\" data-orig-sizes=\"(max-width: 400px) 100vw, 400px\" \/><p id=\"caption-attachment-3340\" class=\"wp-caption-text\">Sladek zaklju\u010dek v jedilnici. :)<\/p><\/div>\n","protected":false},"excerpt":{"rendered":"<p>Sreda, 4. oktobra, bo prvo\u0161olcem zagotovo ostala v lepem spominu. Sprejeti so bili namre\u010d v \u0161olsko skupnost. Obiskala jih je gospa ravnateljica, starej\u0161i u\u010denci so jim pripravili prireditev, pa \u0161e sladko presene\u010denje jih je \u010dakalo na koncu. Vseeno pa niso samo sedeli kri\u017eem rok; pokazati so morali, da znajo med seboj sodelovati in re\u0161iti tri naloge. Odli\u010dno jim je \u0161lo. :) Utrinki s prireditve:<\/p>\n","protected":false},"author":6,"featured_media":3339,"comment_status":"open","ping_status":"open","sticky":false,"template":"","format":"standard","meta":{"footnotes":""},"categories":[28],"tags":[],"class_list":["post-3327","post","type-post","status-publish","format-standard","has-post-thumbnail","hentry","category-novice"],"yoast_head":"<!-- This site is optimized with the Yoast SEO plugin v19.11 - https:\/\/yoast.com\/wordpress\/plugins\/seo\/ -->\n<title>Sprejem prvo\u0161olcev v \u0161olsko skupnost (4. 10. 2023) - P\u0160 Trstenik<\/title>\n<meta name=\"robots\" content=\"index, follow, max-snippet:-1, max-image-preview:large, max-video-preview:-1\" \/>\n<link rel=\"canonical\" href=\"https:\/\/www.osjenka.si\/ps-trstenik\/2023\/10\/04\/sprejem-prvosolcev-v-solsko-skupnost-4-10-2023\/\" \/>\n<meta property=\"og:locale\" content=\"sl_SI\" \/>\n<meta property=\"og:type\" content=\"article\" \/>\n<meta property=\"og:title\" content=\"Sprejem prvo\u0161olcev v \u0161olsko skupnost (4. 10. 2023) - P\u0160 Trstenik\" \/>\n<meta property=\"og:description\" content=\"Sreda, 4. oktobra, bo prvo\u0161olcem zagotovo ostala v lepem spominu. Sprejeti so bili namre\u010d v \u0161olsko skupnost. Obiskala jih je gospa ravnateljica, starej\u0161i u\u010denci so jim pripravili prireditev, pa \u0161e sladko presene\u010denje jih je \u010dakalo na koncu. Vseeno pa niso samo sedeli kri\u017eem rok; pokazati so morali, da znajo med seboj sodelovati in re\u0161iti tri naloge. Odli\u010dno jim je \u0161lo. :) Utrinki s prireditve:\" \/>\n<meta property=\"og:url\" content=\"https:\/\/www.osjenka.si\/ps-trstenik\/2023\/10\/04\/sprejem-prvosolcev-v-solsko-skupnost-4-10-2023\/\" \/>\n<meta property=\"og:site_name\" content=\"P\u0160 Trstenik\" \/>\n<meta property=\"article:published_time\" content=\"2023-10-04T14:49:18+00:00\" \/>\n<meta property=\"article:modified_time\" content=\"2023-10-04T14:52:43+00:00\" \/>\n<meta property=\"og:image\" content=\"https:\/\/www.osjenka.si\/ps-trstenik\/wp-content\/uploads\/sites\/3\/2023\/10\/s12.jpg\" \/>\n\t<meta property=\"og:image:width\" content=\"1920\" \/>\n\t<meta property=\"og:image:height\" content=\"1440\" \/>\n\t<meta property=\"og:image:type\" content=\"image\/jpeg\" \/>\n<meta name=\"author\" content=\"marijanca\" \/>\n<meta name=\"twitter:card\" content=\"summary_large_image\" \/>\n<meta name=\"twitter:label1\" content=\"Written by\" \/>\n\t<meta name=\"twitter:data1\" content=\"marijanca\" \/>\n\t<meta name=\"twitter:label2\" content=\"Est. reading time\" \/>\n\t<meta name=\"twitter:data2\" content=\"4 minute\" \/>\n<script type=\"application\/ld+json\" class=\"yoast-schema-graph\">{\"@context\":\"https:\/\/schema.org\",\"@graph\":[{\"@type\":\"WebPage\",\"@id\":\"https:\/\/www.osjenka.si\/ps-trstenik\/2023\/10\/04\/sprejem-prvosolcev-v-solsko-skupnost-4-10-2023\/\",\"url\":\"https:\/\/www.osjenka.si\/ps-trstenik\/2023\/10\/04\/sprejem-prvosolcev-v-solsko-skupnost-4-10-2023\/\",\"name\":\"Sprejem prvo\u0161olcev v \u0161olsko skupnost (4. 10. 2023) - P\u0160 Trstenik\",\"isPartOf\":{\"@id\":\"https:\/\/www.osjenka.si\/ps-trstenik\/#website\"},\"datePublished\":\"2023-10-04T14:49:18+00:00\",\"dateModified\":\"2023-10-04T14:52:43+00:00\",\"author\":{\"@id\":\"https:\/\/www.osjenka.si\/ps-trstenik\/#\/schema\/person\/e994953e80ee06b3734632ceb1a36cbc\"},\"breadcrumb\":{\"@id\":\"https:\/\/www.osjenka.si\/ps-trstenik\/2023\/10\/04\/sprejem-prvosolcev-v-solsko-skupnost-4-10-2023\/#breadcrumb\"},\"inLanguage\":\"sl-SI\",\"potentialAction\":[{\"@type\":\"ReadAction\",\"target\":[\"https:\/\/www.osjenka.si\/ps-trstenik\/2023\/10\/04\/sprejem-prvosolcev-v-solsko-skupnost-4-10-2023\/\"]}]},{\"@type\":\"BreadcrumbList\",\"@id\":\"https:\/\/www.osjenka.si\/ps-trstenik\/2023\/10\/04\/sprejem-prvosolcev-v-solsko-skupnost-4-10-2023\/#breadcrumb\",\"itemListElement\":[{\"@type\":\"ListItem\",\"position\":1,\"name\":\"Home\",\"item\":\"https:\/\/www.osjenka.si\/ps-trstenik\/\"},{\"@type\":\"ListItem\",\"position\":2,\"name\":\"Sprejem prvo\u0161olcev v \u0161olsko skupnost (4. 10. 2023)\"}]},{\"@type\":\"WebSite\",\"@id\":\"https:\/\/www.osjenka.si\/ps-trstenik\/#website\",\"url\":\"https:\/\/www.osjenka.si\/ps-trstenik\/\",\"name\":\"P\u0160 Trstenik\",\"description\":\"\",\"potentialAction\":[{\"@type\":\"SearchAction\",\"target\":{\"@type\":\"EntryPoint\",\"urlTemplate\":\"https:\/\/www.osjenka.si\/ps-trstenik\/?s={search_term_string}\"},\"query-input\":\"required name=search_term_string\"}],\"inLanguage\":\"sl-SI\"},{\"@type\":\"Person\",\"@id\":\"https:\/\/www.osjenka.si\/ps-trstenik\/#\/schema\/person\/e994953e80ee06b3734632ceb1a36cbc\",\"name\":\"marijanca\",\"image\":{\"@type\":\"ImageObject\",\"inLanguage\":\"sl-SI\",\"@id\":\"https:\/\/www.osjenka.si\/ps-trstenik\/#\/schema\/person\/image\/\",\"url\":\"https:\/\/secure.gravatar.com\/avatar\/dbce7ac167ee71177f370bf0bb0bba3702fec9264452e7366493259d6187ae79?s=96&d=mm&r=g\",\"contentUrl\":\"https:\/\/secure.gravatar.com\/avatar\/dbce7ac167ee71177f370bf0bb0bba3702fec9264452e7366493259d6187ae79?s=96&d=mm&r=g\",\"caption\":\"marijanca\"},\"url\":\"https:\/\/www.osjenka.si\/ps-trstenik\/author\/marijanca\/\"}]}<\/script>\n<!-- \/ Yoast SEO plugin. -->","yoast_head_json":{"title":"Sprejem prvo\u0161olcev v \u0161olsko skupnost (4. 10. 2023) - P\u0160 Trstenik","robots":{"index":"index","follow":"follow","max-snippet":"max-snippet:-1","max-image-preview":"max-image-preview:large","max-video-preview":"max-video-preview:-1"},"canonical":"https:\/\/www.osjenka.si\/ps-trstenik\/2023\/10\/04\/sprejem-prvosolcev-v-solsko-skupnost-4-10-2023\/","og_locale":"sl_SI","og_type":"article","og_title":"Sprejem prvo\u0161olcev v \u0161olsko skupnost (4. 10. 2023) - P\u0160 Trstenik","og_description":"Sreda, 4. oktobra, bo prvo\u0161olcem zagotovo ostala v lepem spominu. Sprejeti so bili namre\u010d v \u0161olsko skupnost. Obiskala jih je gospa ravnateljica, starej\u0161i u\u010denci so jim pripravili prireditev, pa \u0161e sladko presene\u010denje jih je \u010dakalo na koncu. Vseeno pa niso samo sedeli kri\u017eem rok; pokazati so morali, da znajo med seboj sodelovati in re\u0161iti tri naloge. Odli\u010dno jim je \u0161lo. :) Utrinki s prireditve:","og_url":"https:\/\/www.osjenka.si\/ps-trstenik\/2023\/10\/04\/sprejem-prvosolcev-v-solsko-skupnost-4-10-2023\/","og_site_name":"P\u0160 Trstenik","article_published_time":"2023-10-04T14:49:18+00:00","article_modified_time":"2023-10-04T14:52:43+00:00","og_image":[{"width":1920,"height":1440,"url":"https:\/\/www.osjenka.si\/ps-trstenik\/wp-content\/uploads\/sites\/3\/2023\/10\/s12.jpg","type":"image\/jpeg"}],"author":"marijanca","twitter_card":"summary_large_image","twitter_misc":{"Written by":"marijanca","Est. reading time":"4 minute"},"schema":{"@context":"https:\/\/schema.org","@graph":[{"@type":"WebPage","@id":"https:\/\/www.osjenka.si\/ps-trstenik\/2023\/10\/04\/sprejem-prvosolcev-v-solsko-skupnost-4-10-2023\/","url":"https:\/\/www.osjenka.si\/ps-trstenik\/2023\/10\/04\/sprejem-prvosolcev-v-solsko-skupnost-4-10-2023\/","name":"Sprejem prvo\u0161olcev v \u0161olsko skupnost (4. 10. 2023) - P\u0160 Trstenik","isPartOf":{"@id":"https:\/\/www.osjenka.si\/ps-trstenik\/#website"},"datePublished":"2023-10-04T14:49:18+00:00","dateModified":"2023-10-04T14:52:43+00:00","author":{"@id":"https:\/\/www.osjenka.si\/ps-trstenik\/#\/schema\/person\/e994953e80ee06b3734632ceb1a36cbc"},"breadcrumb":{"@id":"https:\/\/www.osjenka.si\/ps-trstenik\/2023\/10\/04\/sprejem-prvosolcev-v-solsko-skupnost-4-10-2023\/#breadcrumb"},"inLanguage":"sl-SI","potentialAction":[{"@type":"ReadAction","target":["https:\/\/www.osjenka.si\/ps-trstenik\/2023\/10\/04\/sprejem-prvosolcev-v-solsko-skupnost-4-10-2023\/"]}]},{"@type":"BreadcrumbList","@id":"https:\/\/www.osjenka.si\/ps-trstenik\/2023\/10\/04\/sprejem-prvosolcev-v-solsko-skupnost-4-10-2023\/#breadcrumb","itemListElement":[{"@type":"ListItem","position":1,"name":"Home","item":"https:\/\/www.osjenka.si\/ps-trstenik\/"},{"@type":"ListItem","position":2,"name":"Sprejem prvo\u0161olcev v \u0161olsko skupnost (4. 10. 2023)"}]},{"@type":"WebSite","@id":"https:\/\/www.osjenka.si\/ps-trstenik\/#website","url":"https:\/\/www.osjenka.si\/ps-trstenik\/","name":"P\u0160 Trstenik","description":"","potentialAction":[{"@type":"SearchAction","target":{"@type":"EntryPoint","urlTemplate":"https:\/\/www.osjenka.si\/ps-trstenik\/?s={search_term_string}"},"query-input":"required name=search_term_string"}],"inLanguage":"sl-SI"},{"@type":"Person","@id":"https:\/\/www.osjenka.si\/ps-trstenik\/#\/schema\/person\/e994953e80ee06b3734632ceb1a36cbc","name":"marijanca","image":{"@type":"ImageObject","inLanguage":"sl-SI","@id":"https:\/\/www.osjenka.si\/ps-trstenik\/#\/schema\/person\/image\/","url":"https:\/\/secure.gravatar.com\/avatar\/dbce7ac167ee71177f370bf0bb0bba3702fec9264452e7366493259d6187ae79?s=96&d=mm&r=g","contentUrl":"https:\/\/secure.gravatar.com\/avatar\/dbce7ac167ee71177f370bf0bb0bba3702fec9264452e7366493259d6187ae79?s=96&d=mm&r=g","caption":"marijanca"},"url":"https:\/\/www.osjenka.si\/ps-trstenik\/author\/marijanca\/"}]}},"_links":{"self":[{"href":"https:\/\/www.osjenka.si\/ps-trstenik\/wp-json\/wp\/v2\/posts\/3327","targetHints":{"allow":["GET"]}}],"collection":[{"href":"https:\/\/www.osjenka.si\/ps-trstenik\/wp-json\/wp\/v2\/posts"}],"about":[{"href":"https:\/\/www.osjenka.si\/ps-trstenik\/wp-json\/wp\/v2\/types\/post"}],"author":[{"embeddable":true,"href":"https:\/\/www.osjenka.si\/ps-trstenik\/wp-json\/wp\/v2\/users\/6"}],"replies":[{"embeddable":true,"href":"https:\/\/www.osjenka.si\/ps-trstenik\/wp-json\/wp\/v2\/comments?post=3327"}],"version-history":[{"count":2,"href":"https:\/\/www.osjenka.si\/ps-trstenik\/wp-json\/wp\/v2\/posts\/3327\/revisions"}],"predecessor-version":[{"id":3342,"href":"https:\/\/www.osjenka.si\/ps-trstenik\/wp-json\/wp\/v2\/posts\/3327\/revisions\/3342"}],"wp:featuredmedia":[{"embeddable":true,"href":"https:\/\/www.osjenka.si\/ps-trstenik\/wp-json\/wp\/v2\/media\/3339"}],"wp:attachment":[{"href":"https:\/\/www.osjenka.si\/ps-trstenik\/wp-json\/wp\/v2\/media?parent=3327"}],"wp:term":[{"taxonomy":"category","embeddable":true,"href":"https:\/\/www.osjenka.si\/ps-trstenik\/wp-json\/wp\/v2\/categories?post=3327"},{"taxonomy":"post_tag","embeddable":true,"href":"https:\/\/www.osjenka.si\/ps-trstenik\/wp-json\/wp\/v2\/tags?post=3327"}],"curies":[{"name":"wp","href":"https:\/\/api.w.org\/{rel}","templated":true}]}}