{"id":3378,"date":"2023-10-13T19:07:52","date_gmt":"2023-10-13T17:07:52","guid":{"rendered":"https:\/\/www.osjenka.si\/ps-trstenik\/?p=3378"},"modified":"2023-10-21T19:53:41","modified_gmt":"2023-10-21T17:53:41","slug":"kd-obisk-knjiznice-in-glasbena-delavnica-2-razred","status":"publish","type":"post","link":"https:\/\/www.osjenka.si\/ps-trstenik\/2023\/10\/13\/kd-obisk-knjiznice-in-glasbena-delavnica-2-razred\/","title":{"rendered":"KD Obisk knji\u017enice in glasbena delavnica (2. razred)"},"content":{"rendered":"<p>V sredo, 11. 10. 2023, smo se odpeljali v Kranj.<\/p>\n<p>Najprej smo od\u0161li v Krice Krace. Tam smo imeli Lov na pesmico. Na koncu smo pesem seveda na\u0161li, jo zaigrali in zapeli.<\/p>\n<p>Potem smo \u0161li \u0161e v knji\u017enico. Lepo so nas sprejeli. Knji\u017eni\u010darka nas je popeljala po knji\u017enici, nam pokazala in razlo\u017eila, kako se izposojajo knjige. Ogledali smo si razli\u010dne vrste knjig,\u00a0 opazovali smo teko\u010di trak, po katerem po katerem potujejo vrnjene knjige. V knji\u017enici smo naleteli tudi na znanega ilustratorja otro\u0161kih knjig, Uro\u0161a Hrovata. Z njim smo se pogovorili, popeljal nas je tudi po razstavi, ki jo je ravnokar postavljal.<\/p>\n<p>\u0160e nekaj \u00a0utrinkov s kulturnega dne:<\/p>\n<p><img decoding=\"async\" class=\"lazyload aligncenter size-fusion-600 wp-image-3379\" src=\"https:\/\/www.osjenka.si\/ps-trstenik\/wp-content\/uploads\/sites\/3\/2023\/10\/k1-600x450.jpg\" data-orig-src=\"https:\/\/www.osjenka.si\/ps-trstenik\/wp-content\/uploads\/sites\/3\/2023\/10\/k1-600x450.jpg\" alt=\"\" width=\"600\" height=\"450\" srcset=\"data:image\/svg+xml,%3Csvg%20xmlns%3D%27http%3A%2F%2Fwww.w3.org%2F2000%2Fsvg%27%20width%3D%27600%27%20height%3D%27450%27%20viewBox%3D%270%200%20600%20450%27%3E%3Crect%20width%3D%27600%27%20height%3D%27450%27%20fill-opacity%3D%220%22%2F%3E%3C%2Fsvg%3E\" data-srcset=\"https:\/\/www.osjenka.si\/ps-trstenik\/wp-content\/uploads\/sites\/3\/2023\/10\/k1-200x150.jpg 200w, https:\/\/www.osjenka.si\/ps-trstenik\/wp-content\/uploads\/sites\/3\/2023\/10\/k1-300x225.jpg 300w, https:\/\/www.osjenka.si\/ps-trstenik\/wp-content\/uploads\/sites\/3\/2023\/10\/k1-400x300.jpg 400w, https:\/\/www.osjenka.si\/ps-trstenik\/wp-content\/uploads\/sites\/3\/2023\/10\/k1-600x450.jpg 600w, https:\/\/www.osjenka.si\/ps-trstenik\/wp-content\/uploads\/sites\/3\/2023\/10\/k1-768x576.jpg 768w, https:\/\/www.osjenka.si\/ps-trstenik\/wp-content\/uploads\/sites\/3\/2023\/10\/k1-800x600.jpg 800w, https:\/\/www.osjenka.si\/ps-trstenik\/wp-content\/uploads\/sites\/3\/2023\/10\/k1-1024x768.jpg 1024w, https:\/\/www.osjenka.si\/ps-trstenik\/wp-content\/uploads\/sites\/3\/2023\/10\/k1-1200x900.jpg 1200w, https:\/\/www.osjenka.si\/ps-trstenik\/wp-content\/uploads\/sites\/3\/2023\/10\/k1-1536x1152.jpg 1536w, https:\/\/www.osjenka.si\/ps-trstenik\/wp-content\/uploads\/sites\/3\/2023\/10\/k1.jpg 1920w\" data-sizes=\"auto\" data-orig-sizes=\"(max-width: 600px) 100vw, 600px\" \/><\/p>\n<p><img decoding=\"async\" class=\"lazyload aligncenter size-fusion-600 wp-image-3380\" src=\"https:\/\/www.osjenka.si\/ps-trstenik\/wp-content\/uploads\/sites\/3\/2023\/10\/k3-600x450.jpg\" data-orig-src=\"https:\/\/www.osjenka.si\/ps-trstenik\/wp-content\/uploads\/sites\/3\/2023\/10\/k3-600x450.jpg\" alt=\"\" width=\"600\" height=\"450\" srcset=\"data:image\/svg+xml,%3Csvg%20xmlns%3D%27http%3A%2F%2Fwww.w3.org%2F2000%2Fsvg%27%20width%3D%27600%27%20height%3D%27450%27%20viewBox%3D%270%200%20600%20450%27%3E%3Crect%20width%3D%27600%27%20height%3D%27450%27%20fill-opacity%3D%220%22%2F%3E%3C%2Fsvg%3E\" data-srcset=\"https:\/\/www.osjenka.si\/ps-trstenik\/wp-content\/uploads\/sites\/3\/2023\/10\/k3-200x150.jpg 200w, https:\/\/www.osjenka.si\/ps-trstenik\/wp-content\/uploads\/sites\/3\/2023\/10\/k3-300x225.jpg 300w, https:\/\/www.osjenka.si\/ps-trstenik\/wp-content\/uploads\/sites\/3\/2023\/10\/k3-400x300.jpg 400w, https:\/\/www.osjenka.si\/ps-trstenik\/wp-content\/uploads\/sites\/3\/2023\/10\/k3-600x450.jpg 600w, https:\/\/www.osjenka.si\/ps-trstenik\/wp-content\/uploads\/sites\/3\/2023\/10\/k3-768x576.jpg 768w, https:\/\/www.osjenka.si\/ps-trstenik\/wp-content\/uploads\/sites\/3\/2023\/10\/k3-800x600.jpg 800w, https:\/\/www.osjenka.si\/ps-trstenik\/wp-content\/uploads\/sites\/3\/2023\/10\/k3-1024x768.jpg 1024w, https:\/\/www.osjenka.si\/ps-trstenik\/wp-content\/uploads\/sites\/3\/2023\/10\/k3-1200x900.jpg 1200w, https:\/\/www.osjenka.si\/ps-trstenik\/wp-content\/uploads\/sites\/3\/2023\/10\/k3-1536x1152.jpg 1536w, https:\/\/www.osjenka.si\/ps-trstenik\/wp-content\/uploads\/sites\/3\/2023\/10\/k3.jpg 1920w\" data-sizes=\"auto\" data-orig-sizes=\"(max-width: 600px) 100vw, 600px\" \/><\/p>\n<p><img decoding=\"async\" class=\"lazyload aligncenter wp-image-3381 size-fusion-400\" src=\"https:\/\/www.osjenka.si\/ps-trstenik\/wp-content\/uploads\/sites\/3\/2023\/10\/kd-2-400x533.jpg\" data-orig-src=\"https:\/\/www.osjenka.si\/ps-trstenik\/wp-content\/uploads\/sites\/3\/2023\/10\/kd-2-400x533.jpg\" alt=\"\" width=\"400\" height=\"533\" srcset=\"data:image\/svg+xml,%3Csvg%20xmlns%3D%27http%3A%2F%2Fwww.w3.org%2F2000%2Fsvg%27%20width%3D%27400%27%20height%3D%27533%27%20viewBox%3D%270%200%20400%20533%27%3E%3Crect%20width%3D%27400%27%20height%3D%27533%27%20fill-opacity%3D%220%22%2F%3E%3C%2Fsvg%3E\" data-srcset=\"https:\/\/www.osjenka.si\/ps-trstenik\/wp-content\/uploads\/sites\/3\/2023\/10\/kd-2-200x267.jpg 200w, https:\/\/www.osjenka.si\/ps-trstenik\/wp-content\/uploads\/sites\/3\/2023\/10\/kd-2-225x300.jpg 225w, https:\/\/www.osjenka.si\/ps-trstenik\/wp-content\/uploads\/sites\/3\/2023\/10\/kd-2-300x400.jpg 300w, https:\/\/www.osjenka.si\/ps-trstenik\/wp-content\/uploads\/sites\/3\/2023\/10\/kd-2-400x533.jpg 400w, https:\/\/www.osjenka.si\/ps-trstenik\/wp-content\/uploads\/sites\/3\/2023\/10\/kd-2-600x800.jpg 600w, https:\/\/www.osjenka.si\/ps-trstenik\/wp-content\/uploads\/sites\/3\/2023\/10\/kd-2-768x1024.jpg 768w, https:\/\/www.osjenka.si\/ps-trstenik\/wp-content\/uploads\/sites\/3\/2023\/10\/kd-2-800x1067.jpg 800w, https:\/\/www.osjenka.si\/ps-trstenik\/wp-content\/uploads\/sites\/3\/2023\/10\/kd-2-1152x1536.jpg 1152w, https:\/\/www.osjenka.si\/ps-trstenik\/wp-content\/uploads\/sites\/3\/2023\/10\/kd-2-1200x1600.jpg 1200w, https:\/\/www.osjenka.si\/ps-trstenik\/wp-content\/uploads\/sites\/3\/2023\/10\/kd-2.jpg 1440w\" data-sizes=\"auto\" data-orig-sizes=\"(max-width: 400px) 100vw, 400px\" \/><\/p>\n<p>Besedilo in fotografije: Vida Konc<\/p>\n","protected":false},"excerpt":{"rendered":"<p>V sredo, 11. 10. 2023, smo se odpeljali v Kranj. Najprej smo od\u0161li v Krice Krace. Tam smo imeli Lov na pesmico. Na koncu smo pesem seveda na\u0161li, jo zaigrali in zapeli. Potem smo \u0161li \u0161e v knji\u017enico. Lepo so nas sprejeli. Knji\u017eni\u010darka nas je popeljala po knji\u017enici, nam pokazala in razlo\u017eila, kako se izposojajo knjige. Ogledali smo si razli\u010dne vrste knjig,\u00a0 opazovali smo teko\u010di trak, po katerem po katerem potujejo vrnjene knjige. V knji\u017enici smo naleteli tudi na znanega ilustratorja otro\u0161kih knjig, Uro\u0161a Hrovata. Z njim smo se pogovorili, popeljal nas je tudi po razstavi, ki jo je ravnokar postavljal. [&hellip;]<\/p>\n","protected":false},"author":6,"featured_media":3380,"comment_status":"open","ping_status":"open","sticky":false,"template":"","format":"standard","meta":{"footnotes":""},"categories":[28],"tags":[],"class_list":["post-3378","post","type-post","status-publish","format-standard","has-post-thumbnail","hentry","category-novice"],"yoast_head":"<!-- This site is optimized with the Yoast SEO plugin v19.11 - https:\/\/yoast.com\/wordpress\/plugins\/seo\/ -->\n<title>KD Obisk knji\u017enice in glasbena delavnica (2. razred) - P\u0160 Trstenik<\/title>\n<meta name=\"robots\" content=\"index, follow, max-snippet:-1, max-image-preview:large, max-video-preview:-1\" \/>\n<link rel=\"canonical\" href=\"https:\/\/www.osjenka.si\/ps-trstenik\/2023\/10\/13\/kd-obisk-knjiznice-in-glasbena-delavnica-2-razred\/\" \/>\n<meta property=\"og:locale\" content=\"sl_SI\" \/>\n<meta property=\"og:type\" content=\"article\" \/>\n<meta property=\"og:title\" content=\"KD Obisk knji\u017enice in glasbena delavnica (2. razred) - P\u0160 Trstenik\" \/>\n<meta property=\"og:description\" content=\"V sredo, 11. 10. 2023, smo se odpeljali v Kranj. Najprej smo od\u0161li v Krice Krace. Tam smo imeli Lov na pesmico. Na koncu smo pesem seveda na\u0161li, jo zaigrali in zapeli. Potem smo \u0161li \u0161e v knji\u017enico. Lepo so nas sprejeli. Knji\u017eni\u010darka nas je popeljala po knji\u017enici, nam pokazala in razlo\u017eila, kako se izposojajo knjige. Ogledali smo si razli\u010dne vrste knjig,\u00a0 opazovali smo teko\u010di trak, po katerem po katerem potujejo vrnjene knjige. V knji\u017enici smo naleteli tudi na znanega ilustratorja otro\u0161kih knjig, Uro\u0161a Hrovata. Z njim smo se pogovorili, popeljal nas je tudi po razstavi, ki jo je ravnokar postavljal. [&hellip;]\" \/>\n<meta property=\"og:url\" content=\"https:\/\/www.osjenka.si\/ps-trstenik\/2023\/10\/13\/kd-obisk-knjiznice-in-glasbena-delavnica-2-razred\/\" \/>\n<meta property=\"og:site_name\" content=\"P\u0160 Trstenik\" \/>\n<meta property=\"article:published_time\" content=\"2023-10-13T17:07:52+00:00\" \/>\n<meta property=\"article:modified_time\" content=\"2023-10-21T17:53:41+00:00\" \/>\n<meta property=\"og:image\" content=\"https:\/\/www.osjenka.si\/ps-trstenik\/wp-content\/uploads\/sites\/3\/2023\/10\/k3.jpg\" \/>\n\t<meta property=\"og:image:width\" content=\"1920\" \/>\n\t<meta property=\"og:image:height\" content=\"1440\" \/>\n\t<meta property=\"og:image:type\" content=\"image\/jpeg\" \/>\n<meta name=\"author\" content=\"marijanca\" \/>\n<meta name=\"twitter:card\" content=\"summary_large_image\" \/>\n<meta name=\"twitter:label1\" content=\"Written by\" \/>\n\t<meta name=\"twitter:data1\" content=\"marijanca\" \/>\n\t<meta name=\"twitter:label2\" content=\"Est. reading time\" \/>\n\t<meta name=\"twitter:data2\" content=\"2 minuti\" \/>\n<script type=\"application\/ld+json\" class=\"yoast-schema-graph\">{\"@context\":\"https:\/\/schema.org\",\"@graph\":[{\"@type\":\"WebPage\",\"@id\":\"https:\/\/www.osjenka.si\/ps-trstenik\/2023\/10\/13\/kd-obisk-knjiznice-in-glasbena-delavnica-2-razred\/\",\"url\":\"https:\/\/www.osjenka.si\/ps-trstenik\/2023\/10\/13\/kd-obisk-knjiznice-in-glasbena-delavnica-2-razred\/\",\"name\":\"KD Obisk knji\u017enice in glasbena delavnica (2. razred) - P\u0160 Trstenik\",\"isPartOf\":{\"@id\":\"https:\/\/www.osjenka.si\/ps-trstenik\/#website\"},\"datePublished\":\"2023-10-13T17:07:52+00:00\",\"dateModified\":\"2023-10-21T17:53:41+00:00\",\"author\":{\"@id\":\"https:\/\/www.osjenka.si\/ps-trstenik\/#\/schema\/person\/e994953e80ee06b3734632ceb1a36cbc\"},\"breadcrumb\":{\"@id\":\"https:\/\/www.osjenka.si\/ps-trstenik\/2023\/10\/13\/kd-obisk-knjiznice-in-glasbena-delavnica-2-razred\/#breadcrumb\"},\"inLanguage\":\"sl-SI\",\"potentialAction\":[{\"@type\":\"ReadAction\",\"target\":[\"https:\/\/www.osjenka.si\/ps-trstenik\/2023\/10\/13\/kd-obisk-knjiznice-in-glasbena-delavnica-2-razred\/\"]}]},{\"@type\":\"BreadcrumbList\",\"@id\":\"https:\/\/www.osjenka.si\/ps-trstenik\/2023\/10\/13\/kd-obisk-knjiznice-in-glasbena-delavnica-2-razred\/#breadcrumb\",\"itemListElement\":[{\"@type\":\"ListItem\",\"position\":1,\"name\":\"Home\",\"item\":\"https:\/\/www.osjenka.si\/ps-trstenik\/\"},{\"@type\":\"ListItem\",\"position\":2,\"name\":\"KD Obisk knji\u017enice in glasbena delavnica (2. razred)\"}]},{\"@type\":\"WebSite\",\"@id\":\"https:\/\/www.osjenka.si\/ps-trstenik\/#website\",\"url\":\"https:\/\/www.osjenka.si\/ps-trstenik\/\",\"name\":\"P\u0160 Trstenik\",\"description\":\"\",\"potentialAction\":[{\"@type\":\"SearchAction\",\"target\":{\"@type\":\"EntryPoint\",\"urlTemplate\":\"https:\/\/www.osjenka.si\/ps-trstenik\/?s={search_term_string}\"},\"query-input\":\"required name=search_term_string\"}],\"inLanguage\":\"sl-SI\"},{\"@type\":\"Person\",\"@id\":\"https:\/\/www.osjenka.si\/ps-trstenik\/#\/schema\/person\/e994953e80ee06b3734632ceb1a36cbc\",\"name\":\"marijanca\",\"image\":{\"@type\":\"ImageObject\",\"inLanguage\":\"sl-SI\",\"@id\":\"https:\/\/www.osjenka.si\/ps-trstenik\/#\/schema\/person\/image\/\",\"url\":\"https:\/\/secure.gravatar.com\/avatar\/dbce7ac167ee71177f370bf0bb0bba3702fec9264452e7366493259d6187ae79?s=96&d=mm&r=g\",\"contentUrl\":\"https:\/\/secure.gravatar.com\/avatar\/dbce7ac167ee71177f370bf0bb0bba3702fec9264452e7366493259d6187ae79?s=96&d=mm&r=g\",\"caption\":\"marijanca\"},\"url\":\"https:\/\/www.osjenka.si\/ps-trstenik\/author\/marijanca\/\"}]}<\/script>\n<!-- \/ Yoast SEO plugin. -->","yoast_head_json":{"title":"KD Obisk knji\u017enice in glasbena delavnica (2. razred) - P\u0160 Trstenik","robots":{"index":"index","follow":"follow","max-snippet":"max-snippet:-1","max-image-preview":"max-image-preview:large","max-video-preview":"max-video-preview:-1"},"canonical":"https:\/\/www.osjenka.si\/ps-trstenik\/2023\/10\/13\/kd-obisk-knjiznice-in-glasbena-delavnica-2-razred\/","og_locale":"sl_SI","og_type":"article","og_title":"KD Obisk knji\u017enice in glasbena delavnica (2. razred) - P\u0160 Trstenik","og_description":"V sredo, 11. 10. 2023, smo se odpeljali v Kranj. Najprej smo od\u0161li v Krice Krace. Tam smo imeli Lov na pesmico. Na koncu smo pesem seveda na\u0161li, jo zaigrali in zapeli. Potem smo \u0161li \u0161e v knji\u017enico. Lepo so nas sprejeli. Knji\u017eni\u010darka nas je popeljala po knji\u017enici, nam pokazala in razlo\u017eila, kako se izposojajo knjige. Ogledali smo si razli\u010dne vrste knjig,\u00a0 opazovali smo teko\u010di trak, po katerem po katerem potujejo vrnjene knjige. V knji\u017enici smo naleteli tudi na znanega ilustratorja otro\u0161kih knjig, Uro\u0161a Hrovata. Z njim smo se pogovorili, popeljal nas je tudi po razstavi, ki jo je ravnokar postavljal. [&hellip;]","og_url":"https:\/\/www.osjenka.si\/ps-trstenik\/2023\/10\/13\/kd-obisk-knjiznice-in-glasbena-delavnica-2-razred\/","og_site_name":"P\u0160 Trstenik","article_published_time":"2023-10-13T17:07:52+00:00","article_modified_time":"2023-10-21T17:53:41+00:00","og_image":[{"width":1920,"height":1440,"url":"https:\/\/www.osjenka.si\/ps-trstenik\/wp-content\/uploads\/sites\/3\/2023\/10\/k3.jpg","type":"image\/jpeg"}],"author":"marijanca","twitter_card":"summary_large_image","twitter_misc":{"Written by":"marijanca","Est. reading time":"2 minuti"},"schema":{"@context":"https:\/\/schema.org","@graph":[{"@type":"WebPage","@id":"https:\/\/www.osjenka.si\/ps-trstenik\/2023\/10\/13\/kd-obisk-knjiznice-in-glasbena-delavnica-2-razred\/","url":"https:\/\/www.osjenka.si\/ps-trstenik\/2023\/10\/13\/kd-obisk-knjiznice-in-glasbena-delavnica-2-razred\/","name":"KD Obisk knji\u017enice in glasbena delavnica (2. razred) - P\u0160 Trstenik","isPartOf":{"@id":"https:\/\/www.osjenka.si\/ps-trstenik\/#website"},"datePublished":"2023-10-13T17:07:52+00:00","dateModified":"2023-10-21T17:53:41+00:00","author":{"@id":"https:\/\/www.osjenka.si\/ps-trstenik\/#\/schema\/person\/e994953e80ee06b3734632ceb1a36cbc"},"breadcrumb":{"@id":"https:\/\/www.osjenka.si\/ps-trstenik\/2023\/10\/13\/kd-obisk-knjiznice-in-glasbena-delavnica-2-razred\/#breadcrumb"},"inLanguage":"sl-SI","potentialAction":[{"@type":"ReadAction","target":["https:\/\/www.osjenka.si\/ps-trstenik\/2023\/10\/13\/kd-obisk-knjiznice-in-glasbena-delavnica-2-razred\/"]}]},{"@type":"BreadcrumbList","@id":"https:\/\/www.osjenka.si\/ps-trstenik\/2023\/10\/13\/kd-obisk-knjiznice-in-glasbena-delavnica-2-razred\/#breadcrumb","itemListElement":[{"@type":"ListItem","position":1,"name":"Home","item":"https:\/\/www.osjenka.si\/ps-trstenik\/"},{"@type":"ListItem","position":2,"name":"KD Obisk knji\u017enice in glasbena delavnica (2. razred)"}]},{"@type":"WebSite","@id":"https:\/\/www.osjenka.si\/ps-trstenik\/#website","url":"https:\/\/www.osjenka.si\/ps-trstenik\/","name":"P\u0160 Trstenik","description":"","potentialAction":[{"@type":"SearchAction","target":{"@type":"EntryPoint","urlTemplate":"https:\/\/www.osjenka.si\/ps-trstenik\/?s={search_term_string}"},"query-input":"required name=search_term_string"}],"inLanguage":"sl-SI"},{"@type":"Person","@id":"https:\/\/www.osjenka.si\/ps-trstenik\/#\/schema\/person\/e994953e80ee06b3734632ceb1a36cbc","name":"marijanca","image":{"@type":"ImageObject","inLanguage":"sl-SI","@id":"https:\/\/www.osjenka.si\/ps-trstenik\/#\/schema\/person\/image\/","url":"https:\/\/secure.gravatar.com\/avatar\/dbce7ac167ee71177f370bf0bb0bba3702fec9264452e7366493259d6187ae79?s=96&d=mm&r=g","contentUrl":"https:\/\/secure.gravatar.com\/avatar\/dbce7ac167ee71177f370bf0bb0bba3702fec9264452e7366493259d6187ae79?s=96&d=mm&r=g","caption":"marijanca"},"url":"https:\/\/www.osjenka.si\/ps-trstenik\/author\/marijanca\/"}]}},"_links":{"self":[{"href":"https:\/\/www.osjenka.si\/ps-trstenik\/wp-json\/wp\/v2\/posts\/3378","targetHints":{"allow":["GET"]}}],"collection":[{"href":"https:\/\/www.osjenka.si\/ps-trstenik\/wp-json\/wp\/v2\/posts"}],"about":[{"href":"https:\/\/www.osjenka.si\/ps-trstenik\/wp-json\/wp\/v2\/types\/post"}],"author":[{"embeddable":true,"href":"https:\/\/www.osjenka.si\/ps-trstenik\/wp-json\/wp\/v2\/users\/6"}],"replies":[{"embeddable":true,"href":"https:\/\/www.osjenka.si\/ps-trstenik\/wp-json\/wp\/v2\/comments?post=3378"}],"version-history":[{"count":2,"href":"https:\/\/www.osjenka.si\/ps-trstenik\/wp-json\/wp\/v2\/posts\/3378\/revisions"}],"predecessor-version":[{"id":3410,"href":"https:\/\/www.osjenka.si\/ps-trstenik\/wp-json\/wp\/v2\/posts\/3378\/revisions\/3410"}],"wp:featuredmedia":[{"embeddable":true,"href":"https:\/\/www.osjenka.si\/ps-trstenik\/wp-json\/wp\/v2\/media\/3380"}],"wp:attachment":[{"href":"https:\/\/www.osjenka.si\/ps-trstenik\/wp-json\/wp\/v2\/media?parent=3378"}],"wp:term":[{"taxonomy":"category","embeddable":true,"href":"https:\/\/www.osjenka.si\/ps-trstenik\/wp-json\/wp\/v2\/categories?post=3378"},{"taxonomy":"post_tag","embeddable":true,"href":"https:\/\/www.osjenka.si\/ps-trstenik\/wp-json\/wp\/v2\/tags?post=3378"}],"curies":[{"name":"wp","href":"https:\/\/api.w.org\/{rel}","templated":true}]}}