{"id":3477,"date":"2023-12-08T17:40:19","date_gmt":"2023-12-08T16:40:19","guid":{"rendered":"https:\/\/www.osjenka.si\/ps-trstenik\/?p=3477"},"modified":"2023-12-26T08:55:32","modified_gmt":"2023-12-26T07:55:32","slug":"tekmovanje-matemcek-dobitnki-priznanj","status":"publish","type":"post","link":"https:\/\/www.osjenka.si\/ps-trstenik\/2023\/12\/08\/tekmovanje-matemcek-dobitnki-priznanj\/","title":{"rendered":"Tekmovanje Matem\u010dek &#8211; dobitniki priznanj"},"content":{"rendered":"<ol start=\"10\">\n<li style=\"text-align: left\">novembra 2023 je potekalo \u0161olsko tekmovanje Matem\u010dek, kjer u\u010denci re\u0161ujejo naloge iz prostorske predstavljivosti. Sodelovali so u\u010denci od 2. do 5. razreda. Kar nekaj u\u010dencev je prejelo priznanje. \u0160tirje u\u010denci so se uvrstili tudi na dr\u017eavno tekmovanje.<\/li>\n<\/ol>\n<p><strong>\u0160olsko tekmovanje<\/strong><\/p>\n<ol start=\"2\">\n<li><u> razred<\/u><\/li>\n<\/ol>\n<ul>\n<li>bronasto priznanje: Jakob Jeri\u010d<\/li>\n<li>biserno priznanje: Tias A\u017ebe<\/li>\n<\/ul>\n<ol start=\"3\">\n<li><u> razred<\/u><\/li>\n<\/ol>\n<ul>\n<li>bronasto priznanje: Jan Perko, Alja\u017e Zupan<\/li>\n<\/ul>\n<ol start=\"4\">\n<li><u> razred<\/u><\/li>\n<\/ol>\n<ul>\n<li>bronasto priznanje: Gaber Ti\u010dar<\/li>\n<\/ul>\n<ol start=\"5\">\n<li><u> razred<\/u><\/li>\n<\/ol>\n<ul>\n<li>bronasto priznanje: Tisa A\u017ebe, Kaja Kuhar, Lili Megli\u010d, Jakob Ovsenik<\/li>\n<\/ul>\n<p><strong>Dr\u017eavno tekmovanje<\/strong><\/p>\n<p>Na dr\u017eavno tekmovanje so se uvrstili Tias A\u017ebe, Alja\u017e Zupan, Gaber Ti\u010dar in Jakob Ovsenik. Tudi tu so se izkazali, \u010deprav so bile naloge zelo zahtevne.<\/p>\n<p>&nbsp;<\/p>\n<p>Zapisala Mojca Jur\u010di\u010d<\/p>\n","protected":false},"excerpt":{"rendered":"<p>novembra 2023 je potekalo \u0161olsko tekmovanje Matem\u010dek, kjer u\u010denci re\u0161ujejo naloge iz prostorske predstavljivosti. Sodelovali so u\u010denci od 2. do 5. razreda. Kar nekaj u\u010dencev je prejelo priznanje. \u0160tirje u\u010denci so se uvrstili tudi na dr\u017eavno tekmovanje. \u0160olsko tekmovanje razred bronasto priznanje: Jakob Jeri\u010d biserno priznanje: Tias A\u017ebe razred bronasto priznanje: Jan Perko, Alja\u017e Zupan razred bronasto priznanje: Gaber Ti\u010dar razred bronasto priznanje: Tisa A\u017ebe, Kaja Kuhar, Lili Megli\u010d, Jakob Ovsenik Dr\u017eavno tekmovanje Na dr\u017eavno tekmovanje so se uvrstili Tias A\u017ebe, Alja\u017e Zupan, Gaber Ti\u010dar in Jakob Ovsenik. Tudi tu so se izkazali, \u010deprav so bile naloge zelo zahtevne. &nbsp; Zapisala [&hellip;]<\/p>\n","protected":false},"author":6,"featured_media":2680,"comment_status":"open","ping_status":"open","sticky":false,"template":"","format":"standard","meta":{"footnotes":""},"categories":[28],"tags":[],"class_list":["post-3477","post","type-post","status-publish","format-standard","has-post-thumbnail","hentry","category-novice"],"yoast_head":"<!-- This site is optimized with the Yoast SEO plugin v19.11 - https:\/\/yoast.com\/wordpress\/plugins\/seo\/ -->\n<title>Tekmovanje Matem\u010dek - dobitniki priznanj - P\u0160 Trstenik<\/title>\n<meta name=\"robots\" content=\"index, follow, max-snippet:-1, max-image-preview:large, max-video-preview:-1\" \/>\n<link rel=\"canonical\" href=\"https:\/\/www.osjenka.si\/ps-trstenik\/2023\/12\/08\/tekmovanje-matemcek-dobitnki-priznanj\/\" \/>\n<meta property=\"og:locale\" content=\"sl_SI\" \/>\n<meta property=\"og:type\" content=\"article\" \/>\n<meta property=\"og:title\" content=\"Tekmovanje Matem\u010dek - dobitniki priznanj - P\u0160 Trstenik\" \/>\n<meta property=\"og:description\" content=\"novembra 2023 je potekalo \u0161olsko tekmovanje Matem\u010dek, kjer u\u010denci re\u0161ujejo naloge iz prostorske predstavljivosti. Sodelovali so u\u010denci od 2. do 5. razreda. Kar nekaj u\u010dencev je prejelo priznanje. \u0160tirje u\u010denci so se uvrstili tudi na dr\u017eavno tekmovanje. \u0160olsko tekmovanje razred bronasto priznanje: Jakob Jeri\u010d biserno priznanje: Tias A\u017ebe razred bronasto priznanje: Jan Perko, Alja\u017e Zupan razred bronasto priznanje: Gaber Ti\u010dar razred bronasto priznanje: Tisa A\u017ebe, Kaja Kuhar, Lili Megli\u010d, Jakob Ovsenik Dr\u017eavno tekmovanje Na dr\u017eavno tekmovanje so se uvrstili Tias A\u017ebe, Alja\u017e Zupan, Gaber Ti\u010dar in Jakob Ovsenik. Tudi tu so se izkazali, \u010deprav so bile naloge zelo zahtevne. &nbsp; Zapisala [&hellip;]\" \/>\n<meta property=\"og:url\" content=\"https:\/\/www.osjenka.si\/ps-trstenik\/2023\/12\/08\/tekmovanje-matemcek-dobitnki-priznanj\/\" \/>\n<meta property=\"og:site_name\" content=\"P\u0160 Trstenik\" \/>\n<meta property=\"article:published_time\" content=\"2023-12-08T16:40:19+00:00\" \/>\n<meta property=\"article:modified_time\" content=\"2023-12-26T07:55:32+00:00\" \/>\n<meta property=\"og:image\" content=\"https:\/\/www.osjenka.si\/ps-trstenik\/wp-content\/uploads\/sites\/3\/2022\/12\/brain-clipart-md.png\" \/>\n\t<meta property=\"og:image:width\" content=\"800\" \/>\n\t<meta property=\"og:image:height\" content=\"713\" \/>\n\t<meta property=\"og:image:type\" content=\"image\/png\" \/>\n<meta name=\"author\" content=\"marijanca\" \/>\n<meta name=\"twitter:card\" content=\"summary_large_image\" \/>\n<meta name=\"twitter:label1\" content=\"Written by\" \/>\n\t<meta name=\"twitter:data1\" content=\"marijanca\" \/>\n\t<meta name=\"twitter:label2\" content=\"Est. reading time\" \/>\n\t<meta name=\"twitter:data2\" content=\"1 minuta\" \/>\n<script type=\"application\/ld+json\" class=\"yoast-schema-graph\">{\"@context\":\"https:\/\/schema.org\",\"@graph\":[{\"@type\":\"WebPage\",\"@id\":\"https:\/\/www.osjenka.si\/ps-trstenik\/2023\/12\/08\/tekmovanje-matemcek-dobitnki-priznanj\/\",\"url\":\"https:\/\/www.osjenka.si\/ps-trstenik\/2023\/12\/08\/tekmovanje-matemcek-dobitnki-priznanj\/\",\"name\":\"Tekmovanje Matem\u010dek - dobitniki priznanj - P\u0160 Trstenik\",\"isPartOf\":{\"@id\":\"https:\/\/www.osjenka.si\/ps-trstenik\/#website\"},\"datePublished\":\"2023-12-08T16:40:19+00:00\",\"dateModified\":\"2023-12-26T07:55:32+00:00\",\"author\":{\"@id\":\"https:\/\/www.osjenka.si\/ps-trstenik\/#\/schema\/person\/e994953e80ee06b3734632ceb1a36cbc\"},\"breadcrumb\":{\"@id\":\"https:\/\/www.osjenka.si\/ps-trstenik\/2023\/12\/08\/tekmovanje-matemcek-dobitnki-priznanj\/#breadcrumb\"},\"inLanguage\":\"sl-SI\",\"potentialAction\":[{\"@type\":\"ReadAction\",\"target\":[\"https:\/\/www.osjenka.si\/ps-trstenik\/2023\/12\/08\/tekmovanje-matemcek-dobitnki-priznanj\/\"]}]},{\"@type\":\"BreadcrumbList\",\"@id\":\"https:\/\/www.osjenka.si\/ps-trstenik\/2023\/12\/08\/tekmovanje-matemcek-dobitnki-priznanj\/#breadcrumb\",\"itemListElement\":[{\"@type\":\"ListItem\",\"position\":1,\"name\":\"Home\",\"item\":\"https:\/\/www.osjenka.si\/ps-trstenik\/\"},{\"@type\":\"ListItem\",\"position\":2,\"name\":\"Tekmovanje Matem\u010dek &#8211; dobitniki priznanj\"}]},{\"@type\":\"WebSite\",\"@id\":\"https:\/\/www.osjenka.si\/ps-trstenik\/#website\",\"url\":\"https:\/\/www.osjenka.si\/ps-trstenik\/\",\"name\":\"P\u0160 Trstenik\",\"description\":\"\",\"potentialAction\":[{\"@type\":\"SearchAction\",\"target\":{\"@type\":\"EntryPoint\",\"urlTemplate\":\"https:\/\/www.osjenka.si\/ps-trstenik\/?s={search_term_string}\"},\"query-input\":\"required name=search_term_string\"}],\"inLanguage\":\"sl-SI\"},{\"@type\":\"Person\",\"@id\":\"https:\/\/www.osjenka.si\/ps-trstenik\/#\/schema\/person\/e994953e80ee06b3734632ceb1a36cbc\",\"name\":\"marijanca\",\"image\":{\"@type\":\"ImageObject\",\"inLanguage\":\"sl-SI\",\"@id\":\"https:\/\/www.osjenka.si\/ps-trstenik\/#\/schema\/person\/image\/\",\"url\":\"https:\/\/secure.gravatar.com\/avatar\/dbce7ac167ee71177f370bf0bb0bba3702fec9264452e7366493259d6187ae79?s=96&d=mm&r=g\",\"contentUrl\":\"https:\/\/secure.gravatar.com\/avatar\/dbce7ac167ee71177f370bf0bb0bba3702fec9264452e7366493259d6187ae79?s=96&d=mm&r=g\",\"caption\":\"marijanca\"},\"url\":\"https:\/\/www.osjenka.si\/ps-trstenik\/author\/marijanca\/\"}]}<\/script>\n<!-- \/ Yoast SEO plugin. -->","yoast_head_json":{"title":"Tekmovanje Matem\u010dek - dobitniki priznanj - P\u0160 Trstenik","robots":{"index":"index","follow":"follow","max-snippet":"max-snippet:-1","max-image-preview":"max-image-preview:large","max-video-preview":"max-video-preview:-1"},"canonical":"https:\/\/www.osjenka.si\/ps-trstenik\/2023\/12\/08\/tekmovanje-matemcek-dobitnki-priznanj\/","og_locale":"sl_SI","og_type":"article","og_title":"Tekmovanje Matem\u010dek - dobitniki priznanj - P\u0160 Trstenik","og_description":"novembra 2023 je potekalo \u0161olsko tekmovanje Matem\u010dek, kjer u\u010denci re\u0161ujejo naloge iz prostorske predstavljivosti. Sodelovali so u\u010denci od 2. do 5. razreda. Kar nekaj u\u010dencev je prejelo priznanje. \u0160tirje u\u010denci so se uvrstili tudi na dr\u017eavno tekmovanje. \u0160olsko tekmovanje razred bronasto priznanje: Jakob Jeri\u010d biserno priznanje: Tias A\u017ebe razred bronasto priznanje: Jan Perko, Alja\u017e Zupan razred bronasto priznanje: Gaber Ti\u010dar razred bronasto priznanje: Tisa A\u017ebe, Kaja Kuhar, Lili Megli\u010d, Jakob Ovsenik Dr\u017eavno tekmovanje Na dr\u017eavno tekmovanje so se uvrstili Tias A\u017ebe, Alja\u017e Zupan, Gaber Ti\u010dar in Jakob Ovsenik. Tudi tu so se izkazali, \u010deprav so bile naloge zelo zahtevne. &nbsp; Zapisala [&hellip;]","og_url":"https:\/\/www.osjenka.si\/ps-trstenik\/2023\/12\/08\/tekmovanje-matemcek-dobitnki-priznanj\/","og_site_name":"P\u0160 Trstenik","article_published_time":"2023-12-08T16:40:19+00:00","article_modified_time":"2023-12-26T07:55:32+00:00","og_image":[{"width":800,"height":713,"url":"https:\/\/www.osjenka.si\/ps-trstenik\/wp-content\/uploads\/sites\/3\/2022\/12\/brain-clipart-md.png","type":"image\/png"}],"author":"marijanca","twitter_card":"summary_large_image","twitter_misc":{"Written by":"marijanca","Est. reading time":"1 minuta"},"schema":{"@context":"https:\/\/schema.org","@graph":[{"@type":"WebPage","@id":"https:\/\/www.osjenka.si\/ps-trstenik\/2023\/12\/08\/tekmovanje-matemcek-dobitnki-priznanj\/","url":"https:\/\/www.osjenka.si\/ps-trstenik\/2023\/12\/08\/tekmovanje-matemcek-dobitnki-priznanj\/","name":"Tekmovanje Matem\u010dek - dobitniki priznanj - P\u0160 Trstenik","isPartOf":{"@id":"https:\/\/www.osjenka.si\/ps-trstenik\/#website"},"datePublished":"2023-12-08T16:40:19+00:00","dateModified":"2023-12-26T07:55:32+00:00","author":{"@id":"https:\/\/www.osjenka.si\/ps-trstenik\/#\/schema\/person\/e994953e80ee06b3734632ceb1a36cbc"},"breadcrumb":{"@id":"https:\/\/www.osjenka.si\/ps-trstenik\/2023\/12\/08\/tekmovanje-matemcek-dobitnki-priznanj\/#breadcrumb"},"inLanguage":"sl-SI","potentialAction":[{"@type":"ReadAction","target":["https:\/\/www.osjenka.si\/ps-trstenik\/2023\/12\/08\/tekmovanje-matemcek-dobitnki-priznanj\/"]}]},{"@type":"BreadcrumbList","@id":"https:\/\/www.osjenka.si\/ps-trstenik\/2023\/12\/08\/tekmovanje-matemcek-dobitnki-priznanj\/#breadcrumb","itemListElement":[{"@type":"ListItem","position":1,"name":"Home","item":"https:\/\/www.osjenka.si\/ps-trstenik\/"},{"@type":"ListItem","position":2,"name":"Tekmovanje Matem\u010dek &#8211; dobitniki priznanj"}]},{"@type":"WebSite","@id":"https:\/\/www.osjenka.si\/ps-trstenik\/#website","url":"https:\/\/www.osjenka.si\/ps-trstenik\/","name":"P\u0160 Trstenik","description":"","potentialAction":[{"@type":"SearchAction","target":{"@type":"EntryPoint","urlTemplate":"https:\/\/www.osjenka.si\/ps-trstenik\/?s={search_term_string}"},"query-input":"required name=search_term_string"}],"inLanguage":"sl-SI"},{"@type":"Person","@id":"https:\/\/www.osjenka.si\/ps-trstenik\/#\/schema\/person\/e994953e80ee06b3734632ceb1a36cbc","name":"marijanca","image":{"@type":"ImageObject","inLanguage":"sl-SI","@id":"https:\/\/www.osjenka.si\/ps-trstenik\/#\/schema\/person\/image\/","url":"https:\/\/secure.gravatar.com\/avatar\/dbce7ac167ee71177f370bf0bb0bba3702fec9264452e7366493259d6187ae79?s=96&d=mm&r=g","contentUrl":"https:\/\/secure.gravatar.com\/avatar\/dbce7ac167ee71177f370bf0bb0bba3702fec9264452e7366493259d6187ae79?s=96&d=mm&r=g","caption":"marijanca"},"url":"https:\/\/www.osjenka.si\/ps-trstenik\/author\/marijanca\/"}]}},"_links":{"self":[{"href":"https:\/\/www.osjenka.si\/ps-trstenik\/wp-json\/wp\/v2\/posts\/3477","targetHints":{"allow":["GET"]}}],"collection":[{"href":"https:\/\/www.osjenka.si\/ps-trstenik\/wp-json\/wp\/v2\/posts"}],"about":[{"href":"https:\/\/www.osjenka.si\/ps-trstenik\/wp-json\/wp\/v2\/types\/post"}],"author":[{"embeddable":true,"href":"https:\/\/www.osjenka.si\/ps-trstenik\/wp-json\/wp\/v2\/users\/6"}],"replies":[{"embeddable":true,"href":"https:\/\/www.osjenka.si\/ps-trstenik\/wp-json\/wp\/v2\/comments?post=3477"}],"version-history":[{"count":4,"href":"https:\/\/www.osjenka.si\/ps-trstenik\/wp-json\/wp\/v2\/posts\/3477\/revisions"}],"predecessor-version":[{"id":3563,"href":"https:\/\/www.osjenka.si\/ps-trstenik\/wp-json\/wp\/v2\/posts\/3477\/revisions\/3563"}],"wp:featuredmedia":[{"embeddable":true,"href":"https:\/\/www.osjenka.si\/ps-trstenik\/wp-json\/wp\/v2\/media\/2680"}],"wp:attachment":[{"href":"https:\/\/www.osjenka.si\/ps-trstenik\/wp-json\/wp\/v2\/media?parent=3477"}],"wp:term":[{"taxonomy":"category","embeddable":true,"href":"https:\/\/www.osjenka.si\/ps-trstenik\/wp-json\/wp\/v2\/categories?post=3477"},{"taxonomy":"post_tag","embeddable":true,"href":"https:\/\/www.osjenka.si\/ps-trstenik\/wp-json\/wp\/v2\/tags?post=3477"}],"curies":[{"name":"wp","href":"https:\/\/api.w.org\/{rel}","templated":true}]}}