{"id":3801,"date":"2024-05-07T15:15:36","date_gmt":"2024-05-07T13:15:36","guid":{"rendered":"https:\/\/www.osjenka.si\/ps-trstenik\/?p=3801"},"modified":"2024-05-07T15:15:36","modified_gmt":"2024-05-07T13:15:36","slug":"benjamin-juvancic-nagrajeni-harmonikar","status":"publish","type":"post","link":"https:\/\/www.osjenka.si\/ps-trstenik\/2024\/05\/07\/benjamin-juvancic-nagrajeni-harmonikar\/","title":{"rendered":"Benjamin Juvan\u010di\u010d, nagrajeni harmonikar"},"content":{"rendered":"<p>V soboto, 4. 5. 2024, je v Festivalni dvorani na Bledu potekalo tekmovanje harmonikarjev v igranju na diatoni\u010dno harmoniko Zlata harmonika Bled 2024. Med nastopajo\u010dimi je bil tudi u\u010denec 3.T razreda podru\u017eni\u010dne \u0161ole Trstenik, <strong>Benjamin Juvan\u010di\u010d<\/strong>, ki je dobil <strong>bronasto priznanje v kategoriji Junior<\/strong>. Harmoniko igra dve leti. Zaigral je pesem \u010cebelice od Lojzeta Slaka.<\/p>\n<p>Klementina Juvan\u010di\u010d<\/p>\n<p><img decoding=\"async\" class=\"lazyload aligncenter wp-image-3802 size-fusion-800\" src=\"https:\/\/www.osjenka.si\/ps-trstenik\/wp-content\/uploads\/sites\/3\/2024\/05\/slika-800x1067.jpg\" data-orig-src=\"https:\/\/www.osjenka.si\/ps-trstenik\/wp-content\/uploads\/sites\/3\/2024\/05\/slika-800x1067.jpg\" alt=\"\" width=\"800\" height=\"1067\" srcset=\"data:image\/svg+xml,%3Csvg%20xmlns%3D%27http%3A%2F%2Fwww.w3.org%2F2000%2Fsvg%27%20width%3D%27800%27%20height%3D%271067%27%20viewBox%3D%270%200%20800%201067%27%3E%3Crect%20width%3D%27800%27%20height%3D%271067%27%20fill-opacity%3D%220%22%2F%3E%3C%2Fsvg%3E\" data-srcset=\"https:\/\/www.osjenka.si\/ps-trstenik\/wp-content\/uploads\/sites\/3\/2024\/05\/slika-200x267.jpg 200w, https:\/\/www.osjenka.si\/ps-trstenik\/wp-content\/uploads\/sites\/3\/2024\/05\/slika-225x300.jpg 225w, https:\/\/www.osjenka.si\/ps-trstenik\/wp-content\/uploads\/sites\/3\/2024\/05\/slika-300x400.jpg 300w, https:\/\/www.osjenka.si\/ps-trstenik\/wp-content\/uploads\/sites\/3\/2024\/05\/slika-400x533.jpg 400w, https:\/\/www.osjenka.si\/ps-trstenik\/wp-content\/uploads\/sites\/3\/2024\/05\/slika-600x800.jpg 600w, https:\/\/www.osjenka.si\/ps-trstenik\/wp-content\/uploads\/sites\/3\/2024\/05\/slika-768x1024.jpg 768w, https:\/\/www.osjenka.si\/ps-trstenik\/wp-content\/uploads\/sites\/3\/2024\/05\/slika-800x1067.jpg 800w, https:\/\/www.osjenka.si\/ps-trstenik\/wp-content\/uploads\/sites\/3\/2024\/05\/slika-1152x1536.jpg 1152w, https:\/\/www.osjenka.si\/ps-trstenik\/wp-content\/uploads\/sites\/3\/2024\/05\/slika-1200x1600.jpg 1200w, https:\/\/www.osjenka.si\/ps-trstenik\/wp-content\/uploads\/sites\/3\/2024\/05\/slika.jpg 1440w\" data-sizes=\"auto\" data-orig-sizes=\"(max-width: 800px) 100vw, 800px\" \/><\/p>\n","protected":false},"excerpt":{"rendered":"<p>V soboto, 4. 5. 2024, je v Festivalni dvorani na Bledu potekalo tekmovanje harmonikarjev v igranju na diatoni\u010dno harmoniko Zlata harmonika Bled 2024. Med nastopajo\u010dimi je bil tudi u\u010denec 3.T razreda podru\u017eni\u010dne \u0161ole Trstenik, Benjamin Juvan\u010di\u010d, ki je dobil bronasto priznanje v kategoriji Junior. Harmoniko igra dve leti. Zaigral je pesem \u010cebelice od Lojzeta Slaka. Klementina Juvan\u010di\u010d<\/p>\n","protected":false},"author":6,"featured_media":3802,"comment_status":"open","ping_status":"open","sticky":false,"template":"","format":"standard","meta":{"footnotes":""},"categories":[28],"tags":[],"class_list":["post-3801","post","type-post","status-publish","format-standard","has-post-thumbnail","hentry","category-novice"],"yoast_head":"<!-- This site is optimized with the Yoast SEO plugin v19.11 - https:\/\/yoast.com\/wordpress\/plugins\/seo\/ -->\n<title>Benjamin Juvan\u010di\u010d, nagrajeni harmonikar - P\u0160 Trstenik<\/title>\n<meta name=\"robots\" content=\"index, follow, max-snippet:-1, max-image-preview:large, max-video-preview:-1\" \/>\n<link rel=\"canonical\" href=\"https:\/\/www.osjenka.si\/ps-trstenik\/2024\/05\/07\/benjamin-juvancic-nagrajeni-harmonikar\/\" \/>\n<meta property=\"og:locale\" content=\"sl_SI\" \/>\n<meta property=\"og:type\" content=\"article\" \/>\n<meta property=\"og:title\" content=\"Benjamin Juvan\u010di\u010d, nagrajeni harmonikar - P\u0160 Trstenik\" \/>\n<meta property=\"og:description\" content=\"V soboto, 4. 5. 2024, je v Festivalni dvorani na Bledu potekalo tekmovanje harmonikarjev v igranju na diatoni\u010dno harmoniko Zlata harmonika Bled 2024. Med nastopajo\u010dimi je bil tudi u\u010denec 3.T razreda podru\u017eni\u010dne \u0161ole Trstenik, Benjamin Juvan\u010di\u010d, ki je dobil bronasto priznanje v kategoriji Junior. Harmoniko igra dve leti. Zaigral je pesem \u010cebelice od Lojzeta Slaka. Klementina Juvan\u010di\u010d\" \/>\n<meta property=\"og:url\" content=\"https:\/\/www.osjenka.si\/ps-trstenik\/2024\/05\/07\/benjamin-juvancic-nagrajeni-harmonikar\/\" \/>\n<meta property=\"og:site_name\" content=\"P\u0160 Trstenik\" \/>\n<meta property=\"article:published_time\" content=\"2024-05-07T13:15:36+00:00\" \/>\n<meta property=\"og:image\" content=\"https:\/\/www.osjenka.si\/ps-trstenik\/wp-content\/uploads\/sites\/3\/2024\/05\/slika.jpg\" \/>\n\t<meta property=\"og:image:width\" content=\"1440\" \/>\n\t<meta property=\"og:image:height\" content=\"1920\" \/>\n\t<meta property=\"og:image:type\" content=\"image\/jpeg\" \/>\n<meta name=\"author\" content=\"marijanca\" \/>\n<meta name=\"twitter:card\" content=\"summary_large_image\" \/>\n<meta name=\"twitter:label1\" content=\"Written by\" \/>\n\t<meta name=\"twitter:data1\" content=\"marijanca\" \/>\n\t<meta name=\"twitter:label2\" content=\"Est. reading time\" \/>\n\t<meta name=\"twitter:data2\" content=\"1 minuta\" \/>\n<script type=\"application\/ld+json\" class=\"yoast-schema-graph\">{\"@context\":\"https:\/\/schema.org\",\"@graph\":[{\"@type\":\"WebPage\",\"@id\":\"https:\/\/www.osjenka.si\/ps-trstenik\/2024\/05\/07\/benjamin-juvancic-nagrajeni-harmonikar\/\",\"url\":\"https:\/\/www.osjenka.si\/ps-trstenik\/2024\/05\/07\/benjamin-juvancic-nagrajeni-harmonikar\/\",\"name\":\"Benjamin Juvan\u010di\u010d, nagrajeni harmonikar - P\u0160 Trstenik\",\"isPartOf\":{\"@id\":\"https:\/\/www.osjenka.si\/ps-trstenik\/#website\"},\"datePublished\":\"2024-05-07T13:15:36+00:00\",\"dateModified\":\"2024-05-07T13:15:36+00:00\",\"author\":{\"@id\":\"https:\/\/www.osjenka.si\/ps-trstenik\/#\/schema\/person\/e994953e80ee06b3734632ceb1a36cbc\"},\"breadcrumb\":{\"@id\":\"https:\/\/www.osjenka.si\/ps-trstenik\/2024\/05\/07\/benjamin-juvancic-nagrajeni-harmonikar\/#breadcrumb\"},\"inLanguage\":\"sl-SI\",\"potentialAction\":[{\"@type\":\"ReadAction\",\"target\":[\"https:\/\/www.osjenka.si\/ps-trstenik\/2024\/05\/07\/benjamin-juvancic-nagrajeni-harmonikar\/\"]}]},{\"@type\":\"BreadcrumbList\",\"@id\":\"https:\/\/www.osjenka.si\/ps-trstenik\/2024\/05\/07\/benjamin-juvancic-nagrajeni-harmonikar\/#breadcrumb\",\"itemListElement\":[{\"@type\":\"ListItem\",\"position\":1,\"name\":\"Home\",\"item\":\"https:\/\/www.osjenka.si\/ps-trstenik\/\"},{\"@type\":\"ListItem\",\"position\":2,\"name\":\"Benjamin Juvan\u010di\u010d, nagrajeni harmonikar\"}]},{\"@type\":\"WebSite\",\"@id\":\"https:\/\/www.osjenka.si\/ps-trstenik\/#website\",\"url\":\"https:\/\/www.osjenka.si\/ps-trstenik\/\",\"name\":\"P\u0160 Trstenik\",\"description\":\"\",\"potentialAction\":[{\"@type\":\"SearchAction\",\"target\":{\"@type\":\"EntryPoint\",\"urlTemplate\":\"https:\/\/www.osjenka.si\/ps-trstenik\/?s={search_term_string}\"},\"query-input\":\"required name=search_term_string\"}],\"inLanguage\":\"sl-SI\"},{\"@type\":\"Person\",\"@id\":\"https:\/\/www.osjenka.si\/ps-trstenik\/#\/schema\/person\/e994953e80ee06b3734632ceb1a36cbc\",\"name\":\"marijanca\",\"image\":{\"@type\":\"ImageObject\",\"inLanguage\":\"sl-SI\",\"@id\":\"https:\/\/www.osjenka.si\/ps-trstenik\/#\/schema\/person\/image\/\",\"url\":\"https:\/\/secure.gravatar.com\/avatar\/dbce7ac167ee71177f370bf0bb0bba3702fec9264452e7366493259d6187ae79?s=96&d=mm&r=g\",\"contentUrl\":\"https:\/\/secure.gravatar.com\/avatar\/dbce7ac167ee71177f370bf0bb0bba3702fec9264452e7366493259d6187ae79?s=96&d=mm&r=g\",\"caption\":\"marijanca\"},\"url\":\"https:\/\/www.osjenka.si\/ps-trstenik\/author\/marijanca\/\"}]}<\/script>\n<!-- \/ Yoast SEO plugin. -->","yoast_head_json":{"title":"Benjamin Juvan\u010di\u010d, nagrajeni harmonikar - P\u0160 Trstenik","robots":{"index":"index","follow":"follow","max-snippet":"max-snippet:-1","max-image-preview":"max-image-preview:large","max-video-preview":"max-video-preview:-1"},"canonical":"https:\/\/www.osjenka.si\/ps-trstenik\/2024\/05\/07\/benjamin-juvancic-nagrajeni-harmonikar\/","og_locale":"sl_SI","og_type":"article","og_title":"Benjamin Juvan\u010di\u010d, nagrajeni harmonikar - P\u0160 Trstenik","og_description":"V soboto, 4. 5. 2024, je v Festivalni dvorani na Bledu potekalo tekmovanje harmonikarjev v igranju na diatoni\u010dno harmoniko Zlata harmonika Bled 2024. Med nastopajo\u010dimi je bil tudi u\u010denec 3.T razreda podru\u017eni\u010dne \u0161ole Trstenik, Benjamin Juvan\u010di\u010d, ki je dobil bronasto priznanje v kategoriji Junior. Harmoniko igra dve leti. Zaigral je pesem \u010cebelice od Lojzeta Slaka. Klementina Juvan\u010di\u010d","og_url":"https:\/\/www.osjenka.si\/ps-trstenik\/2024\/05\/07\/benjamin-juvancic-nagrajeni-harmonikar\/","og_site_name":"P\u0160 Trstenik","article_published_time":"2024-05-07T13:15:36+00:00","og_image":[{"width":1440,"height":1920,"url":"https:\/\/www.osjenka.si\/ps-trstenik\/wp-content\/uploads\/sites\/3\/2024\/05\/slika.jpg","type":"image\/jpeg"}],"author":"marijanca","twitter_card":"summary_large_image","twitter_misc":{"Written by":"marijanca","Est. reading time":"1 minuta"},"schema":{"@context":"https:\/\/schema.org","@graph":[{"@type":"WebPage","@id":"https:\/\/www.osjenka.si\/ps-trstenik\/2024\/05\/07\/benjamin-juvancic-nagrajeni-harmonikar\/","url":"https:\/\/www.osjenka.si\/ps-trstenik\/2024\/05\/07\/benjamin-juvancic-nagrajeni-harmonikar\/","name":"Benjamin Juvan\u010di\u010d, nagrajeni harmonikar - P\u0160 Trstenik","isPartOf":{"@id":"https:\/\/www.osjenka.si\/ps-trstenik\/#website"},"datePublished":"2024-05-07T13:15:36+00:00","dateModified":"2024-05-07T13:15:36+00:00","author":{"@id":"https:\/\/www.osjenka.si\/ps-trstenik\/#\/schema\/person\/e994953e80ee06b3734632ceb1a36cbc"},"breadcrumb":{"@id":"https:\/\/www.osjenka.si\/ps-trstenik\/2024\/05\/07\/benjamin-juvancic-nagrajeni-harmonikar\/#breadcrumb"},"inLanguage":"sl-SI","potentialAction":[{"@type":"ReadAction","target":["https:\/\/www.osjenka.si\/ps-trstenik\/2024\/05\/07\/benjamin-juvancic-nagrajeni-harmonikar\/"]}]},{"@type":"BreadcrumbList","@id":"https:\/\/www.osjenka.si\/ps-trstenik\/2024\/05\/07\/benjamin-juvancic-nagrajeni-harmonikar\/#breadcrumb","itemListElement":[{"@type":"ListItem","position":1,"name":"Home","item":"https:\/\/www.osjenka.si\/ps-trstenik\/"},{"@type":"ListItem","position":2,"name":"Benjamin Juvan\u010di\u010d, nagrajeni harmonikar"}]},{"@type":"WebSite","@id":"https:\/\/www.osjenka.si\/ps-trstenik\/#website","url":"https:\/\/www.osjenka.si\/ps-trstenik\/","name":"P\u0160 Trstenik","description":"","potentialAction":[{"@type":"SearchAction","target":{"@type":"EntryPoint","urlTemplate":"https:\/\/www.osjenka.si\/ps-trstenik\/?s={search_term_string}"},"query-input":"required name=search_term_string"}],"inLanguage":"sl-SI"},{"@type":"Person","@id":"https:\/\/www.osjenka.si\/ps-trstenik\/#\/schema\/person\/e994953e80ee06b3734632ceb1a36cbc","name":"marijanca","image":{"@type":"ImageObject","inLanguage":"sl-SI","@id":"https:\/\/www.osjenka.si\/ps-trstenik\/#\/schema\/person\/image\/","url":"https:\/\/secure.gravatar.com\/avatar\/dbce7ac167ee71177f370bf0bb0bba3702fec9264452e7366493259d6187ae79?s=96&d=mm&r=g","contentUrl":"https:\/\/secure.gravatar.com\/avatar\/dbce7ac167ee71177f370bf0bb0bba3702fec9264452e7366493259d6187ae79?s=96&d=mm&r=g","caption":"marijanca"},"url":"https:\/\/www.osjenka.si\/ps-trstenik\/author\/marijanca\/"}]}},"_links":{"self":[{"href":"https:\/\/www.osjenka.si\/ps-trstenik\/wp-json\/wp\/v2\/posts\/3801","targetHints":{"allow":["GET"]}}],"collection":[{"href":"https:\/\/www.osjenka.si\/ps-trstenik\/wp-json\/wp\/v2\/posts"}],"about":[{"href":"https:\/\/www.osjenka.si\/ps-trstenik\/wp-json\/wp\/v2\/types\/post"}],"author":[{"embeddable":true,"href":"https:\/\/www.osjenka.si\/ps-trstenik\/wp-json\/wp\/v2\/users\/6"}],"replies":[{"embeddable":true,"href":"https:\/\/www.osjenka.si\/ps-trstenik\/wp-json\/wp\/v2\/comments?post=3801"}],"version-history":[{"count":1,"href":"https:\/\/www.osjenka.si\/ps-trstenik\/wp-json\/wp\/v2\/posts\/3801\/revisions"}],"predecessor-version":[{"id":3803,"href":"https:\/\/www.osjenka.si\/ps-trstenik\/wp-json\/wp\/v2\/posts\/3801\/revisions\/3803"}],"wp:featuredmedia":[{"embeddable":true,"href":"https:\/\/www.osjenka.si\/ps-trstenik\/wp-json\/wp\/v2\/media\/3802"}],"wp:attachment":[{"href":"https:\/\/www.osjenka.si\/ps-trstenik\/wp-json\/wp\/v2\/media?parent=3801"}],"wp:term":[{"taxonomy":"category","embeddable":true,"href":"https:\/\/www.osjenka.si\/ps-trstenik\/wp-json\/wp\/v2\/categories?post=3801"},{"taxonomy":"post_tag","embeddable":true,"href":"https:\/\/www.osjenka.si\/ps-trstenik\/wp-json\/wp\/v2\/tags?post=3801"}],"curies":[{"name":"wp","href":"https:\/\/api.w.org\/{rel}","templated":true}]}}