{"id":3911,"date":"2024-08-27T14:16:20","date_gmt":"2024-08-27T12:16:20","guid":{"rendered":"https:\/\/www.osjenka.si\/ps-trstenik\/?p=3911"},"modified":"2024-08-27T18:55:06","modified_gmt":"2024-08-27T16:55:06","slug":"vozni-red-solskega-kombija-2","status":"publish","type":"post","link":"https:\/\/www.osjenka.si\/ps-trstenik\/2024\/08\/27\/vozni-red-solskega-kombija-2\/","title":{"rendered":"Vozni red \u0161olskega kombija"},"content":{"rendered":"<p><strong>VOZNI RED \u0160OLSKEGA KOMBIJA<\/strong><\/p>\n<p>\u0161olsko leto 2024\/25<\/p>\n<p>&nbsp;<\/p>\n<p><strong>7.00:<\/strong> Teneti\u0161e &#8211; Pangr\u0161ica (4., 5. razred)<\/p>\n<p><strong>7.10:<\/strong> Orle (1. do 5. razred)<\/p>\n<p><strong>7.15:<\/strong> Povlje \u2013 Babni Vrt \u2013 \u017dablje \u2013 \u010cadovlje (1. do 5. razred)<\/p>\n<p><strong>7.20<\/strong>: Trstenik &#8211; Gori\u010de (4., 5. razred \u2013 izbirni predmet) <strong>ponedeljek<\/strong><\/p>\n<p><strong>7.40:<\/strong> Teneti\u0161e &#8211; Pangr\u0161ica (1. do 3. razred)<\/p>\n<p><strong>8.15<\/strong>: Gori\u010de \u2013 Trstenik (4., 5. razred \u2013 izbirni predmet) <strong>ponedeljek<\/strong><\/p>\n","protected":false},"excerpt":{"rendered":"<p>VOZNI RED \u0160OLSKEGA KOMBIJA \u0161olsko leto 2024\/25 &nbsp; 7.00: Teneti\u0161e &#8211; Pangr\u0161ica (4., 5. razred) 7.10: Orle (1. do 5. razred) 7.15: Povlje \u2013 Babni Vrt \u2013 \u017dablje \u2013 \u010cadovlje (1. do 5. razred) 7.20: Trstenik &#8211; Gori\u010de (4., 5. razred \u2013 izbirni predmet) ponedeljek 7.40: Teneti\u0161e &#8211; Pangr\u0161ica (1. do 3. razred) 8.15: Gori\u010de \u2013 Trstenik (4., 5. razred \u2013 izbirni predmet) ponedeljek<\/p>\n","protected":false},"author":6,"featured_media":3267,"comment_status":"open","ping_status":"open","sticky":false,"template":"","format":"standard","meta":{"footnotes":""},"categories":[1],"tags":[],"class_list":["post-3911","post","type-post","status-publish","format-standard","has-post-thumbnail","hentry","category-nekategorizirano"],"yoast_head":"<!-- This site is optimized with the Yoast SEO plugin v19.11 - https:\/\/yoast.com\/wordpress\/plugins\/seo\/ -->\n<title>Vozni red \u0161olskega kombija - P\u0160 Trstenik<\/title>\n<meta name=\"robots\" content=\"index, follow, max-snippet:-1, max-image-preview:large, max-video-preview:-1\" \/>\n<link rel=\"canonical\" href=\"https:\/\/www.osjenka.si\/ps-trstenik\/2024\/08\/27\/vozni-red-solskega-kombija-2\/\" \/>\n<meta property=\"og:locale\" content=\"sl_SI\" \/>\n<meta property=\"og:type\" content=\"article\" \/>\n<meta property=\"og:title\" content=\"Vozni red \u0161olskega kombija - P\u0160 Trstenik\" \/>\n<meta property=\"og:description\" content=\"VOZNI RED \u0160OLSKEGA KOMBIJA \u0161olsko leto 2024\/25 &nbsp; 7.00: Teneti\u0161e &#8211; Pangr\u0161ica (4., 5. razred) 7.10: Orle (1. do 5. razred) 7.15: Povlje \u2013 Babni Vrt \u2013 \u017dablje \u2013 \u010cadovlje (1. do 5. razred) 7.20: Trstenik &#8211; Gori\u010de (4., 5. razred \u2013 izbirni predmet) ponedeljek 7.40: Teneti\u0161e &#8211; Pangr\u0161ica (1. do 3. razred) 8.15: Gori\u010de \u2013 Trstenik (4., 5. razred \u2013 izbirni predmet) ponedeljek\" \/>\n<meta property=\"og:url\" content=\"https:\/\/www.osjenka.si\/ps-trstenik\/2024\/08\/27\/vozni-red-solskega-kombija-2\/\" \/>\n<meta property=\"og:site_name\" content=\"P\u0160 Trstenik\" \/>\n<meta property=\"article:published_time\" content=\"2024-08-27T12:16:20+00:00\" \/>\n<meta property=\"article:modified_time\" content=\"2024-08-27T16:55:06+00:00\" \/>\n<meta property=\"og:image\" content=\"https:\/\/www.osjenka.si\/ps-trstenik\/wp-content\/uploads\/sites\/3\/2023\/08\/kombi.gif\" \/>\n\t<meta property=\"og:image:width\" content=\"487\" \/>\n\t<meta property=\"og:image:height\" content=\"504\" \/>\n\t<meta property=\"og:image:type\" content=\"image\/gif\" \/>\n<meta name=\"author\" content=\"marijanca\" \/>\n<meta name=\"twitter:card\" content=\"summary_large_image\" \/>\n<meta name=\"twitter:label1\" content=\"Written by\" \/>\n\t<meta name=\"twitter:data1\" content=\"marijanca\" \/>\n\t<meta name=\"twitter:label2\" content=\"Est. reading time\" \/>\n\t<meta name=\"twitter:data2\" content=\"1 minuta\" \/>\n<script type=\"application\/ld+json\" class=\"yoast-schema-graph\">{\"@context\":\"https:\/\/schema.org\",\"@graph\":[{\"@type\":\"WebPage\",\"@id\":\"https:\/\/www.osjenka.si\/ps-trstenik\/2024\/08\/27\/vozni-red-solskega-kombija-2\/\",\"url\":\"https:\/\/www.osjenka.si\/ps-trstenik\/2024\/08\/27\/vozni-red-solskega-kombija-2\/\",\"name\":\"Vozni red \u0161olskega kombija - P\u0160 Trstenik\",\"isPartOf\":{\"@id\":\"https:\/\/www.osjenka.si\/ps-trstenik\/#website\"},\"datePublished\":\"2024-08-27T12:16:20+00:00\",\"dateModified\":\"2024-08-27T16:55:06+00:00\",\"author\":{\"@id\":\"https:\/\/www.osjenka.si\/ps-trstenik\/#\/schema\/person\/e994953e80ee06b3734632ceb1a36cbc\"},\"breadcrumb\":{\"@id\":\"https:\/\/www.osjenka.si\/ps-trstenik\/2024\/08\/27\/vozni-red-solskega-kombija-2\/#breadcrumb\"},\"inLanguage\":\"sl-SI\",\"potentialAction\":[{\"@type\":\"ReadAction\",\"target\":[\"https:\/\/www.osjenka.si\/ps-trstenik\/2024\/08\/27\/vozni-red-solskega-kombija-2\/\"]}]},{\"@type\":\"BreadcrumbList\",\"@id\":\"https:\/\/www.osjenka.si\/ps-trstenik\/2024\/08\/27\/vozni-red-solskega-kombija-2\/#breadcrumb\",\"itemListElement\":[{\"@type\":\"ListItem\",\"position\":1,\"name\":\"Home\",\"item\":\"https:\/\/www.osjenka.si\/ps-trstenik\/\"},{\"@type\":\"ListItem\",\"position\":2,\"name\":\"Vozni red \u0161olskega kombija\"}]},{\"@type\":\"WebSite\",\"@id\":\"https:\/\/www.osjenka.si\/ps-trstenik\/#website\",\"url\":\"https:\/\/www.osjenka.si\/ps-trstenik\/\",\"name\":\"P\u0160 Trstenik\",\"description\":\"\",\"potentialAction\":[{\"@type\":\"SearchAction\",\"target\":{\"@type\":\"EntryPoint\",\"urlTemplate\":\"https:\/\/www.osjenka.si\/ps-trstenik\/?s={search_term_string}\"},\"query-input\":\"required name=search_term_string\"}],\"inLanguage\":\"sl-SI\"},{\"@type\":\"Person\",\"@id\":\"https:\/\/www.osjenka.si\/ps-trstenik\/#\/schema\/person\/e994953e80ee06b3734632ceb1a36cbc\",\"name\":\"marijanca\",\"image\":{\"@type\":\"ImageObject\",\"inLanguage\":\"sl-SI\",\"@id\":\"https:\/\/www.osjenka.si\/ps-trstenik\/#\/schema\/person\/image\/\",\"url\":\"https:\/\/secure.gravatar.com\/avatar\/dbce7ac167ee71177f370bf0bb0bba3702fec9264452e7366493259d6187ae79?s=96&d=mm&r=g\",\"contentUrl\":\"https:\/\/secure.gravatar.com\/avatar\/dbce7ac167ee71177f370bf0bb0bba3702fec9264452e7366493259d6187ae79?s=96&d=mm&r=g\",\"caption\":\"marijanca\"},\"url\":\"https:\/\/www.osjenka.si\/ps-trstenik\/author\/marijanca\/\"}]}<\/script>\n<!-- \/ Yoast SEO plugin. -->","yoast_head_json":{"title":"Vozni red \u0161olskega kombija - P\u0160 Trstenik","robots":{"index":"index","follow":"follow","max-snippet":"max-snippet:-1","max-image-preview":"max-image-preview:large","max-video-preview":"max-video-preview:-1"},"canonical":"https:\/\/www.osjenka.si\/ps-trstenik\/2024\/08\/27\/vozni-red-solskega-kombija-2\/","og_locale":"sl_SI","og_type":"article","og_title":"Vozni red \u0161olskega kombija - P\u0160 Trstenik","og_description":"VOZNI RED \u0160OLSKEGA KOMBIJA \u0161olsko leto 2024\/25 &nbsp; 7.00: Teneti\u0161e &#8211; Pangr\u0161ica (4., 5. razred) 7.10: Orle (1. do 5. razred) 7.15: Povlje \u2013 Babni Vrt \u2013 \u017dablje \u2013 \u010cadovlje (1. do 5. razred) 7.20: Trstenik &#8211; Gori\u010de (4., 5. razred \u2013 izbirni predmet) ponedeljek 7.40: Teneti\u0161e &#8211; Pangr\u0161ica (1. do 3. razred) 8.15: Gori\u010de \u2013 Trstenik (4., 5. razred \u2013 izbirni predmet) ponedeljek","og_url":"https:\/\/www.osjenka.si\/ps-trstenik\/2024\/08\/27\/vozni-red-solskega-kombija-2\/","og_site_name":"P\u0160 Trstenik","article_published_time":"2024-08-27T12:16:20+00:00","article_modified_time":"2024-08-27T16:55:06+00:00","og_image":[{"width":487,"height":504,"url":"https:\/\/www.osjenka.si\/ps-trstenik\/wp-content\/uploads\/sites\/3\/2023\/08\/kombi.gif","type":"image\/gif"}],"author":"marijanca","twitter_card":"summary_large_image","twitter_misc":{"Written by":"marijanca","Est. reading time":"1 minuta"},"schema":{"@context":"https:\/\/schema.org","@graph":[{"@type":"WebPage","@id":"https:\/\/www.osjenka.si\/ps-trstenik\/2024\/08\/27\/vozni-red-solskega-kombija-2\/","url":"https:\/\/www.osjenka.si\/ps-trstenik\/2024\/08\/27\/vozni-red-solskega-kombija-2\/","name":"Vozni red \u0161olskega kombija - P\u0160 Trstenik","isPartOf":{"@id":"https:\/\/www.osjenka.si\/ps-trstenik\/#website"},"datePublished":"2024-08-27T12:16:20+00:00","dateModified":"2024-08-27T16:55:06+00:00","author":{"@id":"https:\/\/www.osjenka.si\/ps-trstenik\/#\/schema\/person\/e994953e80ee06b3734632ceb1a36cbc"},"breadcrumb":{"@id":"https:\/\/www.osjenka.si\/ps-trstenik\/2024\/08\/27\/vozni-red-solskega-kombija-2\/#breadcrumb"},"inLanguage":"sl-SI","potentialAction":[{"@type":"ReadAction","target":["https:\/\/www.osjenka.si\/ps-trstenik\/2024\/08\/27\/vozni-red-solskega-kombija-2\/"]}]},{"@type":"BreadcrumbList","@id":"https:\/\/www.osjenka.si\/ps-trstenik\/2024\/08\/27\/vozni-red-solskega-kombija-2\/#breadcrumb","itemListElement":[{"@type":"ListItem","position":1,"name":"Home","item":"https:\/\/www.osjenka.si\/ps-trstenik\/"},{"@type":"ListItem","position":2,"name":"Vozni red \u0161olskega kombija"}]},{"@type":"WebSite","@id":"https:\/\/www.osjenka.si\/ps-trstenik\/#website","url":"https:\/\/www.osjenka.si\/ps-trstenik\/","name":"P\u0160 Trstenik","description":"","potentialAction":[{"@type":"SearchAction","target":{"@type":"EntryPoint","urlTemplate":"https:\/\/www.osjenka.si\/ps-trstenik\/?s={search_term_string}"},"query-input":"required name=search_term_string"}],"inLanguage":"sl-SI"},{"@type":"Person","@id":"https:\/\/www.osjenka.si\/ps-trstenik\/#\/schema\/person\/e994953e80ee06b3734632ceb1a36cbc","name":"marijanca","image":{"@type":"ImageObject","inLanguage":"sl-SI","@id":"https:\/\/www.osjenka.si\/ps-trstenik\/#\/schema\/person\/image\/","url":"https:\/\/secure.gravatar.com\/avatar\/dbce7ac167ee71177f370bf0bb0bba3702fec9264452e7366493259d6187ae79?s=96&d=mm&r=g","contentUrl":"https:\/\/secure.gravatar.com\/avatar\/dbce7ac167ee71177f370bf0bb0bba3702fec9264452e7366493259d6187ae79?s=96&d=mm&r=g","caption":"marijanca"},"url":"https:\/\/www.osjenka.si\/ps-trstenik\/author\/marijanca\/"}]}},"_links":{"self":[{"href":"https:\/\/www.osjenka.si\/ps-trstenik\/wp-json\/wp\/v2\/posts\/3911","targetHints":{"allow":["GET"]}}],"collection":[{"href":"https:\/\/www.osjenka.si\/ps-trstenik\/wp-json\/wp\/v2\/posts"}],"about":[{"href":"https:\/\/www.osjenka.si\/ps-trstenik\/wp-json\/wp\/v2\/types\/post"}],"author":[{"embeddable":true,"href":"https:\/\/www.osjenka.si\/ps-trstenik\/wp-json\/wp\/v2\/users\/6"}],"replies":[{"embeddable":true,"href":"https:\/\/www.osjenka.si\/ps-trstenik\/wp-json\/wp\/v2\/comments?post=3911"}],"version-history":[{"count":2,"href":"https:\/\/www.osjenka.si\/ps-trstenik\/wp-json\/wp\/v2\/posts\/3911\/revisions"}],"predecessor-version":[{"id":3915,"href":"https:\/\/www.osjenka.si\/ps-trstenik\/wp-json\/wp\/v2\/posts\/3911\/revisions\/3915"}],"wp:featuredmedia":[{"embeddable":true,"href":"https:\/\/www.osjenka.si\/ps-trstenik\/wp-json\/wp\/v2\/media\/3267"}],"wp:attachment":[{"href":"https:\/\/www.osjenka.si\/ps-trstenik\/wp-json\/wp\/v2\/media?parent=3911"}],"wp:term":[{"taxonomy":"category","embeddable":true,"href":"https:\/\/www.osjenka.si\/ps-trstenik\/wp-json\/wp\/v2\/categories?post=3911"},{"taxonomy":"post_tag","embeddable":true,"href":"https:\/\/www.osjenka.si\/ps-trstenik\/wp-json\/wp\/v2\/tags?post=3911"}],"curies":[{"name":"wp","href":"https:\/\/api.w.org\/{rel}","templated":true}]}}