{"id":4050,"date":"2024-10-11T17:37:28","date_gmt":"2024-10-11T15:37:28","guid":{"rendered":"https:\/\/www.osjenka.si\/ps-trstenik\/?p=4050"},"modified":"2024-10-11T18:24:38","modified_gmt":"2024-10-11T16:24:38","slug":"sd-jesenski-pohod-4-t-in-5-t","status":"publish","type":"post","link":"https:\/\/www.osjenka.si\/ps-trstenik\/2024\/10\/11\/sd-jesenski-pohod-4-t-in-5-t\/","title":{"rendered":"\u0160D Jesenski pohod (4. in 5. razred)"},"content":{"rendered":"<p>V torek, 1. 10. 2024, smo se u\u010denci 4. in 5. razreda odpravili na Svetega Lovrenca. Pot ni bila preve\u010d zahtevna. Vmes smo imeli nekaj postankov, da smo si malo odpo\u010dili. Na vrhu smo pojedli malico in se posladkali tudi s sladkarijami, ki smo jih prinesli s seboj. Bil je \u010dudovit son\u010den dan.<\/p>\n<p>Besedilo zapisala: Ela Kern<\/p>\n<p>Fotografija: Mojca Jur\u010di\u010d<\/p>\n<p><img decoding=\"async\" class=\"lazyload aligncenter wp-image-4051 size-fusion-800\" src=\"https:\/\/www.osjenka.si\/ps-trstenik\/wp-content\/uploads\/sites\/3\/2024\/10\/20241001_105954-800x600.jpg\" data-orig-src=\"https:\/\/www.osjenka.si\/ps-trstenik\/wp-content\/uploads\/sites\/3\/2024\/10\/20241001_105954-800x600.jpg\" alt=\"\" width=\"800\" height=\"600\" srcset=\"data:image\/svg+xml,%3Csvg%20xmlns%3D%27http%3A%2F%2Fwww.w3.org%2F2000%2Fsvg%27%20width%3D%27800%27%20height%3D%27600%27%20viewBox%3D%270%200%20800%20600%27%3E%3Crect%20width%3D%27800%27%20height%3D%27600%27%20fill-opacity%3D%220%22%2F%3E%3C%2Fsvg%3E\" data-srcset=\"https:\/\/www.osjenka.si\/ps-trstenik\/wp-content\/uploads\/sites\/3\/2024\/10\/20241001_105954-200x150.jpg 200w, https:\/\/www.osjenka.si\/ps-trstenik\/wp-content\/uploads\/sites\/3\/2024\/10\/20241001_105954-300x225.jpg 300w, https:\/\/www.osjenka.si\/ps-trstenik\/wp-content\/uploads\/sites\/3\/2024\/10\/20241001_105954-400x300.jpg 400w, https:\/\/www.osjenka.si\/ps-trstenik\/wp-content\/uploads\/sites\/3\/2024\/10\/20241001_105954-600x450.jpg 600w, https:\/\/www.osjenka.si\/ps-trstenik\/wp-content\/uploads\/sites\/3\/2024\/10\/20241001_105954-768x576.jpg 768w, https:\/\/www.osjenka.si\/ps-trstenik\/wp-content\/uploads\/sites\/3\/2024\/10\/20241001_105954-800x600.jpg 800w, https:\/\/www.osjenka.si\/ps-trstenik\/wp-content\/uploads\/sites\/3\/2024\/10\/20241001_105954-1024x768.jpg 1024w, https:\/\/www.osjenka.si\/ps-trstenik\/wp-content\/uploads\/sites\/3\/2024\/10\/20241001_105954-1200x900.jpg 1200w, https:\/\/www.osjenka.si\/ps-trstenik\/wp-content\/uploads\/sites\/3\/2024\/10\/20241001_105954-1536x1152.jpg 1536w, https:\/\/www.osjenka.si\/ps-trstenik\/wp-content\/uploads\/sites\/3\/2024\/10\/20241001_105954.jpg 1920w\" data-sizes=\"auto\" data-orig-sizes=\"(max-width: 800px) 100vw, 800px\" \/><\/p>\n","protected":false},"excerpt":{"rendered":"<p>V torek, 1. 10. 2024, smo se u\u010denci 4. in 5. razreda odpravili na Svetega Lovrenca. Pot ni bila preve\u010d zahtevna. Vmes smo imeli nekaj postankov, da smo si malo odpo\u010dili. Na vrhu smo pojedli malico in se posladkali tudi s sladkarijami, ki smo jih prinesli s seboj. Bil je \u010dudovit son\u010den dan. Besedilo zapisala: Ela Kern Fotografija: Mojca Jur\u010di\u010d<\/p>\n","protected":false},"author":6,"featured_media":4051,"comment_status":"open","ping_status":"open","sticky":false,"template":"","format":"standard","meta":{"footnotes":""},"categories":[28],"tags":[],"class_list":["post-4050","post","type-post","status-publish","format-standard","has-post-thumbnail","hentry","category-novice"],"yoast_head":"<!-- This site is optimized with the Yoast SEO plugin v19.11 - https:\/\/yoast.com\/wordpress\/plugins\/seo\/ -->\n<title>\u0160D Jesenski pohod (4. in 5. razred) - P\u0160 Trstenik<\/title>\n<meta name=\"robots\" content=\"index, follow, max-snippet:-1, max-image-preview:large, max-video-preview:-1\" \/>\n<link rel=\"canonical\" href=\"https:\/\/www.osjenka.si\/ps-trstenik\/2024\/10\/11\/sd-jesenski-pohod-4-t-in-5-t\/\" \/>\n<meta property=\"og:locale\" content=\"sl_SI\" \/>\n<meta property=\"og:type\" content=\"article\" \/>\n<meta property=\"og:title\" content=\"\u0160D Jesenski pohod (4. in 5. razred) - P\u0160 Trstenik\" \/>\n<meta property=\"og:description\" content=\"V torek, 1. 10. 2024, smo se u\u010denci 4. in 5. razreda odpravili na Svetega Lovrenca. Pot ni bila preve\u010d zahtevna. Vmes smo imeli nekaj postankov, da smo si malo odpo\u010dili. Na vrhu smo pojedli malico in se posladkali tudi s sladkarijami, ki smo jih prinesli s seboj. Bil je \u010dudovit son\u010den dan. Besedilo zapisala: Ela Kern Fotografija: Mojca Jur\u010di\u010d\" \/>\n<meta property=\"og:url\" content=\"https:\/\/www.osjenka.si\/ps-trstenik\/2024\/10\/11\/sd-jesenski-pohod-4-t-in-5-t\/\" \/>\n<meta property=\"og:site_name\" content=\"P\u0160 Trstenik\" \/>\n<meta property=\"article:published_time\" content=\"2024-10-11T15:37:28+00:00\" \/>\n<meta property=\"article:modified_time\" content=\"2024-10-11T16:24:38+00:00\" \/>\n<meta property=\"og:image\" content=\"https:\/\/www.osjenka.si\/ps-trstenik\/wp-content\/uploads\/sites\/3\/2024\/10\/20241001_105954.jpg\" \/>\n\t<meta property=\"og:image:width\" content=\"1920\" \/>\n\t<meta property=\"og:image:height\" content=\"1440\" \/>\n\t<meta property=\"og:image:type\" content=\"image\/jpeg\" \/>\n<meta name=\"author\" content=\"marijanca\" \/>\n<meta name=\"twitter:card\" content=\"summary_large_image\" \/>\n<meta name=\"twitter:label1\" content=\"Written by\" \/>\n\t<meta name=\"twitter:data1\" content=\"marijanca\" \/>\n\t<meta name=\"twitter:label2\" content=\"Est. reading time\" \/>\n\t<meta name=\"twitter:data2\" content=\"1 minuta\" \/>\n<script type=\"application\/ld+json\" class=\"yoast-schema-graph\">{\"@context\":\"https:\/\/schema.org\",\"@graph\":[{\"@type\":\"WebPage\",\"@id\":\"https:\/\/www.osjenka.si\/ps-trstenik\/2024\/10\/11\/sd-jesenski-pohod-4-t-in-5-t\/\",\"url\":\"https:\/\/www.osjenka.si\/ps-trstenik\/2024\/10\/11\/sd-jesenski-pohod-4-t-in-5-t\/\",\"name\":\"\u0160D Jesenski pohod (4. in 5. razred) - P\u0160 Trstenik\",\"isPartOf\":{\"@id\":\"https:\/\/www.osjenka.si\/ps-trstenik\/#website\"},\"datePublished\":\"2024-10-11T15:37:28+00:00\",\"dateModified\":\"2024-10-11T16:24:38+00:00\",\"author\":{\"@id\":\"https:\/\/www.osjenka.si\/ps-trstenik\/#\/schema\/person\/e994953e80ee06b3734632ceb1a36cbc\"},\"breadcrumb\":{\"@id\":\"https:\/\/www.osjenka.si\/ps-trstenik\/2024\/10\/11\/sd-jesenski-pohod-4-t-in-5-t\/#breadcrumb\"},\"inLanguage\":\"sl-SI\",\"potentialAction\":[{\"@type\":\"ReadAction\",\"target\":[\"https:\/\/www.osjenka.si\/ps-trstenik\/2024\/10\/11\/sd-jesenski-pohod-4-t-in-5-t\/\"]}]},{\"@type\":\"BreadcrumbList\",\"@id\":\"https:\/\/www.osjenka.si\/ps-trstenik\/2024\/10\/11\/sd-jesenski-pohod-4-t-in-5-t\/#breadcrumb\",\"itemListElement\":[{\"@type\":\"ListItem\",\"position\":1,\"name\":\"Home\",\"item\":\"https:\/\/www.osjenka.si\/ps-trstenik\/\"},{\"@type\":\"ListItem\",\"position\":2,\"name\":\"\u0160D Jesenski pohod (4. in 5. razred)\"}]},{\"@type\":\"WebSite\",\"@id\":\"https:\/\/www.osjenka.si\/ps-trstenik\/#website\",\"url\":\"https:\/\/www.osjenka.si\/ps-trstenik\/\",\"name\":\"P\u0160 Trstenik\",\"description\":\"\",\"potentialAction\":[{\"@type\":\"SearchAction\",\"target\":{\"@type\":\"EntryPoint\",\"urlTemplate\":\"https:\/\/www.osjenka.si\/ps-trstenik\/?s={search_term_string}\"},\"query-input\":\"required name=search_term_string\"}],\"inLanguage\":\"sl-SI\"},{\"@type\":\"Person\",\"@id\":\"https:\/\/www.osjenka.si\/ps-trstenik\/#\/schema\/person\/e994953e80ee06b3734632ceb1a36cbc\",\"name\":\"marijanca\",\"image\":{\"@type\":\"ImageObject\",\"inLanguage\":\"sl-SI\",\"@id\":\"https:\/\/www.osjenka.si\/ps-trstenik\/#\/schema\/person\/image\/\",\"url\":\"https:\/\/secure.gravatar.com\/avatar\/dbce7ac167ee71177f370bf0bb0bba3702fec9264452e7366493259d6187ae79?s=96&d=mm&r=g\",\"contentUrl\":\"https:\/\/secure.gravatar.com\/avatar\/dbce7ac167ee71177f370bf0bb0bba3702fec9264452e7366493259d6187ae79?s=96&d=mm&r=g\",\"caption\":\"marijanca\"},\"url\":\"https:\/\/www.osjenka.si\/ps-trstenik\/author\/marijanca\/\"}]}<\/script>\n<!-- \/ Yoast SEO plugin. -->","yoast_head_json":{"title":"\u0160D Jesenski pohod (4. in 5. razred) - P\u0160 Trstenik","robots":{"index":"index","follow":"follow","max-snippet":"max-snippet:-1","max-image-preview":"max-image-preview:large","max-video-preview":"max-video-preview:-1"},"canonical":"https:\/\/www.osjenka.si\/ps-trstenik\/2024\/10\/11\/sd-jesenski-pohod-4-t-in-5-t\/","og_locale":"sl_SI","og_type":"article","og_title":"\u0160D Jesenski pohod (4. in 5. razred) - P\u0160 Trstenik","og_description":"V torek, 1. 10. 2024, smo se u\u010denci 4. in 5. razreda odpravili na Svetega Lovrenca. Pot ni bila preve\u010d zahtevna. Vmes smo imeli nekaj postankov, da smo si malo odpo\u010dili. Na vrhu smo pojedli malico in se posladkali tudi s sladkarijami, ki smo jih prinesli s seboj. Bil je \u010dudovit son\u010den dan. Besedilo zapisala: Ela Kern Fotografija: Mojca Jur\u010di\u010d","og_url":"https:\/\/www.osjenka.si\/ps-trstenik\/2024\/10\/11\/sd-jesenski-pohod-4-t-in-5-t\/","og_site_name":"P\u0160 Trstenik","article_published_time":"2024-10-11T15:37:28+00:00","article_modified_time":"2024-10-11T16:24:38+00:00","og_image":[{"width":1920,"height":1440,"url":"https:\/\/www.osjenka.si\/ps-trstenik\/wp-content\/uploads\/sites\/3\/2024\/10\/20241001_105954.jpg","type":"image\/jpeg"}],"author":"marijanca","twitter_card":"summary_large_image","twitter_misc":{"Written by":"marijanca","Est. reading time":"1 minuta"},"schema":{"@context":"https:\/\/schema.org","@graph":[{"@type":"WebPage","@id":"https:\/\/www.osjenka.si\/ps-trstenik\/2024\/10\/11\/sd-jesenski-pohod-4-t-in-5-t\/","url":"https:\/\/www.osjenka.si\/ps-trstenik\/2024\/10\/11\/sd-jesenski-pohod-4-t-in-5-t\/","name":"\u0160D Jesenski pohod (4. in 5. razred) - P\u0160 Trstenik","isPartOf":{"@id":"https:\/\/www.osjenka.si\/ps-trstenik\/#website"},"datePublished":"2024-10-11T15:37:28+00:00","dateModified":"2024-10-11T16:24:38+00:00","author":{"@id":"https:\/\/www.osjenka.si\/ps-trstenik\/#\/schema\/person\/e994953e80ee06b3734632ceb1a36cbc"},"breadcrumb":{"@id":"https:\/\/www.osjenka.si\/ps-trstenik\/2024\/10\/11\/sd-jesenski-pohod-4-t-in-5-t\/#breadcrumb"},"inLanguage":"sl-SI","potentialAction":[{"@type":"ReadAction","target":["https:\/\/www.osjenka.si\/ps-trstenik\/2024\/10\/11\/sd-jesenski-pohod-4-t-in-5-t\/"]}]},{"@type":"BreadcrumbList","@id":"https:\/\/www.osjenka.si\/ps-trstenik\/2024\/10\/11\/sd-jesenski-pohod-4-t-in-5-t\/#breadcrumb","itemListElement":[{"@type":"ListItem","position":1,"name":"Home","item":"https:\/\/www.osjenka.si\/ps-trstenik\/"},{"@type":"ListItem","position":2,"name":"\u0160D Jesenski pohod (4. in 5. razred)"}]},{"@type":"WebSite","@id":"https:\/\/www.osjenka.si\/ps-trstenik\/#website","url":"https:\/\/www.osjenka.si\/ps-trstenik\/","name":"P\u0160 Trstenik","description":"","potentialAction":[{"@type":"SearchAction","target":{"@type":"EntryPoint","urlTemplate":"https:\/\/www.osjenka.si\/ps-trstenik\/?s={search_term_string}"},"query-input":"required name=search_term_string"}],"inLanguage":"sl-SI"},{"@type":"Person","@id":"https:\/\/www.osjenka.si\/ps-trstenik\/#\/schema\/person\/e994953e80ee06b3734632ceb1a36cbc","name":"marijanca","image":{"@type":"ImageObject","inLanguage":"sl-SI","@id":"https:\/\/www.osjenka.si\/ps-trstenik\/#\/schema\/person\/image\/","url":"https:\/\/secure.gravatar.com\/avatar\/dbce7ac167ee71177f370bf0bb0bba3702fec9264452e7366493259d6187ae79?s=96&d=mm&r=g","contentUrl":"https:\/\/secure.gravatar.com\/avatar\/dbce7ac167ee71177f370bf0bb0bba3702fec9264452e7366493259d6187ae79?s=96&d=mm&r=g","caption":"marijanca"},"url":"https:\/\/www.osjenka.si\/ps-trstenik\/author\/marijanca\/"}]}},"_links":{"self":[{"href":"https:\/\/www.osjenka.si\/ps-trstenik\/wp-json\/wp\/v2\/posts\/4050","targetHints":{"allow":["GET"]}}],"collection":[{"href":"https:\/\/www.osjenka.si\/ps-trstenik\/wp-json\/wp\/v2\/posts"}],"about":[{"href":"https:\/\/www.osjenka.si\/ps-trstenik\/wp-json\/wp\/v2\/types\/post"}],"author":[{"embeddable":true,"href":"https:\/\/www.osjenka.si\/ps-trstenik\/wp-json\/wp\/v2\/users\/6"}],"replies":[{"embeddable":true,"href":"https:\/\/www.osjenka.si\/ps-trstenik\/wp-json\/wp\/v2\/comments?post=4050"}],"version-history":[{"count":3,"href":"https:\/\/www.osjenka.si\/ps-trstenik\/wp-json\/wp\/v2\/posts\/4050\/revisions"}],"predecessor-version":[{"id":4058,"href":"https:\/\/www.osjenka.si\/ps-trstenik\/wp-json\/wp\/v2\/posts\/4050\/revisions\/4058"}],"wp:featuredmedia":[{"embeddable":true,"href":"https:\/\/www.osjenka.si\/ps-trstenik\/wp-json\/wp\/v2\/media\/4051"}],"wp:attachment":[{"href":"https:\/\/www.osjenka.si\/ps-trstenik\/wp-json\/wp\/v2\/media?parent=4050"}],"wp:term":[{"taxonomy":"category","embeddable":true,"href":"https:\/\/www.osjenka.si\/ps-trstenik\/wp-json\/wp\/v2\/categories?post=4050"},{"taxonomy":"post_tag","embeddable":true,"href":"https:\/\/www.osjenka.si\/ps-trstenik\/wp-json\/wp\/v2\/tags?post=4050"}],"curies":[{"name":"wp","href":"https:\/\/api.w.org\/{rel}","templated":true}]}}