{"id":4171,"date":"2024-11-26T18:10:43","date_gmt":"2024-11-26T17:10:43","guid":{"rendered":"https:\/\/www.osjenka.si\/ps-trstenik\/?p=4171"},"modified":"2024-11-26T18:13:19","modified_gmt":"2024-11-26T17:13:19","slug":"1t-ogled-kmetije-odems","status":"publish","type":"post","link":"https:\/\/www.osjenka.si\/ps-trstenik\/2024\/11\/26\/1t-ogled-kmetije-odems\/","title":{"rendered":"1. T &#8211; Ogled kmetije Odems"},"content":{"rendered":"<p>V sredo, 20. 11., smo bili vabljeni na ogled kmetije Odems v Predosljah. Na kmetiji sta nas prijazno sprejela gospodar Gregor in \u017eena Darja. Pred ogledom kmetije smo se najprej okrep\u010dali z malico in si tako nabrali mo\u010di, da smo lahko pre\u017eiveli prekrasno dopoldne. Malo nam je zagodlo mrzlo vreme, zato nas je po zajtrku gospodarjeva \u017eena Darja prijazno povabila v hi\u0161o, kjer smo se pogovorili o razli\u010dnih vrstah \u017eit, ki jih na kmetiji pridelujejo. Moko in zrna p\u0161enice, ajde in koruze smo lahko pretipali in povohali ter ugotavljali, kaj vse lahko iz teh mok naredimo doma.<\/p>\n<p>Z gospodarjem Gregorjem smo si ogledali koko\u0161njak, kjer so nas sprejele glasne in radovedne koko\u0161ke. Ena je bila tako prijazna, da se nam je pustila tudi pobo\u017eati. Gospodar nam je tudi pokazal, kje imajo spravljen krompir. In res so ga ogromno pridelali! Ogledali smo si traktor, vili\u010dar in druge pripomo\u010dke, ki jih uporabljajo pri svojem delu. Pokukali pa smo tudi v njihovo trgovino, kjer prodajajo svoje in pridelke ter izdelke drugih kmetij.<\/p>\n<p>Gospodarjeva \u017eena Darja nam je predstavila prebivalke hleva, pobo\u017eali smo mladega teli\u010dka, izvedeli razliko med telico in kravo ter pre\u0161teli, koliko krav imajo v hlevu. Bile so prijazne in smo jih lahko pobo\u017eali. V zahvalo pa so nam malo pre\u017eve\u010dile hla\u010de, jakne in polizale \u010devlje. Pogledali smo si, kje hranijo mleko, ko pomolzejo krave. Po ogledu kmetije smo si privo\u0161\u010dili doma\u010d topel \u010daj, gospodar pa nam je razdelil tatuj\u010dke za na roko. Dopoldan na kmetiji se je pribli\u017eeval koncu, zato smo se od gospodarja in njegove \u017eene prijazno poslovili in zahvalili, da sta nas povabila na kmetijo.<\/p>\n<p>Besedilo in fotografije: Suzana Ke\u0161ina<\/p>\n<p><img decoding=\"async\" class=\"lazyload aligncenter wp-image-4172 size-fusion-800\" src=\"https:\/\/www.osjenka.si\/ps-trstenik\/wp-content\/uploads\/sites\/3\/2024\/11\/pri-malici-800x360.jpg\" data-orig-src=\"https:\/\/www.osjenka.si\/ps-trstenik\/wp-content\/uploads\/sites\/3\/2024\/11\/pri-malici-800x360.jpg\" alt=\"\" width=\"800\" height=\"360\" srcset=\"data:image\/svg+xml,%3Csvg%20xmlns%3D%27http%3A%2F%2Fwww.w3.org%2F2000%2Fsvg%27%20width%3D%27800%27%20height%3D%27360%27%20viewBox%3D%270%200%20800%20360%27%3E%3Crect%20width%3D%27800%27%20height%3D%27360%27%20fill-opacity%3D%220%22%2F%3E%3C%2Fsvg%3E\" data-srcset=\"https:\/\/www.osjenka.si\/ps-trstenik\/wp-content\/uploads\/sites\/3\/2024\/11\/pri-malici-200x90.jpg 200w, https:\/\/www.osjenka.si\/ps-trstenik\/wp-content\/uploads\/sites\/3\/2024\/11\/pri-malici-300x135.jpg 300w, https:\/\/www.osjenka.si\/ps-trstenik\/wp-content\/uploads\/sites\/3\/2024\/11\/pri-malici-400x180.jpg 400w, https:\/\/www.osjenka.si\/ps-trstenik\/wp-content\/uploads\/sites\/3\/2024\/11\/pri-malici-600x270.jpg 600w, https:\/\/www.osjenka.si\/ps-trstenik\/wp-content\/uploads\/sites\/3\/2024\/11\/pri-malici-768x346.jpg 768w, https:\/\/www.osjenka.si\/ps-trstenik\/wp-content\/uploads\/sites\/3\/2024\/11\/pri-malici-800x360.jpg 800w, https:\/\/www.osjenka.si\/ps-trstenik\/wp-content\/uploads\/sites\/3\/2024\/11\/pri-malici-1024x461.jpg 1024w, https:\/\/www.osjenka.si\/ps-trstenik\/wp-content\/uploads\/sites\/3\/2024\/11\/pri-malici-1200x540.jpg 1200w, https:\/\/www.osjenka.si\/ps-trstenik\/wp-content\/uploads\/sites\/3\/2024\/11\/pri-malici-1536x691.jpg 1536w, https:\/\/www.osjenka.si\/ps-trstenik\/wp-content\/uploads\/sites\/3\/2024\/11\/pri-malici.jpg 1920w\" data-sizes=\"auto\" data-orig-sizes=\"(max-width: 800px) 100vw, 800px\" \/><\/p>\n<p><img decoding=\"async\" class=\"lazyload aligncenter wp-image-4173 size-fusion-800\" src=\"https:\/\/www.osjenka.si\/ps-trstenik\/wp-content\/uploads\/sites\/3\/2024\/11\/v-hisi-800x506.jpg\" data-orig-src=\"https:\/\/www.osjenka.si\/ps-trstenik\/wp-content\/uploads\/sites\/3\/2024\/11\/v-hisi-800x506.jpg\" alt=\"\" width=\"800\" height=\"506\" srcset=\"data:image\/svg+xml,%3Csvg%20xmlns%3D%27http%3A%2F%2Fwww.w3.org%2F2000%2Fsvg%27%20width%3D%27800%27%20height%3D%27506%27%20viewBox%3D%270%200%20800%20506%27%3E%3Crect%20width%3D%27800%27%20height%3D%27506%27%20fill-opacity%3D%220%22%2F%3E%3C%2Fsvg%3E\" data-srcset=\"https:\/\/www.osjenka.si\/ps-trstenik\/wp-content\/uploads\/sites\/3\/2024\/11\/v-hisi-200x127.jpg 200w, https:\/\/www.osjenka.si\/ps-trstenik\/wp-content\/uploads\/sites\/3\/2024\/11\/v-hisi-300x190.jpg 300w, https:\/\/www.osjenka.si\/ps-trstenik\/wp-content\/uploads\/sites\/3\/2024\/11\/v-hisi-320x202.jpg 320w, https:\/\/www.osjenka.si\/ps-trstenik\/wp-content\/uploads\/sites\/3\/2024\/11\/v-hisi-400x253.jpg 400w, https:\/\/www.osjenka.si\/ps-trstenik\/wp-content\/uploads\/sites\/3\/2024\/11\/v-hisi-600x380.jpg 600w, https:\/\/www.osjenka.si\/ps-trstenik\/wp-content\/uploads\/sites\/3\/2024\/11\/v-hisi-768x486.jpg 768w, https:\/\/www.osjenka.si\/ps-trstenik\/wp-content\/uploads\/sites\/3\/2024\/11\/v-hisi-800x506.jpg 800w, https:\/\/www.osjenka.si\/ps-trstenik\/wp-content\/uploads\/sites\/3\/2024\/11\/v-hisi-1024x648.jpg 1024w, https:\/\/www.osjenka.si\/ps-trstenik\/wp-content\/uploads\/sites\/3\/2024\/11\/v-hisi-1200x759.jpg 1200w, https:\/\/www.osjenka.si\/ps-trstenik\/wp-content\/uploads\/sites\/3\/2024\/11\/v-hisi-1536x972.jpg 1536w, https:\/\/www.osjenka.si\/ps-trstenik\/wp-content\/uploads\/sites\/3\/2024\/11\/v-hisi.jpg 1920w\" data-sizes=\"auto\" data-orig-sizes=\"(max-width: 800px) 100vw, 800px\" \/><\/p>\n<p><img decoding=\"async\" class=\"lazyload aligncenter wp-image-4174 size-fusion-400\" src=\"https:\/\/www.osjenka.si\/ps-trstenik\/wp-content\/uploads\/sites\/3\/2024\/11\/kokosnjak-400x888.jpg\" data-orig-src=\"https:\/\/www.osjenka.si\/ps-trstenik\/wp-content\/uploads\/sites\/3\/2024\/11\/kokosnjak-400x888.jpg\" alt=\"\" width=\"400\" height=\"888\" srcset=\"data:image\/svg+xml,%3Csvg%20xmlns%3D%27http%3A%2F%2Fwww.w3.org%2F2000%2Fsvg%27%20width%3D%27400%27%20height%3D%27888%27%20viewBox%3D%270%200%20400%20888%27%3E%3Crect%20width%3D%27400%27%20height%3D%27888%27%20fill-opacity%3D%220%22%2F%3E%3C%2Fsvg%3E\" data-srcset=\"https:\/\/www.osjenka.si\/ps-trstenik\/wp-content\/uploads\/sites\/3\/2024\/11\/kokosnjak-135x300.jpg 135w, https:\/\/www.osjenka.si\/ps-trstenik\/wp-content\/uploads\/sites\/3\/2024\/11\/kokosnjak-200x444.jpg 200w, https:\/\/www.osjenka.si\/ps-trstenik\/wp-content\/uploads\/sites\/3\/2024\/11\/kokosnjak-400x888.jpg 400w, https:\/\/www.osjenka.si\/ps-trstenik\/wp-content\/uploads\/sites\/3\/2024\/11\/kokosnjak-461x1024.jpg 461w, https:\/\/www.osjenka.si\/ps-trstenik\/wp-content\/uploads\/sites\/3\/2024\/11\/kokosnjak-600x1332.jpg 600w, https:\/\/www.osjenka.si\/ps-trstenik\/wp-content\/uploads\/sites\/3\/2024\/11\/kokosnjak-692x1536.jpg 692w, https:\/\/www.osjenka.si\/ps-trstenik\/wp-content\/uploads\/sites\/3\/2024\/11\/kokosnjak-768x1705.jpg 768w, https:\/\/www.osjenka.si\/ps-trstenik\/wp-content\/uploads\/sites\/3\/2024\/11\/kokosnjak-800x1776.jpg 800w, https:\/\/www.osjenka.si\/ps-trstenik\/wp-content\/uploads\/sites\/3\/2024\/11\/kokosnjak.jpg 865w\" data-sizes=\"auto\" data-orig-sizes=\"(max-width: 400px) 100vw, 400px\" \/><\/p>\n<p><img decoding=\"async\" class=\"lazyload aligncenter wp-image-4175 size-fusion-400\" src=\"https:\/\/www.osjenka.si\/ps-trstenik\/wp-content\/uploads\/sites\/3\/2024\/11\/krompir-400x888.jpg\" data-orig-src=\"https:\/\/www.osjenka.si\/ps-trstenik\/wp-content\/uploads\/sites\/3\/2024\/11\/krompir-400x888.jpg\" alt=\"\" width=\"400\" height=\"888\" srcset=\"data:image\/svg+xml,%3Csvg%20xmlns%3D%27http%3A%2F%2Fwww.w3.org%2F2000%2Fsvg%27%20width%3D%27400%27%20height%3D%27888%27%20viewBox%3D%270%200%20400%20888%27%3E%3Crect%20width%3D%27400%27%20height%3D%27888%27%20fill-opacity%3D%220%22%2F%3E%3C%2Fsvg%3E\" data-srcset=\"https:\/\/www.osjenka.si\/ps-trstenik\/wp-content\/uploads\/sites\/3\/2024\/11\/krompir-135x300.jpg 135w, https:\/\/www.osjenka.si\/ps-trstenik\/wp-content\/uploads\/sites\/3\/2024\/11\/krompir-200x444.jpg 200w, https:\/\/www.osjenka.si\/ps-trstenik\/wp-content\/uploads\/sites\/3\/2024\/11\/krompir-400x888.jpg 400w, https:\/\/www.osjenka.si\/ps-trstenik\/wp-content\/uploads\/sites\/3\/2024\/11\/krompir-461x1024.jpg 461w, https:\/\/www.osjenka.si\/ps-trstenik\/wp-content\/uploads\/sites\/3\/2024\/11\/krompir-600x1332.jpg 600w, https:\/\/www.osjenka.si\/ps-trstenik\/wp-content\/uploads\/sites\/3\/2024\/11\/krompir-692x1536.jpg 692w, https:\/\/www.osjenka.si\/ps-trstenik\/wp-content\/uploads\/sites\/3\/2024\/11\/krompir-768x1705.jpg 768w, https:\/\/www.osjenka.si\/ps-trstenik\/wp-content\/uploads\/sites\/3\/2024\/11\/krompir-800x1776.jpg 800w, https:\/\/www.osjenka.si\/ps-trstenik\/wp-content\/uploads\/sites\/3\/2024\/11\/krompir.jpg 865w\" data-sizes=\"auto\" data-orig-sizes=\"(max-width: 400px) 100vw, 400px\" \/><\/p>\n<p><img decoding=\"async\" class=\"lazyload aligncenter wp-image-4176 size-fusion-800\" src=\"https:\/\/www.osjenka.si\/ps-trstenik\/wp-content\/uploads\/sites\/3\/2024\/11\/ogled-telickov-800x360.jpg\" data-orig-src=\"https:\/\/www.osjenka.si\/ps-trstenik\/wp-content\/uploads\/sites\/3\/2024\/11\/ogled-telickov-800x360.jpg\" alt=\"\" width=\"800\" height=\"360\" srcset=\"data:image\/svg+xml,%3Csvg%20xmlns%3D%27http%3A%2F%2Fwww.w3.org%2F2000%2Fsvg%27%20width%3D%27800%27%20height%3D%27360%27%20viewBox%3D%270%200%20800%20360%27%3E%3Crect%20width%3D%27800%27%20height%3D%27360%27%20fill-opacity%3D%220%22%2F%3E%3C%2Fsvg%3E\" data-srcset=\"https:\/\/www.osjenka.si\/ps-trstenik\/wp-content\/uploads\/sites\/3\/2024\/11\/ogled-telickov-200x90.jpg 200w, https:\/\/www.osjenka.si\/ps-trstenik\/wp-content\/uploads\/sites\/3\/2024\/11\/ogled-telickov-300x135.jpg 300w, https:\/\/www.osjenka.si\/ps-trstenik\/wp-content\/uploads\/sites\/3\/2024\/11\/ogled-telickov-400x180.jpg 400w, https:\/\/www.osjenka.si\/ps-trstenik\/wp-content\/uploads\/sites\/3\/2024\/11\/ogled-telickov-600x270.jpg 600w, https:\/\/www.osjenka.si\/ps-trstenik\/wp-content\/uploads\/sites\/3\/2024\/11\/ogled-telickov-768x346.jpg 768w, https:\/\/www.osjenka.si\/ps-trstenik\/wp-content\/uploads\/sites\/3\/2024\/11\/ogled-telickov-800x360.jpg 800w, https:\/\/www.osjenka.si\/ps-trstenik\/wp-content\/uploads\/sites\/3\/2024\/11\/ogled-telickov-1024x461.jpg 1024w, https:\/\/www.osjenka.si\/ps-trstenik\/wp-content\/uploads\/sites\/3\/2024\/11\/ogled-telickov-1200x540.jpg 1200w, https:\/\/www.osjenka.si\/ps-trstenik\/wp-content\/uploads\/sites\/3\/2024\/11\/ogled-telickov-1536x691.jpg 1536w, https:\/\/www.osjenka.si\/ps-trstenik\/wp-content\/uploads\/sites\/3\/2024\/11\/ogled-telickov.jpg 1920w\" data-sizes=\"auto\" data-orig-sizes=\"(max-width: 800px) 100vw, 800px\" \/><\/p>\n<p><img decoding=\"async\" class=\"lazyload aligncenter wp-image-4177 size-fusion-400\" src=\"https:\/\/www.osjenka.si\/ps-trstenik\/wp-content\/uploads\/sites\/3\/2024\/11\/s-telickom-400x888.jpg\" data-orig-src=\"https:\/\/www.osjenka.si\/ps-trstenik\/wp-content\/uploads\/sites\/3\/2024\/11\/s-telickom-400x888.jpg\" alt=\"\" width=\"400\" height=\"888\" srcset=\"data:image\/svg+xml,%3Csvg%20xmlns%3D%27http%3A%2F%2Fwww.w3.org%2F2000%2Fsvg%27%20width%3D%27400%27%20height%3D%27888%27%20viewBox%3D%270%200%20400%20888%27%3E%3Crect%20width%3D%27400%27%20height%3D%27888%27%20fill-opacity%3D%220%22%2F%3E%3C%2Fsvg%3E\" data-srcset=\"https:\/\/www.osjenka.si\/ps-trstenik\/wp-content\/uploads\/sites\/3\/2024\/11\/s-telickom-135x300.jpg 135w, https:\/\/www.osjenka.si\/ps-trstenik\/wp-content\/uploads\/sites\/3\/2024\/11\/s-telickom-200x444.jpg 200w, https:\/\/www.osjenka.si\/ps-trstenik\/wp-content\/uploads\/sites\/3\/2024\/11\/s-telickom-400x888.jpg 400w, https:\/\/www.osjenka.si\/ps-trstenik\/wp-content\/uploads\/sites\/3\/2024\/11\/s-telickom-461x1024.jpg 461w, https:\/\/www.osjenka.si\/ps-trstenik\/wp-content\/uploads\/sites\/3\/2024\/11\/s-telickom-600x1332.jpg 600w, https:\/\/www.osjenka.si\/ps-trstenik\/wp-content\/uploads\/sites\/3\/2024\/11\/s-telickom-692x1536.jpg 692w, https:\/\/www.osjenka.si\/ps-trstenik\/wp-content\/uploads\/sites\/3\/2024\/11\/s-telickom-768x1705.jpg 768w, https:\/\/www.osjenka.si\/ps-trstenik\/wp-content\/uploads\/sites\/3\/2024\/11\/s-telickom-800x1776.jpg 800w, https:\/\/www.osjenka.si\/ps-trstenik\/wp-content\/uploads\/sites\/3\/2024\/11\/s-telickom.jpg 865w\" data-sizes=\"auto\" data-orig-sizes=\"(max-width: 400px) 100vw, 400px\" \/><\/p>\n<p><img decoding=\"async\" class=\"lazyload aligncenter wp-image-4178 size-fusion-400\" src=\"https:\/\/www.osjenka.si\/ps-trstenik\/wp-content\/uploads\/sites\/3\/2024\/11\/v-mlekarni-400x888.jpg\" data-orig-src=\"https:\/\/www.osjenka.si\/ps-trstenik\/wp-content\/uploads\/sites\/3\/2024\/11\/v-mlekarni-400x888.jpg\" alt=\"\" width=\"400\" height=\"888\" srcset=\"data:image\/svg+xml,%3Csvg%20xmlns%3D%27http%3A%2F%2Fwww.w3.org%2F2000%2Fsvg%27%20width%3D%27400%27%20height%3D%27888%27%20viewBox%3D%270%200%20400%20888%27%3E%3Crect%20width%3D%27400%27%20height%3D%27888%27%20fill-opacity%3D%220%22%2F%3E%3C%2Fsvg%3E\" data-srcset=\"https:\/\/www.osjenka.si\/ps-trstenik\/wp-content\/uploads\/sites\/3\/2024\/11\/v-mlekarni-135x300.jpg 135w, https:\/\/www.osjenka.si\/ps-trstenik\/wp-content\/uploads\/sites\/3\/2024\/11\/v-mlekarni-200x444.jpg 200w, https:\/\/www.osjenka.si\/ps-trstenik\/wp-content\/uploads\/sites\/3\/2024\/11\/v-mlekarni-400x888.jpg 400w, https:\/\/www.osjenka.si\/ps-trstenik\/wp-content\/uploads\/sites\/3\/2024\/11\/v-mlekarni-461x1024.jpg 461w, https:\/\/www.osjenka.si\/ps-trstenik\/wp-content\/uploads\/sites\/3\/2024\/11\/v-mlekarni-600x1332.jpg 600w, https:\/\/www.osjenka.si\/ps-trstenik\/wp-content\/uploads\/sites\/3\/2024\/11\/v-mlekarni-692x1536.jpg 692w, https:\/\/www.osjenka.si\/ps-trstenik\/wp-content\/uploads\/sites\/3\/2024\/11\/v-mlekarni-768x1705.jpg 768w, https:\/\/www.osjenka.si\/ps-trstenik\/wp-content\/uploads\/sites\/3\/2024\/11\/v-mlekarni-800x1776.jpg 800w, https:\/\/www.osjenka.si\/ps-trstenik\/wp-content\/uploads\/sites\/3\/2024\/11\/v-mlekarni.jpg 865w\" data-sizes=\"auto\" data-orig-sizes=\"(max-width: 400px) 100vw, 400px\" \/><\/p>\n<p><img decoding=\"async\" class=\"lazyload aligncenter wp-image-4179 size-fusion-400\" src=\"https:\/\/www.osjenka.si\/ps-trstenik\/wp-content\/uploads\/sites\/3\/2024\/11\/tatujcki-400x888.jpg\" data-orig-src=\"https:\/\/www.osjenka.si\/ps-trstenik\/wp-content\/uploads\/sites\/3\/2024\/11\/tatujcki-400x888.jpg\" alt=\"\" width=\"400\" height=\"888\" srcset=\"data:image\/svg+xml,%3Csvg%20xmlns%3D%27http%3A%2F%2Fwww.w3.org%2F2000%2Fsvg%27%20width%3D%27400%27%20height%3D%27888%27%20viewBox%3D%270%200%20400%20888%27%3E%3Crect%20width%3D%27400%27%20height%3D%27888%27%20fill-opacity%3D%220%22%2F%3E%3C%2Fsvg%3E\" data-srcset=\"https:\/\/www.osjenka.si\/ps-trstenik\/wp-content\/uploads\/sites\/3\/2024\/11\/tatujcki-135x300.jpg 135w, https:\/\/www.osjenka.si\/ps-trstenik\/wp-content\/uploads\/sites\/3\/2024\/11\/tatujcki-200x444.jpg 200w, https:\/\/www.osjenka.si\/ps-trstenik\/wp-content\/uploads\/sites\/3\/2024\/11\/tatujcki-400x888.jpg 400w, https:\/\/www.osjenka.si\/ps-trstenik\/wp-content\/uploads\/sites\/3\/2024\/11\/tatujcki-461x1024.jpg 461w, https:\/\/www.osjenka.si\/ps-trstenik\/wp-content\/uploads\/sites\/3\/2024\/11\/tatujcki-600x1332.jpg 600w, https:\/\/www.osjenka.si\/ps-trstenik\/wp-content\/uploads\/sites\/3\/2024\/11\/tatujcki-692x1536.jpg 692w, https:\/\/www.osjenka.si\/ps-trstenik\/wp-content\/uploads\/sites\/3\/2024\/11\/tatujcki-768x1705.jpg 768w, https:\/\/www.osjenka.si\/ps-trstenik\/wp-content\/uploads\/sites\/3\/2024\/11\/tatujcki-800x1776.jpg 800w, https:\/\/www.osjenka.si\/ps-trstenik\/wp-content\/uploads\/sites\/3\/2024\/11\/tatujcki.jpg 865w\" data-sizes=\"auto\" data-orig-sizes=\"(max-width: 400px) 100vw, 400px\" \/><\/p>\n","protected":false},"excerpt":{"rendered":"<p>V sredo, 20. 11., smo bili vabljeni na ogled kmetije Odems v Predosljah. Na kmetiji sta nas prijazno sprejela gospodar Gregor in \u017eena Darja. Pred ogledom kmetije smo se najprej okrep\u010dali z malico in si tako nabrali mo\u010di, da smo lahko pre\u017eiveli prekrasno dopoldne. Malo nam je zagodlo mrzlo vreme, zato nas je po zajtrku gospodarjeva \u017eena Darja prijazno povabila v hi\u0161o, kjer smo se pogovorili o razli\u010dnih vrstah \u017eit, ki jih na kmetiji pridelujejo. Moko in zrna p\u0161enice, ajde in koruze smo lahko pretipali in povohali ter ugotavljali, kaj vse lahko iz teh mok naredimo doma. Z gospodarjem Gregorjem smo [&hellip;]<\/p>\n","protected":false},"author":6,"featured_media":4172,"comment_status":"open","ping_status":"open","sticky":false,"template":"","format":"standard","meta":{"footnotes":""},"categories":[1],"tags":[],"class_list":["post-4171","post","type-post","status-publish","format-standard","has-post-thumbnail","hentry","category-nekategorizirano"],"yoast_head":"<!-- This site is optimized with the Yoast SEO plugin v19.11 - https:\/\/yoast.com\/wordpress\/plugins\/seo\/ -->\n<title>1. T - Ogled kmetije Odems - P\u0160 Trstenik<\/title>\n<meta name=\"robots\" content=\"index, follow, max-snippet:-1, max-image-preview:large, max-video-preview:-1\" \/>\n<link rel=\"canonical\" href=\"https:\/\/www.osjenka.si\/ps-trstenik\/2024\/11\/26\/1t-ogled-kmetije-odems\/\" \/>\n<meta property=\"og:locale\" content=\"sl_SI\" \/>\n<meta property=\"og:type\" content=\"article\" \/>\n<meta property=\"og:title\" content=\"1. T - Ogled kmetije Odems - P\u0160 Trstenik\" \/>\n<meta property=\"og:description\" content=\"V sredo, 20. 11., smo bili vabljeni na ogled kmetije Odems v Predosljah. Na kmetiji sta nas prijazno sprejela gospodar Gregor in \u017eena Darja. Pred ogledom kmetije smo se najprej okrep\u010dali z malico in si tako nabrali mo\u010di, da smo lahko pre\u017eiveli prekrasno dopoldne. Malo nam je zagodlo mrzlo vreme, zato nas je po zajtrku gospodarjeva \u017eena Darja prijazno povabila v hi\u0161o, kjer smo se pogovorili o razli\u010dnih vrstah \u017eit, ki jih na kmetiji pridelujejo. Moko in zrna p\u0161enice, ajde in koruze smo lahko pretipali in povohali ter ugotavljali, kaj vse lahko iz teh mok naredimo doma. Z gospodarjem Gregorjem smo [&hellip;]\" \/>\n<meta property=\"og:url\" content=\"https:\/\/www.osjenka.si\/ps-trstenik\/2024\/11\/26\/1t-ogled-kmetije-odems\/\" \/>\n<meta property=\"og:site_name\" content=\"P\u0160 Trstenik\" \/>\n<meta property=\"article:published_time\" content=\"2024-11-26T17:10:43+00:00\" \/>\n<meta property=\"article:modified_time\" content=\"2024-11-26T17:13:19+00:00\" \/>\n<meta property=\"og:image\" content=\"https:\/\/www.osjenka.si\/ps-trstenik\/wp-content\/uploads\/sites\/3\/2024\/11\/pri-malici.jpg\" \/>\n\t<meta property=\"og:image:width\" content=\"1920\" \/>\n\t<meta property=\"og:image:height\" content=\"864\" \/>\n\t<meta property=\"og:image:type\" content=\"image\/jpeg\" \/>\n<meta name=\"author\" content=\"marijanca\" \/>\n<meta name=\"twitter:card\" content=\"summary_large_image\" \/>\n<meta name=\"twitter:label1\" content=\"Written by\" \/>\n\t<meta name=\"twitter:data1\" content=\"marijanca\" \/>\n\t<meta name=\"twitter:label2\" content=\"Est. reading time\" \/>\n\t<meta name=\"twitter:data2\" content=\"4 minute\" \/>\n<script type=\"application\/ld+json\" class=\"yoast-schema-graph\">{\"@context\":\"https:\/\/schema.org\",\"@graph\":[{\"@type\":\"WebPage\",\"@id\":\"https:\/\/www.osjenka.si\/ps-trstenik\/2024\/11\/26\/1t-ogled-kmetije-odems\/\",\"url\":\"https:\/\/www.osjenka.si\/ps-trstenik\/2024\/11\/26\/1t-ogled-kmetije-odems\/\",\"name\":\"1. T - Ogled kmetije Odems - P\u0160 Trstenik\",\"isPartOf\":{\"@id\":\"https:\/\/www.osjenka.si\/ps-trstenik\/#website\"},\"datePublished\":\"2024-11-26T17:10:43+00:00\",\"dateModified\":\"2024-11-26T17:13:19+00:00\",\"author\":{\"@id\":\"https:\/\/www.osjenka.si\/ps-trstenik\/#\/schema\/person\/e994953e80ee06b3734632ceb1a36cbc\"},\"breadcrumb\":{\"@id\":\"https:\/\/www.osjenka.si\/ps-trstenik\/2024\/11\/26\/1t-ogled-kmetije-odems\/#breadcrumb\"},\"inLanguage\":\"sl-SI\",\"potentialAction\":[{\"@type\":\"ReadAction\",\"target\":[\"https:\/\/www.osjenka.si\/ps-trstenik\/2024\/11\/26\/1t-ogled-kmetije-odems\/\"]}]},{\"@type\":\"BreadcrumbList\",\"@id\":\"https:\/\/www.osjenka.si\/ps-trstenik\/2024\/11\/26\/1t-ogled-kmetije-odems\/#breadcrumb\",\"itemListElement\":[{\"@type\":\"ListItem\",\"position\":1,\"name\":\"Home\",\"item\":\"https:\/\/www.osjenka.si\/ps-trstenik\/\"},{\"@type\":\"ListItem\",\"position\":2,\"name\":\"1. T &#8211; Ogled kmetije Odems\"}]},{\"@type\":\"WebSite\",\"@id\":\"https:\/\/www.osjenka.si\/ps-trstenik\/#website\",\"url\":\"https:\/\/www.osjenka.si\/ps-trstenik\/\",\"name\":\"P\u0160 Trstenik\",\"description\":\"\",\"potentialAction\":[{\"@type\":\"SearchAction\",\"target\":{\"@type\":\"EntryPoint\",\"urlTemplate\":\"https:\/\/www.osjenka.si\/ps-trstenik\/?s={search_term_string}\"},\"query-input\":\"required name=search_term_string\"}],\"inLanguage\":\"sl-SI\"},{\"@type\":\"Person\",\"@id\":\"https:\/\/www.osjenka.si\/ps-trstenik\/#\/schema\/person\/e994953e80ee06b3734632ceb1a36cbc\",\"name\":\"marijanca\",\"image\":{\"@type\":\"ImageObject\",\"inLanguage\":\"sl-SI\",\"@id\":\"https:\/\/www.osjenka.si\/ps-trstenik\/#\/schema\/person\/image\/\",\"url\":\"https:\/\/secure.gravatar.com\/avatar\/dbce7ac167ee71177f370bf0bb0bba3702fec9264452e7366493259d6187ae79?s=96&d=mm&r=g\",\"contentUrl\":\"https:\/\/secure.gravatar.com\/avatar\/dbce7ac167ee71177f370bf0bb0bba3702fec9264452e7366493259d6187ae79?s=96&d=mm&r=g\",\"caption\":\"marijanca\"},\"url\":\"https:\/\/www.osjenka.si\/ps-trstenik\/author\/marijanca\/\"}]}<\/script>\n<!-- \/ Yoast SEO plugin. -->","yoast_head_json":{"title":"1. T - Ogled kmetije Odems - P\u0160 Trstenik","robots":{"index":"index","follow":"follow","max-snippet":"max-snippet:-1","max-image-preview":"max-image-preview:large","max-video-preview":"max-video-preview:-1"},"canonical":"https:\/\/www.osjenka.si\/ps-trstenik\/2024\/11\/26\/1t-ogled-kmetije-odems\/","og_locale":"sl_SI","og_type":"article","og_title":"1. T - Ogled kmetije Odems - P\u0160 Trstenik","og_description":"V sredo, 20. 11., smo bili vabljeni na ogled kmetije Odems v Predosljah. Na kmetiji sta nas prijazno sprejela gospodar Gregor in \u017eena Darja. Pred ogledom kmetije smo se najprej okrep\u010dali z malico in si tako nabrali mo\u010di, da smo lahko pre\u017eiveli prekrasno dopoldne. Malo nam je zagodlo mrzlo vreme, zato nas je po zajtrku gospodarjeva \u017eena Darja prijazno povabila v hi\u0161o, kjer smo se pogovorili o razli\u010dnih vrstah \u017eit, ki jih na kmetiji pridelujejo. Moko in zrna p\u0161enice, ajde in koruze smo lahko pretipali in povohali ter ugotavljali, kaj vse lahko iz teh mok naredimo doma. Z gospodarjem Gregorjem smo [&hellip;]","og_url":"https:\/\/www.osjenka.si\/ps-trstenik\/2024\/11\/26\/1t-ogled-kmetije-odems\/","og_site_name":"P\u0160 Trstenik","article_published_time":"2024-11-26T17:10:43+00:00","article_modified_time":"2024-11-26T17:13:19+00:00","og_image":[{"width":1920,"height":864,"url":"https:\/\/www.osjenka.si\/ps-trstenik\/wp-content\/uploads\/sites\/3\/2024\/11\/pri-malici.jpg","type":"image\/jpeg"}],"author":"marijanca","twitter_card":"summary_large_image","twitter_misc":{"Written by":"marijanca","Est. reading time":"4 minute"},"schema":{"@context":"https:\/\/schema.org","@graph":[{"@type":"WebPage","@id":"https:\/\/www.osjenka.si\/ps-trstenik\/2024\/11\/26\/1t-ogled-kmetije-odems\/","url":"https:\/\/www.osjenka.si\/ps-trstenik\/2024\/11\/26\/1t-ogled-kmetije-odems\/","name":"1. T - Ogled kmetije Odems - P\u0160 Trstenik","isPartOf":{"@id":"https:\/\/www.osjenka.si\/ps-trstenik\/#website"},"datePublished":"2024-11-26T17:10:43+00:00","dateModified":"2024-11-26T17:13:19+00:00","author":{"@id":"https:\/\/www.osjenka.si\/ps-trstenik\/#\/schema\/person\/e994953e80ee06b3734632ceb1a36cbc"},"breadcrumb":{"@id":"https:\/\/www.osjenka.si\/ps-trstenik\/2024\/11\/26\/1t-ogled-kmetije-odems\/#breadcrumb"},"inLanguage":"sl-SI","potentialAction":[{"@type":"ReadAction","target":["https:\/\/www.osjenka.si\/ps-trstenik\/2024\/11\/26\/1t-ogled-kmetije-odems\/"]}]},{"@type":"BreadcrumbList","@id":"https:\/\/www.osjenka.si\/ps-trstenik\/2024\/11\/26\/1t-ogled-kmetije-odems\/#breadcrumb","itemListElement":[{"@type":"ListItem","position":1,"name":"Home","item":"https:\/\/www.osjenka.si\/ps-trstenik\/"},{"@type":"ListItem","position":2,"name":"1. T &#8211; Ogled kmetije Odems"}]},{"@type":"WebSite","@id":"https:\/\/www.osjenka.si\/ps-trstenik\/#website","url":"https:\/\/www.osjenka.si\/ps-trstenik\/","name":"P\u0160 Trstenik","description":"","potentialAction":[{"@type":"SearchAction","target":{"@type":"EntryPoint","urlTemplate":"https:\/\/www.osjenka.si\/ps-trstenik\/?s={search_term_string}"},"query-input":"required name=search_term_string"}],"inLanguage":"sl-SI"},{"@type":"Person","@id":"https:\/\/www.osjenka.si\/ps-trstenik\/#\/schema\/person\/e994953e80ee06b3734632ceb1a36cbc","name":"marijanca","image":{"@type":"ImageObject","inLanguage":"sl-SI","@id":"https:\/\/www.osjenka.si\/ps-trstenik\/#\/schema\/person\/image\/","url":"https:\/\/secure.gravatar.com\/avatar\/dbce7ac167ee71177f370bf0bb0bba3702fec9264452e7366493259d6187ae79?s=96&d=mm&r=g","contentUrl":"https:\/\/secure.gravatar.com\/avatar\/dbce7ac167ee71177f370bf0bb0bba3702fec9264452e7366493259d6187ae79?s=96&d=mm&r=g","caption":"marijanca"},"url":"https:\/\/www.osjenka.si\/ps-trstenik\/author\/marijanca\/"}]}},"_links":{"self":[{"href":"https:\/\/www.osjenka.si\/ps-trstenik\/wp-json\/wp\/v2\/posts\/4171","targetHints":{"allow":["GET"]}}],"collection":[{"href":"https:\/\/www.osjenka.si\/ps-trstenik\/wp-json\/wp\/v2\/posts"}],"about":[{"href":"https:\/\/www.osjenka.si\/ps-trstenik\/wp-json\/wp\/v2\/types\/post"}],"author":[{"embeddable":true,"href":"https:\/\/www.osjenka.si\/ps-trstenik\/wp-json\/wp\/v2\/users\/6"}],"replies":[{"embeddable":true,"href":"https:\/\/www.osjenka.si\/ps-trstenik\/wp-json\/wp\/v2\/comments?post=4171"}],"version-history":[{"count":2,"href":"https:\/\/www.osjenka.si\/ps-trstenik\/wp-json\/wp\/v2\/posts\/4171\/revisions"}],"predecessor-version":[{"id":4182,"href":"https:\/\/www.osjenka.si\/ps-trstenik\/wp-json\/wp\/v2\/posts\/4171\/revisions\/4182"}],"wp:featuredmedia":[{"embeddable":true,"href":"https:\/\/www.osjenka.si\/ps-trstenik\/wp-json\/wp\/v2\/media\/4172"}],"wp:attachment":[{"href":"https:\/\/www.osjenka.si\/ps-trstenik\/wp-json\/wp\/v2\/media?parent=4171"}],"wp:term":[{"taxonomy":"category","embeddable":true,"href":"https:\/\/www.osjenka.si\/ps-trstenik\/wp-json\/wp\/v2\/categories?post=4171"},{"taxonomy":"post_tag","embeddable":true,"href":"https:\/\/www.osjenka.si\/ps-trstenik\/wp-json\/wp\/v2\/tags?post=4171"}],"curies":[{"name":"wp","href":"https:\/\/api.w.org\/{rel}","templated":true}]}}