{"id":4239,"date":"2024-12-24T18:45:52","date_gmt":"2024-12-24T17:45:52","guid":{"rendered":"https:\/\/www.osjenka.si\/ps-trstenik\/?p=4239"},"modified":"2024-12-24T18:45:52","modified_gmt":"2024-12-24T17:45:52","slug":"praznovanje-dneva-samostojnosti-in-enotnosti","status":"publish","type":"post","link":"https:\/\/www.osjenka.si\/ps-trstenik\/2024\/12\/24\/praznovanje-dneva-samostojnosti-in-enotnosti\/","title":{"rendered":"Praznovanje dneva samostojnosti in enotnosti"},"content":{"rendered":"<p>Zadnji dan pouka pred novoletnimi po\u010ditnicami smo pri\u010deli s prireditvijo, s katero smo proslavili slovenski dr\u017eavni praznik dan samostojnosti in enotnosti. Za nas, dr\u017eavljane Republike Slovenije,\u00a0 je bil 26. december 1990 pomemben dan, saj smo takrat za\u010deli verjeti, da se nam bodo uresni\u010dile sanje o lastni dr\u017eavi. Danes jo imamo &#8211; neodvisno dr\u017eavo Slovenijo.<\/p>\n<p>U\u010denci so tokrat Slovenijo spoznavali preko slovenskih ljudskih mitov in legend, ki jih v Sloveniji ne manjka. U\u010denci so pripovedi z zanimanjem poslu\u0161ali. Tako smo sli\u0161ali legendo o Ajdovski deklici, o \u010dude\u017enem izviru na Pohorju, izvedeli smo, kako je nastala jama Huda luknja in kako sta povezana zmaj in grad Grad na Gori\u010dkem.<\/p>\n<p>Utrinki s prireditve:<\/p>\n<p><img decoding=\"async\" class=\"lazyload aligncenter wp-image-4240 size-fusion-800\" src=\"https:\/\/www.osjenka.si\/ps-trstenik\/wp-content\/uploads\/sites\/3\/2024\/12\/IMG_1809-800x600.jpg\" data-orig-src=\"https:\/\/www.osjenka.si\/ps-trstenik\/wp-content\/uploads\/sites\/3\/2024\/12\/IMG_1809-800x600.jpg\" alt=\"\" width=\"800\" height=\"600\" srcset=\"data:image\/svg+xml,%3Csvg%20xmlns%3D%27http%3A%2F%2Fwww.w3.org%2F2000%2Fsvg%27%20width%3D%27800%27%20height%3D%27600%27%20viewBox%3D%270%200%20800%20600%27%3E%3Crect%20width%3D%27800%27%20height%3D%27600%27%20fill-opacity%3D%220%22%2F%3E%3C%2Fsvg%3E\" data-srcset=\"https:\/\/www.osjenka.si\/ps-trstenik\/wp-content\/uploads\/sites\/3\/2024\/12\/IMG_1809-200x150.jpg 200w, https:\/\/www.osjenka.si\/ps-trstenik\/wp-content\/uploads\/sites\/3\/2024\/12\/IMG_1809-300x225.jpg 300w, https:\/\/www.osjenka.si\/ps-trstenik\/wp-content\/uploads\/sites\/3\/2024\/12\/IMG_1809-400x300.jpg 400w, https:\/\/www.osjenka.si\/ps-trstenik\/wp-content\/uploads\/sites\/3\/2024\/12\/IMG_1809-600x450.jpg 600w, https:\/\/www.osjenka.si\/ps-trstenik\/wp-content\/uploads\/sites\/3\/2024\/12\/IMG_1809-768x576.jpg 768w, https:\/\/www.osjenka.si\/ps-trstenik\/wp-content\/uploads\/sites\/3\/2024\/12\/IMG_1809-800x600.jpg 800w, https:\/\/www.osjenka.si\/ps-trstenik\/wp-content\/uploads\/sites\/3\/2024\/12\/IMG_1809-1024x768.jpg 1024w, https:\/\/www.osjenka.si\/ps-trstenik\/wp-content\/uploads\/sites\/3\/2024\/12\/IMG_1809-1200x900.jpg 1200w, https:\/\/www.osjenka.si\/ps-trstenik\/wp-content\/uploads\/sites\/3\/2024\/12\/IMG_1809-1536x1152.jpg 1536w, https:\/\/www.osjenka.si\/ps-trstenik\/wp-content\/uploads\/sites\/3\/2024\/12\/IMG_1809.jpg 1920w\" data-sizes=\"auto\" data-orig-sizes=\"(max-width: 800px) 100vw, 800px\" \/><\/p>\n<p><img decoding=\"async\" class=\"lazyload aligncenter wp-image-4241 size-fusion-600\" src=\"https:\/\/www.osjenka.si\/ps-trstenik\/wp-content\/uploads\/sites\/3\/2024\/12\/IMG_1810-600x800.jpg\" data-orig-src=\"https:\/\/www.osjenka.si\/ps-trstenik\/wp-content\/uploads\/sites\/3\/2024\/12\/IMG_1810-600x800.jpg\" alt=\"\" width=\"600\" height=\"800\" srcset=\"data:image\/svg+xml,%3Csvg%20xmlns%3D%27http%3A%2F%2Fwww.w3.org%2F2000%2Fsvg%27%20width%3D%27600%27%20height%3D%27800%27%20viewBox%3D%270%200%20600%20800%27%3E%3Crect%20width%3D%27600%27%20height%3D%27800%27%20fill-opacity%3D%220%22%2F%3E%3C%2Fsvg%3E\" data-srcset=\"https:\/\/www.osjenka.si\/ps-trstenik\/wp-content\/uploads\/sites\/3\/2024\/12\/IMG_1810-200x267.jpg 200w, https:\/\/www.osjenka.si\/ps-trstenik\/wp-content\/uploads\/sites\/3\/2024\/12\/IMG_1810-225x300.jpg 225w, https:\/\/www.osjenka.si\/ps-trstenik\/wp-content\/uploads\/sites\/3\/2024\/12\/IMG_1810-300x400.jpg 300w, https:\/\/www.osjenka.si\/ps-trstenik\/wp-content\/uploads\/sites\/3\/2024\/12\/IMG_1810-400x533.jpg 400w, https:\/\/www.osjenka.si\/ps-trstenik\/wp-content\/uploads\/sites\/3\/2024\/12\/IMG_1810-600x800.jpg 600w, https:\/\/www.osjenka.si\/ps-trstenik\/wp-content\/uploads\/sites\/3\/2024\/12\/IMG_1810-768x1024.jpg 768w, https:\/\/www.osjenka.si\/ps-trstenik\/wp-content\/uploads\/sites\/3\/2024\/12\/IMG_1810-800x1067.jpg 800w, https:\/\/www.osjenka.si\/ps-trstenik\/wp-content\/uploads\/sites\/3\/2024\/12\/IMG_1810-1152x1536.jpg 1152w, https:\/\/www.osjenka.si\/ps-trstenik\/wp-content\/uploads\/sites\/3\/2024\/12\/IMG_1810-1200x1600.jpg 1200w, https:\/\/www.osjenka.si\/ps-trstenik\/wp-content\/uploads\/sites\/3\/2024\/12\/IMG_1810.jpg 1440w\" data-sizes=\"auto\" data-orig-sizes=\"(max-width: 600px) 100vw, 600px\" \/><\/p>\n<p><img decoding=\"async\" class=\"lazyload aligncenter wp-image-4242 size-fusion-600\" src=\"https:\/\/www.osjenka.si\/ps-trstenik\/wp-content\/uploads\/sites\/3\/2024\/12\/IMG_1813-600x800.jpg\" data-orig-src=\"https:\/\/www.osjenka.si\/ps-trstenik\/wp-content\/uploads\/sites\/3\/2024\/12\/IMG_1813-600x800.jpg\" alt=\"\" width=\"600\" height=\"800\" srcset=\"data:image\/svg+xml,%3Csvg%20xmlns%3D%27http%3A%2F%2Fwww.w3.org%2F2000%2Fsvg%27%20width%3D%27600%27%20height%3D%27800%27%20viewBox%3D%270%200%20600%20800%27%3E%3Crect%20width%3D%27600%27%20height%3D%27800%27%20fill-opacity%3D%220%22%2F%3E%3C%2Fsvg%3E\" data-srcset=\"https:\/\/www.osjenka.si\/ps-trstenik\/wp-content\/uploads\/sites\/3\/2024\/12\/IMG_1813-200x267.jpg 200w, https:\/\/www.osjenka.si\/ps-trstenik\/wp-content\/uploads\/sites\/3\/2024\/12\/IMG_1813-225x300.jpg 225w, https:\/\/www.osjenka.si\/ps-trstenik\/wp-content\/uploads\/sites\/3\/2024\/12\/IMG_1813-300x400.jpg 300w, https:\/\/www.osjenka.si\/ps-trstenik\/wp-content\/uploads\/sites\/3\/2024\/12\/IMG_1813-400x533.jpg 400w, https:\/\/www.osjenka.si\/ps-trstenik\/wp-content\/uploads\/sites\/3\/2024\/12\/IMG_1813-600x800.jpg 600w, https:\/\/www.osjenka.si\/ps-trstenik\/wp-content\/uploads\/sites\/3\/2024\/12\/IMG_1813-768x1024.jpg 768w, https:\/\/www.osjenka.si\/ps-trstenik\/wp-content\/uploads\/sites\/3\/2024\/12\/IMG_1813-800x1067.jpg 800w, https:\/\/www.osjenka.si\/ps-trstenik\/wp-content\/uploads\/sites\/3\/2024\/12\/IMG_1813-1152x1536.jpg 1152w, https:\/\/www.osjenka.si\/ps-trstenik\/wp-content\/uploads\/sites\/3\/2024\/12\/IMG_1813-1200x1600.jpg 1200w, https:\/\/www.osjenka.si\/ps-trstenik\/wp-content\/uploads\/sites\/3\/2024\/12\/IMG_1813.jpg 1440w\" data-sizes=\"auto\" data-orig-sizes=\"(max-width: 600px) 100vw, 600px\" \/><\/p>\n<p><img decoding=\"async\" class=\"lazyload aligncenter wp-image-4243 size-fusion-600\" src=\"https:\/\/www.osjenka.si\/ps-trstenik\/wp-content\/uploads\/sites\/3\/2024\/12\/IMG_1815-600x800.jpg\" data-orig-src=\"https:\/\/www.osjenka.si\/ps-trstenik\/wp-content\/uploads\/sites\/3\/2024\/12\/IMG_1815-600x800.jpg\" alt=\"\" width=\"600\" height=\"800\" srcset=\"data:image\/svg+xml,%3Csvg%20xmlns%3D%27http%3A%2F%2Fwww.w3.org%2F2000%2Fsvg%27%20width%3D%27600%27%20height%3D%27800%27%20viewBox%3D%270%200%20600%20800%27%3E%3Crect%20width%3D%27600%27%20height%3D%27800%27%20fill-opacity%3D%220%22%2F%3E%3C%2Fsvg%3E\" data-srcset=\"https:\/\/www.osjenka.si\/ps-trstenik\/wp-content\/uploads\/sites\/3\/2024\/12\/IMG_1815-200x267.jpg 200w, https:\/\/www.osjenka.si\/ps-trstenik\/wp-content\/uploads\/sites\/3\/2024\/12\/IMG_1815-225x300.jpg 225w, https:\/\/www.osjenka.si\/ps-trstenik\/wp-content\/uploads\/sites\/3\/2024\/12\/IMG_1815-300x400.jpg 300w, https:\/\/www.osjenka.si\/ps-trstenik\/wp-content\/uploads\/sites\/3\/2024\/12\/IMG_1815-400x533.jpg 400w, https:\/\/www.osjenka.si\/ps-trstenik\/wp-content\/uploads\/sites\/3\/2024\/12\/IMG_1815-600x800.jpg 600w, https:\/\/www.osjenka.si\/ps-trstenik\/wp-content\/uploads\/sites\/3\/2024\/12\/IMG_1815-768x1024.jpg 768w, https:\/\/www.osjenka.si\/ps-trstenik\/wp-content\/uploads\/sites\/3\/2024\/12\/IMG_1815-800x1067.jpg 800w, https:\/\/www.osjenka.si\/ps-trstenik\/wp-content\/uploads\/sites\/3\/2024\/12\/IMG_1815-1152x1536.jpg 1152w, https:\/\/www.osjenka.si\/ps-trstenik\/wp-content\/uploads\/sites\/3\/2024\/12\/IMG_1815-1200x1600.jpg 1200w, https:\/\/www.osjenka.si\/ps-trstenik\/wp-content\/uploads\/sites\/3\/2024\/12\/IMG_1815.jpg 1440w\" data-sizes=\"auto\" data-orig-sizes=\"(max-width: 600px) 100vw, 600px\" \/><\/p>\n","protected":false},"excerpt":{"rendered":"<p>Zadnji dan pouka pred novoletnimi po\u010ditnicami smo pri\u010deli s prireditvijo, s katero smo proslavili slovenski dr\u017eavni praznik dan samostojnosti in enotnosti. Za nas, dr\u017eavljane Republike Slovenije,\u00a0 je bil 26. december 1990 pomemben dan, saj smo takrat za\u010deli verjeti, da se nam bodo uresni\u010dile sanje o lastni dr\u017eavi. Danes jo imamo &#8211; neodvisno dr\u017eavo Slovenijo. U\u010denci so tokrat Slovenijo spoznavali preko slovenskih ljudskih mitov in legend, ki jih v Sloveniji ne manjka. U\u010denci so pripovedi z zanimanjem poslu\u0161ali. Tako smo sli\u0161ali legendo o Ajdovski deklici, o \u010dude\u017enem izviru na Pohorju, izvedeli smo, kako je nastala jama Huda luknja in kako sta povezana [&hellip;]<\/p>\n","protected":false},"author":6,"featured_media":4245,"comment_status":"open","ping_status":"open","sticky":false,"template":"","format":"standard","meta":{"footnotes":""},"categories":[28],"tags":[],"class_list":["post-4239","post","type-post","status-publish","format-standard","has-post-thumbnail","hentry","category-novice"],"yoast_head":"<!-- This site is optimized with the Yoast SEO plugin v19.11 - https:\/\/yoast.com\/wordpress\/plugins\/seo\/ -->\n<title>Praznovanje dneva samostojnosti in enotnosti - P\u0160 Trstenik<\/title>\n<meta name=\"robots\" content=\"index, follow, max-snippet:-1, max-image-preview:large, max-video-preview:-1\" \/>\n<link rel=\"canonical\" href=\"https:\/\/www.osjenka.si\/ps-trstenik\/2024\/12\/24\/praznovanje-dneva-samostojnosti-in-enotnosti\/\" \/>\n<meta property=\"og:locale\" content=\"sl_SI\" \/>\n<meta property=\"og:type\" content=\"article\" \/>\n<meta property=\"og:title\" content=\"Praznovanje dneva samostojnosti in enotnosti - P\u0160 Trstenik\" \/>\n<meta property=\"og:description\" content=\"Zadnji dan pouka pred novoletnimi po\u010ditnicami smo pri\u010deli s prireditvijo, s katero smo proslavili slovenski dr\u017eavni praznik dan samostojnosti in enotnosti. Za nas, dr\u017eavljane Republike Slovenije,\u00a0 je bil 26. december 1990 pomemben dan, saj smo takrat za\u010deli verjeti, da se nam bodo uresni\u010dile sanje o lastni dr\u017eavi. Danes jo imamo &#8211; neodvisno dr\u017eavo Slovenijo. U\u010denci so tokrat Slovenijo spoznavali preko slovenskih ljudskih mitov in legend, ki jih v Sloveniji ne manjka. U\u010denci so pripovedi z zanimanjem poslu\u0161ali. Tako smo sli\u0161ali legendo o Ajdovski deklici, o \u010dude\u017enem izviru na Pohorju, izvedeli smo, kako je nastala jama Huda luknja in kako sta povezana [&hellip;]\" \/>\n<meta property=\"og:url\" content=\"https:\/\/www.osjenka.si\/ps-trstenik\/2024\/12\/24\/praznovanje-dneva-samostojnosti-in-enotnosti\/\" \/>\n<meta property=\"og:site_name\" content=\"P\u0160 Trstenik\" \/>\n<meta property=\"article:published_time\" content=\"2024-12-24T17:45:52+00:00\" \/>\n<meta property=\"og:image\" content=\"https:\/\/www.osjenka.si\/ps-trstenik\/wp-content\/uploads\/sites\/3\/2024\/12\/Slovenska_zastava.jpg\" \/>\n\t<meta property=\"og:image:width\" content=\"1920\" \/>\n\t<meta property=\"og:image:height\" content=\"1275\" \/>\n\t<meta property=\"og:image:type\" content=\"image\/jpeg\" \/>\n<meta name=\"author\" content=\"marijanca\" \/>\n<meta name=\"twitter:card\" content=\"summary_large_image\" \/>\n<meta name=\"twitter:label1\" content=\"Written by\" \/>\n\t<meta name=\"twitter:data1\" content=\"marijanca\" \/>\n\t<meta name=\"twitter:label2\" content=\"Est. reading time\" \/>\n\t<meta name=\"twitter:data2\" content=\"2 minuti\" \/>\n<script type=\"application\/ld+json\" class=\"yoast-schema-graph\">{\"@context\":\"https:\/\/schema.org\",\"@graph\":[{\"@type\":\"WebPage\",\"@id\":\"https:\/\/www.osjenka.si\/ps-trstenik\/2024\/12\/24\/praznovanje-dneva-samostojnosti-in-enotnosti\/\",\"url\":\"https:\/\/www.osjenka.si\/ps-trstenik\/2024\/12\/24\/praznovanje-dneva-samostojnosti-in-enotnosti\/\",\"name\":\"Praznovanje dneva samostojnosti in enotnosti - P\u0160 Trstenik\",\"isPartOf\":{\"@id\":\"https:\/\/www.osjenka.si\/ps-trstenik\/#website\"},\"datePublished\":\"2024-12-24T17:45:52+00:00\",\"dateModified\":\"2024-12-24T17:45:52+00:00\",\"author\":{\"@id\":\"https:\/\/www.osjenka.si\/ps-trstenik\/#\/schema\/person\/e994953e80ee06b3734632ceb1a36cbc\"},\"breadcrumb\":{\"@id\":\"https:\/\/www.osjenka.si\/ps-trstenik\/2024\/12\/24\/praznovanje-dneva-samostojnosti-in-enotnosti\/#breadcrumb\"},\"inLanguage\":\"sl-SI\",\"potentialAction\":[{\"@type\":\"ReadAction\",\"target\":[\"https:\/\/www.osjenka.si\/ps-trstenik\/2024\/12\/24\/praznovanje-dneva-samostojnosti-in-enotnosti\/\"]}]},{\"@type\":\"BreadcrumbList\",\"@id\":\"https:\/\/www.osjenka.si\/ps-trstenik\/2024\/12\/24\/praznovanje-dneva-samostojnosti-in-enotnosti\/#breadcrumb\",\"itemListElement\":[{\"@type\":\"ListItem\",\"position\":1,\"name\":\"Home\",\"item\":\"https:\/\/www.osjenka.si\/ps-trstenik\/\"},{\"@type\":\"ListItem\",\"position\":2,\"name\":\"Praznovanje dneva samostojnosti in enotnosti\"}]},{\"@type\":\"WebSite\",\"@id\":\"https:\/\/www.osjenka.si\/ps-trstenik\/#website\",\"url\":\"https:\/\/www.osjenka.si\/ps-trstenik\/\",\"name\":\"P\u0160 Trstenik\",\"description\":\"\",\"potentialAction\":[{\"@type\":\"SearchAction\",\"target\":{\"@type\":\"EntryPoint\",\"urlTemplate\":\"https:\/\/www.osjenka.si\/ps-trstenik\/?s={search_term_string}\"},\"query-input\":\"required name=search_term_string\"}],\"inLanguage\":\"sl-SI\"},{\"@type\":\"Person\",\"@id\":\"https:\/\/www.osjenka.si\/ps-trstenik\/#\/schema\/person\/e994953e80ee06b3734632ceb1a36cbc\",\"name\":\"marijanca\",\"image\":{\"@type\":\"ImageObject\",\"inLanguage\":\"sl-SI\",\"@id\":\"https:\/\/www.osjenka.si\/ps-trstenik\/#\/schema\/person\/image\/\",\"url\":\"https:\/\/secure.gravatar.com\/avatar\/dbce7ac167ee71177f370bf0bb0bba3702fec9264452e7366493259d6187ae79?s=96&d=mm&r=g\",\"contentUrl\":\"https:\/\/secure.gravatar.com\/avatar\/dbce7ac167ee71177f370bf0bb0bba3702fec9264452e7366493259d6187ae79?s=96&d=mm&r=g\",\"caption\":\"marijanca\"},\"url\":\"https:\/\/www.osjenka.si\/ps-trstenik\/author\/marijanca\/\"}]}<\/script>\n<!-- \/ Yoast SEO plugin. -->","yoast_head_json":{"title":"Praznovanje dneva samostojnosti in enotnosti - P\u0160 Trstenik","robots":{"index":"index","follow":"follow","max-snippet":"max-snippet:-1","max-image-preview":"max-image-preview:large","max-video-preview":"max-video-preview:-1"},"canonical":"https:\/\/www.osjenka.si\/ps-trstenik\/2024\/12\/24\/praznovanje-dneva-samostojnosti-in-enotnosti\/","og_locale":"sl_SI","og_type":"article","og_title":"Praznovanje dneva samostojnosti in enotnosti - P\u0160 Trstenik","og_description":"Zadnji dan pouka pred novoletnimi po\u010ditnicami smo pri\u010deli s prireditvijo, s katero smo proslavili slovenski dr\u017eavni praznik dan samostojnosti in enotnosti. Za nas, dr\u017eavljane Republike Slovenije,\u00a0 je bil 26. december 1990 pomemben dan, saj smo takrat za\u010deli verjeti, da se nam bodo uresni\u010dile sanje o lastni dr\u017eavi. Danes jo imamo &#8211; neodvisno dr\u017eavo Slovenijo. U\u010denci so tokrat Slovenijo spoznavali preko slovenskih ljudskih mitov in legend, ki jih v Sloveniji ne manjka. U\u010denci so pripovedi z zanimanjem poslu\u0161ali. Tako smo sli\u0161ali legendo o Ajdovski deklici, o \u010dude\u017enem izviru na Pohorju, izvedeli smo, kako je nastala jama Huda luknja in kako sta povezana [&hellip;]","og_url":"https:\/\/www.osjenka.si\/ps-trstenik\/2024\/12\/24\/praznovanje-dneva-samostojnosti-in-enotnosti\/","og_site_name":"P\u0160 Trstenik","article_published_time":"2024-12-24T17:45:52+00:00","og_image":[{"width":1920,"height":1275,"url":"https:\/\/www.osjenka.si\/ps-trstenik\/wp-content\/uploads\/sites\/3\/2024\/12\/Slovenska_zastava.jpg","type":"image\/jpeg"}],"author":"marijanca","twitter_card":"summary_large_image","twitter_misc":{"Written by":"marijanca","Est. reading time":"2 minuti"},"schema":{"@context":"https:\/\/schema.org","@graph":[{"@type":"WebPage","@id":"https:\/\/www.osjenka.si\/ps-trstenik\/2024\/12\/24\/praznovanje-dneva-samostojnosti-in-enotnosti\/","url":"https:\/\/www.osjenka.si\/ps-trstenik\/2024\/12\/24\/praznovanje-dneva-samostojnosti-in-enotnosti\/","name":"Praznovanje dneva samostojnosti in enotnosti - P\u0160 Trstenik","isPartOf":{"@id":"https:\/\/www.osjenka.si\/ps-trstenik\/#website"},"datePublished":"2024-12-24T17:45:52+00:00","dateModified":"2024-12-24T17:45:52+00:00","author":{"@id":"https:\/\/www.osjenka.si\/ps-trstenik\/#\/schema\/person\/e994953e80ee06b3734632ceb1a36cbc"},"breadcrumb":{"@id":"https:\/\/www.osjenka.si\/ps-trstenik\/2024\/12\/24\/praznovanje-dneva-samostojnosti-in-enotnosti\/#breadcrumb"},"inLanguage":"sl-SI","potentialAction":[{"@type":"ReadAction","target":["https:\/\/www.osjenka.si\/ps-trstenik\/2024\/12\/24\/praznovanje-dneva-samostojnosti-in-enotnosti\/"]}]},{"@type":"BreadcrumbList","@id":"https:\/\/www.osjenka.si\/ps-trstenik\/2024\/12\/24\/praznovanje-dneva-samostojnosti-in-enotnosti\/#breadcrumb","itemListElement":[{"@type":"ListItem","position":1,"name":"Home","item":"https:\/\/www.osjenka.si\/ps-trstenik\/"},{"@type":"ListItem","position":2,"name":"Praznovanje dneva samostojnosti in enotnosti"}]},{"@type":"WebSite","@id":"https:\/\/www.osjenka.si\/ps-trstenik\/#website","url":"https:\/\/www.osjenka.si\/ps-trstenik\/","name":"P\u0160 Trstenik","description":"","potentialAction":[{"@type":"SearchAction","target":{"@type":"EntryPoint","urlTemplate":"https:\/\/www.osjenka.si\/ps-trstenik\/?s={search_term_string}"},"query-input":"required name=search_term_string"}],"inLanguage":"sl-SI"},{"@type":"Person","@id":"https:\/\/www.osjenka.si\/ps-trstenik\/#\/schema\/person\/e994953e80ee06b3734632ceb1a36cbc","name":"marijanca","image":{"@type":"ImageObject","inLanguage":"sl-SI","@id":"https:\/\/www.osjenka.si\/ps-trstenik\/#\/schema\/person\/image\/","url":"https:\/\/secure.gravatar.com\/avatar\/dbce7ac167ee71177f370bf0bb0bba3702fec9264452e7366493259d6187ae79?s=96&d=mm&r=g","contentUrl":"https:\/\/secure.gravatar.com\/avatar\/dbce7ac167ee71177f370bf0bb0bba3702fec9264452e7366493259d6187ae79?s=96&d=mm&r=g","caption":"marijanca"},"url":"https:\/\/www.osjenka.si\/ps-trstenik\/author\/marijanca\/"}]}},"_links":{"self":[{"href":"https:\/\/www.osjenka.si\/ps-trstenik\/wp-json\/wp\/v2\/posts\/4239","targetHints":{"allow":["GET"]}}],"collection":[{"href":"https:\/\/www.osjenka.si\/ps-trstenik\/wp-json\/wp\/v2\/posts"}],"about":[{"href":"https:\/\/www.osjenka.si\/ps-trstenik\/wp-json\/wp\/v2\/types\/post"}],"author":[{"embeddable":true,"href":"https:\/\/www.osjenka.si\/ps-trstenik\/wp-json\/wp\/v2\/users\/6"}],"replies":[{"embeddable":true,"href":"https:\/\/www.osjenka.si\/ps-trstenik\/wp-json\/wp\/v2\/comments?post=4239"}],"version-history":[{"count":1,"href":"https:\/\/www.osjenka.si\/ps-trstenik\/wp-json\/wp\/v2\/posts\/4239\/revisions"}],"predecessor-version":[{"id":4246,"href":"https:\/\/www.osjenka.si\/ps-trstenik\/wp-json\/wp\/v2\/posts\/4239\/revisions\/4246"}],"wp:featuredmedia":[{"embeddable":true,"href":"https:\/\/www.osjenka.si\/ps-trstenik\/wp-json\/wp\/v2\/media\/4245"}],"wp:attachment":[{"href":"https:\/\/www.osjenka.si\/ps-trstenik\/wp-json\/wp\/v2\/media?parent=4239"}],"wp:term":[{"taxonomy":"category","embeddable":true,"href":"https:\/\/www.osjenka.si\/ps-trstenik\/wp-json\/wp\/v2\/categories?post=4239"},{"taxonomy":"post_tag","embeddable":true,"href":"https:\/\/www.osjenka.si\/ps-trstenik\/wp-json\/wp\/v2\/tags?post=4239"}],"curies":[{"name":"wp","href":"https:\/\/api.w.org\/{rel}","templated":true}]}}