{"id":4322,"date":"2025-02-07T18:28:30","date_gmt":"2025-02-07T17:28:30","guid":{"rendered":"https:\/\/www.osjenka.si\/ps-trstenik\/?p=4322"},"modified":"2025-02-07T18:29:56","modified_gmt":"2025-02-07T17:29:56","slug":"prireditev-ob-slovenskem-kulturnem-prazniku","status":"publish","type":"post","link":"https:\/\/www.osjenka.si\/ps-trstenik\/2025\/02\/07\/prireditev-ob-slovenskem-kulturnem-prazniku\/","title":{"rendered":"Prireditev ob slovenskem kulturnem prazniku"},"content":{"rendered":"<p>Dan pred kulturnim praznikom smo se zbrali v telovadnici na prireditvi ob Pre\u0161ernovem dnevu. Prvi del prireditve je bil kulturno obarvan. Prireditev smo pri\u010deli z Zdravljico, ki jo je zapel \u0161olski pevski zbor. Benjamin je na harmoniko mojstrsko odigral ven\u010dek doma\u010dih. Pevski zbor je ob spremljavi Benjaminove harmonike zapel pesem Jaz pa pojdem na Gorenjsko. Kulturo obarvani del prireditve je zaklju\u010dil Tobija, ki je Zdravljico zaigral \u0161e na flavto.<\/p>\n<p>Sledil je kviz o Pre\u0161ernu, kjer so morali u\u010denci odgovarjati na vse bolj zahtevna vpra\u0161anja o Pre\u0161ernovem \u017eivljenju in delu. S skupnimi mo\u010dmi so pravilno odgovorili na vsa vpra\u0161anja. Z zanimivimi dodatnim informacijami je odgovore dopolnila u\u010diteljica Nata\u0161a Udir, ki je prireditev pripravila in tudi povezovala.<\/p>\n<p>&nbsp;<\/p>\n<p><img decoding=\"async\" class=\"lazyload aligncenter wp-image-4323 size-fusion-800\" src=\"https:\/\/www.osjenka.si\/ps-trstenik\/wp-content\/uploads\/sites\/3\/2025\/02\/s1-800x600.jpg\" data-orig-src=\"https:\/\/www.osjenka.si\/ps-trstenik\/wp-content\/uploads\/sites\/3\/2025\/02\/s1-800x600.jpg\" alt=\"\" width=\"800\" height=\"600\" srcset=\"data:image\/svg+xml,%3Csvg%20xmlns%3D%27http%3A%2F%2Fwww.w3.org%2F2000%2Fsvg%27%20width%3D%27800%27%20height%3D%27600%27%20viewBox%3D%270%200%20800%20600%27%3E%3Crect%20width%3D%27800%27%20height%3D%27600%27%20fill-opacity%3D%220%22%2F%3E%3C%2Fsvg%3E\" data-srcset=\"https:\/\/www.osjenka.si\/ps-trstenik\/wp-content\/uploads\/sites\/3\/2025\/02\/s1-200x150.jpg 200w, https:\/\/www.osjenka.si\/ps-trstenik\/wp-content\/uploads\/sites\/3\/2025\/02\/s1-300x225.jpg 300w, https:\/\/www.osjenka.si\/ps-trstenik\/wp-content\/uploads\/sites\/3\/2025\/02\/s1-400x300.jpg 400w, https:\/\/www.osjenka.si\/ps-trstenik\/wp-content\/uploads\/sites\/3\/2025\/02\/s1-600x450.jpg 600w, https:\/\/www.osjenka.si\/ps-trstenik\/wp-content\/uploads\/sites\/3\/2025\/02\/s1-768x576.jpg 768w, https:\/\/www.osjenka.si\/ps-trstenik\/wp-content\/uploads\/sites\/3\/2025\/02\/s1-800x600.jpg 800w, https:\/\/www.osjenka.si\/ps-trstenik\/wp-content\/uploads\/sites\/3\/2025\/02\/s1-1024x768.jpg 1024w, https:\/\/www.osjenka.si\/ps-trstenik\/wp-content\/uploads\/sites\/3\/2025\/02\/s1-1200x900.jpg 1200w, https:\/\/www.osjenka.si\/ps-trstenik\/wp-content\/uploads\/sites\/3\/2025\/02\/s1-1536x1152.jpg 1536w, https:\/\/www.osjenka.si\/ps-trstenik\/wp-content\/uploads\/sites\/3\/2025\/02\/s1.jpg 1920w\" data-sizes=\"auto\" data-orig-sizes=\"(max-width: 800px) 100vw, 800px\" \/><\/p>\n<p><img decoding=\"async\" class=\"lazyload aligncenter wp-image-4324 size-fusion-600\" src=\"https:\/\/www.osjenka.si\/ps-trstenik\/wp-content\/uploads\/sites\/3\/2025\/02\/s2-600x800.jpg\" data-orig-src=\"https:\/\/www.osjenka.si\/ps-trstenik\/wp-content\/uploads\/sites\/3\/2025\/02\/s2-600x800.jpg\" alt=\"\" width=\"600\" height=\"800\" srcset=\"data:image\/svg+xml,%3Csvg%20xmlns%3D%27http%3A%2F%2Fwww.w3.org%2F2000%2Fsvg%27%20width%3D%27600%27%20height%3D%27800%27%20viewBox%3D%270%200%20600%20800%27%3E%3Crect%20width%3D%27600%27%20height%3D%27800%27%20fill-opacity%3D%220%22%2F%3E%3C%2Fsvg%3E\" data-srcset=\"https:\/\/www.osjenka.si\/ps-trstenik\/wp-content\/uploads\/sites\/3\/2025\/02\/s2-200x267.jpg 200w, https:\/\/www.osjenka.si\/ps-trstenik\/wp-content\/uploads\/sites\/3\/2025\/02\/s2-225x300.jpg 225w, https:\/\/www.osjenka.si\/ps-trstenik\/wp-content\/uploads\/sites\/3\/2025\/02\/s2-300x400.jpg 300w, https:\/\/www.osjenka.si\/ps-trstenik\/wp-content\/uploads\/sites\/3\/2025\/02\/s2-400x533.jpg 400w, https:\/\/www.osjenka.si\/ps-trstenik\/wp-content\/uploads\/sites\/3\/2025\/02\/s2-600x800.jpg 600w, https:\/\/www.osjenka.si\/ps-trstenik\/wp-content\/uploads\/sites\/3\/2025\/02\/s2-768x1024.jpg 768w, https:\/\/www.osjenka.si\/ps-trstenik\/wp-content\/uploads\/sites\/3\/2025\/02\/s2-800x1067.jpg 800w, https:\/\/www.osjenka.si\/ps-trstenik\/wp-content\/uploads\/sites\/3\/2025\/02\/s2-1152x1536.jpg 1152w, https:\/\/www.osjenka.si\/ps-trstenik\/wp-content\/uploads\/sites\/3\/2025\/02\/s2-1200x1600.jpg 1200w, https:\/\/www.osjenka.si\/ps-trstenik\/wp-content\/uploads\/sites\/3\/2025\/02\/s2.jpg 1440w\" data-sizes=\"auto\" data-orig-sizes=\"(max-width: 600px) 100vw, 600px\" \/><\/p>\n<p><img decoding=\"async\" class=\"lazyload aligncenter wp-image-4325 size-fusion-800\" src=\"https:\/\/www.osjenka.si\/ps-trstenik\/wp-content\/uploads\/sites\/3\/2025\/02\/s3-800x600.jpg\" data-orig-src=\"https:\/\/www.osjenka.si\/ps-trstenik\/wp-content\/uploads\/sites\/3\/2025\/02\/s3-800x600.jpg\" alt=\"\" width=\"800\" height=\"600\" srcset=\"data:image\/svg+xml,%3Csvg%20xmlns%3D%27http%3A%2F%2Fwww.w3.org%2F2000%2Fsvg%27%20width%3D%27800%27%20height%3D%27600%27%20viewBox%3D%270%200%20800%20600%27%3E%3Crect%20width%3D%27800%27%20height%3D%27600%27%20fill-opacity%3D%220%22%2F%3E%3C%2Fsvg%3E\" data-srcset=\"https:\/\/www.osjenka.si\/ps-trstenik\/wp-content\/uploads\/sites\/3\/2025\/02\/s3-200x150.jpg 200w, https:\/\/www.osjenka.si\/ps-trstenik\/wp-content\/uploads\/sites\/3\/2025\/02\/s3-300x225.jpg 300w, https:\/\/www.osjenka.si\/ps-trstenik\/wp-content\/uploads\/sites\/3\/2025\/02\/s3-400x300.jpg 400w, https:\/\/www.osjenka.si\/ps-trstenik\/wp-content\/uploads\/sites\/3\/2025\/02\/s3-600x450.jpg 600w, https:\/\/www.osjenka.si\/ps-trstenik\/wp-content\/uploads\/sites\/3\/2025\/02\/s3-768x576.jpg 768w, https:\/\/www.osjenka.si\/ps-trstenik\/wp-content\/uploads\/sites\/3\/2025\/02\/s3-800x600.jpg 800w, https:\/\/www.osjenka.si\/ps-trstenik\/wp-content\/uploads\/sites\/3\/2025\/02\/s3-1024x768.jpg 1024w, https:\/\/www.osjenka.si\/ps-trstenik\/wp-content\/uploads\/sites\/3\/2025\/02\/s3-1200x900.jpg 1200w, https:\/\/www.osjenka.si\/ps-trstenik\/wp-content\/uploads\/sites\/3\/2025\/02\/s3-1536x1152.jpg 1536w, https:\/\/www.osjenka.si\/ps-trstenik\/wp-content\/uploads\/sites\/3\/2025\/02\/s3.jpg 1920w\" data-sizes=\"auto\" data-orig-sizes=\"(max-width: 800px) 100vw, 800px\" \/><\/p>\n<p><img decoding=\"async\" class=\"lazyload aligncenter wp-image-4326 size-fusion-800\" src=\"https:\/\/www.osjenka.si\/ps-trstenik\/wp-content\/uploads\/sites\/3\/2025\/02\/s4-800x600.jpg\" data-orig-src=\"https:\/\/www.osjenka.si\/ps-trstenik\/wp-content\/uploads\/sites\/3\/2025\/02\/s4-800x600.jpg\" alt=\"\" width=\"800\" height=\"600\" srcset=\"data:image\/svg+xml,%3Csvg%20xmlns%3D%27http%3A%2F%2Fwww.w3.org%2F2000%2Fsvg%27%20width%3D%27800%27%20height%3D%27600%27%20viewBox%3D%270%200%20800%20600%27%3E%3Crect%20width%3D%27800%27%20height%3D%27600%27%20fill-opacity%3D%220%22%2F%3E%3C%2Fsvg%3E\" data-srcset=\"https:\/\/www.osjenka.si\/ps-trstenik\/wp-content\/uploads\/sites\/3\/2025\/02\/s4-200x150.jpg 200w, https:\/\/www.osjenka.si\/ps-trstenik\/wp-content\/uploads\/sites\/3\/2025\/02\/s4-300x225.jpg 300w, https:\/\/www.osjenka.si\/ps-trstenik\/wp-content\/uploads\/sites\/3\/2025\/02\/s4-400x300.jpg 400w, https:\/\/www.osjenka.si\/ps-trstenik\/wp-content\/uploads\/sites\/3\/2025\/02\/s4-600x450.jpg 600w, https:\/\/www.osjenka.si\/ps-trstenik\/wp-content\/uploads\/sites\/3\/2025\/02\/s4-768x576.jpg 768w, https:\/\/www.osjenka.si\/ps-trstenik\/wp-content\/uploads\/sites\/3\/2025\/02\/s4-800x600.jpg 800w, https:\/\/www.osjenka.si\/ps-trstenik\/wp-content\/uploads\/sites\/3\/2025\/02\/s4-1024x768.jpg 1024w, https:\/\/www.osjenka.si\/ps-trstenik\/wp-content\/uploads\/sites\/3\/2025\/02\/s4-1200x900.jpg 1200w, https:\/\/www.osjenka.si\/ps-trstenik\/wp-content\/uploads\/sites\/3\/2025\/02\/s4-1536x1152.jpg 1536w, https:\/\/www.osjenka.si\/ps-trstenik\/wp-content\/uploads\/sites\/3\/2025\/02\/s4.jpg 1920w\" data-sizes=\"auto\" data-orig-sizes=\"(max-width: 800px) 100vw, 800px\" \/><\/p>\n","protected":false},"excerpt":{"rendered":"<p>Dan pred kulturnim praznikom smo se zbrali v telovadnici na prireditvi ob Pre\u0161ernovem dnevu. Prvi del prireditve je bil kulturno obarvan. Prireditev smo pri\u010deli z Zdravljico, ki jo je zapel \u0161olski pevski zbor. Benjamin je na harmoniko mojstrsko odigral ven\u010dek doma\u010dih. Pevski zbor je ob spremljavi Benjaminove harmonike zapel pesem Jaz pa pojdem na Gorenjsko. Kulturo obarvani del prireditve je zaklju\u010dil Tobija, ki je Zdravljico zaigral \u0161e na flavto. Sledil je kviz o Pre\u0161ernu, kjer so morali u\u010denci odgovarjati na vse bolj zahtevna vpra\u0161anja o Pre\u0161ernovem \u017eivljenju in delu. S skupnimi mo\u010dmi so pravilno odgovorili na vsa vpra\u0161anja. Z zanimivimi dodatnim [&hellip;]<\/p>\n","protected":false},"author":6,"featured_media":4323,"comment_status":"open","ping_status":"open","sticky":false,"template":"","format":"standard","meta":{"footnotes":""},"categories":[28],"tags":[],"class_list":["post-4322","post","type-post","status-publish","format-standard","has-post-thumbnail","hentry","category-novice"],"yoast_head":"<!-- This site is optimized with the Yoast SEO plugin v19.11 - https:\/\/yoast.com\/wordpress\/plugins\/seo\/ -->\n<title>Prireditev ob slovenskem kulturnem prazniku - P\u0160 Trstenik<\/title>\n<meta name=\"robots\" content=\"index, follow, max-snippet:-1, max-image-preview:large, max-video-preview:-1\" \/>\n<link rel=\"canonical\" href=\"https:\/\/www.osjenka.si\/ps-trstenik\/2025\/02\/07\/prireditev-ob-slovenskem-kulturnem-prazniku\/\" \/>\n<meta property=\"og:locale\" content=\"sl_SI\" \/>\n<meta property=\"og:type\" content=\"article\" \/>\n<meta property=\"og:title\" content=\"Prireditev ob slovenskem kulturnem prazniku - P\u0160 Trstenik\" \/>\n<meta property=\"og:description\" content=\"Dan pred kulturnim praznikom smo se zbrali v telovadnici na prireditvi ob Pre\u0161ernovem dnevu. Prvi del prireditve je bil kulturno obarvan. Prireditev smo pri\u010deli z Zdravljico, ki jo je zapel \u0161olski pevski zbor. Benjamin je na harmoniko mojstrsko odigral ven\u010dek doma\u010dih. Pevski zbor je ob spremljavi Benjaminove harmonike zapel pesem Jaz pa pojdem na Gorenjsko. Kulturo obarvani del prireditve je zaklju\u010dil Tobija, ki je Zdravljico zaigral \u0161e na flavto. Sledil je kviz o Pre\u0161ernu, kjer so morali u\u010denci odgovarjati na vse bolj zahtevna vpra\u0161anja o Pre\u0161ernovem \u017eivljenju in delu. S skupnimi mo\u010dmi so pravilno odgovorili na vsa vpra\u0161anja. Z zanimivimi dodatnim [&hellip;]\" \/>\n<meta property=\"og:url\" content=\"https:\/\/www.osjenka.si\/ps-trstenik\/2025\/02\/07\/prireditev-ob-slovenskem-kulturnem-prazniku\/\" \/>\n<meta property=\"og:site_name\" content=\"P\u0160 Trstenik\" \/>\n<meta property=\"article:published_time\" content=\"2025-02-07T17:28:30+00:00\" \/>\n<meta property=\"article:modified_time\" content=\"2025-02-07T17:29:56+00:00\" \/>\n<meta property=\"og:image\" content=\"https:\/\/www.osjenka.si\/ps-trstenik\/wp-content\/uploads\/sites\/3\/2025\/02\/s1.jpg\" \/>\n\t<meta property=\"og:image:width\" content=\"1920\" \/>\n\t<meta property=\"og:image:height\" content=\"1440\" \/>\n\t<meta property=\"og:image:type\" content=\"image\/jpeg\" \/>\n<meta name=\"author\" content=\"marijanca\" \/>\n<meta name=\"twitter:card\" content=\"summary_large_image\" \/>\n<meta name=\"twitter:label1\" content=\"Written by\" \/>\n\t<meta name=\"twitter:data1\" content=\"marijanca\" \/>\n\t<meta name=\"twitter:label2\" content=\"Est. reading time\" \/>\n\t<meta name=\"twitter:data2\" content=\"2 minuti\" \/>\n<script type=\"application\/ld+json\" class=\"yoast-schema-graph\">{\"@context\":\"https:\/\/schema.org\",\"@graph\":[{\"@type\":\"WebPage\",\"@id\":\"https:\/\/www.osjenka.si\/ps-trstenik\/2025\/02\/07\/prireditev-ob-slovenskem-kulturnem-prazniku\/\",\"url\":\"https:\/\/www.osjenka.si\/ps-trstenik\/2025\/02\/07\/prireditev-ob-slovenskem-kulturnem-prazniku\/\",\"name\":\"Prireditev ob slovenskem kulturnem prazniku - P\u0160 Trstenik\",\"isPartOf\":{\"@id\":\"https:\/\/www.osjenka.si\/ps-trstenik\/#website\"},\"datePublished\":\"2025-02-07T17:28:30+00:00\",\"dateModified\":\"2025-02-07T17:29:56+00:00\",\"author\":{\"@id\":\"https:\/\/www.osjenka.si\/ps-trstenik\/#\/schema\/person\/e994953e80ee06b3734632ceb1a36cbc\"},\"breadcrumb\":{\"@id\":\"https:\/\/www.osjenka.si\/ps-trstenik\/2025\/02\/07\/prireditev-ob-slovenskem-kulturnem-prazniku\/#breadcrumb\"},\"inLanguage\":\"sl-SI\",\"potentialAction\":[{\"@type\":\"ReadAction\",\"target\":[\"https:\/\/www.osjenka.si\/ps-trstenik\/2025\/02\/07\/prireditev-ob-slovenskem-kulturnem-prazniku\/\"]}]},{\"@type\":\"BreadcrumbList\",\"@id\":\"https:\/\/www.osjenka.si\/ps-trstenik\/2025\/02\/07\/prireditev-ob-slovenskem-kulturnem-prazniku\/#breadcrumb\",\"itemListElement\":[{\"@type\":\"ListItem\",\"position\":1,\"name\":\"Home\",\"item\":\"https:\/\/www.osjenka.si\/ps-trstenik\/\"},{\"@type\":\"ListItem\",\"position\":2,\"name\":\"Prireditev ob slovenskem kulturnem prazniku\"}]},{\"@type\":\"WebSite\",\"@id\":\"https:\/\/www.osjenka.si\/ps-trstenik\/#website\",\"url\":\"https:\/\/www.osjenka.si\/ps-trstenik\/\",\"name\":\"P\u0160 Trstenik\",\"description\":\"\",\"potentialAction\":[{\"@type\":\"SearchAction\",\"target\":{\"@type\":\"EntryPoint\",\"urlTemplate\":\"https:\/\/www.osjenka.si\/ps-trstenik\/?s={search_term_string}\"},\"query-input\":\"required name=search_term_string\"}],\"inLanguage\":\"sl-SI\"},{\"@type\":\"Person\",\"@id\":\"https:\/\/www.osjenka.si\/ps-trstenik\/#\/schema\/person\/e994953e80ee06b3734632ceb1a36cbc\",\"name\":\"marijanca\",\"image\":{\"@type\":\"ImageObject\",\"inLanguage\":\"sl-SI\",\"@id\":\"https:\/\/www.osjenka.si\/ps-trstenik\/#\/schema\/person\/image\/\",\"url\":\"https:\/\/secure.gravatar.com\/avatar\/dbce7ac167ee71177f370bf0bb0bba3702fec9264452e7366493259d6187ae79?s=96&d=mm&r=g\",\"contentUrl\":\"https:\/\/secure.gravatar.com\/avatar\/dbce7ac167ee71177f370bf0bb0bba3702fec9264452e7366493259d6187ae79?s=96&d=mm&r=g\",\"caption\":\"marijanca\"},\"url\":\"https:\/\/www.osjenka.si\/ps-trstenik\/author\/marijanca\/\"}]}<\/script>\n<!-- \/ Yoast SEO plugin. -->","yoast_head_json":{"title":"Prireditev ob slovenskem kulturnem prazniku - P\u0160 Trstenik","robots":{"index":"index","follow":"follow","max-snippet":"max-snippet:-1","max-image-preview":"max-image-preview:large","max-video-preview":"max-video-preview:-1"},"canonical":"https:\/\/www.osjenka.si\/ps-trstenik\/2025\/02\/07\/prireditev-ob-slovenskem-kulturnem-prazniku\/","og_locale":"sl_SI","og_type":"article","og_title":"Prireditev ob slovenskem kulturnem prazniku - P\u0160 Trstenik","og_description":"Dan pred kulturnim praznikom smo se zbrali v telovadnici na prireditvi ob Pre\u0161ernovem dnevu. Prvi del prireditve je bil kulturno obarvan. Prireditev smo pri\u010deli z Zdravljico, ki jo je zapel \u0161olski pevski zbor. Benjamin je na harmoniko mojstrsko odigral ven\u010dek doma\u010dih. Pevski zbor je ob spremljavi Benjaminove harmonike zapel pesem Jaz pa pojdem na Gorenjsko. Kulturo obarvani del prireditve je zaklju\u010dil Tobija, ki je Zdravljico zaigral \u0161e na flavto. Sledil je kviz o Pre\u0161ernu, kjer so morali u\u010denci odgovarjati na vse bolj zahtevna vpra\u0161anja o Pre\u0161ernovem \u017eivljenju in delu. S skupnimi mo\u010dmi so pravilno odgovorili na vsa vpra\u0161anja. Z zanimivimi dodatnim [&hellip;]","og_url":"https:\/\/www.osjenka.si\/ps-trstenik\/2025\/02\/07\/prireditev-ob-slovenskem-kulturnem-prazniku\/","og_site_name":"P\u0160 Trstenik","article_published_time":"2025-02-07T17:28:30+00:00","article_modified_time":"2025-02-07T17:29:56+00:00","og_image":[{"width":1920,"height":1440,"url":"https:\/\/www.osjenka.si\/ps-trstenik\/wp-content\/uploads\/sites\/3\/2025\/02\/s1.jpg","type":"image\/jpeg"}],"author":"marijanca","twitter_card":"summary_large_image","twitter_misc":{"Written by":"marijanca","Est. reading time":"2 minuti"},"schema":{"@context":"https:\/\/schema.org","@graph":[{"@type":"WebPage","@id":"https:\/\/www.osjenka.si\/ps-trstenik\/2025\/02\/07\/prireditev-ob-slovenskem-kulturnem-prazniku\/","url":"https:\/\/www.osjenka.si\/ps-trstenik\/2025\/02\/07\/prireditev-ob-slovenskem-kulturnem-prazniku\/","name":"Prireditev ob slovenskem kulturnem prazniku - P\u0160 Trstenik","isPartOf":{"@id":"https:\/\/www.osjenka.si\/ps-trstenik\/#website"},"datePublished":"2025-02-07T17:28:30+00:00","dateModified":"2025-02-07T17:29:56+00:00","author":{"@id":"https:\/\/www.osjenka.si\/ps-trstenik\/#\/schema\/person\/e994953e80ee06b3734632ceb1a36cbc"},"breadcrumb":{"@id":"https:\/\/www.osjenka.si\/ps-trstenik\/2025\/02\/07\/prireditev-ob-slovenskem-kulturnem-prazniku\/#breadcrumb"},"inLanguage":"sl-SI","potentialAction":[{"@type":"ReadAction","target":["https:\/\/www.osjenka.si\/ps-trstenik\/2025\/02\/07\/prireditev-ob-slovenskem-kulturnem-prazniku\/"]}]},{"@type":"BreadcrumbList","@id":"https:\/\/www.osjenka.si\/ps-trstenik\/2025\/02\/07\/prireditev-ob-slovenskem-kulturnem-prazniku\/#breadcrumb","itemListElement":[{"@type":"ListItem","position":1,"name":"Home","item":"https:\/\/www.osjenka.si\/ps-trstenik\/"},{"@type":"ListItem","position":2,"name":"Prireditev ob slovenskem kulturnem prazniku"}]},{"@type":"WebSite","@id":"https:\/\/www.osjenka.si\/ps-trstenik\/#website","url":"https:\/\/www.osjenka.si\/ps-trstenik\/","name":"P\u0160 Trstenik","description":"","potentialAction":[{"@type":"SearchAction","target":{"@type":"EntryPoint","urlTemplate":"https:\/\/www.osjenka.si\/ps-trstenik\/?s={search_term_string}"},"query-input":"required name=search_term_string"}],"inLanguage":"sl-SI"},{"@type":"Person","@id":"https:\/\/www.osjenka.si\/ps-trstenik\/#\/schema\/person\/e994953e80ee06b3734632ceb1a36cbc","name":"marijanca","image":{"@type":"ImageObject","inLanguage":"sl-SI","@id":"https:\/\/www.osjenka.si\/ps-trstenik\/#\/schema\/person\/image\/","url":"https:\/\/secure.gravatar.com\/avatar\/dbce7ac167ee71177f370bf0bb0bba3702fec9264452e7366493259d6187ae79?s=96&d=mm&r=g","contentUrl":"https:\/\/secure.gravatar.com\/avatar\/dbce7ac167ee71177f370bf0bb0bba3702fec9264452e7366493259d6187ae79?s=96&d=mm&r=g","caption":"marijanca"},"url":"https:\/\/www.osjenka.si\/ps-trstenik\/author\/marijanca\/"}]}},"_links":{"self":[{"href":"https:\/\/www.osjenka.si\/ps-trstenik\/wp-json\/wp\/v2\/posts\/4322","targetHints":{"allow":["GET"]}}],"collection":[{"href":"https:\/\/www.osjenka.si\/ps-trstenik\/wp-json\/wp\/v2\/posts"}],"about":[{"href":"https:\/\/www.osjenka.si\/ps-trstenik\/wp-json\/wp\/v2\/types\/post"}],"author":[{"embeddable":true,"href":"https:\/\/www.osjenka.si\/ps-trstenik\/wp-json\/wp\/v2\/users\/6"}],"replies":[{"embeddable":true,"href":"https:\/\/www.osjenka.si\/ps-trstenik\/wp-json\/wp\/v2\/comments?post=4322"}],"version-history":[{"count":2,"href":"https:\/\/www.osjenka.si\/ps-trstenik\/wp-json\/wp\/v2\/posts\/4322\/revisions"}],"predecessor-version":[{"id":4328,"href":"https:\/\/www.osjenka.si\/ps-trstenik\/wp-json\/wp\/v2\/posts\/4322\/revisions\/4328"}],"wp:featuredmedia":[{"embeddable":true,"href":"https:\/\/www.osjenka.si\/ps-trstenik\/wp-json\/wp\/v2\/media\/4323"}],"wp:attachment":[{"href":"https:\/\/www.osjenka.si\/ps-trstenik\/wp-json\/wp\/v2\/media?parent=4322"}],"wp:term":[{"taxonomy":"category","embeddable":true,"href":"https:\/\/www.osjenka.si\/ps-trstenik\/wp-json\/wp\/v2\/categories?post=4322"},{"taxonomy":"post_tag","embeddable":true,"href":"https:\/\/www.osjenka.si\/ps-trstenik\/wp-json\/wp\/v2\/tags?post=4322"}],"curies":[{"name":"wp","href":"https:\/\/api.w.org\/{rel}","templated":true}]}}