{"id":4402,"date":"2025-02-21T12:25:39","date_gmt":"2025-02-21T11:25:39","guid":{"rendered":"https:\/\/www.osjenka.si\/ps-trstenik\/?p=4402"},"modified":"2025-02-21T12:28:01","modified_gmt":"2025-02-21T11:28:01","slug":"tabor-drugosolcev-v-csod-cebelica","status":"publish","type":"post","link":"https:\/\/www.osjenka.si\/ps-trstenik\/2025\/02\/21\/tabor-drugosolcev-v-csod-cebelica\/","title":{"rendered":"Tabor drugo\u0161olcev v C\u0160OD \u010cebelica"},"content":{"rendered":"<div class=\"fusion-fullwidth fullwidth-box fusion-builder-row-1 fusion-flex-container nonhundred-percent-fullwidth non-hundred-percent-height-scrolling\" style=\"background-color: rgba(255,255,255,0);background-position: center center;background-repeat: no-repeat;border-width: 0px 0px 0px 0px;border-color:var(--awb-color3);border-style:solid;\" ><div class=\"fusion-builder-row fusion-row fusion-flex-align-items-flex-start\" style=\"max-width:1331.2px;margin-left: calc(-4% \/ 2 );margin-right: calc(-4% \/ 2 );\"><div class=\"fusion-layout-column fusion_builder_column fusion-builder-column-0 fusion_builder_column_1_1 1_1 fusion-flex-column\"><div class=\"fusion-column-wrapper fusion-flex-justify-content-flex-start fusion-content-layout-column\" style=\"background-position:left top;background-repeat:no-repeat;-webkit-background-size:cover;-moz-background-size:cover;-o-background-size:cover;background-size:cover;padding: 0px 0px 0px 0px;\"><div class=\"fusion-text fusion-text-1\"><p>U\u010denci 2. razredov, mati\u010dne \u0161ole in P\u0160 Trstenik, se v za\u010detku februarja, odpravili v tridnevno \u0161olo v naravi v C\u0160OD \u010cebelica v \u010cate\u017e pri Trebnjem. U\u010denci so bili aktivni od zgodnjega jutra, do ve\u010dera. Veliko so bili v naravi, opazovali so nebo, &#8221;pre\u017eiveli&#8221; v naravi ter zgradili poslopje.<\/p>\n<p>U\u010diteljice in u\u010denci so opisali svoje tridnevne dogodiv\u0161\u010dine: <em>&#8221;Pri\u010dakali so nas prijazni u\u010ditelji in po uvodnih informacijah smo se kar takoj lotili obla\u010denja postelj in urejanja sob. Sobe so morale biti zelo urejene, saj smo tekmovali za laskavi naslov Najbolj\u0161e sobe. Vsako jutro so de\u017eurni u\u010denci pripravili jedilnico za zajtrk, kasneje \u0161e za kosilo in ve\u010derjo. Veliko \u010dasa smo pre\u017eiveli v gozdu, kjer smo se igrali razne socialne in naravoslovne igre.&#8221;<\/em><\/p>\n<p><em>&#8221;U\u010dili smo se tudi pre\u017eivetja v gozdu in si s \u0161otorko in vrvicami naredili bivak, kasneje pa tudi zanetili ogenj s pomo\u010djo kresila. Zanimiv je bil tudi ve\u010derni pohod z lu\u010dkami. Na travniku smo opazovali zvezdnato nebo in s prostim o\u010desom smo opazili najbli\u017eja planeta Venero in Mars. Drugi ve\u010der smo se ob ritmih dobre glasbe zabavali v Klubu \u010cebulica. Zadnji dan smo se preizkusili v lovu na lisico in gradnji poslopij z lesenimi gradniki.&#8221; <\/em><\/p>\n<p>Za zaklju\u010dek \u0161e klasi\u010dna misel otrok, ki so u\u017eivali na ve\u010ddnevnem taboru: <em>&#8221;Sprva smo se veselili odhoda domov, v sredo pa bi bivanje vseeno podalj\u0161ali za kak dan ali ve\u010d.&#8221;<br \/>\n<\/em><\/p>\n<p>Aktiv 2. razreda<br \/>\nDijana Brdar<br \/>\nFoto: Simona Frank<\/p>\n<\/div><div ><style>.fusion-body .fusion-button.button-1{border-radius:0px 0px 0px 0px;}<\/style><a class=\"fusion-button button-flat fusion-button-default-size button-default button-1 fusion-button-default-span fusion-button-default-type\" target=\"_blank\" rel=\"noopener noreferrer\" href=\"https:\/\/www.osjenka.si\/blog\/2025\/02\/10\/tabor-drugosolcev-v-csod-cebelica\/\" style=\"width:calc(100%);\"><span class=\"fusion-button-text\">Galerija<\/span><\/a><\/div><\/div><style type=\"text\/css\">.fusion-body .fusion-builder-column-0{width:100% !important;margin-top : 0px;margin-bottom : 0px;}.fusion-builder-column-0 > .fusion-column-wrapper {padding-top : 0px !important;padding-right : 0px !important;margin-right : 1.92%;padding-bottom : 0px !important;padding-left : 0px !important;margin-left : 1.92%;}@media only screen and (max-width:1024px) {.fusion-body .fusion-builder-column-0{width:100% !important;}.fusion-builder-column-0 > .fusion-column-wrapper {margin-right : 1.92%;margin-left : 1.92%;}}@media only screen and (max-width:640px) {.fusion-body .fusion-builder-column-0{width:100% !important;}.fusion-builder-column-0 > .fusion-column-wrapper {margin-right : 1.92%;margin-left : 1.92%;}}<\/style><\/div><\/div><style type=\"text\/css\">.fusion-body .fusion-flex-container.fusion-builder-row-1{ padding-top : 0px;margin-top : 0px;padding-right : 0px;padding-bottom : 0px;margin-bottom : 0px;padding-left : 0px;}<\/style><\/div>\n","protected":false},"excerpt":{"rendered":"","protected":false},"author":11,"featured_media":0,"comment_status":"open","ping_status":"open","sticky":false,"template":"","format":"standard","meta":{"footnotes":""},"categories":[27],"tags":[],"class_list":["post-4402","post","type-post","status-publish","format-standard","hentry","category-obvestila"],"yoast_head":"<!-- This site is optimized with the Yoast SEO plugin v19.11 - https:\/\/yoast.com\/wordpress\/plugins\/seo\/ -->\n<title>Tabor drugo\u0161olcev v C\u0160OD \u010cebelica - P\u0160 Trstenik<\/title>\n<meta name=\"robots\" content=\"index, follow, max-snippet:-1, max-image-preview:large, max-video-preview:-1\" \/>\n<link rel=\"canonical\" href=\"https:\/\/www.osjenka.si\/ps-trstenik\/2025\/02\/21\/tabor-drugosolcev-v-csod-cebelica\/\" \/>\n<meta property=\"og:locale\" content=\"sl_SI\" \/>\n<meta property=\"og:type\" content=\"article\" \/>\n<meta property=\"og:title\" content=\"Tabor drugo\u0161olcev v C\u0160OD \u010cebelica - P\u0160 Trstenik\" \/>\n<meta property=\"og:url\" content=\"https:\/\/www.osjenka.si\/ps-trstenik\/2025\/02\/21\/tabor-drugosolcev-v-csod-cebelica\/\" \/>\n<meta property=\"og:site_name\" content=\"P\u0160 Trstenik\" \/>\n<meta property=\"article:published_time\" content=\"2025-02-21T11:25:39+00:00\" \/>\n<meta property=\"article:modified_time\" content=\"2025-02-21T11:28:01+00:00\" \/>\n<meta name=\"author\" content=\"andrejr\" \/>\n<meta name=\"twitter:card\" content=\"summary_large_image\" \/>\n<meta name=\"twitter:label1\" content=\"Written by\" \/>\n\t<meta name=\"twitter:data1\" content=\"andrejr\" \/>\n\t<meta name=\"twitter:label2\" content=\"Est. reading time\" \/>\n\t<meta name=\"twitter:data2\" content=\"3 minute\" \/>\n<script type=\"application\/ld+json\" class=\"yoast-schema-graph\">{\"@context\":\"https:\/\/schema.org\",\"@graph\":[{\"@type\":\"WebPage\",\"@id\":\"https:\/\/www.osjenka.si\/ps-trstenik\/2025\/02\/21\/tabor-drugosolcev-v-csod-cebelica\/\",\"url\":\"https:\/\/www.osjenka.si\/ps-trstenik\/2025\/02\/21\/tabor-drugosolcev-v-csod-cebelica\/\",\"name\":\"Tabor drugo\u0161olcev v C\u0160OD \u010cebelica - P\u0160 Trstenik\",\"isPartOf\":{\"@id\":\"https:\/\/www.osjenka.si\/ps-trstenik\/#website\"},\"datePublished\":\"2025-02-21T11:25:39+00:00\",\"dateModified\":\"2025-02-21T11:28:01+00:00\",\"author\":{\"@id\":\"https:\/\/www.osjenka.si\/ps-trstenik\/#\/schema\/person\/0ab262d328dbb26827c56378c5b49394\"},\"breadcrumb\":{\"@id\":\"https:\/\/www.osjenka.si\/ps-trstenik\/2025\/02\/21\/tabor-drugosolcev-v-csod-cebelica\/#breadcrumb\"},\"inLanguage\":\"sl-SI\",\"potentialAction\":[{\"@type\":\"ReadAction\",\"target\":[\"https:\/\/www.osjenka.si\/ps-trstenik\/2025\/02\/21\/tabor-drugosolcev-v-csod-cebelica\/\"]}]},{\"@type\":\"BreadcrumbList\",\"@id\":\"https:\/\/www.osjenka.si\/ps-trstenik\/2025\/02\/21\/tabor-drugosolcev-v-csod-cebelica\/#breadcrumb\",\"itemListElement\":[{\"@type\":\"ListItem\",\"position\":1,\"name\":\"Home\",\"item\":\"https:\/\/www.osjenka.si\/ps-trstenik\/\"},{\"@type\":\"ListItem\",\"position\":2,\"name\":\"Tabor drugo\u0161olcev v C\u0160OD \u010cebelica\"}]},{\"@type\":\"WebSite\",\"@id\":\"https:\/\/www.osjenka.si\/ps-trstenik\/#website\",\"url\":\"https:\/\/www.osjenka.si\/ps-trstenik\/\",\"name\":\"P\u0160 Trstenik\",\"description\":\"\",\"potentialAction\":[{\"@type\":\"SearchAction\",\"target\":{\"@type\":\"EntryPoint\",\"urlTemplate\":\"https:\/\/www.osjenka.si\/ps-trstenik\/?s={search_term_string}\"},\"query-input\":\"required name=search_term_string\"}],\"inLanguage\":\"sl-SI\"},{\"@type\":\"Person\",\"@id\":\"https:\/\/www.osjenka.si\/ps-trstenik\/#\/schema\/person\/0ab262d328dbb26827c56378c5b49394\",\"name\":\"andrejr\",\"image\":{\"@type\":\"ImageObject\",\"inLanguage\":\"sl-SI\",\"@id\":\"https:\/\/www.osjenka.si\/ps-trstenik\/#\/schema\/person\/image\/\",\"url\":\"https:\/\/secure.gravatar.com\/avatar\/ad10151312e2d1262ad717ebaa870689a45149ebc2ea56f8513a9c8e2797b996?s=96&d=mm&r=g\",\"contentUrl\":\"https:\/\/secure.gravatar.com\/avatar\/ad10151312e2d1262ad717ebaa870689a45149ebc2ea56f8513a9c8e2797b996?s=96&d=mm&r=g\",\"caption\":\"andrejr\"},\"url\":\"https:\/\/www.osjenka.si\/ps-trstenik\/author\/andrejr\/\"}]}<\/script>\n<!-- \/ Yoast SEO plugin. -->","yoast_head_json":{"title":"Tabor drugo\u0161olcev v C\u0160OD \u010cebelica - P\u0160 Trstenik","robots":{"index":"index","follow":"follow","max-snippet":"max-snippet:-1","max-image-preview":"max-image-preview:large","max-video-preview":"max-video-preview:-1"},"canonical":"https:\/\/www.osjenka.si\/ps-trstenik\/2025\/02\/21\/tabor-drugosolcev-v-csod-cebelica\/","og_locale":"sl_SI","og_type":"article","og_title":"Tabor drugo\u0161olcev v C\u0160OD \u010cebelica - P\u0160 Trstenik","og_url":"https:\/\/www.osjenka.si\/ps-trstenik\/2025\/02\/21\/tabor-drugosolcev-v-csod-cebelica\/","og_site_name":"P\u0160 Trstenik","article_published_time":"2025-02-21T11:25:39+00:00","article_modified_time":"2025-02-21T11:28:01+00:00","author":"andrejr","twitter_card":"summary_large_image","twitter_misc":{"Written by":"andrejr","Est. reading time":"3 minute"},"schema":{"@context":"https:\/\/schema.org","@graph":[{"@type":"WebPage","@id":"https:\/\/www.osjenka.si\/ps-trstenik\/2025\/02\/21\/tabor-drugosolcev-v-csod-cebelica\/","url":"https:\/\/www.osjenka.si\/ps-trstenik\/2025\/02\/21\/tabor-drugosolcev-v-csod-cebelica\/","name":"Tabor drugo\u0161olcev v C\u0160OD \u010cebelica - P\u0160 Trstenik","isPartOf":{"@id":"https:\/\/www.osjenka.si\/ps-trstenik\/#website"},"datePublished":"2025-02-21T11:25:39+00:00","dateModified":"2025-02-21T11:28:01+00:00","author":{"@id":"https:\/\/www.osjenka.si\/ps-trstenik\/#\/schema\/person\/0ab262d328dbb26827c56378c5b49394"},"breadcrumb":{"@id":"https:\/\/www.osjenka.si\/ps-trstenik\/2025\/02\/21\/tabor-drugosolcev-v-csod-cebelica\/#breadcrumb"},"inLanguage":"sl-SI","potentialAction":[{"@type":"ReadAction","target":["https:\/\/www.osjenka.si\/ps-trstenik\/2025\/02\/21\/tabor-drugosolcev-v-csod-cebelica\/"]}]},{"@type":"BreadcrumbList","@id":"https:\/\/www.osjenka.si\/ps-trstenik\/2025\/02\/21\/tabor-drugosolcev-v-csod-cebelica\/#breadcrumb","itemListElement":[{"@type":"ListItem","position":1,"name":"Home","item":"https:\/\/www.osjenka.si\/ps-trstenik\/"},{"@type":"ListItem","position":2,"name":"Tabor drugo\u0161olcev v C\u0160OD \u010cebelica"}]},{"@type":"WebSite","@id":"https:\/\/www.osjenka.si\/ps-trstenik\/#website","url":"https:\/\/www.osjenka.si\/ps-trstenik\/","name":"P\u0160 Trstenik","description":"","potentialAction":[{"@type":"SearchAction","target":{"@type":"EntryPoint","urlTemplate":"https:\/\/www.osjenka.si\/ps-trstenik\/?s={search_term_string}"},"query-input":"required name=search_term_string"}],"inLanguage":"sl-SI"},{"@type":"Person","@id":"https:\/\/www.osjenka.si\/ps-trstenik\/#\/schema\/person\/0ab262d328dbb26827c56378c5b49394","name":"andrejr","image":{"@type":"ImageObject","inLanguage":"sl-SI","@id":"https:\/\/www.osjenka.si\/ps-trstenik\/#\/schema\/person\/image\/","url":"https:\/\/secure.gravatar.com\/avatar\/ad10151312e2d1262ad717ebaa870689a45149ebc2ea56f8513a9c8e2797b996?s=96&d=mm&r=g","contentUrl":"https:\/\/secure.gravatar.com\/avatar\/ad10151312e2d1262ad717ebaa870689a45149ebc2ea56f8513a9c8e2797b996?s=96&d=mm&r=g","caption":"andrejr"},"url":"https:\/\/www.osjenka.si\/ps-trstenik\/author\/andrejr\/"}]}},"_links":{"self":[{"href":"https:\/\/www.osjenka.si\/ps-trstenik\/wp-json\/wp\/v2\/posts\/4402","targetHints":{"allow":["GET"]}}],"collection":[{"href":"https:\/\/www.osjenka.si\/ps-trstenik\/wp-json\/wp\/v2\/posts"}],"about":[{"href":"https:\/\/www.osjenka.si\/ps-trstenik\/wp-json\/wp\/v2\/types\/post"}],"author":[{"embeddable":true,"href":"https:\/\/www.osjenka.si\/ps-trstenik\/wp-json\/wp\/v2\/users\/11"}],"replies":[{"embeddable":true,"href":"https:\/\/www.osjenka.si\/ps-trstenik\/wp-json\/wp\/v2\/comments?post=4402"}],"version-history":[{"count":3,"href":"https:\/\/www.osjenka.si\/ps-trstenik\/wp-json\/wp\/v2\/posts\/4402\/revisions"}],"predecessor-version":[{"id":4405,"href":"https:\/\/www.osjenka.si\/ps-trstenik\/wp-json\/wp\/v2\/posts\/4402\/revisions\/4405"}],"wp:attachment":[{"href":"https:\/\/www.osjenka.si\/ps-trstenik\/wp-json\/wp\/v2\/media?parent=4402"}],"wp:term":[{"taxonomy":"category","embeddable":true,"href":"https:\/\/www.osjenka.si\/ps-trstenik\/wp-json\/wp\/v2\/categories?post=4402"},{"taxonomy":"post_tag","embeddable":true,"href":"https:\/\/www.osjenka.si\/ps-trstenik\/wp-json\/wp\/v2\/tags?post=4402"}],"curies":[{"name":"wp","href":"https:\/\/api.w.org\/{rel}","templated":true}]}}