{"id":4573,"date":"2025-05-21T09:52:53","date_gmt":"2025-05-21T07:52:53","guid":{"rendered":"https:\/\/www.osjenka.si\/ps-trstenik\/?p=4573"},"modified":"2025-05-21T09:52:53","modified_gmt":"2025-05-21T07:52:53","slug":"teden-vsezivljenjskega-ucenja-delavnica-esperanta","status":"publish","type":"post","link":"https:\/\/www.osjenka.si\/ps-trstenik\/2025\/05\/21\/teden-vsezivljenjskega-ucenja-delavnica-esperanta\/","title":{"rendered":"Teden vse\u017eivljenjskega u\u010denja, delavnica esperanta"},"content":{"rendered":"<p>V ponedeljek, 19. 5. 2025, se je na na\u0161i podru\u017enici za\u010del <strong>T<\/strong>eden <strong>V<\/strong>se\u017eivljenjskega <strong>U<\/strong>\u010denja. Pri\u010deli smo ga z gospo Niko Ro\u017eej, ki nam je predstavila mednarodni jezik esperanto. To je umetni jezik, ki je nastal pred 130 leti. Gospod Zamenhof ga je ustvaril z namenom, da bi bil kar najbolj logi\u010den in zelo lahko u\u010dljiv. \u017de kot srednje\u0161olec se je odlo\u010dil, da bo posku\u0161al narediti mednarodni jezik, ki bi ga lahko govorili vsi. Primerjava \u010dasa za u\u010denje je 150 ur za esperanto, 1000 ur za angle\u0161\u010dino.<\/p>\n<p>Mi pa smo imeli u\u010dno uro v esperantu in sicer smo se u\u010dili glagole gibanja. Le-te je gospa predstavila tudi s pesmima Lepa Anka ali Bela Anjo in Marko ska\u010de ali Marko saltas. Nau\u010dili smo se besedi\u0161\u010de kot: marsi, iri, salti, fajfi, ridi, turnigi, danci, rondodanci, muziki in kanti. Ali kak\u0161nega uganete, kaj pomenijo?<\/p>\n<p>U\u010dencem 4. in 5. razreda je bila u\u010dna ura zelo v\u0161e\u010d, gospa pa je obljubila, da se ponovno vidimo naslednje leto ali \u011dis la venonta jaro.<\/p>\n<p>Na na\u0161i \u0161oli se bodo tekom tedna <strong>TVU<\/strong> zvrstile delavnice (likovna, gibalna, kuharska), ki bodo posve\u010dene Svetovnemu dnevu \u010debel (20. maj).<\/p>\n<p>Zapisala: Barbara Marolt<\/p>\n<p><img decoding=\"async\" class=\"lazyload aligncenter wp-image-4574 size-fusion-600\" src=\"https:\/\/www.osjenka.si\/ps-trstenik\/wp-content\/uploads\/sites\/3\/2025\/05\/TVU-2025-plakat-POLN-600x850.png\" data-orig-src=\"https:\/\/www.osjenka.si\/ps-trstenik\/wp-content\/uploads\/sites\/3\/2025\/05\/TVU-2025-plakat-POLN-600x850.png\" alt=\"\" width=\"600\" height=\"850\" srcset=\"data:image\/svg+xml,%3Csvg%20xmlns%3D%27http%3A%2F%2Fwww.w3.org%2F2000%2Fsvg%27%20width%3D%27600%27%20height%3D%27850%27%20viewBox%3D%270%200%20600%20850%27%3E%3Crect%20width%3D%27600%27%20height%3D%27850%27%20fill-opacity%3D%220%22%2F%3E%3C%2Fsvg%3E\" data-srcset=\"https:\/\/www.osjenka.si\/ps-trstenik\/wp-content\/uploads\/sites\/3\/2025\/05\/TVU-2025-plakat-POLN-200x283.png 200w, https:\/\/www.osjenka.si\/ps-trstenik\/wp-content\/uploads\/sites\/3\/2025\/05\/TVU-2025-plakat-POLN-212x300.png 212w, https:\/\/www.osjenka.si\/ps-trstenik\/wp-content\/uploads\/sites\/3\/2025\/05\/TVU-2025-plakat-POLN-400x567.png 400w, https:\/\/www.osjenka.si\/ps-trstenik\/wp-content\/uploads\/sites\/3\/2025\/05\/TVU-2025-plakat-POLN-600x850.png 600w, https:\/\/www.osjenka.si\/ps-trstenik\/wp-content\/uploads\/sites\/3\/2025\/05\/TVU-2025-plakat-POLN-723x1024.png 723w, https:\/\/www.osjenka.si\/ps-trstenik\/wp-content\/uploads\/sites\/3\/2025\/05\/TVU-2025-plakat-POLN-768x1088.png 768w, https:\/\/www.osjenka.si\/ps-trstenik\/wp-content\/uploads\/sites\/3\/2025\/05\/TVU-2025-plakat-POLN-800x1134.png 800w, https:\/\/www.osjenka.si\/ps-trstenik\/wp-content\/uploads\/sites\/3\/2025\/05\/TVU-2025-plakat-POLN-1084x1536.png 1084w, https:\/\/www.osjenka.si\/ps-trstenik\/wp-content\/uploads\/sites\/3\/2025\/05\/TVU-2025-plakat-POLN-1200x1700.png 1200w, https:\/\/www.osjenka.si\/ps-trstenik\/wp-content\/uploads\/sites\/3\/2025\/05\/TVU-2025-plakat-POLN.png 1355w\" data-sizes=\"auto\" data-orig-sizes=\"(max-width: 600px) 100vw, 600px\" \/><\/p>\n<p><img decoding=\"async\" class=\"lazyload aligncenter wp-image-4577 size-fusion-600\" src=\"https:\/\/www.osjenka.si\/ps-trstenik\/wp-content\/uploads\/sites\/3\/2025\/05\/20250519_102516-600x800.jpg\" data-orig-src=\"https:\/\/www.osjenka.si\/ps-trstenik\/wp-content\/uploads\/sites\/3\/2025\/05\/20250519_102516-600x800.jpg\" alt=\"\" width=\"600\" height=\"800\" srcset=\"data:image\/svg+xml,%3Csvg%20xmlns%3D%27http%3A%2F%2Fwww.w3.org%2F2000%2Fsvg%27%20width%3D%27600%27%20height%3D%27800%27%20viewBox%3D%270%200%20600%20800%27%3E%3Crect%20width%3D%27600%27%20height%3D%27800%27%20fill-opacity%3D%220%22%2F%3E%3C%2Fsvg%3E\" data-srcset=\"https:\/\/www.osjenka.si\/ps-trstenik\/wp-content\/uploads\/sites\/3\/2025\/05\/20250519_102516-200x267.jpg 200w, https:\/\/www.osjenka.si\/ps-trstenik\/wp-content\/uploads\/sites\/3\/2025\/05\/20250519_102516-225x300.jpg 225w, https:\/\/www.osjenka.si\/ps-trstenik\/wp-content\/uploads\/sites\/3\/2025\/05\/20250519_102516-300x400.jpg 300w, https:\/\/www.osjenka.si\/ps-trstenik\/wp-content\/uploads\/sites\/3\/2025\/05\/20250519_102516-400x533.jpg 400w, https:\/\/www.osjenka.si\/ps-trstenik\/wp-content\/uploads\/sites\/3\/2025\/05\/20250519_102516-600x800.jpg 600w, https:\/\/www.osjenka.si\/ps-trstenik\/wp-content\/uploads\/sites\/3\/2025\/05\/20250519_102516-768x1024.jpg 768w, https:\/\/www.osjenka.si\/ps-trstenik\/wp-content\/uploads\/sites\/3\/2025\/05\/20250519_102516-800x1067.jpg 800w, https:\/\/www.osjenka.si\/ps-trstenik\/wp-content\/uploads\/sites\/3\/2025\/05\/20250519_102516-1152x1536.jpg 1152w, https:\/\/www.osjenka.si\/ps-trstenik\/wp-content\/uploads\/sites\/3\/2025\/05\/20250519_102516-1200x1600.jpg 1200w, https:\/\/www.osjenka.si\/ps-trstenik\/wp-content\/uploads\/sites\/3\/2025\/05\/20250519_102516.jpg 1440w\" data-sizes=\"auto\" data-orig-sizes=\"(max-width: 600px) 100vw, 600px\" \/><\/p>\n<p><img decoding=\"async\" class=\"lazyload aligncenter wp-image-4578 size-fusion-800\" src=\"https:\/\/www.osjenka.si\/ps-trstenik\/wp-content\/uploads\/sites\/3\/2025\/05\/20250519_103134-800x600.jpg\" data-orig-src=\"https:\/\/www.osjenka.si\/ps-trstenik\/wp-content\/uploads\/sites\/3\/2025\/05\/20250519_103134-800x600.jpg\" alt=\"\" width=\"800\" height=\"600\" srcset=\"data:image\/svg+xml,%3Csvg%20xmlns%3D%27http%3A%2F%2Fwww.w3.org%2F2000%2Fsvg%27%20width%3D%27800%27%20height%3D%27600%27%20viewBox%3D%270%200%20800%20600%27%3E%3Crect%20width%3D%27800%27%20height%3D%27600%27%20fill-opacity%3D%220%22%2F%3E%3C%2Fsvg%3E\" data-srcset=\"https:\/\/www.osjenka.si\/ps-trstenik\/wp-content\/uploads\/sites\/3\/2025\/05\/20250519_103134-200x150.jpg 200w, https:\/\/www.osjenka.si\/ps-trstenik\/wp-content\/uploads\/sites\/3\/2025\/05\/20250519_103134-300x225.jpg 300w, https:\/\/www.osjenka.si\/ps-trstenik\/wp-content\/uploads\/sites\/3\/2025\/05\/20250519_103134-400x300.jpg 400w, https:\/\/www.osjenka.si\/ps-trstenik\/wp-content\/uploads\/sites\/3\/2025\/05\/20250519_103134-600x450.jpg 600w, https:\/\/www.osjenka.si\/ps-trstenik\/wp-content\/uploads\/sites\/3\/2025\/05\/20250519_103134-768x576.jpg 768w, https:\/\/www.osjenka.si\/ps-trstenik\/wp-content\/uploads\/sites\/3\/2025\/05\/20250519_103134-800x600.jpg 800w, https:\/\/www.osjenka.si\/ps-trstenik\/wp-content\/uploads\/sites\/3\/2025\/05\/20250519_103134-1024x768.jpg 1024w, https:\/\/www.osjenka.si\/ps-trstenik\/wp-content\/uploads\/sites\/3\/2025\/05\/20250519_103134-1200x900.jpg 1200w, https:\/\/www.osjenka.si\/ps-trstenik\/wp-content\/uploads\/sites\/3\/2025\/05\/20250519_103134-1536x1152.jpg 1536w, https:\/\/www.osjenka.si\/ps-trstenik\/wp-content\/uploads\/sites\/3\/2025\/05\/20250519_103134.jpg 1920w\" data-sizes=\"auto\" data-orig-sizes=\"(max-width: 800px) 100vw, 800px\" \/><\/p>\n<p><img decoding=\"async\" class=\"lazyload aligncenter wp-image-4575 size-fusion-600\" src=\"https:\/\/www.osjenka.si\/ps-trstenik\/wp-content\/uploads\/sites\/3\/2025\/05\/20250519_102236-600x800.jpg\" data-orig-src=\"https:\/\/www.osjenka.si\/ps-trstenik\/wp-content\/uploads\/sites\/3\/2025\/05\/20250519_102236-600x800.jpg\" alt=\"\" width=\"600\" height=\"800\" srcset=\"data:image\/svg+xml,%3Csvg%20xmlns%3D%27http%3A%2F%2Fwww.w3.org%2F2000%2Fsvg%27%20width%3D%27600%27%20height%3D%27800%27%20viewBox%3D%270%200%20600%20800%27%3E%3Crect%20width%3D%27600%27%20height%3D%27800%27%20fill-opacity%3D%220%22%2F%3E%3C%2Fsvg%3E\" data-srcset=\"https:\/\/www.osjenka.si\/ps-trstenik\/wp-content\/uploads\/sites\/3\/2025\/05\/20250519_102236-200x267.jpg 200w, https:\/\/www.osjenka.si\/ps-trstenik\/wp-content\/uploads\/sites\/3\/2025\/05\/20250519_102236-225x300.jpg 225w, https:\/\/www.osjenka.si\/ps-trstenik\/wp-content\/uploads\/sites\/3\/2025\/05\/20250519_102236-300x400.jpg 300w, https:\/\/www.osjenka.si\/ps-trstenik\/wp-content\/uploads\/sites\/3\/2025\/05\/20250519_102236-400x533.jpg 400w, https:\/\/www.osjenka.si\/ps-trstenik\/wp-content\/uploads\/sites\/3\/2025\/05\/20250519_102236-600x800.jpg 600w, https:\/\/www.osjenka.si\/ps-trstenik\/wp-content\/uploads\/sites\/3\/2025\/05\/20250519_102236-768x1024.jpg 768w, https:\/\/www.osjenka.si\/ps-trstenik\/wp-content\/uploads\/sites\/3\/2025\/05\/20250519_102236-800x1067.jpg 800w, https:\/\/www.osjenka.si\/ps-trstenik\/wp-content\/uploads\/sites\/3\/2025\/05\/20250519_102236-1152x1536.jpg 1152w, https:\/\/www.osjenka.si\/ps-trstenik\/wp-content\/uploads\/sites\/3\/2025\/05\/20250519_102236-1200x1600.jpg 1200w, https:\/\/www.osjenka.si\/ps-trstenik\/wp-content\/uploads\/sites\/3\/2025\/05\/20250519_102236.jpg 1440w\" data-sizes=\"auto\" data-orig-sizes=\"(max-width: 600px) 100vw, 600px\" \/><\/p>\n<p><img decoding=\"async\" class=\"lazyload aligncenter wp-image-4579 size-fusion-800\" src=\"https:\/\/www.osjenka.si\/ps-trstenik\/wp-content\/uploads\/sites\/3\/2025\/05\/20250519_103718-800x600.jpg\" data-orig-src=\"https:\/\/www.osjenka.si\/ps-trstenik\/wp-content\/uploads\/sites\/3\/2025\/05\/20250519_103718-800x600.jpg\" alt=\"\" width=\"800\" height=\"600\" srcset=\"data:image\/svg+xml,%3Csvg%20xmlns%3D%27http%3A%2F%2Fwww.w3.org%2F2000%2Fsvg%27%20width%3D%27800%27%20height%3D%27600%27%20viewBox%3D%270%200%20800%20600%27%3E%3Crect%20width%3D%27800%27%20height%3D%27600%27%20fill-opacity%3D%220%22%2F%3E%3C%2Fsvg%3E\" data-srcset=\"https:\/\/www.osjenka.si\/ps-trstenik\/wp-content\/uploads\/sites\/3\/2025\/05\/20250519_103718-200x150.jpg 200w, https:\/\/www.osjenka.si\/ps-trstenik\/wp-content\/uploads\/sites\/3\/2025\/05\/20250519_103718-300x225.jpg 300w, https:\/\/www.osjenka.si\/ps-trstenik\/wp-content\/uploads\/sites\/3\/2025\/05\/20250519_103718-400x300.jpg 400w, https:\/\/www.osjenka.si\/ps-trstenik\/wp-content\/uploads\/sites\/3\/2025\/05\/20250519_103718-600x450.jpg 600w, https:\/\/www.osjenka.si\/ps-trstenik\/wp-content\/uploads\/sites\/3\/2025\/05\/20250519_103718-768x576.jpg 768w, https:\/\/www.osjenka.si\/ps-trstenik\/wp-content\/uploads\/sites\/3\/2025\/05\/20250519_103718-800x600.jpg 800w, https:\/\/www.osjenka.si\/ps-trstenik\/wp-content\/uploads\/sites\/3\/2025\/05\/20250519_103718-1024x768.jpg 1024w, https:\/\/www.osjenka.si\/ps-trstenik\/wp-content\/uploads\/sites\/3\/2025\/05\/20250519_103718-1200x900.jpg 1200w, https:\/\/www.osjenka.si\/ps-trstenik\/wp-content\/uploads\/sites\/3\/2025\/05\/20250519_103718-1536x1152.jpg 1536w, https:\/\/www.osjenka.si\/ps-trstenik\/wp-content\/uploads\/sites\/3\/2025\/05\/20250519_103718.jpg 1920w\" data-sizes=\"auto\" data-orig-sizes=\"(max-width: 800px) 100vw, 800px\" \/><\/p>\n<p><img decoding=\"async\" class=\"lazyload aligncenter wp-image-4576 size-fusion-800\" src=\"https:\/\/www.osjenka.si\/ps-trstenik\/wp-content\/uploads\/sites\/3\/2025\/05\/20250519_102302-800x600.jpg\" data-orig-src=\"https:\/\/www.osjenka.si\/ps-trstenik\/wp-content\/uploads\/sites\/3\/2025\/05\/20250519_102302-800x600.jpg\" alt=\"\" width=\"800\" height=\"600\" srcset=\"data:image\/svg+xml,%3Csvg%20xmlns%3D%27http%3A%2F%2Fwww.w3.org%2F2000%2Fsvg%27%20width%3D%27800%27%20height%3D%27600%27%20viewBox%3D%270%200%20800%20600%27%3E%3Crect%20width%3D%27800%27%20height%3D%27600%27%20fill-opacity%3D%220%22%2F%3E%3C%2Fsvg%3E\" data-srcset=\"https:\/\/www.osjenka.si\/ps-trstenik\/wp-content\/uploads\/sites\/3\/2025\/05\/20250519_102302-200x150.jpg 200w, https:\/\/www.osjenka.si\/ps-trstenik\/wp-content\/uploads\/sites\/3\/2025\/05\/20250519_102302-300x225.jpg 300w, https:\/\/www.osjenka.si\/ps-trstenik\/wp-content\/uploads\/sites\/3\/2025\/05\/20250519_102302-400x300.jpg 400w, https:\/\/www.osjenka.si\/ps-trstenik\/wp-content\/uploads\/sites\/3\/2025\/05\/20250519_102302-600x450.jpg 600w, https:\/\/www.osjenka.si\/ps-trstenik\/wp-content\/uploads\/sites\/3\/2025\/05\/20250519_102302-768x576.jpg 768w, https:\/\/www.osjenka.si\/ps-trstenik\/wp-content\/uploads\/sites\/3\/2025\/05\/20250519_102302-800x600.jpg 800w, https:\/\/www.osjenka.si\/ps-trstenik\/wp-content\/uploads\/sites\/3\/2025\/05\/20250519_102302-1024x768.jpg 1024w, https:\/\/www.osjenka.si\/ps-trstenik\/wp-content\/uploads\/sites\/3\/2025\/05\/20250519_102302-1200x900.jpg 1200w, https:\/\/www.osjenka.si\/ps-trstenik\/wp-content\/uploads\/sites\/3\/2025\/05\/20250519_102302-1536x1152.jpg 1536w, https:\/\/www.osjenka.si\/ps-trstenik\/wp-content\/uploads\/sites\/3\/2025\/05\/20250519_102302.jpg 1920w\" data-sizes=\"auto\" data-orig-sizes=\"(max-width: 800px) 100vw, 800px\" \/><\/p>\n<p>&nbsp;<\/p>\n","protected":false},"excerpt":{"rendered":"<p>V ponedeljek, 19. 5. 2025, se je na na\u0161i podru\u017enici za\u010del Teden Vse\u017eivljenjskega U\u010denja. Pri\u010deli smo ga z gospo Niko Ro\u017eej, ki nam je predstavila mednarodni jezik esperanto. To je umetni jezik, ki je nastal pred 130 leti. Gospod Zamenhof ga je ustvaril z namenom, da bi bil kar najbolj logi\u010den in zelo lahko u\u010dljiv. \u017de kot srednje\u0161olec se je odlo\u010dil, da bo posku\u0161al narediti mednarodni jezik, ki bi ga lahko govorili vsi. Primerjava \u010dasa za u\u010denje je 150 ur za esperanto, 1000 ur za angle\u0161\u010dino. Mi pa smo imeli u\u010dno uro v esperantu in sicer smo se u\u010dili glagole gibanja. [&hellip;]<\/p>\n","protected":false},"author":6,"featured_media":4579,"comment_status":"open","ping_status":"open","sticky":false,"template":"","format":"standard","meta":{"footnotes":""},"categories":[27],"tags":[],"class_list":["post-4573","post","type-post","status-publish","format-standard","has-post-thumbnail","hentry","category-obvestila"],"yoast_head":"<!-- This site is optimized with the Yoast SEO plugin v19.11 - https:\/\/yoast.com\/wordpress\/plugins\/seo\/ -->\n<title>Teden vse\u017eivljenjskega u\u010denja, delavnica esperanta - P\u0160 Trstenik<\/title>\n<meta name=\"robots\" content=\"index, follow, max-snippet:-1, max-image-preview:large, max-video-preview:-1\" \/>\n<link rel=\"canonical\" href=\"https:\/\/www.osjenka.si\/ps-trstenik\/2025\/05\/21\/teden-vsezivljenjskega-ucenja-delavnica-esperanta\/\" \/>\n<meta property=\"og:locale\" content=\"sl_SI\" \/>\n<meta property=\"og:type\" content=\"article\" \/>\n<meta property=\"og:title\" content=\"Teden vse\u017eivljenjskega u\u010denja, delavnica esperanta - P\u0160 Trstenik\" \/>\n<meta property=\"og:description\" content=\"V ponedeljek, 19. 5. 2025, se je na na\u0161i podru\u017enici za\u010del Teden Vse\u017eivljenjskega U\u010denja. Pri\u010deli smo ga z gospo Niko Ro\u017eej, ki nam je predstavila mednarodni jezik esperanto. To je umetni jezik, ki je nastal pred 130 leti. Gospod Zamenhof ga je ustvaril z namenom, da bi bil kar najbolj logi\u010den in zelo lahko u\u010dljiv. \u017de kot srednje\u0161olec se je odlo\u010dil, da bo posku\u0161al narediti mednarodni jezik, ki bi ga lahko govorili vsi. Primerjava \u010dasa za u\u010denje je 150 ur za esperanto, 1000 ur za angle\u0161\u010dino. Mi pa smo imeli u\u010dno uro v esperantu in sicer smo se u\u010dili glagole gibanja. [&hellip;]\" \/>\n<meta property=\"og:url\" content=\"https:\/\/www.osjenka.si\/ps-trstenik\/2025\/05\/21\/teden-vsezivljenjskega-ucenja-delavnica-esperanta\/\" \/>\n<meta property=\"og:site_name\" content=\"P\u0160 Trstenik\" \/>\n<meta property=\"article:published_time\" content=\"2025-05-21T07:52:53+00:00\" \/>\n<meta property=\"og:image\" content=\"https:\/\/www.osjenka.si\/ps-trstenik\/wp-content\/uploads\/sites\/3\/2025\/05\/20250519_103718.jpg\" \/>\n\t<meta property=\"og:image:width\" content=\"1920\" \/>\n\t<meta property=\"og:image:height\" content=\"1440\" \/>\n\t<meta property=\"og:image:type\" content=\"image\/jpeg\" \/>\n<meta name=\"author\" content=\"marijanca\" \/>\n<meta name=\"twitter:card\" content=\"summary_large_image\" \/>\n<meta name=\"twitter:label1\" content=\"Written by\" \/>\n\t<meta name=\"twitter:data1\" content=\"marijanca\" \/>\n\t<meta name=\"twitter:label2\" content=\"Est. reading time\" \/>\n\t<meta name=\"twitter:data2\" content=\"3 minute\" \/>\n<script type=\"application\/ld+json\" class=\"yoast-schema-graph\">{\"@context\":\"https:\/\/schema.org\",\"@graph\":[{\"@type\":\"WebPage\",\"@id\":\"https:\/\/www.osjenka.si\/ps-trstenik\/2025\/05\/21\/teden-vsezivljenjskega-ucenja-delavnica-esperanta\/\",\"url\":\"https:\/\/www.osjenka.si\/ps-trstenik\/2025\/05\/21\/teden-vsezivljenjskega-ucenja-delavnica-esperanta\/\",\"name\":\"Teden vse\u017eivljenjskega u\u010denja, delavnica esperanta - P\u0160 Trstenik\",\"isPartOf\":{\"@id\":\"https:\/\/www.osjenka.si\/ps-trstenik\/#website\"},\"datePublished\":\"2025-05-21T07:52:53+00:00\",\"dateModified\":\"2025-05-21T07:52:53+00:00\",\"author\":{\"@id\":\"https:\/\/www.osjenka.si\/ps-trstenik\/#\/schema\/person\/e994953e80ee06b3734632ceb1a36cbc\"},\"breadcrumb\":{\"@id\":\"https:\/\/www.osjenka.si\/ps-trstenik\/2025\/05\/21\/teden-vsezivljenjskega-ucenja-delavnica-esperanta\/#breadcrumb\"},\"inLanguage\":\"sl-SI\",\"potentialAction\":[{\"@type\":\"ReadAction\",\"target\":[\"https:\/\/www.osjenka.si\/ps-trstenik\/2025\/05\/21\/teden-vsezivljenjskega-ucenja-delavnica-esperanta\/\"]}]},{\"@type\":\"BreadcrumbList\",\"@id\":\"https:\/\/www.osjenka.si\/ps-trstenik\/2025\/05\/21\/teden-vsezivljenjskega-ucenja-delavnica-esperanta\/#breadcrumb\",\"itemListElement\":[{\"@type\":\"ListItem\",\"position\":1,\"name\":\"Home\",\"item\":\"https:\/\/www.osjenka.si\/ps-trstenik\/\"},{\"@type\":\"ListItem\",\"position\":2,\"name\":\"Teden vse\u017eivljenjskega u\u010denja, delavnica esperanta\"}]},{\"@type\":\"WebSite\",\"@id\":\"https:\/\/www.osjenka.si\/ps-trstenik\/#website\",\"url\":\"https:\/\/www.osjenka.si\/ps-trstenik\/\",\"name\":\"P\u0160 Trstenik\",\"description\":\"\",\"potentialAction\":[{\"@type\":\"SearchAction\",\"target\":{\"@type\":\"EntryPoint\",\"urlTemplate\":\"https:\/\/www.osjenka.si\/ps-trstenik\/?s={search_term_string}\"},\"query-input\":\"required name=search_term_string\"}],\"inLanguage\":\"sl-SI\"},{\"@type\":\"Person\",\"@id\":\"https:\/\/www.osjenka.si\/ps-trstenik\/#\/schema\/person\/e994953e80ee06b3734632ceb1a36cbc\",\"name\":\"marijanca\",\"image\":{\"@type\":\"ImageObject\",\"inLanguage\":\"sl-SI\",\"@id\":\"https:\/\/www.osjenka.si\/ps-trstenik\/#\/schema\/person\/image\/\",\"url\":\"https:\/\/secure.gravatar.com\/avatar\/dbce7ac167ee71177f370bf0bb0bba3702fec9264452e7366493259d6187ae79?s=96&d=mm&r=g\",\"contentUrl\":\"https:\/\/secure.gravatar.com\/avatar\/dbce7ac167ee71177f370bf0bb0bba3702fec9264452e7366493259d6187ae79?s=96&d=mm&r=g\",\"caption\":\"marijanca\"},\"url\":\"https:\/\/www.osjenka.si\/ps-trstenik\/author\/marijanca\/\"}]}<\/script>\n<!-- \/ Yoast SEO plugin. -->","yoast_head_json":{"title":"Teden vse\u017eivljenjskega u\u010denja, delavnica esperanta - P\u0160 Trstenik","robots":{"index":"index","follow":"follow","max-snippet":"max-snippet:-1","max-image-preview":"max-image-preview:large","max-video-preview":"max-video-preview:-1"},"canonical":"https:\/\/www.osjenka.si\/ps-trstenik\/2025\/05\/21\/teden-vsezivljenjskega-ucenja-delavnica-esperanta\/","og_locale":"sl_SI","og_type":"article","og_title":"Teden vse\u017eivljenjskega u\u010denja, delavnica esperanta - P\u0160 Trstenik","og_description":"V ponedeljek, 19. 5. 2025, se je na na\u0161i podru\u017enici za\u010del Teden Vse\u017eivljenjskega U\u010denja. Pri\u010deli smo ga z gospo Niko Ro\u017eej, ki nam je predstavila mednarodni jezik esperanto. To je umetni jezik, ki je nastal pred 130 leti. Gospod Zamenhof ga je ustvaril z namenom, da bi bil kar najbolj logi\u010den in zelo lahko u\u010dljiv. \u017de kot srednje\u0161olec se je odlo\u010dil, da bo posku\u0161al narediti mednarodni jezik, ki bi ga lahko govorili vsi. Primerjava \u010dasa za u\u010denje je 150 ur za esperanto, 1000 ur za angle\u0161\u010dino. Mi pa smo imeli u\u010dno uro v esperantu in sicer smo se u\u010dili glagole gibanja. [&hellip;]","og_url":"https:\/\/www.osjenka.si\/ps-trstenik\/2025\/05\/21\/teden-vsezivljenjskega-ucenja-delavnica-esperanta\/","og_site_name":"P\u0160 Trstenik","article_published_time":"2025-05-21T07:52:53+00:00","og_image":[{"width":1920,"height":1440,"url":"https:\/\/www.osjenka.si\/ps-trstenik\/wp-content\/uploads\/sites\/3\/2025\/05\/20250519_103718.jpg","type":"image\/jpeg"}],"author":"marijanca","twitter_card":"summary_large_image","twitter_misc":{"Written by":"marijanca","Est. reading time":"3 minute"},"schema":{"@context":"https:\/\/schema.org","@graph":[{"@type":"WebPage","@id":"https:\/\/www.osjenka.si\/ps-trstenik\/2025\/05\/21\/teden-vsezivljenjskega-ucenja-delavnica-esperanta\/","url":"https:\/\/www.osjenka.si\/ps-trstenik\/2025\/05\/21\/teden-vsezivljenjskega-ucenja-delavnica-esperanta\/","name":"Teden vse\u017eivljenjskega u\u010denja, delavnica esperanta - P\u0160 Trstenik","isPartOf":{"@id":"https:\/\/www.osjenka.si\/ps-trstenik\/#website"},"datePublished":"2025-05-21T07:52:53+00:00","dateModified":"2025-05-21T07:52:53+00:00","author":{"@id":"https:\/\/www.osjenka.si\/ps-trstenik\/#\/schema\/person\/e994953e80ee06b3734632ceb1a36cbc"},"breadcrumb":{"@id":"https:\/\/www.osjenka.si\/ps-trstenik\/2025\/05\/21\/teden-vsezivljenjskega-ucenja-delavnica-esperanta\/#breadcrumb"},"inLanguage":"sl-SI","potentialAction":[{"@type":"ReadAction","target":["https:\/\/www.osjenka.si\/ps-trstenik\/2025\/05\/21\/teden-vsezivljenjskega-ucenja-delavnica-esperanta\/"]}]},{"@type":"BreadcrumbList","@id":"https:\/\/www.osjenka.si\/ps-trstenik\/2025\/05\/21\/teden-vsezivljenjskega-ucenja-delavnica-esperanta\/#breadcrumb","itemListElement":[{"@type":"ListItem","position":1,"name":"Home","item":"https:\/\/www.osjenka.si\/ps-trstenik\/"},{"@type":"ListItem","position":2,"name":"Teden vse\u017eivljenjskega u\u010denja, delavnica esperanta"}]},{"@type":"WebSite","@id":"https:\/\/www.osjenka.si\/ps-trstenik\/#website","url":"https:\/\/www.osjenka.si\/ps-trstenik\/","name":"P\u0160 Trstenik","description":"","potentialAction":[{"@type":"SearchAction","target":{"@type":"EntryPoint","urlTemplate":"https:\/\/www.osjenka.si\/ps-trstenik\/?s={search_term_string}"},"query-input":"required name=search_term_string"}],"inLanguage":"sl-SI"},{"@type":"Person","@id":"https:\/\/www.osjenka.si\/ps-trstenik\/#\/schema\/person\/e994953e80ee06b3734632ceb1a36cbc","name":"marijanca","image":{"@type":"ImageObject","inLanguage":"sl-SI","@id":"https:\/\/www.osjenka.si\/ps-trstenik\/#\/schema\/person\/image\/","url":"https:\/\/secure.gravatar.com\/avatar\/dbce7ac167ee71177f370bf0bb0bba3702fec9264452e7366493259d6187ae79?s=96&d=mm&r=g","contentUrl":"https:\/\/secure.gravatar.com\/avatar\/dbce7ac167ee71177f370bf0bb0bba3702fec9264452e7366493259d6187ae79?s=96&d=mm&r=g","caption":"marijanca"},"url":"https:\/\/www.osjenka.si\/ps-trstenik\/author\/marijanca\/"}]}},"_links":{"self":[{"href":"https:\/\/www.osjenka.si\/ps-trstenik\/wp-json\/wp\/v2\/posts\/4573","targetHints":{"allow":["GET"]}}],"collection":[{"href":"https:\/\/www.osjenka.si\/ps-trstenik\/wp-json\/wp\/v2\/posts"}],"about":[{"href":"https:\/\/www.osjenka.si\/ps-trstenik\/wp-json\/wp\/v2\/types\/post"}],"author":[{"embeddable":true,"href":"https:\/\/www.osjenka.si\/ps-trstenik\/wp-json\/wp\/v2\/users\/6"}],"replies":[{"embeddable":true,"href":"https:\/\/www.osjenka.si\/ps-trstenik\/wp-json\/wp\/v2\/comments?post=4573"}],"version-history":[{"count":1,"href":"https:\/\/www.osjenka.si\/ps-trstenik\/wp-json\/wp\/v2\/posts\/4573\/revisions"}],"predecessor-version":[{"id":4580,"href":"https:\/\/www.osjenka.si\/ps-trstenik\/wp-json\/wp\/v2\/posts\/4573\/revisions\/4580"}],"wp:featuredmedia":[{"embeddable":true,"href":"https:\/\/www.osjenka.si\/ps-trstenik\/wp-json\/wp\/v2\/media\/4579"}],"wp:attachment":[{"href":"https:\/\/www.osjenka.si\/ps-trstenik\/wp-json\/wp\/v2\/media?parent=4573"}],"wp:term":[{"taxonomy":"category","embeddable":true,"href":"https:\/\/www.osjenka.si\/ps-trstenik\/wp-json\/wp\/v2\/categories?post=4573"},{"taxonomy":"post_tag","embeddable":true,"href":"https:\/\/www.osjenka.si\/ps-trstenik\/wp-json\/wp\/v2\/tags?post=4573"}],"curies":[{"name":"wp","href":"https:\/\/api.w.org\/{rel}","templated":true}]}}