{"id":4581,"date":"2025-05-21T10:11:57","date_gmt":"2025-05-21T08:11:57","guid":{"rendered":"https:\/\/www.osjenka.si\/ps-trstenik\/?p=4581"},"modified":"2025-05-21T10:11:57","modified_gmt":"2025-05-21T08:11:57","slug":"kd-obisk-narodne-galerije-3-razred","status":"publish","type":"post","link":"https:\/\/www.osjenka.si\/ps-trstenik\/2025\/05\/21\/kd-obisk-narodne-galerije-3-razred\/","title":{"rendered":"KD Obisk Narodne galerije (3. razred)"},"content":{"rendered":"<p>Danes, 20. 5. 2025, smo se u\u010denci 3. t razreda z avtobusom odpeljali v Ljubljano. Tam nas je v Narodni galeriji nestrpno \u010dakal Gal. To je namre\u010d \u0161krat, ki prebiva v Narodni galeriji. Tja se je, potem ko so poru\u0161ili njegov grajski dom, naselil in se kaj kmalu spoprijateljil s tamkaj\u0161njimi prebivalci, upodobljenimi na slikah in kipih.<\/p>\n<p>Prijazna kustosinja nam je najprej predstavila njegovo pre\u017eivljanje \u010dasa v galeriji preko knjige Gal v galeriji (avtorica Svetlana Makarovi\u010d, ilustriral Kostja Gatnik). Nato pa smo se z njegovo skrinjo zakladov odpravili na lov za slikami. V skrinji zakladov so se namre\u010d skrivali namigi, katero sliko moramo najti. Ko je kustosinja izvlekla ven di\u0161e\u010do kavo, kaj mislite, h kateri sliki smo se odpravili? Tako je, h Kofetarici od Ivane Kobilca. Zares smo veliko izvedeli o freskah, avtoportretih, ljudeh, ki so naro\u010dili portrete, in o samem \u017eivljenju neko\u010d. Narodna galerija je res ogromna zakladnica znanja, zato priporo\u010damo, da si jo ogledate tudi vi.<\/p>\n<p>V Ljubljani pa se seveda da veliko videti. Po obisku galerije smo se odpravili na Ljubljanjski grad in ves \u010das opazovali pomembne Ple\u010dnikove mojstrovine (Tromostovje, Tr\u017enica &#8230;), seveda pa smo se ustavili \u0161e pred Pre\u0161ernovim spomenikom, kopiji Robovega vodnjaka &#8230; Ko smo prisopihali na grad, smo si ogledali grajsko dvori\u0161\u010de, poslopja, kaznilnico, razgledno plo\u0161\u010dad &#8230; V smeri proti Tivoliju smo se vra\u010dali najprej preko tr\u017enice, nato \u010dez Zmajski most, naravnost gor po \u010copovi ulici in spet mimo hi\u0161e Opera in balet, Narodne in Moderne galerije. V Tivoliju smo se na ogromnem igri\u0161\u010du spet okrep\u010dali, u\u010denci pa smo se lahko igrali na igralih.<\/p>\n<p>Dan je bil res zanimiv, s \u010dudovitim vremenom, poln prijetno prehojenih kilometrov in videnih lepih stavb in stvari.<\/p>\n<p>V Ljubljano vabljeni vsi.<\/p>\n<p>u\u010denci 3. t<\/p>\n<p><img decoding=\"async\" class=\"lazyload aligncenter wp-image-4582 size-full\" src=\"https:\/\/www.osjenka.si\/ps-trstenik\/wp-content\/uploads\/sites\/3\/2025\/05\/GalVGalerijiPlatnica2021.jpg\" data-orig-src=\"https:\/\/www.osjenka.si\/ps-trstenik\/wp-content\/uploads\/sites\/3\/2025\/05\/GalVGalerijiPlatnica2021.jpg\" alt=\"\" width=\"330\" height=\"408\" srcset=\"data:image\/svg+xml,%3Csvg%20xmlns%3D%27http%3A%2F%2Fwww.w3.org%2F2000%2Fsvg%27%20width%3D%27330%27%20height%3D%27408%27%20viewBox%3D%270%200%20330%20408%27%3E%3Crect%20width%3D%27330%27%20height%3D%27408%27%20fill-opacity%3D%220%22%2F%3E%3C%2Fsvg%3E\" data-srcset=\"https:\/\/www.osjenka.si\/ps-trstenik\/wp-content\/uploads\/sites\/3\/2025\/05\/GalVGalerijiPlatnica2021-200x247.jpg 200w, https:\/\/www.osjenka.si\/ps-trstenik\/wp-content\/uploads\/sites\/3\/2025\/05\/GalVGalerijiPlatnica2021-243x300.jpg 243w, https:\/\/www.osjenka.si\/ps-trstenik\/wp-content\/uploads\/sites\/3\/2025\/05\/GalVGalerijiPlatnica2021.jpg 330w\" data-sizes=\"auto\" data-orig-sizes=\"(max-width: 330px) 100vw, 330px\" \/><\/p>\n<p><img decoding=\"async\" class=\"lazyload aligncenter wp-image-4585 size-fusion-600\" src=\"https:\/\/www.osjenka.si\/ps-trstenik\/wp-content\/uploads\/sites\/3\/2025\/05\/Messenger_creation_CD104A1B-DBFF-449A-905D-A494B14D3D23-600x800.jpeg\" data-orig-src=\"https:\/\/www.osjenka.si\/ps-trstenik\/wp-content\/uploads\/sites\/3\/2025\/05\/Messenger_creation_CD104A1B-DBFF-449A-905D-A494B14D3D23-600x800.jpeg\" alt=\"\" width=\"600\" height=\"800\" srcset=\"data:image\/svg+xml,%3Csvg%20xmlns%3D%27http%3A%2F%2Fwww.w3.org%2F2000%2Fsvg%27%20width%3D%27600%27%20height%3D%27800%27%20viewBox%3D%270%200%20600%20800%27%3E%3Crect%20width%3D%27600%27%20height%3D%27800%27%20fill-opacity%3D%220%22%2F%3E%3C%2Fsvg%3E\" data-srcset=\"https:\/\/www.osjenka.si\/ps-trstenik\/wp-content\/uploads\/sites\/3\/2025\/05\/Messenger_creation_CD104A1B-DBFF-449A-905D-A494B14D3D23-200x267.jpeg 200w, https:\/\/www.osjenka.si\/ps-trstenik\/wp-content\/uploads\/sites\/3\/2025\/05\/Messenger_creation_CD104A1B-DBFF-449A-905D-A494B14D3D23-225x300.jpeg 225w, https:\/\/www.osjenka.si\/ps-trstenik\/wp-content\/uploads\/sites\/3\/2025\/05\/Messenger_creation_CD104A1B-DBFF-449A-905D-A494B14D3D23-300x400.jpeg 300w, https:\/\/www.osjenka.si\/ps-trstenik\/wp-content\/uploads\/sites\/3\/2025\/05\/Messenger_creation_CD104A1B-DBFF-449A-905D-A494B14D3D23-400x533.jpeg 400w, https:\/\/www.osjenka.si\/ps-trstenik\/wp-content\/uploads\/sites\/3\/2025\/05\/Messenger_creation_CD104A1B-DBFF-449A-905D-A494B14D3D23-600x800.jpeg 600w, https:\/\/www.osjenka.si\/ps-trstenik\/wp-content\/uploads\/sites\/3\/2025\/05\/Messenger_creation_CD104A1B-DBFF-449A-905D-A494B14D3D23-768x1024.jpeg 768w, https:\/\/www.osjenka.si\/ps-trstenik\/wp-content\/uploads\/sites\/3\/2025\/05\/Messenger_creation_CD104A1B-DBFF-449A-905D-A494B14D3D23-800x1067.jpeg 800w, https:\/\/www.osjenka.si\/ps-trstenik\/wp-content\/uploads\/sites\/3\/2025\/05\/Messenger_creation_CD104A1B-DBFF-449A-905D-A494B14D3D23-1152x1536.jpeg 1152w, https:\/\/www.osjenka.si\/ps-trstenik\/wp-content\/uploads\/sites\/3\/2025\/05\/Messenger_creation_CD104A1B-DBFF-449A-905D-A494B14D3D23-1200x1600.jpeg 1200w, https:\/\/www.osjenka.si\/ps-trstenik\/wp-content\/uploads\/sites\/3\/2025\/05\/Messenger_creation_CD104A1B-DBFF-449A-905D-A494B14D3D23.jpeg 1536w\" data-sizes=\"auto\" data-orig-sizes=\"(max-width: 600px) 100vw, 600px\" \/><\/p>\n<p><img decoding=\"async\" class=\"lazyload aligncenter wp-image-4587 size-fusion-800\" src=\"https:\/\/www.osjenka.si\/ps-trstenik\/wp-content\/uploads\/sites\/3\/2025\/05\/grad-800x600.jpg\" data-orig-src=\"https:\/\/www.osjenka.si\/ps-trstenik\/wp-content\/uploads\/sites\/3\/2025\/05\/grad-800x600.jpg\" alt=\"\" width=\"800\" height=\"600\" srcset=\"data:image\/svg+xml,%3Csvg%20xmlns%3D%27http%3A%2F%2Fwww.w3.org%2F2000%2Fsvg%27%20width%3D%27800%27%20height%3D%27600%27%20viewBox%3D%270%200%20800%20600%27%3E%3Crect%20width%3D%27800%27%20height%3D%27600%27%20fill-opacity%3D%220%22%2F%3E%3C%2Fsvg%3E\" data-srcset=\"https:\/\/www.osjenka.si\/ps-trstenik\/wp-content\/uploads\/sites\/3\/2025\/05\/grad-200x150.jpg 200w, https:\/\/www.osjenka.si\/ps-trstenik\/wp-content\/uploads\/sites\/3\/2025\/05\/grad-300x225.jpg 300w, https:\/\/www.osjenka.si\/ps-trstenik\/wp-content\/uploads\/sites\/3\/2025\/05\/grad-400x300.jpg 400w, https:\/\/www.osjenka.si\/ps-trstenik\/wp-content\/uploads\/sites\/3\/2025\/05\/grad-600x450.jpg 600w, https:\/\/www.osjenka.si\/ps-trstenik\/wp-content\/uploads\/sites\/3\/2025\/05\/grad-768x576.jpg 768w, https:\/\/www.osjenka.si\/ps-trstenik\/wp-content\/uploads\/sites\/3\/2025\/05\/grad-800x600.jpg 800w, https:\/\/www.osjenka.si\/ps-trstenik\/wp-content\/uploads\/sites\/3\/2025\/05\/grad-1024x768.jpg 1024w, https:\/\/www.osjenka.si\/ps-trstenik\/wp-content\/uploads\/sites\/3\/2025\/05\/grad-1200x900.jpg 1200w, https:\/\/www.osjenka.si\/ps-trstenik\/wp-content\/uploads\/sites\/3\/2025\/05\/grad.jpg 1281w\" data-sizes=\"auto\" data-orig-sizes=\"(max-width: 800px) 100vw, 800px\" \/><\/p>\n<p><img decoding=\"async\" class=\"lazyload aligncenter wp-image-4586 size-fusion-800\" src=\"https:\/\/www.osjenka.si\/ps-trstenik\/wp-content\/uploads\/sites\/3\/2025\/05\/Messenger_creation_D895B20A-0CDE-443C-ABDE-2D43724CE6BF-800x600.jpeg\" data-orig-src=\"https:\/\/www.osjenka.si\/ps-trstenik\/wp-content\/uploads\/sites\/3\/2025\/05\/Messenger_creation_D895B20A-0CDE-443C-ABDE-2D43724CE6BF-800x600.jpeg\" alt=\"\" width=\"800\" height=\"600\" srcset=\"data:image\/svg+xml,%3Csvg%20xmlns%3D%27http%3A%2F%2Fwww.w3.org%2F2000%2Fsvg%27%20width%3D%27800%27%20height%3D%27600%27%20viewBox%3D%270%200%20800%20600%27%3E%3Crect%20width%3D%27800%27%20height%3D%27600%27%20fill-opacity%3D%220%22%2F%3E%3C%2Fsvg%3E\" data-srcset=\"https:\/\/www.osjenka.si\/ps-trstenik\/wp-content\/uploads\/sites\/3\/2025\/05\/Messenger_creation_D895B20A-0CDE-443C-ABDE-2D43724CE6BF-200x150.jpeg 200w, https:\/\/www.osjenka.si\/ps-trstenik\/wp-content\/uploads\/sites\/3\/2025\/05\/Messenger_creation_D895B20A-0CDE-443C-ABDE-2D43724CE6BF-300x225.jpeg 300w, https:\/\/www.osjenka.si\/ps-trstenik\/wp-content\/uploads\/sites\/3\/2025\/05\/Messenger_creation_D895B20A-0CDE-443C-ABDE-2D43724CE6BF-400x300.jpeg 400w, https:\/\/www.osjenka.si\/ps-trstenik\/wp-content\/uploads\/sites\/3\/2025\/05\/Messenger_creation_D895B20A-0CDE-443C-ABDE-2D43724CE6BF-600x450.jpeg 600w, https:\/\/www.osjenka.si\/ps-trstenik\/wp-content\/uploads\/sites\/3\/2025\/05\/Messenger_creation_D895B20A-0CDE-443C-ABDE-2D43724CE6BF-768x576.jpeg 768w, https:\/\/www.osjenka.si\/ps-trstenik\/wp-content\/uploads\/sites\/3\/2025\/05\/Messenger_creation_D895B20A-0CDE-443C-ABDE-2D43724CE6BF-800x600.jpeg 800w, https:\/\/www.osjenka.si\/ps-trstenik\/wp-content\/uploads\/sites\/3\/2025\/05\/Messenger_creation_D895B20A-0CDE-443C-ABDE-2D43724CE6BF-1024x768.jpeg 1024w, https:\/\/www.osjenka.si\/ps-trstenik\/wp-content\/uploads\/sites\/3\/2025\/05\/Messenger_creation_D895B20A-0CDE-443C-ABDE-2D43724CE6BF-1200x900.jpeg 1200w, https:\/\/www.osjenka.si\/ps-trstenik\/wp-content\/uploads\/sites\/3\/2025\/05\/Messenger_creation_D895B20A-0CDE-443C-ABDE-2D43724CE6BF-1536x1152.jpeg 1536w\" data-sizes=\"auto\" data-orig-sizes=\"(max-width: 800px) 100vw, 800px\" \/><\/p>\n<p><img decoding=\"async\" class=\"lazyload aligncenter wp-image-4584 size-fusion-600\" src=\"https:\/\/www.osjenka.si\/ps-trstenik\/wp-content\/uploads\/sites\/3\/2025\/05\/Messenger_creation_3DF30013-3CD7-434D-8FC4-A593B27C6A8F-600x800.jpeg\" data-orig-src=\"https:\/\/www.osjenka.si\/ps-trstenik\/wp-content\/uploads\/sites\/3\/2025\/05\/Messenger_creation_3DF30013-3CD7-434D-8FC4-A593B27C6A8F-600x800.jpeg\" alt=\"\" width=\"600\" height=\"800\" srcset=\"data:image\/svg+xml,%3Csvg%20xmlns%3D%27http%3A%2F%2Fwww.w3.org%2F2000%2Fsvg%27%20width%3D%27600%27%20height%3D%27800%27%20viewBox%3D%270%200%20600%20800%27%3E%3Crect%20width%3D%27600%27%20height%3D%27800%27%20fill-opacity%3D%220%22%2F%3E%3C%2Fsvg%3E\" data-srcset=\"https:\/\/www.osjenka.si\/ps-trstenik\/wp-content\/uploads\/sites\/3\/2025\/05\/Messenger_creation_3DF30013-3CD7-434D-8FC4-A593B27C6A8F-200x267.jpeg 200w, https:\/\/www.osjenka.si\/ps-trstenik\/wp-content\/uploads\/sites\/3\/2025\/05\/Messenger_creation_3DF30013-3CD7-434D-8FC4-A593B27C6A8F-225x300.jpeg 225w, https:\/\/www.osjenka.si\/ps-trstenik\/wp-content\/uploads\/sites\/3\/2025\/05\/Messenger_creation_3DF30013-3CD7-434D-8FC4-A593B27C6A8F-300x400.jpeg 300w, https:\/\/www.osjenka.si\/ps-trstenik\/wp-content\/uploads\/sites\/3\/2025\/05\/Messenger_creation_3DF30013-3CD7-434D-8FC4-A593B27C6A8F-400x533.jpeg 400w, https:\/\/www.osjenka.si\/ps-trstenik\/wp-content\/uploads\/sites\/3\/2025\/05\/Messenger_creation_3DF30013-3CD7-434D-8FC4-A593B27C6A8F-600x800.jpeg 600w, https:\/\/www.osjenka.si\/ps-trstenik\/wp-content\/uploads\/sites\/3\/2025\/05\/Messenger_creation_3DF30013-3CD7-434D-8FC4-A593B27C6A8F-768x1024.jpeg 768w, https:\/\/www.osjenka.si\/ps-trstenik\/wp-content\/uploads\/sites\/3\/2025\/05\/Messenger_creation_3DF30013-3CD7-434D-8FC4-A593B27C6A8F-800x1067.jpeg 800w, https:\/\/www.osjenka.si\/ps-trstenik\/wp-content\/uploads\/sites\/3\/2025\/05\/Messenger_creation_3DF30013-3CD7-434D-8FC4-A593B27C6A8F-1152x1536.jpeg 1152w, https:\/\/www.osjenka.si\/ps-trstenik\/wp-content\/uploads\/sites\/3\/2025\/05\/Messenger_creation_3DF30013-3CD7-434D-8FC4-A593B27C6A8F-1200x1600.jpeg 1200w, https:\/\/www.osjenka.si\/ps-trstenik\/wp-content\/uploads\/sites\/3\/2025\/05\/Messenger_creation_3DF30013-3CD7-434D-8FC4-A593B27C6A8F.jpeg 1536w\" data-sizes=\"auto\" data-orig-sizes=\"(max-width: 600px) 100vw, 600px\" \/><\/p>\n","protected":false},"excerpt":{"rendered":"<p>Danes, 20. 5. 2025, smo se u\u010denci 3. t razreda z avtobusom odpeljali v Ljubljano. Tam nas je v Narodni galeriji nestrpno \u010dakal Gal. To je namre\u010d \u0161krat, ki prebiva v Narodni galeriji. Tja se je, potem ko so poru\u0161ili njegov grajski dom, naselil in se kaj kmalu spoprijateljil s tamkaj\u0161njimi prebivalci, upodobljenimi na slikah in kipih. Prijazna kustosinja nam je najprej predstavila njegovo pre\u017eivljanje \u010dasa v galeriji preko knjige Gal v galeriji (avtorica Svetlana Makarovi\u010d, ilustriral Kostja Gatnik). Nato pa smo se z njegovo skrinjo zakladov odpravili na lov za slikami. V skrinji zakladov so se namre\u010d skrivali namigi, katero [&hellip;]<\/p>\n","protected":false},"author":6,"featured_media":4587,"comment_status":"open","ping_status":"open","sticky":false,"template":"","format":"standard","meta":{"footnotes":""},"categories":[28],"tags":[],"class_list":["post-4581","post","type-post","status-publish","format-standard","has-post-thumbnail","hentry","category-novice"],"yoast_head":"<!-- This site is optimized with the Yoast SEO plugin v19.11 - https:\/\/yoast.com\/wordpress\/plugins\/seo\/ -->\n<title>KD Obisk Narodne galerije (3. razred) - P\u0160 Trstenik<\/title>\n<meta name=\"robots\" content=\"index, follow, max-snippet:-1, max-image-preview:large, max-video-preview:-1\" \/>\n<link rel=\"canonical\" href=\"https:\/\/www.osjenka.si\/ps-trstenik\/2025\/05\/21\/kd-obisk-narodne-galerije-3-razred\/\" \/>\n<meta property=\"og:locale\" content=\"sl_SI\" \/>\n<meta property=\"og:type\" content=\"article\" \/>\n<meta property=\"og:title\" content=\"KD Obisk Narodne galerije (3. razred) - P\u0160 Trstenik\" \/>\n<meta property=\"og:description\" content=\"Danes, 20. 5. 2025, smo se u\u010denci 3. t razreda z avtobusom odpeljali v Ljubljano. Tam nas je v Narodni galeriji nestrpno \u010dakal Gal. To je namre\u010d \u0161krat, ki prebiva v Narodni galeriji. Tja se je, potem ko so poru\u0161ili njegov grajski dom, naselil in se kaj kmalu spoprijateljil s tamkaj\u0161njimi prebivalci, upodobljenimi na slikah in kipih. Prijazna kustosinja nam je najprej predstavila njegovo pre\u017eivljanje \u010dasa v galeriji preko knjige Gal v galeriji (avtorica Svetlana Makarovi\u010d, ilustriral Kostja Gatnik). Nato pa smo se z njegovo skrinjo zakladov odpravili na lov za slikami. V skrinji zakladov so se namre\u010d skrivali namigi, katero [&hellip;]\" \/>\n<meta property=\"og:url\" content=\"https:\/\/www.osjenka.si\/ps-trstenik\/2025\/05\/21\/kd-obisk-narodne-galerije-3-razred\/\" \/>\n<meta property=\"og:site_name\" content=\"P\u0160 Trstenik\" \/>\n<meta property=\"article:published_time\" content=\"2025-05-21T08:11:57+00:00\" \/>\n<meta property=\"og:image\" content=\"https:\/\/www.osjenka.si\/ps-trstenik\/wp-content\/uploads\/sites\/3\/2025\/05\/grad.jpg\" \/>\n\t<meta property=\"og:image:width\" content=\"1281\" \/>\n\t<meta property=\"og:image:height\" content=\"961\" \/>\n\t<meta property=\"og:image:type\" content=\"image\/jpeg\" \/>\n<meta name=\"author\" content=\"marijanca\" \/>\n<meta name=\"twitter:card\" content=\"summary_large_image\" \/>\n<meta name=\"twitter:label1\" content=\"Written by\" \/>\n\t<meta name=\"twitter:data1\" content=\"marijanca\" \/>\n\t<meta name=\"twitter:label2\" content=\"Est. reading time\" \/>\n\t<meta name=\"twitter:data2\" content=\"3 minute\" \/>\n<script type=\"application\/ld+json\" class=\"yoast-schema-graph\">{\"@context\":\"https:\/\/schema.org\",\"@graph\":[{\"@type\":\"WebPage\",\"@id\":\"https:\/\/www.osjenka.si\/ps-trstenik\/2025\/05\/21\/kd-obisk-narodne-galerije-3-razred\/\",\"url\":\"https:\/\/www.osjenka.si\/ps-trstenik\/2025\/05\/21\/kd-obisk-narodne-galerije-3-razred\/\",\"name\":\"KD Obisk Narodne galerije (3. razred) - P\u0160 Trstenik\",\"isPartOf\":{\"@id\":\"https:\/\/www.osjenka.si\/ps-trstenik\/#website\"},\"datePublished\":\"2025-05-21T08:11:57+00:00\",\"dateModified\":\"2025-05-21T08:11:57+00:00\",\"author\":{\"@id\":\"https:\/\/www.osjenka.si\/ps-trstenik\/#\/schema\/person\/e994953e80ee06b3734632ceb1a36cbc\"},\"breadcrumb\":{\"@id\":\"https:\/\/www.osjenka.si\/ps-trstenik\/2025\/05\/21\/kd-obisk-narodne-galerije-3-razred\/#breadcrumb\"},\"inLanguage\":\"sl-SI\",\"potentialAction\":[{\"@type\":\"ReadAction\",\"target\":[\"https:\/\/www.osjenka.si\/ps-trstenik\/2025\/05\/21\/kd-obisk-narodne-galerije-3-razred\/\"]}]},{\"@type\":\"BreadcrumbList\",\"@id\":\"https:\/\/www.osjenka.si\/ps-trstenik\/2025\/05\/21\/kd-obisk-narodne-galerije-3-razred\/#breadcrumb\",\"itemListElement\":[{\"@type\":\"ListItem\",\"position\":1,\"name\":\"Home\",\"item\":\"https:\/\/www.osjenka.si\/ps-trstenik\/\"},{\"@type\":\"ListItem\",\"position\":2,\"name\":\"KD Obisk Narodne galerije (3. razred)\"}]},{\"@type\":\"WebSite\",\"@id\":\"https:\/\/www.osjenka.si\/ps-trstenik\/#website\",\"url\":\"https:\/\/www.osjenka.si\/ps-trstenik\/\",\"name\":\"P\u0160 Trstenik\",\"description\":\"\",\"potentialAction\":[{\"@type\":\"SearchAction\",\"target\":{\"@type\":\"EntryPoint\",\"urlTemplate\":\"https:\/\/www.osjenka.si\/ps-trstenik\/?s={search_term_string}\"},\"query-input\":\"required name=search_term_string\"}],\"inLanguage\":\"sl-SI\"},{\"@type\":\"Person\",\"@id\":\"https:\/\/www.osjenka.si\/ps-trstenik\/#\/schema\/person\/e994953e80ee06b3734632ceb1a36cbc\",\"name\":\"marijanca\",\"image\":{\"@type\":\"ImageObject\",\"inLanguage\":\"sl-SI\",\"@id\":\"https:\/\/www.osjenka.si\/ps-trstenik\/#\/schema\/person\/image\/\",\"url\":\"https:\/\/secure.gravatar.com\/avatar\/dbce7ac167ee71177f370bf0bb0bba3702fec9264452e7366493259d6187ae79?s=96&d=mm&r=g\",\"contentUrl\":\"https:\/\/secure.gravatar.com\/avatar\/dbce7ac167ee71177f370bf0bb0bba3702fec9264452e7366493259d6187ae79?s=96&d=mm&r=g\",\"caption\":\"marijanca\"},\"url\":\"https:\/\/www.osjenka.si\/ps-trstenik\/author\/marijanca\/\"}]}<\/script>\n<!-- \/ Yoast SEO plugin. -->","yoast_head_json":{"title":"KD Obisk Narodne galerije (3. razred) - P\u0160 Trstenik","robots":{"index":"index","follow":"follow","max-snippet":"max-snippet:-1","max-image-preview":"max-image-preview:large","max-video-preview":"max-video-preview:-1"},"canonical":"https:\/\/www.osjenka.si\/ps-trstenik\/2025\/05\/21\/kd-obisk-narodne-galerije-3-razred\/","og_locale":"sl_SI","og_type":"article","og_title":"KD Obisk Narodne galerije (3. razred) - P\u0160 Trstenik","og_description":"Danes, 20. 5. 2025, smo se u\u010denci 3. t razreda z avtobusom odpeljali v Ljubljano. Tam nas je v Narodni galeriji nestrpno \u010dakal Gal. To je namre\u010d \u0161krat, ki prebiva v Narodni galeriji. Tja se je, potem ko so poru\u0161ili njegov grajski dom, naselil in se kaj kmalu spoprijateljil s tamkaj\u0161njimi prebivalci, upodobljenimi na slikah in kipih. Prijazna kustosinja nam je najprej predstavila njegovo pre\u017eivljanje \u010dasa v galeriji preko knjige Gal v galeriji (avtorica Svetlana Makarovi\u010d, ilustriral Kostja Gatnik). Nato pa smo se z njegovo skrinjo zakladov odpravili na lov za slikami. V skrinji zakladov so se namre\u010d skrivali namigi, katero [&hellip;]","og_url":"https:\/\/www.osjenka.si\/ps-trstenik\/2025\/05\/21\/kd-obisk-narodne-galerije-3-razred\/","og_site_name":"P\u0160 Trstenik","article_published_time":"2025-05-21T08:11:57+00:00","og_image":[{"width":1281,"height":961,"url":"https:\/\/www.osjenka.si\/ps-trstenik\/wp-content\/uploads\/sites\/3\/2025\/05\/grad.jpg","type":"image\/jpeg"}],"author":"marijanca","twitter_card":"summary_large_image","twitter_misc":{"Written by":"marijanca","Est. reading time":"3 minute"},"schema":{"@context":"https:\/\/schema.org","@graph":[{"@type":"WebPage","@id":"https:\/\/www.osjenka.si\/ps-trstenik\/2025\/05\/21\/kd-obisk-narodne-galerije-3-razred\/","url":"https:\/\/www.osjenka.si\/ps-trstenik\/2025\/05\/21\/kd-obisk-narodne-galerije-3-razred\/","name":"KD Obisk Narodne galerije (3. razred) - P\u0160 Trstenik","isPartOf":{"@id":"https:\/\/www.osjenka.si\/ps-trstenik\/#website"},"datePublished":"2025-05-21T08:11:57+00:00","dateModified":"2025-05-21T08:11:57+00:00","author":{"@id":"https:\/\/www.osjenka.si\/ps-trstenik\/#\/schema\/person\/e994953e80ee06b3734632ceb1a36cbc"},"breadcrumb":{"@id":"https:\/\/www.osjenka.si\/ps-trstenik\/2025\/05\/21\/kd-obisk-narodne-galerije-3-razred\/#breadcrumb"},"inLanguage":"sl-SI","potentialAction":[{"@type":"ReadAction","target":["https:\/\/www.osjenka.si\/ps-trstenik\/2025\/05\/21\/kd-obisk-narodne-galerije-3-razred\/"]}]},{"@type":"BreadcrumbList","@id":"https:\/\/www.osjenka.si\/ps-trstenik\/2025\/05\/21\/kd-obisk-narodne-galerije-3-razred\/#breadcrumb","itemListElement":[{"@type":"ListItem","position":1,"name":"Home","item":"https:\/\/www.osjenka.si\/ps-trstenik\/"},{"@type":"ListItem","position":2,"name":"KD Obisk Narodne galerije (3. razred)"}]},{"@type":"WebSite","@id":"https:\/\/www.osjenka.si\/ps-trstenik\/#website","url":"https:\/\/www.osjenka.si\/ps-trstenik\/","name":"P\u0160 Trstenik","description":"","potentialAction":[{"@type":"SearchAction","target":{"@type":"EntryPoint","urlTemplate":"https:\/\/www.osjenka.si\/ps-trstenik\/?s={search_term_string}"},"query-input":"required name=search_term_string"}],"inLanguage":"sl-SI"},{"@type":"Person","@id":"https:\/\/www.osjenka.si\/ps-trstenik\/#\/schema\/person\/e994953e80ee06b3734632ceb1a36cbc","name":"marijanca","image":{"@type":"ImageObject","inLanguage":"sl-SI","@id":"https:\/\/www.osjenka.si\/ps-trstenik\/#\/schema\/person\/image\/","url":"https:\/\/secure.gravatar.com\/avatar\/dbce7ac167ee71177f370bf0bb0bba3702fec9264452e7366493259d6187ae79?s=96&d=mm&r=g","contentUrl":"https:\/\/secure.gravatar.com\/avatar\/dbce7ac167ee71177f370bf0bb0bba3702fec9264452e7366493259d6187ae79?s=96&d=mm&r=g","caption":"marijanca"},"url":"https:\/\/www.osjenka.si\/ps-trstenik\/author\/marijanca\/"}]}},"_links":{"self":[{"href":"https:\/\/www.osjenka.si\/ps-trstenik\/wp-json\/wp\/v2\/posts\/4581","targetHints":{"allow":["GET"]}}],"collection":[{"href":"https:\/\/www.osjenka.si\/ps-trstenik\/wp-json\/wp\/v2\/posts"}],"about":[{"href":"https:\/\/www.osjenka.si\/ps-trstenik\/wp-json\/wp\/v2\/types\/post"}],"author":[{"embeddable":true,"href":"https:\/\/www.osjenka.si\/ps-trstenik\/wp-json\/wp\/v2\/users\/6"}],"replies":[{"embeddable":true,"href":"https:\/\/www.osjenka.si\/ps-trstenik\/wp-json\/wp\/v2\/comments?post=4581"}],"version-history":[{"count":1,"href":"https:\/\/www.osjenka.si\/ps-trstenik\/wp-json\/wp\/v2\/posts\/4581\/revisions"}],"predecessor-version":[{"id":4588,"href":"https:\/\/www.osjenka.si\/ps-trstenik\/wp-json\/wp\/v2\/posts\/4581\/revisions\/4588"}],"wp:featuredmedia":[{"embeddable":true,"href":"https:\/\/www.osjenka.si\/ps-trstenik\/wp-json\/wp\/v2\/media\/4587"}],"wp:attachment":[{"href":"https:\/\/www.osjenka.si\/ps-trstenik\/wp-json\/wp\/v2\/media?parent=4581"}],"wp:term":[{"taxonomy":"category","embeddable":true,"href":"https:\/\/www.osjenka.si\/ps-trstenik\/wp-json\/wp\/v2\/categories?post=4581"},{"taxonomy":"post_tag","embeddable":true,"href":"https:\/\/www.osjenka.si\/ps-trstenik\/wp-json\/wp\/v2\/tags?post=4581"}],"curies":[{"name":"wp","href":"https:\/\/api.w.org\/{rel}","templated":true}]}}