{"id":4600,"date":"2025-05-22T14:02:46","date_gmt":"2025-05-22T12:02:46","guid":{"rendered":"https:\/\/www.osjenka.si\/ps-trstenik\/?p=4600"},"modified":"2025-05-22T14:02:46","modified_gmt":"2025-05-22T12:02:46","slug":"sd-pohod-na-mengesko-koco-1-razred","status":"publish","type":"post","link":"https:\/\/www.osjenka.si\/ps-trstenik\/2025\/05\/22\/sd-pohod-na-mengesko-koco-1-razred\/","title":{"rendered":"\u0160D Pohod na Menge\u0161ko ko\u010do (1. razred)"},"content":{"rendered":"<p>V torek, 13. 5., smo imeli prvo\u0161olci \u0161portni dan. Iz Meng\u0161a smo se odpravili proti gri\u010du Gobavica, na katerem stoji Menge\u0161ka ko\u010da. Ko smo usvojili\u00a0vseh 433 m nadmorske vi\u0161ine, smo se najprej dobro okrep\u010dali ter nadaljevali pot proti \u0160inkovemu turnu. Spoznavali smo okolico ter si dobro ogledali travnike s travni\u0161kimi rastlinami in drevesa v gozdu. Po dobri hoji smo se vrnili nazaj k Menge\u0161ki ko\u010di, se malo poigrali s kozico, si privo\u0161\u010dili sladoled ter se po\u010dasi odpravili nazaj proti Meng\u0161u, kjer nas je \u010dakal avtobus.<\/p>\n<p>Besedilo in fotografiji: Suzana Ke\u0161ina<\/p>\n<p><img decoding=\"async\" class=\"lazyload aligncenter wp-image-4601 size-fusion-600\" src=\"https:\/\/www.osjenka.si\/ps-trstenik\/wp-content\/uploads\/sites\/3\/2025\/05\/p1-600x910.jpg\" data-orig-src=\"https:\/\/www.osjenka.si\/ps-trstenik\/wp-content\/uploads\/sites\/3\/2025\/05\/p1-600x910.jpg\" alt=\"\" width=\"600\" height=\"910\" srcset=\"data:image\/svg+xml,%3Csvg%20xmlns%3D%27http%3A%2F%2Fwww.w3.org%2F2000%2Fsvg%27%20width%3D%27600%27%20height%3D%27910%27%20viewBox%3D%270%200%20600%20910%27%3E%3Crect%20width%3D%27600%27%20height%3D%27910%27%20fill-opacity%3D%220%22%2F%3E%3C%2Fsvg%3E\" data-srcset=\"https:\/\/www.osjenka.si\/ps-trstenik\/wp-content\/uploads\/sites\/3\/2025\/05\/p1-198x300.jpg 198w, https:\/\/www.osjenka.si\/ps-trstenik\/wp-content\/uploads\/sites\/3\/2025\/05\/p1-200x303.jpg 200w, https:\/\/www.osjenka.si\/ps-trstenik\/wp-content\/uploads\/sites\/3\/2025\/05\/p1-400x607.jpg 400w, https:\/\/www.osjenka.si\/ps-trstenik\/wp-content\/uploads\/sites\/3\/2025\/05\/p1-600x910.jpg 600w, https:\/\/www.osjenka.si\/ps-trstenik\/wp-content\/uploads\/sites\/3\/2025\/05\/p1-675x1024.jpg 675w, https:\/\/www.osjenka.si\/ps-trstenik\/wp-content\/uploads\/sites\/3\/2025\/05\/p1-768x1165.jpg 768w, https:\/\/www.osjenka.si\/ps-trstenik\/wp-content\/uploads\/sites\/3\/2025\/05\/p1-800x1213.jpg 800w, https:\/\/www.osjenka.si\/ps-trstenik\/wp-content\/uploads\/sites\/3\/2025\/05\/p1-1013x1536.jpg 1013w, https:\/\/www.osjenka.si\/ps-trstenik\/wp-content\/uploads\/sites\/3\/2025\/05\/p1-1200x1820.jpg 1200w, https:\/\/www.osjenka.si\/ps-trstenik\/wp-content\/uploads\/sites\/3\/2025\/05\/p1.jpg 1266w\" data-sizes=\"auto\" data-orig-sizes=\"(max-width: 600px) 100vw, 600px\" \/><\/p>\n<p><img decoding=\"async\" class=\"lazyload aligncenter wp-image-4602 size-fusion-600\" src=\"https:\/\/www.osjenka.si\/ps-trstenik\/wp-content\/uploads\/sites\/3\/2025\/05\/p2-600x888.jpg\" data-orig-src=\"https:\/\/www.osjenka.si\/ps-trstenik\/wp-content\/uploads\/sites\/3\/2025\/05\/p2-600x888.jpg\" alt=\"\" width=\"600\" height=\"888\" srcset=\"data:image\/svg+xml,%3Csvg%20xmlns%3D%27http%3A%2F%2Fwww.w3.org%2F2000%2Fsvg%27%20width%3D%27600%27%20height%3D%27888%27%20viewBox%3D%270%200%20600%20888%27%3E%3Crect%20width%3D%27600%27%20height%3D%27888%27%20fill-opacity%3D%220%22%2F%3E%3C%2Fsvg%3E\" data-srcset=\"https:\/\/www.osjenka.si\/ps-trstenik\/wp-content\/uploads\/sites\/3\/2025\/05\/p2-200x296.jpg 200w, https:\/\/www.osjenka.si\/ps-trstenik\/wp-content\/uploads\/sites\/3\/2025\/05\/p2-203x300.jpg 203w, https:\/\/www.osjenka.si\/ps-trstenik\/wp-content\/uploads\/sites\/3\/2025\/05\/p2-400x592.jpg 400w, https:\/\/www.osjenka.si\/ps-trstenik\/wp-content\/uploads\/sites\/3\/2025\/05\/p2-600x888.jpg 600w, https:\/\/www.osjenka.si\/ps-trstenik\/wp-content\/uploads\/sites\/3\/2025\/05\/p2-692x1024.jpg 692w, https:\/\/www.osjenka.si\/ps-trstenik\/wp-content\/uploads\/sites\/3\/2025\/05\/p2-768x1137.jpg 768w, https:\/\/www.osjenka.si\/ps-trstenik\/wp-content\/uploads\/sites\/3\/2025\/05\/p2-800x1184.jpg 800w, https:\/\/www.osjenka.si\/ps-trstenik\/wp-content\/uploads\/sites\/3\/2025\/05\/p2-1038x1536.jpg 1038w, https:\/\/www.osjenka.si\/ps-trstenik\/wp-content\/uploads\/sites\/3\/2025\/05\/p2-1200x1776.jpg 1200w, https:\/\/www.osjenka.si\/ps-trstenik\/wp-content\/uploads\/sites\/3\/2025\/05\/p2.jpg 1297w\" data-sizes=\"auto\" data-orig-sizes=\"(max-width: 600px) 100vw, 600px\" \/><\/p>\n","protected":false},"excerpt":{"rendered":"<p>V torek, 13. 5., smo imeli prvo\u0161olci \u0161portni dan. Iz Meng\u0161a smo se odpravili proti gri\u010du Gobavica, na katerem stoji Menge\u0161ka ko\u010da. Ko smo usvojili\u00a0vseh 433 m nadmorske vi\u0161ine, smo se najprej dobro okrep\u010dali ter nadaljevali pot proti \u0160inkovemu turnu. Spoznavali smo okolico ter si dobro ogledali travnike s travni\u0161kimi rastlinami in drevesa v gozdu. Po dobri hoji smo se vrnili nazaj k Menge\u0161ki ko\u010di, se malo poigrali s kozico, si privo\u0161\u010dili sladoled ter se po\u010dasi odpravili nazaj proti Meng\u0161u, kjer nas je \u010dakal avtobus. Besedilo in fotografiji: Suzana Ke\u0161ina<\/p>\n","protected":false},"author":6,"featured_media":4601,"comment_status":"open","ping_status":"open","sticky":false,"template":"","format":"standard","meta":{"footnotes":""},"categories":[28],"tags":[],"class_list":["post-4600","post","type-post","status-publish","format-standard","has-post-thumbnail","hentry","category-novice"],"yoast_head":"<!-- This site is optimized with the Yoast SEO plugin v19.11 - https:\/\/yoast.com\/wordpress\/plugins\/seo\/ -->\n<title>\u0160D Pohod na Menge\u0161ko ko\u010do (1. razred) - P\u0160 Trstenik<\/title>\n<meta name=\"robots\" content=\"index, follow, max-snippet:-1, max-image-preview:large, max-video-preview:-1\" \/>\n<link rel=\"canonical\" href=\"https:\/\/www.osjenka.si\/ps-trstenik\/2025\/05\/22\/sd-pohod-na-mengesko-koco-1-razred\/\" \/>\n<meta property=\"og:locale\" content=\"sl_SI\" \/>\n<meta property=\"og:type\" content=\"article\" \/>\n<meta property=\"og:title\" content=\"\u0160D Pohod na Menge\u0161ko ko\u010do (1. razred) - P\u0160 Trstenik\" \/>\n<meta property=\"og:description\" content=\"V torek, 13. 5., smo imeli prvo\u0161olci \u0161portni dan. Iz Meng\u0161a smo se odpravili proti gri\u010du Gobavica, na katerem stoji Menge\u0161ka ko\u010da. Ko smo usvojili\u00a0vseh 433 m nadmorske vi\u0161ine, smo se najprej dobro okrep\u010dali ter nadaljevali pot proti \u0160inkovemu turnu. Spoznavali smo okolico ter si dobro ogledali travnike s travni\u0161kimi rastlinami in drevesa v gozdu. Po dobri hoji smo se vrnili nazaj k Menge\u0161ki ko\u010di, se malo poigrali s kozico, si privo\u0161\u010dili sladoled ter se po\u010dasi odpravili nazaj proti Meng\u0161u, kjer nas je \u010dakal avtobus. Besedilo in fotografiji: Suzana Ke\u0161ina\" \/>\n<meta property=\"og:url\" content=\"https:\/\/www.osjenka.si\/ps-trstenik\/2025\/05\/22\/sd-pohod-na-mengesko-koco-1-razred\/\" \/>\n<meta property=\"og:site_name\" content=\"P\u0160 Trstenik\" \/>\n<meta property=\"article:published_time\" content=\"2025-05-22T12:02:46+00:00\" \/>\n<meta property=\"og:image\" content=\"https:\/\/www.osjenka.si\/ps-trstenik\/wp-content\/uploads\/sites\/3\/2025\/05\/p1.jpg\" \/>\n\t<meta property=\"og:image:width\" content=\"1266\" \/>\n\t<meta property=\"og:image:height\" content=\"1920\" \/>\n\t<meta property=\"og:image:type\" content=\"image\/jpeg\" \/>\n<meta name=\"author\" content=\"marijanca\" \/>\n<meta name=\"twitter:card\" content=\"summary_large_image\" \/>\n<meta name=\"twitter:label1\" content=\"Written by\" \/>\n\t<meta name=\"twitter:data1\" content=\"marijanca\" \/>\n\t<meta name=\"twitter:label2\" content=\"Est. reading time\" \/>\n\t<meta name=\"twitter:data2\" content=\"1 minuta\" \/>\n<script type=\"application\/ld+json\" class=\"yoast-schema-graph\">{\"@context\":\"https:\/\/schema.org\",\"@graph\":[{\"@type\":\"WebPage\",\"@id\":\"https:\/\/www.osjenka.si\/ps-trstenik\/2025\/05\/22\/sd-pohod-na-mengesko-koco-1-razred\/\",\"url\":\"https:\/\/www.osjenka.si\/ps-trstenik\/2025\/05\/22\/sd-pohod-na-mengesko-koco-1-razred\/\",\"name\":\"\u0160D Pohod na Menge\u0161ko ko\u010do (1. razred) - P\u0160 Trstenik\",\"isPartOf\":{\"@id\":\"https:\/\/www.osjenka.si\/ps-trstenik\/#website\"},\"datePublished\":\"2025-05-22T12:02:46+00:00\",\"dateModified\":\"2025-05-22T12:02:46+00:00\",\"author\":{\"@id\":\"https:\/\/www.osjenka.si\/ps-trstenik\/#\/schema\/person\/e994953e80ee06b3734632ceb1a36cbc\"},\"breadcrumb\":{\"@id\":\"https:\/\/www.osjenka.si\/ps-trstenik\/2025\/05\/22\/sd-pohod-na-mengesko-koco-1-razred\/#breadcrumb\"},\"inLanguage\":\"sl-SI\",\"potentialAction\":[{\"@type\":\"ReadAction\",\"target\":[\"https:\/\/www.osjenka.si\/ps-trstenik\/2025\/05\/22\/sd-pohod-na-mengesko-koco-1-razred\/\"]}]},{\"@type\":\"BreadcrumbList\",\"@id\":\"https:\/\/www.osjenka.si\/ps-trstenik\/2025\/05\/22\/sd-pohod-na-mengesko-koco-1-razred\/#breadcrumb\",\"itemListElement\":[{\"@type\":\"ListItem\",\"position\":1,\"name\":\"Home\",\"item\":\"https:\/\/www.osjenka.si\/ps-trstenik\/\"},{\"@type\":\"ListItem\",\"position\":2,\"name\":\"\u0160D Pohod na Menge\u0161ko ko\u010do (1. razred)\"}]},{\"@type\":\"WebSite\",\"@id\":\"https:\/\/www.osjenka.si\/ps-trstenik\/#website\",\"url\":\"https:\/\/www.osjenka.si\/ps-trstenik\/\",\"name\":\"P\u0160 Trstenik\",\"description\":\"\",\"potentialAction\":[{\"@type\":\"SearchAction\",\"target\":{\"@type\":\"EntryPoint\",\"urlTemplate\":\"https:\/\/www.osjenka.si\/ps-trstenik\/?s={search_term_string}\"},\"query-input\":\"required name=search_term_string\"}],\"inLanguage\":\"sl-SI\"},{\"@type\":\"Person\",\"@id\":\"https:\/\/www.osjenka.si\/ps-trstenik\/#\/schema\/person\/e994953e80ee06b3734632ceb1a36cbc\",\"name\":\"marijanca\",\"image\":{\"@type\":\"ImageObject\",\"inLanguage\":\"sl-SI\",\"@id\":\"https:\/\/www.osjenka.si\/ps-trstenik\/#\/schema\/person\/image\/\",\"url\":\"https:\/\/secure.gravatar.com\/avatar\/dbce7ac167ee71177f370bf0bb0bba3702fec9264452e7366493259d6187ae79?s=96&d=mm&r=g\",\"contentUrl\":\"https:\/\/secure.gravatar.com\/avatar\/dbce7ac167ee71177f370bf0bb0bba3702fec9264452e7366493259d6187ae79?s=96&d=mm&r=g\",\"caption\":\"marijanca\"},\"url\":\"https:\/\/www.osjenka.si\/ps-trstenik\/author\/marijanca\/\"}]}<\/script>\n<!-- \/ Yoast SEO plugin. -->","yoast_head_json":{"title":"\u0160D Pohod na Menge\u0161ko ko\u010do (1. razred) - P\u0160 Trstenik","robots":{"index":"index","follow":"follow","max-snippet":"max-snippet:-1","max-image-preview":"max-image-preview:large","max-video-preview":"max-video-preview:-1"},"canonical":"https:\/\/www.osjenka.si\/ps-trstenik\/2025\/05\/22\/sd-pohod-na-mengesko-koco-1-razred\/","og_locale":"sl_SI","og_type":"article","og_title":"\u0160D Pohod na Menge\u0161ko ko\u010do (1. razred) - P\u0160 Trstenik","og_description":"V torek, 13. 5., smo imeli prvo\u0161olci \u0161portni dan. Iz Meng\u0161a smo se odpravili proti gri\u010du Gobavica, na katerem stoji Menge\u0161ka ko\u010da. Ko smo usvojili\u00a0vseh 433 m nadmorske vi\u0161ine, smo se najprej dobro okrep\u010dali ter nadaljevali pot proti \u0160inkovemu turnu. Spoznavali smo okolico ter si dobro ogledali travnike s travni\u0161kimi rastlinami in drevesa v gozdu. Po dobri hoji smo se vrnili nazaj k Menge\u0161ki ko\u010di, se malo poigrali s kozico, si privo\u0161\u010dili sladoled ter se po\u010dasi odpravili nazaj proti Meng\u0161u, kjer nas je \u010dakal avtobus. Besedilo in fotografiji: Suzana Ke\u0161ina","og_url":"https:\/\/www.osjenka.si\/ps-trstenik\/2025\/05\/22\/sd-pohod-na-mengesko-koco-1-razred\/","og_site_name":"P\u0160 Trstenik","article_published_time":"2025-05-22T12:02:46+00:00","og_image":[{"width":1266,"height":1920,"url":"https:\/\/www.osjenka.si\/ps-trstenik\/wp-content\/uploads\/sites\/3\/2025\/05\/p1.jpg","type":"image\/jpeg"}],"author":"marijanca","twitter_card":"summary_large_image","twitter_misc":{"Written by":"marijanca","Est. reading time":"1 minuta"},"schema":{"@context":"https:\/\/schema.org","@graph":[{"@type":"WebPage","@id":"https:\/\/www.osjenka.si\/ps-trstenik\/2025\/05\/22\/sd-pohod-na-mengesko-koco-1-razred\/","url":"https:\/\/www.osjenka.si\/ps-trstenik\/2025\/05\/22\/sd-pohod-na-mengesko-koco-1-razred\/","name":"\u0160D Pohod na Menge\u0161ko ko\u010do (1. razred) - P\u0160 Trstenik","isPartOf":{"@id":"https:\/\/www.osjenka.si\/ps-trstenik\/#website"},"datePublished":"2025-05-22T12:02:46+00:00","dateModified":"2025-05-22T12:02:46+00:00","author":{"@id":"https:\/\/www.osjenka.si\/ps-trstenik\/#\/schema\/person\/e994953e80ee06b3734632ceb1a36cbc"},"breadcrumb":{"@id":"https:\/\/www.osjenka.si\/ps-trstenik\/2025\/05\/22\/sd-pohod-na-mengesko-koco-1-razred\/#breadcrumb"},"inLanguage":"sl-SI","potentialAction":[{"@type":"ReadAction","target":["https:\/\/www.osjenka.si\/ps-trstenik\/2025\/05\/22\/sd-pohod-na-mengesko-koco-1-razred\/"]}]},{"@type":"BreadcrumbList","@id":"https:\/\/www.osjenka.si\/ps-trstenik\/2025\/05\/22\/sd-pohod-na-mengesko-koco-1-razred\/#breadcrumb","itemListElement":[{"@type":"ListItem","position":1,"name":"Home","item":"https:\/\/www.osjenka.si\/ps-trstenik\/"},{"@type":"ListItem","position":2,"name":"\u0160D Pohod na Menge\u0161ko ko\u010do (1. razred)"}]},{"@type":"WebSite","@id":"https:\/\/www.osjenka.si\/ps-trstenik\/#website","url":"https:\/\/www.osjenka.si\/ps-trstenik\/","name":"P\u0160 Trstenik","description":"","potentialAction":[{"@type":"SearchAction","target":{"@type":"EntryPoint","urlTemplate":"https:\/\/www.osjenka.si\/ps-trstenik\/?s={search_term_string}"},"query-input":"required name=search_term_string"}],"inLanguage":"sl-SI"},{"@type":"Person","@id":"https:\/\/www.osjenka.si\/ps-trstenik\/#\/schema\/person\/e994953e80ee06b3734632ceb1a36cbc","name":"marijanca","image":{"@type":"ImageObject","inLanguage":"sl-SI","@id":"https:\/\/www.osjenka.si\/ps-trstenik\/#\/schema\/person\/image\/","url":"https:\/\/secure.gravatar.com\/avatar\/dbce7ac167ee71177f370bf0bb0bba3702fec9264452e7366493259d6187ae79?s=96&d=mm&r=g","contentUrl":"https:\/\/secure.gravatar.com\/avatar\/dbce7ac167ee71177f370bf0bb0bba3702fec9264452e7366493259d6187ae79?s=96&d=mm&r=g","caption":"marijanca"},"url":"https:\/\/www.osjenka.si\/ps-trstenik\/author\/marijanca\/"}]}},"_links":{"self":[{"href":"https:\/\/www.osjenka.si\/ps-trstenik\/wp-json\/wp\/v2\/posts\/4600","targetHints":{"allow":["GET"]}}],"collection":[{"href":"https:\/\/www.osjenka.si\/ps-trstenik\/wp-json\/wp\/v2\/posts"}],"about":[{"href":"https:\/\/www.osjenka.si\/ps-trstenik\/wp-json\/wp\/v2\/types\/post"}],"author":[{"embeddable":true,"href":"https:\/\/www.osjenka.si\/ps-trstenik\/wp-json\/wp\/v2\/users\/6"}],"replies":[{"embeddable":true,"href":"https:\/\/www.osjenka.si\/ps-trstenik\/wp-json\/wp\/v2\/comments?post=4600"}],"version-history":[{"count":1,"href":"https:\/\/www.osjenka.si\/ps-trstenik\/wp-json\/wp\/v2\/posts\/4600\/revisions"}],"predecessor-version":[{"id":4603,"href":"https:\/\/www.osjenka.si\/ps-trstenik\/wp-json\/wp\/v2\/posts\/4600\/revisions\/4603"}],"wp:featuredmedia":[{"embeddable":true,"href":"https:\/\/www.osjenka.si\/ps-trstenik\/wp-json\/wp\/v2\/media\/4601"}],"wp:attachment":[{"href":"https:\/\/www.osjenka.si\/ps-trstenik\/wp-json\/wp\/v2\/media?parent=4600"}],"wp:term":[{"taxonomy":"category","embeddable":true,"href":"https:\/\/www.osjenka.si\/ps-trstenik\/wp-json\/wp\/v2\/categories?post=4600"},{"taxonomy":"post_tag","embeddable":true,"href":"https:\/\/www.osjenka.si\/ps-trstenik\/wp-json\/wp\/v2\/tags?post=4600"}],"curies":[{"name":"wp","href":"https:\/\/api.w.org\/{rel}","templated":true}]}}