{"id":4665,"date":"2025-06-05T17:36:43","date_gmt":"2025-06-05T15:36:43","guid":{"rendered":"https:\/\/www.osjenka.si\/ps-trstenik\/?p=4665"},"modified":"2025-06-05T17:37:36","modified_gmt":"2025-06-05T15:37:36","slug":"tekmovanje-logicna-posast-dobitniki-priznanj-2","status":"publish","type":"post","link":"https:\/\/www.osjenka.si\/ps-trstenik\/2025\/06\/05\/tekmovanje-logicna-posast-dobitniki-priznanj-2\/","title":{"rendered":"Tekmovanje Logi\u010dna po\u0161ast &#8211; dobitniki priznanj"},"content":{"rendered":"<p>V petek, 9. maja 2025, je potekalo \u0161olsko tekmovanje Logi\u010dna po\u0161ast, kjer so u\u010denci re\u0161evali razli\u010dne logi\u010dne naloge. Sodelovali so u\u010denci od 2. do 5. razreda. Kar nekaj jih je prejelo priznanje. \u0160tirje u\u010denci so se uvrstili tudi na dr\u017eavno tekmovanje, ki je potekalo 24. 5. 2025 na O\u0160 Jakoba Alja\u017ea v Kranju.<\/p>\n<p><strong>\u0160olsko tekmovanje<\/strong><\/p>\n<ol start=\"2\">\n<li><u> razred<\/u><\/li>\n<\/ol>\n<ul>\n<li>bronasto priznanje: Maks Bremec, Tine Gra\u0161i\u010d, Anjeza Krasniqi<\/li>\n<li>biserno priznanje: Zoja Be\u0161ter, Lukas Tomovski, Ana \u0160tular, Enej \u0160kerjanc, Jerneja \u0160kerjanc<\/li>\n<\/ul>\n<ol start=\"3\">\n<li><u> razred<\/u><\/li>\n<\/ol>\n<ul>\n<li>bronasto priznanje: Bor Vidi\u0107, Lovro Vrani\u010dar Kepic<\/li>\n<li>biserno priznanje: Tias A\u017ebe<\/li>\n<\/ul>\n<ol start=\"4\">\n<li><u> razred<\/u><\/li>\n<\/ol>\n<ul>\n<li>biserno priznanje: Alja\u017e Zupan<\/li>\n<\/ul>\n<ol start=\"5\">\n<li><u> razred<\/u><\/li>\n<\/ol>\n<ul>\n<li>bronasto priznanje: Kaja Hafner, An\u017ee Kokalj, Gaber Ti\u010dar<\/li>\n<li>biserno priznanje: Matija Jalen, Ela Kern<\/li>\n<\/ul>\n<p><strong>Dr\u017eavno tekmovanje<\/strong><\/p>\n<p>Na dr\u017eavno tekmovanje so se uvrstili Zoja Be\u0161ter, Tias A\u017ebe, Alja\u017e Zupan in Ela Kern.<\/p>\n<p>Tudi tu so se izkazali, dva u\u010denca pa sta prejela srebrno priznanje:<\/p>\n<p>Tias A\u017ebe \u2013 3. razred<\/p>\n<p>Ela Kern \u2013 5. razred<\/p>\n<p>Vsem tekmovalcem \u010destitamo za sodelovanje in njihove dose\u017eke!<\/p>\n","protected":false},"excerpt":{"rendered":"<p>V petek, 9. maja 2025, je potekalo \u0161olsko tekmovanje Logi\u010dna po\u0161ast, kjer so u\u010denci re\u0161evali razli\u010dne logi\u010dne naloge. Sodelovali so u\u010denci od 2. do 5. razreda. Kar nekaj jih je prejelo priznanje. \u0160tirje u\u010denci so se uvrstili tudi na dr\u017eavno tekmovanje, ki je potekalo 24. 5. 2025 na O\u0160 Jakoba Alja\u017ea v Kranju. \u0160olsko tekmovanje razred bronasto priznanje: Maks Bremec, Tine Gra\u0161i\u010d, Anjeza Krasniqi biserno priznanje: Zoja Be\u0161ter, Lukas Tomovski, Ana \u0160tular, Enej \u0160kerjanc, Jerneja \u0160kerjanc razred bronasto priznanje: Bor Vidi\u0107, Lovro Vrani\u010dar Kepic biserno priznanje: Tias A\u017ebe razred biserno priznanje: Alja\u017e Zupan razred bronasto priznanje: Kaja Hafner, An\u017ee Kokalj, Gaber [&hellip;]<\/p>\n","protected":false},"author":6,"featured_media":3879,"comment_status":"open","ping_status":"open","sticky":false,"template":"","format":"standard","meta":{"footnotes":""},"categories":[28],"tags":[],"class_list":["post-4665","post","type-post","status-publish","format-standard","has-post-thumbnail","hentry","category-novice"],"yoast_head":"<!-- This site is optimized with the Yoast SEO plugin v19.11 - https:\/\/yoast.com\/wordpress\/plugins\/seo\/ -->\n<title>Tekmovanje Logi\u010dna po\u0161ast - dobitniki priznanj - P\u0160 Trstenik<\/title>\n<meta name=\"robots\" content=\"index, follow, max-snippet:-1, max-image-preview:large, max-video-preview:-1\" \/>\n<link rel=\"canonical\" href=\"https:\/\/www.osjenka.si\/ps-trstenik\/2025\/06\/05\/tekmovanje-logicna-posast-dobitniki-priznanj-2\/\" \/>\n<meta property=\"og:locale\" content=\"sl_SI\" \/>\n<meta property=\"og:type\" content=\"article\" \/>\n<meta property=\"og:title\" content=\"Tekmovanje Logi\u010dna po\u0161ast - dobitniki priznanj - P\u0160 Trstenik\" \/>\n<meta property=\"og:description\" content=\"V petek, 9. maja 2025, je potekalo \u0161olsko tekmovanje Logi\u010dna po\u0161ast, kjer so u\u010denci re\u0161evali razli\u010dne logi\u010dne naloge. Sodelovali so u\u010denci od 2. do 5. razreda. Kar nekaj jih je prejelo priznanje. \u0160tirje u\u010denci so se uvrstili tudi na dr\u017eavno tekmovanje, ki je potekalo 24. 5. 2025 na O\u0160 Jakoba Alja\u017ea v Kranju. \u0160olsko tekmovanje razred bronasto priznanje: Maks Bremec, Tine Gra\u0161i\u010d, Anjeza Krasniqi biserno priznanje: Zoja Be\u0161ter, Lukas Tomovski, Ana \u0160tular, Enej \u0160kerjanc, Jerneja \u0160kerjanc razred bronasto priznanje: Bor Vidi\u0107, Lovro Vrani\u010dar Kepic biserno priznanje: Tias A\u017ebe razred biserno priznanje: Alja\u017e Zupan razred bronasto priznanje: Kaja Hafner, An\u017ee Kokalj, Gaber [&hellip;]\" \/>\n<meta property=\"og:url\" content=\"https:\/\/www.osjenka.si\/ps-trstenik\/2025\/06\/05\/tekmovanje-logicna-posast-dobitniki-priznanj-2\/\" \/>\n<meta property=\"og:site_name\" content=\"P\u0160 Trstenik\" \/>\n<meta property=\"article:published_time\" content=\"2025-06-05T15:36:43+00:00\" \/>\n<meta property=\"article:modified_time\" content=\"2025-06-05T15:37:36+00:00\" \/>\n<meta property=\"og:image\" content=\"https:\/\/www.osjenka.si\/ps-trstenik\/wp-content\/uploads\/sites\/3\/2024\/06\/logicna_posast-1080x675-1.jpg\" \/>\n\t<meta property=\"og:image:width\" content=\"1080\" \/>\n\t<meta property=\"og:image:height\" content=\"675\" \/>\n\t<meta property=\"og:image:type\" content=\"image\/jpeg\" \/>\n<meta name=\"author\" content=\"marijanca\" \/>\n<meta name=\"twitter:card\" content=\"summary_large_image\" \/>\n<meta name=\"twitter:label1\" content=\"Written by\" \/>\n\t<meta name=\"twitter:data1\" content=\"marijanca\" \/>\n\t<meta name=\"twitter:label2\" content=\"Est. reading time\" \/>\n\t<meta name=\"twitter:data2\" content=\"1 minuta\" \/>\n<script type=\"application\/ld+json\" class=\"yoast-schema-graph\">{\"@context\":\"https:\/\/schema.org\",\"@graph\":[{\"@type\":\"WebPage\",\"@id\":\"https:\/\/www.osjenka.si\/ps-trstenik\/2025\/06\/05\/tekmovanje-logicna-posast-dobitniki-priznanj-2\/\",\"url\":\"https:\/\/www.osjenka.si\/ps-trstenik\/2025\/06\/05\/tekmovanje-logicna-posast-dobitniki-priznanj-2\/\",\"name\":\"Tekmovanje Logi\u010dna po\u0161ast - dobitniki priznanj - P\u0160 Trstenik\",\"isPartOf\":{\"@id\":\"https:\/\/www.osjenka.si\/ps-trstenik\/#website\"},\"datePublished\":\"2025-06-05T15:36:43+00:00\",\"dateModified\":\"2025-06-05T15:37:36+00:00\",\"author\":{\"@id\":\"https:\/\/www.osjenka.si\/ps-trstenik\/#\/schema\/person\/e994953e80ee06b3734632ceb1a36cbc\"},\"breadcrumb\":{\"@id\":\"https:\/\/www.osjenka.si\/ps-trstenik\/2025\/06\/05\/tekmovanje-logicna-posast-dobitniki-priznanj-2\/#breadcrumb\"},\"inLanguage\":\"sl-SI\",\"potentialAction\":[{\"@type\":\"ReadAction\",\"target\":[\"https:\/\/www.osjenka.si\/ps-trstenik\/2025\/06\/05\/tekmovanje-logicna-posast-dobitniki-priznanj-2\/\"]}]},{\"@type\":\"BreadcrumbList\",\"@id\":\"https:\/\/www.osjenka.si\/ps-trstenik\/2025\/06\/05\/tekmovanje-logicna-posast-dobitniki-priznanj-2\/#breadcrumb\",\"itemListElement\":[{\"@type\":\"ListItem\",\"position\":1,\"name\":\"Home\",\"item\":\"https:\/\/www.osjenka.si\/ps-trstenik\/\"},{\"@type\":\"ListItem\",\"position\":2,\"name\":\"Tekmovanje Logi\u010dna po\u0161ast &#8211; dobitniki priznanj\"}]},{\"@type\":\"WebSite\",\"@id\":\"https:\/\/www.osjenka.si\/ps-trstenik\/#website\",\"url\":\"https:\/\/www.osjenka.si\/ps-trstenik\/\",\"name\":\"P\u0160 Trstenik\",\"description\":\"\",\"potentialAction\":[{\"@type\":\"SearchAction\",\"target\":{\"@type\":\"EntryPoint\",\"urlTemplate\":\"https:\/\/www.osjenka.si\/ps-trstenik\/?s={search_term_string}\"},\"query-input\":\"required name=search_term_string\"}],\"inLanguage\":\"sl-SI\"},{\"@type\":\"Person\",\"@id\":\"https:\/\/www.osjenka.si\/ps-trstenik\/#\/schema\/person\/e994953e80ee06b3734632ceb1a36cbc\",\"name\":\"marijanca\",\"image\":{\"@type\":\"ImageObject\",\"inLanguage\":\"sl-SI\",\"@id\":\"https:\/\/www.osjenka.si\/ps-trstenik\/#\/schema\/person\/image\/\",\"url\":\"https:\/\/secure.gravatar.com\/avatar\/dbce7ac167ee71177f370bf0bb0bba3702fec9264452e7366493259d6187ae79?s=96&d=mm&r=g\",\"contentUrl\":\"https:\/\/secure.gravatar.com\/avatar\/dbce7ac167ee71177f370bf0bb0bba3702fec9264452e7366493259d6187ae79?s=96&d=mm&r=g\",\"caption\":\"marijanca\"},\"url\":\"https:\/\/www.osjenka.si\/ps-trstenik\/author\/marijanca\/\"}]}<\/script>\n<!-- \/ Yoast SEO plugin. -->","yoast_head_json":{"title":"Tekmovanje Logi\u010dna po\u0161ast - dobitniki priznanj - P\u0160 Trstenik","robots":{"index":"index","follow":"follow","max-snippet":"max-snippet:-1","max-image-preview":"max-image-preview:large","max-video-preview":"max-video-preview:-1"},"canonical":"https:\/\/www.osjenka.si\/ps-trstenik\/2025\/06\/05\/tekmovanje-logicna-posast-dobitniki-priznanj-2\/","og_locale":"sl_SI","og_type":"article","og_title":"Tekmovanje Logi\u010dna po\u0161ast - dobitniki priznanj - P\u0160 Trstenik","og_description":"V petek, 9. maja 2025, je potekalo \u0161olsko tekmovanje Logi\u010dna po\u0161ast, kjer so u\u010denci re\u0161evali razli\u010dne logi\u010dne naloge. Sodelovali so u\u010denci od 2. do 5. razreda. Kar nekaj jih je prejelo priznanje. \u0160tirje u\u010denci so se uvrstili tudi na dr\u017eavno tekmovanje, ki je potekalo 24. 5. 2025 na O\u0160 Jakoba Alja\u017ea v Kranju. \u0160olsko tekmovanje razred bronasto priznanje: Maks Bremec, Tine Gra\u0161i\u010d, Anjeza Krasniqi biserno priznanje: Zoja Be\u0161ter, Lukas Tomovski, Ana \u0160tular, Enej \u0160kerjanc, Jerneja \u0160kerjanc razred bronasto priznanje: Bor Vidi\u0107, Lovro Vrani\u010dar Kepic biserno priznanje: Tias A\u017ebe razred biserno priznanje: Alja\u017e Zupan razred bronasto priznanje: Kaja Hafner, An\u017ee Kokalj, Gaber [&hellip;]","og_url":"https:\/\/www.osjenka.si\/ps-trstenik\/2025\/06\/05\/tekmovanje-logicna-posast-dobitniki-priznanj-2\/","og_site_name":"P\u0160 Trstenik","article_published_time":"2025-06-05T15:36:43+00:00","article_modified_time":"2025-06-05T15:37:36+00:00","og_image":[{"width":1080,"height":675,"url":"https:\/\/www.osjenka.si\/ps-trstenik\/wp-content\/uploads\/sites\/3\/2024\/06\/logicna_posast-1080x675-1.jpg","type":"image\/jpeg"}],"author":"marijanca","twitter_card":"summary_large_image","twitter_misc":{"Written by":"marijanca","Est. reading time":"1 minuta"},"schema":{"@context":"https:\/\/schema.org","@graph":[{"@type":"WebPage","@id":"https:\/\/www.osjenka.si\/ps-trstenik\/2025\/06\/05\/tekmovanje-logicna-posast-dobitniki-priznanj-2\/","url":"https:\/\/www.osjenka.si\/ps-trstenik\/2025\/06\/05\/tekmovanje-logicna-posast-dobitniki-priznanj-2\/","name":"Tekmovanje Logi\u010dna po\u0161ast - dobitniki priznanj - P\u0160 Trstenik","isPartOf":{"@id":"https:\/\/www.osjenka.si\/ps-trstenik\/#website"},"datePublished":"2025-06-05T15:36:43+00:00","dateModified":"2025-06-05T15:37:36+00:00","author":{"@id":"https:\/\/www.osjenka.si\/ps-trstenik\/#\/schema\/person\/e994953e80ee06b3734632ceb1a36cbc"},"breadcrumb":{"@id":"https:\/\/www.osjenka.si\/ps-trstenik\/2025\/06\/05\/tekmovanje-logicna-posast-dobitniki-priznanj-2\/#breadcrumb"},"inLanguage":"sl-SI","potentialAction":[{"@type":"ReadAction","target":["https:\/\/www.osjenka.si\/ps-trstenik\/2025\/06\/05\/tekmovanje-logicna-posast-dobitniki-priznanj-2\/"]}]},{"@type":"BreadcrumbList","@id":"https:\/\/www.osjenka.si\/ps-trstenik\/2025\/06\/05\/tekmovanje-logicna-posast-dobitniki-priznanj-2\/#breadcrumb","itemListElement":[{"@type":"ListItem","position":1,"name":"Home","item":"https:\/\/www.osjenka.si\/ps-trstenik\/"},{"@type":"ListItem","position":2,"name":"Tekmovanje Logi\u010dna po\u0161ast &#8211; dobitniki priznanj"}]},{"@type":"WebSite","@id":"https:\/\/www.osjenka.si\/ps-trstenik\/#website","url":"https:\/\/www.osjenka.si\/ps-trstenik\/","name":"P\u0160 Trstenik","description":"","potentialAction":[{"@type":"SearchAction","target":{"@type":"EntryPoint","urlTemplate":"https:\/\/www.osjenka.si\/ps-trstenik\/?s={search_term_string}"},"query-input":"required name=search_term_string"}],"inLanguage":"sl-SI"},{"@type":"Person","@id":"https:\/\/www.osjenka.si\/ps-trstenik\/#\/schema\/person\/e994953e80ee06b3734632ceb1a36cbc","name":"marijanca","image":{"@type":"ImageObject","inLanguage":"sl-SI","@id":"https:\/\/www.osjenka.si\/ps-trstenik\/#\/schema\/person\/image\/","url":"https:\/\/secure.gravatar.com\/avatar\/dbce7ac167ee71177f370bf0bb0bba3702fec9264452e7366493259d6187ae79?s=96&d=mm&r=g","contentUrl":"https:\/\/secure.gravatar.com\/avatar\/dbce7ac167ee71177f370bf0bb0bba3702fec9264452e7366493259d6187ae79?s=96&d=mm&r=g","caption":"marijanca"},"url":"https:\/\/www.osjenka.si\/ps-trstenik\/author\/marijanca\/"}]}},"_links":{"self":[{"href":"https:\/\/www.osjenka.si\/ps-trstenik\/wp-json\/wp\/v2\/posts\/4665","targetHints":{"allow":["GET"]}}],"collection":[{"href":"https:\/\/www.osjenka.si\/ps-trstenik\/wp-json\/wp\/v2\/posts"}],"about":[{"href":"https:\/\/www.osjenka.si\/ps-trstenik\/wp-json\/wp\/v2\/types\/post"}],"author":[{"embeddable":true,"href":"https:\/\/www.osjenka.si\/ps-trstenik\/wp-json\/wp\/v2\/users\/6"}],"replies":[{"embeddable":true,"href":"https:\/\/www.osjenka.si\/ps-trstenik\/wp-json\/wp\/v2\/comments?post=4665"}],"version-history":[{"count":2,"href":"https:\/\/www.osjenka.si\/ps-trstenik\/wp-json\/wp\/v2\/posts\/4665\/revisions"}],"predecessor-version":[{"id":4667,"href":"https:\/\/www.osjenka.si\/ps-trstenik\/wp-json\/wp\/v2\/posts\/4665\/revisions\/4667"}],"wp:featuredmedia":[{"embeddable":true,"href":"https:\/\/www.osjenka.si\/ps-trstenik\/wp-json\/wp\/v2\/media\/3879"}],"wp:attachment":[{"href":"https:\/\/www.osjenka.si\/ps-trstenik\/wp-json\/wp\/v2\/media?parent=4665"}],"wp:term":[{"taxonomy":"category","embeddable":true,"href":"https:\/\/www.osjenka.si\/ps-trstenik\/wp-json\/wp\/v2\/categories?post=4665"},{"taxonomy":"post_tag","embeddable":true,"href":"https:\/\/www.osjenka.si\/ps-trstenik\/wp-json\/wp\/v2\/tags?post=4665"}],"curies":[{"name":"wp","href":"https:\/\/api.w.org\/{rel}","templated":true}]}}