{"id":4707,"date":"2025-06-17T11:59:03","date_gmt":"2025-06-17T09:59:03","guid":{"rendered":"https:\/\/www.osjenka.si\/ps-trstenik\/?p=4707"},"modified":"2025-06-17T11:59:03","modified_gmt":"2025-06-17T09:59:03","slug":"kd-cebelarski-muzej-3-razred","status":"publish","type":"post","link":"https:\/\/www.osjenka.si\/ps-trstenik\/2025\/06\/17\/kd-cebelarski-muzej-3-razred\/","title":{"rendered":"KD \u010cebelarski muzej (3. razred)"},"content":{"rendered":"<p>V \u010detrtek, 5. 6. 2025, se je 3. razred odpravil v Radovljico. Tam je obiskal \u010cebelarski muzej. Ta se nahaja v starem mestnem jedru, v Radovlji\u0161ki gra\u0161\u010dini. Po svojih vsebinah in obsegu je edinstven v slovenskem in tudi v evropskem prostoru. O tem so se prepri\u010dali tudi u\u010denci sami in se niso mogli nagledati vseh razstavljenih predmetov in slik, u\u010dnih pripomo\u010dkov, u\u010dnih tablic, ogromne napihnjene in vrtljive kroglaste zemlje &#8230; Izvedeli smo veliko o \u010debeli kranjski sivki, njenem naseljevanju po vsem svetu in o zapu\u0161\u010dini svetovno znanih \u010debelarjev in o pomembnem pomenu ohranjanja \u010debel in zdravega okolja zanje.<\/p>\n<p>Poleg ogleda razstave so u\u010denci izdelali sve\u010de iz \u010debeljega voska. Ta obisk je bil res \u010dudovit in u\u010dencem se je zagotovo vtisnil v trajen spomin.<\/p>\n<p>Po koncu obiska v starem delu Radovljice smo imeli \u0161e dovolj \u010dasa, da smo se odpravili na razgledno to\u010dko. Tam se nam je pogled odpiral na Jelovico, Bled, Triglav &#8230;<\/p>\n<p>Od\u0161li pa smo tudi na mestno igri\u0161\u010de, kjer so se u\u010denci lahko \u0161e poigrali. Naredili smo si zares \u010dudovit dopoldan.<\/p>\n<p>Besedilo in fotografije: Barbara Marolt<\/p>\n<p><img decoding=\"async\" class=\"lazyload aligncenter wp-image-4708 size-fusion-600\" src=\"https:\/\/www.osjenka.si\/ps-trstenik\/wp-content\/uploads\/sites\/3\/2025\/06\/m0-600x800.jpg\" data-orig-src=\"https:\/\/www.osjenka.si\/ps-trstenik\/wp-content\/uploads\/sites\/3\/2025\/06\/m0-600x800.jpg\" alt=\"\" width=\"600\" height=\"800\" srcset=\"data:image\/svg+xml,%3Csvg%20xmlns%3D%27http%3A%2F%2Fwww.w3.org%2F2000%2Fsvg%27%20width%3D%27600%27%20height%3D%27800%27%20viewBox%3D%270%200%20600%20800%27%3E%3Crect%20width%3D%27600%27%20height%3D%27800%27%20fill-opacity%3D%220%22%2F%3E%3C%2Fsvg%3E\" data-srcset=\"https:\/\/www.osjenka.si\/ps-trstenik\/wp-content\/uploads\/sites\/3\/2025\/06\/m0-200x267.jpg 200w, https:\/\/www.osjenka.si\/ps-trstenik\/wp-content\/uploads\/sites\/3\/2025\/06\/m0-225x300.jpg 225w, https:\/\/www.osjenka.si\/ps-trstenik\/wp-content\/uploads\/sites\/3\/2025\/06\/m0-300x400.jpg 300w, https:\/\/www.osjenka.si\/ps-trstenik\/wp-content\/uploads\/sites\/3\/2025\/06\/m0-400x533.jpg 400w, https:\/\/www.osjenka.si\/ps-trstenik\/wp-content\/uploads\/sites\/3\/2025\/06\/m0-600x800.jpg 600w, https:\/\/www.osjenka.si\/ps-trstenik\/wp-content\/uploads\/sites\/3\/2025\/06\/m0-768x1024.jpg 768w, https:\/\/www.osjenka.si\/ps-trstenik\/wp-content\/uploads\/sites\/3\/2025\/06\/m0-800x1067.jpg 800w, https:\/\/www.osjenka.si\/ps-trstenik\/wp-content\/uploads\/sites\/3\/2025\/06\/m0-1152x1536.jpg 1152w, https:\/\/www.osjenka.si\/ps-trstenik\/wp-content\/uploads\/sites\/3\/2025\/06\/m0-1200x1600.jpg 1200w, https:\/\/www.osjenka.si\/ps-trstenik\/wp-content\/uploads\/sites\/3\/2025\/06\/m0.jpg 1440w\" data-sizes=\"auto\" data-orig-sizes=\"(max-width: 600px) 100vw, 600px\" \/><\/p>\n<p><img decoding=\"async\" class=\"lazyload aligncenter wp-image-4709 size-fusion-600\" src=\"https:\/\/www.osjenka.si\/ps-trstenik\/wp-content\/uploads\/sites\/3\/2025\/06\/m1-600x800.jpg\" data-orig-src=\"https:\/\/www.osjenka.si\/ps-trstenik\/wp-content\/uploads\/sites\/3\/2025\/06\/m1-600x800.jpg\" alt=\"\" width=\"600\" height=\"800\" srcset=\"data:image\/svg+xml,%3Csvg%20xmlns%3D%27http%3A%2F%2Fwww.w3.org%2F2000%2Fsvg%27%20width%3D%27600%27%20height%3D%27800%27%20viewBox%3D%270%200%20600%20800%27%3E%3Crect%20width%3D%27600%27%20height%3D%27800%27%20fill-opacity%3D%220%22%2F%3E%3C%2Fsvg%3E\" data-srcset=\"https:\/\/www.osjenka.si\/ps-trstenik\/wp-content\/uploads\/sites\/3\/2025\/06\/m1-200x267.jpg 200w, https:\/\/www.osjenka.si\/ps-trstenik\/wp-content\/uploads\/sites\/3\/2025\/06\/m1-225x300.jpg 225w, https:\/\/www.osjenka.si\/ps-trstenik\/wp-content\/uploads\/sites\/3\/2025\/06\/m1-300x400.jpg 300w, https:\/\/www.osjenka.si\/ps-trstenik\/wp-content\/uploads\/sites\/3\/2025\/06\/m1-400x533.jpg 400w, https:\/\/www.osjenka.si\/ps-trstenik\/wp-content\/uploads\/sites\/3\/2025\/06\/m1-600x800.jpg 600w, https:\/\/www.osjenka.si\/ps-trstenik\/wp-content\/uploads\/sites\/3\/2025\/06\/m1-768x1024.jpg 768w, https:\/\/www.osjenka.si\/ps-trstenik\/wp-content\/uploads\/sites\/3\/2025\/06\/m1-800x1067.jpg 800w, https:\/\/www.osjenka.si\/ps-trstenik\/wp-content\/uploads\/sites\/3\/2025\/06\/m1-1152x1536.jpg 1152w, https:\/\/www.osjenka.si\/ps-trstenik\/wp-content\/uploads\/sites\/3\/2025\/06\/m1-1200x1600.jpg 1200w, https:\/\/www.osjenka.si\/ps-trstenik\/wp-content\/uploads\/sites\/3\/2025\/06\/m1.jpg 1440w\" data-sizes=\"auto\" data-orig-sizes=\"(max-width: 600px) 100vw, 600px\" \/><\/p>\n<p><img decoding=\"async\" class=\"lazyload aligncenter wp-image-4710 size-fusion-600\" src=\"https:\/\/www.osjenka.si\/ps-trstenik\/wp-content\/uploads\/sites\/3\/2025\/06\/m2-600x800.jpg\" data-orig-src=\"https:\/\/www.osjenka.si\/ps-trstenik\/wp-content\/uploads\/sites\/3\/2025\/06\/m2-600x800.jpg\" alt=\"\" width=\"600\" height=\"800\" srcset=\"data:image\/svg+xml,%3Csvg%20xmlns%3D%27http%3A%2F%2Fwww.w3.org%2F2000%2Fsvg%27%20width%3D%27600%27%20height%3D%27800%27%20viewBox%3D%270%200%20600%20800%27%3E%3Crect%20width%3D%27600%27%20height%3D%27800%27%20fill-opacity%3D%220%22%2F%3E%3C%2Fsvg%3E\" data-srcset=\"https:\/\/www.osjenka.si\/ps-trstenik\/wp-content\/uploads\/sites\/3\/2025\/06\/m2-200x267.jpg 200w, https:\/\/www.osjenka.si\/ps-trstenik\/wp-content\/uploads\/sites\/3\/2025\/06\/m2-225x300.jpg 225w, https:\/\/www.osjenka.si\/ps-trstenik\/wp-content\/uploads\/sites\/3\/2025\/06\/m2-300x400.jpg 300w, https:\/\/www.osjenka.si\/ps-trstenik\/wp-content\/uploads\/sites\/3\/2025\/06\/m2-400x533.jpg 400w, https:\/\/www.osjenka.si\/ps-trstenik\/wp-content\/uploads\/sites\/3\/2025\/06\/m2-600x800.jpg 600w, https:\/\/www.osjenka.si\/ps-trstenik\/wp-content\/uploads\/sites\/3\/2025\/06\/m2-768x1024.jpg 768w, https:\/\/www.osjenka.si\/ps-trstenik\/wp-content\/uploads\/sites\/3\/2025\/06\/m2-800x1067.jpg 800w, https:\/\/www.osjenka.si\/ps-trstenik\/wp-content\/uploads\/sites\/3\/2025\/06\/m2-1152x1536.jpg 1152w, https:\/\/www.osjenka.si\/ps-trstenik\/wp-content\/uploads\/sites\/3\/2025\/06\/m2-1200x1600.jpg 1200w, https:\/\/www.osjenka.si\/ps-trstenik\/wp-content\/uploads\/sites\/3\/2025\/06\/m2.jpg 1440w\" data-sizes=\"auto\" data-orig-sizes=\"(max-width: 600px) 100vw, 600px\" \/><\/p>\n<p><img decoding=\"async\" class=\"lazyload aligncenter wp-image-4711 size-fusion-800\" src=\"https:\/\/www.osjenka.si\/ps-trstenik\/wp-content\/uploads\/sites\/3\/2025\/06\/m3-800x600.jpg\" data-orig-src=\"https:\/\/www.osjenka.si\/ps-trstenik\/wp-content\/uploads\/sites\/3\/2025\/06\/m3-800x600.jpg\" alt=\"\" width=\"800\" height=\"600\" srcset=\"data:image\/svg+xml,%3Csvg%20xmlns%3D%27http%3A%2F%2Fwww.w3.org%2F2000%2Fsvg%27%20width%3D%27800%27%20height%3D%27600%27%20viewBox%3D%270%200%20800%20600%27%3E%3Crect%20width%3D%27800%27%20height%3D%27600%27%20fill-opacity%3D%220%22%2F%3E%3C%2Fsvg%3E\" data-srcset=\"https:\/\/www.osjenka.si\/ps-trstenik\/wp-content\/uploads\/sites\/3\/2025\/06\/m3-200x150.jpg 200w, https:\/\/www.osjenka.si\/ps-trstenik\/wp-content\/uploads\/sites\/3\/2025\/06\/m3-300x225.jpg 300w, https:\/\/www.osjenka.si\/ps-trstenik\/wp-content\/uploads\/sites\/3\/2025\/06\/m3-400x300.jpg 400w, https:\/\/www.osjenka.si\/ps-trstenik\/wp-content\/uploads\/sites\/3\/2025\/06\/m3-600x450.jpg 600w, https:\/\/www.osjenka.si\/ps-trstenik\/wp-content\/uploads\/sites\/3\/2025\/06\/m3-768x576.jpg 768w, https:\/\/www.osjenka.si\/ps-trstenik\/wp-content\/uploads\/sites\/3\/2025\/06\/m3-800x600.jpg 800w, https:\/\/www.osjenka.si\/ps-trstenik\/wp-content\/uploads\/sites\/3\/2025\/06\/m3-1024x768.jpg 1024w, https:\/\/www.osjenka.si\/ps-trstenik\/wp-content\/uploads\/sites\/3\/2025\/06\/m3-1200x900.jpg 1200w, https:\/\/www.osjenka.si\/ps-trstenik\/wp-content\/uploads\/sites\/3\/2025\/06\/m3-1536x1152.jpg 1536w, https:\/\/www.osjenka.si\/ps-trstenik\/wp-content\/uploads\/sites\/3\/2025\/06\/m3.jpg 1920w\" data-sizes=\"auto\" data-orig-sizes=\"(max-width: 800px) 100vw, 800px\" \/><\/p>\n<p><img decoding=\"async\" class=\"lazyload aligncenter wp-image-4712 size-fusion-800\" src=\"https:\/\/www.osjenka.si\/ps-trstenik\/wp-content\/uploads\/sites\/3\/2025\/06\/m4-800x600.jpg\" data-orig-src=\"https:\/\/www.osjenka.si\/ps-trstenik\/wp-content\/uploads\/sites\/3\/2025\/06\/m4-800x600.jpg\" alt=\"\" width=\"800\" height=\"600\" srcset=\"data:image\/svg+xml,%3Csvg%20xmlns%3D%27http%3A%2F%2Fwww.w3.org%2F2000%2Fsvg%27%20width%3D%27800%27%20height%3D%27600%27%20viewBox%3D%270%200%20800%20600%27%3E%3Crect%20width%3D%27800%27%20height%3D%27600%27%20fill-opacity%3D%220%22%2F%3E%3C%2Fsvg%3E\" data-srcset=\"https:\/\/www.osjenka.si\/ps-trstenik\/wp-content\/uploads\/sites\/3\/2025\/06\/m4-200x150.jpg 200w, https:\/\/www.osjenka.si\/ps-trstenik\/wp-content\/uploads\/sites\/3\/2025\/06\/m4-300x225.jpg 300w, https:\/\/www.osjenka.si\/ps-trstenik\/wp-content\/uploads\/sites\/3\/2025\/06\/m4-400x300.jpg 400w, https:\/\/www.osjenka.si\/ps-trstenik\/wp-content\/uploads\/sites\/3\/2025\/06\/m4-600x450.jpg 600w, https:\/\/www.osjenka.si\/ps-trstenik\/wp-content\/uploads\/sites\/3\/2025\/06\/m4-768x576.jpg 768w, https:\/\/www.osjenka.si\/ps-trstenik\/wp-content\/uploads\/sites\/3\/2025\/06\/m4-800x600.jpg 800w, https:\/\/www.osjenka.si\/ps-trstenik\/wp-content\/uploads\/sites\/3\/2025\/06\/m4-1024x768.jpg 1024w, https:\/\/www.osjenka.si\/ps-trstenik\/wp-content\/uploads\/sites\/3\/2025\/06\/m4-1200x900.jpg 1200w, https:\/\/www.osjenka.si\/ps-trstenik\/wp-content\/uploads\/sites\/3\/2025\/06\/m4-1536x1152.jpg 1536w, https:\/\/www.osjenka.si\/ps-trstenik\/wp-content\/uploads\/sites\/3\/2025\/06\/m4.jpg 1920w\" data-sizes=\"auto\" data-orig-sizes=\"(max-width: 800px) 100vw, 800px\" \/><\/p>\n<p><img decoding=\"async\" class=\"lazyload aligncenter wp-image-4713 size-fusion-800\" src=\"https:\/\/www.osjenka.si\/ps-trstenik\/wp-content\/uploads\/sites\/3\/2025\/06\/m5-800x600.jpg\" data-orig-src=\"https:\/\/www.osjenka.si\/ps-trstenik\/wp-content\/uploads\/sites\/3\/2025\/06\/m5-800x600.jpg\" alt=\"\" width=\"800\" height=\"600\" srcset=\"data:image\/svg+xml,%3Csvg%20xmlns%3D%27http%3A%2F%2Fwww.w3.org%2F2000%2Fsvg%27%20width%3D%27800%27%20height%3D%27600%27%20viewBox%3D%270%200%20800%20600%27%3E%3Crect%20width%3D%27800%27%20height%3D%27600%27%20fill-opacity%3D%220%22%2F%3E%3C%2Fsvg%3E\" data-srcset=\"https:\/\/www.osjenka.si\/ps-trstenik\/wp-content\/uploads\/sites\/3\/2025\/06\/m5-200x150.jpg 200w, https:\/\/www.osjenka.si\/ps-trstenik\/wp-content\/uploads\/sites\/3\/2025\/06\/m5-300x225.jpg 300w, https:\/\/www.osjenka.si\/ps-trstenik\/wp-content\/uploads\/sites\/3\/2025\/06\/m5-400x300.jpg 400w, https:\/\/www.osjenka.si\/ps-trstenik\/wp-content\/uploads\/sites\/3\/2025\/06\/m5-600x450.jpg 600w, https:\/\/www.osjenka.si\/ps-trstenik\/wp-content\/uploads\/sites\/3\/2025\/06\/m5-768x576.jpg 768w, https:\/\/www.osjenka.si\/ps-trstenik\/wp-content\/uploads\/sites\/3\/2025\/06\/m5-800x600.jpg 800w, https:\/\/www.osjenka.si\/ps-trstenik\/wp-content\/uploads\/sites\/3\/2025\/06\/m5-1024x768.jpg 1024w, https:\/\/www.osjenka.si\/ps-trstenik\/wp-content\/uploads\/sites\/3\/2025\/06\/m5-1200x900.jpg 1200w, https:\/\/www.osjenka.si\/ps-trstenik\/wp-content\/uploads\/sites\/3\/2025\/06\/m5-1536x1152.jpg 1536w, https:\/\/www.osjenka.si\/ps-trstenik\/wp-content\/uploads\/sites\/3\/2025\/06\/m5.jpg 1920w\" data-sizes=\"auto\" data-orig-sizes=\"(max-width: 800px) 100vw, 800px\" \/><\/p>\n","protected":false},"excerpt":{"rendered":"<p>V \u010detrtek, 5. 6. 2025, se je 3. razred odpravil v Radovljico. Tam je obiskal \u010cebelarski muzej. Ta se nahaja v starem mestnem jedru, v Radovlji\u0161ki gra\u0161\u010dini. Po svojih vsebinah in obsegu je edinstven v slovenskem in tudi v evropskem prostoru. O tem so se prepri\u010dali tudi u\u010denci sami in se niso mogli nagledati vseh razstavljenih predmetov in slik, u\u010dnih pripomo\u010dkov, u\u010dnih tablic, ogromne napihnjene in vrtljive kroglaste zemlje &#8230; Izvedeli smo veliko o \u010debeli kranjski sivki, njenem naseljevanju po vsem svetu in o zapu\u0161\u010dini svetovno znanih \u010debelarjev in o pomembnem pomenu ohranjanja \u010debel in zdravega okolja zanje. Poleg ogleda razstave [&hellip;]<\/p>\n","protected":false},"author":6,"featured_media":4711,"comment_status":"open","ping_status":"open","sticky":false,"template":"","format":"standard","meta":{"footnotes":""},"categories":[28],"tags":[],"class_list":["post-4707","post","type-post","status-publish","format-standard","has-post-thumbnail","hentry","category-novice"],"yoast_head":"<!-- This site is optimized with the Yoast SEO plugin v19.11 - https:\/\/yoast.com\/wordpress\/plugins\/seo\/ -->\n<title>KD \u010cebelarski muzej (3. razred) - P\u0160 Trstenik<\/title>\n<meta name=\"robots\" content=\"index, follow, max-snippet:-1, max-image-preview:large, max-video-preview:-1\" \/>\n<link rel=\"canonical\" href=\"https:\/\/www.osjenka.si\/ps-trstenik\/2025\/06\/17\/kd-cebelarski-muzej-3-razred\/\" \/>\n<meta property=\"og:locale\" content=\"sl_SI\" \/>\n<meta property=\"og:type\" content=\"article\" \/>\n<meta property=\"og:title\" content=\"KD \u010cebelarski muzej (3. razred) - P\u0160 Trstenik\" \/>\n<meta property=\"og:description\" content=\"V \u010detrtek, 5. 6. 2025, se je 3. razred odpravil v Radovljico. Tam je obiskal \u010cebelarski muzej. Ta se nahaja v starem mestnem jedru, v Radovlji\u0161ki gra\u0161\u010dini. Po svojih vsebinah in obsegu je edinstven v slovenskem in tudi v evropskem prostoru. O tem so se prepri\u010dali tudi u\u010denci sami in se niso mogli nagledati vseh razstavljenih predmetov in slik, u\u010dnih pripomo\u010dkov, u\u010dnih tablic, ogromne napihnjene in vrtljive kroglaste zemlje &#8230; Izvedeli smo veliko o \u010debeli kranjski sivki, njenem naseljevanju po vsem svetu in o zapu\u0161\u010dini svetovno znanih \u010debelarjev in o pomembnem pomenu ohranjanja \u010debel in zdravega okolja zanje. Poleg ogleda razstave [&hellip;]\" \/>\n<meta property=\"og:url\" content=\"https:\/\/www.osjenka.si\/ps-trstenik\/2025\/06\/17\/kd-cebelarski-muzej-3-razred\/\" \/>\n<meta property=\"og:site_name\" content=\"P\u0160 Trstenik\" \/>\n<meta property=\"article:published_time\" content=\"2025-06-17T09:59:03+00:00\" \/>\n<meta property=\"og:image\" content=\"https:\/\/www.osjenka.si\/ps-trstenik\/wp-content\/uploads\/sites\/3\/2025\/06\/m3.jpg\" \/>\n\t<meta property=\"og:image:width\" content=\"1920\" \/>\n\t<meta property=\"og:image:height\" content=\"1440\" \/>\n\t<meta property=\"og:image:type\" content=\"image\/jpeg\" \/>\n<meta name=\"author\" content=\"marijanca\" \/>\n<meta name=\"twitter:card\" content=\"summary_large_image\" \/>\n<meta name=\"twitter:label1\" content=\"Written by\" \/>\n\t<meta name=\"twitter:data1\" content=\"marijanca\" \/>\n\t<meta name=\"twitter:label2\" content=\"Est. reading time\" \/>\n\t<meta name=\"twitter:data2\" content=\"3 minute\" \/>\n<script type=\"application\/ld+json\" class=\"yoast-schema-graph\">{\"@context\":\"https:\/\/schema.org\",\"@graph\":[{\"@type\":\"WebPage\",\"@id\":\"https:\/\/www.osjenka.si\/ps-trstenik\/2025\/06\/17\/kd-cebelarski-muzej-3-razred\/\",\"url\":\"https:\/\/www.osjenka.si\/ps-trstenik\/2025\/06\/17\/kd-cebelarski-muzej-3-razred\/\",\"name\":\"KD \u010cebelarski muzej (3. razred) - P\u0160 Trstenik\",\"isPartOf\":{\"@id\":\"https:\/\/www.osjenka.si\/ps-trstenik\/#website\"},\"datePublished\":\"2025-06-17T09:59:03+00:00\",\"dateModified\":\"2025-06-17T09:59:03+00:00\",\"author\":{\"@id\":\"https:\/\/www.osjenka.si\/ps-trstenik\/#\/schema\/person\/e994953e80ee06b3734632ceb1a36cbc\"},\"breadcrumb\":{\"@id\":\"https:\/\/www.osjenka.si\/ps-trstenik\/2025\/06\/17\/kd-cebelarski-muzej-3-razred\/#breadcrumb\"},\"inLanguage\":\"sl-SI\",\"potentialAction\":[{\"@type\":\"ReadAction\",\"target\":[\"https:\/\/www.osjenka.si\/ps-trstenik\/2025\/06\/17\/kd-cebelarski-muzej-3-razred\/\"]}]},{\"@type\":\"BreadcrumbList\",\"@id\":\"https:\/\/www.osjenka.si\/ps-trstenik\/2025\/06\/17\/kd-cebelarski-muzej-3-razred\/#breadcrumb\",\"itemListElement\":[{\"@type\":\"ListItem\",\"position\":1,\"name\":\"Home\",\"item\":\"https:\/\/www.osjenka.si\/ps-trstenik\/\"},{\"@type\":\"ListItem\",\"position\":2,\"name\":\"KD \u010cebelarski muzej (3. razred)\"}]},{\"@type\":\"WebSite\",\"@id\":\"https:\/\/www.osjenka.si\/ps-trstenik\/#website\",\"url\":\"https:\/\/www.osjenka.si\/ps-trstenik\/\",\"name\":\"P\u0160 Trstenik\",\"description\":\"\",\"potentialAction\":[{\"@type\":\"SearchAction\",\"target\":{\"@type\":\"EntryPoint\",\"urlTemplate\":\"https:\/\/www.osjenka.si\/ps-trstenik\/?s={search_term_string}\"},\"query-input\":\"required name=search_term_string\"}],\"inLanguage\":\"sl-SI\"},{\"@type\":\"Person\",\"@id\":\"https:\/\/www.osjenka.si\/ps-trstenik\/#\/schema\/person\/e994953e80ee06b3734632ceb1a36cbc\",\"name\":\"marijanca\",\"image\":{\"@type\":\"ImageObject\",\"inLanguage\":\"sl-SI\",\"@id\":\"https:\/\/www.osjenka.si\/ps-trstenik\/#\/schema\/person\/image\/\",\"url\":\"https:\/\/secure.gravatar.com\/avatar\/dbce7ac167ee71177f370bf0bb0bba3702fec9264452e7366493259d6187ae79?s=96&d=mm&r=g\",\"contentUrl\":\"https:\/\/secure.gravatar.com\/avatar\/dbce7ac167ee71177f370bf0bb0bba3702fec9264452e7366493259d6187ae79?s=96&d=mm&r=g\",\"caption\":\"marijanca\"},\"url\":\"https:\/\/www.osjenka.si\/ps-trstenik\/author\/marijanca\/\"}]}<\/script>\n<!-- \/ Yoast SEO plugin. -->","yoast_head_json":{"title":"KD \u010cebelarski muzej (3. razred) - P\u0160 Trstenik","robots":{"index":"index","follow":"follow","max-snippet":"max-snippet:-1","max-image-preview":"max-image-preview:large","max-video-preview":"max-video-preview:-1"},"canonical":"https:\/\/www.osjenka.si\/ps-trstenik\/2025\/06\/17\/kd-cebelarski-muzej-3-razred\/","og_locale":"sl_SI","og_type":"article","og_title":"KD \u010cebelarski muzej (3. razred) - P\u0160 Trstenik","og_description":"V \u010detrtek, 5. 6. 2025, se je 3. razred odpravil v Radovljico. Tam je obiskal \u010cebelarski muzej. Ta se nahaja v starem mestnem jedru, v Radovlji\u0161ki gra\u0161\u010dini. Po svojih vsebinah in obsegu je edinstven v slovenskem in tudi v evropskem prostoru. O tem so se prepri\u010dali tudi u\u010denci sami in se niso mogli nagledati vseh razstavljenih predmetov in slik, u\u010dnih pripomo\u010dkov, u\u010dnih tablic, ogromne napihnjene in vrtljive kroglaste zemlje &#8230; Izvedeli smo veliko o \u010debeli kranjski sivki, njenem naseljevanju po vsem svetu in o zapu\u0161\u010dini svetovno znanih \u010debelarjev in o pomembnem pomenu ohranjanja \u010debel in zdravega okolja zanje. Poleg ogleda razstave [&hellip;]","og_url":"https:\/\/www.osjenka.si\/ps-trstenik\/2025\/06\/17\/kd-cebelarski-muzej-3-razred\/","og_site_name":"P\u0160 Trstenik","article_published_time":"2025-06-17T09:59:03+00:00","og_image":[{"width":1920,"height":1440,"url":"https:\/\/www.osjenka.si\/ps-trstenik\/wp-content\/uploads\/sites\/3\/2025\/06\/m3.jpg","type":"image\/jpeg"}],"author":"marijanca","twitter_card":"summary_large_image","twitter_misc":{"Written by":"marijanca","Est. reading time":"3 minute"},"schema":{"@context":"https:\/\/schema.org","@graph":[{"@type":"WebPage","@id":"https:\/\/www.osjenka.si\/ps-trstenik\/2025\/06\/17\/kd-cebelarski-muzej-3-razred\/","url":"https:\/\/www.osjenka.si\/ps-trstenik\/2025\/06\/17\/kd-cebelarski-muzej-3-razred\/","name":"KD \u010cebelarski muzej (3. razred) - P\u0160 Trstenik","isPartOf":{"@id":"https:\/\/www.osjenka.si\/ps-trstenik\/#website"},"datePublished":"2025-06-17T09:59:03+00:00","dateModified":"2025-06-17T09:59:03+00:00","author":{"@id":"https:\/\/www.osjenka.si\/ps-trstenik\/#\/schema\/person\/e994953e80ee06b3734632ceb1a36cbc"},"breadcrumb":{"@id":"https:\/\/www.osjenka.si\/ps-trstenik\/2025\/06\/17\/kd-cebelarski-muzej-3-razred\/#breadcrumb"},"inLanguage":"sl-SI","potentialAction":[{"@type":"ReadAction","target":["https:\/\/www.osjenka.si\/ps-trstenik\/2025\/06\/17\/kd-cebelarski-muzej-3-razred\/"]}]},{"@type":"BreadcrumbList","@id":"https:\/\/www.osjenka.si\/ps-trstenik\/2025\/06\/17\/kd-cebelarski-muzej-3-razred\/#breadcrumb","itemListElement":[{"@type":"ListItem","position":1,"name":"Home","item":"https:\/\/www.osjenka.si\/ps-trstenik\/"},{"@type":"ListItem","position":2,"name":"KD \u010cebelarski muzej (3. razred)"}]},{"@type":"WebSite","@id":"https:\/\/www.osjenka.si\/ps-trstenik\/#website","url":"https:\/\/www.osjenka.si\/ps-trstenik\/","name":"P\u0160 Trstenik","description":"","potentialAction":[{"@type":"SearchAction","target":{"@type":"EntryPoint","urlTemplate":"https:\/\/www.osjenka.si\/ps-trstenik\/?s={search_term_string}"},"query-input":"required name=search_term_string"}],"inLanguage":"sl-SI"},{"@type":"Person","@id":"https:\/\/www.osjenka.si\/ps-trstenik\/#\/schema\/person\/e994953e80ee06b3734632ceb1a36cbc","name":"marijanca","image":{"@type":"ImageObject","inLanguage":"sl-SI","@id":"https:\/\/www.osjenka.si\/ps-trstenik\/#\/schema\/person\/image\/","url":"https:\/\/secure.gravatar.com\/avatar\/dbce7ac167ee71177f370bf0bb0bba3702fec9264452e7366493259d6187ae79?s=96&d=mm&r=g","contentUrl":"https:\/\/secure.gravatar.com\/avatar\/dbce7ac167ee71177f370bf0bb0bba3702fec9264452e7366493259d6187ae79?s=96&d=mm&r=g","caption":"marijanca"},"url":"https:\/\/www.osjenka.si\/ps-trstenik\/author\/marijanca\/"}]}},"_links":{"self":[{"href":"https:\/\/www.osjenka.si\/ps-trstenik\/wp-json\/wp\/v2\/posts\/4707","targetHints":{"allow":["GET"]}}],"collection":[{"href":"https:\/\/www.osjenka.si\/ps-trstenik\/wp-json\/wp\/v2\/posts"}],"about":[{"href":"https:\/\/www.osjenka.si\/ps-trstenik\/wp-json\/wp\/v2\/types\/post"}],"author":[{"embeddable":true,"href":"https:\/\/www.osjenka.si\/ps-trstenik\/wp-json\/wp\/v2\/users\/6"}],"replies":[{"embeddable":true,"href":"https:\/\/www.osjenka.si\/ps-trstenik\/wp-json\/wp\/v2\/comments?post=4707"}],"version-history":[{"count":1,"href":"https:\/\/www.osjenka.si\/ps-trstenik\/wp-json\/wp\/v2\/posts\/4707\/revisions"}],"predecessor-version":[{"id":4714,"href":"https:\/\/www.osjenka.si\/ps-trstenik\/wp-json\/wp\/v2\/posts\/4707\/revisions\/4714"}],"wp:featuredmedia":[{"embeddable":true,"href":"https:\/\/www.osjenka.si\/ps-trstenik\/wp-json\/wp\/v2\/media\/4711"}],"wp:attachment":[{"href":"https:\/\/www.osjenka.si\/ps-trstenik\/wp-json\/wp\/v2\/media?parent=4707"}],"wp:term":[{"taxonomy":"category","embeddable":true,"href":"https:\/\/www.osjenka.si\/ps-trstenik\/wp-json\/wp\/v2\/categories?post=4707"},{"taxonomy":"post_tag","embeddable":true,"href":"https:\/\/www.osjenka.si\/ps-trstenik\/wp-json\/wp\/v2\/tags?post=4707"}],"curies":[{"name":"wp","href":"https:\/\/api.w.org\/{rel}","templated":true}]}}