{"id":4715,"date":"2025-06-19T12:13:38","date_gmt":"2025-06-19T10:13:38","guid":{"rendered":"https:\/\/www.osjenka.si\/ps-trstenik\/?p=4715"},"modified":"2025-06-19T12:13:38","modified_gmt":"2025-06-19T10:13:38","slug":"zakljucek-bralne-znacke","status":"publish","type":"post","link":"https:\/\/www.osjenka.si\/ps-trstenik\/2025\/06\/19\/zakljucek-bralne-znacke\/","title":{"rendered":"Zaklju\u010dek bralne zna\u010dke"},"content":{"rendered":"<p>v petek, 6. 6., smo se odpravili na podru\u017eni\u010dno \u0161olo Gori\u010de, kjer smo se udele\u017eili zaklju\u010dne prireditve. Prireditev je bila namenjena vsem u\u010dencem, ki so med \u0161olskim letom pridno brali knjige ter opravili bralno zna\u010dko. Obiskal nas je pisatelj \u017diga Gomba\u010d, ki je popestril prireditev s pripovedjo svojih zgodb. Namre\u010d, imel je kar precej te\u017eav, da je pri\u0161el do podru\u017eni\u010dne \u0161ole, saj so ga na poti vsaj trikrat ustavili neustra\u0161ni vitezi ter od njega zahtevali, da, \u010de \u017eeli nadaljevati pot naprej proti Gori\u010dam, jim mora povedati kak\u0161no zgodbo. Konec koncev, tudi neustra\u0161ni vitezi obo\u017eujejo knjige in zgodbe, njegove zgodbe pa so bile res zanimive. In kako vemo, da so res zanimive? Zato, ker smo jih poslu\u0161ali.<\/p>\n<p>Besedilo in fotografije: Suzana Ke\u0161ina<\/p>\n<p><img decoding=\"async\" class=\"lazyload aligncenter wp-image-4718 size-fusion-800\" src=\"https:\/\/www.osjenka.si\/ps-trstenik\/wp-content\/uploads\/sites\/3\/2025\/06\/1000000820-800x360.jpg\" data-orig-src=\"https:\/\/www.osjenka.si\/ps-trstenik\/wp-content\/uploads\/sites\/3\/2025\/06\/1000000820-800x360.jpg\" alt=\"\" width=\"800\" height=\"360\" srcset=\"data:image\/svg+xml,%3Csvg%20xmlns%3D%27http%3A%2F%2Fwww.w3.org%2F2000%2Fsvg%27%20width%3D%27800%27%20height%3D%27360%27%20viewBox%3D%270%200%20800%20360%27%3E%3Crect%20width%3D%27800%27%20height%3D%27360%27%20fill-opacity%3D%220%22%2F%3E%3C%2Fsvg%3E\" data-srcset=\"https:\/\/www.osjenka.si\/ps-trstenik\/wp-content\/uploads\/sites\/3\/2025\/06\/1000000820-200x90.jpg 200w, https:\/\/www.osjenka.si\/ps-trstenik\/wp-content\/uploads\/sites\/3\/2025\/06\/1000000820-300x135.jpg 300w, https:\/\/www.osjenka.si\/ps-trstenik\/wp-content\/uploads\/sites\/3\/2025\/06\/1000000820-400x180.jpg 400w, https:\/\/www.osjenka.si\/ps-trstenik\/wp-content\/uploads\/sites\/3\/2025\/06\/1000000820-600x270.jpg 600w, https:\/\/www.osjenka.si\/ps-trstenik\/wp-content\/uploads\/sites\/3\/2025\/06\/1000000820-768x346.jpg 768w, https:\/\/www.osjenka.si\/ps-trstenik\/wp-content\/uploads\/sites\/3\/2025\/06\/1000000820-800x360.jpg 800w, https:\/\/www.osjenka.si\/ps-trstenik\/wp-content\/uploads\/sites\/3\/2025\/06\/1000000820-1024x461.jpg 1024w, https:\/\/www.osjenka.si\/ps-trstenik\/wp-content\/uploads\/sites\/3\/2025\/06\/1000000820-1200x541.jpg 1200w, https:\/\/www.osjenka.si\/ps-trstenik\/wp-content\/uploads\/sites\/3\/2025\/06\/1000000820-1536x692.jpg 1536w, https:\/\/www.osjenka.si\/ps-trstenik\/wp-content\/uploads\/sites\/3\/2025\/06\/1000000820.jpg 1920w\" data-sizes=\"auto\" data-orig-sizes=\"(max-width: 800px) 100vw, 800px\" \/><\/p>\n<p><img decoding=\"async\" class=\"lazyload aligncenter wp-image-4717 size-fusion-800\" src=\"https:\/\/www.osjenka.si\/ps-trstenik\/wp-content\/uploads\/sites\/3\/2025\/06\/1000000807-800x360.jpg\" data-orig-src=\"https:\/\/www.osjenka.si\/ps-trstenik\/wp-content\/uploads\/sites\/3\/2025\/06\/1000000807-800x360.jpg\" alt=\"\" width=\"800\" height=\"360\" srcset=\"data:image\/svg+xml,%3Csvg%20xmlns%3D%27http%3A%2F%2Fwww.w3.org%2F2000%2Fsvg%27%20width%3D%27800%27%20height%3D%27360%27%20viewBox%3D%270%200%20800%20360%27%3E%3Crect%20width%3D%27800%27%20height%3D%27360%27%20fill-opacity%3D%220%22%2F%3E%3C%2Fsvg%3E\" data-srcset=\"https:\/\/www.osjenka.si\/ps-trstenik\/wp-content\/uploads\/sites\/3\/2025\/06\/1000000807-200x90.jpg 200w, https:\/\/www.osjenka.si\/ps-trstenik\/wp-content\/uploads\/sites\/3\/2025\/06\/1000000807-300x135.jpg 300w, https:\/\/www.osjenka.si\/ps-trstenik\/wp-content\/uploads\/sites\/3\/2025\/06\/1000000807-400x180.jpg 400w, https:\/\/www.osjenka.si\/ps-trstenik\/wp-content\/uploads\/sites\/3\/2025\/06\/1000000807-600x270.jpg 600w, https:\/\/www.osjenka.si\/ps-trstenik\/wp-content\/uploads\/sites\/3\/2025\/06\/1000000807-768x346.jpg 768w, https:\/\/www.osjenka.si\/ps-trstenik\/wp-content\/uploads\/sites\/3\/2025\/06\/1000000807-800x360.jpg 800w, https:\/\/www.osjenka.si\/ps-trstenik\/wp-content\/uploads\/sites\/3\/2025\/06\/1000000807-1024x461.jpg 1024w, https:\/\/www.osjenka.si\/ps-trstenik\/wp-content\/uploads\/sites\/3\/2025\/06\/1000000807-1200x541.jpg 1200w, https:\/\/www.osjenka.si\/ps-trstenik\/wp-content\/uploads\/sites\/3\/2025\/06\/1000000807-1536x692.jpg 1536w, https:\/\/www.osjenka.si\/ps-trstenik\/wp-content\/uploads\/sites\/3\/2025\/06\/1000000807.jpg 1920w\" data-sizes=\"auto\" data-orig-sizes=\"(max-width: 800px) 100vw, 800px\" \/><\/p>\n<p><img decoding=\"async\" class=\"lazyload aligncenter wp-image-4716 size-fusion-800\" src=\"https:\/\/www.osjenka.si\/ps-trstenik\/wp-content\/uploads\/sites\/3\/2025\/06\/1000000805-800x360.jpg\" data-orig-src=\"https:\/\/www.osjenka.si\/ps-trstenik\/wp-content\/uploads\/sites\/3\/2025\/06\/1000000805-800x360.jpg\" alt=\"\" width=\"800\" height=\"360\" srcset=\"data:image\/svg+xml,%3Csvg%20xmlns%3D%27http%3A%2F%2Fwww.w3.org%2F2000%2Fsvg%27%20width%3D%27800%27%20height%3D%27360%27%20viewBox%3D%270%200%20800%20360%27%3E%3Crect%20width%3D%27800%27%20height%3D%27360%27%20fill-opacity%3D%220%22%2F%3E%3C%2Fsvg%3E\" data-srcset=\"https:\/\/www.osjenka.si\/ps-trstenik\/wp-content\/uploads\/sites\/3\/2025\/06\/1000000805-200x90.jpg 200w, https:\/\/www.osjenka.si\/ps-trstenik\/wp-content\/uploads\/sites\/3\/2025\/06\/1000000805-300x135.jpg 300w, https:\/\/www.osjenka.si\/ps-trstenik\/wp-content\/uploads\/sites\/3\/2025\/06\/1000000805-400x180.jpg 400w, https:\/\/www.osjenka.si\/ps-trstenik\/wp-content\/uploads\/sites\/3\/2025\/06\/1000000805-600x270.jpg 600w, https:\/\/www.osjenka.si\/ps-trstenik\/wp-content\/uploads\/sites\/3\/2025\/06\/1000000805-768x346.jpg 768w, https:\/\/www.osjenka.si\/ps-trstenik\/wp-content\/uploads\/sites\/3\/2025\/06\/1000000805-800x360.jpg 800w, https:\/\/www.osjenka.si\/ps-trstenik\/wp-content\/uploads\/sites\/3\/2025\/06\/1000000805-1024x461.jpg 1024w, https:\/\/www.osjenka.si\/ps-trstenik\/wp-content\/uploads\/sites\/3\/2025\/06\/1000000805-1200x540.jpg 1200w, https:\/\/www.osjenka.si\/ps-trstenik\/wp-content\/uploads\/sites\/3\/2025\/06\/1000000805-1536x691.jpg 1536w, https:\/\/www.osjenka.si\/ps-trstenik\/wp-content\/uploads\/sites\/3\/2025\/06\/1000000805.jpg 1920w\" data-sizes=\"auto\" data-orig-sizes=\"(max-width: 800px) 100vw, 800px\" \/><\/p>\n","protected":false},"excerpt":{"rendered":"<p>v petek, 6. 6., smo se odpravili na podru\u017eni\u010dno \u0161olo Gori\u010de, kjer smo se udele\u017eili zaklju\u010dne prireditve. Prireditev je bila namenjena vsem u\u010dencem, ki so med \u0161olskim letom pridno brali knjige ter opravili bralno zna\u010dko. Obiskal nas je pisatelj \u017diga Gomba\u010d, ki je popestril prireditev s pripovedjo svojih zgodb. Namre\u010d, imel je kar precej te\u017eav, da je pri\u0161el do podru\u017eni\u010dne \u0161ole, saj so ga na poti vsaj trikrat ustavili neustra\u0161ni vitezi ter od njega zahtevali, da, \u010de \u017eeli nadaljevati pot naprej proti Gori\u010dam, jim mora povedati kak\u0161no zgodbo. Konec koncev, tudi neustra\u0161ni vitezi obo\u017eujejo knjige in zgodbe, njegove zgodbe pa so [&hellip;]<\/p>\n","protected":false},"author":6,"featured_media":4716,"comment_status":"open","ping_status":"open","sticky":false,"template":"","format":"standard","meta":{"footnotes":""},"categories":[28],"tags":[],"class_list":["post-4715","post","type-post","status-publish","format-standard","has-post-thumbnail","hentry","category-novice"],"yoast_head":"<!-- This site is optimized with the Yoast SEO plugin v19.11 - https:\/\/yoast.com\/wordpress\/plugins\/seo\/ -->\n<title>Zaklju\u010dek bralne zna\u010dke - P\u0160 Trstenik<\/title>\n<meta name=\"robots\" content=\"index, follow, max-snippet:-1, max-image-preview:large, max-video-preview:-1\" \/>\n<link rel=\"canonical\" href=\"https:\/\/www.osjenka.si\/ps-trstenik\/2025\/06\/19\/zakljucek-bralne-znacke\/\" \/>\n<meta property=\"og:locale\" content=\"sl_SI\" \/>\n<meta property=\"og:type\" content=\"article\" \/>\n<meta property=\"og:title\" content=\"Zaklju\u010dek bralne zna\u010dke - P\u0160 Trstenik\" \/>\n<meta property=\"og:description\" content=\"v petek, 6. 6., smo se odpravili na podru\u017eni\u010dno \u0161olo Gori\u010de, kjer smo se udele\u017eili zaklju\u010dne prireditve. Prireditev je bila namenjena vsem u\u010dencem, ki so med \u0161olskim letom pridno brali knjige ter opravili bralno zna\u010dko. Obiskal nas je pisatelj \u017diga Gomba\u010d, ki je popestril prireditev s pripovedjo svojih zgodb. Namre\u010d, imel je kar precej te\u017eav, da je pri\u0161el do podru\u017eni\u010dne \u0161ole, saj so ga na poti vsaj trikrat ustavili neustra\u0161ni vitezi ter od njega zahtevali, da, \u010de \u017eeli nadaljevati pot naprej proti Gori\u010dam, jim mora povedati kak\u0161no zgodbo. Konec koncev, tudi neustra\u0161ni vitezi obo\u017eujejo knjige in zgodbe, njegove zgodbe pa so [&hellip;]\" \/>\n<meta property=\"og:url\" content=\"https:\/\/www.osjenka.si\/ps-trstenik\/2025\/06\/19\/zakljucek-bralne-znacke\/\" \/>\n<meta property=\"og:site_name\" content=\"P\u0160 Trstenik\" \/>\n<meta property=\"article:published_time\" content=\"2025-06-19T10:13:38+00:00\" \/>\n<meta property=\"og:image\" content=\"https:\/\/www.osjenka.si\/ps-trstenik\/wp-content\/uploads\/sites\/3\/2025\/06\/1000000805.jpg\" \/>\n\t<meta property=\"og:image:width\" content=\"1920\" \/>\n\t<meta property=\"og:image:height\" content=\"864\" \/>\n\t<meta property=\"og:image:type\" content=\"image\/jpeg\" \/>\n<meta name=\"author\" content=\"marijanca\" \/>\n<meta name=\"twitter:card\" content=\"summary_large_image\" \/>\n<meta name=\"twitter:label1\" content=\"Written by\" \/>\n\t<meta name=\"twitter:data1\" content=\"marijanca\" \/>\n\t<meta name=\"twitter:label2\" content=\"Est. reading time\" \/>\n\t<meta name=\"twitter:data2\" content=\"2 minuti\" \/>\n<script type=\"application\/ld+json\" class=\"yoast-schema-graph\">{\"@context\":\"https:\/\/schema.org\",\"@graph\":[{\"@type\":\"WebPage\",\"@id\":\"https:\/\/www.osjenka.si\/ps-trstenik\/2025\/06\/19\/zakljucek-bralne-znacke\/\",\"url\":\"https:\/\/www.osjenka.si\/ps-trstenik\/2025\/06\/19\/zakljucek-bralne-znacke\/\",\"name\":\"Zaklju\u010dek bralne zna\u010dke - P\u0160 Trstenik\",\"isPartOf\":{\"@id\":\"https:\/\/www.osjenka.si\/ps-trstenik\/#website\"},\"datePublished\":\"2025-06-19T10:13:38+00:00\",\"dateModified\":\"2025-06-19T10:13:38+00:00\",\"author\":{\"@id\":\"https:\/\/www.osjenka.si\/ps-trstenik\/#\/schema\/person\/e994953e80ee06b3734632ceb1a36cbc\"},\"breadcrumb\":{\"@id\":\"https:\/\/www.osjenka.si\/ps-trstenik\/2025\/06\/19\/zakljucek-bralne-znacke\/#breadcrumb\"},\"inLanguage\":\"sl-SI\",\"potentialAction\":[{\"@type\":\"ReadAction\",\"target\":[\"https:\/\/www.osjenka.si\/ps-trstenik\/2025\/06\/19\/zakljucek-bralne-znacke\/\"]}]},{\"@type\":\"BreadcrumbList\",\"@id\":\"https:\/\/www.osjenka.si\/ps-trstenik\/2025\/06\/19\/zakljucek-bralne-znacke\/#breadcrumb\",\"itemListElement\":[{\"@type\":\"ListItem\",\"position\":1,\"name\":\"Home\",\"item\":\"https:\/\/www.osjenka.si\/ps-trstenik\/\"},{\"@type\":\"ListItem\",\"position\":2,\"name\":\"Zaklju\u010dek bralne zna\u010dke\"}]},{\"@type\":\"WebSite\",\"@id\":\"https:\/\/www.osjenka.si\/ps-trstenik\/#website\",\"url\":\"https:\/\/www.osjenka.si\/ps-trstenik\/\",\"name\":\"P\u0160 Trstenik\",\"description\":\"\",\"potentialAction\":[{\"@type\":\"SearchAction\",\"target\":{\"@type\":\"EntryPoint\",\"urlTemplate\":\"https:\/\/www.osjenka.si\/ps-trstenik\/?s={search_term_string}\"},\"query-input\":\"required name=search_term_string\"}],\"inLanguage\":\"sl-SI\"},{\"@type\":\"Person\",\"@id\":\"https:\/\/www.osjenka.si\/ps-trstenik\/#\/schema\/person\/e994953e80ee06b3734632ceb1a36cbc\",\"name\":\"marijanca\",\"image\":{\"@type\":\"ImageObject\",\"inLanguage\":\"sl-SI\",\"@id\":\"https:\/\/www.osjenka.si\/ps-trstenik\/#\/schema\/person\/image\/\",\"url\":\"https:\/\/secure.gravatar.com\/avatar\/dbce7ac167ee71177f370bf0bb0bba3702fec9264452e7366493259d6187ae79?s=96&d=mm&r=g\",\"contentUrl\":\"https:\/\/secure.gravatar.com\/avatar\/dbce7ac167ee71177f370bf0bb0bba3702fec9264452e7366493259d6187ae79?s=96&d=mm&r=g\",\"caption\":\"marijanca\"},\"url\":\"https:\/\/www.osjenka.si\/ps-trstenik\/author\/marijanca\/\"}]}<\/script>\n<!-- \/ Yoast SEO plugin. -->","yoast_head_json":{"title":"Zaklju\u010dek bralne zna\u010dke - P\u0160 Trstenik","robots":{"index":"index","follow":"follow","max-snippet":"max-snippet:-1","max-image-preview":"max-image-preview:large","max-video-preview":"max-video-preview:-1"},"canonical":"https:\/\/www.osjenka.si\/ps-trstenik\/2025\/06\/19\/zakljucek-bralne-znacke\/","og_locale":"sl_SI","og_type":"article","og_title":"Zaklju\u010dek bralne zna\u010dke - P\u0160 Trstenik","og_description":"v petek, 6. 6., smo se odpravili na podru\u017eni\u010dno \u0161olo Gori\u010de, kjer smo se udele\u017eili zaklju\u010dne prireditve. Prireditev je bila namenjena vsem u\u010dencem, ki so med \u0161olskim letom pridno brali knjige ter opravili bralno zna\u010dko. Obiskal nas je pisatelj \u017diga Gomba\u010d, ki je popestril prireditev s pripovedjo svojih zgodb. Namre\u010d, imel je kar precej te\u017eav, da je pri\u0161el do podru\u017eni\u010dne \u0161ole, saj so ga na poti vsaj trikrat ustavili neustra\u0161ni vitezi ter od njega zahtevali, da, \u010de \u017eeli nadaljevati pot naprej proti Gori\u010dam, jim mora povedati kak\u0161no zgodbo. Konec koncev, tudi neustra\u0161ni vitezi obo\u017eujejo knjige in zgodbe, njegove zgodbe pa so [&hellip;]","og_url":"https:\/\/www.osjenka.si\/ps-trstenik\/2025\/06\/19\/zakljucek-bralne-znacke\/","og_site_name":"P\u0160 Trstenik","article_published_time":"2025-06-19T10:13:38+00:00","og_image":[{"width":1920,"height":864,"url":"https:\/\/www.osjenka.si\/ps-trstenik\/wp-content\/uploads\/sites\/3\/2025\/06\/1000000805.jpg","type":"image\/jpeg"}],"author":"marijanca","twitter_card":"summary_large_image","twitter_misc":{"Written by":"marijanca","Est. reading time":"2 minuti"},"schema":{"@context":"https:\/\/schema.org","@graph":[{"@type":"WebPage","@id":"https:\/\/www.osjenka.si\/ps-trstenik\/2025\/06\/19\/zakljucek-bralne-znacke\/","url":"https:\/\/www.osjenka.si\/ps-trstenik\/2025\/06\/19\/zakljucek-bralne-znacke\/","name":"Zaklju\u010dek bralne zna\u010dke - P\u0160 Trstenik","isPartOf":{"@id":"https:\/\/www.osjenka.si\/ps-trstenik\/#website"},"datePublished":"2025-06-19T10:13:38+00:00","dateModified":"2025-06-19T10:13:38+00:00","author":{"@id":"https:\/\/www.osjenka.si\/ps-trstenik\/#\/schema\/person\/e994953e80ee06b3734632ceb1a36cbc"},"breadcrumb":{"@id":"https:\/\/www.osjenka.si\/ps-trstenik\/2025\/06\/19\/zakljucek-bralne-znacke\/#breadcrumb"},"inLanguage":"sl-SI","potentialAction":[{"@type":"ReadAction","target":["https:\/\/www.osjenka.si\/ps-trstenik\/2025\/06\/19\/zakljucek-bralne-znacke\/"]}]},{"@type":"BreadcrumbList","@id":"https:\/\/www.osjenka.si\/ps-trstenik\/2025\/06\/19\/zakljucek-bralne-znacke\/#breadcrumb","itemListElement":[{"@type":"ListItem","position":1,"name":"Home","item":"https:\/\/www.osjenka.si\/ps-trstenik\/"},{"@type":"ListItem","position":2,"name":"Zaklju\u010dek bralne zna\u010dke"}]},{"@type":"WebSite","@id":"https:\/\/www.osjenka.si\/ps-trstenik\/#website","url":"https:\/\/www.osjenka.si\/ps-trstenik\/","name":"P\u0160 Trstenik","description":"","potentialAction":[{"@type":"SearchAction","target":{"@type":"EntryPoint","urlTemplate":"https:\/\/www.osjenka.si\/ps-trstenik\/?s={search_term_string}"},"query-input":"required name=search_term_string"}],"inLanguage":"sl-SI"},{"@type":"Person","@id":"https:\/\/www.osjenka.si\/ps-trstenik\/#\/schema\/person\/e994953e80ee06b3734632ceb1a36cbc","name":"marijanca","image":{"@type":"ImageObject","inLanguage":"sl-SI","@id":"https:\/\/www.osjenka.si\/ps-trstenik\/#\/schema\/person\/image\/","url":"https:\/\/secure.gravatar.com\/avatar\/dbce7ac167ee71177f370bf0bb0bba3702fec9264452e7366493259d6187ae79?s=96&d=mm&r=g","contentUrl":"https:\/\/secure.gravatar.com\/avatar\/dbce7ac167ee71177f370bf0bb0bba3702fec9264452e7366493259d6187ae79?s=96&d=mm&r=g","caption":"marijanca"},"url":"https:\/\/www.osjenka.si\/ps-trstenik\/author\/marijanca\/"}]}},"_links":{"self":[{"href":"https:\/\/www.osjenka.si\/ps-trstenik\/wp-json\/wp\/v2\/posts\/4715","targetHints":{"allow":["GET"]}}],"collection":[{"href":"https:\/\/www.osjenka.si\/ps-trstenik\/wp-json\/wp\/v2\/posts"}],"about":[{"href":"https:\/\/www.osjenka.si\/ps-trstenik\/wp-json\/wp\/v2\/types\/post"}],"author":[{"embeddable":true,"href":"https:\/\/www.osjenka.si\/ps-trstenik\/wp-json\/wp\/v2\/users\/6"}],"replies":[{"embeddable":true,"href":"https:\/\/www.osjenka.si\/ps-trstenik\/wp-json\/wp\/v2\/comments?post=4715"}],"version-history":[{"count":1,"href":"https:\/\/www.osjenka.si\/ps-trstenik\/wp-json\/wp\/v2\/posts\/4715\/revisions"}],"predecessor-version":[{"id":4719,"href":"https:\/\/www.osjenka.si\/ps-trstenik\/wp-json\/wp\/v2\/posts\/4715\/revisions\/4719"}],"wp:featuredmedia":[{"embeddable":true,"href":"https:\/\/www.osjenka.si\/ps-trstenik\/wp-json\/wp\/v2\/media\/4716"}],"wp:attachment":[{"href":"https:\/\/www.osjenka.si\/ps-trstenik\/wp-json\/wp\/v2\/media?parent=4715"}],"wp:term":[{"taxonomy":"category","embeddable":true,"href":"https:\/\/www.osjenka.si\/ps-trstenik\/wp-json\/wp\/v2\/categories?post=4715"},{"taxonomy":"post_tag","embeddable":true,"href":"https:\/\/www.osjenka.si\/ps-trstenik\/wp-json\/wp\/v2\/tags?post=4715"}],"curies":[{"name":"wp","href":"https:\/\/api.w.org\/{rel}","templated":true}]}}