{"id":2714,"date":"2023-02-06T19:14:00","date_gmt":"2023-02-06T18:14:00","guid":{"rendered":"https:\/\/www.osjenka.si\/vrtec\/?p=2714"},"modified":"2024-01-19T12:22:27","modified_gmt":"2024-01-19T11:22:27","slug":"nove-cene-vzgojno-varstvenih-programov-v-javnih-vrtcih","status":"publish","type":"post","link":"https:\/\/www.osjenka.si\/vrtec\/nove-cene-vzgojno-varstvenih-programov-v-javnih-vrtcih\/","title":{"rendered":"Nove cene vzgojno-varstvenih programov v javnih vrtcih."},"content":{"rendered":"<p>Od 4. 2. 2023 dalje so v MOK v veljavi nove cene vzgojno-varstvenih programov v javnih vrtcih. Sklep o spremembah Sklepa o dolo\u010ditvi cen vzgojno-varstvenih programov v javnih vrtcih na obmo\u010dju Mestne ob\u010dine Kranj je bil objavljen v Uradnem listu RS, \u0161t. 14\/23. Preberete ga lahko v povezavi.<\/p>\n<p><a href=\"https:\/\/www.osjenka.si\/vrtec\/wp-content\/uploads\/sites\/4\/2023\/02\/Sklep-o-spremembah-sklepa-o-dolocitvi-cen-vzgojnovarstvenih-programov-v-javnih-vrtcih-na-obmocju-Mestne-obcine-Kranj-14-23.pdf\">Sklep o spremembah sklepa o dolo\u010ditvi cen vzgojnovarstvenih programov v javnih vrtcih na obmo\u010dju Mestne ob\u010dine Kranj-14-23<\/a><\/p>\n","protected":false},"excerpt":{"rendered":"<p>Od 4. 2. 2023 dalje so v MOK v veljavi nove cene vzgojno-varstvenih programov v javnih vrtcih. Sklep o spremembah Sklepa o dolo\u010ditvi cen vzgojno-varstvenih programov v javnih vrtcih na obmo\u010dju Mestne ob\u010dine Kranj je bil objavljen v Uradnem listu RS, \u0161t. 14\/23. Preberete ga lahko v povezavi. Sklep o spremembah sklepa o dolo\u010ditvi cen vzgojnovarstvenih programov v javnih vrtcih na obmo\u010dju Mestne ob\u010dine Kranj-14-23<\/p>\n","protected":false},"author":3,"featured_media":0,"comment_status":"open","ping_status":"open","sticky":false,"template":"","format":"standard","meta":{"footnotes":""},"categories":[22],"tags":[],"class_list":["post-2714","post","type-post","status-publish","format-standard","hentry","category-obvestila"],"yoast_head":"<!-- This site is optimized with the Yoast SEO plugin v19.11 - https:\/\/yoast.com\/wordpress\/plugins\/seo\/ -->\n<title>Nove cene vzgojno-varstvenih programov v javnih vrtcih. - Vrtec<\/title>\n<meta name=\"robots\" content=\"index, follow, max-snippet:-1, max-image-preview:large, max-video-preview:-1\" \/>\n<link rel=\"canonical\" href=\"https:\/\/www.osjenka.si\/vrtec\/nove-cene-vzgojno-varstvenih-programov-v-javnih-vrtcih\/\" \/>\n<meta property=\"og:locale\" content=\"sl_SI\" \/>\n<meta property=\"og:type\" content=\"article\" \/>\n<meta property=\"og:title\" content=\"Nove cene vzgojno-varstvenih programov v javnih vrtcih. - Vrtec\" \/>\n<meta property=\"og:description\" content=\"Od 4. 2. 2023 dalje so v MOK v veljavi nove cene vzgojno-varstvenih programov v javnih vrtcih. Sklep o spremembah Sklepa o dolo\u010ditvi cen vzgojno-varstvenih programov v javnih vrtcih na obmo\u010dju Mestne ob\u010dine Kranj je bil objavljen v Uradnem listu RS, \u0161t. 14\/23. Preberete ga lahko v povezavi. Sklep o spremembah sklepa o dolo\u010ditvi cen vzgojnovarstvenih programov v javnih vrtcih na obmo\u010dju Mestne ob\u010dine Kranj-14-23\" \/>\n<meta property=\"og:url\" content=\"https:\/\/www.osjenka.si\/vrtec\/nove-cene-vzgojno-varstvenih-programov-v-javnih-vrtcih\/\" \/>\n<meta property=\"og:site_name\" content=\"Vrtec\" \/>\n<meta property=\"article:published_time\" content=\"2023-02-06T18:14:00+00:00\" \/>\n<meta property=\"article:modified_time\" content=\"2024-01-19T11:22:27+00:00\" \/>\n<meta name=\"author\" content=\"Luka\" \/>\n<meta name=\"twitter:card\" content=\"summary_large_image\" \/>\n<meta name=\"twitter:label1\" content=\"Written by\" \/>\n\t<meta name=\"twitter:data1\" content=\"Luka\" \/>\n\t<meta name=\"twitter:label2\" content=\"Est. reading time\" \/>\n\t<meta name=\"twitter:data2\" content=\"1 minuta\" \/>\n<script type=\"application\/ld+json\" class=\"yoast-schema-graph\">{\"@context\":\"https:\/\/schema.org\",\"@graph\":[{\"@type\":\"WebPage\",\"@id\":\"https:\/\/www.osjenka.si\/vrtec\/nove-cene-vzgojno-varstvenih-programov-v-javnih-vrtcih\/\",\"url\":\"https:\/\/www.osjenka.si\/vrtec\/nove-cene-vzgojno-varstvenih-programov-v-javnih-vrtcih\/\",\"name\":\"Nove cene vzgojno-varstvenih programov v javnih vrtcih. - Vrtec\",\"isPartOf\":{\"@id\":\"https:\/\/www.osjenka.si\/vrtec\/#website\"},\"datePublished\":\"2023-02-06T18:14:00+00:00\",\"dateModified\":\"2024-01-19T11:22:27+00:00\",\"author\":{\"@id\":\"https:\/\/www.osjenka.si\/vrtec\/#\/schema\/person\/b6542b6e183c03f8906a415c43432da9\"},\"breadcrumb\":{\"@id\":\"https:\/\/www.osjenka.si\/vrtec\/nove-cene-vzgojno-varstvenih-programov-v-javnih-vrtcih\/#breadcrumb\"},\"inLanguage\":\"sl-SI\",\"potentialAction\":[{\"@type\":\"ReadAction\",\"target\":[\"https:\/\/www.osjenka.si\/vrtec\/nove-cene-vzgojno-varstvenih-programov-v-javnih-vrtcih\/\"]}]},{\"@type\":\"BreadcrumbList\",\"@id\":\"https:\/\/www.osjenka.si\/vrtec\/nove-cene-vzgojno-varstvenih-programov-v-javnih-vrtcih\/#breadcrumb\",\"itemListElement\":[{\"@type\":\"ListItem\",\"position\":1,\"name\":\"Home\",\"item\":\"https:\/\/www.osjenka.si\/vrtec\/\"},{\"@type\":\"ListItem\",\"position\":2,\"name\":\"Nove cene vzgojno-varstvenih programov v javnih vrtcih.\"}]},{\"@type\":\"WebSite\",\"@id\":\"https:\/\/www.osjenka.si\/vrtec\/#website\",\"url\":\"https:\/\/www.osjenka.si\/vrtec\/\",\"name\":\"Vrtec\",\"description\":\"\",\"potentialAction\":[{\"@type\":\"SearchAction\",\"target\":{\"@type\":\"EntryPoint\",\"urlTemplate\":\"https:\/\/www.osjenka.si\/vrtec\/?s={search_term_string}\"},\"query-input\":\"required name=search_term_string\"}],\"inLanguage\":\"sl-SI\"},{\"@type\":\"Person\",\"@id\":\"https:\/\/www.osjenka.si\/vrtec\/#\/schema\/person\/b6542b6e183c03f8906a415c43432da9\",\"name\":\"Luka\",\"image\":{\"@type\":\"ImageObject\",\"inLanguage\":\"sl-SI\",\"@id\":\"https:\/\/www.osjenka.si\/vrtec\/#\/schema\/person\/image\/\",\"url\":\"https:\/\/secure.gravatar.com\/avatar\/429535d51049bef9f5567dde79971d21f02d3c199dfc006b90541b1b6c4e9fd3?s=96&d=mm&r=g\",\"contentUrl\":\"https:\/\/secure.gravatar.com\/avatar\/429535d51049bef9f5567dde79971d21f02d3c199dfc006b90541b1b6c4e9fd3?s=96&d=mm&r=g\",\"caption\":\"Luka\"},\"url\":\"https:\/\/www.osjenka.si\/vrtec\/author\/luka\/\"}]}<\/script>\n<!-- \/ Yoast SEO plugin. -->","yoast_head_json":{"title":"Nove cene vzgojno-varstvenih programov v javnih vrtcih. - Vrtec","robots":{"index":"index","follow":"follow","max-snippet":"max-snippet:-1","max-image-preview":"max-image-preview:large","max-video-preview":"max-video-preview:-1"},"canonical":"https:\/\/www.osjenka.si\/vrtec\/nove-cene-vzgojno-varstvenih-programov-v-javnih-vrtcih\/","og_locale":"sl_SI","og_type":"article","og_title":"Nove cene vzgojno-varstvenih programov v javnih vrtcih. - Vrtec","og_description":"Od 4. 2. 2023 dalje so v MOK v veljavi nove cene vzgojno-varstvenih programov v javnih vrtcih. Sklep o spremembah Sklepa o dolo\u010ditvi cen vzgojno-varstvenih programov v javnih vrtcih na obmo\u010dju Mestne ob\u010dine Kranj je bil objavljen v Uradnem listu RS, \u0161t. 14\/23. Preberete ga lahko v povezavi. Sklep o spremembah sklepa o dolo\u010ditvi cen vzgojnovarstvenih programov v javnih vrtcih na obmo\u010dju Mestne ob\u010dine Kranj-14-23","og_url":"https:\/\/www.osjenka.si\/vrtec\/nove-cene-vzgojno-varstvenih-programov-v-javnih-vrtcih\/","og_site_name":"Vrtec","article_published_time":"2023-02-06T18:14:00+00:00","article_modified_time":"2024-01-19T11:22:27+00:00","author":"Luka","twitter_card":"summary_large_image","twitter_misc":{"Written by":"Luka","Est. reading time":"1 minuta"},"schema":{"@context":"https:\/\/schema.org","@graph":[{"@type":"WebPage","@id":"https:\/\/www.osjenka.si\/vrtec\/nove-cene-vzgojno-varstvenih-programov-v-javnih-vrtcih\/","url":"https:\/\/www.osjenka.si\/vrtec\/nove-cene-vzgojno-varstvenih-programov-v-javnih-vrtcih\/","name":"Nove cene vzgojno-varstvenih programov v javnih vrtcih. - Vrtec","isPartOf":{"@id":"https:\/\/www.osjenka.si\/vrtec\/#website"},"datePublished":"2023-02-06T18:14:00+00:00","dateModified":"2024-01-19T11:22:27+00:00","author":{"@id":"https:\/\/www.osjenka.si\/vrtec\/#\/schema\/person\/b6542b6e183c03f8906a415c43432da9"},"breadcrumb":{"@id":"https:\/\/www.osjenka.si\/vrtec\/nove-cene-vzgojno-varstvenih-programov-v-javnih-vrtcih\/#breadcrumb"},"inLanguage":"sl-SI","potentialAction":[{"@type":"ReadAction","target":["https:\/\/www.osjenka.si\/vrtec\/nove-cene-vzgojno-varstvenih-programov-v-javnih-vrtcih\/"]}]},{"@type":"BreadcrumbList","@id":"https:\/\/www.osjenka.si\/vrtec\/nove-cene-vzgojno-varstvenih-programov-v-javnih-vrtcih\/#breadcrumb","itemListElement":[{"@type":"ListItem","position":1,"name":"Home","item":"https:\/\/www.osjenka.si\/vrtec\/"},{"@type":"ListItem","position":2,"name":"Nove cene vzgojno-varstvenih programov v javnih vrtcih."}]},{"@type":"WebSite","@id":"https:\/\/www.osjenka.si\/vrtec\/#website","url":"https:\/\/www.osjenka.si\/vrtec\/","name":"Vrtec","description":"","potentialAction":[{"@type":"SearchAction","target":{"@type":"EntryPoint","urlTemplate":"https:\/\/www.osjenka.si\/vrtec\/?s={search_term_string}"},"query-input":"required name=search_term_string"}],"inLanguage":"sl-SI"},{"@type":"Person","@id":"https:\/\/www.osjenka.si\/vrtec\/#\/schema\/person\/b6542b6e183c03f8906a415c43432da9","name":"Luka","image":{"@type":"ImageObject","inLanguage":"sl-SI","@id":"https:\/\/www.osjenka.si\/vrtec\/#\/schema\/person\/image\/","url":"https:\/\/secure.gravatar.com\/avatar\/429535d51049bef9f5567dde79971d21f02d3c199dfc006b90541b1b6c4e9fd3?s=96&d=mm&r=g","contentUrl":"https:\/\/secure.gravatar.com\/avatar\/429535d51049bef9f5567dde79971d21f02d3c199dfc006b90541b1b6c4e9fd3?s=96&d=mm&r=g","caption":"Luka"},"url":"https:\/\/www.osjenka.si\/vrtec\/author\/luka\/"}]}},"_links":{"self":[{"href":"https:\/\/www.osjenka.si\/vrtec\/wp-json\/wp\/v2\/posts\/2714","targetHints":{"allow":["GET"]}}],"collection":[{"href":"https:\/\/www.osjenka.si\/vrtec\/wp-json\/wp\/v2\/posts"}],"about":[{"href":"https:\/\/www.osjenka.si\/vrtec\/wp-json\/wp\/v2\/types\/post"}],"author":[{"embeddable":true,"href":"https:\/\/www.osjenka.si\/vrtec\/wp-json\/wp\/v2\/users\/3"}],"replies":[{"embeddable":true,"href":"https:\/\/www.osjenka.si\/vrtec\/wp-json\/wp\/v2\/comments?post=2714"}],"version-history":[{"count":1,"href":"https:\/\/www.osjenka.si\/vrtec\/wp-json\/wp\/v2\/posts\/2714\/revisions"}],"predecessor-version":[{"id":2716,"href":"https:\/\/www.osjenka.si\/vrtec\/wp-json\/wp\/v2\/posts\/2714\/revisions\/2716"}],"wp:attachment":[{"href":"https:\/\/www.osjenka.si\/vrtec\/wp-json\/wp\/v2\/media?parent=2714"}],"wp:term":[{"taxonomy":"category","embeddable":true,"href":"https:\/\/www.osjenka.si\/vrtec\/wp-json\/wp\/v2\/categories?post=2714"},{"taxonomy":"post_tag","embeddable":true,"href":"https:\/\/www.osjenka.si\/vrtec\/wp-json\/wp\/v2\/tags?post=2714"}],"curies":[{"name":"wp","href":"https:\/\/api.w.org\/{rel}","templated":true}]}}