{"id":2960,"date":"2026-02-26T11:22:31","date_gmt":"2026-02-26T10:22:31","guid":{"rendered":"https:\/\/www.osjenka.si\/vrtec\/?p=2960"},"modified":"2026-03-12T10:52:10","modified_gmt":"2026-03-12T09:52:10","slug":"vpis-otrok-v-vrtec-2026-27","status":"publish","type":"post","link":"https:\/\/www.osjenka.si\/vrtec\/vpis-otrok-v-vrtec-2026-27\/","title":{"rendered":"Vpis otrok v vrtec 2026\/27"},"content":{"rendered":"<div class=\"fusion-fullwidth fullwidth-box fusion-builder-row-1 fusion-flex-container has-pattern-background has-mask-background nonhundred-percent-fullwidth non-hundred-percent-height-scrolling\" style=\"background-color: rgba(255,255,255,0);background-position: center center;background-repeat: no-repeat;border-width: 0px 0px 0px 0px;border-color:var(--awb-color3);border-style:solid;\" ><div class=\"fusion-builder-row fusion-row fusion-flex-align-items-flex-start\" style=\"max-width:1331.2px;margin-left: calc(-4% \/ 2 );margin-right: calc(-4% \/ 2 );\"><div class=\"fusion-layout-column fusion_builder_column fusion-builder-column-0 fusion_builder_column_1_1 1_1 fusion-flex-column\"><div class=\"fusion-column-wrapper fusion-flex-justify-content-flex-start fusion-content-layout-column\" style=\"background-position:left top;background-repeat:no-repeat;-webkit-background-size:cover;-moz-background-size:cover;-o-background-size:cover;background-size:cover;padding: 0px 0px 0px 0px;\"><div class=\"fusion-text fusion-text-1\"><p><strong>VPISU OTROK V VRTEC ZA \u0160OL. L. 2026\/27<\/strong><\/p>\n<p>Spo\u0161tovani star\u0161i,<\/p>\n<p>obve\u0161\u010damo vas, da bo vpis pred\u0161olskih otrok v javne vrtce in vrtce s koncesijo za \u0161olsko leto 2026\/27 na obmo\u010dju Mestne ob\u010dine Kranj potekal v \u010dasu<br \/>\nod 2. 3. 2026 do 11. 3. 2026.<\/p>\n<p>Podatki za vpis v vrtec so objavljeni na spletnih straneh posameznih vrtcev.<\/p>\n<p>Vlogo za vpis v vrtec dobite v skupini, na spletni strani Mestne ob\u010dine Kranj ter na spletni strani vrtca.<\/p>\n<p><a href=\"https:\/\/www.osjenka.si\/vrtec\/wp-content\/uploads\/sites\/4\/2026\/02\/Vloga-vpis-otroka-2026-2027-po-rednem-vpisu.pdf\">Vloga za vpis otroka v vrtec za 2026\/27, oddana po 12. 3. 2026<\/a><\/p>\n<p><a href=\"https:\/\/www.osjenka.si\/vrtec\/wp-content\/uploads\/sites\/4\/2026\/02\/Stevilo-predvidenih-prostih-mest-starsi-2026-2027-1.pdf\" target=\"_blank\" rel=\"noopener\">\u0160tevilo predvidenih prostih mest-star\u0161i- 2026-2027<\/a><\/p>\n<p><a href=\"https:\/\/www.osjenka.si\/vrtec\/wp-content\/uploads\/sites\/4\/2026\/02\/obvestilo-o-vpisu-novincev-solsko-leto-2026-2027-1.pdf\" target=\"_blank\" rel=\"noopener\">Obvestilo o vpisu novincev &#8211; \u0161olsko leto 2026-2027<\/a><\/p>\n<\/div><\/div><style type=\"text\/css\">.fusion-body .fusion-builder-column-0{width:100% !important;margin-top : 10px;margin-bottom : 10px;}.fusion-builder-column-0 > .fusion-column-wrapper {padding-top : 0px !important;padding-right : 0px !important;margin-right : 1.92%;padding-bottom : 0px !important;padding-left : 0px !important;margin-left : 1.92%;}@media only screen and (max-width:1024px) {.fusion-body .fusion-builder-column-0{width:100% !important;order : 0;}.fusion-builder-column-0 > .fusion-column-wrapper {margin-right : 1.92%;margin-left : 1.92%;}}@media only screen and (max-width:640px) {.fusion-body .fusion-builder-column-0{width:100% !important;order : 0;}.fusion-builder-column-0 > .fusion-column-wrapper {margin-right : 1.92%;margin-left : 1.92%;}}<\/style><\/div><\/div><style type=\"text\/css\">.fusion-body .fusion-flex-container.fusion-builder-row-1{ padding-top : 0px;margin-top : 0px;padding-right : 0px;padding-bottom : 0px;margin-bottom : 0px;padding-left : 0px;}<\/style><\/div>\n","protected":false},"excerpt":{"rendered":"","protected":false},"author":11,"featured_media":0,"comment_status":"open","ping_status":"open","sticky":false,"template":"","format":"standard","meta":{"footnotes":""},"categories":[23,22],"tags":[],"class_list":["post-2960","post","type-post","status-publish","format-standard","hentry","category-dogodki","category-obvestila"],"yoast_head":"<!-- This site is optimized with the Yoast SEO plugin v19.11 - https:\/\/yoast.com\/wordpress\/plugins\/seo\/ -->\n<title>Vpis otrok v vrtec 2026\/27 - Vrtec<\/title>\n<meta name=\"robots\" content=\"index, follow, max-snippet:-1, max-image-preview:large, max-video-preview:-1\" \/>\n<link rel=\"canonical\" href=\"https:\/\/www.osjenka.si\/vrtec\/vpis-otrok-v-vrtec-2026-27\/\" \/>\n<meta property=\"og:locale\" content=\"sl_SI\" \/>\n<meta property=\"og:type\" content=\"article\" \/>\n<meta property=\"og:title\" content=\"Vpis otrok v vrtec 2026\/27 - Vrtec\" \/>\n<meta property=\"og:url\" content=\"https:\/\/www.osjenka.si\/vrtec\/vpis-otrok-v-vrtec-2026-27\/\" \/>\n<meta property=\"og:site_name\" content=\"Vrtec\" \/>\n<meta property=\"article:published_time\" content=\"2026-02-26T10:22:31+00:00\" \/>\n<meta property=\"article:modified_time\" content=\"2026-03-12T09:52:10+00:00\" \/>\n<meta name=\"author\" content=\"andrejr\" \/>\n<meta name=\"twitter:card\" content=\"summary_large_image\" \/>\n<meta name=\"twitter:label1\" content=\"Written by\" \/>\n\t<meta name=\"twitter:data1\" content=\"andrejr\" \/>\n\t<meta name=\"twitter:label2\" content=\"Est. reading time\" \/>\n\t<meta name=\"twitter:data2\" content=\"3 minute\" \/>\n<script type=\"application\/ld+json\" class=\"yoast-schema-graph\">{\"@context\":\"https:\/\/schema.org\",\"@graph\":[{\"@type\":\"WebPage\",\"@id\":\"https:\/\/www.osjenka.si\/vrtec\/vpis-otrok-v-vrtec-2026-27\/\",\"url\":\"https:\/\/www.osjenka.si\/vrtec\/vpis-otrok-v-vrtec-2026-27\/\",\"name\":\"Vpis otrok v vrtec 2026\/27 - Vrtec\",\"isPartOf\":{\"@id\":\"https:\/\/www.osjenka.si\/vrtec\/#website\"},\"datePublished\":\"2026-02-26T10:22:31+00:00\",\"dateModified\":\"2026-03-12T09:52:10+00:00\",\"author\":{\"@id\":\"https:\/\/www.osjenka.si\/vrtec\/#\/schema\/person\/0ab262d328dbb26827c56378c5b49394\"},\"breadcrumb\":{\"@id\":\"https:\/\/www.osjenka.si\/vrtec\/vpis-otrok-v-vrtec-2026-27\/#breadcrumb\"},\"inLanguage\":\"sl-SI\",\"potentialAction\":[{\"@type\":\"ReadAction\",\"target\":[\"https:\/\/www.osjenka.si\/vrtec\/vpis-otrok-v-vrtec-2026-27\/\"]}]},{\"@type\":\"BreadcrumbList\",\"@id\":\"https:\/\/www.osjenka.si\/vrtec\/vpis-otrok-v-vrtec-2026-27\/#breadcrumb\",\"itemListElement\":[{\"@type\":\"ListItem\",\"position\":1,\"name\":\"Home\",\"item\":\"https:\/\/www.osjenka.si\/vrtec\/\"},{\"@type\":\"ListItem\",\"position\":2,\"name\":\"Vpis otrok v vrtec 2026\/27\"}]},{\"@type\":\"WebSite\",\"@id\":\"https:\/\/www.osjenka.si\/vrtec\/#website\",\"url\":\"https:\/\/www.osjenka.si\/vrtec\/\",\"name\":\"Vrtec\",\"description\":\"\",\"potentialAction\":[{\"@type\":\"SearchAction\",\"target\":{\"@type\":\"EntryPoint\",\"urlTemplate\":\"https:\/\/www.osjenka.si\/vrtec\/?s={search_term_string}\"},\"query-input\":\"required name=search_term_string\"}],\"inLanguage\":\"sl-SI\"},{\"@type\":\"Person\",\"@id\":\"https:\/\/www.osjenka.si\/vrtec\/#\/schema\/person\/0ab262d328dbb26827c56378c5b49394\",\"name\":\"andrejr\",\"image\":{\"@type\":\"ImageObject\",\"inLanguage\":\"sl-SI\",\"@id\":\"https:\/\/www.osjenka.si\/vrtec\/#\/schema\/person\/image\/\",\"url\":\"https:\/\/secure.gravatar.com\/avatar\/ad10151312e2d1262ad717ebaa870689a45149ebc2ea56f8513a9c8e2797b996?s=96&d=mm&r=g\",\"contentUrl\":\"https:\/\/secure.gravatar.com\/avatar\/ad10151312e2d1262ad717ebaa870689a45149ebc2ea56f8513a9c8e2797b996?s=96&d=mm&r=g\",\"caption\":\"andrejr\"},\"url\":\"https:\/\/www.osjenka.si\/vrtec\/author\/andrejr\/\"}]}<\/script>\n<!-- \/ Yoast SEO plugin. -->","yoast_head_json":{"title":"Vpis otrok v vrtec 2026\/27 - Vrtec","robots":{"index":"index","follow":"follow","max-snippet":"max-snippet:-1","max-image-preview":"max-image-preview:large","max-video-preview":"max-video-preview:-1"},"canonical":"https:\/\/www.osjenka.si\/vrtec\/vpis-otrok-v-vrtec-2026-27\/","og_locale":"sl_SI","og_type":"article","og_title":"Vpis otrok v vrtec 2026\/27 - Vrtec","og_url":"https:\/\/www.osjenka.si\/vrtec\/vpis-otrok-v-vrtec-2026-27\/","og_site_name":"Vrtec","article_published_time":"2026-02-26T10:22:31+00:00","article_modified_time":"2026-03-12T09:52:10+00:00","author":"andrejr","twitter_card":"summary_large_image","twitter_misc":{"Written by":"andrejr","Est. reading time":"3 minute"},"schema":{"@context":"https:\/\/schema.org","@graph":[{"@type":"WebPage","@id":"https:\/\/www.osjenka.si\/vrtec\/vpis-otrok-v-vrtec-2026-27\/","url":"https:\/\/www.osjenka.si\/vrtec\/vpis-otrok-v-vrtec-2026-27\/","name":"Vpis otrok v vrtec 2026\/27 - Vrtec","isPartOf":{"@id":"https:\/\/www.osjenka.si\/vrtec\/#website"},"datePublished":"2026-02-26T10:22:31+00:00","dateModified":"2026-03-12T09:52:10+00:00","author":{"@id":"https:\/\/www.osjenka.si\/vrtec\/#\/schema\/person\/0ab262d328dbb26827c56378c5b49394"},"breadcrumb":{"@id":"https:\/\/www.osjenka.si\/vrtec\/vpis-otrok-v-vrtec-2026-27\/#breadcrumb"},"inLanguage":"sl-SI","potentialAction":[{"@type":"ReadAction","target":["https:\/\/www.osjenka.si\/vrtec\/vpis-otrok-v-vrtec-2026-27\/"]}]},{"@type":"BreadcrumbList","@id":"https:\/\/www.osjenka.si\/vrtec\/vpis-otrok-v-vrtec-2026-27\/#breadcrumb","itemListElement":[{"@type":"ListItem","position":1,"name":"Home","item":"https:\/\/www.osjenka.si\/vrtec\/"},{"@type":"ListItem","position":2,"name":"Vpis otrok v vrtec 2026\/27"}]},{"@type":"WebSite","@id":"https:\/\/www.osjenka.si\/vrtec\/#website","url":"https:\/\/www.osjenka.si\/vrtec\/","name":"Vrtec","description":"","potentialAction":[{"@type":"SearchAction","target":{"@type":"EntryPoint","urlTemplate":"https:\/\/www.osjenka.si\/vrtec\/?s={search_term_string}"},"query-input":"required name=search_term_string"}],"inLanguage":"sl-SI"},{"@type":"Person","@id":"https:\/\/www.osjenka.si\/vrtec\/#\/schema\/person\/0ab262d328dbb26827c56378c5b49394","name":"andrejr","image":{"@type":"ImageObject","inLanguage":"sl-SI","@id":"https:\/\/www.osjenka.si\/vrtec\/#\/schema\/person\/image\/","url":"https:\/\/secure.gravatar.com\/avatar\/ad10151312e2d1262ad717ebaa870689a45149ebc2ea56f8513a9c8e2797b996?s=96&d=mm&r=g","contentUrl":"https:\/\/secure.gravatar.com\/avatar\/ad10151312e2d1262ad717ebaa870689a45149ebc2ea56f8513a9c8e2797b996?s=96&d=mm&r=g","caption":"andrejr"},"url":"https:\/\/www.osjenka.si\/vrtec\/author\/andrejr\/"}]}},"_links":{"self":[{"href":"https:\/\/www.osjenka.si\/vrtec\/wp-json\/wp\/v2\/posts\/2960","targetHints":{"allow":["GET"]}}],"collection":[{"href":"https:\/\/www.osjenka.si\/vrtec\/wp-json\/wp\/v2\/posts"}],"about":[{"href":"https:\/\/www.osjenka.si\/vrtec\/wp-json\/wp\/v2\/types\/post"}],"author":[{"embeddable":true,"href":"https:\/\/www.osjenka.si\/vrtec\/wp-json\/wp\/v2\/users\/11"}],"replies":[{"embeddable":true,"href":"https:\/\/www.osjenka.si\/vrtec\/wp-json\/wp\/v2\/comments?post=2960"}],"version-history":[{"count":5,"href":"https:\/\/www.osjenka.si\/vrtec\/wp-json\/wp\/v2\/posts\/2960\/revisions"}],"predecessor-version":[{"id":2970,"href":"https:\/\/www.osjenka.si\/vrtec\/wp-json\/wp\/v2\/posts\/2960\/revisions\/2970"}],"wp:attachment":[{"href":"https:\/\/www.osjenka.si\/vrtec\/wp-json\/wp\/v2\/media?parent=2960"}],"wp:term":[{"taxonomy":"category","embeddable":true,"href":"https:\/\/www.osjenka.si\/vrtec\/wp-json\/wp\/v2\/categories?post=2960"},{"taxonomy":"post_tag","embeddable":true,"href":"https:\/\/www.osjenka.si\/vrtec\/wp-json\/wp\/v2\/tags?post=2960"}],"curies":[{"name":"wp","href":"https:\/\/api.w.org\/{rel}","templated":true}]}}